{"id":3460,"date":"2025-02-19T12:43:10","date_gmt":"2025-02-19T12:43:10","guid":{"rendered":"https:\/\/stourm.news\/?p=3460"},"modified":"2025-02-19T16:02:34","modified_gmt":"2025-02-19T16:02:34","slug":"labandon-de-lukraine-une-lecon-geopolitique-pour-les-independantistes-bretons","status":"publish","type":"post","link":"https:\/\/stourm.news\/?p=3460","title":{"rendered":"L&rsquo;abandon de l&rsquo;Ukraine : une le\u00e7on g\u00e9opolitique pour les ind\u00e9pendantistes bretons"},"content":{"rendered":"<p style=\"text-align: justify;\">La d\u00e9cision des \u00c9tats-Unis de r\u00e9duire significativement leur soutien \u00e0 l&rsquo;Ukraine marque un tournant de la g\u00e9opolitique mondiale, une action qui refl\u00e8te les principes de la Realpolitik, o\u00f9 les int\u00e9r\u00eats strat\u00e9giques des \u00e9tats dominent les relations internationales. Cette d\u00e9cision et les raisons qui la sous-tendent offrent des enseignements pr\u00e9cieux pour les nationalistes bretons dans leur qu\u00eate d&rsquo;autonomie ou d&rsquo;ind\u00e9pendance.<\/p>\n<p style=\"text-align: justify;\"><strong>Pourquoi les \u00c9tats-Unis Abandonneraient-ils l&rsquo;Ukraine ?<\/strong><\/p>\n<p style=\"text-align: justify;\">Le soutien \u00e0 l&rsquo;Ukraine a n\u00e9cessit\u00e9 un investissement cons\u00e9quent de la part des USA en termes de ressources financi\u00e8res, militaires et diplomatiques. Avec l&rsquo;inefficacit\u00e9 per\u00e7ue des sanctions contre la Russie et la prolongation du conflit, les \u00c9tats-Unis \u00e9valuent que les co\u00fbts d\u00e9passent d\u00e9sormais les b\u00e9n\u00e9fices strat\u00e9giques.<\/p>\n<p style=\"text-align: justify;\">La menace croissante de la Chine dans le Pacifique requiert une r\u00e9allocation des ressources am\u00e9ricaines. Les \u00c9tats-Unis doivent concentrer leurs forces l\u00e0 o\u00f9 leurs int\u00e9r\u00eats vitaux sont en jeu, ce qui, selon la Realpolitik, n&rsquo;est plus le cas en Ukraine avec la m\u00eame urgence. D&rsquo;ici 2030, la Chine fera jeu \u00e9gal au plan \u00e9conomique avec les USA, une r\u00e9alit\u00e9 qui se traduira t\u00f4t ou tard en termes militaires. La Chine, qui n&rsquo;a pas un vaste r\u00e9seau de bases mondial et d&rsquo;obligations vis-\u00e0-vis d&rsquo;alli\u00e9s, peut concentrer \u00e0 ses fronti\u00e8res une force militaire tr\u00e8s sup\u00e9rieure \u00e0 ce que les USA sont en mesure d&rsquo;assembler en cas d&rsquo;attaque contre des alli\u00e9s comme Taiwan, les Philippines ou le Japon. Les Am\u00e9ricains se d\u00e9sengagent d&rsquo;Europe pour y faire face.<\/p>\n<p><strong>Lassitude de la guerre<\/strong><\/p>\n<p style=\"text-align: justify;\">Face \u00e0 un conflit lointain contre une Russie qui n&rsquo;est plus per\u00e7ue comme r\u00e9ellement en mesure de d\u00e9fier l&rsquo;Am\u00e9rique, une fatigue palpable s&rsquo;est install\u00e9e aux \u00c9tats-Unis concernant l&rsquo;engagements militaire en Ukraine, surtout quand les r\u00e9sultats sont incertains. En cherchant \u00e0 \u00e9viter une escalade directe avec la Russie, les \u00c9tats-Unis optent pour une strat\u00e9gie de d\u00e9sengagement afin de maintenir un \u00e9quilibre global des puissances, \u00e9vitant ainsi un conflit potentiellement nucl\u00e9aire.<\/p>\n<p style=\"text-align: justify;\">Les d\u00e9clarations brutales de Donald Trump contre l&rsquo;Ukraine qui, comme vassal, a essentiellement suivi les ordres des USA pendant plus de 15 ans, d\u00e9montrent la froide r\u00e9alit\u00e9 des rapports entre \u00e9tats.<\/p>\n<blockquote class=\"twitter-tweet\">\n<p dir=\"ltr\" lang=\"fr\">\ud83d\udd34 \u00ab\u00a0Vous n&rsquo;auriez jamais d\u00fb la commencer\u00a0\u00bb : Trump sous-entend que l&rsquo;Ukraine a d\u00e9but\u00e9 la guerre contre la Russie<\/p>\n<p>\ud83d\udc49 Le pr\u00e9sident am\u00e9ricain s&rsquo;en est pris au pr\u00e9sident ukrainien, Volodymyr Zelensky, lui imputant le lancement du conflit avec Moscou et un manque de l\u00e9gitimit\u00e9. <a href=\"https:\/\/t.co\/jLn5eVXhw8\">pic.twitter.com\/jLn5eVXhw8<\/a><\/p>\n<p>\u2014 LCI (@LCI) <a href=\"https:\/\/twitter.com\/LCI\/status\/1892111409149833540?ref_src=twsrc%5Etfw\">February 19, 2025<\/a><\/p><\/blockquote>\n<p><script async src=\"https:\/\/platform.twitter.com\/widgets.js\" charset=\"utf-8\"><\/script><\/p>\n<p style=\"text-align: justify;\"><strong>Les le\u00e7ons pour les ind\u00e9pendantistes bretons<\/strong><\/p>\n<p style=\"text-align: justify;\">Les \u00c9tats-Unis ont montr\u00e9 que les alliances sont transitoires. L&rsquo;exp\u00e9rience ukrainienne prouve que d\u00e9pendre de l&rsquo;aide \u00e9trang\u00e8re est risqu\u00e9 et qu&rsquo;une d\u00e9pendance excessive peut pousser les dirigeants d&rsquo;un \u00e9tat \u00e0 faire des choix strat\u00e9giques erron\u00e9s en pr\u00eatant \u00e0 un alli\u00e9 des intentions qu&rsquo;il n&rsquo;a pas.<\/p>\n<p style=\"text-align: justify;\">La Bretagne qui aspire \u00e0 l&rsquo;ind\u00e9pendance doit viser une autosuffisance strat\u00e9gique, renfor\u00e7ant ses propres capacit\u00e9s de d\u00e9fense et \u00e9conomiques. Cela implique de cultiver en priorit\u00e9 les ressources morales et physiques du peuple breton. Les Bretons doivent aussi d\u00e9velopper des relations diplomatiques et \u00e9conomiques avec divers acteurs, en \u00e9vitant une d\u00e9pendance excessive envers un seul partenaire.<\/p>\n<p style=\"text-align: justify;\">Le retrait am\u00e9ricain d&rsquo;Ukraine (et demain d&rsquo;Europe) met en lumi\u00e8re les limites des institutions internationales comme l&rsquo;OTAN. Les Bretons doivent envisager des structures de s\u00e9curit\u00e9 autonomes, \u00e0 l&rsquo;instar de ce que propose le Parti National Breton avec une neutralit\u00e9 stricte que son environnement g\u00e9ographique lui permet de r\u00e9aliser.<\/p>\n<p style=\"text-align: justify;\">Si l&rsquo;Ukraine a r\u00e9sist\u00e9 si longtemps et a pour l&rsquo;heure r\u00e9ussi pr\u00e9server son \u00e9tat, c&rsquo;est gr\u00e2ce \u00e0 son identit\u00e9 nationale. La Bretagne doit continuer \u00e0 promouvoir et prot\u00e9ger sa langue, sa culture et ses traditions comme des fondements de sa r\u00e9sistance et de son identit\u00e9. Elle doit affirmer constamment sa nationalit\u00e9 et sa volont\u00e9 de se doter d&rsquo;un \u00e9tat ind\u00e9pendant sur cette base.<\/p>\n<p style=\"text-align: right;\"><strong>Ewen Broc&rsquo;han<\/strong><\/p>\n","protected":false},"excerpt":{"rendered":"<p>La d\u00e9cision des \u00c9tats-Unis de r\u00e9duire significativement leur soutien \u00e0 l&rsquo;Ukraine marque un tournant de la g\u00e9opolitique mondiale, une action qui refl\u00e8te les principes de la Realpolitik, o\u00f9 les int\u00e9r\u00eats strat\u00e9giques des \u00e9tats dominent les relations internationales. Cette d\u00e9cision et les raisons qui la sous-tendent offrent des enseignements pr\u00e9cieux pour les nationalistes bretons dans leur [&hellip;]<\/p>\n","protected":false},"author":1,"featured_media":3461,"comment_status":"open","ping_status":"open","sticky":false,"template":"","format":"standard","meta":{"sb_editor_width":"","footnotes":""},"categories":[63,66,65],"tags":[],"class_list":["post-3460","post","type-post","status-publish","format-standard","has-post-thumbnail","hentry","category-editorial","category-international","category-principale"],"relative_dates":{"created":"1 an ago","modified":"1 an ago"},"yoast_head":"<!-- This site is optimized with the Yoast SEO plugin v26.3 - https:\/\/yoast.com\/wordpress\/plugins\/seo\/ -->\n<title>L&#039;abandon de l&#039;Ukraine : une le\u00e7on g\u00e9opolitique pour les ind\u00e9pendantistes bretons - STOURM<\/title>\n<meta name=\"robots\" content=\"index, follow, max-snippet:-1, max-image-preview:large, max-video-preview:-1\" \/>\n<link rel=\"canonical\" href=\"https:\/\/stourm.news\/?p=3460\" \/>\n<meta property=\"og:locale\" content=\"fr_FR\" \/>\n<meta property=\"og:type\" content=\"article\" \/>\n<meta property=\"og:title\" content=\"L&#039;abandon de l&#039;Ukraine : une le\u00e7on g\u00e9opolitique pour les ind\u00e9pendantistes bretons - STOURM\" \/>\n<meta property=\"og:description\" content=\"La d\u00e9cision des \u00c9tats-Unis de r\u00e9duire significativement leur soutien \u00e0 l&rsquo;Ukraine marque un tournant de la g\u00e9opolitique mondiale, une action qui refl\u00e8te les principes de la Realpolitik, o\u00f9 les int\u00e9r\u00eats strat\u00e9giques des \u00e9tats dominent les relations internationales. Cette d\u00e9cision et les raisons qui la sous-tendent offrent des enseignements pr\u00e9cieux pour les nationalistes bretons dans leur [&hellip;]\" \/>\n<meta property=\"og:url\" content=\"https:\/\/stourm.news\/?p=3460\" \/>\n<meta property=\"og:site_name\" content=\"STOURM\" \/>\n<meta property=\"article:publisher\" content=\"https:\/\/www.facebook.com\/stourmnews\/\" \/>\n<meta property=\"article:published_time\" content=\"2025-02-19T12:43:10+00:00\" \/>\n<meta property=\"article:modified_time\" content=\"2025-02-19T16:02:34+00:00\" \/>\n<meta name=\"author\" content=\"La r\u00e9daction\" \/>\n<meta name=\"twitter:card\" content=\"summary_large_image\" \/>\n<meta name=\"twitter:label1\" content=\"\u00c9crit par\" \/>\n\t<meta name=\"twitter:data1\" content=\"La r\u00e9daction\" \/>\n\t<meta name=\"twitter:label2\" content=\"Dur\u00e9e de lecture estim\u00e9e\" \/>\n\t<meta name=\"twitter:data2\" content=\"4 minutes\" \/>\n<script type=\"application\/ld+json\" class=\"yoast-schema-graph\">{\"@context\":\"https:\/\/schema.org\",\"@graph\":[{\"@type\":\"Article\",\"@id\":\"https:\/\/stourm.news\/?p=3460#article\",\"isPartOf\":{\"@id\":\"https:\/\/stourm.news\/?p=3460\"},\"author\":{\"name\":\"La r\u00e9daction\",\"@id\":\"https:\/\/stourm.news\/#\/schema\/person\/c3e1dc65988632e190969234ef046cf9\"},\"headline\":\"L&rsquo;abandon de l&rsquo;Ukraine : une le\u00e7on g\u00e9opolitique pour les ind\u00e9pendantistes bretons\",\"datePublished\":\"2025-02-19T12:43:10+00:00\",\"dateModified\":\"2025-02-19T16:02:34+00:00\",\"mainEntityOfPage\":{\"@id\":\"https:\/\/stourm.news\/?p=3460\"},\"wordCount\":727,\"commentCount\":0,\"publisher\":{\"@id\":\"https:\/\/stourm.news\/#organization\"},\"image\":{\"@id\":\"https:\/\/stourm.news\/?p=3460#primaryimage\"},\"thumbnailUrl\":\"https:\/\/stourm.news\/wp-content\/uploads\/2025\/02\/013e0000-0aff-0242-c6e1-08da84c76d07_cx0_cy8_cw0_w1200_r1.avif\",\"articleSection\":[\"Editorial\",\"International\",\"Principale\"],\"inLanguage\":\"fr-FR\",\"potentialAction\":[{\"@type\":\"CommentAction\",\"name\":\"Comment\",\"target\":[\"https:\/\/stourm.news\/?p=3460#respond\"]}]},{\"@type\":\"WebPage\",\"@id\":\"https:\/\/stourm.news\/?p=3460\",\"url\":\"https:\/\/stourm.news\/?p=3460\",\"name\":\"L'abandon de l'Ukraine : une le\u00e7on g\u00e9opolitique pour les ind\u00e9pendantistes bretons - STOURM\",\"isPartOf\":{\"@id\":\"https:\/\/stourm.news\/#website\"},\"primaryImageOfPage\":{\"@id\":\"https:\/\/stourm.news\/?p=3460#primaryimage\"},\"image\":{\"@id\":\"https:\/\/stourm.news\/?p=3460#primaryimage\"},\"thumbnailUrl\":\"https:\/\/stourm.news\/wp-content\/uploads\/2025\/02\/013e0000-0aff-0242-c6e1-08da84c76d07_cx0_cy8_cw0_w1200_r1.avif\",\"datePublished\":\"2025-02-19T12:43:10+00:00\",\"dateModified\":\"2025-02-19T16:02:34+00:00\",\"breadcrumb\":{\"@id\":\"https:\/\/stourm.news\/?p=3460#breadcrumb\"},\"inLanguage\":\"fr-FR\",\"potentialAction\":[{\"@type\":\"ReadAction\",\"target\":[\"https:\/\/stourm.news\/?p=3460\"]}]},{\"@type\":\"ImageObject\",\"inLanguage\":\"fr-FR\",\"@id\":\"https:\/\/stourm.news\/?p=3460#primaryimage\",\"url\":\"https:\/\/stourm.news\/wp-content\/uploads\/2025\/02\/013e0000-0aff-0242-c6e1-08da84c76d07_cx0_cy8_cw0_w1200_r1.avif\",\"contentUrl\":\"https:\/\/stourm.news\/wp-content\/uploads\/2025\/02\/013e0000-0aff-0242-c6e1-08da84c76d07_cx0_cy8_cw0_w1200_r1.avif\",\"width\":1200,\"height\":675},{\"@type\":\"BreadcrumbList\",\"@id\":\"https:\/\/stourm.news\/?p=3460#breadcrumb\",\"itemListElement\":[{\"@type\":\"ListItem\",\"position\":1,\"name\":\"Accueil\",\"item\":\"https:\/\/stourm.news\/\"},{\"@type\":\"ListItem\",\"position\":2,\"name\":\"L&rsquo;abandon de l&rsquo;Ukraine : une le\u00e7on g\u00e9opolitique pour les ind\u00e9pendantistes bretons\"}]},{\"@type\":\"WebSite\",\"@id\":\"https:\/\/stourm.news\/#website\",\"url\":\"https:\/\/stourm.news\/\",\"name\":\"Stourm\",\"description\":\"Kazetenn Strollad Broadel Breizh\",\"publisher\":{\"@id\":\"https:\/\/stourm.news\/#organization\"},\"potentialAction\":[{\"@type\":\"SearchAction\",\"target\":{\"@type\":\"EntryPoint\",\"urlTemplate\":\"https:\/\/stourm.news\/?s={search_term_string}\"},\"query-input\":{\"@type\":\"PropertyValueSpecification\",\"valueRequired\":true,\"valueName\":\"search_term_string\"}}],\"inLanguage\":\"fr-FR\"},{\"@type\":\"Organization\",\"@id\":\"https:\/\/stourm.news\/#organization\",\"name\":\"Stourm\",\"url\":\"https:\/\/stourm.news\/\",\"logo\":{\"@type\":\"ImageObject\",\"inLanguage\":\"fr-FR\",\"@id\":\"https:\/\/stourm.news\/#\/schema\/logo\/image\/\",\"url\":\"https:\/\/stourm.news\/wp-content\/uploads\/2025\/11\/cropped-Capture-decran-2025-11-28-a-15.19.07.png\",\"contentUrl\":\"https:\/\/stourm.news\/wp-content\/uploads\/2025\/11\/cropped-Capture-decran-2025-11-28-a-15.19.07.png\",\"width\":1855,\"height\":383,\"caption\":\"Stourm\"},\"image\":{\"@id\":\"https:\/\/stourm.news\/#\/schema\/logo\/image\/\"},\"sameAs\":[\"https:\/\/www.facebook.com\/stourmnews\/\"]},{\"@type\":\"Person\",\"@id\":\"https:\/\/stourm.news\/#\/schema\/person\/c3e1dc65988632e190969234ef046cf9\",\"name\":\"La r\u00e9daction\",\"image\":{\"@type\":\"ImageObject\",\"inLanguage\":\"fr-FR\",\"@id\":\"https:\/\/stourm.news\/#\/schema\/person\/image\/\",\"url\":\"https:\/\/secure.gravatar.com\/avatar\/7463443f194b6b5fb706b074ca0ef59a0cfcfd720cb47764b0ec5a952ce422b3?s=96&d=mm&r=g\",\"contentUrl\":\"https:\/\/secure.gravatar.com\/avatar\/7463443f194b6b5fb706b074ca0ef59a0cfcfd720cb47764b0ec5a952ce422b3?s=96&d=mm&r=g\",\"caption\":\"La r\u00e9daction\"},\"sameAs\":[\"https:\/\/stourm.news\"],\"url\":\"https:\/\/stourm.news\/?author=1\"}]}<\/script>\n<!-- \/ Yoast SEO plugin. -->","yoast_head_json":{"title":"L'abandon de l'Ukraine : une le\u00e7on g\u00e9opolitique pour les ind\u00e9pendantistes bretons - STOURM","robots":{"index":"index","follow":"follow","max-snippet":"max-snippet:-1","max-image-preview":"max-image-preview:large","max-video-preview":"max-video-preview:-1"},"canonical":"https:\/\/stourm.news\/?p=3460","og_locale":"fr_FR","og_type":"article","og_title":"L'abandon de l'Ukraine : une le\u00e7on g\u00e9opolitique pour les ind\u00e9pendantistes bretons - STOURM","og_description":"La d\u00e9cision des \u00c9tats-Unis de r\u00e9duire significativement leur soutien \u00e0 l&rsquo;Ukraine marque un tournant de la g\u00e9opolitique mondiale, une action qui refl\u00e8te les principes de la Realpolitik, o\u00f9 les int\u00e9r\u00eats strat\u00e9giques des \u00e9tats dominent les relations internationales. Cette d\u00e9cision et les raisons qui la sous-tendent offrent des enseignements pr\u00e9cieux pour les nationalistes bretons dans leur [&hellip;]","og_url":"https:\/\/stourm.news\/?p=3460","og_site_name":"STOURM","article_publisher":"https:\/\/www.facebook.com\/stourmnews\/","article_published_time":"2025-02-19T12:43:10+00:00","article_modified_time":"2025-02-19T16:02:34+00:00","author":"La r\u00e9daction","twitter_card":"summary_large_image","twitter_misc":{"\u00c9crit par":"La r\u00e9daction","Dur\u00e9e de lecture estim\u00e9e":"4 minutes"},"schema":{"@context":"https:\/\/schema.org","@graph":[{"@type":"Article","@id":"https:\/\/stourm.news\/?p=3460#article","isPartOf":{"@id":"https:\/\/stourm.news\/?p=3460"},"author":{"name":"La r\u00e9daction","@id":"https:\/\/stourm.news\/#\/schema\/person\/c3e1dc65988632e190969234ef046cf9"},"headline":"L&rsquo;abandon de l&rsquo;Ukraine : une le\u00e7on g\u00e9opolitique pour les ind\u00e9pendantistes bretons","datePublished":"2025-02-19T12:43:10+00:00","dateModified":"2025-02-19T16:02:34+00:00","mainEntityOfPage":{"@id":"https:\/\/stourm.news\/?p=3460"},"wordCount":727,"commentCount":0,"publisher":{"@id":"https:\/\/stourm.news\/#organization"},"image":{"@id":"https:\/\/stourm.news\/?p=3460#primaryimage"},"thumbnailUrl":"https:\/\/stourm.news\/wp-content\/uploads\/2025\/02\/013e0000-0aff-0242-c6e1-08da84c76d07_cx0_cy8_cw0_w1200_r1.avif","articleSection":["Editorial","International","Principale"],"inLanguage":"fr-FR","potentialAction":[{"@type":"CommentAction","name":"Comment","target":["https:\/\/stourm.news\/?p=3460#respond"]}]},{"@type":"WebPage","@id":"https:\/\/stourm.news\/?p=3460","url":"https:\/\/stourm.news\/?p=3460","name":"L'abandon de l'Ukraine : une le\u00e7on g\u00e9opolitique pour les ind\u00e9pendantistes bretons - STOURM","isPartOf":{"@id":"https:\/\/stourm.news\/#website"},"primaryImageOfPage":{"@id":"https:\/\/stourm.news\/?p=3460#primaryimage"},"image":{"@id":"https:\/\/stourm.news\/?p=3460#primaryimage"},"thumbnailUrl":"https:\/\/stourm.news\/wp-content\/uploads\/2025\/02\/013e0000-0aff-0242-c6e1-08da84c76d07_cx0_cy8_cw0_w1200_r1.avif","datePublished":"2025-02-19T12:43:10+00:00","dateModified":"2025-02-19T16:02:34+00:00","breadcrumb":{"@id":"https:\/\/stourm.news\/?p=3460#breadcrumb"},"inLanguage":"fr-FR","potentialAction":[{"@type":"ReadAction","target":["https:\/\/stourm.news\/?p=3460"]}]},{"@type":"ImageObject","inLanguage":"fr-FR","@id":"https:\/\/stourm.news\/?p=3460#primaryimage","url":"https:\/\/stourm.news\/wp-content\/uploads\/2025\/02\/013e0000-0aff-0242-c6e1-08da84c76d07_cx0_cy8_cw0_w1200_r1.avif","contentUrl":"https:\/\/stourm.news\/wp-content\/uploads\/2025\/02\/013e0000-0aff-0242-c6e1-08da84c76d07_cx0_cy8_cw0_w1200_r1.avif","width":1200,"height":675},{"@type":"BreadcrumbList","@id":"https:\/\/stourm.news\/?p=3460#breadcrumb","itemListElement":[{"@type":"ListItem","position":1,"name":"Accueil","item":"https:\/\/stourm.news\/"},{"@type":"ListItem","position":2,"name":"L&rsquo;abandon de l&rsquo;Ukraine : une le\u00e7on g\u00e9opolitique pour les ind\u00e9pendantistes bretons"}]},{"@type":"WebSite","@id":"https:\/\/stourm.news\/#website","url":"https:\/\/stourm.news\/","name":"Stourm","description":"Kazetenn Strollad Broadel Breizh","publisher":{"@id":"https:\/\/stourm.news\/#organization"},"potentialAction":[{"@type":"SearchAction","target":{"@type":"EntryPoint","urlTemplate":"https:\/\/stourm.news\/?s={search_term_string}"},"query-input":{"@type":"PropertyValueSpecification","valueRequired":true,"valueName":"search_term_string"}}],"inLanguage":"fr-FR"},{"@type":"Organization","@id":"https:\/\/stourm.news\/#organization","name":"Stourm","url":"https:\/\/stourm.news\/","logo":{"@type":"ImageObject","inLanguage":"fr-FR","@id":"https:\/\/stourm.news\/#\/schema\/logo\/image\/","url":"https:\/\/stourm.news\/wp-content\/uploads\/2025\/11\/cropped-Capture-decran-2025-11-28-a-15.19.07.png","contentUrl":"https:\/\/stourm.news\/wp-content\/uploads\/2025\/11\/cropped-Capture-decran-2025-11-28-a-15.19.07.png","width":1855,"height":383,"caption":"Stourm"},"image":{"@id":"https:\/\/stourm.news\/#\/schema\/logo\/image\/"},"sameAs":["https:\/\/www.facebook.com\/stourmnews\/"]},{"@type":"Person","@id":"https:\/\/stourm.news\/#\/schema\/person\/c3e1dc65988632e190969234ef046cf9","name":"La r\u00e9daction","image":{"@type":"ImageObject","inLanguage":"fr-FR","@id":"https:\/\/stourm.news\/#\/schema\/person\/image\/","url":"https:\/\/secure.gravatar.com\/avatar\/7463443f194b6b5fb706b074ca0ef59a0cfcfd720cb47764b0ec5a952ce422b3?s=96&d=mm&r=g","contentUrl":"https:\/\/secure.gravatar.com\/avatar\/7463443f194b6b5fb706b074ca0ef59a0cfcfd720cb47764b0ec5a952ce422b3?s=96&d=mm&r=g","caption":"La r\u00e9daction"},"sameAs":["https:\/\/stourm.news"],"url":"https:\/\/stourm.news\/?author=1"}]}},"_links":{"self":[{"href":"https:\/\/stourm.news\/index.php?rest_route=\/wp\/v2\/posts\/3460","targetHints":{"allow":["GET"]}}],"collection":[{"href":"https:\/\/stourm.news\/index.php?rest_route=\/wp\/v2\/posts"}],"about":[{"href":"https:\/\/stourm.news\/index.php?rest_route=\/wp\/v2\/types\/post"}],"author":[{"embeddable":true,"href":"https:\/\/stourm.news\/index.php?rest_route=\/wp\/v2\/users\/1"}],"replies":[{"embeddable":true,"href":"https:\/\/stourm.news\/index.php?rest_route=%2Fwp%2Fv2%2Fcomments&post=3460"}],"version-history":[{"count":2,"href":"https:\/\/stourm.news\/index.php?rest_route=\/wp\/v2\/posts\/3460\/revisions"}],"predecessor-version":[{"id":3467,"href":"https:\/\/stourm.news\/index.php?rest_route=\/wp\/v2\/posts\/3460\/revisions\/3467"}],"wp:featuredmedia":[{"embeddable":true,"href":"https:\/\/stourm.news\/index.php?rest_route=\/wp\/v2\/media\/3461"}],"wp:attachment":[{"href":"https:\/\/stourm.news\/index.php?rest_route=%2Fwp%2Fv2%2Fmedia&parent=3460"}],"wp:term":[{"taxonomy":"category","embeddable":true,"href":"https:\/\/stourm.news\/index.php?rest_route=%2Fwp%2Fv2%2Fcategories&post=3460"},{"taxonomy":"post_tag","embeddable":true,"href":"https:\/\/stourm.news\/index.php?rest_route=%2Fwp%2Fv2%2Ftags&post=3460"}],"curies":[{"name":"wp","href":"https:\/\/api.w.org\/{rel}","templated":true}]}}