{"id":3468,"date":"2025-02-20T09:14:10","date_gmt":"2025-02-20T09:14:10","guid":{"rendered":"https:\/\/stourm.news\/?p=3468"},"modified":"2025-02-20T09:26:45","modified_gmt":"2025-02-20T09:26:45","slug":"pour-rendre-leurs-logements-aux-bretons-abolir-la-taxe-fonciere-et-la-remplacer-par-une-taxe-sur-les-residences-secondaires-les-logements-vacants-et-les-locations-saisonnieres-editorial","status":"publish","type":"post","link":"https:\/\/stourm.news\/?p=3468","title":{"rendered":"Pour rendre leurs logements aux Bretons, abolir la taxe fonci\u00e8re et la remplacer par une taxe sur les r\u00e9sidences secondaires, les logements vacants et les locations saisonni\u00e8res (\u00c9ditorial)"},"content":{"rendered":"<p style=\"text-align: justify;\">Depuis l&rsquo;origine, le Parti National Breton inscrit dans son programme \u00a0la n\u00e9cessit\u00e9 de rendre aux Bretons leurs logements. C&rsquo;est un imp\u00e9ratif pour notre nation si l&rsquo;on veut restaurer sa stabilit\u00e9 familiale dont la vitalit\u00e9 d\u00e9mographique d\u00e9pend. Pour cela, il faut \u00e0 la fois rendre pleinement propri\u00e9taires les Bretons et enrayer la prolif\u00e9ration des r\u00e9sidences secondaires, ainsi que les d\u00e9s\u00e9quilibres g\u00e9n\u00e9r\u00e9s par la location saisonni\u00e8re. La suppression de la taxe fonci\u00e8re pour les Bretons et la taxation des r\u00e9sidences secondaires comme de la location saisonni\u00e8re r\u00e9pond \u00e0 cet objectif.<\/p>\n<p style=\"text-align: justify;\"><strong>\u00a01. Taxe sur les R\u00e9sidences Secondaires Bas\u00e9e sur la Valeur Locative<\/strong><\/p>\n<p>La Bretagne administrative compte environ 250 000 r\u00e9sidences secondaires (10 % du parc immobilier r\u00e9gional), concentr\u00e9es dans le Morbihan (ex. : Golfe du Morbihan) et le Finist\u00e8re (ex. : presqu\u2019\u00eele de Crozon). Valeur locative cadastrale (VLC) moyenne est estim\u00e9e \u00e0 8 000-10 000 \u20ac par bien, plus \u00e9lev\u00e9e sur les c\u00f4tes.<\/p>\n<p style=\"text-align: justify;\">En Loire Atlantique, on d\u00e9nombre environ 90 000 r\u00e9sidences secondaires, surtout sur la c\u00f4te (La Baule, Pornic) et pr\u00e8s de Nantes. Leur Valeur locative cadastrale moyenne se situe autour de 10 000-12 000 \u20ac, refl\u00e9tant un march\u00e9 immobilier tendu.<\/p>\n<ul>\n<li style=\"text-align: justify;\"><strong>M\u00e9canisme\u00a0<\/strong><\/li>\n<\/ul>\n<p style=\"text-align: justify;\">Il faut proposer une nouvelle taxe sur les r\u00e9sidences secondaires (les maisons ou appartements que les gens poss\u00e8dent en plus de leur maison principale) sur sa valeur locative cadastrale, l&rsquo;estimation officielle de combien la maison pourrait \u00eatre lou\u00e9e par an, fix\u00e9e par le gouvernement breton.<\/p>\n<p style=\"text-align: justify;\">Normalement, pour la taxe fonci\u00e8re actuelle, on enl\u00e8ve 50 % de cette valeur avant de calculer. L\u00e0, on garde la valeur compl\u00e8te (\u00ab\u00a0brute sans abattement\u00a0\u00bb). Cette valeur augmente un peu tous les ans pour suivre l\u2019inflation (les prix qui montent). Elle a grimp\u00e9 de 3,9 % en 2024, et on estime qu\u2019elle augmentera de 1,7 % en 2025.<\/p>\n<ul>\n<li style=\"text-align: justify;\"><strong>Combien paie-t-on ?<\/strong><\/li>\n<\/ul>\n<p style=\"text-align: justify;\">On commence par un taux de base avec une taxe \u00e9gale \u00e0 25 % de cette valeur. Donc, si la VLC d\u2019une maison est de 10 000 \u20ac, la taxe de base serait de 2 500 \u20ac (10 000 \u00d7 25 %). Les communes (les mairies) peuvent ajouter un pourcentage suppl\u00e9mentaire, entre 10 % et 60 %, surtout l\u00e0 o\u00f9 il y a beaucoup de r\u00e9sidences secondaires (comme Saint-Malo, Dinard ou La Baule). Par exemple, si une mairie ajoute 5 %, le taux passe \u00e0 30 % au total.<\/p>\n<ul>\n<li style=\"text-align: justify;\"><strong>Un exemple concret<\/strong><\/li>\n<\/ul>\n<p style=\"text-align: justify;\">Imaginons une maison \u00e0 Quiberon (en Bretagne). Sa VLC est de 10 000 \u20ac. Avec un taux de 30 % (25 % de base + 5 % d\u00e9cid\u00e9 par la mairie), la taxe serait de 10 000 \u20ac \u00d7 30 %, soit 3 000 \u20ac par an.<\/p>\n<ul>\n<li style=\"text-align: justify;\"><strong>Combien \u00e7a rapporte en Bretagne administrative et Loire-Atlantique ?<\/strong><\/li>\n<\/ul>\n<p style=\"text-align: justify;\">Il y a environ 250 000 r\u00e9sidences secondaires en Bretagne administrative. Si chacune a une VLC moyenne de 10 000 \u20ac et qu\u2019on applique 25 %, cela ferait 250 000 maisons \u00d7 10 000 \u20ac \u00d7 25 % = 625 millions d\u2019euros. Avec des surtaxes locales (en moyenne 30 % au lieu de 25 %), cela monte \u00e0 environ <strong>750 \u00e0 800 millions d\u2019euros<\/strong>.<\/p>\n<p style=\"text-align: justify;\">Il y a environ 90 000 r\u00e9sidences secondaires en Loire-Atlantique. Avec une VLC moyenne un peu plus \u00e9lev\u00e9e, disons 11 000 \u20ac, et un taux de 25 %, cela ferait 90 000 maisons \u00d7 11 000 \u20ac \u00d7 25 %, soit 247,5 millions d\u2019euros. Avec des surtaxes locales plus fortes (en moyenne 35 %), cela grimpe \u00e0 <strong>300 \u00e0 330 millions d\u2019euros.<\/strong><\/p>\n<p style=\"text-align: justify;\">Pour atteindre 2,2 milliards en Bretagne et 1 milliard en Loire-Atlantique, le taux pourrait \u00eatre port\u00e9 \u00e0 40-50 % dans les zones c\u00f4ti\u00e8res les plus pris\u00e9es, ce qui reste dans les capacit\u00e9s contributives des propri\u00e9taires de r\u00e9sidences secondaires (souvent ais\u00e9s ou \u00e9trangers).<\/p>\n<p style=\"text-align: justify;\"><strong>2. Taxe sur les Revenus des Locations Saisonni\u00e8res<\/strong><\/p>\n<p>Environ 100 000 logements sont en location saisonni\u00e8re (Airbnb, g\u00eetes) en Bretagne, notamment dans les zones touristiques comme Saint-Malo, Brest, ou le Golfe du Morbihan. Revenu annuel moyen par logement estim\u00e9 \u00e0 15 000-20 000 \u20ac.<\/p>\n<p style=\"text-align: justify;\">En Loire Atlantique, ce sont enviro 40 000 locations saisonni\u00e8res, concentr\u00e9es \u00e0 Nantes, Saint-Nazaire, et sur la c\u00f4te (Pornichet). Revenu moyen l\u00e9g\u00e8rement plus \u00e9lev\u00e9, autour de 20 000-25 000 \u20ac.<\/p>\n<ul>\n<li style=\"text-align: justify;\"><strong>M\u00e9canisme<\/strong><\/li>\n<\/ul>\n<p style=\"text-align: justify;\">La base serait les revenus bruts d\u00e9clar\u00e9s via les plateformes num\u00e9riques (d\u00e9j\u00e0 obligatoire depuis 2024 avec la loi anti-meubl\u00e9s touristiques). Le taux serait de 30 % sur les revenus, avec un minimum forfaitaire de 1 000 \u20ac par logement pour couvrir les petites locations.<\/p>\n<ul>\n<li style=\"text-align: justify;\"><strong>Un exemple<\/strong><\/li>\n<\/ul>\n<p style=\"text-align: justify;\">Un g\u00eete \u00e0 Dinard rapportant 20 000 \u20ac par an paierait 6 000 \u20ac de taxe.<\/p>\n<ul>\n<li><strong>Les recettes estim\u00e9es\u00a0<\/strong><\/li>\n<\/ul>\n<p style=\"text-align: justify;\">En Bretagne : 100 000 logements \u00d7 17 500 \u20ac (moyenne) \u00d7 30 % = 525 millions d\u2019euros. Avec le forfait minimum sur 20 % des petites locations, ajout de 20 millions, soit <strong>550 millions d\u2019euros<\/strong>.<\/p>\n<p style=\"text-align: justify;\">En Loire-Atlantique : 40 000 logements \u00d7 22 500 \u20ac \u00d7 30 % = 270 millions d\u2019euros. Avec forfait, environ <strong>280 \u00e0 300 millions d\u2019euros<\/strong>.<\/p>\n<ul>\n<li style=\"text-align: justify;\">Ajustement<\/li>\n<\/ul>\n<p style=\"text-align: justify;\">Pour maximiser les recettes, un taux de 40 % pourrait \u00eatre appliqu\u00e9 dans les zones \u00e0 forte activit\u00e9 touristique (ex. : La Baule, Perros-Guirec), portant les revenus \u00e0 <strong>700-800 millions<\/strong> en Bretagne et <strong>350-400 millions<\/strong> en Loire-Atlantique.<\/p>\n<p style=\"text-align: justify;\"><strong>3. Compl\u00e9ment : Taxe sur les Logements Vacants Renforc\u00e9e<\/strong><\/p>\n<p style=\"text-align: justify;\">Des logements restent vacants ou sous-utilis\u00e9s hors saison, notamment en Bretagne rurale (C\u00f4tes-d\u2019Armor) et dans les petites communes de Loire-Atlantique.<\/p>\n<ul>\n<li style=\"text-align: justify;\"><strong>M\u00e9canisme :<\/strong><\/li>\n<\/ul>\n<p style=\"text-align: justify;\">La base serait constitu\u00e9e par la taxe des logements vacants (TLV) existants, augment\u00e9e \u00e0 25 % de la VLC (contre 12,5 % \u00e0 17 % actuellement) pour les r\u00e9sidences secondaires inoccup\u00e9es plus de 6 mois par an.<\/p>\n<p style=\"text-align: justify;\">Son application se ferait sur les zones tendues uniquement (ex. : Nantes M\u00e9tropole, littoraux bretons).<\/p>\n<ul>\n<li style=\"text-align: justify;\"><strong>Recettes Estim\u00e9es\u00a0<\/strong><\/li>\n<\/ul>\n<p style=\"text-align: justify;\">En Bretagne :50 000 logements vacants \u00d7 9 000 \u20ac VLC \u00d7 25 % = 112,5 millions d\u2019euros.<\/p>\n<p style=\"text-align: justify;\">En Loire-Atlantique : 20 000 logements \u00d7 10 000 \u20ac \u00d7 25 % = 50 millions d\u2019euros.<\/p>\n<p><strong>4. Bilan Financier du plan<\/strong><\/p>\n<p>En Bretagne, le produits des taxes pr\u00e9lev\u00e9es serait :<\/p>\n<ol>\n<li>R\u00e9sidences secondaires : 750-800 M\u20ac<\/li>\n<li>Locations saisonni\u00e8res : 550-700 M\u20ac<\/li>\n<li>Logements vacants : 112,5 M\u20ac<\/li>\n<\/ol>\n<p style=\"text-align: justify;\">Cela repr\u00e9senterait un total de <strong>1,4 \u00e0 1,6 milliard d\u2019euros<\/strong>, avec un ajustement \u00e0 <strong>2,2 milliards<\/strong> possible via des taux plus \u00e9lev\u00e9s (ex. : 50 % sur r\u00e9sidences secondaires c\u00f4ti\u00e8res).<\/p>\n<p style=\"text-align: justify;\">Loire-Atlantique :<\/p>\n<ol>\n<li style=\"text-align: justify;\">R\u00e9sidences secondaires : 300-330 M\u20ac<\/li>\n<li style=\"text-align: justify;\">Locations saisonni\u00e8res : 280-350 M\u20ac<\/li>\n<li style=\"text-align: justify;\">Logements vacants : 50 M\u20ac<\/li>\n<\/ol>\n<p style=\"text-align: justify;\"><span style=\"font-family: var(--viral-mag-body-family, Poppins); font-size: var(--viral-mag-body-size, 16px); font-style: var(--viral-mag-body-style, normal); letter-spacing: var(--viral-mag-body-letter-spacing, 0); text-transform: var(--viral-mag-body-text-transform, none); text-decoration: var(--viral-mag-body-text-decoration, none);\">Total : <strong>630 \u00e0 730 millions d\u2019euros<\/strong>, avec un ajustement \u00e0 <strong>1 milliard<\/strong> via des taux de 40-45 % sur les deux premi\u00e8res taxes.<\/span><\/p>\n<p><strong>En r\u00e9sum\u00e9<\/strong><\/p>\n<p style=\"text-align: justify;\">En rempla\u00e7ant le produit de la taxe fonci\u00e8re par une taxe sur les r\u00e9sidences secondaires, les locations saisonni\u00e8res et les logements vacants, les familles bretonnes deviendraient r\u00e9ellement propri\u00e9taires de leurs maisons, et non pas des locataires de l&rsquo;\u00c9tat \u00e0 perp\u00e9tuit\u00e9, legs obsol\u00e8te du f\u00e9odalisme. Cette mesure r\u00e9duirait la pression immobili\u00e8re dans des zones touristiques satur\u00e9es (ex. : \u00cele-de-Br\u00e9hat) et soulagerait le march\u00e9 tendu autour de Nantes tout en captant les richesses des zones c\u00f4ti\u00e8res. C&rsquo;est ainsi que les Bretons redeviendraient v\u00e9ritablement les ma\u00eetres de leur terre, mais aussi de leur avenir.<\/p>\n<p style=\"text-align: right;\"><strong>Ewen Broc&rsquo;han<\/strong><\/p>\n","protected":false},"excerpt":{"rendered":"<p>Depuis l&rsquo;origine, le Parti National Breton inscrit dans son programme \u00a0la n\u00e9cessit\u00e9 de rendre aux Bretons leurs logements. C&rsquo;est un imp\u00e9ratif pour notre nation si l&rsquo;on veut restaurer sa stabilit\u00e9 familiale dont la vitalit\u00e9 d\u00e9mographique d\u00e9pend. Pour cela, il faut \u00e0 la fois rendre pleinement propri\u00e9taires les Bretons et enrayer la prolif\u00e9ration des r\u00e9sidences secondaires, [&hellip;]<\/p>\n","protected":false},"author":1,"featured_media":3469,"comment_status":"open","ping_status":"open","sticky":false,"template":"","format":"standard","meta":{"sb_editor_width":"","footnotes":""},"categories":[55,63,65,54],"tags":[],"class_list":["post-3468","post","type-post","status-publish","format-standard","has-post-thumbnail","hentry","category-economie","category-editorial","category-principale","category-societe"],"relative_dates":{"created":"1 an ago","modified":"1 an ago"},"yoast_head":"<!-- This site is optimized with the Yoast SEO plugin v26.3 - https:\/\/yoast.com\/wordpress\/plugins\/seo\/ -->\n<title>Pour rendre leurs logements aux Bretons, abolir la taxe fonci\u00e8re et la remplacer par une taxe sur les r\u00e9sidences secondaires, les logements vacants et les locations saisonni\u00e8res (\u00c9ditorial) - STOURM<\/title>\n<meta name=\"robots\" content=\"index, follow, max-snippet:-1, max-image-preview:large, max-video-preview:-1\" \/>\n<link rel=\"canonical\" href=\"https:\/\/stourm.news\/?p=3468\" \/>\n<meta property=\"og:locale\" content=\"fr_FR\" \/>\n<meta property=\"og:type\" content=\"article\" \/>\n<meta property=\"og:title\" content=\"Pour rendre leurs logements aux Bretons, abolir la taxe fonci\u00e8re et la remplacer par une taxe sur les r\u00e9sidences secondaires, les logements vacants et les locations saisonni\u00e8res (\u00c9ditorial) - STOURM\" \/>\n<meta property=\"og:description\" content=\"Depuis l&rsquo;origine, le Parti National Breton inscrit dans son programme \u00a0la n\u00e9cessit\u00e9 de rendre aux Bretons leurs logements. C&rsquo;est un imp\u00e9ratif pour notre nation si l&rsquo;on veut restaurer sa stabilit\u00e9 familiale dont la vitalit\u00e9 d\u00e9mographique d\u00e9pend. Pour cela, il faut \u00e0 la fois rendre pleinement propri\u00e9taires les Bretons et enrayer la prolif\u00e9ration des r\u00e9sidences secondaires, [&hellip;]\" \/>\n<meta property=\"og:url\" content=\"https:\/\/stourm.news\/?p=3468\" \/>\n<meta property=\"og:site_name\" content=\"STOURM\" \/>\n<meta property=\"article:publisher\" content=\"https:\/\/www.facebook.com\/stourmnews\/\" \/>\n<meta property=\"article:published_time\" content=\"2025-02-20T09:14:10+00:00\" \/>\n<meta property=\"article:modified_time\" content=\"2025-02-20T09:26:45+00:00\" \/>\n<meta property=\"og:image\" content=\"https:\/\/stourm.news\/wp-content\/uploads\/2025\/02\/gites-du-pecheur-erquy-bretagne-accueil-1.jpg\" \/>\n\t<meta property=\"og:image:width\" content=\"1300\" \/>\n\t<meta property=\"og:image:height\" content=\"851\" \/>\n\t<meta property=\"og:image:type\" content=\"image\/jpeg\" \/>\n<meta name=\"author\" content=\"La r\u00e9daction\" \/>\n<meta name=\"twitter:card\" content=\"summary_large_image\" \/>\n<meta name=\"twitter:label1\" content=\"\u00c9crit par\" \/>\n\t<meta name=\"twitter:data1\" content=\"La r\u00e9daction\" \/>\n\t<meta name=\"twitter:label2\" content=\"Dur\u00e9e de lecture estim\u00e9e\" \/>\n\t<meta name=\"twitter:data2\" content=\"6 minutes\" \/>\n<script type=\"application\/ld+json\" class=\"yoast-schema-graph\">{\"@context\":\"https:\/\/schema.org\",\"@graph\":[{\"@type\":\"Article\",\"@id\":\"https:\/\/stourm.news\/?p=3468#article\",\"isPartOf\":{\"@id\":\"https:\/\/stourm.news\/?p=3468\"},\"author\":{\"name\":\"La r\u00e9daction\",\"@id\":\"https:\/\/stourm.news\/#\/schema\/person\/c3e1dc65988632e190969234ef046cf9\"},\"headline\":\"Pour rendre leurs logements aux Bretons, abolir la taxe fonci\u00e8re et la remplacer par une taxe sur les r\u00e9sidences secondaires, les logements vacants et les locations saisonni\u00e8res (\u00c9ditorial)\",\"datePublished\":\"2025-02-20T09:14:10+00:00\",\"dateModified\":\"2025-02-20T09:26:45+00:00\",\"mainEntityOfPage\":{\"@id\":\"https:\/\/stourm.news\/?p=3468\"},\"wordCount\":1081,\"commentCount\":0,\"publisher\":{\"@id\":\"https:\/\/stourm.news\/#organization\"},\"image\":{\"@id\":\"https:\/\/stourm.news\/?p=3468#primaryimage\"},\"thumbnailUrl\":\"https:\/\/stourm.news\/wp-content\/uploads\/2025\/02\/gites-du-pecheur-erquy-bretagne-accueil-1.jpg\",\"articleSection\":[\"Economie\",\"Editorial\",\"Principale\",\"Soci\u00e9t\u00e9\"],\"inLanguage\":\"fr-FR\",\"potentialAction\":[{\"@type\":\"CommentAction\",\"name\":\"Comment\",\"target\":[\"https:\/\/stourm.news\/?p=3468#respond\"]}]},{\"@type\":\"WebPage\",\"@id\":\"https:\/\/stourm.news\/?p=3468\",\"url\":\"https:\/\/stourm.news\/?p=3468\",\"name\":\"Pour rendre leurs logements aux Bretons, abolir la taxe fonci\u00e8re et la remplacer par une taxe sur les r\u00e9sidences secondaires, les logements vacants et les locations saisonni\u00e8res (\u00c9ditorial) - STOURM\",\"isPartOf\":{\"@id\":\"https:\/\/stourm.news\/#website\"},\"primaryImageOfPage\":{\"@id\":\"https:\/\/stourm.news\/?p=3468#primaryimage\"},\"image\":{\"@id\":\"https:\/\/stourm.news\/?p=3468#primaryimage\"},\"thumbnailUrl\":\"https:\/\/stourm.news\/wp-content\/uploads\/2025\/02\/gites-du-pecheur-erquy-bretagne-accueil-1.jpg\",\"datePublished\":\"2025-02-20T09:14:10+00:00\",\"dateModified\":\"2025-02-20T09:26:45+00:00\",\"breadcrumb\":{\"@id\":\"https:\/\/stourm.news\/?p=3468#breadcrumb\"},\"inLanguage\":\"fr-FR\",\"potentialAction\":[{\"@type\":\"ReadAction\",\"target\":[\"https:\/\/stourm.news\/?p=3468\"]}]},{\"@type\":\"ImageObject\",\"inLanguage\":\"fr-FR\",\"@id\":\"https:\/\/stourm.news\/?p=3468#primaryimage\",\"url\":\"https:\/\/stourm.news\/wp-content\/uploads\/2025\/02\/gites-du-pecheur-erquy-bretagne-accueil-1.jpg\",\"contentUrl\":\"https:\/\/stourm.news\/wp-content\/uploads\/2025\/02\/gites-du-pecheur-erquy-bretagne-accueil-1.jpg\",\"width\":1300,\"height\":851},{\"@type\":\"BreadcrumbList\",\"@id\":\"https:\/\/stourm.news\/?p=3468#breadcrumb\",\"itemListElement\":[{\"@type\":\"ListItem\",\"position\":1,\"name\":\"Accueil\",\"item\":\"https:\/\/stourm.news\/\"},{\"@type\":\"ListItem\",\"position\":2,\"name\":\"Pour rendre leurs logements aux Bretons, abolir la taxe fonci\u00e8re et la remplacer par une taxe sur les r\u00e9sidences secondaires, les logements vacants et les locations saisonni\u00e8res (\u00c9ditorial)\"}]},{\"@type\":\"WebSite\",\"@id\":\"https:\/\/stourm.news\/#website\",\"url\":\"https:\/\/stourm.news\/\",\"name\":\"Stourm\",\"description\":\"Kazetenn Strollad Broadel Breizh\",\"publisher\":{\"@id\":\"https:\/\/stourm.news\/#organization\"},\"potentialAction\":[{\"@type\":\"SearchAction\",\"target\":{\"@type\":\"EntryPoint\",\"urlTemplate\":\"https:\/\/stourm.news\/?s={search_term_string}\"},\"query-input\":{\"@type\":\"PropertyValueSpecification\",\"valueRequired\":true,\"valueName\":\"search_term_string\"}}],\"inLanguage\":\"fr-FR\"},{\"@type\":\"Organization\",\"@id\":\"https:\/\/stourm.news\/#organization\",\"name\":\"Stourm\",\"url\":\"https:\/\/stourm.news\/\",\"logo\":{\"@type\":\"ImageObject\",\"inLanguage\":\"fr-FR\",\"@id\":\"https:\/\/stourm.news\/#\/schema\/logo\/image\/\",\"url\":\"https:\/\/stourm.news\/wp-content\/uploads\/2025\/11\/cropped-Capture-decran-2025-11-28-a-15.19.07.png\",\"contentUrl\":\"https:\/\/stourm.news\/wp-content\/uploads\/2025\/11\/cropped-Capture-decran-2025-11-28-a-15.19.07.png\",\"width\":1855,\"height\":383,\"caption\":\"Stourm\"},\"image\":{\"@id\":\"https:\/\/stourm.news\/#\/schema\/logo\/image\/\"},\"sameAs\":[\"https:\/\/www.facebook.com\/stourmnews\/\"]},{\"@type\":\"Person\",\"@id\":\"https:\/\/stourm.news\/#\/schema\/person\/c3e1dc65988632e190969234ef046cf9\",\"name\":\"La r\u00e9daction\",\"image\":{\"@type\":\"ImageObject\",\"inLanguage\":\"fr-FR\",\"@id\":\"https:\/\/stourm.news\/#\/schema\/person\/image\/\",\"url\":\"https:\/\/secure.gravatar.com\/avatar\/7463443f194b6b5fb706b074ca0ef59a0cfcfd720cb47764b0ec5a952ce422b3?s=96&d=mm&r=g\",\"contentUrl\":\"https:\/\/secure.gravatar.com\/avatar\/7463443f194b6b5fb706b074ca0ef59a0cfcfd720cb47764b0ec5a952ce422b3?s=96&d=mm&r=g\",\"caption\":\"La r\u00e9daction\"},\"sameAs\":[\"https:\/\/stourm.news\"],\"url\":\"https:\/\/stourm.news\/?author=1\"}]}<\/script>\n<!-- \/ Yoast SEO plugin. -->","yoast_head_json":{"title":"Pour rendre leurs logements aux Bretons, abolir la taxe fonci\u00e8re et la remplacer par une taxe sur les r\u00e9sidences secondaires, les logements vacants et les locations saisonni\u00e8res (\u00c9ditorial) - STOURM","robots":{"index":"index","follow":"follow","max-snippet":"max-snippet:-1","max-image-preview":"max-image-preview:large","max-video-preview":"max-video-preview:-1"},"canonical":"https:\/\/stourm.news\/?p=3468","og_locale":"fr_FR","og_type":"article","og_title":"Pour rendre leurs logements aux Bretons, abolir la taxe fonci\u00e8re et la remplacer par une taxe sur les r\u00e9sidences secondaires, les logements vacants et les locations saisonni\u00e8res (\u00c9ditorial) - STOURM","og_description":"Depuis l&rsquo;origine, le Parti National Breton inscrit dans son programme \u00a0la n\u00e9cessit\u00e9 de rendre aux Bretons leurs logements. C&rsquo;est un imp\u00e9ratif pour notre nation si l&rsquo;on veut restaurer sa stabilit\u00e9 familiale dont la vitalit\u00e9 d\u00e9mographique d\u00e9pend. Pour cela, il faut \u00e0 la fois rendre pleinement propri\u00e9taires les Bretons et enrayer la prolif\u00e9ration des r\u00e9sidences secondaires, [&hellip;]","og_url":"https:\/\/stourm.news\/?p=3468","og_site_name":"STOURM","article_publisher":"https:\/\/www.facebook.com\/stourmnews\/","article_published_time":"2025-02-20T09:14:10+00:00","article_modified_time":"2025-02-20T09:26:45+00:00","og_image":[{"width":1300,"height":851,"url":"https:\/\/stourm.news\/wp-content\/uploads\/2025\/02\/gites-du-pecheur-erquy-bretagne-accueil-1.jpg","type":"image\/jpeg"}],"author":"La r\u00e9daction","twitter_card":"summary_large_image","twitter_misc":{"\u00c9crit par":"La r\u00e9daction","Dur\u00e9e de lecture estim\u00e9e":"6 minutes"},"schema":{"@context":"https:\/\/schema.org","@graph":[{"@type":"Article","@id":"https:\/\/stourm.news\/?p=3468#article","isPartOf":{"@id":"https:\/\/stourm.news\/?p=3468"},"author":{"name":"La r\u00e9daction","@id":"https:\/\/stourm.news\/#\/schema\/person\/c3e1dc65988632e190969234ef046cf9"},"headline":"Pour rendre leurs logements aux Bretons, abolir la taxe fonci\u00e8re et la remplacer par une taxe sur les r\u00e9sidences secondaires, les logements vacants et les locations saisonni\u00e8res (\u00c9ditorial)","datePublished":"2025-02-20T09:14:10+00:00","dateModified":"2025-02-20T09:26:45+00:00","mainEntityOfPage":{"@id":"https:\/\/stourm.news\/?p=3468"},"wordCount":1081,"commentCount":0,"publisher":{"@id":"https:\/\/stourm.news\/#organization"},"image":{"@id":"https:\/\/stourm.news\/?p=3468#primaryimage"},"thumbnailUrl":"https:\/\/stourm.news\/wp-content\/uploads\/2025\/02\/gites-du-pecheur-erquy-bretagne-accueil-1.jpg","articleSection":["Economie","Editorial","Principale","Soci\u00e9t\u00e9"],"inLanguage":"fr-FR","potentialAction":[{"@type":"CommentAction","name":"Comment","target":["https:\/\/stourm.news\/?p=3468#respond"]}]},{"@type":"WebPage","@id":"https:\/\/stourm.news\/?p=3468","url":"https:\/\/stourm.news\/?p=3468","name":"Pour rendre leurs logements aux Bretons, abolir la taxe fonci\u00e8re et la remplacer par une taxe sur les r\u00e9sidences secondaires, les logements vacants et les locations saisonni\u00e8res (\u00c9ditorial) - STOURM","isPartOf":{"@id":"https:\/\/stourm.news\/#website"},"primaryImageOfPage":{"@id":"https:\/\/stourm.news\/?p=3468#primaryimage"},"image":{"@id":"https:\/\/stourm.news\/?p=3468#primaryimage"},"thumbnailUrl":"https:\/\/stourm.news\/wp-content\/uploads\/2025\/02\/gites-du-pecheur-erquy-bretagne-accueil-1.jpg","datePublished":"2025-02-20T09:14:10+00:00","dateModified":"2025-02-20T09:26:45+00:00","breadcrumb":{"@id":"https:\/\/stourm.news\/?p=3468#breadcrumb"},"inLanguage":"fr-FR","potentialAction":[{"@type":"ReadAction","target":["https:\/\/stourm.news\/?p=3468"]}]},{"@type":"ImageObject","inLanguage":"fr-FR","@id":"https:\/\/stourm.news\/?p=3468#primaryimage","url":"https:\/\/stourm.news\/wp-content\/uploads\/2025\/02\/gites-du-pecheur-erquy-bretagne-accueil-1.jpg","contentUrl":"https:\/\/stourm.news\/wp-content\/uploads\/2025\/02\/gites-du-pecheur-erquy-bretagne-accueil-1.jpg","width":1300,"height":851},{"@type":"BreadcrumbList","@id":"https:\/\/stourm.news\/?p=3468#breadcrumb","itemListElement":[{"@type":"ListItem","position":1,"name":"Accueil","item":"https:\/\/stourm.news\/"},{"@type":"ListItem","position":2,"name":"Pour rendre leurs logements aux Bretons, abolir la taxe fonci\u00e8re et la remplacer par une taxe sur les r\u00e9sidences secondaires, les logements vacants et les locations saisonni\u00e8res (\u00c9ditorial)"}]},{"@type":"WebSite","@id":"https:\/\/stourm.news\/#website","url":"https:\/\/stourm.news\/","name":"Stourm","description":"Kazetenn Strollad Broadel Breizh","publisher":{"@id":"https:\/\/stourm.news\/#organization"},"potentialAction":[{"@type":"SearchAction","target":{"@type":"EntryPoint","urlTemplate":"https:\/\/stourm.news\/?s={search_term_string}"},"query-input":{"@type":"PropertyValueSpecification","valueRequired":true,"valueName":"search_term_string"}}],"inLanguage":"fr-FR"},{"@type":"Organization","@id":"https:\/\/stourm.news\/#organization","name":"Stourm","url":"https:\/\/stourm.news\/","logo":{"@type":"ImageObject","inLanguage":"fr-FR","@id":"https:\/\/stourm.news\/#\/schema\/logo\/image\/","url":"https:\/\/stourm.news\/wp-content\/uploads\/2025\/11\/cropped-Capture-decran-2025-11-28-a-15.19.07.png","contentUrl":"https:\/\/stourm.news\/wp-content\/uploads\/2025\/11\/cropped-Capture-decran-2025-11-28-a-15.19.07.png","width":1855,"height":383,"caption":"Stourm"},"image":{"@id":"https:\/\/stourm.news\/#\/schema\/logo\/image\/"},"sameAs":["https:\/\/www.facebook.com\/stourmnews\/"]},{"@type":"Person","@id":"https:\/\/stourm.news\/#\/schema\/person\/c3e1dc65988632e190969234ef046cf9","name":"La r\u00e9daction","image":{"@type":"ImageObject","inLanguage":"fr-FR","@id":"https:\/\/stourm.news\/#\/schema\/person\/image\/","url":"https:\/\/secure.gravatar.com\/avatar\/7463443f194b6b5fb706b074ca0ef59a0cfcfd720cb47764b0ec5a952ce422b3?s=96&d=mm&r=g","contentUrl":"https:\/\/secure.gravatar.com\/avatar\/7463443f194b6b5fb706b074ca0ef59a0cfcfd720cb47764b0ec5a952ce422b3?s=96&d=mm&r=g","caption":"La r\u00e9daction"},"sameAs":["https:\/\/stourm.news"],"url":"https:\/\/stourm.news\/?author=1"}]}},"_links":{"self":[{"href":"https:\/\/stourm.news\/index.php?rest_route=\/wp\/v2\/posts\/3468","targetHints":{"allow":["GET"]}}],"collection":[{"href":"https:\/\/stourm.news\/index.php?rest_route=\/wp\/v2\/posts"}],"about":[{"href":"https:\/\/stourm.news\/index.php?rest_route=\/wp\/v2\/types\/post"}],"author":[{"embeddable":true,"href":"https:\/\/stourm.news\/index.php?rest_route=\/wp\/v2\/users\/1"}],"replies":[{"embeddable":true,"href":"https:\/\/stourm.news\/index.php?rest_route=%2Fwp%2Fv2%2Fcomments&post=3468"}],"version-history":[{"count":1,"href":"https:\/\/stourm.news\/index.php?rest_route=\/wp\/v2\/posts\/3468\/revisions"}],"predecessor-version":[{"id":3470,"href":"https:\/\/stourm.news\/index.php?rest_route=\/wp\/v2\/posts\/3468\/revisions\/3470"}],"wp:featuredmedia":[{"embeddable":true,"href":"https:\/\/stourm.news\/index.php?rest_route=\/wp\/v2\/media\/3469"}],"wp:attachment":[{"href":"https:\/\/stourm.news\/index.php?rest_route=%2Fwp%2Fv2%2Fmedia&parent=3468"}],"wp:term":[{"taxonomy":"category","embeddable":true,"href":"https:\/\/stourm.news\/index.php?rest_route=%2Fwp%2Fv2%2Fcategories&post=3468"},{"taxonomy":"post_tag","embeddable":true,"href":"https:\/\/stourm.news\/index.php?rest_route=%2Fwp%2Fv2%2Ftags&post=3468"}],"curies":[{"name":"wp","href":"https:\/\/api.w.org\/{rel}","templated":true}]}}