{"id":3471,"date":"2025-02-20T12:00:36","date_gmt":"2025-02-20T12:00:36","guid":{"rendered":"https:\/\/stourm.news\/?p=3471"},"modified":"2025-02-20T12:00:36","modified_gmt":"2025-02-20T12:00:36","slug":"20-fevrier-1809-les-troupes-de-napoleon-executent-andreas-hofer-heros-de-la-rebellion-tyrolienne-contre-la-tyrannie-francaise","status":"publish","type":"post","link":"https:\/\/stourm.news\/?p=3471","title":{"rendered":"20 f\u00e9vrier 1809 : les troupes de Napol\u00e9on ex\u00e9cutent Andreas Hofer, h\u00e9ros de la r\u00e9bellion tyrolienne contre la tyrannie fran\u00e7aise"},"content":{"rendered":"<p style=\"text-align: justify;\">Andreas Hofer naquit en 1767 \u00e0 St. Leonhard in Passeier (en italien : San Leonardo in Passiria (BZ)), dans le Tyrol du Sud. Son p\u00e8re \u00e9tait un aubergiste au Sandwirt et le jeune Andreas y apprit son m\u00e9tier. En n\u00e9gociant le vin en Italie du nord, il apprit l&rsquo;italien. Plus tard, il \u00e9pousa Anna Ladurner et, en 1791, il fut \u00e9lu au Landtag tyrolien.<\/p>\n<p><img fetchpriority=\"high\" decoding=\"async\" class=\"aligncenter\" src=\"https:\/\/upload.wikimedia.org\/wikipedia\/commons\/3\/3e\/Andreas_Hofer_%28Wachter%29.jpg\" width=\"405\" height=\"592\" \/><\/p>\n<p style=\"text-align: justify;\">Lors la guerre de la Troisi\u00e8me Coalition contre la France, il devient capitaine d&rsquo;une milice. Apr\u00e8s l\u2019annexion du Tyrol par la Bavi\u00e8re, au trait\u00e9 de Presbourg en 1805, Hofer prit la t\u00eate du mouvement de r\u00e9sistance anti-bavaroise.<\/p>\n<p style=\"text-align: justify;\">En janvier 1809, il est \u00e0 Vienne lorsque l&#8217;empereur Fran\u00e7ois II d&rsquo;Autriche offre son soutien moral \u00e0 une possible insurrection. D\u00e8s le 9 avril 1809 la r\u00e9bellion tyrolienne d\u00e9bute. Le 11, ses troupes d\u00e9font les Bavarois \u00e0 Sterzing. Cette victoire m\u00e8ne \u00e0 l&rsquo;occupation d&rsquo;Innsbruck. Hofer devient un chef de milice et surtout acquiert une notori\u00e9t\u00e9 lui conf\u00e9rant le r\u00f4le de chef charismatique du patriotisme tyrolien.<\/p>\n<p style=\"text-align: justify;\">La victoire de Napol\u00e9on contre les Autrichiens de l\u2019archiduc Charles dissipent les espoirs de succ\u00e8s des Tyroliens. Les Bavarois reprennent Innsbruck, mais d\u00e8s le d\u00e9part des troupes napol\u00e9oniennes, la r\u00e9bellion reprend de plus belle. Les 25 et 29 mai, les troupes d&rsquo;Hofer vainquent les Bavarois au Bergisel. Hofer prend Innsbruck le 30.<\/p>\n<p style=\"text-align: justify;\">Le 29 mai, Hofer re\u00e7oit une lettre de l&#8217;empereur d&rsquo;Autriche lui assurant qu&rsquo;il ne signerait jamais de trait\u00e9 exigeant la cession du Tyrol. Et un intendant autrichien est d\u00e9p\u00each\u00e9 pour administrer le pays. D\u00e8s lors, Hofer retourne chez lui.<\/p>\n<p style=\"text-align: justify;\">La victoire de Wagram, le 6 juillet, vint annuler les succ\u00e8s pr\u00e9c\u00e9dents. L&rsquo;armistice de Znaim, le 12, c\u00e9dait le Tyrol \u00e0 la Bavi\u00e8re. Napol\u00e9on envoie 40 000 hommes pour reprendre Innsbruck. La gu\u00e9rilla de Hofer recommence et sa t\u00eate est mise \u00e0 prix. Les 13 et 14 ao\u00fbt, il d\u00e9fait le mar\u00e9chal Lefebvre au Bergisel apr\u00e8s 12 heures de bataille. Une fois encore il prend Innsbruck.<\/p>\n<p style=\"text-align: justify;\">Hofer devient commandant en chef et dirige ses troupes depuis Hofburg au nom de l&#8217;empereur d&rsquo;Autriche. Le 29 septembre, il re\u00e7oit une m\u00e9daille imp\u00e9riale et une nouvelle assurance du soutien de l&rsquo;Autriche au Tyrol.<\/p>\n<p style=\"text-align: justify;\">Le trait\u00e9 de Sch\u00f6nbrunn reconduit les dispositions de l\u2019armistice de Znaim et c\u00e8de encore le Tyrol \u00e0 la Bavi\u00e8re. Hofer et ses compagnons d\u00e9posent les armes contre la promesse d&rsquo;une amnistie.<\/p>\n<p style=\"text-align: justify;\">Le 12 novembre, Hofer re\u00e7oit de fausses informations de pseudo-victoires autrichiennes, ce qui l&rsquo;incite \u00e0 reprendre les armes. Mais la mobilisation est faible et rapidement les troupes franco-bavaroises r\u00e9duisent la gu\u00e9rilla.<\/p>\n<p><img decoding=\"async\" class=\"alignnone size-medium\" src=\"https:\/\/upload.wikimedia.org\/wikipedia\/commons\/8\/8e\/Franz_von_Defregger_Heimkehrender_Tiroler_Landsturm.jpg\" width=\"820\" height=\"600\" \/><\/p>\n<p style=\"text-align: justify;\">Hofer se cache dans les montagnes de son Passeiertal natal. Sa t\u00eate est mise \u00e0 prix : 1 500 florins. Franz Raffl, son voisin, le trahit et il est captur\u00e9 par les troupes italiennes le 2 janvier 1810 dans un chalet d&rsquo;alpage (le Pfandleralm, un p\u00e2turage alpin pr\u00e8s de la ferme de Prantach en face de San Martino in Passiria), et envoy\u00e9 \u00e0 la cour martiale de Mantoue.<\/p>\n<p><img decoding=\"async\" class=\"alignnone size-medium\" src=\"https:\/\/www.sagen.info\/forum\/media\/andreas-hofer-gefangennahme.21158\/full\" width=\"1500\" height=\"941\" \/><\/p>\n<p style=\"text-align: justify;\">Raffl fut aussit\u00f4t mis en quarantaine par la population unanime, y compris par sa propre famille. Il dut s&rsquo;exiler en Bavi\u00e8re, o\u00f9 il mourut en 1830. La chronique tyrolienne ne lui trouve qu&rsquo;un surnom : Judas.<\/p>\n<p style=\"text-align: justify;\">La l\u00e9gende pr\u00e9tend que Napol\u00e9on donna l&rsquo;ordre d&rsquo;un \u00ab juste proc\u00e8s avant de le descendre \u00bb (plus tard il confia \u00e0 Metternich que Hofer avait \u00e9t\u00e9 ex\u00e9cut\u00e9 contre sa d\u00e9cision). Andreas Hofer fut fusill\u00e9 \u00e0 Mantoue le 20 f\u00e9vrier 1810. On raconte qu&rsquo;apr\u00e8s la premi\u00e8re salve qui l&rsquo;aurait seulement bless\u00e9 il se serait \u00e9cri\u00e9 : \u00ab Ach, wie schie\u00dft ihr schlecht ! \u00bb (\u00ab Ah, comme vous tirez mal ! \u00bb).<\/p>\n<p><img loading=\"lazy\" decoding=\"async\" class=\"alignnone size-medium\" src=\"https:\/\/pbs.twimg.com\/media\/FMCpaDxXIAIGUF6.jpg:large\" width=\"1710\" height=\"997\" \/><\/p>\n<p style=\"text-align: justify;\">Hofer devint un martyr en Allemagne et Autriche. Son nom servit de point de ralliement contre le pouvoir de Napol\u00e9on.<\/p>\n<p><iframe title=\"Ansprache LKdt. J\u00fcrgen Wirth Anderlan bei der Andreas-Hofer-Gedenkfeier in Passeier\" width=\"500\" height=\"281\" src=\"https:\/\/www.youtube.com\/embed\/hgkmsSyl0qg?feature=oembed\" frameborder=\"0\" allow=\"accelerometer; autoplay; clipboard-write; encrypted-media; gyroscope; picture-in-picture; web-share\" referrerpolicy=\"strict-origin-when-cross-origin\" allowfullscreen><\/iframe><\/p>\n<p style=\"text-align: right;\"><strong>Olwen Kerdrel<\/strong><\/p>\n","protected":false},"excerpt":{"rendered":"<p>Andreas Hofer naquit en 1767 \u00e0 St. Leonhard in Passeier (en italien : San Leonardo in Passiria (BZ)), dans le Tyrol du Sud. Son p\u00e8re \u00e9tait un aubergiste au Sandwirt et le jeune Andreas y apprit son m\u00e9tier. En n\u00e9gociant le vin en Italie du nord, il apprit l&rsquo;italien. Plus tard, il \u00e9pousa Anna Ladurner [&hellip;]<\/p>\n","protected":false},"author":1,"featured_media":3472,"comment_status":"open","ping_status":"open","sticky":false,"template":"","format":"standard","meta":{"sb_editor_width":"","footnotes":""},"categories":[75,65],"tags":[],"class_list":["post-3471","post","type-post","status-publish","format-standard","has-post-thumbnail","hentry","category-histoire","category-principale"],"relative_dates":{"created":"1 an ago","modified":"1 an ago"},"yoast_head":"<!-- This site is optimized with the Yoast SEO plugin v26.3 - https:\/\/yoast.com\/wordpress\/plugins\/seo\/ -->\n<title>20 f\u00e9vrier 1809 : les troupes de Napol\u00e9on ex\u00e9cutent Andreas Hofer, h\u00e9ros de la r\u00e9bellion tyrolienne contre la tyrannie fran\u00e7aise - STOURM<\/title>\n<meta name=\"robots\" content=\"index, follow, max-snippet:-1, max-image-preview:large, max-video-preview:-1\" \/>\n<link rel=\"canonical\" href=\"https:\/\/stourm.news\/?p=3471\" \/>\n<meta property=\"og:locale\" content=\"fr_FR\" \/>\n<meta property=\"og:type\" content=\"article\" \/>\n<meta property=\"og:title\" content=\"20 f\u00e9vrier 1809 : les troupes de Napol\u00e9on ex\u00e9cutent Andreas Hofer, h\u00e9ros de la r\u00e9bellion tyrolienne contre la tyrannie fran\u00e7aise - STOURM\" \/>\n<meta property=\"og:description\" content=\"Andreas Hofer naquit en 1767 \u00e0 St. Leonhard in Passeier (en italien : San Leonardo in Passiria (BZ)), dans le Tyrol du Sud. Son p\u00e8re \u00e9tait un aubergiste au Sandwirt et le jeune Andreas y apprit son m\u00e9tier. En n\u00e9gociant le vin en Italie du nord, il apprit l&rsquo;italien. Plus tard, il \u00e9pousa Anna Ladurner [&hellip;]\" \/>\n<meta property=\"og:url\" content=\"https:\/\/stourm.news\/?p=3471\" \/>\n<meta property=\"og:site_name\" content=\"STOURM\" \/>\n<meta property=\"article:publisher\" content=\"https:\/\/www.facebook.com\/stourmnews\/\" \/>\n<meta property=\"article:published_time\" content=\"2025-02-20T12:00:36+00:00\" \/>\n<meta property=\"og:image\" content=\"https:\/\/stourm.news\/wp-content\/uploads\/2025\/02\/Andreas-Hofer-Exekution-1024x597.jpg\" \/>\n\t<meta property=\"og:image:width\" content=\"1024\" \/>\n\t<meta property=\"og:image:height\" content=\"597\" \/>\n\t<meta property=\"og:image:type\" content=\"image\/jpeg\" \/>\n<meta name=\"author\" content=\"La r\u00e9daction\" \/>\n<meta name=\"twitter:card\" content=\"summary_large_image\" \/>\n<meta name=\"twitter:label1\" content=\"\u00c9crit par\" \/>\n\t<meta name=\"twitter:data1\" content=\"La r\u00e9daction\" \/>\n\t<meta name=\"twitter:label2\" content=\"Dur\u00e9e de lecture estim\u00e9e\" \/>\n\t<meta name=\"twitter:data2\" content=\"4 minutes\" \/>\n<script type=\"application\/ld+json\" class=\"yoast-schema-graph\">{\"@context\":\"https:\/\/schema.org\",\"@graph\":[{\"@type\":\"Article\",\"@id\":\"https:\/\/stourm.news\/?p=3471#article\",\"isPartOf\":{\"@id\":\"https:\/\/stourm.news\/?p=3471\"},\"author\":{\"name\":\"La r\u00e9daction\",\"@id\":\"https:\/\/stourm.news\/#\/schema\/person\/c3e1dc65988632e190969234ef046cf9\"},\"headline\":\"20 f\u00e9vrier 1809 : les troupes de Napol\u00e9on ex\u00e9cutent Andreas Hofer, h\u00e9ros de la r\u00e9bellion tyrolienne contre la tyrannie fran\u00e7aise\",\"datePublished\":\"2025-02-20T12:00:36+00:00\",\"mainEntityOfPage\":{\"@id\":\"https:\/\/stourm.news\/?p=3471\"},\"wordCount\":686,\"commentCount\":0,\"publisher\":{\"@id\":\"https:\/\/stourm.news\/#organization\"},\"image\":{\"@id\":\"https:\/\/stourm.news\/?p=3471#primaryimage\"},\"thumbnailUrl\":\"https:\/\/stourm.news\/wp-content\/uploads\/2025\/02\/Andreas-Hofer-Exekution.jpg\",\"articleSection\":[\"Histoire\",\"Principale\"],\"inLanguage\":\"fr-FR\",\"potentialAction\":[{\"@type\":\"CommentAction\",\"name\":\"Comment\",\"target\":[\"https:\/\/stourm.news\/?p=3471#respond\"]}]},{\"@type\":\"WebPage\",\"@id\":\"https:\/\/stourm.news\/?p=3471\",\"url\":\"https:\/\/stourm.news\/?p=3471\",\"name\":\"20 f\u00e9vrier 1809 : les troupes de Napol\u00e9on ex\u00e9cutent Andreas Hofer, h\u00e9ros de la r\u00e9bellion tyrolienne contre la tyrannie fran\u00e7aise - STOURM\",\"isPartOf\":{\"@id\":\"https:\/\/stourm.news\/#website\"},\"primaryImageOfPage\":{\"@id\":\"https:\/\/stourm.news\/?p=3471#primaryimage\"},\"image\":{\"@id\":\"https:\/\/stourm.news\/?p=3471#primaryimage\"},\"thumbnailUrl\":\"https:\/\/stourm.news\/wp-content\/uploads\/2025\/02\/Andreas-Hofer-Exekution.jpg\",\"datePublished\":\"2025-02-20T12:00:36+00:00\",\"breadcrumb\":{\"@id\":\"https:\/\/stourm.news\/?p=3471#breadcrumb\"},\"inLanguage\":\"fr-FR\",\"potentialAction\":[{\"@type\":\"ReadAction\",\"target\":[\"https:\/\/stourm.news\/?p=3471\"]}]},{\"@type\":\"ImageObject\",\"inLanguage\":\"fr-FR\",\"@id\":\"https:\/\/stourm.news\/?p=3471#primaryimage\",\"url\":\"https:\/\/stourm.news\/wp-content\/uploads\/2025\/02\/Andreas-Hofer-Exekution.jpg\",\"contentUrl\":\"https:\/\/stourm.news\/wp-content\/uploads\/2025\/02\/Andreas-Hofer-Exekution.jpg\",\"width\":1710,\"height\":997},{\"@type\":\"BreadcrumbList\",\"@id\":\"https:\/\/stourm.news\/?p=3471#breadcrumb\",\"itemListElement\":[{\"@type\":\"ListItem\",\"position\":1,\"name\":\"Accueil\",\"item\":\"https:\/\/stourm.news\/\"},{\"@type\":\"ListItem\",\"position\":2,\"name\":\"20 f\u00e9vrier 1809 : les troupes de Napol\u00e9on ex\u00e9cutent Andreas Hofer, h\u00e9ros de la r\u00e9bellion tyrolienne contre la tyrannie fran\u00e7aise\"}]},{\"@type\":\"WebSite\",\"@id\":\"https:\/\/stourm.news\/#website\",\"url\":\"https:\/\/stourm.news\/\",\"name\":\"Stourm\",\"description\":\"Kazetenn Strollad Broadel Breizh\",\"publisher\":{\"@id\":\"https:\/\/stourm.news\/#organization\"},\"potentialAction\":[{\"@type\":\"SearchAction\",\"target\":{\"@type\":\"EntryPoint\",\"urlTemplate\":\"https:\/\/stourm.news\/?s={search_term_string}\"},\"query-input\":{\"@type\":\"PropertyValueSpecification\",\"valueRequired\":true,\"valueName\":\"search_term_string\"}}],\"inLanguage\":\"fr-FR\"},{\"@type\":\"Organization\",\"@id\":\"https:\/\/stourm.news\/#organization\",\"name\":\"Stourm\",\"url\":\"https:\/\/stourm.news\/\",\"logo\":{\"@type\":\"ImageObject\",\"inLanguage\":\"fr-FR\",\"@id\":\"https:\/\/stourm.news\/#\/schema\/logo\/image\/\",\"url\":\"https:\/\/stourm.news\/wp-content\/uploads\/2025\/11\/cropped-Capture-decran-2025-11-28-a-15.19.07.png\",\"contentUrl\":\"https:\/\/stourm.news\/wp-content\/uploads\/2025\/11\/cropped-Capture-decran-2025-11-28-a-15.19.07.png\",\"width\":1855,\"height\":383,\"caption\":\"Stourm\"},\"image\":{\"@id\":\"https:\/\/stourm.news\/#\/schema\/logo\/image\/\"},\"sameAs\":[\"https:\/\/www.facebook.com\/stourmnews\/\"]},{\"@type\":\"Person\",\"@id\":\"https:\/\/stourm.news\/#\/schema\/person\/c3e1dc65988632e190969234ef046cf9\",\"name\":\"La r\u00e9daction\",\"image\":{\"@type\":\"ImageObject\",\"inLanguage\":\"fr-FR\",\"@id\":\"https:\/\/stourm.news\/#\/schema\/person\/image\/\",\"url\":\"https:\/\/secure.gravatar.com\/avatar\/7463443f194b6b5fb706b074ca0ef59a0cfcfd720cb47764b0ec5a952ce422b3?s=96&d=mm&r=g\",\"contentUrl\":\"https:\/\/secure.gravatar.com\/avatar\/7463443f194b6b5fb706b074ca0ef59a0cfcfd720cb47764b0ec5a952ce422b3?s=96&d=mm&r=g\",\"caption\":\"La r\u00e9daction\"},\"sameAs\":[\"https:\/\/stourm.news\"],\"url\":\"https:\/\/stourm.news\/?author=1\"}]}<\/script>\n<!-- \/ Yoast SEO plugin. -->","yoast_head_json":{"title":"20 f\u00e9vrier 1809 : les troupes de Napol\u00e9on ex\u00e9cutent Andreas Hofer, h\u00e9ros de la r\u00e9bellion tyrolienne contre la tyrannie fran\u00e7aise - STOURM","robots":{"index":"index","follow":"follow","max-snippet":"max-snippet:-1","max-image-preview":"max-image-preview:large","max-video-preview":"max-video-preview:-1"},"canonical":"https:\/\/stourm.news\/?p=3471","og_locale":"fr_FR","og_type":"article","og_title":"20 f\u00e9vrier 1809 : les troupes de Napol\u00e9on ex\u00e9cutent Andreas Hofer, h\u00e9ros de la r\u00e9bellion tyrolienne contre la tyrannie fran\u00e7aise - STOURM","og_description":"Andreas Hofer naquit en 1767 \u00e0 St. Leonhard in Passeier (en italien : San Leonardo in Passiria (BZ)), dans le Tyrol du Sud. Son p\u00e8re \u00e9tait un aubergiste au Sandwirt et le jeune Andreas y apprit son m\u00e9tier. En n\u00e9gociant le vin en Italie du nord, il apprit l&rsquo;italien. Plus tard, il \u00e9pousa Anna Ladurner [&hellip;]","og_url":"https:\/\/stourm.news\/?p=3471","og_site_name":"STOURM","article_publisher":"https:\/\/www.facebook.com\/stourmnews\/","article_published_time":"2025-02-20T12:00:36+00:00","og_image":[{"width":1024,"height":597,"url":"https:\/\/stourm.news\/wp-content\/uploads\/2025\/02\/Andreas-Hofer-Exekution-1024x597.jpg","type":"image\/jpeg"}],"author":"La r\u00e9daction","twitter_card":"summary_large_image","twitter_misc":{"\u00c9crit par":"La r\u00e9daction","Dur\u00e9e de lecture estim\u00e9e":"4 minutes"},"schema":{"@context":"https:\/\/schema.org","@graph":[{"@type":"Article","@id":"https:\/\/stourm.news\/?p=3471#article","isPartOf":{"@id":"https:\/\/stourm.news\/?p=3471"},"author":{"name":"La r\u00e9daction","@id":"https:\/\/stourm.news\/#\/schema\/person\/c3e1dc65988632e190969234ef046cf9"},"headline":"20 f\u00e9vrier 1809 : les troupes de Napol\u00e9on ex\u00e9cutent Andreas Hofer, h\u00e9ros de la r\u00e9bellion tyrolienne contre la tyrannie fran\u00e7aise","datePublished":"2025-02-20T12:00:36+00:00","mainEntityOfPage":{"@id":"https:\/\/stourm.news\/?p=3471"},"wordCount":686,"commentCount":0,"publisher":{"@id":"https:\/\/stourm.news\/#organization"},"image":{"@id":"https:\/\/stourm.news\/?p=3471#primaryimage"},"thumbnailUrl":"https:\/\/stourm.news\/wp-content\/uploads\/2025\/02\/Andreas-Hofer-Exekution.jpg","articleSection":["Histoire","Principale"],"inLanguage":"fr-FR","potentialAction":[{"@type":"CommentAction","name":"Comment","target":["https:\/\/stourm.news\/?p=3471#respond"]}]},{"@type":"WebPage","@id":"https:\/\/stourm.news\/?p=3471","url":"https:\/\/stourm.news\/?p=3471","name":"20 f\u00e9vrier 1809 : les troupes de Napol\u00e9on ex\u00e9cutent Andreas Hofer, h\u00e9ros de la r\u00e9bellion tyrolienne contre la tyrannie fran\u00e7aise - STOURM","isPartOf":{"@id":"https:\/\/stourm.news\/#website"},"primaryImageOfPage":{"@id":"https:\/\/stourm.news\/?p=3471#primaryimage"},"image":{"@id":"https:\/\/stourm.news\/?p=3471#primaryimage"},"thumbnailUrl":"https:\/\/stourm.news\/wp-content\/uploads\/2025\/02\/Andreas-Hofer-Exekution.jpg","datePublished":"2025-02-20T12:00:36+00:00","breadcrumb":{"@id":"https:\/\/stourm.news\/?p=3471#breadcrumb"},"inLanguage":"fr-FR","potentialAction":[{"@type":"ReadAction","target":["https:\/\/stourm.news\/?p=3471"]}]},{"@type":"ImageObject","inLanguage":"fr-FR","@id":"https:\/\/stourm.news\/?p=3471#primaryimage","url":"https:\/\/stourm.news\/wp-content\/uploads\/2025\/02\/Andreas-Hofer-Exekution.jpg","contentUrl":"https:\/\/stourm.news\/wp-content\/uploads\/2025\/02\/Andreas-Hofer-Exekution.jpg","width":1710,"height":997},{"@type":"BreadcrumbList","@id":"https:\/\/stourm.news\/?p=3471#breadcrumb","itemListElement":[{"@type":"ListItem","position":1,"name":"Accueil","item":"https:\/\/stourm.news\/"},{"@type":"ListItem","position":2,"name":"20 f\u00e9vrier 1809 : les troupes de Napol\u00e9on ex\u00e9cutent Andreas Hofer, h\u00e9ros de la r\u00e9bellion tyrolienne contre la tyrannie fran\u00e7aise"}]},{"@type":"WebSite","@id":"https:\/\/stourm.news\/#website","url":"https:\/\/stourm.news\/","name":"Stourm","description":"Kazetenn Strollad Broadel Breizh","publisher":{"@id":"https:\/\/stourm.news\/#organization"},"potentialAction":[{"@type":"SearchAction","target":{"@type":"EntryPoint","urlTemplate":"https:\/\/stourm.news\/?s={search_term_string}"},"query-input":{"@type":"PropertyValueSpecification","valueRequired":true,"valueName":"search_term_string"}}],"inLanguage":"fr-FR"},{"@type":"Organization","@id":"https:\/\/stourm.news\/#organization","name":"Stourm","url":"https:\/\/stourm.news\/","logo":{"@type":"ImageObject","inLanguage":"fr-FR","@id":"https:\/\/stourm.news\/#\/schema\/logo\/image\/","url":"https:\/\/stourm.news\/wp-content\/uploads\/2025\/11\/cropped-Capture-decran-2025-11-28-a-15.19.07.png","contentUrl":"https:\/\/stourm.news\/wp-content\/uploads\/2025\/11\/cropped-Capture-decran-2025-11-28-a-15.19.07.png","width":1855,"height":383,"caption":"Stourm"},"image":{"@id":"https:\/\/stourm.news\/#\/schema\/logo\/image\/"},"sameAs":["https:\/\/www.facebook.com\/stourmnews\/"]},{"@type":"Person","@id":"https:\/\/stourm.news\/#\/schema\/person\/c3e1dc65988632e190969234ef046cf9","name":"La r\u00e9daction","image":{"@type":"ImageObject","inLanguage":"fr-FR","@id":"https:\/\/stourm.news\/#\/schema\/person\/image\/","url":"https:\/\/secure.gravatar.com\/avatar\/7463443f194b6b5fb706b074ca0ef59a0cfcfd720cb47764b0ec5a952ce422b3?s=96&d=mm&r=g","contentUrl":"https:\/\/secure.gravatar.com\/avatar\/7463443f194b6b5fb706b074ca0ef59a0cfcfd720cb47764b0ec5a952ce422b3?s=96&d=mm&r=g","caption":"La r\u00e9daction"},"sameAs":["https:\/\/stourm.news"],"url":"https:\/\/stourm.news\/?author=1"}]}},"_links":{"self":[{"href":"https:\/\/stourm.news\/index.php?rest_route=\/wp\/v2\/posts\/3471","targetHints":{"allow":["GET"]}}],"collection":[{"href":"https:\/\/stourm.news\/index.php?rest_route=\/wp\/v2\/posts"}],"about":[{"href":"https:\/\/stourm.news\/index.php?rest_route=\/wp\/v2\/types\/post"}],"author":[{"embeddable":true,"href":"https:\/\/stourm.news\/index.php?rest_route=\/wp\/v2\/users\/1"}],"replies":[{"embeddable":true,"href":"https:\/\/stourm.news\/index.php?rest_route=%2Fwp%2Fv2%2Fcomments&post=3471"}],"version-history":[{"count":1,"href":"https:\/\/stourm.news\/index.php?rest_route=\/wp\/v2\/posts\/3471\/revisions"}],"predecessor-version":[{"id":3473,"href":"https:\/\/stourm.news\/index.php?rest_route=\/wp\/v2\/posts\/3471\/revisions\/3473"}],"wp:featuredmedia":[{"embeddable":true,"href":"https:\/\/stourm.news\/index.php?rest_route=\/wp\/v2\/media\/3472"}],"wp:attachment":[{"href":"https:\/\/stourm.news\/index.php?rest_route=%2Fwp%2Fv2%2Fmedia&parent=3471"}],"wp:term":[{"taxonomy":"category","embeddable":true,"href":"https:\/\/stourm.news\/index.php?rest_route=%2Fwp%2Fv2%2Fcategories&post=3471"},{"taxonomy":"post_tag","embeddable":true,"href":"https:\/\/stourm.news\/index.php?rest_route=%2Fwp%2Fv2%2Ftags&post=3471"}],"curies":[{"name":"wp","href":"https:\/\/api.w.org\/{rel}","templated":true}]}}