{"id":3476,"date":"2025-02-21T04:59:30","date_gmt":"2025-02-21T04:59:30","guid":{"rendered":"https:\/\/stourm.news\/?p=3476"},"modified":"2025-02-21T06:45:33","modified_gmt":"2025-02-21T06:45:33","slug":"rennes-un-homme-poignarde-dans-le-quartier-multiculturel-du-blosne","status":"publish","type":"post","link":"https:\/\/stourm.news\/?p=3476","title":{"rendered":"Rennes : un nord-africain poignard\u00e9 dans le quartier multiculturel du Blosne, un Marocain avec du sang sur les mains interpell\u00e9"},"content":{"rendered":"<p style=\"text-align: justify;\">En d\u00e9but de soir\u00e9e, jeudi 20 f\u00e9vrier 2025, les pompiers ont \u00e9t\u00e9 appel\u00e9s pour venir secourir <strong>un homme bless\u00e9 par arme blanche<\/strong>. \u00c2g\u00e9 de 30 ans, il a \u00e9t\u00e9 pris en charge par les pompiers et le Samu \u00e9galement sur place.<\/p>\n<p style=\"text-align: justify;\">L\u2019agression s\u2019est produite all\u00e9e de Lucerne, <strong>au Blosne<\/strong>. Selon nos informations, un homme suspect\u00e9 de l\u2019agression aurait \u00e9t\u00e9 interpell\u00e9 par la police dans la foul\u00e9e. On n\u2019ignore les raisons de l\u2019agression.<\/p>\n<p style=\"text-align: justify;\">Depuis plusieurs mois, le quartier du Blosne est le th\u00e9\u00e2tre de fortes tensions<strong> li\u00e9es au trafic de stup\u00e9fiants<\/strong>. Dans la m\u00eame all\u00e9e, il y a plus d\u2019un an, le 9 janvier, alors que des policiers de la compagnie d\u2019intervention menaient une op\u00e9ration de lutte contre le trafic de stup\u00e9fiants, un jeune homme \u00e0 scooter a d\u00e9lib\u00e9r\u00e9ment fonc\u00e9 sur un policier qui circulait \u00e0 v\u00e9lo. Un autre fonctionnaire a \u00e9galement \u00e9t\u00e9 bless\u00e9 en rattrapant l\u2019homme qui tentait de prendre la fuite.<\/p>\n<p style=\"text-align: justify;\">Source : <a href=\"https:\/\/www.ouest-france.fr\/bretagne\/rennes-35000\/un-homme-blesse-par-arme-blanche-a-rennes-ce-jeudi-soir-3440db7a-efc2-11ef-8bac-a9deb4a5b776\">Ouest-France<\/a><\/p>\n<blockquote class=\"twitter-tweet\">\n<p dir=\"ltr\" lang=\"fr\">\ud83d\udd34 Un homme a \u00e9t\u00e9 bless\u00e9 \u00e0 coup de couteau lors d&rsquo;une rixe, all\u00e9e de Lucerne, quartier Le Blosne, \u00e0 Rennes, ce soir, vers 19h, indique une source polici\u00e8re \u00e0 <a href=\"https:\/\/twitter.com\/Valeurs?ref_src=twsrc%5Etfw\">@Valeurs<\/a>. Un suspect de 30 ans, n\u00e9 au Maroc, avec du sang sur les mains, a \u00e9t\u00e9 interpell\u00e9. La victime, de \u00ab\u00a0type nord\u2026<\/p>\n<p>\u2014 Amaury Brelet (@AmauryBrelet) <a href=\"https:\/\/twitter.com\/AmauryBrelet\/status\/1892704177400512784?ref_src=twsrc%5Etfw\">February 20, 2025<\/a><\/p><\/blockquote>\n<p><script async src=\"https:\/\/platform.twitter.com\/widgets.js\" charset=\"utf-8\"><\/script><\/p>\n","protected":false},"excerpt":{"rendered":"<p>En d\u00e9but de soir\u00e9e, jeudi 20 f\u00e9vrier 2025, les pompiers ont \u00e9t\u00e9 appel\u00e9s pour venir secourir un homme bless\u00e9 par arme blanche. \u00c2g\u00e9 de 30 ans, il a \u00e9t\u00e9 pris en charge par les pompiers et le Samu \u00e9galement sur place. L\u2019agression s\u2019est produite all\u00e9e de Lucerne, au Blosne. Selon nos informations, un homme suspect\u00e9 [&hellip;]<\/p>\n","protected":false},"author":1,"featured_media":3477,"comment_status":"open","ping_status":"open","sticky":false,"template":"","format":"standard","meta":{"sb_editor_width":"","footnotes":""},"categories":[31,41,62],"tags":[],"class_list":["post-3476","post","type-post","status-publish","format-standard","has-post-thumbnail","hentry","category-agression","category-ille-et-vilaine","category-revue-de-presse"],"relative_dates":{"created":"1 an ago","modified":"1 an ago"},"yoast_head":"<!-- This site is optimized with the Yoast SEO plugin v26.3 - https:\/\/yoast.com\/wordpress\/plugins\/seo\/ -->\n<title>Rennes : un nord-africain poignard\u00e9 dans le quartier multiculturel du Blosne, un Marocain avec du sang sur les mains interpell\u00e9 - STOURM<\/title>\n<meta name=\"robots\" content=\"index, follow, max-snippet:-1, max-image-preview:large, max-video-preview:-1\" \/>\n<link rel=\"canonical\" href=\"https:\/\/stourm.news\/?p=3476\" \/>\n<meta property=\"og:locale\" content=\"fr_FR\" \/>\n<meta property=\"og:type\" content=\"article\" \/>\n<meta property=\"og:title\" content=\"Rennes : un nord-africain poignard\u00e9 dans le quartier multiculturel du Blosne, un Marocain avec du sang sur les mains interpell\u00e9 - STOURM\" \/>\n<meta property=\"og:description\" content=\"En d\u00e9but de soir\u00e9e, jeudi 20 f\u00e9vrier 2025, les pompiers ont \u00e9t\u00e9 appel\u00e9s pour venir secourir un homme bless\u00e9 par arme blanche. \u00c2g\u00e9 de 30 ans, il a \u00e9t\u00e9 pris en charge par les pompiers et le Samu \u00e9galement sur place. L\u2019agression s\u2019est produite all\u00e9e de Lucerne, au Blosne. Selon nos informations, un homme suspect\u00e9 [&hellip;]\" \/>\n<meta property=\"og:url\" content=\"https:\/\/stourm.news\/?p=3476\" \/>\n<meta property=\"og:site_name\" content=\"STOURM\" \/>\n<meta property=\"article:publisher\" content=\"https:\/\/www.facebook.com\/stourmnews\/\" \/>\n<meta property=\"article:published_time\" content=\"2025-02-21T04:59:30+00:00\" \/>\n<meta property=\"article:modified_time\" content=\"2025-02-21T06:45:33+00:00\" \/>\n<meta property=\"og:image\" content=\"https:\/\/stourm.news\/wp-content\/uploads\/2025\/02\/Capture-decran-2025-02-21-a-13.58.40.png\" \/>\n\t<meta property=\"og:image:width\" content=\"984\" \/>\n\t<meta property=\"og:image:height\" content=\"578\" \/>\n\t<meta property=\"og:image:type\" content=\"image\/png\" \/>\n<meta name=\"author\" content=\"La r\u00e9daction\" \/>\n<meta name=\"twitter:card\" content=\"summary_large_image\" \/>\n<meta name=\"twitter:label1\" content=\"\u00c9crit par\" \/>\n\t<meta name=\"twitter:data1\" content=\"La r\u00e9daction\" \/>\n\t<meta name=\"twitter:label2\" content=\"Dur\u00e9e de lecture estim\u00e9e\" \/>\n\t<meta name=\"twitter:data2\" content=\"1 minute\" \/>\n<script type=\"application\/ld+json\" class=\"yoast-schema-graph\">{\"@context\":\"https:\/\/schema.org\",\"@graph\":[{\"@type\":\"Article\",\"@id\":\"https:\/\/stourm.news\/?p=3476#article\",\"isPartOf\":{\"@id\":\"https:\/\/stourm.news\/?p=3476\"},\"author\":{\"name\":\"La r\u00e9daction\",\"@id\":\"https:\/\/stourm.news\/#\/schema\/person\/c3e1dc65988632e190969234ef046cf9\"},\"headline\":\"Rennes : un nord-africain poignard\u00e9 dans le quartier multiculturel du Blosne, un Marocain avec du sang sur les mains interpell\u00e9\",\"datePublished\":\"2025-02-21T04:59:30+00:00\",\"dateModified\":\"2025-02-21T06:45:33+00:00\",\"mainEntityOfPage\":{\"@id\":\"https:\/\/stourm.news\/?p=3476\"},\"wordCount\":247,\"commentCount\":0,\"publisher\":{\"@id\":\"https:\/\/stourm.news\/#organization\"},\"image\":{\"@id\":\"https:\/\/stourm.news\/?p=3476#primaryimage\"},\"thumbnailUrl\":\"https:\/\/stourm.news\/wp-content\/uploads\/2025\/02\/Capture-decran-2025-02-21-a-13.58.40.png\",\"articleSection\":[\"Agression\",\"Ille-et-Vilaine\",\"Revue de presse\"],\"inLanguage\":\"fr-FR\",\"potentialAction\":[{\"@type\":\"CommentAction\",\"name\":\"Comment\",\"target\":[\"https:\/\/stourm.news\/?p=3476#respond\"]}]},{\"@type\":\"WebPage\",\"@id\":\"https:\/\/stourm.news\/?p=3476\",\"url\":\"https:\/\/stourm.news\/?p=3476\",\"name\":\"Rennes : un nord-africain poignard\u00e9 dans le quartier multiculturel du Blosne, un Marocain avec du sang sur les mains interpell\u00e9 - STOURM\",\"isPartOf\":{\"@id\":\"https:\/\/stourm.news\/#website\"},\"primaryImageOfPage\":{\"@id\":\"https:\/\/stourm.news\/?p=3476#primaryimage\"},\"image\":{\"@id\":\"https:\/\/stourm.news\/?p=3476#primaryimage\"},\"thumbnailUrl\":\"https:\/\/stourm.news\/wp-content\/uploads\/2025\/02\/Capture-decran-2025-02-21-a-13.58.40.png\",\"datePublished\":\"2025-02-21T04:59:30+00:00\",\"dateModified\":\"2025-02-21T06:45:33+00:00\",\"breadcrumb\":{\"@id\":\"https:\/\/stourm.news\/?p=3476#breadcrumb\"},\"inLanguage\":\"fr-FR\",\"potentialAction\":[{\"@type\":\"ReadAction\",\"target\":[\"https:\/\/stourm.news\/?p=3476\"]}]},{\"@type\":\"ImageObject\",\"inLanguage\":\"fr-FR\",\"@id\":\"https:\/\/stourm.news\/?p=3476#primaryimage\",\"url\":\"https:\/\/stourm.news\/wp-content\/uploads\/2025\/02\/Capture-decran-2025-02-21-a-13.58.40.png\",\"contentUrl\":\"https:\/\/stourm.news\/wp-content\/uploads\/2025\/02\/Capture-decran-2025-02-21-a-13.58.40.png\",\"width\":984,\"height\":578},{\"@type\":\"BreadcrumbList\",\"@id\":\"https:\/\/stourm.news\/?p=3476#breadcrumb\",\"itemListElement\":[{\"@type\":\"ListItem\",\"position\":1,\"name\":\"Accueil\",\"item\":\"https:\/\/stourm.news\/\"},{\"@type\":\"ListItem\",\"position\":2,\"name\":\"Rennes : un nord-africain poignard\u00e9 dans le quartier multiculturel du Blosne, un Marocain avec du sang sur les mains interpell\u00e9\"}]},{\"@type\":\"WebSite\",\"@id\":\"https:\/\/stourm.news\/#website\",\"url\":\"https:\/\/stourm.news\/\",\"name\":\"Stourm\",\"description\":\"Kazetenn Strollad Broadel Breizh\",\"publisher\":{\"@id\":\"https:\/\/stourm.news\/#organization\"},\"potentialAction\":[{\"@type\":\"SearchAction\",\"target\":{\"@type\":\"EntryPoint\",\"urlTemplate\":\"https:\/\/stourm.news\/?s={search_term_string}\"},\"query-input\":{\"@type\":\"PropertyValueSpecification\",\"valueRequired\":true,\"valueName\":\"search_term_string\"}}],\"inLanguage\":\"fr-FR\"},{\"@type\":\"Organization\",\"@id\":\"https:\/\/stourm.news\/#organization\",\"name\":\"Stourm\",\"url\":\"https:\/\/stourm.news\/\",\"logo\":{\"@type\":\"ImageObject\",\"inLanguage\":\"fr-FR\",\"@id\":\"https:\/\/stourm.news\/#\/schema\/logo\/image\/\",\"url\":\"https:\/\/stourm.news\/wp-content\/uploads\/2025\/11\/cropped-Capture-decran-2025-11-28-a-15.19.07.png\",\"contentUrl\":\"https:\/\/stourm.news\/wp-content\/uploads\/2025\/11\/cropped-Capture-decran-2025-11-28-a-15.19.07.png\",\"width\":1855,\"height\":383,\"caption\":\"Stourm\"},\"image\":{\"@id\":\"https:\/\/stourm.news\/#\/schema\/logo\/image\/\"},\"sameAs\":[\"https:\/\/www.facebook.com\/stourmnews\/\"]},{\"@type\":\"Person\",\"@id\":\"https:\/\/stourm.news\/#\/schema\/person\/c3e1dc65988632e190969234ef046cf9\",\"name\":\"La r\u00e9daction\",\"image\":{\"@type\":\"ImageObject\",\"inLanguage\":\"fr-FR\",\"@id\":\"https:\/\/stourm.news\/#\/schema\/person\/image\/\",\"url\":\"https:\/\/secure.gravatar.com\/avatar\/7463443f194b6b5fb706b074ca0ef59a0cfcfd720cb47764b0ec5a952ce422b3?s=96&d=mm&r=g\",\"contentUrl\":\"https:\/\/secure.gravatar.com\/avatar\/7463443f194b6b5fb706b074ca0ef59a0cfcfd720cb47764b0ec5a952ce422b3?s=96&d=mm&r=g\",\"caption\":\"La r\u00e9daction\"},\"sameAs\":[\"https:\/\/stourm.news\"],\"url\":\"https:\/\/stourm.news\/?author=1\"}]}<\/script>\n<!-- \/ Yoast SEO plugin. -->","yoast_head_json":{"title":"Rennes : un nord-africain poignard\u00e9 dans le quartier multiculturel du Blosne, un Marocain avec du sang sur les mains interpell\u00e9 - STOURM","robots":{"index":"index","follow":"follow","max-snippet":"max-snippet:-1","max-image-preview":"max-image-preview:large","max-video-preview":"max-video-preview:-1"},"canonical":"https:\/\/stourm.news\/?p=3476","og_locale":"fr_FR","og_type":"article","og_title":"Rennes : un nord-africain poignard\u00e9 dans le quartier multiculturel du Blosne, un Marocain avec du sang sur les mains interpell\u00e9 - STOURM","og_description":"En d\u00e9but de soir\u00e9e, jeudi 20 f\u00e9vrier 2025, les pompiers ont \u00e9t\u00e9 appel\u00e9s pour venir secourir un homme bless\u00e9 par arme blanche. \u00c2g\u00e9 de 30 ans, il a \u00e9t\u00e9 pris en charge par les pompiers et le Samu \u00e9galement sur place. L\u2019agression s\u2019est produite all\u00e9e de Lucerne, au Blosne. Selon nos informations, un homme suspect\u00e9 [&hellip;]","og_url":"https:\/\/stourm.news\/?p=3476","og_site_name":"STOURM","article_publisher":"https:\/\/www.facebook.com\/stourmnews\/","article_published_time":"2025-02-21T04:59:30+00:00","article_modified_time":"2025-02-21T06:45:33+00:00","og_image":[{"width":984,"height":578,"url":"https:\/\/stourm.news\/wp-content\/uploads\/2025\/02\/Capture-decran-2025-02-21-a-13.58.40.png","type":"image\/png"}],"author":"La r\u00e9daction","twitter_card":"summary_large_image","twitter_misc":{"\u00c9crit par":"La r\u00e9daction","Dur\u00e9e de lecture estim\u00e9e":"1 minute"},"schema":{"@context":"https:\/\/schema.org","@graph":[{"@type":"Article","@id":"https:\/\/stourm.news\/?p=3476#article","isPartOf":{"@id":"https:\/\/stourm.news\/?p=3476"},"author":{"name":"La r\u00e9daction","@id":"https:\/\/stourm.news\/#\/schema\/person\/c3e1dc65988632e190969234ef046cf9"},"headline":"Rennes : un nord-africain poignard\u00e9 dans le quartier multiculturel du Blosne, un Marocain avec du sang sur les mains interpell\u00e9","datePublished":"2025-02-21T04:59:30+00:00","dateModified":"2025-02-21T06:45:33+00:00","mainEntityOfPage":{"@id":"https:\/\/stourm.news\/?p=3476"},"wordCount":247,"commentCount":0,"publisher":{"@id":"https:\/\/stourm.news\/#organization"},"image":{"@id":"https:\/\/stourm.news\/?p=3476#primaryimage"},"thumbnailUrl":"https:\/\/stourm.news\/wp-content\/uploads\/2025\/02\/Capture-decran-2025-02-21-a-13.58.40.png","articleSection":["Agression","Ille-et-Vilaine","Revue de presse"],"inLanguage":"fr-FR","potentialAction":[{"@type":"CommentAction","name":"Comment","target":["https:\/\/stourm.news\/?p=3476#respond"]}]},{"@type":"WebPage","@id":"https:\/\/stourm.news\/?p=3476","url":"https:\/\/stourm.news\/?p=3476","name":"Rennes : un nord-africain poignard\u00e9 dans le quartier multiculturel du Blosne, un Marocain avec du sang sur les mains interpell\u00e9 - STOURM","isPartOf":{"@id":"https:\/\/stourm.news\/#website"},"primaryImageOfPage":{"@id":"https:\/\/stourm.news\/?p=3476#primaryimage"},"image":{"@id":"https:\/\/stourm.news\/?p=3476#primaryimage"},"thumbnailUrl":"https:\/\/stourm.news\/wp-content\/uploads\/2025\/02\/Capture-decran-2025-02-21-a-13.58.40.png","datePublished":"2025-02-21T04:59:30+00:00","dateModified":"2025-02-21T06:45:33+00:00","breadcrumb":{"@id":"https:\/\/stourm.news\/?p=3476#breadcrumb"},"inLanguage":"fr-FR","potentialAction":[{"@type":"ReadAction","target":["https:\/\/stourm.news\/?p=3476"]}]},{"@type":"ImageObject","inLanguage":"fr-FR","@id":"https:\/\/stourm.news\/?p=3476#primaryimage","url":"https:\/\/stourm.news\/wp-content\/uploads\/2025\/02\/Capture-decran-2025-02-21-a-13.58.40.png","contentUrl":"https:\/\/stourm.news\/wp-content\/uploads\/2025\/02\/Capture-decran-2025-02-21-a-13.58.40.png","width":984,"height":578},{"@type":"BreadcrumbList","@id":"https:\/\/stourm.news\/?p=3476#breadcrumb","itemListElement":[{"@type":"ListItem","position":1,"name":"Accueil","item":"https:\/\/stourm.news\/"},{"@type":"ListItem","position":2,"name":"Rennes : un nord-africain poignard\u00e9 dans le quartier multiculturel du Blosne, un Marocain avec du sang sur les mains interpell\u00e9"}]},{"@type":"WebSite","@id":"https:\/\/stourm.news\/#website","url":"https:\/\/stourm.news\/","name":"Stourm","description":"Kazetenn Strollad Broadel Breizh","publisher":{"@id":"https:\/\/stourm.news\/#organization"},"potentialAction":[{"@type":"SearchAction","target":{"@type":"EntryPoint","urlTemplate":"https:\/\/stourm.news\/?s={search_term_string}"},"query-input":{"@type":"PropertyValueSpecification","valueRequired":true,"valueName":"search_term_string"}}],"inLanguage":"fr-FR"},{"@type":"Organization","@id":"https:\/\/stourm.news\/#organization","name":"Stourm","url":"https:\/\/stourm.news\/","logo":{"@type":"ImageObject","inLanguage":"fr-FR","@id":"https:\/\/stourm.news\/#\/schema\/logo\/image\/","url":"https:\/\/stourm.news\/wp-content\/uploads\/2025\/11\/cropped-Capture-decran-2025-11-28-a-15.19.07.png","contentUrl":"https:\/\/stourm.news\/wp-content\/uploads\/2025\/11\/cropped-Capture-decran-2025-11-28-a-15.19.07.png","width":1855,"height":383,"caption":"Stourm"},"image":{"@id":"https:\/\/stourm.news\/#\/schema\/logo\/image\/"},"sameAs":["https:\/\/www.facebook.com\/stourmnews\/"]},{"@type":"Person","@id":"https:\/\/stourm.news\/#\/schema\/person\/c3e1dc65988632e190969234ef046cf9","name":"La r\u00e9daction","image":{"@type":"ImageObject","inLanguage":"fr-FR","@id":"https:\/\/stourm.news\/#\/schema\/person\/image\/","url":"https:\/\/secure.gravatar.com\/avatar\/7463443f194b6b5fb706b074ca0ef59a0cfcfd720cb47764b0ec5a952ce422b3?s=96&d=mm&r=g","contentUrl":"https:\/\/secure.gravatar.com\/avatar\/7463443f194b6b5fb706b074ca0ef59a0cfcfd720cb47764b0ec5a952ce422b3?s=96&d=mm&r=g","caption":"La r\u00e9daction"},"sameAs":["https:\/\/stourm.news"],"url":"https:\/\/stourm.news\/?author=1"}]}},"_links":{"self":[{"href":"https:\/\/stourm.news\/index.php?rest_route=\/wp\/v2\/posts\/3476","targetHints":{"allow":["GET"]}}],"collection":[{"href":"https:\/\/stourm.news\/index.php?rest_route=\/wp\/v2\/posts"}],"about":[{"href":"https:\/\/stourm.news\/index.php?rest_route=\/wp\/v2\/types\/post"}],"author":[{"embeddable":true,"href":"https:\/\/stourm.news\/index.php?rest_route=\/wp\/v2\/users\/1"}],"replies":[{"embeddable":true,"href":"https:\/\/stourm.news\/index.php?rest_route=%2Fwp%2Fv2%2Fcomments&post=3476"}],"version-history":[{"count":3,"href":"https:\/\/stourm.news\/index.php?rest_route=\/wp\/v2\/posts\/3476\/revisions"}],"predecessor-version":[{"id":3480,"href":"https:\/\/stourm.news\/index.php?rest_route=\/wp\/v2\/posts\/3476\/revisions\/3480"}],"wp:featuredmedia":[{"embeddable":true,"href":"https:\/\/stourm.news\/index.php?rest_route=\/wp\/v2\/media\/3477"}],"wp:attachment":[{"href":"https:\/\/stourm.news\/index.php?rest_route=%2Fwp%2Fv2%2Fmedia&parent=3476"}],"wp:term":[{"taxonomy":"category","embeddable":true,"href":"https:\/\/stourm.news\/index.php?rest_route=%2Fwp%2Fv2%2Fcategories&post=3476"},{"taxonomy":"post_tag","embeddable":true,"href":"https:\/\/stourm.news\/index.php?rest_route=%2Fwp%2Fv2%2Ftags&post=3476"}],"curies":[{"name":"wp","href":"https:\/\/api.w.org\/{rel}","templated":true}]}}