{"id":3481,"date":"2025-02-21T15:34:46","date_gmt":"2025-02-21T15:34:46","guid":{"rendered":"https:\/\/stourm.news\/?p=3481"},"modified":"2025-02-21T15:34:46","modified_gmt":"2025-02-21T15:34:46","slug":"irlande-un-migrant-condamne-apres-avoir-mis-le-feu-aux-corps-de-momies-dans-une-eglise-de-dublin-y-compris-celle-dun-chevalier-ayant-participe-aux-croisades","status":"publish","type":"post","link":"https:\/\/stourm.news\/?p=3481","title":{"rendered":"Irlande : un migrant condamn\u00e9 apr\u00e8s avoir mis le feu aux corps de momies dans une \u00e9glise de Dublin, y compris celle d&rsquo;un chevalier ayant particip\u00e9 aux croisades"},"content":{"rendered":"<p style=\"text-align: justify;\">Christian Topiter, un homme <strong><a href=\"https:\/\/www.breakingnews.ie\/ireland\/man-charged-with-criminal-damage-after-fire-at-st-michans-church-in-dublin-1637525.html\">d&rsquo;origine roumaine<\/a><\/strong> qui avait mis le feu \u00e0 la crypte de l&rsquo;\u00e9glise St Michan de Dublin, endommageant ainsi des restes momifi\u00e9s, a \u00e9t\u00e9 condamn\u00e9 \u00e0 six ans de prison. Il a comparu par liaison vid\u00e9o devant le tribunal p\u00e9nal central de Dublin.<\/p>\n<p style=\"text-align: justify;\">Le tribunal a appris que la crypte de l&rsquo;\u00e9glise St Michan contenait des restes momifi\u00e9s, dont ceux du \u00ab Crois\u00e9 \u00bb, datant de 800 ans. Ces restes ont \u00e9t\u00e9 d\u00e9crits au tribunal par l&rsquo;avocat de l&rsquo;accusation, Diana Stuart BL, comme \u00e9tant \u00ab irrempla\u00e7ables \u00bb et \u00ab inestimables \u00bb.<\/p>\n<p><a href=\"https:\/\/cloudfront-eu-central-1.images.arcpublishing.com\/irishtimes\/7DWD33GLIEEPMSANPAJZ3HGPEM.jpg\"><img fetchpriority=\"high\" decoding=\"async\" class=\"alignnone size-medium\" src=\"https:\/\/dynamic-media-cdn.tripadvisor.com\/media\/photo-o\/14\/11\/da\/1c\/mummies.jpg?w=1200&amp;h=-1&amp;s=1\" width=\"1200\" height=\"675\" \/><\/a><\/p>\n<p style=\"text-align: justify;\">Le 11 juin dernier, Topiter a sign\u00e9 un plaidoyer de culpabilit\u00e9 devant le tribunal de district pour un incendie criminel. Il a \u00e9galement \u00e9t\u00e9 condamn\u00e9 pour possession de stup\u00e9fiants, cambriolage, vol et agression.<\/p>\n<p><img decoding=\"async\" class=\"alignnone size-medium\" src=\"https:\/\/focus.sundayworld.com\/thumbor\/kVslwDqkqHYyQ3idujyLAwAB3YE=\/0x0:960x720\/960x720\/prod-mh-ireland\/5d30b48d-045e-45ce-a82a-cbd6d8b8d9a4\/cc2a6fef-3f7e-46d5-9920-e53c7690b3f8\/5d30b48d-045e-45ce-a82a-cbd6d8b8d9a4.jpg\" width=\"960\" height=\"720\" \/><\/p>\n<p style=\"text-align: center;\"><em>Christian Topiter<\/em><\/p>\n<p style=\"text-align: justify;\">L&rsquo;archidiacre Pierpoint a d\u00e9clar\u00e9 que les restes momifi\u00e9s avaient \u00e9t\u00e9 pr\u00e9serv\u00e9s pendant des centaines d&rsquo;ann\u00e9es par des moyens naturels et que de nombreux touristes visitaient l&rsquo;\u00e9glise, ce qui repr\u00e9sentait un revenu annuel de 75 000 \u00e0 100 000 euros.<\/p>\n<p style=\"text-align: justify;\">Depuis l&rsquo;incendie, il n&rsquo;y a eu aucune visite, ce qui a entra\u00een\u00e9 une \u00ab crise financi\u00e8re \u00bb pour la paroisse, car les fonds sont destin\u00e9s \u00e0 l&rsquo;entretien de l&rsquo;\u00e9glise, qui a \u00e9t\u00e9 construite en 1192. Il a pr\u00e9cis\u00e9 que deux des momies avaient \u00e9t\u00e9 \u00ab br\u00fbl\u00e9es au point d&rsquo;\u00eatre m\u00e9connaissables \u00bb et que l&rsquo;eau utilis\u00e9e pour \u00e9teindre l&rsquo;incendie avait endommag\u00e9 d&rsquo;autres momies.<\/p>\n<p><img decoding=\"async\" src=\"https:\/\/cloudfront-eu-central-1.images.arcpublishing.com\/irishtimes\/7DWD33GLIEEPMSANPAJZ3HGPEM.jpg\" \/><\/p>\n<p style=\"text-align: justify;\">Il a ajout\u00e9 que cela \u00e9tait \u00ab in\u00e9vitable \u00bb car la priorit\u00e9 \u00e9tait d&rsquo;\u00e9teindre l&rsquo;incendie.L&rsquo;archidiacre a d\u00e9clar\u00e9 au tribunal que la paroisse demanderait l&rsquo;autorisation au conseil municipal de Dublin d&rsquo;exhumer les restes endommag\u00e9s et de les \u00ab r\u00e9inhumer dans un autre caveau qui sera ferm\u00e9 \u00e0 tous \u00bb.<\/p>\n<p style=\"text-align: right;\"><strong>Ewen Broc&rsquo;han<\/strong><\/p>\n","protected":false},"excerpt":{"rendered":"<p>Christian Topiter, un homme d&rsquo;origine roumaine qui avait mis le feu \u00e0 la crypte de l&rsquo;\u00e9glise St Michan de Dublin, endommageant ainsi des restes momifi\u00e9s, a \u00e9t\u00e9 condamn\u00e9 \u00e0 six ans de prison. Il a comparu par liaison vid\u00e9o devant le tribunal p\u00e9nal central de Dublin. Le tribunal a appris que la crypte de l&rsquo;\u00e9glise [&hellip;]<\/p>\n","protected":false},"author":1,"featured_media":3482,"comment_status":"open","ping_status":"open","sticky":false,"template":"","format":"standard","meta":{"sb_editor_width":"","footnotes":""},"categories":[33,66,65],"tags":[],"class_list":["post-3481","post","type-post","status-publish","format-standard","has-post-thumbnail","hentry","category-immigration","category-international","category-principale"],"relative_dates":{"created":"1 an ago","modified":"1 an ago"},"yoast_head":"<!-- This site is optimized with the Yoast SEO plugin v26.3 - https:\/\/yoast.com\/wordpress\/plugins\/seo\/ -->\n<title>Irlande : un migrant condamn\u00e9 apr\u00e8s avoir mis le feu aux corps de momies dans une \u00e9glise de Dublin, y compris celle d&#039;un chevalier ayant particip\u00e9 aux croisades - STOURM<\/title>\n<meta name=\"robots\" content=\"index, follow, max-snippet:-1, max-image-preview:large, max-video-preview:-1\" \/>\n<link rel=\"canonical\" href=\"https:\/\/stourm.news\/?p=3481\" \/>\n<meta property=\"og:locale\" content=\"fr_FR\" \/>\n<meta property=\"og:type\" content=\"article\" \/>\n<meta property=\"og:title\" content=\"Irlande : un migrant condamn\u00e9 apr\u00e8s avoir mis le feu aux corps de momies dans une \u00e9glise de Dublin, y compris celle d&#039;un chevalier ayant particip\u00e9 aux croisades - STOURM\" \/>\n<meta property=\"og:description\" content=\"Christian Topiter, un homme d&rsquo;origine roumaine qui avait mis le feu \u00e0 la crypte de l&rsquo;\u00e9glise St Michan de Dublin, endommageant ainsi des restes momifi\u00e9s, a \u00e9t\u00e9 condamn\u00e9 \u00e0 six ans de prison. Il a comparu par liaison vid\u00e9o devant le tribunal p\u00e9nal central de Dublin. Le tribunal a appris que la crypte de l&rsquo;\u00e9glise [&hellip;]\" \/>\n<meta property=\"og:url\" content=\"https:\/\/stourm.news\/?p=3481\" \/>\n<meta property=\"og:site_name\" content=\"STOURM\" \/>\n<meta property=\"article:publisher\" content=\"https:\/\/www.facebook.com\/stourmnews\/\" \/>\n<meta property=\"article:published_time\" content=\"2025-02-21T15:34:46+00:00\" \/>\n<meta property=\"og:image\" content=\"https:\/\/stourm.news\/wp-content\/uploads\/2025\/02\/GkQAt81XAAAsqAf.jpg\" \/>\n\t<meta property=\"og:image:width\" content=\"960\" \/>\n\t<meta property=\"og:image:height\" content=\"720\" \/>\n\t<meta property=\"og:image:type\" content=\"image\/jpeg\" \/>\n<meta name=\"author\" content=\"La r\u00e9daction\" \/>\n<meta name=\"twitter:card\" content=\"summary_large_image\" \/>\n<meta name=\"twitter:label1\" content=\"\u00c9crit par\" \/>\n\t<meta name=\"twitter:data1\" content=\"La r\u00e9daction\" \/>\n\t<meta name=\"twitter:label2\" content=\"Dur\u00e9e de lecture estim\u00e9e\" \/>\n\t<meta name=\"twitter:data2\" content=\"2 minutes\" \/>\n<script type=\"application\/ld+json\" class=\"yoast-schema-graph\">{\"@context\":\"https:\/\/schema.org\",\"@graph\":[{\"@type\":\"Article\",\"@id\":\"https:\/\/stourm.news\/?p=3481#article\",\"isPartOf\":{\"@id\":\"https:\/\/stourm.news\/?p=3481\"},\"author\":{\"name\":\"La r\u00e9daction\",\"@id\":\"https:\/\/stourm.news\/#\/schema\/person\/c3e1dc65988632e190969234ef046cf9\"},\"headline\":\"Irlande : un migrant condamn\u00e9 apr\u00e8s avoir mis le feu aux corps de momies dans une \u00e9glise de Dublin, y compris celle d&rsquo;un chevalier ayant particip\u00e9 aux croisades\",\"datePublished\":\"2025-02-21T15:34:46+00:00\",\"mainEntityOfPage\":{\"@id\":\"https:\/\/stourm.news\/?p=3481\"},\"wordCount\":331,\"commentCount\":0,\"publisher\":{\"@id\":\"https:\/\/stourm.news\/#organization\"},\"image\":{\"@id\":\"https:\/\/stourm.news\/?p=3481#primaryimage\"},\"thumbnailUrl\":\"https:\/\/stourm.news\/wp-content\/uploads\/2025\/02\/GkQAt81XAAAsqAf.jpg\",\"articleSection\":[\"Immigration\",\"International\",\"Principale\"],\"inLanguage\":\"fr-FR\",\"potentialAction\":[{\"@type\":\"CommentAction\",\"name\":\"Comment\",\"target\":[\"https:\/\/stourm.news\/?p=3481#respond\"]}]},{\"@type\":\"WebPage\",\"@id\":\"https:\/\/stourm.news\/?p=3481\",\"url\":\"https:\/\/stourm.news\/?p=3481\",\"name\":\"Irlande : un migrant condamn\u00e9 apr\u00e8s avoir mis le feu aux corps de momies dans une \u00e9glise de Dublin, y compris celle d'un chevalier ayant particip\u00e9 aux croisades - STOURM\",\"isPartOf\":{\"@id\":\"https:\/\/stourm.news\/#website\"},\"primaryImageOfPage\":{\"@id\":\"https:\/\/stourm.news\/?p=3481#primaryimage\"},\"image\":{\"@id\":\"https:\/\/stourm.news\/?p=3481#primaryimage\"},\"thumbnailUrl\":\"https:\/\/stourm.news\/wp-content\/uploads\/2025\/02\/GkQAt81XAAAsqAf.jpg\",\"datePublished\":\"2025-02-21T15:34:46+00:00\",\"breadcrumb\":{\"@id\":\"https:\/\/stourm.news\/?p=3481#breadcrumb\"},\"inLanguage\":\"fr-FR\",\"potentialAction\":[{\"@type\":\"ReadAction\",\"target\":[\"https:\/\/stourm.news\/?p=3481\"]}]},{\"@type\":\"ImageObject\",\"inLanguage\":\"fr-FR\",\"@id\":\"https:\/\/stourm.news\/?p=3481#primaryimage\",\"url\":\"https:\/\/stourm.news\/wp-content\/uploads\/2025\/02\/GkQAt81XAAAsqAf.jpg\",\"contentUrl\":\"https:\/\/stourm.news\/wp-content\/uploads\/2025\/02\/GkQAt81XAAAsqAf.jpg\",\"width\":960,\"height\":720},{\"@type\":\"BreadcrumbList\",\"@id\":\"https:\/\/stourm.news\/?p=3481#breadcrumb\",\"itemListElement\":[{\"@type\":\"ListItem\",\"position\":1,\"name\":\"Accueil\",\"item\":\"https:\/\/stourm.news\/\"},{\"@type\":\"ListItem\",\"position\":2,\"name\":\"Irlande : un migrant condamn\u00e9 apr\u00e8s avoir mis le feu aux corps de momies dans une \u00e9glise de Dublin, y compris celle d&rsquo;un chevalier ayant particip\u00e9 aux croisades\"}]},{\"@type\":\"WebSite\",\"@id\":\"https:\/\/stourm.news\/#website\",\"url\":\"https:\/\/stourm.news\/\",\"name\":\"Stourm\",\"description\":\"Kazetenn Strollad Broadel Breizh\",\"publisher\":{\"@id\":\"https:\/\/stourm.news\/#organization\"},\"potentialAction\":[{\"@type\":\"SearchAction\",\"target\":{\"@type\":\"EntryPoint\",\"urlTemplate\":\"https:\/\/stourm.news\/?s={search_term_string}\"},\"query-input\":{\"@type\":\"PropertyValueSpecification\",\"valueRequired\":true,\"valueName\":\"search_term_string\"}}],\"inLanguage\":\"fr-FR\"},{\"@type\":\"Organization\",\"@id\":\"https:\/\/stourm.news\/#organization\",\"name\":\"Stourm\",\"url\":\"https:\/\/stourm.news\/\",\"logo\":{\"@type\":\"ImageObject\",\"inLanguage\":\"fr-FR\",\"@id\":\"https:\/\/stourm.news\/#\/schema\/logo\/image\/\",\"url\":\"https:\/\/stourm.news\/wp-content\/uploads\/2025\/11\/cropped-Capture-decran-2025-11-28-a-15.19.07.png\",\"contentUrl\":\"https:\/\/stourm.news\/wp-content\/uploads\/2025\/11\/cropped-Capture-decran-2025-11-28-a-15.19.07.png\",\"width\":1855,\"height\":383,\"caption\":\"Stourm\"},\"image\":{\"@id\":\"https:\/\/stourm.news\/#\/schema\/logo\/image\/\"},\"sameAs\":[\"https:\/\/www.facebook.com\/stourmnews\/\"]},{\"@type\":\"Person\",\"@id\":\"https:\/\/stourm.news\/#\/schema\/person\/c3e1dc65988632e190969234ef046cf9\",\"name\":\"La r\u00e9daction\",\"image\":{\"@type\":\"ImageObject\",\"inLanguage\":\"fr-FR\",\"@id\":\"https:\/\/stourm.news\/#\/schema\/person\/image\/\",\"url\":\"https:\/\/secure.gravatar.com\/avatar\/7463443f194b6b5fb706b074ca0ef59a0cfcfd720cb47764b0ec5a952ce422b3?s=96&d=mm&r=g\",\"contentUrl\":\"https:\/\/secure.gravatar.com\/avatar\/7463443f194b6b5fb706b074ca0ef59a0cfcfd720cb47764b0ec5a952ce422b3?s=96&d=mm&r=g\",\"caption\":\"La r\u00e9daction\"},\"sameAs\":[\"https:\/\/stourm.news\"],\"url\":\"https:\/\/stourm.news\/?author=1\"}]}<\/script>\n<!-- \/ Yoast SEO plugin. -->","yoast_head_json":{"title":"Irlande : un migrant condamn\u00e9 apr\u00e8s avoir mis le feu aux corps de momies dans une \u00e9glise de Dublin, y compris celle d'un chevalier ayant particip\u00e9 aux croisades - STOURM","robots":{"index":"index","follow":"follow","max-snippet":"max-snippet:-1","max-image-preview":"max-image-preview:large","max-video-preview":"max-video-preview:-1"},"canonical":"https:\/\/stourm.news\/?p=3481","og_locale":"fr_FR","og_type":"article","og_title":"Irlande : un migrant condamn\u00e9 apr\u00e8s avoir mis le feu aux corps de momies dans une \u00e9glise de Dublin, y compris celle d'un chevalier ayant particip\u00e9 aux croisades - STOURM","og_description":"Christian Topiter, un homme d&rsquo;origine roumaine qui avait mis le feu \u00e0 la crypte de l&rsquo;\u00e9glise St Michan de Dublin, endommageant ainsi des restes momifi\u00e9s, a \u00e9t\u00e9 condamn\u00e9 \u00e0 six ans de prison. Il a comparu par liaison vid\u00e9o devant le tribunal p\u00e9nal central de Dublin. Le tribunal a appris que la crypte de l&rsquo;\u00e9glise [&hellip;]","og_url":"https:\/\/stourm.news\/?p=3481","og_site_name":"STOURM","article_publisher":"https:\/\/www.facebook.com\/stourmnews\/","article_published_time":"2025-02-21T15:34:46+00:00","og_image":[{"width":960,"height":720,"url":"https:\/\/stourm.news\/wp-content\/uploads\/2025\/02\/GkQAt81XAAAsqAf.jpg","type":"image\/jpeg"}],"author":"La r\u00e9daction","twitter_card":"summary_large_image","twitter_misc":{"\u00c9crit par":"La r\u00e9daction","Dur\u00e9e de lecture estim\u00e9e":"2 minutes"},"schema":{"@context":"https:\/\/schema.org","@graph":[{"@type":"Article","@id":"https:\/\/stourm.news\/?p=3481#article","isPartOf":{"@id":"https:\/\/stourm.news\/?p=3481"},"author":{"name":"La r\u00e9daction","@id":"https:\/\/stourm.news\/#\/schema\/person\/c3e1dc65988632e190969234ef046cf9"},"headline":"Irlande : un migrant condamn\u00e9 apr\u00e8s avoir mis le feu aux corps de momies dans une \u00e9glise de Dublin, y compris celle d&rsquo;un chevalier ayant particip\u00e9 aux croisades","datePublished":"2025-02-21T15:34:46+00:00","mainEntityOfPage":{"@id":"https:\/\/stourm.news\/?p=3481"},"wordCount":331,"commentCount":0,"publisher":{"@id":"https:\/\/stourm.news\/#organization"},"image":{"@id":"https:\/\/stourm.news\/?p=3481#primaryimage"},"thumbnailUrl":"https:\/\/stourm.news\/wp-content\/uploads\/2025\/02\/GkQAt81XAAAsqAf.jpg","articleSection":["Immigration","International","Principale"],"inLanguage":"fr-FR","potentialAction":[{"@type":"CommentAction","name":"Comment","target":["https:\/\/stourm.news\/?p=3481#respond"]}]},{"@type":"WebPage","@id":"https:\/\/stourm.news\/?p=3481","url":"https:\/\/stourm.news\/?p=3481","name":"Irlande : un migrant condamn\u00e9 apr\u00e8s avoir mis le feu aux corps de momies dans une \u00e9glise de Dublin, y compris celle d'un chevalier ayant particip\u00e9 aux croisades - STOURM","isPartOf":{"@id":"https:\/\/stourm.news\/#website"},"primaryImageOfPage":{"@id":"https:\/\/stourm.news\/?p=3481#primaryimage"},"image":{"@id":"https:\/\/stourm.news\/?p=3481#primaryimage"},"thumbnailUrl":"https:\/\/stourm.news\/wp-content\/uploads\/2025\/02\/GkQAt81XAAAsqAf.jpg","datePublished":"2025-02-21T15:34:46+00:00","breadcrumb":{"@id":"https:\/\/stourm.news\/?p=3481#breadcrumb"},"inLanguage":"fr-FR","potentialAction":[{"@type":"ReadAction","target":["https:\/\/stourm.news\/?p=3481"]}]},{"@type":"ImageObject","inLanguage":"fr-FR","@id":"https:\/\/stourm.news\/?p=3481#primaryimage","url":"https:\/\/stourm.news\/wp-content\/uploads\/2025\/02\/GkQAt81XAAAsqAf.jpg","contentUrl":"https:\/\/stourm.news\/wp-content\/uploads\/2025\/02\/GkQAt81XAAAsqAf.jpg","width":960,"height":720},{"@type":"BreadcrumbList","@id":"https:\/\/stourm.news\/?p=3481#breadcrumb","itemListElement":[{"@type":"ListItem","position":1,"name":"Accueil","item":"https:\/\/stourm.news\/"},{"@type":"ListItem","position":2,"name":"Irlande : un migrant condamn\u00e9 apr\u00e8s avoir mis le feu aux corps de momies dans une \u00e9glise de Dublin, y compris celle d&rsquo;un chevalier ayant particip\u00e9 aux croisades"}]},{"@type":"WebSite","@id":"https:\/\/stourm.news\/#website","url":"https:\/\/stourm.news\/","name":"Stourm","description":"Kazetenn Strollad Broadel Breizh","publisher":{"@id":"https:\/\/stourm.news\/#organization"},"potentialAction":[{"@type":"SearchAction","target":{"@type":"EntryPoint","urlTemplate":"https:\/\/stourm.news\/?s={search_term_string}"},"query-input":{"@type":"PropertyValueSpecification","valueRequired":true,"valueName":"search_term_string"}}],"inLanguage":"fr-FR"},{"@type":"Organization","@id":"https:\/\/stourm.news\/#organization","name":"Stourm","url":"https:\/\/stourm.news\/","logo":{"@type":"ImageObject","inLanguage":"fr-FR","@id":"https:\/\/stourm.news\/#\/schema\/logo\/image\/","url":"https:\/\/stourm.news\/wp-content\/uploads\/2025\/11\/cropped-Capture-decran-2025-11-28-a-15.19.07.png","contentUrl":"https:\/\/stourm.news\/wp-content\/uploads\/2025\/11\/cropped-Capture-decran-2025-11-28-a-15.19.07.png","width":1855,"height":383,"caption":"Stourm"},"image":{"@id":"https:\/\/stourm.news\/#\/schema\/logo\/image\/"},"sameAs":["https:\/\/www.facebook.com\/stourmnews\/"]},{"@type":"Person","@id":"https:\/\/stourm.news\/#\/schema\/person\/c3e1dc65988632e190969234ef046cf9","name":"La r\u00e9daction","image":{"@type":"ImageObject","inLanguage":"fr-FR","@id":"https:\/\/stourm.news\/#\/schema\/person\/image\/","url":"https:\/\/secure.gravatar.com\/avatar\/7463443f194b6b5fb706b074ca0ef59a0cfcfd720cb47764b0ec5a952ce422b3?s=96&d=mm&r=g","contentUrl":"https:\/\/secure.gravatar.com\/avatar\/7463443f194b6b5fb706b074ca0ef59a0cfcfd720cb47764b0ec5a952ce422b3?s=96&d=mm&r=g","caption":"La r\u00e9daction"},"sameAs":["https:\/\/stourm.news"],"url":"https:\/\/stourm.news\/?author=1"}]}},"_links":{"self":[{"href":"https:\/\/stourm.news\/index.php?rest_route=\/wp\/v2\/posts\/3481","targetHints":{"allow":["GET"]}}],"collection":[{"href":"https:\/\/stourm.news\/index.php?rest_route=\/wp\/v2\/posts"}],"about":[{"href":"https:\/\/stourm.news\/index.php?rest_route=\/wp\/v2\/types\/post"}],"author":[{"embeddable":true,"href":"https:\/\/stourm.news\/index.php?rest_route=\/wp\/v2\/users\/1"}],"replies":[{"embeddable":true,"href":"https:\/\/stourm.news\/index.php?rest_route=%2Fwp%2Fv2%2Fcomments&post=3481"}],"version-history":[{"count":1,"href":"https:\/\/stourm.news\/index.php?rest_route=\/wp\/v2\/posts\/3481\/revisions"}],"predecessor-version":[{"id":3483,"href":"https:\/\/stourm.news\/index.php?rest_route=\/wp\/v2\/posts\/3481\/revisions\/3483"}],"wp:featuredmedia":[{"embeddable":true,"href":"https:\/\/stourm.news\/index.php?rest_route=\/wp\/v2\/media\/3482"}],"wp:attachment":[{"href":"https:\/\/stourm.news\/index.php?rest_route=%2Fwp%2Fv2%2Fmedia&parent=3481"}],"wp:term":[{"taxonomy":"category","embeddable":true,"href":"https:\/\/stourm.news\/index.php?rest_route=%2Fwp%2Fv2%2Fcategories&post=3481"},{"taxonomy":"post_tag","embeddable":true,"href":"https:\/\/stourm.news\/index.php?rest_route=%2Fwp%2Fv2%2Ftags&post=3481"}],"curies":[{"name":"wp","href":"https:\/\/api.w.org\/{rel}","templated":true}]}}