{"id":3490,"date":"2025-02-26T09:29:21","date_gmt":"2025-02-26T09:29:21","guid":{"rendered":"https:\/\/stourm.news\/?p=3490"},"modified":"2025-02-26T15:15:06","modified_gmt":"2025-02-26T15:15:06","slug":"editorial-lallemagne-doit-repenser-sa-place-en-europe-et-assumer-sa-position-de-premiere-puissance-continental","status":"publish","type":"post","link":"https:\/\/stourm.news\/?p=3490","title":{"rendered":"\u00c9ditorial : l&rsquo;Allemagne doit repenser sa place en Europe et assumer sa position de premi\u00e8re puissance continentale"},"content":{"rendered":"<p style=\"text-align: justify;\">Le d\u00e9sengagement progressif d&rsquo;Europe voulu par le nouveau gouvernement des \u00c9tats-Unis entra\u00eene un vide strat\u00e9gique que la France tente d&rsquo;occuper. La premi\u00e8re manifestation de cette tentative a \u00e9t\u00e9 la proposition d&rsquo;\u00e9tendre le \u00ab\u00a0parapluie nucl\u00e9aire\u00a0\u00bb fran\u00e7ais \u00e0 l&rsquo;Allemagne, voire \u00e0 d&rsquo;autres \u00e9tats europ\u00e9ens. L&rsquo;annonce, non-confirm\u00e9e \u00e0 cette heure, a \u00e9t\u00e9 \u00e9bruit\u00e9e par la presse anglaise (<a href=\"https:\/\/www.telegraph.co.uk\/world-news\/2025\/02\/24\/france-to-offer-nuclear-shield-for-europe\/\">lire ici<\/a>).<\/p>\n<p style=\"text-align: justify;\">Le nouveau chancelier allemand, Friedrich Merz, estime que les \u00c9tats-Unis ne garantissent plus la protection nucl\u00e9aire de l&rsquo;Allemagne et que l&rsquo;Allemagne doit rechercher son ind\u00e9pendance militaire.<\/p>\n<blockquote class=\"twitter-tweet\">\n<p dir=\"ltr\" lang=\"fr\">\u00abJe n\u2019aurais jamais pens\u00e9 dire cela \u00e0 la t\u00e9l\u00e9vision&#8230;\u00bb<\/p>\n<p>Dans une prise de parole d&rsquo;une duret\u00e9 in\u00e9dite, <a href=\"https:\/\/twitter.com\/_FriedrichMerz?ref_src=twsrc%5Etfw\">@_FriedrichMerz<\/a> a d\u00e9cid\u00e9 de charger les \u00c9tats-Unis, le nouveau gouvernement et <a href=\"https:\/\/twitter.com\/elonmusk?ref_src=twsrc%5Etfw\">@elonmusk<\/a> en appelant \u00e0 \u00abl&rsquo;ind\u00e9pendance\u00bb de l\u2019Europe contre \u00abl\u2019ing\u00e9rence\u00bb.<\/p>\n<p>Nous le traduisons. <a href=\"https:\/\/t.co\/F0aOdAC1nA\">pic.twitter.com\/F0aOdAC1nA<\/a><\/p>\n<p>\u2014 Le Grand Continent (@Grand_Continent) <a href=\"https:\/\/twitter.com\/Grand_Continent\/status\/1893975108487631228?ref_src=twsrc%5Etfw\">February 24, 2025<\/a><\/p><\/blockquote>\n<p><script async src=\"https:\/\/platform.twitter.com\/widgets.js\" charset=\"utf-8\"><\/script><\/p>\n<p style=\"text-align: justify;\">Le nouveau chancelier allemand estime que la Grande-Bretagne doit \u00e9galement participer \u00e0 la d\u00e9fense nucl\u00e9aire de l&rsquo;Allemagne, du moins \u00e0 titre temporaire, afin de contre-balancer le poids de la France dans un tel dispositif. Apr\u00e8s avoir largement d\u00e9militaris\u00e9 le pays, le gouvernement allemand se retrouve d\u00e9pourvu d&rsquo;une d\u00e9fense cr\u00e9dible. Son arm\u00e9e conventionnelle est r\u00e9duite \u00e0 la portion congrue et peut difficilement d\u00e9ployer 5,000 soldats hors des fronti\u00e8res du pays en cas de crise \u00e0 l&rsquo;Est. L&rsquo;Allemagne ne dispose pas non plus d&rsquo;une d\u00e9fense nucl\u00e9aire.<\/p>\n<p style=\"text-align: justify;\">Apr\u00e8s avoir longtemps ignor\u00e9 le d\u00e9sengagement am\u00e9ricain du continent europ\u00e9en, les Allemands d\u00e9couvrent la dure r\u00e9alit\u00e9 du basculement des USA vers le Pacifique. Les graves erreurs strat\u00e9giques en mati\u00e8re d&rsquo;\u00e9nergie ont rendu le pays de moins en moins comp\u00e9titif industriellement. C&rsquo;est cette crise strat\u00e9gique, \u00e0 la fois \u00e9nerg\u00e9tique, \u00e9conomique et militaire, que le nouveau chancelier doit tenter de r\u00e9soudre. Tout d\u00e9pend de l&rsquo;influence des \u00e9cologistes, un courant radical qui est largement responsable de la paralysie allemande.<\/p>\n<p style=\"text-align: justify;\">Pour l&rsquo;Union europ\u00e9enne et les nations du continent, il est imp\u00e9ratif que l&rsquo;Allemagne reprenne sa place dans l&rsquo;\u00e9quilibre strat\u00e9gique du continent en se dotant d&rsquo;une arm\u00e9e conventionnelle puissante et modernis\u00e9e, qu&rsquo;elle restaure les conditions de son ind\u00e9pendance \u00e9nerg\u00e9tique et qu&rsquo;elle oeuvre \u00e9galement \u00e0 l&rsquo;adoption de l&rsquo;arme nucl\u00e9aire, condition fondamentale pour \u00eatre une puissance cr\u00e9dible et entendue. R\u00e9duire l&rsquo;influence fran\u00e7aise, contre-productive par nature dans l&rsquo;\u00e9quilibre europ\u00e9en, implique de nouer un lien privil\u00e9gi\u00e9 avec la Grande-Bretagne, notamment dans le secteur de la d\u00e9fense. Enfin, une ouverture avec la Russie pour solder le conflit actuel en Ukraine permettrait de restaurer les relations \u00e9conomiques entre les deux principaux \u00e9tats d&rsquo;Europe continentale.<\/p>\n<p style=\"text-align: right;\"><strong>Ewen Broc&rsquo;han<\/strong><\/p>\n","protected":false},"excerpt":{"rendered":"<p>Le d\u00e9sengagement progressif d&rsquo;Europe voulu par le nouveau gouvernement des \u00c9tats-Unis entra\u00eene un vide strat\u00e9gique que la France tente d&rsquo;occuper. La premi\u00e8re manifestation de cette tentative a \u00e9t\u00e9 la proposition d&rsquo;\u00e9tendre le \u00ab\u00a0parapluie nucl\u00e9aire\u00a0\u00bb fran\u00e7ais \u00e0 l&rsquo;Allemagne, voire \u00e0 d&rsquo;autres \u00e9tats europ\u00e9ens. L&rsquo;annonce, non-confirm\u00e9e \u00e0 cette heure, a \u00e9t\u00e9 \u00e9bruit\u00e9e par la presse anglaise (lire [&hellip;]<\/p>\n","protected":false},"author":1,"featured_media":3491,"comment_status":"open","ping_status":"open","sticky":false,"template":"","format":"standard","meta":{"sb_editor_width":"","footnotes":""},"categories":[63,65],"tags":[],"class_list":["post-3490","post","type-post","status-publish","format-standard","has-post-thumbnail","hentry","category-editorial","category-principale"],"relative_dates":{"created":"1 an ago","modified":"1 an ago"},"yoast_head":"<!-- This site is optimized with the Yoast SEO plugin v26.3 - https:\/\/yoast.com\/wordpress\/plugins\/seo\/ -->\n<title>\u00c9ditorial : l&#039;Allemagne doit repenser sa place en Europe et assumer sa position de premi\u00e8re puissance continentale - STOURM<\/title>\n<meta name=\"robots\" content=\"index, follow, max-snippet:-1, max-image-preview:large, max-video-preview:-1\" \/>\n<link rel=\"canonical\" href=\"https:\/\/stourm.news\/?p=3490\" \/>\n<meta property=\"og:locale\" content=\"fr_FR\" \/>\n<meta property=\"og:type\" content=\"article\" \/>\n<meta property=\"og:title\" content=\"\u00c9ditorial : l&#039;Allemagne doit repenser sa place en Europe et assumer sa position de premi\u00e8re puissance continentale - STOURM\" \/>\n<meta property=\"og:description\" content=\"Le d\u00e9sengagement progressif d&rsquo;Europe voulu par le nouveau gouvernement des \u00c9tats-Unis entra\u00eene un vide strat\u00e9gique que la France tente d&rsquo;occuper. La premi\u00e8re manifestation de cette tentative a \u00e9t\u00e9 la proposition d&rsquo;\u00e9tendre le \u00ab\u00a0parapluie nucl\u00e9aire\u00a0\u00bb fran\u00e7ais \u00e0 l&rsquo;Allemagne, voire \u00e0 d&rsquo;autres \u00e9tats europ\u00e9ens. L&rsquo;annonce, non-confirm\u00e9e \u00e0 cette heure, a \u00e9t\u00e9 \u00e9bruit\u00e9e par la presse anglaise (lire [&hellip;]\" \/>\n<meta property=\"og:url\" content=\"https:\/\/stourm.news\/?p=3490\" \/>\n<meta property=\"og:site_name\" content=\"STOURM\" \/>\n<meta property=\"article:publisher\" content=\"https:\/\/www.facebook.com\/stourmnews\/\" \/>\n<meta property=\"article:published_time\" content=\"2025-02-26T09:29:21+00:00\" \/>\n<meta property=\"article:modified_time\" content=\"2025-02-26T15:15:06+00:00\" \/>\n<meta property=\"og:image\" content=\"https:\/\/stourm.news\/wp-content\/uploads\/2025\/02\/1200px-150910-D-VO565-037_German_honor_guard_members_stand_in_formation_at_the_Defense_Ministry_in_Berlin_2015.jpg\" \/>\n\t<meta property=\"og:image:width\" content=\"1200\" \/>\n\t<meta property=\"og:image:height\" content=\"799\" \/>\n\t<meta property=\"og:image:type\" content=\"image\/jpeg\" \/>\n<meta name=\"author\" content=\"La r\u00e9daction\" \/>\n<meta name=\"twitter:card\" content=\"summary_large_image\" \/>\n<meta name=\"twitter:label1\" content=\"\u00c9crit par\" \/>\n\t<meta name=\"twitter:data1\" content=\"La r\u00e9daction\" \/>\n\t<meta name=\"twitter:label2\" content=\"Dur\u00e9e de lecture estim\u00e9e\" \/>\n\t<meta name=\"twitter:data2\" content=\"2 minutes\" \/>\n<script type=\"application\/ld+json\" class=\"yoast-schema-graph\">{\"@context\":\"https:\/\/schema.org\",\"@graph\":[{\"@type\":\"Article\",\"@id\":\"https:\/\/stourm.news\/?p=3490#article\",\"isPartOf\":{\"@id\":\"https:\/\/stourm.news\/?p=3490\"},\"author\":{\"name\":\"La r\u00e9daction\",\"@id\":\"https:\/\/stourm.news\/#\/schema\/person\/c3e1dc65988632e190969234ef046cf9\"},\"headline\":\"\u00c9ditorial : l&rsquo;Allemagne doit repenser sa place en Europe et assumer sa position de premi\u00e8re puissance continentale\",\"datePublished\":\"2025-02-26T09:29:21+00:00\",\"dateModified\":\"2025-02-26T15:15:06+00:00\",\"mainEntityOfPage\":{\"@id\":\"https:\/\/stourm.news\/?p=3490\"},\"wordCount\":499,\"commentCount\":0,\"publisher\":{\"@id\":\"https:\/\/stourm.news\/#organization\"},\"image\":{\"@id\":\"https:\/\/stourm.news\/?p=3490#primaryimage\"},\"thumbnailUrl\":\"https:\/\/stourm.news\/wp-content\/uploads\/2025\/02\/1200px-150910-D-VO565-037_German_honor_guard_members_stand_in_formation_at_the_Defense_Ministry_in_Berlin_2015.jpg\",\"articleSection\":[\"Editorial\",\"Principale\"],\"inLanguage\":\"fr-FR\",\"potentialAction\":[{\"@type\":\"CommentAction\",\"name\":\"Comment\",\"target\":[\"https:\/\/stourm.news\/?p=3490#respond\"]}]},{\"@type\":\"WebPage\",\"@id\":\"https:\/\/stourm.news\/?p=3490\",\"url\":\"https:\/\/stourm.news\/?p=3490\",\"name\":\"\u00c9ditorial : l'Allemagne doit repenser sa place en Europe et assumer sa position de premi\u00e8re puissance continentale - STOURM\",\"isPartOf\":{\"@id\":\"https:\/\/stourm.news\/#website\"},\"primaryImageOfPage\":{\"@id\":\"https:\/\/stourm.news\/?p=3490#primaryimage\"},\"image\":{\"@id\":\"https:\/\/stourm.news\/?p=3490#primaryimage\"},\"thumbnailUrl\":\"https:\/\/stourm.news\/wp-content\/uploads\/2025\/02\/1200px-150910-D-VO565-037_German_honor_guard_members_stand_in_formation_at_the_Defense_Ministry_in_Berlin_2015.jpg\",\"datePublished\":\"2025-02-26T09:29:21+00:00\",\"dateModified\":\"2025-02-26T15:15:06+00:00\",\"breadcrumb\":{\"@id\":\"https:\/\/stourm.news\/?p=3490#breadcrumb\"},\"inLanguage\":\"fr-FR\",\"potentialAction\":[{\"@type\":\"ReadAction\",\"target\":[\"https:\/\/stourm.news\/?p=3490\"]}]},{\"@type\":\"ImageObject\",\"inLanguage\":\"fr-FR\",\"@id\":\"https:\/\/stourm.news\/?p=3490#primaryimage\",\"url\":\"https:\/\/stourm.news\/wp-content\/uploads\/2025\/02\/1200px-150910-D-VO565-037_German_honor_guard_members_stand_in_formation_at_the_Defense_Ministry_in_Berlin_2015.jpg\",\"contentUrl\":\"https:\/\/stourm.news\/wp-content\/uploads\/2025\/02\/1200px-150910-D-VO565-037_German_honor_guard_members_stand_in_formation_at_the_Defense_Ministry_in_Berlin_2015.jpg\",\"width\":1200,\"height\":799},{\"@type\":\"BreadcrumbList\",\"@id\":\"https:\/\/stourm.news\/?p=3490#breadcrumb\",\"itemListElement\":[{\"@type\":\"ListItem\",\"position\":1,\"name\":\"Accueil\",\"item\":\"https:\/\/stourm.news\/\"},{\"@type\":\"ListItem\",\"position\":2,\"name\":\"\u00c9ditorial : l&rsquo;Allemagne doit repenser sa place en Europe et assumer sa position de premi\u00e8re puissance continentale\"}]},{\"@type\":\"WebSite\",\"@id\":\"https:\/\/stourm.news\/#website\",\"url\":\"https:\/\/stourm.news\/\",\"name\":\"Stourm\",\"description\":\"Kazetenn Strollad Broadel Breizh\",\"publisher\":{\"@id\":\"https:\/\/stourm.news\/#organization\"},\"potentialAction\":[{\"@type\":\"SearchAction\",\"target\":{\"@type\":\"EntryPoint\",\"urlTemplate\":\"https:\/\/stourm.news\/?s={search_term_string}\"},\"query-input\":{\"@type\":\"PropertyValueSpecification\",\"valueRequired\":true,\"valueName\":\"search_term_string\"}}],\"inLanguage\":\"fr-FR\"},{\"@type\":\"Organization\",\"@id\":\"https:\/\/stourm.news\/#organization\",\"name\":\"Stourm\",\"url\":\"https:\/\/stourm.news\/\",\"logo\":{\"@type\":\"ImageObject\",\"inLanguage\":\"fr-FR\",\"@id\":\"https:\/\/stourm.news\/#\/schema\/logo\/image\/\",\"url\":\"https:\/\/stourm.news\/wp-content\/uploads\/2025\/11\/cropped-Capture-decran-2025-11-28-a-15.19.07.png\",\"contentUrl\":\"https:\/\/stourm.news\/wp-content\/uploads\/2025\/11\/cropped-Capture-decran-2025-11-28-a-15.19.07.png\",\"width\":1855,\"height\":383,\"caption\":\"Stourm\"},\"image\":{\"@id\":\"https:\/\/stourm.news\/#\/schema\/logo\/image\/\"},\"sameAs\":[\"https:\/\/www.facebook.com\/stourmnews\/\"]},{\"@type\":\"Person\",\"@id\":\"https:\/\/stourm.news\/#\/schema\/person\/c3e1dc65988632e190969234ef046cf9\",\"name\":\"La r\u00e9daction\",\"image\":{\"@type\":\"ImageObject\",\"inLanguage\":\"fr-FR\",\"@id\":\"https:\/\/stourm.news\/#\/schema\/person\/image\/\",\"url\":\"https:\/\/secure.gravatar.com\/avatar\/7463443f194b6b5fb706b074ca0ef59a0cfcfd720cb47764b0ec5a952ce422b3?s=96&d=mm&r=g\",\"contentUrl\":\"https:\/\/secure.gravatar.com\/avatar\/7463443f194b6b5fb706b074ca0ef59a0cfcfd720cb47764b0ec5a952ce422b3?s=96&d=mm&r=g\",\"caption\":\"La r\u00e9daction\"},\"sameAs\":[\"https:\/\/stourm.news\"],\"url\":\"https:\/\/stourm.news\/?author=1\"}]}<\/script>\n<!-- \/ Yoast SEO plugin. -->","yoast_head_json":{"title":"\u00c9ditorial : l'Allemagne doit repenser sa place en Europe et assumer sa position de premi\u00e8re puissance continentale - STOURM","robots":{"index":"index","follow":"follow","max-snippet":"max-snippet:-1","max-image-preview":"max-image-preview:large","max-video-preview":"max-video-preview:-1"},"canonical":"https:\/\/stourm.news\/?p=3490","og_locale":"fr_FR","og_type":"article","og_title":"\u00c9ditorial : l'Allemagne doit repenser sa place en Europe et assumer sa position de premi\u00e8re puissance continentale - STOURM","og_description":"Le d\u00e9sengagement progressif d&rsquo;Europe voulu par le nouveau gouvernement des \u00c9tats-Unis entra\u00eene un vide strat\u00e9gique que la France tente d&rsquo;occuper. La premi\u00e8re manifestation de cette tentative a \u00e9t\u00e9 la proposition d&rsquo;\u00e9tendre le \u00ab\u00a0parapluie nucl\u00e9aire\u00a0\u00bb fran\u00e7ais \u00e0 l&rsquo;Allemagne, voire \u00e0 d&rsquo;autres \u00e9tats europ\u00e9ens. L&rsquo;annonce, non-confirm\u00e9e \u00e0 cette heure, a \u00e9t\u00e9 \u00e9bruit\u00e9e par la presse anglaise (lire [&hellip;]","og_url":"https:\/\/stourm.news\/?p=3490","og_site_name":"STOURM","article_publisher":"https:\/\/www.facebook.com\/stourmnews\/","article_published_time":"2025-02-26T09:29:21+00:00","article_modified_time":"2025-02-26T15:15:06+00:00","og_image":[{"width":1200,"height":799,"url":"https:\/\/stourm.news\/wp-content\/uploads\/2025\/02\/1200px-150910-D-VO565-037_German_honor_guard_members_stand_in_formation_at_the_Defense_Ministry_in_Berlin_2015.jpg","type":"image\/jpeg"}],"author":"La r\u00e9daction","twitter_card":"summary_large_image","twitter_misc":{"\u00c9crit par":"La r\u00e9daction","Dur\u00e9e de lecture estim\u00e9e":"2 minutes"},"schema":{"@context":"https:\/\/schema.org","@graph":[{"@type":"Article","@id":"https:\/\/stourm.news\/?p=3490#article","isPartOf":{"@id":"https:\/\/stourm.news\/?p=3490"},"author":{"name":"La r\u00e9daction","@id":"https:\/\/stourm.news\/#\/schema\/person\/c3e1dc65988632e190969234ef046cf9"},"headline":"\u00c9ditorial : l&rsquo;Allemagne doit repenser sa place en Europe et assumer sa position de premi\u00e8re puissance continentale","datePublished":"2025-02-26T09:29:21+00:00","dateModified":"2025-02-26T15:15:06+00:00","mainEntityOfPage":{"@id":"https:\/\/stourm.news\/?p=3490"},"wordCount":499,"commentCount":0,"publisher":{"@id":"https:\/\/stourm.news\/#organization"},"image":{"@id":"https:\/\/stourm.news\/?p=3490#primaryimage"},"thumbnailUrl":"https:\/\/stourm.news\/wp-content\/uploads\/2025\/02\/1200px-150910-D-VO565-037_German_honor_guard_members_stand_in_formation_at_the_Defense_Ministry_in_Berlin_2015.jpg","articleSection":["Editorial","Principale"],"inLanguage":"fr-FR","potentialAction":[{"@type":"CommentAction","name":"Comment","target":["https:\/\/stourm.news\/?p=3490#respond"]}]},{"@type":"WebPage","@id":"https:\/\/stourm.news\/?p=3490","url":"https:\/\/stourm.news\/?p=3490","name":"\u00c9ditorial : l'Allemagne doit repenser sa place en Europe et assumer sa position de premi\u00e8re puissance continentale - STOURM","isPartOf":{"@id":"https:\/\/stourm.news\/#website"},"primaryImageOfPage":{"@id":"https:\/\/stourm.news\/?p=3490#primaryimage"},"image":{"@id":"https:\/\/stourm.news\/?p=3490#primaryimage"},"thumbnailUrl":"https:\/\/stourm.news\/wp-content\/uploads\/2025\/02\/1200px-150910-D-VO565-037_German_honor_guard_members_stand_in_formation_at_the_Defense_Ministry_in_Berlin_2015.jpg","datePublished":"2025-02-26T09:29:21+00:00","dateModified":"2025-02-26T15:15:06+00:00","breadcrumb":{"@id":"https:\/\/stourm.news\/?p=3490#breadcrumb"},"inLanguage":"fr-FR","potentialAction":[{"@type":"ReadAction","target":["https:\/\/stourm.news\/?p=3490"]}]},{"@type":"ImageObject","inLanguage":"fr-FR","@id":"https:\/\/stourm.news\/?p=3490#primaryimage","url":"https:\/\/stourm.news\/wp-content\/uploads\/2025\/02\/1200px-150910-D-VO565-037_German_honor_guard_members_stand_in_formation_at_the_Defense_Ministry_in_Berlin_2015.jpg","contentUrl":"https:\/\/stourm.news\/wp-content\/uploads\/2025\/02\/1200px-150910-D-VO565-037_German_honor_guard_members_stand_in_formation_at_the_Defense_Ministry_in_Berlin_2015.jpg","width":1200,"height":799},{"@type":"BreadcrumbList","@id":"https:\/\/stourm.news\/?p=3490#breadcrumb","itemListElement":[{"@type":"ListItem","position":1,"name":"Accueil","item":"https:\/\/stourm.news\/"},{"@type":"ListItem","position":2,"name":"\u00c9ditorial : l&rsquo;Allemagne doit repenser sa place en Europe et assumer sa position de premi\u00e8re puissance continentale"}]},{"@type":"WebSite","@id":"https:\/\/stourm.news\/#website","url":"https:\/\/stourm.news\/","name":"Stourm","description":"Kazetenn Strollad Broadel Breizh","publisher":{"@id":"https:\/\/stourm.news\/#organization"},"potentialAction":[{"@type":"SearchAction","target":{"@type":"EntryPoint","urlTemplate":"https:\/\/stourm.news\/?s={search_term_string}"},"query-input":{"@type":"PropertyValueSpecification","valueRequired":true,"valueName":"search_term_string"}}],"inLanguage":"fr-FR"},{"@type":"Organization","@id":"https:\/\/stourm.news\/#organization","name":"Stourm","url":"https:\/\/stourm.news\/","logo":{"@type":"ImageObject","inLanguage":"fr-FR","@id":"https:\/\/stourm.news\/#\/schema\/logo\/image\/","url":"https:\/\/stourm.news\/wp-content\/uploads\/2025\/11\/cropped-Capture-decran-2025-11-28-a-15.19.07.png","contentUrl":"https:\/\/stourm.news\/wp-content\/uploads\/2025\/11\/cropped-Capture-decran-2025-11-28-a-15.19.07.png","width":1855,"height":383,"caption":"Stourm"},"image":{"@id":"https:\/\/stourm.news\/#\/schema\/logo\/image\/"},"sameAs":["https:\/\/www.facebook.com\/stourmnews\/"]},{"@type":"Person","@id":"https:\/\/stourm.news\/#\/schema\/person\/c3e1dc65988632e190969234ef046cf9","name":"La r\u00e9daction","image":{"@type":"ImageObject","inLanguage":"fr-FR","@id":"https:\/\/stourm.news\/#\/schema\/person\/image\/","url":"https:\/\/secure.gravatar.com\/avatar\/7463443f194b6b5fb706b074ca0ef59a0cfcfd720cb47764b0ec5a952ce422b3?s=96&d=mm&r=g","contentUrl":"https:\/\/secure.gravatar.com\/avatar\/7463443f194b6b5fb706b074ca0ef59a0cfcfd720cb47764b0ec5a952ce422b3?s=96&d=mm&r=g","caption":"La r\u00e9daction"},"sameAs":["https:\/\/stourm.news"],"url":"https:\/\/stourm.news\/?author=1"}]}},"_links":{"self":[{"href":"https:\/\/stourm.news\/index.php?rest_route=\/wp\/v2\/posts\/3490","targetHints":{"allow":["GET"]}}],"collection":[{"href":"https:\/\/stourm.news\/index.php?rest_route=\/wp\/v2\/posts"}],"about":[{"href":"https:\/\/stourm.news\/index.php?rest_route=\/wp\/v2\/types\/post"}],"author":[{"embeddable":true,"href":"https:\/\/stourm.news\/index.php?rest_route=\/wp\/v2\/users\/1"}],"replies":[{"embeddable":true,"href":"https:\/\/stourm.news\/index.php?rest_route=%2Fwp%2Fv2%2Fcomments&post=3490"}],"version-history":[{"count":2,"href":"https:\/\/stourm.news\/index.php?rest_route=\/wp\/v2\/posts\/3490\/revisions"}],"predecessor-version":[{"id":3500,"href":"https:\/\/stourm.news\/index.php?rest_route=\/wp\/v2\/posts\/3490\/revisions\/3500"}],"wp:featuredmedia":[{"embeddable":true,"href":"https:\/\/stourm.news\/index.php?rest_route=\/wp\/v2\/media\/3491"}],"wp:attachment":[{"href":"https:\/\/stourm.news\/index.php?rest_route=%2Fwp%2Fv2%2Fmedia&parent=3490"}],"wp:term":[{"taxonomy":"category","embeddable":true,"href":"https:\/\/stourm.news\/index.php?rest_route=%2Fwp%2Fv2%2Fcategories&post=3490"},{"taxonomy":"post_tag","embeddable":true,"href":"https:\/\/stourm.news\/index.php?rest_route=%2Fwp%2Fv2%2Ftags&post=3490"}],"curies":[{"name":"wp","href":"https:\/\/api.w.org\/{rel}","templated":true}]}}