{"id":3501,"date":"2025-02-26T16:47:37","date_gmt":"2025-02-26T16:47:37","guid":{"rendered":"https:\/\/stourm.news\/?p=3501"},"modified":"2025-02-26T16:47:37","modified_gmt":"2025-02-26T16:47:37","slug":"de-lallemagne-a-lalgerie-lhypocrisie-memorielle-francaise","status":"publish","type":"post","link":"https:\/\/stourm.news\/?p=3501","title":{"rendered":"De l&rsquo;Allemagne \u00e0 l&rsquo;Alg\u00e9rie : l&rsquo;hypocrisie m\u00e9morielle fran\u00e7aise"},"content":{"rendered":"<p style=\"text-align: justify;\">Les propos de l&rsquo;\u00e9ditorialiste fran\u00e7ais Jean-Michel Aphatie selon qui \u00ab\u00a0La France a fait des centaines d&rsquo;Oradour-sur-Glane en Alg\u00e9rie\u00a0\u00bb ont d\u00e9clench\u00e9 une virulente pol\u00e9mique qui marque l&rsquo;incapacit\u00e9 de la soci\u00e9t\u00e9 fran\u00e7aise \u00e0 s&rsquo;appliquer ce qu&rsquo;elle utilise contre l&rsquo;Allemagne depuis 1945 : une m\u00e9moire officielle politis\u00e9e.<\/p>\n<p><strong>Oradour, un mythe r\u00e9sistantialiste<\/strong><\/p>\n<p style=\"text-align: justify;\">Tout d&rsquo;abord, il faut revenir sur l&rsquo;affaire d&rsquo;Oradour-sur-Glane. Contrairement \u00e0 d&rsquo;autres pays d&rsquo;Europe, la pr\u00e9sence allemande en France a \u00e9t\u00e9 ordonn\u00e9e et n&rsquo;a pas donn\u00e9 lieu \u00e0 des campagnes de destruction \u00e0 grande \u00e9chelle de la part de la Wehrmacht. La cause ? La tr\u00e8s faible r\u00e9sistance fran\u00e7aise, \u00e0 peine 250,000 membres sur toute la dur\u00e9e de la guerre pour 25,000 morts. Un bilan qui contraste par exemple avec la Gr\u00e8ce o\u00f9 un Grec sur sept est mort durant le conflit.<\/p>\n<p style=\"text-align: justify;\">La victimisation officielle est imm\u00e9diatement devenue une arme du gouvernement provisoire gaullo-communiste en mal de l\u00e9gitimit\u00e9 politique dans un pays qui soutenait massivement le Mar\u00e9chal Philippe P\u00e9tain. Dramatiser l&rsquo;occupation allemande, c&rsquo;est pouvoir accuser ses ennemis politiques de collusion avec des criminels et plus ais\u00e9ment les neutraliser. Les exactions \u00e9parses qui sont cit\u00e9es par la propagande de l&rsquo;\u00e9poque sont toujours li\u00e9es \u00e0 des op\u00e9rations de contre-gu\u00e9rilla de l&rsquo;arm\u00e9e allemande, g\u00e9n\u00e9ralement dans le but de retrouver les membres des bandes arm\u00e9es du Parti communiste qui, \u00e0 cette \u00e9poque, voulaient \u00e9tablir une r\u00e9publique bolchevique en France avec l&rsquo;aide de l&rsquo;Arm\u00e9e rouge qui s&rsquo;enfon\u00e7ait au centre de l&rsquo;Europe. Si de telles exactions sont tragiques, elles sont rest\u00e9es marginales et n&rsquo;ont jamais pris un caract\u00e8re syst\u00e9matique.<\/p>\n<p style=\"text-align: justify;\">Faute de tueries de masse, Oradour-sur-Glane va \u00eatre cit\u00e9e abondamment. Aujourd&rsquo;hui la th\u00e8se officielle est mise \u00e0 mal par des auteurs r\u00e9visionnistes qui, \u00e0 l&rsquo;instar de l&rsquo;auteur Vincent Reynouard, invoquent, sur la base de constats scientifiques r\u00e9alis\u00e9s dans l&rsquo;\u00e9glise d&rsquo;Oradour, mais aussi de t\u00e9moignages et de d\u00e9couvertes nouvelles, une explosion sous le toit de l&rsquo;\u00e9glise, probablement d&rsquo;un d\u00e9p\u00f4t de munitions clandestin du maquis communiste local. En plus de tuer les femmes et les enfants gard\u00e9s dans l&rsquo;\u00e9glise, cette explosion aurait pr\u00e9cipit\u00e9 l&rsquo;ordre de proc\u00e9der \u00e0 l&rsquo;ex\u00e9cution des hommes retenus prisonniers dans les granges de la commune. L&rsquo;arm\u00e9e allemande menait alors des recherches pour retrouver des officiers kidnapp\u00e9s par les communistes et redoutait une attaque imminente des maquisards, raison pour laquelle ils avaient arr\u00eat\u00e9 les hommes du village en \u00e2ge de porter les armes.<\/p>\n<p style=\"text-align: justify;\">Bancale et vivement d\u00e9nonc\u00e9e en Alsace, l&rsquo;affaire a discr\u00e8tement men\u00e9 apr\u00e8s-guerre \u00e0 la lib\u00e9ration des soldats alsaciens de la Division Das Reich poursuivis pour leur participation \u00e0 l&rsquo;op\u00e9ration. Rappelons qu&rsquo;\u00e0 la m\u00eame \u00e9poque et jusqu&rsquo;\u00e0 la chute de l&rsquo;URSS, le Parti communiste pratiquait la d\u00e9sinformation syst\u00e9matique et n&rsquo;h\u00e9sitait pas \u00e0 accuser les Allemands d&rsquo;\u00eatre responsables de l&rsquo;ex\u00e9cution des 25,000 officiers polonais \u00e0 Katyn.<\/p>\n<p><strong>R\u00e9parations allemandes oui, r\u00e9parations \u00e0 l&rsquo;Alg\u00e9rie non<\/strong><\/p>\n<p style=\"text-align: justify;\">La version officielle d&rsquo;Oradour-sur-Glane a permis \u00e0 l&rsquo;\u00c9tat fran\u00e7ais de justifier une v\u00e9ritable politique de culpabilisation de l&rsquo;Allemagne apr\u00e8s la guerre, de justifier son occupation du pays et d&rsquo;exiger des r\u00e9parations. La France a ainsi exig\u00e9 et obtenu le vol d&rsquo;une part importante de l&rsquo;industrie allemande situ\u00e9e dans la partie occidentale de l&rsquo;Allemagne, l&rsquo;exploitation des ressources de charbon de la Sarre jusqu&rsquo;en 1955, d&rsquo;importants montants en liquide, ainsi que la r\u00e9duction en esclavage de pr\u00e8s de 750,000 soldats allemands prisonniers en France dont au moins 25,000 ont \u00e9t\u00e9 tu\u00e9s en d\u00e9tention, un chiffre probablement sous-\u00e9valu\u00e9.<\/p>\n<p style=\"text-align: justify;\">En toute coh\u00e9rence, l&rsquo;occupation de l&rsquo;Alg\u00e9rie et la d\u00e9faite de la France apr\u00e8s la guerre lib\u00e9ration (1954-1962) auraient d\u00fb entra\u00eener une politique de r\u00e9parations mat\u00e9rielles. Les faits sont \u00e9difiants :<\/p>\n<ul>\n<li style=\"text-align: justify;\">D\u00e8s 1830, la prise de l\u2019Alg\u00e9rie s\u2019est accompagn\u00e9e de massacres et de destructions massives. Par exemple, les \u00ab\u00a0enfumades\u00a0\u00bb \u2013 comme celle de la tribu des Ouled Riah en 1845, o\u00f9 des centaines de personnes ont \u00e9t\u00e9 asphyxi\u00e9es dans des grottes par l\u2019arm\u00e9e fran\u00e7aise sous les ordres du g\u00e9n\u00e9ral Bugeaud \u2013 sont des actes document\u00e9s. Ces pratiques visaient \u00e0 terroriser et soumettre la population.<\/li>\n<li style=\"text-align: justify;\">Spoliation et d\u00e9placements : des millions d\u2019hectares de terres ont \u00e9t\u00e9 confisqu\u00e9s auxAlg\u00e9riens pour les colons europ\u00e9ens, entra\u00eenant des famines et une mis\u00e8re g\u00e9n\u00e9ralis\u00e9e. Les populations indig\u00e8nes ont \u00e9t\u00e9 marginalis\u00e9es et soumises \u00e0 un r\u00e9gime discriminatoire (Code de l\u2019indig\u00e9nat).<\/li>\n<li style=\"text-align: justify;\">Massacres de civils : lors des r\u00e9voltes contre la colonisation, comme \u00e0 S\u00e9tif, Guelma et Kherrata en mai 1945, l\u2019arm\u00e9e, la police et des milices coloniales ont tu\u00e9 entre 6 000 et 20 000 Alg\u00e9riens (les estimations varient) apr\u00e8s des manifestations ind\u00e9pendantistes. Ces \u00e9v\u00e9nements ont \u00e9t\u00e9 une r\u00e9pression disproportionn\u00e9e contre des civils, souvent d\u00e9sarm\u00e9s.<\/li>\n<li style=\"text-align: justify;\">Torture syst\u00e9matique : l\u2019arm\u00e9e fran\u00e7aise a largement utilis\u00e9 la torture contre les combattants du FLN et les civils suspect\u00e9s de les soutenir. Le g\u00e9n\u00e9ral Paul Aussaresses a admis avoir tortur\u00e9 et ex\u00e9cut\u00e9 sommairement des prisonniers, une pratique institutionnalis\u00e9e lors de la bataille d\u2019Alger (1957). Les m\u00e9thodes incluaient \u00e9lectrocutions, noyades simul\u00e9es et mutilations.<\/li>\n<li style=\"text-align: justify;\">Massacres de villages : des op\u00e9rations de \u00ab\u00a0ratissage\u00a0\u00bb dans les campagnes ont entra\u00een\u00e9 des tueries indiscrimin\u00e9es. Par exemple, le massacre de Sakiet Sidi Youssef en 1958 (bombardement par l\u2019aviation fran\u00e7aise d\u2019un village frontalier tunisien, tuant des civils alg\u00e9riens) ou les repr\u00e9sailles dans les Aur\u00e8s et en Kabylie.<\/li>\n<li style=\"text-align: justify;\">Camps de regroupement : environ 2 millions d\u2019Alg\u00e9riens, soit un tiers de la population rurale, ont \u00e9t\u00e9 d\u00e9plac\u00e9s de force dans des camps surveill\u00e9s par l\u2019arm\u00e9e fran\u00e7aise pour couper le FLN de ses bases. Les conditions y \u00e9taient souvent inhumaines : malnutrition, maladies et mortalit\u00e9 \u00e9lev\u00e9e, notamment chez les enfants.<\/li>\n<li style=\"text-align: justify;\">Ex\u00e9cutions sommaires : des milliers de prisonniers ou suspects ont \u00e9t\u00e9 ex\u00e9cut\u00e9s sans proc\u00e8s, parfois jet\u00e9s vivants d\u2019h\u00e9licopt\u00e8res (\u00ab\u00a0crevettes Bigeard\u00a0\u00bb) ou abandonn\u00e9s en mer.<\/li>\n<li style=\"text-align: justify;\">Essais nucl\u00e9aires : apr\u00e8s 1962, mais dans la continuit\u00e9 coloniale, la France a effectu\u00e9 17 essais nucl\u00e9aires dans le Sahara (1960-1966), exposant des populations locales et des soldats \u00e0 des radiations, avec des cons\u00e9quences sanitaires graves encore visibles aujourd\u2019hui.<\/li>\n<\/ul>\n<p style=\"text-align: justify;\">Au total, au moins 250,000 Alg\u00e9riens ont trouv\u00e9 la mort durant la guerre d&rsquo;ind\u00e9pendance.\u00a0Si le gouvernement alg\u00e9rien utilise ces faits pour alimenter une confrontation politique avec l&rsquo;\u00c9tat fran\u00e7ais, la r\u00e9alit\u00e9 historique demeure et l&rsquo;attitude des responsables politiques fran\u00e7ais, notamment de droite ou d&rsquo;extr\u00eame-droite, consiste \u00e0 nier cette r\u00e9alit\u00e9, ou \u00e0 glorifier la colonisation en la pr\u00e9sentant comme un effort universellement b\u00e9n\u00e9fique pour les Alg\u00e9riens.<\/p>\n<p><strong>L&rsquo;hypocrisie fran\u00e7aise au pied du mur<\/strong><\/p>\n<p style=\"text-align: justify;\">Les r\u00e9actions tr\u00e8s vives que ces d\u00e9clarations suscitent sont tr\u00e8s peu li\u00e9es aux faits historiques \u00e9voqu\u00e9s. La crise de l&rsquo;immigration massive qui a entra\u00een\u00e9 la pr\u00e9sence de tr\u00e8s nombreux Alg\u00e9riens sur le territoire fran\u00e7ais est le terreau sur lequel ce n\u00e9gationnisme fran\u00e7ais se d\u00e9veloppe et aggrave les tensions d\u00e9j\u00e0 sous-jacentes avec l&rsquo;Alg\u00e9rie.<\/p>\n<p style=\"text-align: justify;\">Lorsque Michel Aphatie affirme implicitement que la colonisation fran\u00e7aise a \u00e9t\u00e9 beaucoup plus violente que l&rsquo;occupation allemande, c&rsquo;est un constat historique objectif qui renvoie les Fran\u00e7ais \u00e0 leur propre utilisation de la m\u00e9moire officielle pour se pr\u00e9senter en victimes de l&rsquo;Allemagne nationale-socialiste, un mythe fondateur de la Quatri\u00e8me et de la Cinqui\u00e8me R\u00e9publiques. Si les Fran\u00e7ais aiment cultiver ce mythe gr\u00e2ce \u00e0 des rites obligatoires (8 mai, 6 juin, etc.) et la convocation d&rsquo;une m\u00e9moire officielle via de nombreux documentaires, mus\u00e9es, exercices d&#8217;embrigadement, ils ne sont pas pr\u00eats \u00e0 admettre avoir jou\u00e9 le r\u00f4le de bourreau.<\/p>\n<p style=\"text-align: justify;\">De deux choses l&rsquo;une : soit la France accepte le principe de la m\u00e9moire officielle, avec son in\u00e9vitable exercice de culpabilit\u00e9 propre au cat\u00e9chisme qui l&rsquo;accompagne habituellement, soit elle le r\u00e9cuse et abandonne les mythes de la d\u00e9monologie antifasciste dont elle se sert pour d\u00e9l\u00e9gitimer et r\u00e9primer les oppositions qu&rsquo;elle rencontre, tant dans ses fronti\u00e8res actuelles qu&rsquo;\u00e0 l&rsquo;ext\u00e9rieur. Mais tant qu&rsquo;elle optera pour l&rsquo;hypocrisie, jouant toute honte bue sur les deux tableaux de l&rsquo;histoire, elle ne pourra pas se plaindre d&rsquo;\u00eatre convoqu\u00e9e \u00e0 son tour au tribunal m\u00e9moriel pour r\u00e9pondre des actes commis dans les colonies qu&rsquo;elle a brutalement soumises et souvent exploit\u00e9es. L&rsquo;arroseur arros\u00e9 ne s&rsquo;en tirera plus \u00e0 si bon compte.<\/p>\n<p style=\"text-align: right;\"><strong>Roparz Kernaleguen<\/strong><\/p>\n<p>&nbsp;<\/p>\n","protected":false},"excerpt":{"rendered":"<p>Les propos de l&rsquo;\u00e9ditorialiste fran\u00e7ais Jean-Michel Aphatie selon qui \u00ab\u00a0La France a fait des centaines d&rsquo;Oradour-sur-Glane en Alg\u00e9rie\u00a0\u00bb ont d\u00e9clench\u00e9 une virulente pol\u00e9mique qui marque l&rsquo;incapacit\u00e9 de la soci\u00e9t\u00e9 fran\u00e7aise \u00e0 s&rsquo;appliquer ce qu&rsquo;elle utilise contre l&rsquo;Allemagne depuis 1945 : une m\u00e9moire officielle politis\u00e9e. Oradour, un mythe r\u00e9sistantialiste Tout d&rsquo;abord, il faut revenir sur l&rsquo;affaire [&hellip;]<\/p>\n","protected":false},"author":1,"featured_media":3502,"comment_status":"open","ping_status":"open","sticky":false,"template":"","format":"standard","meta":{"sb_editor_width":"","footnotes":""},"categories":[63,67,65],"tags":[],"class_list":["post-3501","post","type-post","status-publish","format-standard","has-post-thumbnail","hentry","category-editorial","category-politique","category-principale"],"relative_dates":{"created":"1 an ago","modified":"1 an ago"},"yoast_head":"<!-- This site is optimized with the Yoast SEO plugin v26.3 - https:\/\/yoast.com\/wordpress\/plugins\/seo\/ -->\n<title>De l&#039;Allemagne \u00e0 l&#039;Alg\u00e9rie : l&#039;hypocrisie m\u00e9morielle fran\u00e7aise - STOURM<\/title>\n<meta name=\"robots\" content=\"index, follow, max-snippet:-1, max-image-preview:large, max-video-preview:-1\" \/>\n<link rel=\"canonical\" href=\"https:\/\/stourm.news\/?p=3501\" \/>\n<meta property=\"og:locale\" content=\"fr_FR\" \/>\n<meta property=\"og:type\" content=\"article\" \/>\n<meta property=\"og:title\" content=\"De l&#039;Allemagne \u00e0 l&#039;Alg\u00e9rie : l&#039;hypocrisie m\u00e9morielle fran\u00e7aise - STOURM\" \/>\n<meta property=\"og:description\" content=\"Les propos de l&rsquo;\u00e9ditorialiste fran\u00e7ais Jean-Michel Aphatie selon qui \u00ab\u00a0La France a fait des centaines d&rsquo;Oradour-sur-Glane en Alg\u00e9rie\u00a0\u00bb ont d\u00e9clench\u00e9 une virulente pol\u00e9mique qui marque l&rsquo;incapacit\u00e9 de la soci\u00e9t\u00e9 fran\u00e7aise \u00e0 s&rsquo;appliquer ce qu&rsquo;elle utilise contre l&rsquo;Allemagne depuis 1945 : une m\u00e9moire officielle politis\u00e9e. Oradour, un mythe r\u00e9sistantialiste Tout d&rsquo;abord, il faut revenir sur l&rsquo;affaire [&hellip;]\" \/>\n<meta property=\"og:url\" content=\"https:\/\/stourm.news\/?p=3501\" \/>\n<meta property=\"og:site_name\" content=\"STOURM\" \/>\n<meta property=\"article:publisher\" content=\"https:\/\/www.facebook.com\/stourmnews\/\" \/>\n<meta property=\"article:published_time\" content=\"2025-02-26T16:47:37+00:00\" \/>\n<meta property=\"og:image\" content=\"https:\/\/stourm.news\/wp-content\/uploads\/2025\/02\/Algerie_massacre_Setif_1945.jpg\" \/>\n\t<meta property=\"og:image:width\" content=\"1280\" \/>\n\t<meta property=\"og:image:height\" content=\"960\" \/>\n\t<meta property=\"og:image:type\" content=\"image\/jpeg\" \/>\n<meta name=\"author\" content=\"La r\u00e9daction\" \/>\n<meta name=\"twitter:card\" content=\"summary_large_image\" \/>\n<meta name=\"twitter:label1\" content=\"\u00c9crit par\" \/>\n\t<meta name=\"twitter:data1\" content=\"La r\u00e9daction\" \/>\n\t<meta name=\"twitter:label2\" content=\"Dur\u00e9e de lecture estim\u00e9e\" \/>\n\t<meta name=\"twitter:data2\" content=\"7 minutes\" \/>\n<script type=\"application\/ld+json\" class=\"yoast-schema-graph\">{\"@context\":\"https:\/\/schema.org\",\"@graph\":[{\"@type\":\"Article\",\"@id\":\"https:\/\/stourm.news\/?p=3501#article\",\"isPartOf\":{\"@id\":\"https:\/\/stourm.news\/?p=3501\"},\"author\":{\"name\":\"La r\u00e9daction\",\"@id\":\"https:\/\/stourm.news\/#\/schema\/person\/c3e1dc65988632e190969234ef046cf9\"},\"headline\":\"De l&rsquo;Allemagne \u00e0 l&rsquo;Alg\u00e9rie : l&rsquo;hypocrisie m\u00e9morielle fran\u00e7aise\",\"datePublished\":\"2025-02-26T16:47:37+00:00\",\"mainEntityOfPage\":{\"@id\":\"https:\/\/stourm.news\/?p=3501\"},\"wordCount\":1526,\"commentCount\":0,\"publisher\":{\"@id\":\"https:\/\/stourm.news\/#organization\"},\"image\":{\"@id\":\"https:\/\/stourm.news\/?p=3501#primaryimage\"},\"thumbnailUrl\":\"https:\/\/stourm.news\/wp-content\/uploads\/2025\/02\/Algerie_massacre_Setif_1945.jpg\",\"articleSection\":[\"Editorial\",\"Politique\",\"Principale\"],\"inLanguage\":\"fr-FR\",\"potentialAction\":[{\"@type\":\"CommentAction\",\"name\":\"Comment\",\"target\":[\"https:\/\/stourm.news\/?p=3501#respond\"]}]},{\"@type\":\"WebPage\",\"@id\":\"https:\/\/stourm.news\/?p=3501\",\"url\":\"https:\/\/stourm.news\/?p=3501\",\"name\":\"De l'Allemagne \u00e0 l'Alg\u00e9rie : l'hypocrisie m\u00e9morielle fran\u00e7aise - STOURM\",\"isPartOf\":{\"@id\":\"https:\/\/stourm.news\/#website\"},\"primaryImageOfPage\":{\"@id\":\"https:\/\/stourm.news\/?p=3501#primaryimage\"},\"image\":{\"@id\":\"https:\/\/stourm.news\/?p=3501#primaryimage\"},\"thumbnailUrl\":\"https:\/\/stourm.news\/wp-content\/uploads\/2025\/02\/Algerie_massacre_Setif_1945.jpg\",\"datePublished\":\"2025-02-26T16:47:37+00:00\",\"breadcrumb\":{\"@id\":\"https:\/\/stourm.news\/?p=3501#breadcrumb\"},\"inLanguage\":\"fr-FR\",\"potentialAction\":[{\"@type\":\"ReadAction\",\"target\":[\"https:\/\/stourm.news\/?p=3501\"]}]},{\"@type\":\"ImageObject\",\"inLanguage\":\"fr-FR\",\"@id\":\"https:\/\/stourm.news\/?p=3501#primaryimage\",\"url\":\"https:\/\/stourm.news\/wp-content\/uploads\/2025\/02\/Algerie_massacre_Setif_1945.jpg\",\"contentUrl\":\"https:\/\/stourm.news\/wp-content\/uploads\/2025\/02\/Algerie_massacre_Setif_1945.jpg\",\"width\":1280,\"height\":960},{\"@type\":\"BreadcrumbList\",\"@id\":\"https:\/\/stourm.news\/?p=3501#breadcrumb\",\"itemListElement\":[{\"@type\":\"ListItem\",\"position\":1,\"name\":\"Accueil\",\"item\":\"https:\/\/stourm.news\/\"},{\"@type\":\"ListItem\",\"position\":2,\"name\":\"De l&rsquo;Allemagne \u00e0 l&rsquo;Alg\u00e9rie : l&rsquo;hypocrisie m\u00e9morielle fran\u00e7aise\"}]},{\"@type\":\"WebSite\",\"@id\":\"https:\/\/stourm.news\/#website\",\"url\":\"https:\/\/stourm.news\/\",\"name\":\"Stourm\",\"description\":\"Kazetenn Strollad Broadel Breizh\",\"publisher\":{\"@id\":\"https:\/\/stourm.news\/#organization\"},\"potentialAction\":[{\"@type\":\"SearchAction\",\"target\":{\"@type\":\"EntryPoint\",\"urlTemplate\":\"https:\/\/stourm.news\/?s={search_term_string}\"},\"query-input\":{\"@type\":\"PropertyValueSpecification\",\"valueRequired\":true,\"valueName\":\"search_term_string\"}}],\"inLanguage\":\"fr-FR\"},{\"@type\":\"Organization\",\"@id\":\"https:\/\/stourm.news\/#organization\",\"name\":\"Stourm\",\"url\":\"https:\/\/stourm.news\/\",\"logo\":{\"@type\":\"ImageObject\",\"inLanguage\":\"fr-FR\",\"@id\":\"https:\/\/stourm.news\/#\/schema\/logo\/image\/\",\"url\":\"https:\/\/stourm.news\/wp-content\/uploads\/2025\/11\/cropped-Capture-decran-2025-11-28-a-15.19.07.png\",\"contentUrl\":\"https:\/\/stourm.news\/wp-content\/uploads\/2025\/11\/cropped-Capture-decran-2025-11-28-a-15.19.07.png\",\"width\":1855,\"height\":383,\"caption\":\"Stourm\"},\"image\":{\"@id\":\"https:\/\/stourm.news\/#\/schema\/logo\/image\/\"},\"sameAs\":[\"https:\/\/www.facebook.com\/stourmnews\/\"]},{\"@type\":\"Person\",\"@id\":\"https:\/\/stourm.news\/#\/schema\/person\/c3e1dc65988632e190969234ef046cf9\",\"name\":\"La r\u00e9daction\",\"image\":{\"@type\":\"ImageObject\",\"inLanguage\":\"fr-FR\",\"@id\":\"https:\/\/stourm.news\/#\/schema\/person\/image\/\",\"url\":\"https:\/\/secure.gravatar.com\/avatar\/7463443f194b6b5fb706b074ca0ef59a0cfcfd720cb47764b0ec5a952ce422b3?s=96&d=mm&r=g\",\"contentUrl\":\"https:\/\/secure.gravatar.com\/avatar\/7463443f194b6b5fb706b074ca0ef59a0cfcfd720cb47764b0ec5a952ce422b3?s=96&d=mm&r=g\",\"caption\":\"La r\u00e9daction\"},\"sameAs\":[\"https:\/\/stourm.news\"],\"url\":\"https:\/\/stourm.news\/?author=1\"}]}<\/script>\n<!-- \/ Yoast SEO plugin. -->","yoast_head_json":{"title":"De l'Allemagne \u00e0 l'Alg\u00e9rie : l'hypocrisie m\u00e9morielle fran\u00e7aise - STOURM","robots":{"index":"index","follow":"follow","max-snippet":"max-snippet:-1","max-image-preview":"max-image-preview:large","max-video-preview":"max-video-preview:-1"},"canonical":"https:\/\/stourm.news\/?p=3501","og_locale":"fr_FR","og_type":"article","og_title":"De l'Allemagne \u00e0 l'Alg\u00e9rie : l'hypocrisie m\u00e9morielle fran\u00e7aise - STOURM","og_description":"Les propos de l&rsquo;\u00e9ditorialiste fran\u00e7ais Jean-Michel Aphatie selon qui \u00ab\u00a0La France a fait des centaines d&rsquo;Oradour-sur-Glane en Alg\u00e9rie\u00a0\u00bb ont d\u00e9clench\u00e9 une virulente pol\u00e9mique qui marque l&rsquo;incapacit\u00e9 de la soci\u00e9t\u00e9 fran\u00e7aise \u00e0 s&rsquo;appliquer ce qu&rsquo;elle utilise contre l&rsquo;Allemagne depuis 1945 : une m\u00e9moire officielle politis\u00e9e. Oradour, un mythe r\u00e9sistantialiste Tout d&rsquo;abord, il faut revenir sur l&rsquo;affaire [&hellip;]","og_url":"https:\/\/stourm.news\/?p=3501","og_site_name":"STOURM","article_publisher":"https:\/\/www.facebook.com\/stourmnews\/","article_published_time":"2025-02-26T16:47:37+00:00","og_image":[{"width":1280,"height":960,"url":"https:\/\/stourm.news\/wp-content\/uploads\/2025\/02\/Algerie_massacre_Setif_1945.jpg","type":"image\/jpeg"}],"author":"La r\u00e9daction","twitter_card":"summary_large_image","twitter_misc":{"\u00c9crit par":"La r\u00e9daction","Dur\u00e9e de lecture estim\u00e9e":"7 minutes"},"schema":{"@context":"https:\/\/schema.org","@graph":[{"@type":"Article","@id":"https:\/\/stourm.news\/?p=3501#article","isPartOf":{"@id":"https:\/\/stourm.news\/?p=3501"},"author":{"name":"La r\u00e9daction","@id":"https:\/\/stourm.news\/#\/schema\/person\/c3e1dc65988632e190969234ef046cf9"},"headline":"De l&rsquo;Allemagne \u00e0 l&rsquo;Alg\u00e9rie : l&rsquo;hypocrisie m\u00e9morielle fran\u00e7aise","datePublished":"2025-02-26T16:47:37+00:00","mainEntityOfPage":{"@id":"https:\/\/stourm.news\/?p=3501"},"wordCount":1526,"commentCount":0,"publisher":{"@id":"https:\/\/stourm.news\/#organization"},"image":{"@id":"https:\/\/stourm.news\/?p=3501#primaryimage"},"thumbnailUrl":"https:\/\/stourm.news\/wp-content\/uploads\/2025\/02\/Algerie_massacre_Setif_1945.jpg","articleSection":["Editorial","Politique","Principale"],"inLanguage":"fr-FR","potentialAction":[{"@type":"CommentAction","name":"Comment","target":["https:\/\/stourm.news\/?p=3501#respond"]}]},{"@type":"WebPage","@id":"https:\/\/stourm.news\/?p=3501","url":"https:\/\/stourm.news\/?p=3501","name":"De l'Allemagne \u00e0 l'Alg\u00e9rie : l'hypocrisie m\u00e9morielle fran\u00e7aise - STOURM","isPartOf":{"@id":"https:\/\/stourm.news\/#website"},"primaryImageOfPage":{"@id":"https:\/\/stourm.news\/?p=3501#primaryimage"},"image":{"@id":"https:\/\/stourm.news\/?p=3501#primaryimage"},"thumbnailUrl":"https:\/\/stourm.news\/wp-content\/uploads\/2025\/02\/Algerie_massacre_Setif_1945.jpg","datePublished":"2025-02-26T16:47:37+00:00","breadcrumb":{"@id":"https:\/\/stourm.news\/?p=3501#breadcrumb"},"inLanguage":"fr-FR","potentialAction":[{"@type":"ReadAction","target":["https:\/\/stourm.news\/?p=3501"]}]},{"@type":"ImageObject","inLanguage":"fr-FR","@id":"https:\/\/stourm.news\/?p=3501#primaryimage","url":"https:\/\/stourm.news\/wp-content\/uploads\/2025\/02\/Algerie_massacre_Setif_1945.jpg","contentUrl":"https:\/\/stourm.news\/wp-content\/uploads\/2025\/02\/Algerie_massacre_Setif_1945.jpg","width":1280,"height":960},{"@type":"BreadcrumbList","@id":"https:\/\/stourm.news\/?p=3501#breadcrumb","itemListElement":[{"@type":"ListItem","position":1,"name":"Accueil","item":"https:\/\/stourm.news\/"},{"@type":"ListItem","position":2,"name":"De l&rsquo;Allemagne \u00e0 l&rsquo;Alg\u00e9rie : l&rsquo;hypocrisie m\u00e9morielle fran\u00e7aise"}]},{"@type":"WebSite","@id":"https:\/\/stourm.news\/#website","url":"https:\/\/stourm.news\/","name":"Stourm","description":"Kazetenn Strollad Broadel Breizh","publisher":{"@id":"https:\/\/stourm.news\/#organization"},"potentialAction":[{"@type":"SearchAction","target":{"@type":"EntryPoint","urlTemplate":"https:\/\/stourm.news\/?s={search_term_string}"},"query-input":{"@type":"PropertyValueSpecification","valueRequired":true,"valueName":"search_term_string"}}],"inLanguage":"fr-FR"},{"@type":"Organization","@id":"https:\/\/stourm.news\/#organization","name":"Stourm","url":"https:\/\/stourm.news\/","logo":{"@type":"ImageObject","inLanguage":"fr-FR","@id":"https:\/\/stourm.news\/#\/schema\/logo\/image\/","url":"https:\/\/stourm.news\/wp-content\/uploads\/2025\/11\/cropped-Capture-decran-2025-11-28-a-15.19.07.png","contentUrl":"https:\/\/stourm.news\/wp-content\/uploads\/2025\/11\/cropped-Capture-decran-2025-11-28-a-15.19.07.png","width":1855,"height":383,"caption":"Stourm"},"image":{"@id":"https:\/\/stourm.news\/#\/schema\/logo\/image\/"},"sameAs":["https:\/\/www.facebook.com\/stourmnews\/"]},{"@type":"Person","@id":"https:\/\/stourm.news\/#\/schema\/person\/c3e1dc65988632e190969234ef046cf9","name":"La r\u00e9daction","image":{"@type":"ImageObject","inLanguage":"fr-FR","@id":"https:\/\/stourm.news\/#\/schema\/person\/image\/","url":"https:\/\/secure.gravatar.com\/avatar\/7463443f194b6b5fb706b074ca0ef59a0cfcfd720cb47764b0ec5a952ce422b3?s=96&d=mm&r=g","contentUrl":"https:\/\/secure.gravatar.com\/avatar\/7463443f194b6b5fb706b074ca0ef59a0cfcfd720cb47764b0ec5a952ce422b3?s=96&d=mm&r=g","caption":"La r\u00e9daction"},"sameAs":["https:\/\/stourm.news"],"url":"https:\/\/stourm.news\/?author=1"}]}},"_links":{"self":[{"href":"https:\/\/stourm.news\/index.php?rest_route=\/wp\/v2\/posts\/3501","targetHints":{"allow":["GET"]}}],"collection":[{"href":"https:\/\/stourm.news\/index.php?rest_route=\/wp\/v2\/posts"}],"about":[{"href":"https:\/\/stourm.news\/index.php?rest_route=\/wp\/v2\/types\/post"}],"author":[{"embeddable":true,"href":"https:\/\/stourm.news\/index.php?rest_route=\/wp\/v2\/users\/1"}],"replies":[{"embeddable":true,"href":"https:\/\/stourm.news\/index.php?rest_route=%2Fwp%2Fv2%2Fcomments&post=3501"}],"version-history":[{"count":1,"href":"https:\/\/stourm.news\/index.php?rest_route=\/wp\/v2\/posts\/3501\/revisions"}],"predecessor-version":[{"id":3503,"href":"https:\/\/stourm.news\/index.php?rest_route=\/wp\/v2\/posts\/3501\/revisions\/3503"}],"wp:featuredmedia":[{"embeddable":true,"href":"https:\/\/stourm.news\/index.php?rest_route=\/wp\/v2\/media\/3502"}],"wp:attachment":[{"href":"https:\/\/stourm.news\/index.php?rest_route=%2Fwp%2Fv2%2Fmedia&parent=3501"}],"wp:term":[{"taxonomy":"category","embeddable":true,"href":"https:\/\/stourm.news\/index.php?rest_route=%2Fwp%2Fv2%2Fcategories&post=3501"},{"taxonomy":"post_tag","embeddable":true,"href":"https:\/\/stourm.news\/index.php?rest_route=%2Fwp%2Fv2%2Ftags&post=3501"}],"curies":[{"name":"wp","href":"https:\/\/api.w.org\/{rel}","templated":true}]}}