{"id":3505,"date":"2025-02-27T15:54:06","date_gmt":"2025-02-27T15:54:06","guid":{"rendered":"https:\/\/stourm.news\/?p=3505"},"modified":"2025-02-27T15:54:15","modified_gmt":"2025-02-27T15:54:15","slug":"emsav-27-fevrier-1879-naissance-de-labbe-francois-marie-madec-activiste-breton","status":"publish","type":"post","link":"https:\/\/stourm.news\/?p=3505","title":{"rendered":"Emsav : 27 f\u00e9vrier 1879, naissance de l&rsquo;abb\u00e9 Fran\u00e7ois-Marie Madec, activiste breton"},"content":{"rendered":"<p style=\"text-align: justify;\"><strong>EMSAV &#8211;\u00a0<\/strong>L\u2019abb\u00e9 Fran\u00e7ois-Marie Madec est n\u00e9 le 27 f\u00e9vrier 1879 \u00e0 Ploun\u00e9our-M\u00e9nez, il est d\u00e9c\u00e9d\u00e9 le 19 d\u00e9cembre 1936 \u00e0 Brest. En tant qu\u2019eccl\u00e9siastique, c\u2019est un pionnier de l\u2019action sociale, c\u2019est aussi un ardent d\u00e9fenseur de la culture bretonne. En Bretagne, au moins six rues portent son nom, d&rsquo;apr\u00e8s Les Noms qui ont fait l&rsquo;histoire de Bretagne.<\/p>\n<p><img fetchpriority=\"high\" decoding=\"async\" class=\"alignnone size-medium\" src=\"https:\/\/media.letelegramme.fr\/api\/v1\/images\/view\/66e2bab62bf4c160be04514c\/web_golden_xl\/66e2bab62bf4c160be04514c.1\" width=\"960\" height=\"600\" \/><\/p>\n<p style=\"text-align: center;\"><em>Petit s\u00e9minaire de Pont-Croix<\/em><\/p>\n<p style=\"text-align: justify;\">Apr\u00e8s des \u00e9tudes au petit s\u00e9minaire de Pont-Croix, puis au s\u00e9minaire de Quimper (docteur en droit canon, licenci\u00e9 \u00e8s lettres), il est ordonn\u00e9 pr\u00eatre et s\u2019installe \u00e0 Paris en 1903 o\u00f9 il est enseignant au coll\u00e8ge de l\u2019Immacul\u00e9e Conception. Particuli\u00e8rement \u00e0 l\u2019\u00e9coute du monde ouvrier, il rejoint le mouvement Le Sillon, cr\u00e9\u00e9 par Marc Sangnier et s\u2019engage dans un catholicisme social.<\/p>\n<p style=\"text-align: justify;\">En 1906, il retourne en Bretagne, nomm\u00e9 vicaire de la paroisse du Relecq-Kerhuon. La proximit\u00e9 de Brest lui permet de mettre en pratique ses id\u00e9es progressistes et lui vaut le surnom de \u00ab Madec-social \u00bb. Au-del\u00e0 de sa mission pastorale, il cr\u00e9e une coop\u00e9rative ouvri\u00e8re et une mutuelle-incendie pour les paysans.<\/p>\n<p style=\"text-align: justify;\">\u00c0 partir de 1907, il publie une revue bimensuelle La Quinzaine Ouvri\u00e8re qui, en 1912 devient Le Militant. Il participe \u00e0 l\u2019Union des apprentis de l\u2019arsenal et fonde le Syndicat professionnel de l\u2019arsenal. Il dirige en 1913 une campagne contre le Cercle N\u00e9o-malthusien de Brest devenu entre-temps le Groupe d\u2019\u00e9tudes scientifiques. Mobilis\u00e9 pendant la Premi\u00e8re Guerre mondiale, sa conduite d&rsquo;aum\u00f4nier brancardier lui vaut d\u2019\u00eatre fait chevalier de la L\u00e9gion d&rsquo;honneur.<\/p>\n<p style=\"text-align: justify;\">Il est pendant quelque temps recteur de la paroisse de Goulven, puis il est nomm\u00e9 \u00e0 l\u2019aum\u00f4nerie du Refuge \u00e0 Brest. Il cr\u00e9e un nouveau journal hebdomadaire L\u2019Armoricain dans lequel il expose ses th\u00e8ses <strong>r\u00e9gionalistes<\/strong>, puis un autre titre, <strong>La Patrie bretonne<\/strong>. En 1927, il est secr\u00e9taire g\u00e9n\u00e9ral du mouvement <strong>Bleun-Brug<\/strong>, cr\u00e9\u00e9 en 1905 par l\u2019abb\u00e9 Perrot, mais le quitte en 1929 pour cr\u00e9er le mouvement catholique r\u00e9gionaliste <strong>Adsao<\/strong>.<\/p>\n<p><img decoding=\"async\" class=\"alignnone wp-image-3506 size-full\" src=\"https:\/\/stourm.news\/wp-content\/uploads\/2025\/02\/Capture-decran-2025-02-28-a-00.51.31.png\" alt=\"\" width=\"1786\" height=\"1214\" srcset=\"https:\/\/stourm.news\/wp-content\/uploads\/2025\/02\/Capture-decran-2025-02-28-a-00.51.31.png 1786w, https:\/\/stourm.news\/wp-content\/uploads\/2025\/02\/Capture-decran-2025-02-28-a-00.51.31-300x204.png 300w, https:\/\/stourm.news\/wp-content\/uploads\/2025\/02\/Capture-decran-2025-02-28-a-00.51.31-1024x696.png 1024w, https:\/\/stourm.news\/wp-content\/uploads\/2025\/02\/Capture-decran-2025-02-28-a-00.51.31-768x522.png 768w, https:\/\/stourm.news\/wp-content\/uploads\/2025\/02\/Capture-decran-2025-02-28-a-00.51.31-1536x1044.png 1536w\" sizes=\"(max-width: 1786px) 100vw, 1786px\" \/><\/p>\n<p style=\"text-align: justify;\">Il cr\u00e9e alors le mouvement Adsao en novembre 1929 avec une demi-douzaine de personnes r\u00e9unies \u00e0 Brest. Le num\u00e9ro 1 de la revue mensuelle du m\u00eame nom para\u00eet le 1er juin 1930 et annonce que le but d&rsquo;Adsao est de \u00ab lib\u00e9rer des entraves arbitraires les forces actives de la r\u00e9gion et \u00e0 restituer aux repr\u00e9sentants de la province les moyens l\u00e9gaux d&rsquo;assurer la vitalit\u00e9 de la race, l&rsquo;essor de sa culture intellectuelle et morale, la prosp\u00e9rit\u00e9 de ses int\u00e9r\u00eats commerciaux, industriels, agricoles et maritimes. \u00bb<\/p>\n<p style=\"text-align: right;\"><strong>Olwen Kerdrel<\/strong><\/p>\n","protected":false},"excerpt":{"rendered":"<p>EMSAV &#8211;\u00a0L\u2019abb\u00e9 Fran\u00e7ois-Marie Madec est n\u00e9 le 27 f\u00e9vrier 1879 \u00e0 Ploun\u00e9our-M\u00e9nez, il est d\u00e9c\u00e9d\u00e9 le 19 d\u00e9cembre 1936 \u00e0 Brest. En tant qu\u2019eccl\u00e9siastique, c\u2019est un pionnier de l\u2019action sociale, c\u2019est aussi un ardent d\u00e9fenseur de la culture bretonne. En Bretagne, au moins six rues portent son nom, d&rsquo;apr\u00e8s Les Noms qui ont fait l&rsquo;histoire [&hellip;]<\/p>\n","protected":false},"author":1,"featured_media":3506,"comment_status":"open","ping_status":"open","sticky":false,"template":"","format":"standard","meta":{"sb_editor_width":"","footnotes":""},"categories":[58,74,65],"tags":[],"class_list":["post-3505","post","type-post","status-publish","format-standard","has-post-thumbnail","hentry","category-breizh","category-emsav","category-principale"],"relative_dates":{"created":"1 an ago","modified":"1 an ago"},"yoast_head":"<!-- This site is optimized with the Yoast SEO plugin v26.3 - https:\/\/yoast.com\/wordpress\/plugins\/seo\/ -->\n<title>Emsav : 27 f\u00e9vrier 1879, naissance de l&#039;abb\u00e9 Fran\u00e7ois-Marie Madec, activiste breton - STOURM<\/title>\n<meta name=\"robots\" content=\"index, follow, max-snippet:-1, max-image-preview:large, max-video-preview:-1\" \/>\n<link rel=\"canonical\" href=\"https:\/\/stourm.news\/?p=3505\" \/>\n<meta property=\"og:locale\" content=\"fr_FR\" \/>\n<meta property=\"og:type\" content=\"article\" \/>\n<meta property=\"og:title\" content=\"Emsav : 27 f\u00e9vrier 1879, naissance de l&#039;abb\u00e9 Fran\u00e7ois-Marie Madec, activiste breton - STOURM\" \/>\n<meta property=\"og:description\" content=\"EMSAV &#8211;\u00a0L\u2019abb\u00e9 Fran\u00e7ois-Marie Madec est n\u00e9 le 27 f\u00e9vrier 1879 \u00e0 Ploun\u00e9our-M\u00e9nez, il est d\u00e9c\u00e9d\u00e9 le 19 d\u00e9cembre 1936 \u00e0 Brest. En tant qu\u2019eccl\u00e9siastique, c\u2019est un pionnier de l\u2019action sociale, c\u2019est aussi un ardent d\u00e9fenseur de la culture bretonne. En Bretagne, au moins six rues portent son nom, d&rsquo;apr\u00e8s Les Noms qui ont fait l&rsquo;histoire [&hellip;]\" \/>\n<meta property=\"og:url\" content=\"https:\/\/stourm.news\/?p=3505\" \/>\n<meta property=\"og:site_name\" content=\"STOURM\" \/>\n<meta property=\"article:publisher\" content=\"https:\/\/www.facebook.com\/stourmnews\/\" \/>\n<meta property=\"article:published_time\" content=\"2025-02-27T15:54:06+00:00\" \/>\n<meta property=\"article:modified_time\" content=\"2025-02-27T15:54:15+00:00\" \/>\n<meta property=\"og:image\" content=\"https:\/\/stourm.news\/wp-content\/uploads\/2025\/02\/Capture-decran-2025-02-28-a-00.51.31.png\" \/>\n\t<meta property=\"og:image:width\" content=\"1786\" \/>\n\t<meta property=\"og:image:height\" content=\"1214\" \/>\n\t<meta property=\"og:image:type\" content=\"image\/png\" \/>\n<meta name=\"author\" content=\"La r\u00e9daction\" \/>\n<meta name=\"twitter:card\" content=\"summary_large_image\" \/>\n<meta name=\"twitter:label1\" content=\"\u00c9crit par\" \/>\n\t<meta name=\"twitter:data1\" content=\"La r\u00e9daction\" \/>\n\t<meta name=\"twitter:label2\" content=\"Dur\u00e9e de lecture estim\u00e9e\" \/>\n\t<meta name=\"twitter:data2\" content=\"3 minutes\" \/>\n<script type=\"application\/ld+json\" class=\"yoast-schema-graph\">{\"@context\":\"https:\/\/schema.org\",\"@graph\":[{\"@type\":\"Article\",\"@id\":\"https:\/\/stourm.news\/?p=3505#article\",\"isPartOf\":{\"@id\":\"https:\/\/stourm.news\/?p=3505\"},\"author\":{\"name\":\"La r\u00e9daction\",\"@id\":\"https:\/\/stourm.news\/#\/schema\/person\/c3e1dc65988632e190969234ef046cf9\"},\"headline\":\"Emsav : 27 f\u00e9vrier 1879, naissance de l&rsquo;abb\u00e9 Fran\u00e7ois-Marie Madec, activiste breton\",\"datePublished\":\"2025-02-27T15:54:06+00:00\",\"dateModified\":\"2025-02-27T15:54:15+00:00\",\"mainEntityOfPage\":{\"@id\":\"https:\/\/stourm.news\/?p=3505\"},\"wordCount\":456,\"commentCount\":0,\"publisher\":{\"@id\":\"https:\/\/stourm.news\/#organization\"},\"image\":{\"@id\":\"https:\/\/stourm.news\/?p=3505#primaryimage\"},\"thumbnailUrl\":\"https:\/\/stourm.news\/wp-content\/uploads\/2025\/02\/Capture-decran-2025-02-28-a-00.51.31.png\",\"articleSection\":[\"Breizh\",\"Emsav\",\"Principale\"],\"inLanguage\":\"fr-FR\",\"potentialAction\":[{\"@type\":\"CommentAction\",\"name\":\"Comment\",\"target\":[\"https:\/\/stourm.news\/?p=3505#respond\"]}]},{\"@type\":\"WebPage\",\"@id\":\"https:\/\/stourm.news\/?p=3505\",\"url\":\"https:\/\/stourm.news\/?p=3505\",\"name\":\"Emsav : 27 f\u00e9vrier 1879, naissance de l'abb\u00e9 Fran\u00e7ois-Marie Madec, activiste breton - STOURM\",\"isPartOf\":{\"@id\":\"https:\/\/stourm.news\/#website\"},\"primaryImageOfPage\":{\"@id\":\"https:\/\/stourm.news\/?p=3505#primaryimage\"},\"image\":{\"@id\":\"https:\/\/stourm.news\/?p=3505#primaryimage\"},\"thumbnailUrl\":\"https:\/\/stourm.news\/wp-content\/uploads\/2025\/02\/Capture-decran-2025-02-28-a-00.51.31.png\",\"datePublished\":\"2025-02-27T15:54:06+00:00\",\"dateModified\":\"2025-02-27T15:54:15+00:00\",\"breadcrumb\":{\"@id\":\"https:\/\/stourm.news\/?p=3505#breadcrumb\"},\"inLanguage\":\"fr-FR\",\"potentialAction\":[{\"@type\":\"ReadAction\",\"target\":[\"https:\/\/stourm.news\/?p=3505\"]}]},{\"@type\":\"ImageObject\",\"inLanguage\":\"fr-FR\",\"@id\":\"https:\/\/stourm.news\/?p=3505#primaryimage\",\"url\":\"https:\/\/stourm.news\/wp-content\/uploads\/2025\/02\/Capture-decran-2025-02-28-a-00.51.31.png\",\"contentUrl\":\"https:\/\/stourm.news\/wp-content\/uploads\/2025\/02\/Capture-decran-2025-02-28-a-00.51.31.png\",\"width\":1786,\"height\":1214},{\"@type\":\"BreadcrumbList\",\"@id\":\"https:\/\/stourm.news\/?p=3505#breadcrumb\",\"itemListElement\":[{\"@type\":\"ListItem\",\"position\":1,\"name\":\"Accueil\",\"item\":\"https:\/\/stourm.news\/\"},{\"@type\":\"ListItem\",\"position\":2,\"name\":\"Emsav : 27 f\u00e9vrier 1879, naissance de l&rsquo;abb\u00e9 Fran\u00e7ois-Marie Madec, activiste breton\"}]},{\"@type\":\"WebSite\",\"@id\":\"https:\/\/stourm.news\/#website\",\"url\":\"https:\/\/stourm.news\/\",\"name\":\"Stourm\",\"description\":\"Kazetenn Strollad Broadel Breizh\",\"publisher\":{\"@id\":\"https:\/\/stourm.news\/#organization\"},\"potentialAction\":[{\"@type\":\"SearchAction\",\"target\":{\"@type\":\"EntryPoint\",\"urlTemplate\":\"https:\/\/stourm.news\/?s={search_term_string}\"},\"query-input\":{\"@type\":\"PropertyValueSpecification\",\"valueRequired\":true,\"valueName\":\"search_term_string\"}}],\"inLanguage\":\"fr-FR\"},{\"@type\":\"Organization\",\"@id\":\"https:\/\/stourm.news\/#organization\",\"name\":\"Stourm\",\"url\":\"https:\/\/stourm.news\/\",\"logo\":{\"@type\":\"ImageObject\",\"inLanguage\":\"fr-FR\",\"@id\":\"https:\/\/stourm.news\/#\/schema\/logo\/image\/\",\"url\":\"https:\/\/stourm.news\/wp-content\/uploads\/2025\/11\/cropped-Capture-decran-2025-11-28-a-15.19.07.png\",\"contentUrl\":\"https:\/\/stourm.news\/wp-content\/uploads\/2025\/11\/cropped-Capture-decran-2025-11-28-a-15.19.07.png\",\"width\":1855,\"height\":383,\"caption\":\"Stourm\"},\"image\":{\"@id\":\"https:\/\/stourm.news\/#\/schema\/logo\/image\/\"},\"sameAs\":[\"https:\/\/www.facebook.com\/stourmnews\/\"]},{\"@type\":\"Person\",\"@id\":\"https:\/\/stourm.news\/#\/schema\/person\/c3e1dc65988632e190969234ef046cf9\",\"name\":\"La r\u00e9daction\",\"image\":{\"@type\":\"ImageObject\",\"inLanguage\":\"fr-FR\",\"@id\":\"https:\/\/stourm.news\/#\/schema\/person\/image\/\",\"url\":\"https:\/\/secure.gravatar.com\/avatar\/7463443f194b6b5fb706b074ca0ef59a0cfcfd720cb47764b0ec5a952ce422b3?s=96&d=mm&r=g\",\"contentUrl\":\"https:\/\/secure.gravatar.com\/avatar\/7463443f194b6b5fb706b074ca0ef59a0cfcfd720cb47764b0ec5a952ce422b3?s=96&d=mm&r=g\",\"caption\":\"La r\u00e9daction\"},\"sameAs\":[\"https:\/\/stourm.news\"],\"url\":\"https:\/\/stourm.news\/?author=1\"}]}<\/script>\n<!-- \/ Yoast SEO plugin. -->","yoast_head_json":{"title":"Emsav : 27 f\u00e9vrier 1879, naissance de l'abb\u00e9 Fran\u00e7ois-Marie Madec, activiste breton - STOURM","robots":{"index":"index","follow":"follow","max-snippet":"max-snippet:-1","max-image-preview":"max-image-preview:large","max-video-preview":"max-video-preview:-1"},"canonical":"https:\/\/stourm.news\/?p=3505","og_locale":"fr_FR","og_type":"article","og_title":"Emsav : 27 f\u00e9vrier 1879, naissance de l'abb\u00e9 Fran\u00e7ois-Marie Madec, activiste breton - STOURM","og_description":"EMSAV &#8211;\u00a0L\u2019abb\u00e9 Fran\u00e7ois-Marie Madec est n\u00e9 le 27 f\u00e9vrier 1879 \u00e0 Ploun\u00e9our-M\u00e9nez, il est d\u00e9c\u00e9d\u00e9 le 19 d\u00e9cembre 1936 \u00e0 Brest. En tant qu\u2019eccl\u00e9siastique, c\u2019est un pionnier de l\u2019action sociale, c\u2019est aussi un ardent d\u00e9fenseur de la culture bretonne. En Bretagne, au moins six rues portent son nom, d&rsquo;apr\u00e8s Les Noms qui ont fait l&rsquo;histoire [&hellip;]","og_url":"https:\/\/stourm.news\/?p=3505","og_site_name":"STOURM","article_publisher":"https:\/\/www.facebook.com\/stourmnews\/","article_published_time":"2025-02-27T15:54:06+00:00","article_modified_time":"2025-02-27T15:54:15+00:00","og_image":[{"width":1786,"height":1214,"url":"https:\/\/stourm.news\/wp-content\/uploads\/2025\/02\/Capture-decran-2025-02-28-a-00.51.31.png","type":"image\/png"}],"author":"La r\u00e9daction","twitter_card":"summary_large_image","twitter_misc":{"\u00c9crit par":"La r\u00e9daction","Dur\u00e9e de lecture estim\u00e9e":"3 minutes"},"schema":{"@context":"https:\/\/schema.org","@graph":[{"@type":"Article","@id":"https:\/\/stourm.news\/?p=3505#article","isPartOf":{"@id":"https:\/\/stourm.news\/?p=3505"},"author":{"name":"La r\u00e9daction","@id":"https:\/\/stourm.news\/#\/schema\/person\/c3e1dc65988632e190969234ef046cf9"},"headline":"Emsav : 27 f\u00e9vrier 1879, naissance de l&rsquo;abb\u00e9 Fran\u00e7ois-Marie Madec, activiste breton","datePublished":"2025-02-27T15:54:06+00:00","dateModified":"2025-02-27T15:54:15+00:00","mainEntityOfPage":{"@id":"https:\/\/stourm.news\/?p=3505"},"wordCount":456,"commentCount":0,"publisher":{"@id":"https:\/\/stourm.news\/#organization"},"image":{"@id":"https:\/\/stourm.news\/?p=3505#primaryimage"},"thumbnailUrl":"https:\/\/stourm.news\/wp-content\/uploads\/2025\/02\/Capture-decran-2025-02-28-a-00.51.31.png","articleSection":["Breizh","Emsav","Principale"],"inLanguage":"fr-FR","potentialAction":[{"@type":"CommentAction","name":"Comment","target":["https:\/\/stourm.news\/?p=3505#respond"]}]},{"@type":"WebPage","@id":"https:\/\/stourm.news\/?p=3505","url":"https:\/\/stourm.news\/?p=3505","name":"Emsav : 27 f\u00e9vrier 1879, naissance de l'abb\u00e9 Fran\u00e7ois-Marie Madec, activiste breton - STOURM","isPartOf":{"@id":"https:\/\/stourm.news\/#website"},"primaryImageOfPage":{"@id":"https:\/\/stourm.news\/?p=3505#primaryimage"},"image":{"@id":"https:\/\/stourm.news\/?p=3505#primaryimage"},"thumbnailUrl":"https:\/\/stourm.news\/wp-content\/uploads\/2025\/02\/Capture-decran-2025-02-28-a-00.51.31.png","datePublished":"2025-02-27T15:54:06+00:00","dateModified":"2025-02-27T15:54:15+00:00","breadcrumb":{"@id":"https:\/\/stourm.news\/?p=3505#breadcrumb"},"inLanguage":"fr-FR","potentialAction":[{"@type":"ReadAction","target":["https:\/\/stourm.news\/?p=3505"]}]},{"@type":"ImageObject","inLanguage":"fr-FR","@id":"https:\/\/stourm.news\/?p=3505#primaryimage","url":"https:\/\/stourm.news\/wp-content\/uploads\/2025\/02\/Capture-decran-2025-02-28-a-00.51.31.png","contentUrl":"https:\/\/stourm.news\/wp-content\/uploads\/2025\/02\/Capture-decran-2025-02-28-a-00.51.31.png","width":1786,"height":1214},{"@type":"BreadcrumbList","@id":"https:\/\/stourm.news\/?p=3505#breadcrumb","itemListElement":[{"@type":"ListItem","position":1,"name":"Accueil","item":"https:\/\/stourm.news\/"},{"@type":"ListItem","position":2,"name":"Emsav : 27 f\u00e9vrier 1879, naissance de l&rsquo;abb\u00e9 Fran\u00e7ois-Marie Madec, activiste breton"}]},{"@type":"WebSite","@id":"https:\/\/stourm.news\/#website","url":"https:\/\/stourm.news\/","name":"Stourm","description":"Kazetenn Strollad Broadel Breizh","publisher":{"@id":"https:\/\/stourm.news\/#organization"},"potentialAction":[{"@type":"SearchAction","target":{"@type":"EntryPoint","urlTemplate":"https:\/\/stourm.news\/?s={search_term_string}"},"query-input":{"@type":"PropertyValueSpecification","valueRequired":true,"valueName":"search_term_string"}}],"inLanguage":"fr-FR"},{"@type":"Organization","@id":"https:\/\/stourm.news\/#organization","name":"Stourm","url":"https:\/\/stourm.news\/","logo":{"@type":"ImageObject","inLanguage":"fr-FR","@id":"https:\/\/stourm.news\/#\/schema\/logo\/image\/","url":"https:\/\/stourm.news\/wp-content\/uploads\/2025\/11\/cropped-Capture-decran-2025-11-28-a-15.19.07.png","contentUrl":"https:\/\/stourm.news\/wp-content\/uploads\/2025\/11\/cropped-Capture-decran-2025-11-28-a-15.19.07.png","width":1855,"height":383,"caption":"Stourm"},"image":{"@id":"https:\/\/stourm.news\/#\/schema\/logo\/image\/"},"sameAs":["https:\/\/www.facebook.com\/stourmnews\/"]},{"@type":"Person","@id":"https:\/\/stourm.news\/#\/schema\/person\/c3e1dc65988632e190969234ef046cf9","name":"La r\u00e9daction","image":{"@type":"ImageObject","inLanguage":"fr-FR","@id":"https:\/\/stourm.news\/#\/schema\/person\/image\/","url":"https:\/\/secure.gravatar.com\/avatar\/7463443f194b6b5fb706b074ca0ef59a0cfcfd720cb47764b0ec5a952ce422b3?s=96&d=mm&r=g","contentUrl":"https:\/\/secure.gravatar.com\/avatar\/7463443f194b6b5fb706b074ca0ef59a0cfcfd720cb47764b0ec5a952ce422b3?s=96&d=mm&r=g","caption":"La r\u00e9daction"},"sameAs":["https:\/\/stourm.news"],"url":"https:\/\/stourm.news\/?author=1"}]}},"_links":{"self":[{"href":"https:\/\/stourm.news\/index.php?rest_route=\/wp\/v2\/posts\/3505","targetHints":{"allow":["GET"]}}],"collection":[{"href":"https:\/\/stourm.news\/index.php?rest_route=\/wp\/v2\/posts"}],"about":[{"href":"https:\/\/stourm.news\/index.php?rest_route=\/wp\/v2\/types\/post"}],"author":[{"embeddable":true,"href":"https:\/\/stourm.news\/index.php?rest_route=\/wp\/v2\/users\/1"}],"replies":[{"embeddable":true,"href":"https:\/\/stourm.news\/index.php?rest_route=%2Fwp%2Fv2%2Fcomments&post=3505"}],"version-history":[{"count":1,"href":"https:\/\/stourm.news\/index.php?rest_route=\/wp\/v2\/posts\/3505\/revisions"}],"predecessor-version":[{"id":3507,"href":"https:\/\/stourm.news\/index.php?rest_route=\/wp\/v2\/posts\/3505\/revisions\/3507"}],"wp:featuredmedia":[{"embeddable":true,"href":"https:\/\/stourm.news\/index.php?rest_route=\/wp\/v2\/media\/3506"}],"wp:attachment":[{"href":"https:\/\/stourm.news\/index.php?rest_route=%2Fwp%2Fv2%2Fmedia&parent=3505"}],"wp:term":[{"taxonomy":"category","embeddable":true,"href":"https:\/\/stourm.news\/index.php?rest_route=%2Fwp%2Fv2%2Fcategories&post=3505"},{"taxonomy":"post_tag","embeddable":true,"href":"https:\/\/stourm.news\/index.php?rest_route=%2Fwp%2Fv2%2Ftags&post=3505"}],"curies":[{"name":"wp","href":"https:\/\/api.w.org\/{rel}","templated":true}]}}