{"id":3508,"date":"2025-02-27T16:10:15","date_gmt":"2025-02-27T16:10:15","guid":{"rendered":"https:\/\/stourm.news\/?p=3508"},"modified":"2025-02-27T16:10:15","modified_gmt":"2025-02-27T16:10:15","slug":"autriche-un-large-accord-de-coalition-ecarte-du-pouvoir-les-populistes-anti-europeens","status":"publish","type":"post","link":"https:\/\/stourm.news\/?p=3508","title":{"rendered":"Autriche : un large accord de coalition \u00e9carte du pouvoir les populistes anti-europ\u00e9ens"},"content":{"rendered":"<p style=\"text-align: justify;\">L&rsquo;Autriche \u00e9carte les populistes du FP\u00d6 de la chancellerie apr\u00e8s la formation d&rsquo;une coalition incluant le parti de centre-droit autrichien \u00d6VP qui a annonc\u00e9 jeudi avoir trouv\u00e9 un accord avec les sociaux-d\u00e9mocrates et les lib\u00e9raux pour gouverner, apr\u00e8s l&rsquo;\u00e9chec des n\u00e9gociations men\u00e9es par le FP\u00d6, arriv\u00e9 en t\u00eate des \u00e9lections de septembre.<\/p>\n<p><img fetchpriority=\"high\" decoding=\"async\" class=\"alignnone size-medium aligncenter\" src=\"https:\/\/pbs.twimg.com\/media\/GkzJ2IVWQAAM6yL?format=jpg&amp;name=900x900\" width=\"738\" height=\"596\" \/><\/p>\n<p style=\"text-align: justify;\">\u00ab\u00a0Au cours des derniers jours, un programme commun a \u00e9t\u00e9 men\u00e9 sans rel\u00e2che\u00a0\u00bb et il \u00ab\u00a0sera pr\u00e9sent\u00e9 aujourd&rsquo;hui\u00a0\u00bb, a d\u00e9clar\u00e9 dans un communiqu\u00e9 le chef de l&rsquo;\u00d6VP Christian Stocker. Cette personnalit\u00e9 \u00e2g\u00e9e de 64 ans va occuper la chancellerie alors qu&rsquo;il \u00e9tait inconnu des Autrichiens jusqu&rsquo;en 2022, quand il a \u00e9t\u00e9 propuls\u00e9 secr\u00e9taire g\u00e9n\u00e9ral de sa formation politique.<\/p>\n<p><img decoding=\"async\" class=\"alignnone size-medium\" src=\"https:\/\/www.vol.at\/2025\/01\/ABD0053-20241014-scaled-4-3-14013891138854-1138x854.jpg\" width=\"1138\" height=\"854\" \/><\/p>\n<p style=\"text-align: center;\"><strong><em>Christian Stocker<\/em><\/strong><\/p>\n<p style=\"text-align: justify;\">Les conservateurs vont occuper six minist\u00e8res ou secr\u00e9tariats d&rsquo;\u00c9tat, les sociaux-d\u00e9mocrates six autres et les lib\u00e9raux deux, selon des informations parues dans la presse. Le nouveau gouvernement de ce pays neutre doit \u00eatre investi d\u00e8s la semaine prochaine.<\/p>\n<p style=\"text-align: justify;\">L&rsquo;annonce de la formation du gouvernement vient clore un feuilleton in\u00e9dit dans le pays alpin, prosp\u00e8re et d&rsquo;ordinaire stable, plac\u00e9 au c\u0153ur de l&rsquo;Union europ\u00e9enne. L&rsquo;Autriche n&rsquo;avait jamais connu des n\u00e9gociations aussi longues depuis l&rsquo;apr\u00e8s-guerre.<\/p>\n<p style=\"text-align: justify;\">Lors des l\u00e9gislatives fin septembre, le FP\u00d6 \u00e9tait arriv\u00e9 pour la premi\u00e8re fois en t\u00eate avec pr\u00e8s de 29% des suffrages. Mais les conservateurs de l&rsquo;\u00d6VP ont d&rsquo;abord tent\u00e9 de former une coalition contre lui avec la gauche et les lib\u00e9raux jusqu&rsquo;\u00e0 d\u00e9but janvier. Sans r\u00e9ussir \u00e0 trouver un compromis. Ils avaient alors tendu la main \u00e0 leur ennemi, or les tensions ont rapidement affleur\u00e9 et les n\u00e9gociations ont aussi \u00e9chou\u00e9, notamment parce que les populistes voulaient dicter un virage anti-europ\u00e9en au pays.<\/p>\n<p style=\"text-align: right;\"><strong>Ewen Broc&rsquo;han<\/strong><\/p>\n","protected":false},"excerpt":{"rendered":"<p>L&rsquo;Autriche \u00e9carte les populistes du FP\u00d6 de la chancellerie apr\u00e8s la formation d&rsquo;une coalition incluant le parti de centre-droit autrichien \u00d6VP qui a annonc\u00e9 jeudi avoir trouv\u00e9 un accord avec les sociaux-d\u00e9mocrates et les lib\u00e9raux pour gouverner, apr\u00e8s l&rsquo;\u00e9chec des n\u00e9gociations men\u00e9es par le FP\u00d6, arriv\u00e9 en t\u00eate des \u00e9lections de septembre. \u00ab\u00a0Au cours des [&hellip;]<\/p>\n","protected":false},"author":1,"featured_media":3509,"comment_status":"open","ping_status":"open","sticky":false,"template":"","format":"standard","meta":{"sb_editor_width":"","footnotes":""},"categories":[66,67,65],"tags":[],"class_list":["post-3508","post","type-post","status-publish","format-standard","has-post-thumbnail","hentry","category-international","category-politique","category-principale"],"relative_dates":{"created":"1 an ago","modified":"1 an ago"},"yoast_head":"<!-- This site is optimized with the Yoast SEO plugin v26.3 - https:\/\/yoast.com\/wordpress\/plugins\/seo\/ -->\n<title>Autriche : un large accord de coalition \u00e9carte du pouvoir les populistes anti-europ\u00e9ens - STOURM<\/title>\n<meta name=\"robots\" content=\"index, follow, max-snippet:-1, max-image-preview:large, max-video-preview:-1\" \/>\n<link rel=\"canonical\" href=\"https:\/\/stourm.news\/?p=3508\" \/>\n<meta property=\"og:locale\" content=\"fr_FR\" \/>\n<meta property=\"og:type\" content=\"article\" \/>\n<meta property=\"og:title\" content=\"Autriche : un large accord de coalition \u00e9carte du pouvoir les populistes anti-europ\u00e9ens - STOURM\" \/>\n<meta property=\"og:description\" content=\"L&rsquo;Autriche \u00e9carte les populistes du FP\u00d6 de la chancellerie apr\u00e8s la formation d&rsquo;une coalition incluant le parti de centre-droit autrichien \u00d6VP qui a annonc\u00e9 jeudi avoir trouv\u00e9 un accord avec les sociaux-d\u00e9mocrates et les lib\u00e9raux pour gouverner, apr\u00e8s l&rsquo;\u00e9chec des n\u00e9gociations men\u00e9es par le FP\u00d6, arriv\u00e9 en t\u00eate des \u00e9lections de septembre. \u00ab\u00a0Au cours des [&hellip;]\" \/>\n<meta property=\"og:url\" content=\"https:\/\/stourm.news\/?p=3508\" \/>\n<meta property=\"og:site_name\" content=\"STOURM\" \/>\n<meta property=\"article:publisher\" content=\"https:\/\/www.facebook.com\/stourmnews\/\" \/>\n<meta property=\"article:published_time\" content=\"2025-02-27T16:10:15+00:00\" \/>\n<meta property=\"og:image\" content=\"https:\/\/stourm.news\/wp-content\/uploads\/2025\/02\/GkzGK5IWUAAHgC6.png\" \/>\n\t<meta property=\"og:image:width\" content=\"506\" \/>\n\t<meta property=\"og:image:height\" content=\"272\" \/>\n\t<meta property=\"og:image:type\" content=\"image\/png\" \/>\n<meta name=\"author\" content=\"La r\u00e9daction\" \/>\n<meta name=\"twitter:card\" content=\"summary_large_image\" \/>\n<meta name=\"twitter:label1\" content=\"\u00c9crit par\" \/>\n\t<meta name=\"twitter:data1\" content=\"La r\u00e9daction\" \/>\n\t<meta name=\"twitter:label2\" content=\"Dur\u00e9e de lecture estim\u00e9e\" \/>\n\t<meta name=\"twitter:data2\" content=\"2 minutes\" \/>\n<script type=\"application\/ld+json\" class=\"yoast-schema-graph\">{\"@context\":\"https:\/\/schema.org\",\"@graph\":[{\"@type\":\"Article\",\"@id\":\"https:\/\/stourm.news\/?p=3508#article\",\"isPartOf\":{\"@id\":\"https:\/\/stourm.news\/?p=3508\"},\"author\":{\"name\":\"La r\u00e9daction\",\"@id\":\"https:\/\/stourm.news\/#\/schema\/person\/c3e1dc65988632e190969234ef046cf9\"},\"headline\":\"Autriche : un large accord de coalition \u00e9carte du pouvoir les populistes anti-europ\u00e9ens\",\"datePublished\":\"2025-02-27T16:10:15+00:00\",\"mainEntityOfPage\":{\"@id\":\"https:\/\/stourm.news\/?p=3508\"},\"wordCount\":329,\"commentCount\":0,\"publisher\":{\"@id\":\"https:\/\/stourm.news\/#organization\"},\"image\":{\"@id\":\"https:\/\/stourm.news\/?p=3508#primaryimage\"},\"thumbnailUrl\":\"https:\/\/stourm.news\/wp-content\/uploads\/2025\/02\/GkzGK5IWUAAHgC6.png\",\"articleSection\":[\"International\",\"Politique\",\"Principale\"],\"inLanguage\":\"fr-FR\",\"potentialAction\":[{\"@type\":\"CommentAction\",\"name\":\"Comment\",\"target\":[\"https:\/\/stourm.news\/?p=3508#respond\"]}]},{\"@type\":\"WebPage\",\"@id\":\"https:\/\/stourm.news\/?p=3508\",\"url\":\"https:\/\/stourm.news\/?p=3508\",\"name\":\"Autriche : un large accord de coalition \u00e9carte du pouvoir les populistes anti-europ\u00e9ens - STOURM\",\"isPartOf\":{\"@id\":\"https:\/\/stourm.news\/#website\"},\"primaryImageOfPage\":{\"@id\":\"https:\/\/stourm.news\/?p=3508#primaryimage\"},\"image\":{\"@id\":\"https:\/\/stourm.news\/?p=3508#primaryimage\"},\"thumbnailUrl\":\"https:\/\/stourm.news\/wp-content\/uploads\/2025\/02\/GkzGK5IWUAAHgC6.png\",\"datePublished\":\"2025-02-27T16:10:15+00:00\",\"breadcrumb\":{\"@id\":\"https:\/\/stourm.news\/?p=3508#breadcrumb\"},\"inLanguage\":\"fr-FR\",\"potentialAction\":[{\"@type\":\"ReadAction\",\"target\":[\"https:\/\/stourm.news\/?p=3508\"]}]},{\"@type\":\"ImageObject\",\"inLanguage\":\"fr-FR\",\"@id\":\"https:\/\/stourm.news\/?p=3508#primaryimage\",\"url\":\"https:\/\/stourm.news\/wp-content\/uploads\/2025\/02\/GkzGK5IWUAAHgC6.png\",\"contentUrl\":\"https:\/\/stourm.news\/wp-content\/uploads\/2025\/02\/GkzGK5IWUAAHgC6.png\",\"width\":506,\"height\":272},{\"@type\":\"BreadcrumbList\",\"@id\":\"https:\/\/stourm.news\/?p=3508#breadcrumb\",\"itemListElement\":[{\"@type\":\"ListItem\",\"position\":1,\"name\":\"Accueil\",\"item\":\"https:\/\/stourm.news\/\"},{\"@type\":\"ListItem\",\"position\":2,\"name\":\"Autriche : un large accord de coalition \u00e9carte du pouvoir les populistes anti-europ\u00e9ens\"}]},{\"@type\":\"WebSite\",\"@id\":\"https:\/\/stourm.news\/#website\",\"url\":\"https:\/\/stourm.news\/\",\"name\":\"Stourm\",\"description\":\"Kazetenn Strollad Broadel Breizh\",\"publisher\":{\"@id\":\"https:\/\/stourm.news\/#organization\"},\"potentialAction\":[{\"@type\":\"SearchAction\",\"target\":{\"@type\":\"EntryPoint\",\"urlTemplate\":\"https:\/\/stourm.news\/?s={search_term_string}\"},\"query-input\":{\"@type\":\"PropertyValueSpecification\",\"valueRequired\":true,\"valueName\":\"search_term_string\"}}],\"inLanguage\":\"fr-FR\"},{\"@type\":\"Organization\",\"@id\":\"https:\/\/stourm.news\/#organization\",\"name\":\"Stourm\",\"url\":\"https:\/\/stourm.news\/\",\"logo\":{\"@type\":\"ImageObject\",\"inLanguage\":\"fr-FR\",\"@id\":\"https:\/\/stourm.news\/#\/schema\/logo\/image\/\",\"url\":\"https:\/\/stourm.news\/wp-content\/uploads\/2025\/11\/cropped-Capture-decran-2025-11-28-a-15.19.07.png\",\"contentUrl\":\"https:\/\/stourm.news\/wp-content\/uploads\/2025\/11\/cropped-Capture-decran-2025-11-28-a-15.19.07.png\",\"width\":1855,\"height\":383,\"caption\":\"Stourm\"},\"image\":{\"@id\":\"https:\/\/stourm.news\/#\/schema\/logo\/image\/\"},\"sameAs\":[\"https:\/\/www.facebook.com\/stourmnews\/\"]},{\"@type\":\"Person\",\"@id\":\"https:\/\/stourm.news\/#\/schema\/person\/c3e1dc65988632e190969234ef046cf9\",\"name\":\"La r\u00e9daction\",\"image\":{\"@type\":\"ImageObject\",\"inLanguage\":\"fr-FR\",\"@id\":\"https:\/\/stourm.news\/#\/schema\/person\/image\/\",\"url\":\"https:\/\/secure.gravatar.com\/avatar\/7463443f194b6b5fb706b074ca0ef59a0cfcfd720cb47764b0ec5a952ce422b3?s=96&d=mm&r=g\",\"contentUrl\":\"https:\/\/secure.gravatar.com\/avatar\/7463443f194b6b5fb706b074ca0ef59a0cfcfd720cb47764b0ec5a952ce422b3?s=96&d=mm&r=g\",\"caption\":\"La r\u00e9daction\"},\"sameAs\":[\"https:\/\/stourm.news\"],\"url\":\"https:\/\/stourm.news\/?author=1\"}]}<\/script>\n<!-- \/ Yoast SEO plugin. -->","yoast_head_json":{"title":"Autriche : un large accord de coalition \u00e9carte du pouvoir les populistes anti-europ\u00e9ens - STOURM","robots":{"index":"index","follow":"follow","max-snippet":"max-snippet:-1","max-image-preview":"max-image-preview:large","max-video-preview":"max-video-preview:-1"},"canonical":"https:\/\/stourm.news\/?p=3508","og_locale":"fr_FR","og_type":"article","og_title":"Autriche : un large accord de coalition \u00e9carte du pouvoir les populistes anti-europ\u00e9ens - STOURM","og_description":"L&rsquo;Autriche \u00e9carte les populistes du FP\u00d6 de la chancellerie apr\u00e8s la formation d&rsquo;une coalition incluant le parti de centre-droit autrichien \u00d6VP qui a annonc\u00e9 jeudi avoir trouv\u00e9 un accord avec les sociaux-d\u00e9mocrates et les lib\u00e9raux pour gouverner, apr\u00e8s l&rsquo;\u00e9chec des n\u00e9gociations men\u00e9es par le FP\u00d6, arriv\u00e9 en t\u00eate des \u00e9lections de septembre. \u00ab\u00a0Au cours des [&hellip;]","og_url":"https:\/\/stourm.news\/?p=3508","og_site_name":"STOURM","article_publisher":"https:\/\/www.facebook.com\/stourmnews\/","article_published_time":"2025-02-27T16:10:15+00:00","og_image":[{"width":506,"height":272,"url":"https:\/\/stourm.news\/wp-content\/uploads\/2025\/02\/GkzGK5IWUAAHgC6.png","type":"image\/png"}],"author":"La r\u00e9daction","twitter_card":"summary_large_image","twitter_misc":{"\u00c9crit par":"La r\u00e9daction","Dur\u00e9e de lecture estim\u00e9e":"2 minutes"},"schema":{"@context":"https:\/\/schema.org","@graph":[{"@type":"Article","@id":"https:\/\/stourm.news\/?p=3508#article","isPartOf":{"@id":"https:\/\/stourm.news\/?p=3508"},"author":{"name":"La r\u00e9daction","@id":"https:\/\/stourm.news\/#\/schema\/person\/c3e1dc65988632e190969234ef046cf9"},"headline":"Autriche : un large accord de coalition \u00e9carte du pouvoir les populistes anti-europ\u00e9ens","datePublished":"2025-02-27T16:10:15+00:00","mainEntityOfPage":{"@id":"https:\/\/stourm.news\/?p=3508"},"wordCount":329,"commentCount":0,"publisher":{"@id":"https:\/\/stourm.news\/#organization"},"image":{"@id":"https:\/\/stourm.news\/?p=3508#primaryimage"},"thumbnailUrl":"https:\/\/stourm.news\/wp-content\/uploads\/2025\/02\/GkzGK5IWUAAHgC6.png","articleSection":["International","Politique","Principale"],"inLanguage":"fr-FR","potentialAction":[{"@type":"CommentAction","name":"Comment","target":["https:\/\/stourm.news\/?p=3508#respond"]}]},{"@type":"WebPage","@id":"https:\/\/stourm.news\/?p=3508","url":"https:\/\/stourm.news\/?p=3508","name":"Autriche : un large accord de coalition \u00e9carte du pouvoir les populistes anti-europ\u00e9ens - STOURM","isPartOf":{"@id":"https:\/\/stourm.news\/#website"},"primaryImageOfPage":{"@id":"https:\/\/stourm.news\/?p=3508#primaryimage"},"image":{"@id":"https:\/\/stourm.news\/?p=3508#primaryimage"},"thumbnailUrl":"https:\/\/stourm.news\/wp-content\/uploads\/2025\/02\/GkzGK5IWUAAHgC6.png","datePublished":"2025-02-27T16:10:15+00:00","breadcrumb":{"@id":"https:\/\/stourm.news\/?p=3508#breadcrumb"},"inLanguage":"fr-FR","potentialAction":[{"@type":"ReadAction","target":["https:\/\/stourm.news\/?p=3508"]}]},{"@type":"ImageObject","inLanguage":"fr-FR","@id":"https:\/\/stourm.news\/?p=3508#primaryimage","url":"https:\/\/stourm.news\/wp-content\/uploads\/2025\/02\/GkzGK5IWUAAHgC6.png","contentUrl":"https:\/\/stourm.news\/wp-content\/uploads\/2025\/02\/GkzGK5IWUAAHgC6.png","width":506,"height":272},{"@type":"BreadcrumbList","@id":"https:\/\/stourm.news\/?p=3508#breadcrumb","itemListElement":[{"@type":"ListItem","position":1,"name":"Accueil","item":"https:\/\/stourm.news\/"},{"@type":"ListItem","position":2,"name":"Autriche : un large accord de coalition \u00e9carte du pouvoir les populistes anti-europ\u00e9ens"}]},{"@type":"WebSite","@id":"https:\/\/stourm.news\/#website","url":"https:\/\/stourm.news\/","name":"Stourm","description":"Kazetenn Strollad Broadel Breizh","publisher":{"@id":"https:\/\/stourm.news\/#organization"},"potentialAction":[{"@type":"SearchAction","target":{"@type":"EntryPoint","urlTemplate":"https:\/\/stourm.news\/?s={search_term_string}"},"query-input":{"@type":"PropertyValueSpecification","valueRequired":true,"valueName":"search_term_string"}}],"inLanguage":"fr-FR"},{"@type":"Organization","@id":"https:\/\/stourm.news\/#organization","name":"Stourm","url":"https:\/\/stourm.news\/","logo":{"@type":"ImageObject","inLanguage":"fr-FR","@id":"https:\/\/stourm.news\/#\/schema\/logo\/image\/","url":"https:\/\/stourm.news\/wp-content\/uploads\/2025\/11\/cropped-Capture-decran-2025-11-28-a-15.19.07.png","contentUrl":"https:\/\/stourm.news\/wp-content\/uploads\/2025\/11\/cropped-Capture-decran-2025-11-28-a-15.19.07.png","width":1855,"height":383,"caption":"Stourm"},"image":{"@id":"https:\/\/stourm.news\/#\/schema\/logo\/image\/"},"sameAs":["https:\/\/www.facebook.com\/stourmnews\/"]},{"@type":"Person","@id":"https:\/\/stourm.news\/#\/schema\/person\/c3e1dc65988632e190969234ef046cf9","name":"La r\u00e9daction","image":{"@type":"ImageObject","inLanguage":"fr-FR","@id":"https:\/\/stourm.news\/#\/schema\/person\/image\/","url":"https:\/\/secure.gravatar.com\/avatar\/7463443f194b6b5fb706b074ca0ef59a0cfcfd720cb47764b0ec5a952ce422b3?s=96&d=mm&r=g","contentUrl":"https:\/\/secure.gravatar.com\/avatar\/7463443f194b6b5fb706b074ca0ef59a0cfcfd720cb47764b0ec5a952ce422b3?s=96&d=mm&r=g","caption":"La r\u00e9daction"},"sameAs":["https:\/\/stourm.news"],"url":"https:\/\/stourm.news\/?author=1"}]}},"_links":{"self":[{"href":"https:\/\/stourm.news\/index.php?rest_route=\/wp\/v2\/posts\/3508","targetHints":{"allow":["GET"]}}],"collection":[{"href":"https:\/\/stourm.news\/index.php?rest_route=\/wp\/v2\/posts"}],"about":[{"href":"https:\/\/stourm.news\/index.php?rest_route=\/wp\/v2\/types\/post"}],"author":[{"embeddable":true,"href":"https:\/\/stourm.news\/index.php?rest_route=\/wp\/v2\/users\/1"}],"replies":[{"embeddable":true,"href":"https:\/\/stourm.news\/index.php?rest_route=%2Fwp%2Fv2%2Fcomments&post=3508"}],"version-history":[{"count":1,"href":"https:\/\/stourm.news\/index.php?rest_route=\/wp\/v2\/posts\/3508\/revisions"}],"predecessor-version":[{"id":3510,"href":"https:\/\/stourm.news\/index.php?rest_route=\/wp\/v2\/posts\/3508\/revisions\/3510"}],"wp:featuredmedia":[{"embeddable":true,"href":"https:\/\/stourm.news\/index.php?rest_route=\/wp\/v2\/media\/3509"}],"wp:attachment":[{"href":"https:\/\/stourm.news\/index.php?rest_route=%2Fwp%2Fv2%2Fmedia&parent=3508"}],"wp:term":[{"taxonomy":"category","embeddable":true,"href":"https:\/\/stourm.news\/index.php?rest_route=%2Fwp%2Fv2%2Fcategories&post=3508"},{"taxonomy":"post_tag","embeddable":true,"href":"https:\/\/stourm.news\/index.php?rest_route=%2Fwp%2Fv2%2Ftags&post=3508"}],"curies":[{"name":"wp","href":"https:\/\/api.w.org\/{rel}","templated":true}]}}