{"id":3511,"date":"2025-02-27T16:21:33","date_gmt":"2025-02-27T16:21:33","guid":{"rendered":"https:\/\/stourm.news\/?p=3511"},"modified":"2025-02-27T16:21:33","modified_gmt":"2025-02-27T16:21:33","slug":"a-nantes-et-saint-nazaire-lirruption-dune-criminalite-organisee-qui-nexistait-pas-il-y-a-30-ans","status":"publish","type":"post","link":"https:\/\/stourm.news\/?p=3511","title":{"rendered":"\u00c0 Nantes et Saint-Nazaire, l\u2019irruption d\u2019une criminalit\u00e9 organis\u00e9e \u00abqui n\u2019existait pas il y a 30 ans\u00bb"},"content":{"rendered":"<p style=\"text-align: justify;\">La pr\u00e9fecture de Loire-Atlantique comme le parquet de Nantes entendent intensifier la lutte contre <strong>la grande d\u00e9linquance<\/strong>, tout en \u00abmassifiant\u00bb les op\u00e9rations en faveur de \u00abla s\u00e9curit\u00e9 du quotidien\u00bb.<\/p>\n<p style=\"text-align: justify;\">La sc\u00e8ne devient commune dans l\u2019hypercentre de Nantes (Loire-Atlantique), au carrefour dit de la crois\u00e9e des trams. Vendredi dernier, le 21 f\u00e9vrier, quelque quarante policiers, gendarmes et douaniers surgissent de leurs v\u00e9hicules en d\u00e9but d\u2019apr\u00e8s-midi. La troupe fond en vitesse sur la ligne <strong>de guetteurs et de vendeurs<\/strong> \u00e0 la sauvette post\u00e9s \u00e0 ce centre n\u00e9vralgique de la cit\u00e9 des ducs. Des paquets de cigarettes tombent des vestes, pendant que des figures encapuchonn\u00e9es, \u00e9pargn\u00e9es par le dispositif, s\u2019exfiltrent discr\u00e8tement dans les ruelles alentour. Depuis le d\u00e9but de l\u2019ann\u00e9e, 26 op\u00e9rations du genre ont \u00e9t\u00e9 organis\u00e9es \u00e0 Nantes, en bonne partie sur ce carrefour tr\u00e8s fr\u00e9quent\u00e9 du centre-ville qui passait autrefois pour un lieu de rencontre anim\u00e9 et sans histoire. C\u2019\u00e9tait avant que la crois\u00e9e des trams ne devienne la vitrine la plus visible &#8211; et irr\u00e9ductible &#8211;<strong> des r\u00e9seaux criminels<\/strong> nantais.<\/p>\n<p style=\"text-align: justify;\">Point de vente \u00e0 la sauvette de cigarettes et de m\u00e9dicaments, en particulier de pr\u00e9gabaline &#8211; surnomm\u00e9e la \u00abdrogue du pauvre\u00bb -, le carrefour est \u00e9galement <strong>un point de deal<\/strong> \u00e0 ciel ouvert, o\u00f9 s\u2019\u00e9coulent de petites quantit\u00e9s de cannabis. Ce juteux march\u00e9 sans \u00e9tals s\u2019est progressivement install\u00e9 sur le secteur au lendemain du grand confinement de 2020. Il est devenu progressivement le th\u00e9\u00e2tre <strong>d\u2019affrontements physiques entre bandes rivales<\/strong>, v\u00e9ritables fers de lance de <strong>groupes organis\u00e9s<\/strong> <strong>qui sont mont\u00e9s en puissance<\/strong> ces derni\u00e8res ann\u00e9es \u00e0 Nantes, comme \u00e0 Saint-Nazaire. Le 16 f\u00e9vrier, une \u00e9ni\u00e8me <strong>attaque au couteau<\/strong> a fait un bless\u00e9 \u00e0 la crois\u00e9e des trams. Et les petites mains des r\u00e9seaux n\u2019utilisent plus les simples lames. D\u00e9sormais, de fr\u00e9quentes s\u00e9quences <strong>de tirs d\u2019armes \u00e0 feu<\/strong> scandent aussi la chronique des faits divers en Loire-Atlantique. Dans la nuit de mardi \u00e0 mercredi, un nouveau jeune de 16 ans <strong>a \u00e9t\u00e9 bless\u00e9 par balle<\/strong> dans les quartiers nord de Nantes, rapportent nos confr\u00e8res de Presse Oc\u00e9an .<\/p>\n<p style=\"text-align: justify;\"><strong>Une d\u00e9linquance complexe et changeante<\/strong><\/p>\n<p style=\"text-align: justify;\">L\u2019augmentation des \u00e9pisodes <strong>de coups de feu<\/strong> dans le d\u00e9partement a \u00e9t\u00e9 imput\u00e9e, par les services de l\u2019\u00c9tat, <strong>aux guerres de territoire<\/strong> qui agitent \u00able haut du spectre\u00bb de la grande d\u00e9linquance. Particuli\u00e8rement anim\u00e9s l\u2019automne dernier, ces conflits entre <strong>groupes criminels<\/strong> ont \u00e9t\u00e9 marqu\u00e9s par <strong>de dramatiques explosions de violence<\/strong>, \u00e0 l\u2019image de <strong>l\u2019assassinat<\/strong>, au domicile de ses parents, d\u2019un jeune nazairien de 19 ans, tu\u00e9 en d\u00e9cembre par un commando arm\u00e9, en pr\u00e9sence de son petit fr\u00e8re et de son p\u00e8re. La pr\u00e9fecture a multipli\u00e9 les op\u00e9rations de s\u00e9curisation des quartiers sensibles de Saint-Nazaire gangren\u00e9s par <strong>le<\/strong> <strong>narcotrafic<\/strong>, depuis l\u2019\u00e9t\u00e9 dernier. Ce mardi 26 f\u00e9vrier, la CRS 82 a \u00e9t\u00e9 d\u00e9ploy\u00e9e une onzi\u00e8me fois depuis le d\u00e9but de l\u2019ann\u00e9e. En r\u00e9ponse \u00e0 des signalements, les forces de l\u2019ordre sont intervenues dans le quartier nazairien d\u2019Avalix, jusqu\u2019alors \u00e9pargn\u00e9 des descentes de police.<\/p>\n<p style=\"text-align: justify;\">Entr\u00e9 en fonction, le 3 f\u00e9vrier, comme nouveau procureur de la R\u00e9publique de Nantes, Antoine Leroy constate \u00e9galement <strong>la perc\u00e9e<\/strong>, ces derni\u00e8res ann\u00e9es, <strong>des r\u00e9seaux criminels, structur\u00e9s pour l\u2019essentiel autour du trafic de drogue et d\u2019armes \u00e0 feu<\/strong>, appuy\u00e9es par des op\u00e9rations de blanchiment. \u00ab<strong>La criminalit\u00e9 organis\u00e9e n\u2019existait pas il y a 30 ans<\/strong>, \u00e0 l\u2019\u00e9poque o\u00f9 j\u2019\u00e9tais substitut \u00e0 Saint-Nazaire. C\u2019est un ph\u00e9nom\u00e8ne qui touche<strong> toutes les villes, grandes ou moyennes, et m\u00eame petites<\/strong>, quelquefois, a-t-il indiqu\u00e9 mardi en conf\u00e9rence de presse. Les d\u00e9linquants sont particuli\u00e8rement cibl\u00e9s par les forces d\u00e9di\u00e9es de la s\u00e9curit\u00e9 int\u00e9rieure. Nous essayons d\u2019\u00eatre r\u00e9actifs: cette d\u00e9linquance est complexe, avec des individus qui s\u2019adaptent tr\u00e8s vite aux \u00e9volutions technologiques. Mais nous aussi.\u00bb<\/p>\n<p style=\"text-align: justify;\">Pour lutter contre les r\u00e9seaux de <strong>narcotrafiquants<\/strong>, la pr\u00e9fecture de Loire-Atlantique a annonc\u00e9 en f\u00e9vrier \u00abmassifier\u00bb les op\u00e9rations dites de \u00abs\u00e9curit\u00e9 du quotidien\u00bb, pour harceler les points d\u2019ancrage g\u00e9ographiques de la d\u00e9linquance. Une cellule d\u2019\u00e9valuation des \u00abd\u00e9linquants multi-r\u00e9it\u00e9rants\u00bb a \u00e9galement \u00e9t\u00e9 cr\u00e9\u00e9e \u00e0 l\u2019\u00e9chelle du d\u00e9partement, pour mieux cerner les profils multir\u00e9cidivistes responsables d\u2019un nombre importants d\u2019infractions, en particulier celles li\u00e9es au <strong>narcotrafic<\/strong>. \u00abD\u00e9manteler <strong>les points de deal<\/strong> est un travail de fond. Il ne faut pas seulement s\u2019occuper de ceux qui sont en bas des halls d\u2019immeuble, mais \u00e9galement s\u2019int\u00e9resser \u00e0 ceux qui sont en haut de l\u2019\u00e9difice, ajoute Antoine Leroy. Sans oublier les consommateurs\u00bb. \u00c0 la crois\u00e9e des trams, de nouveaux guetteurs ont repris position d\u00e8s vendredi soir.<\/p>\n<p>Source : <a href=\"https:\/\/www.lefigaro.fr\/nantes\/a-nantes-et-saint-nazaire-l-irruption-d-une-criminalite-organisee-qui-n-existait-pas-il-y-a-30-ans-20250227\">Le Figaro<\/a><\/p>\n","protected":false},"excerpt":{"rendered":"<p>La pr\u00e9fecture de Loire-Atlantique comme le parquet de Nantes entendent intensifier la lutte contre la grande d\u00e9linquance, tout en \u00abmassifiant\u00bb les op\u00e9rations en faveur de \u00abla s\u00e9curit\u00e9 du quotidien\u00bb. La sc\u00e8ne devient commune dans l\u2019hypercentre de Nantes (Loire-Atlantique), au carrefour dit de la crois\u00e9e des trams. Vendredi dernier, le 21 f\u00e9vrier, quelque quarante policiers, gendarmes [&hellip;]<\/p>\n","protected":false},"author":1,"featured_media":3512,"comment_status":"open","ping_status":"open","sticky":false,"template":"","format":"standard","meta":{"sb_editor_width":"","footnotes":""},"categories":[29,42,62],"tags":[],"class_list":["post-3511","post","type-post","status-publish","format-standard","has-post-thumbnail","hentry","category-drogue","category-loire-atlantique","category-revue-de-presse"],"relative_dates":{"created":"1 an ago","modified":"1 an ago"},"yoast_head":"<!-- This site is optimized with the Yoast SEO plugin v26.3 - https:\/\/yoast.com\/wordpress\/plugins\/seo\/ -->\n<title>\u00c0 Nantes et Saint-Nazaire, l\u2019irruption d\u2019une criminalit\u00e9 organis\u00e9e \u00abqui n\u2019existait pas il y a 30 ans\u00bb - STOURM<\/title>\n<meta name=\"robots\" content=\"index, follow, max-snippet:-1, max-image-preview:large, max-video-preview:-1\" \/>\n<link rel=\"canonical\" href=\"https:\/\/stourm.news\/?p=3511\" \/>\n<meta property=\"og:locale\" content=\"fr_FR\" \/>\n<meta property=\"og:type\" content=\"article\" \/>\n<meta property=\"og:title\" content=\"\u00c0 Nantes et Saint-Nazaire, l\u2019irruption d\u2019une criminalit\u00e9 organis\u00e9e \u00abqui n\u2019existait pas il y a 30 ans\u00bb - STOURM\" \/>\n<meta property=\"og:description\" content=\"La pr\u00e9fecture de Loire-Atlantique comme le parquet de Nantes entendent intensifier la lutte contre la grande d\u00e9linquance, tout en \u00abmassifiant\u00bb les op\u00e9rations en faveur de \u00abla s\u00e9curit\u00e9 du quotidien\u00bb. La sc\u00e8ne devient commune dans l\u2019hypercentre de Nantes (Loire-Atlantique), au carrefour dit de la crois\u00e9e des trams. Vendredi dernier, le 21 f\u00e9vrier, quelque quarante policiers, gendarmes [&hellip;]\" \/>\n<meta property=\"og:url\" content=\"https:\/\/stourm.news\/?p=3511\" \/>\n<meta property=\"og:site_name\" content=\"STOURM\" \/>\n<meta property=\"article:publisher\" content=\"https:\/\/www.facebook.com\/stourmnews\/\" \/>\n<meta property=\"article:published_time\" content=\"2025-02-27T16:21:33+00:00\" \/>\n<meta property=\"og:image\" content=\"https:\/\/stourm.news\/wp-content\/uploads\/2025\/02\/d23ae385285bec481aa4f44444a99de7a81f448dd924fb032b017d7e8f8e78a6.png\" \/>\n\t<meta property=\"og:image:width\" content=\"704\" \/>\n\t<meta property=\"og:image:height\" content=\"396\" \/>\n\t<meta property=\"og:image:type\" content=\"image\/png\" \/>\n<meta name=\"author\" content=\"La r\u00e9daction\" \/>\n<meta name=\"twitter:card\" content=\"summary_large_image\" \/>\n<meta name=\"twitter:label1\" content=\"\u00c9crit par\" \/>\n\t<meta name=\"twitter:data1\" content=\"La r\u00e9daction\" \/>\n\t<meta name=\"twitter:label2\" content=\"Dur\u00e9e de lecture estim\u00e9e\" \/>\n\t<meta name=\"twitter:data2\" content=\"4 minutes\" \/>\n<script type=\"application\/ld+json\" class=\"yoast-schema-graph\">{\"@context\":\"https:\/\/schema.org\",\"@graph\":[{\"@type\":\"Article\",\"@id\":\"https:\/\/stourm.news\/?p=3511#article\",\"isPartOf\":{\"@id\":\"https:\/\/stourm.news\/?p=3511\"},\"author\":{\"name\":\"La r\u00e9daction\",\"@id\":\"https:\/\/stourm.news\/#\/schema\/person\/c3e1dc65988632e190969234ef046cf9\"},\"headline\":\"\u00c0 Nantes et Saint-Nazaire, l\u2019irruption d\u2019une criminalit\u00e9 organis\u00e9e \u00abqui n\u2019existait pas il y a 30 ans\u00bb\",\"datePublished\":\"2025-02-27T16:21:33+00:00\",\"mainEntityOfPage\":{\"@id\":\"https:\/\/stourm.news\/?p=3511\"},\"wordCount\":857,\"commentCount\":0,\"publisher\":{\"@id\":\"https:\/\/stourm.news\/#organization\"},\"image\":{\"@id\":\"https:\/\/stourm.news\/?p=3511#primaryimage\"},\"thumbnailUrl\":\"https:\/\/stourm.news\/wp-content\/uploads\/2025\/02\/d23ae385285bec481aa4f44444a99de7a81f448dd924fb032b017d7e8f8e78a6.png\",\"articleSection\":[\"Drogue\",\"Loire-Atlantique\",\"Revue de presse\"],\"inLanguage\":\"fr-FR\",\"potentialAction\":[{\"@type\":\"CommentAction\",\"name\":\"Comment\",\"target\":[\"https:\/\/stourm.news\/?p=3511#respond\"]}]},{\"@type\":\"WebPage\",\"@id\":\"https:\/\/stourm.news\/?p=3511\",\"url\":\"https:\/\/stourm.news\/?p=3511\",\"name\":\"\u00c0 Nantes et Saint-Nazaire, l\u2019irruption d\u2019une criminalit\u00e9 organis\u00e9e \u00abqui n\u2019existait pas il y a 30 ans\u00bb - STOURM\",\"isPartOf\":{\"@id\":\"https:\/\/stourm.news\/#website\"},\"primaryImageOfPage\":{\"@id\":\"https:\/\/stourm.news\/?p=3511#primaryimage\"},\"image\":{\"@id\":\"https:\/\/stourm.news\/?p=3511#primaryimage\"},\"thumbnailUrl\":\"https:\/\/stourm.news\/wp-content\/uploads\/2025\/02\/d23ae385285bec481aa4f44444a99de7a81f448dd924fb032b017d7e8f8e78a6.png\",\"datePublished\":\"2025-02-27T16:21:33+00:00\",\"breadcrumb\":{\"@id\":\"https:\/\/stourm.news\/?p=3511#breadcrumb\"},\"inLanguage\":\"fr-FR\",\"potentialAction\":[{\"@type\":\"ReadAction\",\"target\":[\"https:\/\/stourm.news\/?p=3511\"]}]},{\"@type\":\"ImageObject\",\"inLanguage\":\"fr-FR\",\"@id\":\"https:\/\/stourm.news\/?p=3511#primaryimage\",\"url\":\"https:\/\/stourm.news\/wp-content\/uploads\/2025\/02\/d23ae385285bec481aa4f44444a99de7a81f448dd924fb032b017d7e8f8e78a6.png\",\"contentUrl\":\"https:\/\/stourm.news\/wp-content\/uploads\/2025\/02\/d23ae385285bec481aa4f44444a99de7a81f448dd924fb032b017d7e8f8e78a6.png\",\"width\":704,\"height\":396},{\"@type\":\"BreadcrumbList\",\"@id\":\"https:\/\/stourm.news\/?p=3511#breadcrumb\",\"itemListElement\":[{\"@type\":\"ListItem\",\"position\":1,\"name\":\"Accueil\",\"item\":\"https:\/\/stourm.news\/\"},{\"@type\":\"ListItem\",\"position\":2,\"name\":\"\u00c0 Nantes et Saint-Nazaire, l\u2019irruption d\u2019une criminalit\u00e9 organis\u00e9e \u00abqui n\u2019existait pas il y a 30 ans\u00bb\"}]},{\"@type\":\"WebSite\",\"@id\":\"https:\/\/stourm.news\/#website\",\"url\":\"https:\/\/stourm.news\/\",\"name\":\"Stourm\",\"description\":\"Kazetenn Strollad Broadel Breizh\",\"publisher\":{\"@id\":\"https:\/\/stourm.news\/#organization\"},\"potentialAction\":[{\"@type\":\"SearchAction\",\"target\":{\"@type\":\"EntryPoint\",\"urlTemplate\":\"https:\/\/stourm.news\/?s={search_term_string}\"},\"query-input\":{\"@type\":\"PropertyValueSpecification\",\"valueRequired\":true,\"valueName\":\"search_term_string\"}}],\"inLanguage\":\"fr-FR\"},{\"@type\":\"Organization\",\"@id\":\"https:\/\/stourm.news\/#organization\",\"name\":\"Stourm\",\"url\":\"https:\/\/stourm.news\/\",\"logo\":{\"@type\":\"ImageObject\",\"inLanguage\":\"fr-FR\",\"@id\":\"https:\/\/stourm.news\/#\/schema\/logo\/image\/\",\"url\":\"https:\/\/stourm.news\/wp-content\/uploads\/2025\/11\/cropped-Capture-decran-2025-11-28-a-15.19.07.png\",\"contentUrl\":\"https:\/\/stourm.news\/wp-content\/uploads\/2025\/11\/cropped-Capture-decran-2025-11-28-a-15.19.07.png\",\"width\":1855,\"height\":383,\"caption\":\"Stourm\"},\"image\":{\"@id\":\"https:\/\/stourm.news\/#\/schema\/logo\/image\/\"},\"sameAs\":[\"https:\/\/www.facebook.com\/stourmnews\/\"]},{\"@type\":\"Person\",\"@id\":\"https:\/\/stourm.news\/#\/schema\/person\/c3e1dc65988632e190969234ef046cf9\",\"name\":\"La r\u00e9daction\",\"image\":{\"@type\":\"ImageObject\",\"inLanguage\":\"fr-FR\",\"@id\":\"https:\/\/stourm.news\/#\/schema\/person\/image\/\",\"url\":\"https:\/\/secure.gravatar.com\/avatar\/7463443f194b6b5fb706b074ca0ef59a0cfcfd720cb47764b0ec5a952ce422b3?s=96&d=mm&r=g\",\"contentUrl\":\"https:\/\/secure.gravatar.com\/avatar\/7463443f194b6b5fb706b074ca0ef59a0cfcfd720cb47764b0ec5a952ce422b3?s=96&d=mm&r=g\",\"caption\":\"La r\u00e9daction\"},\"sameAs\":[\"https:\/\/stourm.news\"],\"url\":\"https:\/\/stourm.news\/?author=1\"}]}<\/script>\n<!-- \/ Yoast SEO plugin. -->","yoast_head_json":{"title":"\u00c0 Nantes et Saint-Nazaire, l\u2019irruption d\u2019une criminalit\u00e9 organis\u00e9e \u00abqui n\u2019existait pas il y a 30 ans\u00bb - STOURM","robots":{"index":"index","follow":"follow","max-snippet":"max-snippet:-1","max-image-preview":"max-image-preview:large","max-video-preview":"max-video-preview:-1"},"canonical":"https:\/\/stourm.news\/?p=3511","og_locale":"fr_FR","og_type":"article","og_title":"\u00c0 Nantes et Saint-Nazaire, l\u2019irruption d\u2019une criminalit\u00e9 organis\u00e9e \u00abqui n\u2019existait pas il y a 30 ans\u00bb - STOURM","og_description":"La pr\u00e9fecture de Loire-Atlantique comme le parquet de Nantes entendent intensifier la lutte contre la grande d\u00e9linquance, tout en \u00abmassifiant\u00bb les op\u00e9rations en faveur de \u00abla s\u00e9curit\u00e9 du quotidien\u00bb. La sc\u00e8ne devient commune dans l\u2019hypercentre de Nantes (Loire-Atlantique), au carrefour dit de la crois\u00e9e des trams. Vendredi dernier, le 21 f\u00e9vrier, quelque quarante policiers, gendarmes [&hellip;]","og_url":"https:\/\/stourm.news\/?p=3511","og_site_name":"STOURM","article_publisher":"https:\/\/www.facebook.com\/stourmnews\/","article_published_time":"2025-02-27T16:21:33+00:00","og_image":[{"width":704,"height":396,"url":"https:\/\/stourm.news\/wp-content\/uploads\/2025\/02\/d23ae385285bec481aa4f44444a99de7a81f448dd924fb032b017d7e8f8e78a6.png","type":"image\/png"}],"author":"La r\u00e9daction","twitter_card":"summary_large_image","twitter_misc":{"\u00c9crit par":"La r\u00e9daction","Dur\u00e9e de lecture estim\u00e9e":"4 minutes"},"schema":{"@context":"https:\/\/schema.org","@graph":[{"@type":"Article","@id":"https:\/\/stourm.news\/?p=3511#article","isPartOf":{"@id":"https:\/\/stourm.news\/?p=3511"},"author":{"name":"La r\u00e9daction","@id":"https:\/\/stourm.news\/#\/schema\/person\/c3e1dc65988632e190969234ef046cf9"},"headline":"\u00c0 Nantes et Saint-Nazaire, l\u2019irruption d\u2019une criminalit\u00e9 organis\u00e9e \u00abqui n\u2019existait pas il y a 30 ans\u00bb","datePublished":"2025-02-27T16:21:33+00:00","mainEntityOfPage":{"@id":"https:\/\/stourm.news\/?p=3511"},"wordCount":857,"commentCount":0,"publisher":{"@id":"https:\/\/stourm.news\/#organization"},"image":{"@id":"https:\/\/stourm.news\/?p=3511#primaryimage"},"thumbnailUrl":"https:\/\/stourm.news\/wp-content\/uploads\/2025\/02\/d23ae385285bec481aa4f44444a99de7a81f448dd924fb032b017d7e8f8e78a6.png","articleSection":["Drogue","Loire-Atlantique","Revue de presse"],"inLanguage":"fr-FR","potentialAction":[{"@type":"CommentAction","name":"Comment","target":["https:\/\/stourm.news\/?p=3511#respond"]}]},{"@type":"WebPage","@id":"https:\/\/stourm.news\/?p=3511","url":"https:\/\/stourm.news\/?p=3511","name":"\u00c0 Nantes et Saint-Nazaire, l\u2019irruption d\u2019une criminalit\u00e9 organis\u00e9e \u00abqui n\u2019existait pas il y a 30 ans\u00bb - STOURM","isPartOf":{"@id":"https:\/\/stourm.news\/#website"},"primaryImageOfPage":{"@id":"https:\/\/stourm.news\/?p=3511#primaryimage"},"image":{"@id":"https:\/\/stourm.news\/?p=3511#primaryimage"},"thumbnailUrl":"https:\/\/stourm.news\/wp-content\/uploads\/2025\/02\/d23ae385285bec481aa4f44444a99de7a81f448dd924fb032b017d7e8f8e78a6.png","datePublished":"2025-02-27T16:21:33+00:00","breadcrumb":{"@id":"https:\/\/stourm.news\/?p=3511#breadcrumb"},"inLanguage":"fr-FR","potentialAction":[{"@type":"ReadAction","target":["https:\/\/stourm.news\/?p=3511"]}]},{"@type":"ImageObject","inLanguage":"fr-FR","@id":"https:\/\/stourm.news\/?p=3511#primaryimage","url":"https:\/\/stourm.news\/wp-content\/uploads\/2025\/02\/d23ae385285bec481aa4f44444a99de7a81f448dd924fb032b017d7e8f8e78a6.png","contentUrl":"https:\/\/stourm.news\/wp-content\/uploads\/2025\/02\/d23ae385285bec481aa4f44444a99de7a81f448dd924fb032b017d7e8f8e78a6.png","width":704,"height":396},{"@type":"BreadcrumbList","@id":"https:\/\/stourm.news\/?p=3511#breadcrumb","itemListElement":[{"@type":"ListItem","position":1,"name":"Accueil","item":"https:\/\/stourm.news\/"},{"@type":"ListItem","position":2,"name":"\u00c0 Nantes et Saint-Nazaire, l\u2019irruption d\u2019une criminalit\u00e9 organis\u00e9e \u00abqui n\u2019existait pas il y a 30 ans\u00bb"}]},{"@type":"WebSite","@id":"https:\/\/stourm.news\/#website","url":"https:\/\/stourm.news\/","name":"Stourm","description":"Kazetenn Strollad Broadel Breizh","publisher":{"@id":"https:\/\/stourm.news\/#organization"},"potentialAction":[{"@type":"SearchAction","target":{"@type":"EntryPoint","urlTemplate":"https:\/\/stourm.news\/?s={search_term_string}"},"query-input":{"@type":"PropertyValueSpecification","valueRequired":true,"valueName":"search_term_string"}}],"inLanguage":"fr-FR"},{"@type":"Organization","@id":"https:\/\/stourm.news\/#organization","name":"Stourm","url":"https:\/\/stourm.news\/","logo":{"@type":"ImageObject","inLanguage":"fr-FR","@id":"https:\/\/stourm.news\/#\/schema\/logo\/image\/","url":"https:\/\/stourm.news\/wp-content\/uploads\/2025\/11\/cropped-Capture-decran-2025-11-28-a-15.19.07.png","contentUrl":"https:\/\/stourm.news\/wp-content\/uploads\/2025\/11\/cropped-Capture-decran-2025-11-28-a-15.19.07.png","width":1855,"height":383,"caption":"Stourm"},"image":{"@id":"https:\/\/stourm.news\/#\/schema\/logo\/image\/"},"sameAs":["https:\/\/www.facebook.com\/stourmnews\/"]},{"@type":"Person","@id":"https:\/\/stourm.news\/#\/schema\/person\/c3e1dc65988632e190969234ef046cf9","name":"La r\u00e9daction","image":{"@type":"ImageObject","inLanguage":"fr-FR","@id":"https:\/\/stourm.news\/#\/schema\/person\/image\/","url":"https:\/\/secure.gravatar.com\/avatar\/7463443f194b6b5fb706b074ca0ef59a0cfcfd720cb47764b0ec5a952ce422b3?s=96&d=mm&r=g","contentUrl":"https:\/\/secure.gravatar.com\/avatar\/7463443f194b6b5fb706b074ca0ef59a0cfcfd720cb47764b0ec5a952ce422b3?s=96&d=mm&r=g","caption":"La r\u00e9daction"},"sameAs":["https:\/\/stourm.news"],"url":"https:\/\/stourm.news\/?author=1"}]}},"_links":{"self":[{"href":"https:\/\/stourm.news\/index.php?rest_route=\/wp\/v2\/posts\/3511","targetHints":{"allow":["GET"]}}],"collection":[{"href":"https:\/\/stourm.news\/index.php?rest_route=\/wp\/v2\/posts"}],"about":[{"href":"https:\/\/stourm.news\/index.php?rest_route=\/wp\/v2\/types\/post"}],"author":[{"embeddable":true,"href":"https:\/\/stourm.news\/index.php?rest_route=\/wp\/v2\/users\/1"}],"replies":[{"embeddable":true,"href":"https:\/\/stourm.news\/index.php?rest_route=%2Fwp%2Fv2%2Fcomments&post=3511"}],"version-history":[{"count":1,"href":"https:\/\/stourm.news\/index.php?rest_route=\/wp\/v2\/posts\/3511\/revisions"}],"predecessor-version":[{"id":3513,"href":"https:\/\/stourm.news\/index.php?rest_route=\/wp\/v2\/posts\/3511\/revisions\/3513"}],"wp:featuredmedia":[{"embeddable":true,"href":"https:\/\/stourm.news\/index.php?rest_route=\/wp\/v2\/media\/3512"}],"wp:attachment":[{"href":"https:\/\/stourm.news\/index.php?rest_route=%2Fwp%2Fv2%2Fmedia&parent=3511"}],"wp:term":[{"taxonomy":"category","embeddable":true,"href":"https:\/\/stourm.news\/index.php?rest_route=%2Fwp%2Fv2%2Fcategories&post=3511"},{"taxonomy":"post_tag","embeddable":true,"href":"https:\/\/stourm.news\/index.php?rest_route=%2Fwp%2Fv2%2Ftags&post=3511"}],"curies":[{"name":"wp","href":"https:\/\/api.w.org\/{rel}","templated":true}]}}