{"id":3514,"date":"2025-02-27T16:27:43","date_gmt":"2025-02-27T16:27:43","guid":{"rendered":"https:\/\/stourm.news\/?p=3514"},"modified":"2025-02-27T16:37:26","modified_gmt":"2025-02-27T16:37:26","slug":"kentreg-cintre-lultra-gauche-appelle-a-manifester","status":"publish","type":"post","link":"https:\/\/stourm.news\/?p=3514","title":{"rendered":"Kentreg (Cintr\u00e9) : apr\u00e8s une altercation, l&rsquo;\u00e9lu municipal Anton Burel appelle l&rsquo;ultra-gauche \u00e0 manifester en sa faveur. Il avait qualifi\u00e9 de \u00ab\u00a0lib\u00e9ration\u00a0\u00bb la tuerie de masse commise par le Hamas du 7 octobre 2023."},"content":{"rendered":"<p style=\"text-align: justify;\">\u00c0 Kentreg (Cintr\u00e9), l&rsquo;ultra-gauche organise une manifestation ce samedi 1er mars \u00e0 12H00 au pr\u00e9texte d&rsquo;une \u00ab\u00a0agression fasciste\u00a0\u00bb dont s&rsquo;est dit victime Anton Burel, un \u00e9l\u00e9ment marxiste qui milite pour l&rsquo;immigration de masse en Bretagne.<\/p>\n<blockquote class=\"twitter-tweet\" data-conversation=\"none\">\n<p dir=\"ltr\" lang=\"fr\">Pour r\u00e9affirmer que Cintr\u00e9 est une ville ouverte \u00e0 toutes et tous sans distinction d\u2019origine ou de confession, j\u2019appelle, aux c\u00f4t\u00e9s de mes camarades de la gauche ind\u00e9pendantiste <a href=\"https:\/\/twitter.com\/war_sav?ref_src=twsrc%5Etfw\">@war_sav<\/a> \u00e0 un rassemblement familial et populaire samedi \u00e0 12h sur le parvis des fr\u00e8res Sauv\u00e9e. <a href=\"https:\/\/t.co\/5Vvuom9nBw\">pic.twitter.com\/5Vvuom9nBw<\/a><\/p>\n<p>\u2014 Anton Burel (@AntonBurel) <a href=\"https:\/\/twitter.com\/AntonBurel\/status\/1895139261105742297?ref_src=twsrc%5Etfw\">February 27, 2025<\/a><\/p><\/blockquote>\n<p><script async src=\"https:\/\/platform.twitter.com\/widgets.js\" charset=\"utf-8\"><\/script><\/p>\n<p style=\"text-align: justify;\">Peu connu du grand public, Anton Burel \u00e9volue dans le sillage de Ga\u00ebl Roblin, un militant d&rsquo;ultra-gauche condamn\u00e9 pour terrorisme.<\/p>\n<p>Anton Burel se dit \u00e9galement \u00ab\u00a0antisioniste\u00a0\u00bb.<\/p>\n<blockquote class=\"twitter-tweet\">\n<p dir=\"ltr\" lang=\"fr\">Contre le <a href=\"https:\/\/twitter.com\/hashtag\/colonialisme?src=hash&amp;ref_src=twsrc%5Etfw\">#colonialisme<\/a> et le <a href=\"https:\/\/twitter.com\/hashtag\/sionisme?src=hash&amp;ref_src=twsrc%5Etfw\">#sionisme<\/a> <a href=\"https:\/\/twitter.com\/hashtag\/JeSoutiensBDS?src=hash&amp;ref_src=twsrc%5Etfw\">#JeSoutiensBDS<\/a> Je soutien la r\u00e9sistance palestinienne <a href=\"https:\/\/twitter.com\/hashtag\/PFLP?src=hash&amp;ref_src=twsrc%5Etfw\">#PFLP<\/a> <a href=\"https:\/\/twitter.com\/PFLP_ps?ref_src=twsrc%5Etfw\">@PFLP_ps<\/a> <a href=\"https:\/\/t.co\/GlCWxakNti\">https:\/\/t.co\/GlCWxakNti<\/a><\/p>\n<p>\u2014 Anton Burel (@AntonBurel) <a href=\"https:\/\/twitter.com\/AntonBurel\/status\/678638897694384129?ref_src=twsrc%5Etfw\">December 20, 2015<\/a><\/p><\/blockquote>\n<p><script async src=\"https:\/\/platform.twitter.com\/widgets.js\" charset=\"utf-8\"><\/script><\/p>\n<p style=\"text-align: justify;\">Le 7 octobre 2023, Anton Burel avait salu\u00e9 l&rsquo;attaque du Hamas ayant la mort de 1,200 civils isra\u00e9liens. Il parlait alors de \u00ab\u00a0lib\u00e9ration\u00a0\u00bb des villes isra\u00e9liennes prises d&rsquo;assaut par le Hamas.<\/p>\n<p><img fetchpriority=\"high\" decoding=\"async\" class=\"alignnone wp-image-3518 size-full\" src=\"https:\/\/stourm.news\/wp-content\/uploads\/2025\/02\/Capture-decran-2025-02-28-a-01.30.56.png\" alt=\"\" width=\"1068\" height=\"826\" srcset=\"https:\/\/stourm.news\/wp-content\/uploads\/2025\/02\/Capture-decran-2025-02-28-a-01.30.56.png 1068w, https:\/\/stourm.news\/wp-content\/uploads\/2025\/02\/Capture-decran-2025-02-28-a-01.30.56-300x232.png 300w, https:\/\/stourm.news\/wp-content\/uploads\/2025\/02\/Capture-decran-2025-02-28-a-01.30.56-1024x792.png 1024w, https:\/\/stourm.news\/wp-content\/uploads\/2025\/02\/Capture-decran-2025-02-28-a-01.30.56-768x594.png 768w\" sizes=\"(max-width: 1068px) 100vw, 1068px\" \/><\/p>\n<p style=\"text-align: right;\"><strong>Roparz de Keranflec&rsquo;h<\/strong><\/p>\n","protected":false},"excerpt":{"rendered":"<p>\u00c0 Kentreg (Cintr\u00e9), l&rsquo;ultra-gauche organise une manifestation ce samedi 1er mars \u00e0 12H00 au pr\u00e9texte d&rsquo;une \u00ab\u00a0agression fasciste\u00a0\u00bb dont s&rsquo;est dit victime Anton Burel, un \u00e9l\u00e9ment marxiste qui milite pour l&rsquo;immigration de masse en Bretagne. Pour r\u00e9affirmer que Cintr\u00e9 est une ville ouverte \u00e0 toutes et tous sans distinction d\u2019origine ou de confession, j\u2019appelle, aux [&hellip;]<\/p>\n","protected":false},"author":1,"featured_media":3520,"comment_status":"open","ping_status":"open","sticky":false,"template":"","format":"standard","meta":{"sb_editor_width":"","footnotes":""},"categories":[36,67,65],"tags":[],"class_list":["post-3514","post","type-post","status-publish","format-standard","has-post-thumbnail","hentry","category-extreme-gauche","category-politique","category-principale"],"relative_dates":{"created":"1 an ago","modified":"1 an ago"},"yoast_head":"<!-- This site is optimized with the Yoast SEO plugin v26.3 - https:\/\/yoast.com\/wordpress\/plugins\/seo\/ -->\n<title>Kentreg (Cintr\u00e9) : apr\u00e8s une altercation, l&#039;\u00e9lu municipal Anton Burel appelle l&#039;ultra-gauche \u00e0 manifester en sa faveur. Il avait qualifi\u00e9 de &quot;lib\u00e9ration&quot; la tuerie de masse commise par le Hamas du 7 octobre 2023. - STOURM<\/title>\n<meta name=\"robots\" content=\"index, follow, max-snippet:-1, max-image-preview:large, max-video-preview:-1\" \/>\n<link rel=\"canonical\" href=\"https:\/\/stourm.news\/?p=3514\" \/>\n<meta property=\"og:locale\" content=\"fr_FR\" \/>\n<meta property=\"og:type\" content=\"article\" \/>\n<meta property=\"og:title\" content=\"Kentreg (Cintr\u00e9) : apr\u00e8s une altercation, l&#039;\u00e9lu municipal Anton Burel appelle l&#039;ultra-gauche \u00e0 manifester en sa faveur. Il avait qualifi\u00e9 de &quot;lib\u00e9ration&quot; la tuerie de masse commise par le Hamas du 7 octobre 2023. - STOURM\" \/>\n<meta property=\"og:description\" content=\"\u00c0 Kentreg (Cintr\u00e9), l&rsquo;ultra-gauche organise une manifestation ce samedi 1er mars \u00e0 12H00 au pr\u00e9texte d&rsquo;une \u00ab\u00a0agression fasciste\u00a0\u00bb dont s&rsquo;est dit victime Anton Burel, un \u00e9l\u00e9ment marxiste qui milite pour l&rsquo;immigration de masse en Bretagne. Pour r\u00e9affirmer que Cintr\u00e9 est une ville ouverte \u00e0 toutes et tous sans distinction d\u2019origine ou de confession, j\u2019appelle, aux [&hellip;]\" \/>\n<meta property=\"og:url\" content=\"https:\/\/stourm.news\/?p=3514\" \/>\n<meta property=\"og:site_name\" content=\"STOURM\" \/>\n<meta property=\"article:publisher\" content=\"https:\/\/www.facebook.com\/stourmnews\/\" \/>\n<meta property=\"article:published_time\" content=\"2025-02-27T16:27:43+00:00\" \/>\n<meta property=\"article:modified_time\" content=\"2025-02-27T16:37:26+00:00\" \/>\n<meta property=\"og:image\" content=\"https:\/\/stourm.news\/wp-content\/uploads\/2025\/02\/Gkzhyf-XgAAbeZ_.jpg\" \/>\n\t<meta property=\"og:image:width\" content=\"1000\" \/>\n\t<meta property=\"og:image:height\" content=\"795\" \/>\n\t<meta property=\"og:image:type\" content=\"image\/jpeg\" \/>\n<meta name=\"author\" content=\"La r\u00e9daction\" \/>\n<meta name=\"twitter:card\" content=\"summary_large_image\" \/>\n<meta name=\"twitter:label1\" content=\"\u00c9crit par\" \/>\n\t<meta name=\"twitter:data1\" content=\"La r\u00e9daction\" \/>\n\t<meta name=\"twitter:label2\" content=\"Dur\u00e9e de lecture estim\u00e9e\" \/>\n\t<meta name=\"twitter:data2\" content=\"1 minute\" \/>\n<script type=\"application\/ld+json\" class=\"yoast-schema-graph\">{\"@context\":\"https:\/\/schema.org\",\"@graph\":[{\"@type\":\"Article\",\"@id\":\"https:\/\/stourm.news\/?p=3514#article\",\"isPartOf\":{\"@id\":\"https:\/\/stourm.news\/?p=3514\"},\"author\":{\"name\":\"La r\u00e9daction\",\"@id\":\"https:\/\/stourm.news\/#\/schema\/person\/c3e1dc65988632e190969234ef046cf9\"},\"headline\":\"Kentreg (Cintr\u00e9) : apr\u00e8s une altercation, l&rsquo;\u00e9lu municipal Anton Burel appelle l&rsquo;ultra-gauche \u00e0 manifester en sa faveur. Il avait qualifi\u00e9 de \u00ab\u00a0lib\u00e9ration\u00a0\u00bb la tuerie de masse commise par le Hamas du 7 octobre 2023.\",\"datePublished\":\"2025-02-27T16:27:43+00:00\",\"dateModified\":\"2025-02-27T16:37:26+00:00\",\"mainEntityOfPage\":{\"@id\":\"https:\/\/stourm.news\/?p=3514\"},\"wordCount\":221,\"commentCount\":0,\"publisher\":{\"@id\":\"https:\/\/stourm.news\/#organization\"},\"image\":{\"@id\":\"https:\/\/stourm.news\/?p=3514#primaryimage\"},\"thumbnailUrl\":\"https:\/\/stourm.news\/wp-content\/uploads\/2025\/02\/Gkzhyf-XgAAbeZ_.jpg\",\"articleSection\":[\"Extr\u00eame-gauche\",\"Politique\",\"Principale\"],\"inLanguage\":\"fr-FR\",\"potentialAction\":[{\"@type\":\"CommentAction\",\"name\":\"Comment\",\"target\":[\"https:\/\/stourm.news\/?p=3514#respond\"]}]},{\"@type\":\"WebPage\",\"@id\":\"https:\/\/stourm.news\/?p=3514\",\"url\":\"https:\/\/stourm.news\/?p=3514\",\"name\":\"Kentreg (Cintr\u00e9) : apr\u00e8s une altercation, l'\u00e9lu municipal Anton Burel appelle l'ultra-gauche \u00e0 manifester en sa faveur. Il avait qualifi\u00e9 de \\\"lib\u00e9ration\\\" la tuerie de masse commise par le Hamas du 7 octobre 2023. - STOURM\",\"isPartOf\":{\"@id\":\"https:\/\/stourm.news\/#website\"},\"primaryImageOfPage\":{\"@id\":\"https:\/\/stourm.news\/?p=3514#primaryimage\"},\"image\":{\"@id\":\"https:\/\/stourm.news\/?p=3514#primaryimage\"},\"thumbnailUrl\":\"https:\/\/stourm.news\/wp-content\/uploads\/2025\/02\/Gkzhyf-XgAAbeZ_.jpg\",\"datePublished\":\"2025-02-27T16:27:43+00:00\",\"dateModified\":\"2025-02-27T16:37:26+00:00\",\"breadcrumb\":{\"@id\":\"https:\/\/stourm.news\/?p=3514#breadcrumb\"},\"inLanguage\":\"fr-FR\",\"potentialAction\":[{\"@type\":\"ReadAction\",\"target\":[\"https:\/\/stourm.news\/?p=3514\"]}]},{\"@type\":\"ImageObject\",\"inLanguage\":\"fr-FR\",\"@id\":\"https:\/\/stourm.news\/?p=3514#primaryimage\",\"url\":\"https:\/\/stourm.news\/wp-content\/uploads\/2025\/02\/Gkzhyf-XgAAbeZ_.jpg\",\"contentUrl\":\"https:\/\/stourm.news\/wp-content\/uploads\/2025\/02\/Gkzhyf-XgAAbeZ_.jpg\",\"width\":1000,\"height\":795},{\"@type\":\"BreadcrumbList\",\"@id\":\"https:\/\/stourm.news\/?p=3514#breadcrumb\",\"itemListElement\":[{\"@type\":\"ListItem\",\"position\":1,\"name\":\"Accueil\",\"item\":\"https:\/\/stourm.news\/\"},{\"@type\":\"ListItem\",\"position\":2,\"name\":\"Kentreg (Cintr\u00e9) : apr\u00e8s une altercation, l&rsquo;\u00e9lu municipal Anton Burel appelle l&rsquo;ultra-gauche \u00e0 manifester en sa faveur. Il avait qualifi\u00e9 de \u00ab\u00a0lib\u00e9ration\u00a0\u00bb la tuerie de masse commise par le Hamas du 7 octobre 2023.\"}]},{\"@type\":\"WebSite\",\"@id\":\"https:\/\/stourm.news\/#website\",\"url\":\"https:\/\/stourm.news\/\",\"name\":\"Stourm\",\"description\":\"Kazetenn Strollad Broadel Breizh\",\"publisher\":{\"@id\":\"https:\/\/stourm.news\/#organization\"},\"potentialAction\":[{\"@type\":\"SearchAction\",\"target\":{\"@type\":\"EntryPoint\",\"urlTemplate\":\"https:\/\/stourm.news\/?s={search_term_string}\"},\"query-input\":{\"@type\":\"PropertyValueSpecification\",\"valueRequired\":true,\"valueName\":\"search_term_string\"}}],\"inLanguage\":\"fr-FR\"},{\"@type\":\"Organization\",\"@id\":\"https:\/\/stourm.news\/#organization\",\"name\":\"Stourm\",\"url\":\"https:\/\/stourm.news\/\",\"logo\":{\"@type\":\"ImageObject\",\"inLanguage\":\"fr-FR\",\"@id\":\"https:\/\/stourm.news\/#\/schema\/logo\/image\/\",\"url\":\"https:\/\/stourm.news\/wp-content\/uploads\/2025\/11\/cropped-Capture-decran-2025-11-28-a-15.19.07.png\",\"contentUrl\":\"https:\/\/stourm.news\/wp-content\/uploads\/2025\/11\/cropped-Capture-decran-2025-11-28-a-15.19.07.png\",\"width\":1855,\"height\":383,\"caption\":\"Stourm\"},\"image\":{\"@id\":\"https:\/\/stourm.news\/#\/schema\/logo\/image\/\"},\"sameAs\":[\"https:\/\/www.facebook.com\/stourmnews\/\"]},{\"@type\":\"Person\",\"@id\":\"https:\/\/stourm.news\/#\/schema\/person\/c3e1dc65988632e190969234ef046cf9\",\"name\":\"La r\u00e9daction\",\"image\":{\"@type\":\"ImageObject\",\"inLanguage\":\"fr-FR\",\"@id\":\"https:\/\/stourm.news\/#\/schema\/person\/image\/\",\"url\":\"https:\/\/secure.gravatar.com\/avatar\/7463443f194b6b5fb706b074ca0ef59a0cfcfd720cb47764b0ec5a952ce422b3?s=96&d=mm&r=g\",\"contentUrl\":\"https:\/\/secure.gravatar.com\/avatar\/7463443f194b6b5fb706b074ca0ef59a0cfcfd720cb47764b0ec5a952ce422b3?s=96&d=mm&r=g\",\"caption\":\"La r\u00e9daction\"},\"sameAs\":[\"https:\/\/stourm.news\"],\"url\":\"https:\/\/stourm.news\/?author=1\"}]}<\/script>\n<!-- \/ Yoast SEO plugin. -->","yoast_head_json":{"title":"Kentreg (Cintr\u00e9) : apr\u00e8s une altercation, l'\u00e9lu municipal Anton Burel appelle l'ultra-gauche \u00e0 manifester en sa faveur. Il avait qualifi\u00e9 de \"lib\u00e9ration\" la tuerie de masse commise par le Hamas du 7 octobre 2023. - STOURM","robots":{"index":"index","follow":"follow","max-snippet":"max-snippet:-1","max-image-preview":"max-image-preview:large","max-video-preview":"max-video-preview:-1"},"canonical":"https:\/\/stourm.news\/?p=3514","og_locale":"fr_FR","og_type":"article","og_title":"Kentreg (Cintr\u00e9) : apr\u00e8s une altercation, l'\u00e9lu municipal Anton Burel appelle l'ultra-gauche \u00e0 manifester en sa faveur. Il avait qualifi\u00e9 de \"lib\u00e9ration\" la tuerie de masse commise par le Hamas du 7 octobre 2023. - STOURM","og_description":"\u00c0 Kentreg (Cintr\u00e9), l&rsquo;ultra-gauche organise une manifestation ce samedi 1er mars \u00e0 12H00 au pr\u00e9texte d&rsquo;une \u00ab\u00a0agression fasciste\u00a0\u00bb dont s&rsquo;est dit victime Anton Burel, un \u00e9l\u00e9ment marxiste qui milite pour l&rsquo;immigration de masse en Bretagne. Pour r\u00e9affirmer que Cintr\u00e9 est une ville ouverte \u00e0 toutes et tous sans distinction d\u2019origine ou de confession, j\u2019appelle, aux [&hellip;]","og_url":"https:\/\/stourm.news\/?p=3514","og_site_name":"STOURM","article_publisher":"https:\/\/www.facebook.com\/stourmnews\/","article_published_time":"2025-02-27T16:27:43+00:00","article_modified_time":"2025-02-27T16:37:26+00:00","og_image":[{"width":1000,"height":795,"url":"https:\/\/stourm.news\/wp-content\/uploads\/2025\/02\/Gkzhyf-XgAAbeZ_.jpg","type":"image\/jpeg"}],"author":"La r\u00e9daction","twitter_card":"summary_large_image","twitter_misc":{"\u00c9crit par":"La r\u00e9daction","Dur\u00e9e de lecture estim\u00e9e":"1 minute"},"schema":{"@context":"https:\/\/schema.org","@graph":[{"@type":"Article","@id":"https:\/\/stourm.news\/?p=3514#article","isPartOf":{"@id":"https:\/\/stourm.news\/?p=3514"},"author":{"name":"La r\u00e9daction","@id":"https:\/\/stourm.news\/#\/schema\/person\/c3e1dc65988632e190969234ef046cf9"},"headline":"Kentreg (Cintr\u00e9) : apr\u00e8s une altercation, l&rsquo;\u00e9lu municipal Anton Burel appelle l&rsquo;ultra-gauche \u00e0 manifester en sa faveur. Il avait qualifi\u00e9 de \u00ab\u00a0lib\u00e9ration\u00a0\u00bb la tuerie de masse commise par le Hamas du 7 octobre 2023.","datePublished":"2025-02-27T16:27:43+00:00","dateModified":"2025-02-27T16:37:26+00:00","mainEntityOfPage":{"@id":"https:\/\/stourm.news\/?p=3514"},"wordCount":221,"commentCount":0,"publisher":{"@id":"https:\/\/stourm.news\/#organization"},"image":{"@id":"https:\/\/stourm.news\/?p=3514#primaryimage"},"thumbnailUrl":"https:\/\/stourm.news\/wp-content\/uploads\/2025\/02\/Gkzhyf-XgAAbeZ_.jpg","articleSection":["Extr\u00eame-gauche","Politique","Principale"],"inLanguage":"fr-FR","potentialAction":[{"@type":"CommentAction","name":"Comment","target":["https:\/\/stourm.news\/?p=3514#respond"]}]},{"@type":"WebPage","@id":"https:\/\/stourm.news\/?p=3514","url":"https:\/\/stourm.news\/?p=3514","name":"Kentreg (Cintr\u00e9) : apr\u00e8s une altercation, l'\u00e9lu municipal Anton Burel appelle l'ultra-gauche \u00e0 manifester en sa faveur. Il avait qualifi\u00e9 de \"lib\u00e9ration\" la tuerie de masse commise par le Hamas du 7 octobre 2023. - STOURM","isPartOf":{"@id":"https:\/\/stourm.news\/#website"},"primaryImageOfPage":{"@id":"https:\/\/stourm.news\/?p=3514#primaryimage"},"image":{"@id":"https:\/\/stourm.news\/?p=3514#primaryimage"},"thumbnailUrl":"https:\/\/stourm.news\/wp-content\/uploads\/2025\/02\/Gkzhyf-XgAAbeZ_.jpg","datePublished":"2025-02-27T16:27:43+00:00","dateModified":"2025-02-27T16:37:26+00:00","breadcrumb":{"@id":"https:\/\/stourm.news\/?p=3514#breadcrumb"},"inLanguage":"fr-FR","potentialAction":[{"@type":"ReadAction","target":["https:\/\/stourm.news\/?p=3514"]}]},{"@type":"ImageObject","inLanguage":"fr-FR","@id":"https:\/\/stourm.news\/?p=3514#primaryimage","url":"https:\/\/stourm.news\/wp-content\/uploads\/2025\/02\/Gkzhyf-XgAAbeZ_.jpg","contentUrl":"https:\/\/stourm.news\/wp-content\/uploads\/2025\/02\/Gkzhyf-XgAAbeZ_.jpg","width":1000,"height":795},{"@type":"BreadcrumbList","@id":"https:\/\/stourm.news\/?p=3514#breadcrumb","itemListElement":[{"@type":"ListItem","position":1,"name":"Accueil","item":"https:\/\/stourm.news\/"},{"@type":"ListItem","position":2,"name":"Kentreg (Cintr\u00e9) : apr\u00e8s une altercation, l&rsquo;\u00e9lu municipal Anton Burel appelle l&rsquo;ultra-gauche \u00e0 manifester en sa faveur. Il avait qualifi\u00e9 de \u00ab\u00a0lib\u00e9ration\u00a0\u00bb la tuerie de masse commise par le Hamas du 7 octobre 2023."}]},{"@type":"WebSite","@id":"https:\/\/stourm.news\/#website","url":"https:\/\/stourm.news\/","name":"Stourm","description":"Kazetenn Strollad Broadel Breizh","publisher":{"@id":"https:\/\/stourm.news\/#organization"},"potentialAction":[{"@type":"SearchAction","target":{"@type":"EntryPoint","urlTemplate":"https:\/\/stourm.news\/?s={search_term_string}"},"query-input":{"@type":"PropertyValueSpecification","valueRequired":true,"valueName":"search_term_string"}}],"inLanguage":"fr-FR"},{"@type":"Organization","@id":"https:\/\/stourm.news\/#organization","name":"Stourm","url":"https:\/\/stourm.news\/","logo":{"@type":"ImageObject","inLanguage":"fr-FR","@id":"https:\/\/stourm.news\/#\/schema\/logo\/image\/","url":"https:\/\/stourm.news\/wp-content\/uploads\/2025\/11\/cropped-Capture-decran-2025-11-28-a-15.19.07.png","contentUrl":"https:\/\/stourm.news\/wp-content\/uploads\/2025\/11\/cropped-Capture-decran-2025-11-28-a-15.19.07.png","width":1855,"height":383,"caption":"Stourm"},"image":{"@id":"https:\/\/stourm.news\/#\/schema\/logo\/image\/"},"sameAs":["https:\/\/www.facebook.com\/stourmnews\/"]},{"@type":"Person","@id":"https:\/\/stourm.news\/#\/schema\/person\/c3e1dc65988632e190969234ef046cf9","name":"La r\u00e9daction","image":{"@type":"ImageObject","inLanguage":"fr-FR","@id":"https:\/\/stourm.news\/#\/schema\/person\/image\/","url":"https:\/\/secure.gravatar.com\/avatar\/7463443f194b6b5fb706b074ca0ef59a0cfcfd720cb47764b0ec5a952ce422b3?s=96&d=mm&r=g","contentUrl":"https:\/\/secure.gravatar.com\/avatar\/7463443f194b6b5fb706b074ca0ef59a0cfcfd720cb47764b0ec5a952ce422b3?s=96&d=mm&r=g","caption":"La r\u00e9daction"},"sameAs":["https:\/\/stourm.news"],"url":"https:\/\/stourm.news\/?author=1"}]}},"_links":{"self":[{"href":"https:\/\/stourm.news\/index.php?rest_route=\/wp\/v2\/posts\/3514","targetHints":{"allow":["GET"]}}],"collection":[{"href":"https:\/\/stourm.news\/index.php?rest_route=\/wp\/v2\/posts"}],"about":[{"href":"https:\/\/stourm.news\/index.php?rest_route=\/wp\/v2\/types\/post"}],"author":[{"embeddable":true,"href":"https:\/\/stourm.news\/index.php?rest_route=\/wp\/v2\/users\/1"}],"replies":[{"embeddable":true,"href":"https:\/\/stourm.news\/index.php?rest_route=%2Fwp%2Fv2%2Fcomments&post=3514"}],"version-history":[{"count":4,"href":"https:\/\/stourm.news\/index.php?rest_route=\/wp\/v2\/posts\/3514\/revisions"}],"predecessor-version":[{"id":3521,"href":"https:\/\/stourm.news\/index.php?rest_route=\/wp\/v2\/posts\/3514\/revisions\/3521"}],"wp:featuredmedia":[{"embeddable":true,"href":"https:\/\/stourm.news\/index.php?rest_route=\/wp\/v2\/media\/3520"}],"wp:attachment":[{"href":"https:\/\/stourm.news\/index.php?rest_route=%2Fwp%2Fv2%2Fmedia&parent=3514"}],"wp:term":[{"taxonomy":"category","embeddable":true,"href":"https:\/\/stourm.news\/index.php?rest_route=%2Fwp%2Fv2%2Fcategories&post=3514"},{"taxonomy":"post_tag","embeddable":true,"href":"https:\/\/stourm.news\/index.php?rest_route=%2Fwp%2Fv2%2Ftags&post=3514"}],"curies":[{"name":"wp","href":"https:\/\/api.w.org\/{rel}","templated":true}]}}