{"id":3522,"date":"2025-02-27T17:37:55","date_gmt":"2025-02-27T17:37:55","guid":{"rendered":"https:\/\/stourm.news\/?p=3522"},"modified":"2025-02-27T17:37:55","modified_gmt":"2025-02-27T17:37:55","slug":"amerique-du-nord-47-des-moins-de-35-ans-sont-blancs-aux-usa-59-au-canada","status":"publish","type":"post","link":"https:\/\/stourm.news\/?p=3522","title":{"rendered":"Am\u00e9rique du Nord : 47% des moins de 35 ans sont blancs aux USA, 59% au Canada"},"content":{"rendered":"<p style=\"text-align: justify;\">En 2020\/2021, une carte d\u00e9mographique d\u00e9taillant la proportion de la population blanche de moins de 35 ans au Canada et aux \u00c9tats-Unis r\u00e9v\u00e8le des tendances qui pourraient interpeller les Bretons face aux enjeux d\u00e9mographiques mondiaux.<\/p>\n<p style=\"text-align: justify;\">Selon cette analyse, seule 48,3 % de la population de moins de 35 ans dans ces deux pays est class\u00e9e comme blanche (non hispanique aux \u00c9tats-Unis), avec des disparit\u00e9s r\u00e9gionales marqu\u00e9es : 59,6 % au Canada et 47,2 % aux \u00c9tats-Unis. Ces chiffres, bas\u00e9s sur des donn\u00e9es officielles de Statistique Canada et du Bureau du recensement am\u00e9ricain, soulignent une diversification croissante, particuli\u00e8rement dans les r\u00e9gions urbaines et du sud des \u00c9tats-Unis, o\u00f9 les pourcentages chutent parfois \u00e0 22 % (Californie) ou 25 % (Nouveau-Mexique).<\/p>\n<p style=\"text-align: justify;\">Cette \u00e9volution d\u00e9mographique, marqu\u00e9e par une baisse relative de la population blanche jeune, refl\u00e8te des facteurs comme les migrations, les diff\u00e9rences de natalit\u00e9 et les dynamiques culturelles. Des r\u00e9gions comme le Vermont (76 %) ou Terre-Neuve-et-Labrador (84 %) conservent des proportions plus \u00e9lev\u00e9es, souvent li\u00e9es \u00e0 une ruralit\u00e9 ou \u00e0 une homog\u00e9n\u00e9it\u00e9 historique. Cependant, ces \u00e9carts r\u00e9gionaux et nationaux montrent une transformation profonde des soci\u00e9t\u00e9s nord-am\u00e9ricaines, o\u00f9 les populations non blanches, notamment issues de l\u2019immigration ou de communaut\u00e9s hispaniques, gagnent du terrain parmi les jeunes g\u00e9n\u00e9rations.<\/p>\n<p style=\"text-align: justify;\">Pour la Bretagne, cette situation peut servir d\u2019avertissement. Bien que la Bretagne conserve une identit\u00e9 culturelle forte, marqu\u00e9e par sa langue, ses traditions et son histoire, elle n\u2019est pas \u00e0 l\u2019abri des dynamiques d\u00e9mographiques globales. La Bretagne conna\u00eet \u00e9galement une infiltration progressive due \u00e0 l\u2019immigration impos\u00e9e par l&rsquo;\u00c9tat fran\u00e7ais et \u00e0 une natalit\u00e9 en baisse parmi certaines populations historiques. Si des mesures ne sont pas prises pour soutenir la natalit\u00e9, la Bretagne verra ses caract\u00e9ristiques d\u00e9mographiques et culturelles s\u2019effacer au profit d\u2019une h\u00e9t\u00e9rog\u00e9n\u00e9isation globale.<\/p>\n<p style=\"text-align: justify;\">Le <strong>remplacement d\u00e9mographique<\/strong> ne doit pas \u00eatre interpr\u00e9t\u00e9 comme une menace in\u00e9luctable, mais comme un signal d\u2019alerte. Les Bretons pourraient s\u2019inspirer des r\u00e9ussites nord-am\u00e9ricaines, o\u00f9 certaines communaut\u00e9s maintiennent leur h\u00e9ritage via l\u2019\u00e9ducation, les politiques publiques et la valorisation des langues et traditions locales.<\/p>\n<p><iframe title=\"YouTube video player\" src=\"https:\/\/www.youtube.com\/embed\/N5YLKDG9OV4?si=bRwYwTl2pQD3yUmI\" width=\"640\" height=\"400\" frameborder=\"0\" allowfullscreen=\"allowfullscreen\"><span data-mce-type=\"bookmark\" style=\"display: inline-block; width: 0px; overflow: hidden; line-height: 0;\" class=\"mce_SELRES_start\">\ufeff<\/span><\/iframe><\/p>\n<p style=\"text-align: justify;\">Investir dans la jeunesse bretonne, promouvoir le breton et soutenir des politiques de natalit\u00e9 adapt\u00e9es pourraient \u00eatre des leviers pour pr\u00e9server l\u2019identit\u00e9 bretonne face aux d\u00e9fis d\u00e9mographiques du XXIe si\u00e8cle.<\/p>\n<p style=\"text-align: justify;\">Bien qu\u2019\u00e9loign\u00e9e g\u00e9ographiquement, cette carte nous rappelle que les changements d\u00e9mographiques sont universels et qu\u2019il est urgent de r\u00e9fl\u00e9chir \u00e0 des strat\u00e9gies pour assurer la p\u00e9rennit\u00e9 des identit\u00e9s culturelles, y compris en Bretagne.<\/p>\n<p style=\"text-align: right;\"><strong>Ewen Broc&rsquo;han<\/strong><\/p>\n","protected":false},"excerpt":{"rendered":"<p>En 2020\/2021, une carte d\u00e9mographique d\u00e9taillant la proportion de la population blanche de moins de 35 ans au Canada et aux \u00c9tats-Unis r\u00e9v\u00e8le des tendances qui pourraient interpeller les Bretons face aux enjeux d\u00e9mographiques mondiaux. Selon cette analyse, seule 48,3 % de la population de moins de 35 ans dans ces deux pays est class\u00e9e [&hellip;]<\/p>\n","protected":false},"author":1,"featured_media":3523,"comment_status":"open","ping_status":"open","sticky":false,"template":"","format":"standard","meta":{"sb_editor_width":"","footnotes":""},"categories":[33,66,65],"tags":[],"class_list":["post-3522","post","type-post","status-publish","format-standard","has-post-thumbnail","hentry","category-immigration","category-international","category-principale"],"relative_dates":{"created":"1 an ago","modified":"1 an ago"},"yoast_head":"<!-- This site is optimized with the Yoast SEO plugin v26.3 - https:\/\/yoast.com\/wordpress\/plugins\/seo\/ -->\n<title>Am\u00e9rique du Nord : 47% des moins de 35 ans sont blancs aux USA, 59% au Canada - STOURM<\/title>\n<meta name=\"robots\" content=\"index, follow, max-snippet:-1, max-image-preview:large, max-video-preview:-1\" \/>\n<link rel=\"canonical\" href=\"https:\/\/stourm.news\/?p=3522\" \/>\n<meta property=\"og:locale\" content=\"fr_FR\" \/>\n<meta property=\"og:type\" content=\"article\" \/>\n<meta property=\"og:title\" content=\"Am\u00e9rique du Nord : 47% des moins de 35 ans sont blancs aux USA, 59% au Canada - STOURM\" \/>\n<meta property=\"og:description\" content=\"En 2020\/2021, une carte d\u00e9mographique d\u00e9taillant la proportion de la population blanche de moins de 35 ans au Canada et aux \u00c9tats-Unis r\u00e9v\u00e8le des tendances qui pourraient interpeller les Bretons face aux enjeux d\u00e9mographiques mondiaux. Selon cette analyse, seule 48,3 % de la population de moins de 35 ans dans ces deux pays est class\u00e9e [&hellip;]\" \/>\n<meta property=\"og:url\" content=\"https:\/\/stourm.news\/?p=3522\" \/>\n<meta property=\"og:site_name\" content=\"STOURM\" \/>\n<meta property=\"article:publisher\" content=\"https:\/\/www.facebook.com\/stourmnews\/\" \/>\n<meta property=\"article:published_time\" content=\"2025-02-27T17:37:55+00:00\" \/>\n<meta property=\"og:image\" content=\"https:\/\/stourm.news\/wp-content\/uploads\/2025\/02\/GkzE76pXkAAJQ9A.jpg\" \/>\n\t<meta property=\"og:image:width\" content=\"1200\" \/>\n\t<meta property=\"og:image:height\" content=\"766\" \/>\n\t<meta property=\"og:image:type\" content=\"image\/jpeg\" \/>\n<meta name=\"author\" content=\"La r\u00e9daction\" \/>\n<meta name=\"twitter:card\" content=\"summary_large_image\" \/>\n<meta name=\"twitter:label1\" content=\"\u00c9crit par\" \/>\n\t<meta name=\"twitter:data1\" content=\"La r\u00e9daction\" \/>\n\t<meta name=\"twitter:label2\" content=\"Dur\u00e9e de lecture estim\u00e9e\" \/>\n\t<meta name=\"twitter:data2\" content=\"3 minutes\" \/>\n<script type=\"application\/ld+json\" class=\"yoast-schema-graph\">{\"@context\":\"https:\/\/schema.org\",\"@graph\":[{\"@type\":\"Article\",\"@id\":\"https:\/\/stourm.news\/?p=3522#article\",\"isPartOf\":{\"@id\":\"https:\/\/stourm.news\/?p=3522\"},\"author\":{\"name\":\"La r\u00e9daction\",\"@id\":\"https:\/\/stourm.news\/#\/schema\/person\/c3e1dc65988632e190969234ef046cf9\"},\"headline\":\"Am\u00e9rique du Nord : 47% des moins de 35 ans sont blancs aux USA, 59% au Canada\",\"datePublished\":\"2025-02-27T17:37:55+00:00\",\"mainEntityOfPage\":{\"@id\":\"https:\/\/stourm.news\/?p=3522\"},\"wordCount\":462,\"commentCount\":0,\"publisher\":{\"@id\":\"https:\/\/stourm.news\/#organization\"},\"image\":{\"@id\":\"https:\/\/stourm.news\/?p=3522#primaryimage\"},\"thumbnailUrl\":\"https:\/\/stourm.news\/wp-content\/uploads\/2025\/02\/GkzE76pXkAAJQ9A.jpg\",\"articleSection\":[\"Immigration\",\"International\",\"Principale\"],\"inLanguage\":\"fr-FR\",\"potentialAction\":[{\"@type\":\"CommentAction\",\"name\":\"Comment\",\"target\":[\"https:\/\/stourm.news\/?p=3522#respond\"]}]},{\"@type\":\"WebPage\",\"@id\":\"https:\/\/stourm.news\/?p=3522\",\"url\":\"https:\/\/stourm.news\/?p=3522\",\"name\":\"Am\u00e9rique du Nord : 47% des moins de 35 ans sont blancs aux USA, 59% au Canada - STOURM\",\"isPartOf\":{\"@id\":\"https:\/\/stourm.news\/#website\"},\"primaryImageOfPage\":{\"@id\":\"https:\/\/stourm.news\/?p=3522#primaryimage\"},\"image\":{\"@id\":\"https:\/\/stourm.news\/?p=3522#primaryimage\"},\"thumbnailUrl\":\"https:\/\/stourm.news\/wp-content\/uploads\/2025\/02\/GkzE76pXkAAJQ9A.jpg\",\"datePublished\":\"2025-02-27T17:37:55+00:00\",\"breadcrumb\":{\"@id\":\"https:\/\/stourm.news\/?p=3522#breadcrumb\"},\"inLanguage\":\"fr-FR\",\"potentialAction\":[{\"@type\":\"ReadAction\",\"target\":[\"https:\/\/stourm.news\/?p=3522\"]}]},{\"@type\":\"ImageObject\",\"inLanguage\":\"fr-FR\",\"@id\":\"https:\/\/stourm.news\/?p=3522#primaryimage\",\"url\":\"https:\/\/stourm.news\/wp-content\/uploads\/2025\/02\/GkzE76pXkAAJQ9A.jpg\",\"contentUrl\":\"https:\/\/stourm.news\/wp-content\/uploads\/2025\/02\/GkzE76pXkAAJQ9A.jpg\",\"width\":1200,\"height\":766},{\"@type\":\"BreadcrumbList\",\"@id\":\"https:\/\/stourm.news\/?p=3522#breadcrumb\",\"itemListElement\":[{\"@type\":\"ListItem\",\"position\":1,\"name\":\"Accueil\",\"item\":\"https:\/\/stourm.news\/\"},{\"@type\":\"ListItem\",\"position\":2,\"name\":\"Am\u00e9rique du Nord : 47% des moins de 35 ans sont blancs aux USA, 59% au Canada\"}]},{\"@type\":\"WebSite\",\"@id\":\"https:\/\/stourm.news\/#website\",\"url\":\"https:\/\/stourm.news\/\",\"name\":\"Stourm\",\"description\":\"Kazetenn Strollad Broadel Breizh\",\"publisher\":{\"@id\":\"https:\/\/stourm.news\/#organization\"},\"potentialAction\":[{\"@type\":\"SearchAction\",\"target\":{\"@type\":\"EntryPoint\",\"urlTemplate\":\"https:\/\/stourm.news\/?s={search_term_string}\"},\"query-input\":{\"@type\":\"PropertyValueSpecification\",\"valueRequired\":true,\"valueName\":\"search_term_string\"}}],\"inLanguage\":\"fr-FR\"},{\"@type\":\"Organization\",\"@id\":\"https:\/\/stourm.news\/#organization\",\"name\":\"Stourm\",\"url\":\"https:\/\/stourm.news\/\",\"logo\":{\"@type\":\"ImageObject\",\"inLanguage\":\"fr-FR\",\"@id\":\"https:\/\/stourm.news\/#\/schema\/logo\/image\/\",\"url\":\"https:\/\/stourm.news\/wp-content\/uploads\/2025\/11\/cropped-Capture-decran-2025-11-28-a-15.19.07.png\",\"contentUrl\":\"https:\/\/stourm.news\/wp-content\/uploads\/2025\/11\/cropped-Capture-decran-2025-11-28-a-15.19.07.png\",\"width\":1855,\"height\":383,\"caption\":\"Stourm\"},\"image\":{\"@id\":\"https:\/\/stourm.news\/#\/schema\/logo\/image\/\"},\"sameAs\":[\"https:\/\/www.facebook.com\/stourmnews\/\"]},{\"@type\":\"Person\",\"@id\":\"https:\/\/stourm.news\/#\/schema\/person\/c3e1dc65988632e190969234ef046cf9\",\"name\":\"La r\u00e9daction\",\"image\":{\"@type\":\"ImageObject\",\"inLanguage\":\"fr-FR\",\"@id\":\"https:\/\/stourm.news\/#\/schema\/person\/image\/\",\"url\":\"https:\/\/secure.gravatar.com\/avatar\/7463443f194b6b5fb706b074ca0ef59a0cfcfd720cb47764b0ec5a952ce422b3?s=96&d=mm&r=g\",\"contentUrl\":\"https:\/\/secure.gravatar.com\/avatar\/7463443f194b6b5fb706b074ca0ef59a0cfcfd720cb47764b0ec5a952ce422b3?s=96&d=mm&r=g\",\"caption\":\"La r\u00e9daction\"},\"sameAs\":[\"https:\/\/stourm.news\"],\"url\":\"https:\/\/stourm.news\/?author=1\"}]}<\/script>\n<!-- \/ Yoast SEO plugin. -->","yoast_head_json":{"title":"Am\u00e9rique du Nord : 47% des moins de 35 ans sont blancs aux USA, 59% au Canada - STOURM","robots":{"index":"index","follow":"follow","max-snippet":"max-snippet:-1","max-image-preview":"max-image-preview:large","max-video-preview":"max-video-preview:-1"},"canonical":"https:\/\/stourm.news\/?p=3522","og_locale":"fr_FR","og_type":"article","og_title":"Am\u00e9rique du Nord : 47% des moins de 35 ans sont blancs aux USA, 59% au Canada - STOURM","og_description":"En 2020\/2021, une carte d\u00e9mographique d\u00e9taillant la proportion de la population blanche de moins de 35 ans au Canada et aux \u00c9tats-Unis r\u00e9v\u00e8le des tendances qui pourraient interpeller les Bretons face aux enjeux d\u00e9mographiques mondiaux. Selon cette analyse, seule 48,3 % de la population de moins de 35 ans dans ces deux pays est class\u00e9e [&hellip;]","og_url":"https:\/\/stourm.news\/?p=3522","og_site_name":"STOURM","article_publisher":"https:\/\/www.facebook.com\/stourmnews\/","article_published_time":"2025-02-27T17:37:55+00:00","og_image":[{"width":1200,"height":766,"url":"https:\/\/stourm.news\/wp-content\/uploads\/2025\/02\/GkzE76pXkAAJQ9A.jpg","type":"image\/jpeg"}],"author":"La r\u00e9daction","twitter_card":"summary_large_image","twitter_misc":{"\u00c9crit par":"La r\u00e9daction","Dur\u00e9e de lecture estim\u00e9e":"3 minutes"},"schema":{"@context":"https:\/\/schema.org","@graph":[{"@type":"Article","@id":"https:\/\/stourm.news\/?p=3522#article","isPartOf":{"@id":"https:\/\/stourm.news\/?p=3522"},"author":{"name":"La r\u00e9daction","@id":"https:\/\/stourm.news\/#\/schema\/person\/c3e1dc65988632e190969234ef046cf9"},"headline":"Am\u00e9rique du Nord : 47% des moins de 35 ans sont blancs aux USA, 59% au Canada","datePublished":"2025-02-27T17:37:55+00:00","mainEntityOfPage":{"@id":"https:\/\/stourm.news\/?p=3522"},"wordCount":462,"commentCount":0,"publisher":{"@id":"https:\/\/stourm.news\/#organization"},"image":{"@id":"https:\/\/stourm.news\/?p=3522#primaryimage"},"thumbnailUrl":"https:\/\/stourm.news\/wp-content\/uploads\/2025\/02\/GkzE76pXkAAJQ9A.jpg","articleSection":["Immigration","International","Principale"],"inLanguage":"fr-FR","potentialAction":[{"@type":"CommentAction","name":"Comment","target":["https:\/\/stourm.news\/?p=3522#respond"]}]},{"@type":"WebPage","@id":"https:\/\/stourm.news\/?p=3522","url":"https:\/\/stourm.news\/?p=3522","name":"Am\u00e9rique du Nord : 47% des moins de 35 ans sont blancs aux USA, 59% au Canada - STOURM","isPartOf":{"@id":"https:\/\/stourm.news\/#website"},"primaryImageOfPage":{"@id":"https:\/\/stourm.news\/?p=3522#primaryimage"},"image":{"@id":"https:\/\/stourm.news\/?p=3522#primaryimage"},"thumbnailUrl":"https:\/\/stourm.news\/wp-content\/uploads\/2025\/02\/GkzE76pXkAAJQ9A.jpg","datePublished":"2025-02-27T17:37:55+00:00","breadcrumb":{"@id":"https:\/\/stourm.news\/?p=3522#breadcrumb"},"inLanguage":"fr-FR","potentialAction":[{"@type":"ReadAction","target":["https:\/\/stourm.news\/?p=3522"]}]},{"@type":"ImageObject","inLanguage":"fr-FR","@id":"https:\/\/stourm.news\/?p=3522#primaryimage","url":"https:\/\/stourm.news\/wp-content\/uploads\/2025\/02\/GkzE76pXkAAJQ9A.jpg","contentUrl":"https:\/\/stourm.news\/wp-content\/uploads\/2025\/02\/GkzE76pXkAAJQ9A.jpg","width":1200,"height":766},{"@type":"BreadcrumbList","@id":"https:\/\/stourm.news\/?p=3522#breadcrumb","itemListElement":[{"@type":"ListItem","position":1,"name":"Accueil","item":"https:\/\/stourm.news\/"},{"@type":"ListItem","position":2,"name":"Am\u00e9rique du Nord : 47% des moins de 35 ans sont blancs aux USA, 59% au Canada"}]},{"@type":"WebSite","@id":"https:\/\/stourm.news\/#website","url":"https:\/\/stourm.news\/","name":"Stourm","description":"Kazetenn Strollad Broadel Breizh","publisher":{"@id":"https:\/\/stourm.news\/#organization"},"potentialAction":[{"@type":"SearchAction","target":{"@type":"EntryPoint","urlTemplate":"https:\/\/stourm.news\/?s={search_term_string}"},"query-input":{"@type":"PropertyValueSpecification","valueRequired":true,"valueName":"search_term_string"}}],"inLanguage":"fr-FR"},{"@type":"Organization","@id":"https:\/\/stourm.news\/#organization","name":"Stourm","url":"https:\/\/stourm.news\/","logo":{"@type":"ImageObject","inLanguage":"fr-FR","@id":"https:\/\/stourm.news\/#\/schema\/logo\/image\/","url":"https:\/\/stourm.news\/wp-content\/uploads\/2025\/11\/cropped-Capture-decran-2025-11-28-a-15.19.07.png","contentUrl":"https:\/\/stourm.news\/wp-content\/uploads\/2025\/11\/cropped-Capture-decran-2025-11-28-a-15.19.07.png","width":1855,"height":383,"caption":"Stourm"},"image":{"@id":"https:\/\/stourm.news\/#\/schema\/logo\/image\/"},"sameAs":["https:\/\/www.facebook.com\/stourmnews\/"]},{"@type":"Person","@id":"https:\/\/stourm.news\/#\/schema\/person\/c3e1dc65988632e190969234ef046cf9","name":"La r\u00e9daction","image":{"@type":"ImageObject","inLanguage":"fr-FR","@id":"https:\/\/stourm.news\/#\/schema\/person\/image\/","url":"https:\/\/secure.gravatar.com\/avatar\/7463443f194b6b5fb706b074ca0ef59a0cfcfd720cb47764b0ec5a952ce422b3?s=96&d=mm&r=g","contentUrl":"https:\/\/secure.gravatar.com\/avatar\/7463443f194b6b5fb706b074ca0ef59a0cfcfd720cb47764b0ec5a952ce422b3?s=96&d=mm&r=g","caption":"La r\u00e9daction"},"sameAs":["https:\/\/stourm.news"],"url":"https:\/\/stourm.news\/?author=1"}]}},"_links":{"self":[{"href":"https:\/\/stourm.news\/index.php?rest_route=\/wp\/v2\/posts\/3522","targetHints":{"allow":["GET"]}}],"collection":[{"href":"https:\/\/stourm.news\/index.php?rest_route=\/wp\/v2\/posts"}],"about":[{"href":"https:\/\/stourm.news\/index.php?rest_route=\/wp\/v2\/types\/post"}],"author":[{"embeddable":true,"href":"https:\/\/stourm.news\/index.php?rest_route=\/wp\/v2\/users\/1"}],"replies":[{"embeddable":true,"href":"https:\/\/stourm.news\/index.php?rest_route=%2Fwp%2Fv2%2Fcomments&post=3522"}],"version-history":[{"count":1,"href":"https:\/\/stourm.news\/index.php?rest_route=\/wp\/v2\/posts\/3522\/revisions"}],"predecessor-version":[{"id":3524,"href":"https:\/\/stourm.news\/index.php?rest_route=\/wp\/v2\/posts\/3522\/revisions\/3524"}],"wp:featuredmedia":[{"embeddable":true,"href":"https:\/\/stourm.news\/index.php?rest_route=\/wp\/v2\/media\/3523"}],"wp:attachment":[{"href":"https:\/\/stourm.news\/index.php?rest_route=%2Fwp%2Fv2%2Fmedia&parent=3522"}],"wp:term":[{"taxonomy":"category","embeddable":true,"href":"https:\/\/stourm.news\/index.php?rest_route=%2Fwp%2Fv2%2Fcategories&post=3522"},{"taxonomy":"post_tag","embeddable":true,"href":"https:\/\/stourm.news\/index.php?rest_route=%2Fwp%2Fv2%2Ftags&post=3522"}],"curies":[{"name":"wp","href":"https:\/\/api.w.org\/{rel}","templated":true}]}}