{"id":3525,"date":"2025-02-28T11:40:24","date_gmt":"2025-02-28T11:40:24","guid":{"rendered":"https:\/\/stourm.news\/?p=3525"},"modified":"2025-02-28T11:40:24","modified_gmt":"2025-02-28T11:40:24","slug":"perpignan-le-maire-rn-interdit-les-mariages-en-catalan-au-nom-de-la-poursuite-de-la-francisation-de-la-catalogne","status":"publish","type":"post","link":"https:\/\/stourm.news\/?p=3525","title":{"rendered":"Perpignan : le maire RN interdit les mariages en catalan au nom de la poursuite de la francisation de la Catalogne"},"content":{"rendered":"<p style=\"text-align: justify;\">Cette d\u00e9cision constitue <strong>une discrimination linguistique<\/strong> selon Jaume Roure. Il s\u2019en fait \u00e9cho dans une lettre ouverte adress\u00e9e \u00e0 Louis Aliot, maire de Perpignan (RN). L\u2019affaire aurait \u00e9clat\u00e9 lors du dernier conseil municipal, alors que les \u00e9lus d\u00e9battaient d\u2019une charte de bonne conduite pour les futurs \u00e9poux. Chantal Gombert, \u00e9lue d\u2019opposition, avait interrog\u00e9 le maire sur <strong>le refus<\/strong> de mise \u00e0 disposition de la salle municipale pour un mariage qui devait se c\u00e9l\u00e9brer <strong>en catalan<\/strong>.<\/p>\n<p style=\"text-align: justify;\">Dans la lettre ouverte diffus\u00e9e ce jeudi apr\u00e8s-midi, Jaume Roure indique que Louis Aliot aurait confirm\u00e9 <strong>qu\u2019il n\u2019autorisait pas les c\u00e9r\u00e9monies en catalan<\/strong>. Une d\u00e9cision qui met fin \u00e0 une pratique en vigueur <strong>depuis 1993<\/strong>.<\/p>\n<p><img fetchpriority=\"high\" decoding=\"async\" class=\"alignnone size-medium\" src=\"https:\/\/www.lasemaineduroussillon.com\/app\/uploads\/sites\/31\/2024\/07\/la-catalane-800x504.webp\" width=\"800\" height=\"504\" \/><\/p>\n<p style=\"text-align: center;\"><em>En 2023, Brice Lafontaine, Annabelle Brunet et Jaume Roure avaient tenu une conf\u00e9rence de presse autour de \u00ab Perpignan la Catalane \u00bb\u00a0<\/em><\/p>\n<p style=\"text-align: justify;\">Cette position a suscit\u00e9 une vive r\u00e9action de l\u2019ancien \u00e9lu municipal, charg\u00e9 des affaires catalanes, qui d\u00e9nonce une atteinte aux principes r\u00e9publicains : \u00ab Acceptez-vous d\u2019accorder l\u2019usage de la salle des mariages \u00e0 des personnes irrespectueuses, mais le refusez-vous \u00e0 celles qui souhaitent incorporer <strong>quelques mots de catalan<\/strong> dans leur c\u00e9r\u00e9monie ? \u00bb<\/p>\n<p style=\"text-align: justify;\">Jaume Roure rappelle que <strong>l\u2019usage du catalan<\/strong> n\u2019exclut en rien celui du fran\u00e7ais et que cette interdiction constitue une entrave aux libert\u00e9s individuelles et ajoute dans sa missive au maire : \u00ab Votre d\u00e9cision, Monsieur le Maire, constitue une grave atteinte \u00e0 une libert\u00e9 individuelle garantie tant par la Convention de 1976 sur la d\u00e9livrance d\u2019actes d\u2019\u00e9tat civil plurilingues que par les r\u00e8glements europ\u00e9ens.\u00bb<\/p>\n<p><img decoding=\"async\" class=\"alignnone size-medium\" src=\"https:\/\/www.lasemaineduroussillon.com\/app\/uploads\/sites\/31\/2024\/09\/aliot-jumelage-palma-800x591.webp\" width=\"800\" height=\"591\" \/><\/p>\n<p style=\"text-align: center;\"><em>Le maire de Perpignan et le maire de Palma lors du jumelage des deux villes, \u00e0 la dite salle des mariages de la mairie de Perpignan<\/em><\/p>\n<p style=\"text-align: justify;\">Interrog\u00e9 sur la question, Louis Aliot se d\u00e9fend d\u2019avoir interdit toute c\u00e9r\u00e9monie : \u201c Je n\u2019ai pas refus\u00e9 le mariage. Il voulait une d\u00e9rogation de salle (pas possible \u00e0 cette date) et un mariage en catalan par un fonctionnaire mairie. <strong>Les fonctionnaires fran\u00e7ais parlent fran\u00e7ais sinon ce serait ouvrir un droit \u00e0 d\u2019autres demandes \u00ab communautaires \u00bb<\/strong>. Maintenant, une fois que le mariage est act\u00e9 en fran\u00e7ais, rien ne leur interdit d\u2019utiliser un ami ou un interpr\u00e8te pour compl\u00e9ter la c\u00e9r\u00e9monie du mariage. Et c\u2019\u00e9tait il y a plus d\u2019un an quand m\u00eame. Monsieur Roure a mis beaucoup de temps pour r\u00e9agir\u2026\u201d<\/p>\n<p style=\"text-align: justify;\">L\u2019ex adjoint Jaume Roure voit en ce refus un pas de plus dans la politique municipale <strong>en mati\u00e8re de non-respect du bilinguisme \u00e0 Perpignan<\/strong>. Jusqu\u2019\u00e0 pr\u00e9sent, les mariages pouvaient \u00eatre c\u00e9l\u00e9br\u00e9s <strong>en catalan<\/strong>, en compl\u00e9ment du fran\u00e7ais, conform\u00e9ment \u00e0 la Convention de 1976 sur les actes d\u2019\u00e9tat civil plurilingues et aux r\u00e8glements europ\u00e9ens.<\/p>\n<p style=\"text-align: justify;\">L\u2019article 75-1 de la Constitution fran\u00e7aise reconna\u00eet par ailleurs que les langues r\u00e9gionales font partie du patrimoine national. Selon Jaume Roure, cette d\u00e9cision municipale va \u00e0 l\u2019encontre de cet engagement et constitue <strong>\u00ab une insulte \u00e0 la diversit\u00e9 culturelle et linguistique qui enrichit notre territoire \u00bb<\/strong>. Le catalan est aussi inclus au code du patrimoine sous le statut de Tr\u00e9sor National par la loi du 23 mai 2021 relative \u00e0 la protection patrimoniale des langues r\u00e9gionales et leur promotion.<\/p>\n<p><img decoding=\"async\" class=\"alignnone size-medium\" src=\"https:\/\/static.actu.fr\/uploads\/2023\/11\/louis-aliot-perpignan.jpg\" width=\"1280\" height=\"960\" \/><\/p>\n<p style=\"text-align: center;\"><em>Louis Aliot<\/em><\/p>\n<p style=\"text-align: justify;\">Jaume Roure appelle \u00e0 une mobilisation des \u00e9lus pour \u00e9viter que \u00ab plus jamais se produise un outrage comme celui-ci \u00bb. Il demande \u00e9galement des excuses publiques du maire envers les \u00e9poux concern\u00e9s et envisage des recours juridiques.<\/p>\n<p>Source : <a href=\"https:\/\/www.lasemaineduroussillon.com\/societe\/le-refus-dun-mariage-en-catalan-provoque-lindignation-a-perpignan-15162\/\">La semaine du Roussillon<\/a><\/p>\n","protected":false},"excerpt":{"rendered":"<p>Cette d\u00e9cision constitue une discrimination linguistique selon Jaume Roure. Il s\u2019en fait \u00e9cho dans une lettre ouverte adress\u00e9e \u00e0 Louis Aliot, maire de Perpignan (RN). L\u2019affaire aurait \u00e9clat\u00e9 lors du dernier conseil municipal, alors que les \u00e9lus d\u00e9battaient d\u2019une charte de bonne conduite pour les futurs \u00e9poux. Chantal Gombert, \u00e9lue d\u2019opposition, avait interrog\u00e9 le maire [&hellip;]<\/p>\n","protected":false},"author":1,"featured_media":3526,"comment_status":"open","ping_status":"open","sticky":false,"template":"","format":"standard","meta":{"sb_editor_width":"","footnotes":""},"categories":[66,67,65],"tags":[],"class_list":["post-3525","post","type-post","status-publish","format-standard","has-post-thumbnail","hentry","category-international","category-politique","category-principale"],"relative_dates":{"created":"1 an ago","modified":"1 an ago"},"yoast_head":"<!-- This site is optimized with the Yoast SEO plugin v26.3 - https:\/\/yoast.com\/wordpress\/plugins\/seo\/ -->\n<title>Perpignan : le maire RN interdit les mariages en catalan au nom de la poursuite de la francisation de la Catalogne - STOURM<\/title>\n<meta name=\"robots\" content=\"index, follow, max-snippet:-1, max-image-preview:large, max-video-preview:-1\" \/>\n<link rel=\"canonical\" href=\"https:\/\/stourm.news\/?p=3525\" \/>\n<meta property=\"og:locale\" content=\"fr_FR\" \/>\n<meta property=\"og:type\" content=\"article\" \/>\n<meta property=\"og:title\" content=\"Perpignan : le maire RN interdit les mariages en catalan au nom de la poursuite de la francisation de la Catalogne - STOURM\" \/>\n<meta property=\"og:description\" content=\"Cette d\u00e9cision constitue une discrimination linguistique selon Jaume Roure. Il s\u2019en fait \u00e9cho dans une lettre ouverte adress\u00e9e \u00e0 Louis Aliot, maire de Perpignan (RN). L\u2019affaire aurait \u00e9clat\u00e9 lors du dernier conseil municipal, alors que les \u00e9lus d\u00e9battaient d\u2019une charte de bonne conduite pour les futurs \u00e9poux. Chantal Gombert, \u00e9lue d\u2019opposition, avait interrog\u00e9 le maire [&hellip;]\" \/>\n<meta property=\"og:url\" content=\"https:\/\/stourm.news\/?p=3525\" \/>\n<meta property=\"og:site_name\" content=\"STOURM\" \/>\n<meta property=\"article:publisher\" content=\"https:\/\/www.facebook.com\/stourmnews\/\" \/>\n<meta property=\"article:published_time\" content=\"2025-02-28T11:40:24+00:00\" \/>\n<meta property=\"og:image\" content=\"https:\/\/stourm.news\/wp-content\/uploads\/2025\/02\/louis-aliot-perpignan-rn-tc.jpg\" \/>\n\t<meta property=\"og:image:width\" content=\"1280\" \/>\n\t<meta property=\"og:image:height\" content=\"960\" \/>\n\t<meta property=\"og:image:type\" content=\"image\/jpeg\" \/>\n<meta name=\"author\" content=\"La r\u00e9daction\" \/>\n<meta name=\"twitter:card\" content=\"summary_large_image\" \/>\n<meta name=\"twitter:label1\" content=\"\u00c9crit par\" \/>\n\t<meta name=\"twitter:data1\" content=\"La r\u00e9daction\" \/>\n\t<meta name=\"twitter:label2\" content=\"Dur\u00e9e de lecture estim\u00e9e\" \/>\n\t<meta name=\"twitter:data2\" content=\"4 minutes\" \/>\n<script type=\"application\/ld+json\" class=\"yoast-schema-graph\">{\"@context\":\"https:\/\/schema.org\",\"@graph\":[{\"@type\":\"Article\",\"@id\":\"https:\/\/stourm.news\/?p=3525#article\",\"isPartOf\":{\"@id\":\"https:\/\/stourm.news\/?p=3525\"},\"author\":{\"name\":\"La r\u00e9daction\",\"@id\":\"https:\/\/stourm.news\/#\/schema\/person\/c3e1dc65988632e190969234ef046cf9\"},\"headline\":\"Perpignan : le maire RN interdit les mariages en catalan au nom de la poursuite de la francisation de la Catalogne\",\"datePublished\":\"2025-02-28T11:40:24+00:00\",\"mainEntityOfPage\":{\"@id\":\"https:\/\/stourm.news\/?p=3525\"},\"wordCount\":612,\"commentCount\":0,\"publisher\":{\"@id\":\"https:\/\/stourm.news\/#organization\"},\"image\":{\"@id\":\"https:\/\/stourm.news\/?p=3525#primaryimage\"},\"thumbnailUrl\":\"https:\/\/stourm.news\/wp-content\/uploads\/2025\/02\/louis-aliot-perpignan-rn-tc.jpg\",\"articleSection\":[\"International\",\"Politique\",\"Principale\"],\"inLanguage\":\"fr-FR\",\"potentialAction\":[{\"@type\":\"CommentAction\",\"name\":\"Comment\",\"target\":[\"https:\/\/stourm.news\/?p=3525#respond\"]}]},{\"@type\":\"WebPage\",\"@id\":\"https:\/\/stourm.news\/?p=3525\",\"url\":\"https:\/\/stourm.news\/?p=3525\",\"name\":\"Perpignan : le maire RN interdit les mariages en catalan au nom de la poursuite de la francisation de la Catalogne - STOURM\",\"isPartOf\":{\"@id\":\"https:\/\/stourm.news\/#website\"},\"primaryImageOfPage\":{\"@id\":\"https:\/\/stourm.news\/?p=3525#primaryimage\"},\"image\":{\"@id\":\"https:\/\/stourm.news\/?p=3525#primaryimage\"},\"thumbnailUrl\":\"https:\/\/stourm.news\/wp-content\/uploads\/2025\/02\/louis-aliot-perpignan-rn-tc.jpg\",\"datePublished\":\"2025-02-28T11:40:24+00:00\",\"breadcrumb\":{\"@id\":\"https:\/\/stourm.news\/?p=3525#breadcrumb\"},\"inLanguage\":\"fr-FR\",\"potentialAction\":[{\"@type\":\"ReadAction\",\"target\":[\"https:\/\/stourm.news\/?p=3525\"]}]},{\"@type\":\"ImageObject\",\"inLanguage\":\"fr-FR\",\"@id\":\"https:\/\/stourm.news\/?p=3525#primaryimage\",\"url\":\"https:\/\/stourm.news\/wp-content\/uploads\/2025\/02\/louis-aliot-perpignan-rn-tc.jpg\",\"contentUrl\":\"https:\/\/stourm.news\/wp-content\/uploads\/2025\/02\/louis-aliot-perpignan-rn-tc.jpg\",\"width\":1280,\"height\":960},{\"@type\":\"BreadcrumbList\",\"@id\":\"https:\/\/stourm.news\/?p=3525#breadcrumb\",\"itemListElement\":[{\"@type\":\"ListItem\",\"position\":1,\"name\":\"Accueil\",\"item\":\"https:\/\/stourm.news\/\"},{\"@type\":\"ListItem\",\"position\":2,\"name\":\"Perpignan : le maire RN interdit les mariages en catalan au nom de la poursuite de la francisation de la Catalogne\"}]},{\"@type\":\"WebSite\",\"@id\":\"https:\/\/stourm.news\/#website\",\"url\":\"https:\/\/stourm.news\/\",\"name\":\"Stourm\",\"description\":\"Kazetenn Strollad Broadel Breizh\",\"publisher\":{\"@id\":\"https:\/\/stourm.news\/#organization\"},\"potentialAction\":[{\"@type\":\"SearchAction\",\"target\":{\"@type\":\"EntryPoint\",\"urlTemplate\":\"https:\/\/stourm.news\/?s={search_term_string}\"},\"query-input\":{\"@type\":\"PropertyValueSpecification\",\"valueRequired\":true,\"valueName\":\"search_term_string\"}}],\"inLanguage\":\"fr-FR\"},{\"@type\":\"Organization\",\"@id\":\"https:\/\/stourm.news\/#organization\",\"name\":\"Stourm\",\"url\":\"https:\/\/stourm.news\/\",\"logo\":{\"@type\":\"ImageObject\",\"inLanguage\":\"fr-FR\",\"@id\":\"https:\/\/stourm.news\/#\/schema\/logo\/image\/\",\"url\":\"https:\/\/stourm.news\/wp-content\/uploads\/2025\/11\/cropped-Capture-decran-2025-11-28-a-15.19.07.png\",\"contentUrl\":\"https:\/\/stourm.news\/wp-content\/uploads\/2025\/11\/cropped-Capture-decran-2025-11-28-a-15.19.07.png\",\"width\":1855,\"height\":383,\"caption\":\"Stourm\"},\"image\":{\"@id\":\"https:\/\/stourm.news\/#\/schema\/logo\/image\/\"},\"sameAs\":[\"https:\/\/www.facebook.com\/stourmnews\/\"]},{\"@type\":\"Person\",\"@id\":\"https:\/\/stourm.news\/#\/schema\/person\/c3e1dc65988632e190969234ef046cf9\",\"name\":\"La r\u00e9daction\",\"image\":{\"@type\":\"ImageObject\",\"inLanguage\":\"fr-FR\",\"@id\":\"https:\/\/stourm.news\/#\/schema\/person\/image\/\",\"url\":\"https:\/\/secure.gravatar.com\/avatar\/7463443f194b6b5fb706b074ca0ef59a0cfcfd720cb47764b0ec5a952ce422b3?s=96&d=mm&r=g\",\"contentUrl\":\"https:\/\/secure.gravatar.com\/avatar\/7463443f194b6b5fb706b074ca0ef59a0cfcfd720cb47764b0ec5a952ce422b3?s=96&d=mm&r=g\",\"caption\":\"La r\u00e9daction\"},\"sameAs\":[\"https:\/\/stourm.news\"],\"url\":\"https:\/\/stourm.news\/?author=1\"}]}<\/script>\n<!-- \/ Yoast SEO plugin. -->","yoast_head_json":{"title":"Perpignan : le maire RN interdit les mariages en catalan au nom de la poursuite de la francisation de la Catalogne - STOURM","robots":{"index":"index","follow":"follow","max-snippet":"max-snippet:-1","max-image-preview":"max-image-preview:large","max-video-preview":"max-video-preview:-1"},"canonical":"https:\/\/stourm.news\/?p=3525","og_locale":"fr_FR","og_type":"article","og_title":"Perpignan : le maire RN interdit les mariages en catalan au nom de la poursuite de la francisation de la Catalogne - STOURM","og_description":"Cette d\u00e9cision constitue une discrimination linguistique selon Jaume Roure. Il s\u2019en fait \u00e9cho dans une lettre ouverte adress\u00e9e \u00e0 Louis Aliot, maire de Perpignan (RN). L\u2019affaire aurait \u00e9clat\u00e9 lors du dernier conseil municipal, alors que les \u00e9lus d\u00e9battaient d\u2019une charte de bonne conduite pour les futurs \u00e9poux. Chantal Gombert, \u00e9lue d\u2019opposition, avait interrog\u00e9 le maire [&hellip;]","og_url":"https:\/\/stourm.news\/?p=3525","og_site_name":"STOURM","article_publisher":"https:\/\/www.facebook.com\/stourmnews\/","article_published_time":"2025-02-28T11:40:24+00:00","og_image":[{"width":1280,"height":960,"url":"https:\/\/stourm.news\/wp-content\/uploads\/2025\/02\/louis-aliot-perpignan-rn-tc.jpg","type":"image\/jpeg"}],"author":"La r\u00e9daction","twitter_card":"summary_large_image","twitter_misc":{"\u00c9crit par":"La r\u00e9daction","Dur\u00e9e de lecture estim\u00e9e":"4 minutes"},"schema":{"@context":"https:\/\/schema.org","@graph":[{"@type":"Article","@id":"https:\/\/stourm.news\/?p=3525#article","isPartOf":{"@id":"https:\/\/stourm.news\/?p=3525"},"author":{"name":"La r\u00e9daction","@id":"https:\/\/stourm.news\/#\/schema\/person\/c3e1dc65988632e190969234ef046cf9"},"headline":"Perpignan : le maire RN interdit les mariages en catalan au nom de la poursuite de la francisation de la Catalogne","datePublished":"2025-02-28T11:40:24+00:00","mainEntityOfPage":{"@id":"https:\/\/stourm.news\/?p=3525"},"wordCount":612,"commentCount":0,"publisher":{"@id":"https:\/\/stourm.news\/#organization"},"image":{"@id":"https:\/\/stourm.news\/?p=3525#primaryimage"},"thumbnailUrl":"https:\/\/stourm.news\/wp-content\/uploads\/2025\/02\/louis-aliot-perpignan-rn-tc.jpg","articleSection":["International","Politique","Principale"],"inLanguage":"fr-FR","potentialAction":[{"@type":"CommentAction","name":"Comment","target":["https:\/\/stourm.news\/?p=3525#respond"]}]},{"@type":"WebPage","@id":"https:\/\/stourm.news\/?p=3525","url":"https:\/\/stourm.news\/?p=3525","name":"Perpignan : le maire RN interdit les mariages en catalan au nom de la poursuite de la francisation de la Catalogne - STOURM","isPartOf":{"@id":"https:\/\/stourm.news\/#website"},"primaryImageOfPage":{"@id":"https:\/\/stourm.news\/?p=3525#primaryimage"},"image":{"@id":"https:\/\/stourm.news\/?p=3525#primaryimage"},"thumbnailUrl":"https:\/\/stourm.news\/wp-content\/uploads\/2025\/02\/louis-aliot-perpignan-rn-tc.jpg","datePublished":"2025-02-28T11:40:24+00:00","breadcrumb":{"@id":"https:\/\/stourm.news\/?p=3525#breadcrumb"},"inLanguage":"fr-FR","potentialAction":[{"@type":"ReadAction","target":["https:\/\/stourm.news\/?p=3525"]}]},{"@type":"ImageObject","inLanguage":"fr-FR","@id":"https:\/\/stourm.news\/?p=3525#primaryimage","url":"https:\/\/stourm.news\/wp-content\/uploads\/2025\/02\/louis-aliot-perpignan-rn-tc.jpg","contentUrl":"https:\/\/stourm.news\/wp-content\/uploads\/2025\/02\/louis-aliot-perpignan-rn-tc.jpg","width":1280,"height":960},{"@type":"BreadcrumbList","@id":"https:\/\/stourm.news\/?p=3525#breadcrumb","itemListElement":[{"@type":"ListItem","position":1,"name":"Accueil","item":"https:\/\/stourm.news\/"},{"@type":"ListItem","position":2,"name":"Perpignan : le maire RN interdit les mariages en catalan au nom de la poursuite de la francisation de la Catalogne"}]},{"@type":"WebSite","@id":"https:\/\/stourm.news\/#website","url":"https:\/\/stourm.news\/","name":"Stourm","description":"Kazetenn Strollad Broadel Breizh","publisher":{"@id":"https:\/\/stourm.news\/#organization"},"potentialAction":[{"@type":"SearchAction","target":{"@type":"EntryPoint","urlTemplate":"https:\/\/stourm.news\/?s={search_term_string}"},"query-input":{"@type":"PropertyValueSpecification","valueRequired":true,"valueName":"search_term_string"}}],"inLanguage":"fr-FR"},{"@type":"Organization","@id":"https:\/\/stourm.news\/#organization","name":"Stourm","url":"https:\/\/stourm.news\/","logo":{"@type":"ImageObject","inLanguage":"fr-FR","@id":"https:\/\/stourm.news\/#\/schema\/logo\/image\/","url":"https:\/\/stourm.news\/wp-content\/uploads\/2025\/11\/cropped-Capture-decran-2025-11-28-a-15.19.07.png","contentUrl":"https:\/\/stourm.news\/wp-content\/uploads\/2025\/11\/cropped-Capture-decran-2025-11-28-a-15.19.07.png","width":1855,"height":383,"caption":"Stourm"},"image":{"@id":"https:\/\/stourm.news\/#\/schema\/logo\/image\/"},"sameAs":["https:\/\/www.facebook.com\/stourmnews\/"]},{"@type":"Person","@id":"https:\/\/stourm.news\/#\/schema\/person\/c3e1dc65988632e190969234ef046cf9","name":"La r\u00e9daction","image":{"@type":"ImageObject","inLanguage":"fr-FR","@id":"https:\/\/stourm.news\/#\/schema\/person\/image\/","url":"https:\/\/secure.gravatar.com\/avatar\/7463443f194b6b5fb706b074ca0ef59a0cfcfd720cb47764b0ec5a952ce422b3?s=96&d=mm&r=g","contentUrl":"https:\/\/secure.gravatar.com\/avatar\/7463443f194b6b5fb706b074ca0ef59a0cfcfd720cb47764b0ec5a952ce422b3?s=96&d=mm&r=g","caption":"La r\u00e9daction"},"sameAs":["https:\/\/stourm.news"],"url":"https:\/\/stourm.news\/?author=1"}]}},"_links":{"self":[{"href":"https:\/\/stourm.news\/index.php?rest_route=\/wp\/v2\/posts\/3525","targetHints":{"allow":["GET"]}}],"collection":[{"href":"https:\/\/stourm.news\/index.php?rest_route=\/wp\/v2\/posts"}],"about":[{"href":"https:\/\/stourm.news\/index.php?rest_route=\/wp\/v2\/types\/post"}],"author":[{"embeddable":true,"href":"https:\/\/stourm.news\/index.php?rest_route=\/wp\/v2\/users\/1"}],"replies":[{"embeddable":true,"href":"https:\/\/stourm.news\/index.php?rest_route=%2Fwp%2Fv2%2Fcomments&post=3525"}],"version-history":[{"count":1,"href":"https:\/\/stourm.news\/index.php?rest_route=\/wp\/v2\/posts\/3525\/revisions"}],"predecessor-version":[{"id":3527,"href":"https:\/\/stourm.news\/index.php?rest_route=\/wp\/v2\/posts\/3525\/revisions\/3527"}],"wp:featuredmedia":[{"embeddable":true,"href":"https:\/\/stourm.news\/index.php?rest_route=\/wp\/v2\/media\/3526"}],"wp:attachment":[{"href":"https:\/\/stourm.news\/index.php?rest_route=%2Fwp%2Fv2%2Fmedia&parent=3525"}],"wp:term":[{"taxonomy":"category","embeddable":true,"href":"https:\/\/stourm.news\/index.php?rest_route=%2Fwp%2Fv2%2Fcategories&post=3525"},{"taxonomy":"post_tag","embeddable":true,"href":"https:\/\/stourm.news\/index.php?rest_route=%2Fwp%2Fv2%2Ftags&post=3525"}],"curies":[{"name":"wp","href":"https:\/\/api.w.org\/{rel}","templated":true}]}}