{"id":3530,"date":"2025-03-03T07:02:00","date_gmt":"2025-03-03T07:02:00","guid":{"rendered":"https:\/\/stourm.news\/?p=3530"},"modified":"2025-03-03T07:04:13","modified_gmt":"2025-03-03T07:04:13","slug":"le-parti-national-breton-a-la-journee-quel-avenir-pour-la-bretagne-un-lancement-strategique-vers-les-municipales-de-2026","status":"publish","type":"post","link":"https:\/\/stourm.news\/?p=3530","title":{"rendered":"Le Parti National Breton \u00e0 la journ\u00e9e \u00ab\u00a0Bretagne, notre avenir\u00a0\u00bb : un lancement strat\u00e9gique vers les municipales de 2026"},"content":{"rendered":"<p style=\"text-align: justify;\">Le 1er mars 2025, la ville de Carhaix a accueilli une r\u00e9union publique intitul\u00e9e \u00ab\u00a0Quel avenir pour la Bretagne ?\u00a0\u00bb, marquant le coup d\u2019envoi des pr\u00e9paratifs pour les \u00e9lections municipales de 2026. Organis\u00e9e pour rassembler divers courants politiques bretons, cette journ\u00e9e a vu la participation remarqu\u00e9e du Parti National Breton (PNB), qui y a affirm\u00e9 sa pr\u00e9sence et ses ambitions. Dans une ambiance constructive, le PNB, par la voix de son porte-parole Herv\u00e9 Archier, a esquiss\u00e9 une strat\u00e9gie \u00e9lectorale visant \u00e0 peser dans le paysage politique breton.<\/p>\n<blockquote class=\"twitter-tweet\">\n<p dir=\"ltr\" lang=\"fr\">Ce 1er mars, une d\u00e9l\u00e9gation du PNB est \u00e0 <a href=\"https:\/\/twitter.com\/hashtag\/Carhaix?src=hash&amp;ref_src=twsrc%5Etfw\">#Carhaix<\/a> pour participer \u00e0 une r\u00e9union publique sur le th\u00e8me de l&rsquo;avenir de la Bretagne. Notre porte-parole Herv\u00e9 Archier a pr\u00e9sent\u00e9 les positions du PNB aux participants dans une ambiance constructive.<\/p>\n<p>Le PNB remercie les organisateurs. <a href=\"https:\/\/t.co\/5sMf76t9Hm\">pic.twitter.com\/5sMf76t9Hm<\/a><\/p>\n<p>\u2014 Parti National Breton &#8211; Strollad Broadel Breizh (@pnbsbb) <a href=\"https:\/\/twitter.com\/pnbsbb\/status\/1895869866005114982?ref_src=twsrc%5Etfw\">March 1, 2025<\/a><\/p><\/blockquote>\n<p><script async src=\"https:\/\/platform.twitter.com\/widgets.js\" charset=\"utf-8\"><\/script><\/p>\n<p style=\"text-align: justify;\"><strong>Une approche constructive et des ambitions affirm\u00e9es<\/strong><\/p>\n<p style=\"text-align: justify;\">Herv\u00e9 Archier, figure centrale de cette d\u00e9l\u00e9gation, a pris la parole pour exposer les positions du PNB. Soulignant une volont\u00e9 de dialogue avec les autres forces politiques pr\u00e9sentes, il a insist\u00e9 sur une approche collaborative, tout en r\u00e9affirmant l\u2019identit\u00e9 patriotique du parti. Le PNB ambitionne de pr\u00e9senter des candidats dans les communes o\u00f9 il dispose d\u2019un ancrage suffisant, tout en soutenant des candidatures patriotiques l\u00e0 o\u00f9 ses propres forces seraient limit\u00e9es. Cette strat\u00e9gie, \u00e0 la fois pragmatique et offensive, vise \u00e0 maximiser l\u2019influence du parti lors du scrutin de 2026, dans un contexte o\u00f9 les questions identitaires et bretonnes gagnent en r\u00e9sonance.<\/p>\n<p style=\"text-align: justify;\"><strong>Des interventions marquantes<\/strong><\/p>\n<p style=\"text-align: justify;\">La journ\u00e9e a \u00e9galement \u00e9t\u00e9 marqu\u00e9e par les interventions de personnalit\u00e9s bretonnes, notamment Yves Le Baillic et Yves Brun. Yves Le Baillic a livr\u00e9 un expos\u00e9 marquant, d\u00e9clarant que <strong>\u00ab\u00a0l\u2019immigration d\u00e9truit l\u2019\u00e9quilibre culturel et social de la Bretagne\u00a0\u00bb<\/strong>. Une r\u00e9alit\u00e9 qui fait aujourd&rsquo;hui consensus dans l&rsquo;opinion bretonne.\u00a0De son c\u00f4t\u00e9, Yves Brun a abord\u00e9 une th\u00e9matique \u00e9conomique avec un expos\u00e9 intitul\u00e9 <strong>\u00ab\u00a0O\u00f9 va l\u2019argent des Bretons ? \u00ab\u00a0<\/strong>. Il y a d\u00e9nonc\u00e9 ce qu\u2019il qualifie de \u00ab\u00a0racket fiscal\u00a0\u00bb orchestr\u00e9 par Paris, critiquant la centralisation des ressources financi\u00e8res au d\u00e9triment des int\u00e9r\u00eats bretons. Cette intervention a trouv\u00e9 un \u00e9cho aupr\u00e8s de ceux qui, dans l\u2019assembl\u00e9e, partagent une frustration face \u00e0 la gestion jacobine de l\u2019\u00c9tat fran\u00e7ais.<\/p>\n<p style=\"text-align: justify;\"><strong>Une diversit\u00e9 politique et des tensions contenues<\/strong><\/p>\n<p style=\"text-align: justify;\">Outre le PNB, cinq \u00e9lus ont pris la parole, parmi lesquels Christian Troadec, maire de Carhaix et figure du courant r\u00e9gionaliste breton. Ces interventions ont oscill\u00e9 entre appels \u00e0 l\u2019unit\u00e9 et mises en garde contre les divisions. L\u2019accent a \u00e9t\u00e9 mis sur une r\u00e9flexion collective pour l\u2019avenir de la Bretagne.<\/p>\n<blockquote class=\"twitter-tweet\">\n<p dir=\"ltr\" lang=\"fr\">Excellente journ\u00e9e pass\u00e9e \u00e0 <a href=\"https:\/\/twitter.com\/hashtag\/Karaez?src=hash&amp;ref_src=twsrc%5Etfw\">#Karaez<\/a> avec le <a href=\"https:\/\/twitter.com\/hashtag\/PNB?src=hash&amp;ref_src=twsrc%5Etfw\">#PNB<\/a> pour la lanc\u00e9e de Bretagne Notre Avenir, j&rsquo;ai \u00e9t\u00e9 tr\u00e8s heureux d&rsquo;y participer et ai trouv\u00e9 cette journ\u00e9e et les \u00e9changes qui y ont eu lieu tr\u00e8s positifs pour l&rsquo;unit\u00e9 politique du mouvement breton.<\/p>\n<p>Breizh hon dazont ! <a href=\"https:\/\/t.co\/k12NG81MwD\">pic.twitter.com\/k12NG81MwD<\/a><\/p>\n<p>\u2014 Ar Marvailher \ud83d\udfe8\u2b1b\ufe0f\u26ea\ufe0f\ud834\udf4e\ud834\udf06 (@ArMarvailher) <a href=\"https:\/\/twitter.com\/ArMarvailher\/status\/1895901783702360395?ref_src=twsrc%5Etfw\">March 1, 2025<\/a><\/p><\/blockquote>\n<p><script async src=\"https:\/\/platform.twitter.com\/widgets.js\" charset=\"utf-8\"><\/script><\/p>\n<p style=\"text-align: justify;\">La pr\u00e9sence du PNB n\u2019a pas manqu\u00e9 de provoquer quelques frictions de la part d&rsquo;un petit groupe d&rsquo;individus proches de l&rsquo;ultra-gauche. Face aux critiques de quelques opposants, un organisateur a tenu \u00e0 pr\u00e9ciser : \u00ab\u00a0Ils ne sont pas d\u2019extr\u00eame droite\u00a0\u00bb, d\u00e9fendant ainsi la l\u00e9gitimit\u00e9 de la participation du parti dans ce cadre pluraliste, loin des invectives et des pol\u00e9miques. Cette mise au point visait \u00e0 apaiser les tensions et \u00e0 recentrer les d\u00e9bats sur les enjeux communs, plut\u00f4t que sur les divergences id\u00e9ologiques.<\/p>\n<p style=\"text-align: justify;\"><strong>Un lancement tourn\u00e9 vers l\u2019action<\/strong><\/p>\n<p style=\"text-align: justify;\">Si cette r\u00e9union marquait avant tout un lancement symbolique, elle a \u00e9galement jet\u00e9 les bases d\u2019une mobilisation concr\u00e8te. Des ateliers de formation \u00e9lectorale et communicative ont \u00e9t\u00e9 annonc\u00e9s, destin\u00e9s \u00e0 pr\u00e9parer les participants aux \u00e9ch\u00e9ances de 2026. Plusieurs membres du PNB, ainsi que d\u2019autres participants, se sont d\u2019ores et d\u00e9j\u00e0 inscrits \u00e0 ces sessions, t\u00e9moignant d\u2019une volont\u00e9 d\u2019investissement \u00e0 long terme.<\/p>\n<p style=\"text-align: justify;\"><strong>Perspectives pour 2026<\/strong><\/p>\n<p style=\"text-align: justify;\">La participation du PNB \u00e0 cette journ\u00e9e illustre son ambition de s\u2019imposer comme un acteur incontournable dans le d\u00e9bat breton. En adoptant une posture \u00e0 la fois constructive et ferme sur ses principes, le parti cherche \u00e0 rallier les patriotes bretons tout en \u00e9largissant son audience. Les municipales de 2026 s\u2019annoncent comme un test crucial pour \u00e9valuer sa capacit\u00e9 \u00e0 transformer cette dynamique en succ\u00e8s \u00e9lectoral. Reste \u00e0 savoir si cette strat\u00e9gie, m\u00ealant discours identitaire et critique \u00e9conomique, saura f\u00e9d\u00e9rer au-del\u00e0 des cercles d\u00e9j\u00e0 acquis \u00e0 sa cause, dans un paysage politique breton toujours fragment\u00e9.<\/p>\n<p style=\"text-align: justify;\">En somme, la journ\u00e9e \u00ab\u00a0Quel avenir pour la Bretagne ?\u00a0\u00bb a offert au PNB une tribune pour affirmer ses priorit\u00e9s et poser les jalons d\u2019une campagne qui s\u2019annonce intense. Entre espoirs d\u2019unit\u00e9 et lignes de fracture, l\u2019avenir dira si cette approche portera ses fruits dans les urnes.<\/p>\n<p style=\"text-align: right;\"><strong>Budig Gourmaelon<\/strong><\/p>\n","protected":false},"excerpt":{"rendered":"<p>Le 1er mars 2025, la ville de Carhaix a accueilli une r\u00e9union publique intitul\u00e9e \u00ab\u00a0Quel avenir pour la Bretagne ?\u00a0\u00bb, marquant le coup d\u2019envoi des pr\u00e9paratifs pour les \u00e9lections municipales de 2026. Organis\u00e9e pour rassembler divers courants politiques bretons, cette journ\u00e9e a vu la participation remarqu\u00e9e du Parti National Breton (PNB), qui y a affirm\u00e9 [&hellip;]<\/p>\n","protected":false},"author":1,"featured_media":3531,"comment_status":"open","ping_status":"open","sticky":false,"template":"","format":"standard","meta":{"sb_editor_width":"","footnotes":""},"categories":[58,38,67,65],"tags":[],"class_list":["post-3530","post","type-post","status-publish","format-standard","has-post-thumbnail","hentry","category-breizh","category-finistere","category-politique","category-principale"],"relative_dates":{"created":"1 an ago","modified":"1 an ago"},"yoast_head":"<!-- This site is optimized with the Yoast SEO plugin v26.3 - https:\/\/yoast.com\/wordpress\/plugins\/seo\/ -->\n<title>Le Parti National Breton \u00e0 la journ\u00e9e &quot;Bretagne, notre avenir&quot; : un lancement strat\u00e9gique vers les municipales de 2026 - STOURM<\/title>\n<meta name=\"robots\" content=\"index, follow, max-snippet:-1, max-image-preview:large, max-video-preview:-1\" \/>\n<link rel=\"canonical\" href=\"https:\/\/stourm.news\/?p=3530\" \/>\n<meta property=\"og:locale\" content=\"fr_FR\" \/>\n<meta property=\"og:type\" content=\"article\" \/>\n<meta property=\"og:title\" content=\"Le Parti National Breton \u00e0 la journ\u00e9e &quot;Bretagne, notre avenir&quot; : un lancement strat\u00e9gique vers les municipales de 2026 - STOURM\" \/>\n<meta property=\"og:description\" content=\"Le 1er mars 2025, la ville de Carhaix a accueilli une r\u00e9union publique intitul\u00e9e \u00ab\u00a0Quel avenir pour la Bretagne ?\u00a0\u00bb, marquant le coup d\u2019envoi des pr\u00e9paratifs pour les \u00e9lections municipales de 2026. Organis\u00e9e pour rassembler divers courants politiques bretons, cette journ\u00e9e a vu la participation remarqu\u00e9e du Parti National Breton (PNB), qui y a affirm\u00e9 [&hellip;]\" \/>\n<meta property=\"og:url\" content=\"https:\/\/stourm.news\/?p=3530\" \/>\n<meta property=\"og:site_name\" content=\"STOURM\" \/>\n<meta property=\"article:publisher\" content=\"https:\/\/www.facebook.com\/stourmnews\/\" \/>\n<meta property=\"article:published_time\" content=\"2025-03-03T07:02:00+00:00\" \/>\n<meta property=\"article:modified_time\" content=\"2025-03-03T07:04:13+00:00\" \/>\n<meta property=\"og:image\" content=\"https:\/\/stourm.news\/wp-content\/uploads\/2025\/03\/Capture-decran-2025-03-03-a-16.00.45.png\" \/>\n\t<meta property=\"og:image:width\" content=\"1490\" \/>\n\t<meta property=\"og:image:height\" content=\"982\" \/>\n\t<meta property=\"og:image:type\" content=\"image\/png\" \/>\n<meta name=\"author\" content=\"La r\u00e9daction\" \/>\n<meta name=\"twitter:card\" content=\"summary_large_image\" \/>\n<meta name=\"twitter:label1\" content=\"\u00c9crit par\" \/>\n\t<meta name=\"twitter:data1\" content=\"La r\u00e9daction\" \/>\n\t<meta name=\"twitter:label2\" content=\"Dur\u00e9e de lecture estim\u00e9e\" \/>\n\t<meta name=\"twitter:data2\" content=\"4 minutes\" \/>\n<script type=\"application\/ld+json\" class=\"yoast-schema-graph\">{\"@context\":\"https:\/\/schema.org\",\"@graph\":[{\"@type\":\"Article\",\"@id\":\"https:\/\/stourm.news\/?p=3530#article\",\"isPartOf\":{\"@id\":\"https:\/\/stourm.news\/?p=3530\"},\"author\":{\"name\":\"La r\u00e9daction\",\"@id\":\"https:\/\/stourm.news\/#\/schema\/person\/c3e1dc65988632e190969234ef046cf9\"},\"headline\":\"Le Parti National Breton \u00e0 la journ\u00e9e \u00ab\u00a0Bretagne, notre avenir\u00a0\u00bb : un lancement strat\u00e9gique vers les municipales de 2026\",\"datePublished\":\"2025-03-03T07:02:00+00:00\",\"dateModified\":\"2025-03-03T07:04:13+00:00\",\"mainEntityOfPage\":{\"@id\":\"https:\/\/stourm.news\/?p=3530\"},\"wordCount\":878,\"commentCount\":1,\"publisher\":{\"@id\":\"https:\/\/stourm.news\/#organization\"},\"image\":{\"@id\":\"https:\/\/stourm.news\/?p=3530#primaryimage\"},\"thumbnailUrl\":\"https:\/\/stourm.news\/wp-content\/uploads\/2025\/03\/Capture-decran-2025-03-03-a-16.00.45.png\",\"articleSection\":[\"Breizh\",\"Finist\u00e8re\",\"Politique\",\"Principale\"],\"inLanguage\":\"fr-FR\",\"potentialAction\":[{\"@type\":\"CommentAction\",\"name\":\"Comment\",\"target\":[\"https:\/\/stourm.news\/?p=3530#respond\"]}]},{\"@type\":\"WebPage\",\"@id\":\"https:\/\/stourm.news\/?p=3530\",\"url\":\"https:\/\/stourm.news\/?p=3530\",\"name\":\"Le Parti National Breton \u00e0 la journ\u00e9e \\\"Bretagne, notre avenir\\\" : un lancement strat\u00e9gique vers les municipales de 2026 - STOURM\",\"isPartOf\":{\"@id\":\"https:\/\/stourm.news\/#website\"},\"primaryImageOfPage\":{\"@id\":\"https:\/\/stourm.news\/?p=3530#primaryimage\"},\"image\":{\"@id\":\"https:\/\/stourm.news\/?p=3530#primaryimage\"},\"thumbnailUrl\":\"https:\/\/stourm.news\/wp-content\/uploads\/2025\/03\/Capture-decran-2025-03-03-a-16.00.45.png\",\"datePublished\":\"2025-03-03T07:02:00+00:00\",\"dateModified\":\"2025-03-03T07:04:13+00:00\",\"breadcrumb\":{\"@id\":\"https:\/\/stourm.news\/?p=3530#breadcrumb\"},\"inLanguage\":\"fr-FR\",\"potentialAction\":[{\"@type\":\"ReadAction\",\"target\":[\"https:\/\/stourm.news\/?p=3530\"]}]},{\"@type\":\"ImageObject\",\"inLanguage\":\"fr-FR\",\"@id\":\"https:\/\/stourm.news\/?p=3530#primaryimage\",\"url\":\"https:\/\/stourm.news\/wp-content\/uploads\/2025\/03\/Capture-decran-2025-03-03-a-16.00.45.png\",\"contentUrl\":\"https:\/\/stourm.news\/wp-content\/uploads\/2025\/03\/Capture-decran-2025-03-03-a-16.00.45.png\",\"width\":1490,\"height\":982},{\"@type\":\"BreadcrumbList\",\"@id\":\"https:\/\/stourm.news\/?p=3530#breadcrumb\",\"itemListElement\":[{\"@type\":\"ListItem\",\"position\":1,\"name\":\"Accueil\",\"item\":\"https:\/\/stourm.news\/\"},{\"@type\":\"ListItem\",\"position\":2,\"name\":\"Le Parti National Breton \u00e0 la journ\u00e9e \u00ab\u00a0Bretagne, notre avenir\u00a0\u00bb : un lancement strat\u00e9gique vers les municipales de 2026\"}]},{\"@type\":\"WebSite\",\"@id\":\"https:\/\/stourm.news\/#website\",\"url\":\"https:\/\/stourm.news\/\",\"name\":\"Stourm\",\"description\":\"Kazetenn Strollad Broadel Breizh\",\"publisher\":{\"@id\":\"https:\/\/stourm.news\/#organization\"},\"potentialAction\":[{\"@type\":\"SearchAction\",\"target\":{\"@type\":\"EntryPoint\",\"urlTemplate\":\"https:\/\/stourm.news\/?s={search_term_string}\"},\"query-input\":{\"@type\":\"PropertyValueSpecification\",\"valueRequired\":true,\"valueName\":\"search_term_string\"}}],\"inLanguage\":\"fr-FR\"},{\"@type\":\"Organization\",\"@id\":\"https:\/\/stourm.news\/#organization\",\"name\":\"Stourm\",\"url\":\"https:\/\/stourm.news\/\",\"logo\":{\"@type\":\"ImageObject\",\"inLanguage\":\"fr-FR\",\"@id\":\"https:\/\/stourm.news\/#\/schema\/logo\/image\/\",\"url\":\"https:\/\/stourm.news\/wp-content\/uploads\/2025\/11\/cropped-Capture-decran-2025-11-28-a-15.19.07.png\",\"contentUrl\":\"https:\/\/stourm.news\/wp-content\/uploads\/2025\/11\/cropped-Capture-decran-2025-11-28-a-15.19.07.png\",\"width\":1855,\"height\":383,\"caption\":\"Stourm\"},\"image\":{\"@id\":\"https:\/\/stourm.news\/#\/schema\/logo\/image\/\"},\"sameAs\":[\"https:\/\/www.facebook.com\/stourmnews\/\"]},{\"@type\":\"Person\",\"@id\":\"https:\/\/stourm.news\/#\/schema\/person\/c3e1dc65988632e190969234ef046cf9\",\"name\":\"La r\u00e9daction\",\"image\":{\"@type\":\"ImageObject\",\"inLanguage\":\"fr-FR\",\"@id\":\"https:\/\/stourm.news\/#\/schema\/person\/image\/\",\"url\":\"https:\/\/secure.gravatar.com\/avatar\/7463443f194b6b5fb706b074ca0ef59a0cfcfd720cb47764b0ec5a952ce422b3?s=96&d=mm&r=g\",\"contentUrl\":\"https:\/\/secure.gravatar.com\/avatar\/7463443f194b6b5fb706b074ca0ef59a0cfcfd720cb47764b0ec5a952ce422b3?s=96&d=mm&r=g\",\"caption\":\"La r\u00e9daction\"},\"sameAs\":[\"https:\/\/stourm.news\"],\"url\":\"https:\/\/stourm.news\/?author=1\"}]}<\/script>\n<!-- \/ Yoast SEO plugin. -->","yoast_head_json":{"title":"Le Parti National Breton \u00e0 la journ\u00e9e \"Bretagne, notre avenir\" : un lancement strat\u00e9gique vers les municipales de 2026 - STOURM","robots":{"index":"index","follow":"follow","max-snippet":"max-snippet:-1","max-image-preview":"max-image-preview:large","max-video-preview":"max-video-preview:-1"},"canonical":"https:\/\/stourm.news\/?p=3530","og_locale":"fr_FR","og_type":"article","og_title":"Le Parti National Breton \u00e0 la journ\u00e9e \"Bretagne, notre avenir\" : un lancement strat\u00e9gique vers les municipales de 2026 - STOURM","og_description":"Le 1er mars 2025, la ville de Carhaix a accueilli une r\u00e9union publique intitul\u00e9e \u00ab\u00a0Quel avenir pour la Bretagne ?\u00a0\u00bb, marquant le coup d\u2019envoi des pr\u00e9paratifs pour les \u00e9lections municipales de 2026. Organis\u00e9e pour rassembler divers courants politiques bretons, cette journ\u00e9e a vu la participation remarqu\u00e9e du Parti National Breton (PNB), qui y a affirm\u00e9 [&hellip;]","og_url":"https:\/\/stourm.news\/?p=3530","og_site_name":"STOURM","article_publisher":"https:\/\/www.facebook.com\/stourmnews\/","article_published_time":"2025-03-03T07:02:00+00:00","article_modified_time":"2025-03-03T07:04:13+00:00","og_image":[{"width":1490,"height":982,"url":"https:\/\/stourm.news\/wp-content\/uploads\/2025\/03\/Capture-decran-2025-03-03-a-16.00.45.png","type":"image\/png"}],"author":"La r\u00e9daction","twitter_card":"summary_large_image","twitter_misc":{"\u00c9crit par":"La r\u00e9daction","Dur\u00e9e de lecture estim\u00e9e":"4 minutes"},"schema":{"@context":"https:\/\/schema.org","@graph":[{"@type":"Article","@id":"https:\/\/stourm.news\/?p=3530#article","isPartOf":{"@id":"https:\/\/stourm.news\/?p=3530"},"author":{"name":"La r\u00e9daction","@id":"https:\/\/stourm.news\/#\/schema\/person\/c3e1dc65988632e190969234ef046cf9"},"headline":"Le Parti National Breton \u00e0 la journ\u00e9e \u00ab\u00a0Bretagne, notre avenir\u00a0\u00bb : un lancement strat\u00e9gique vers les municipales de 2026","datePublished":"2025-03-03T07:02:00+00:00","dateModified":"2025-03-03T07:04:13+00:00","mainEntityOfPage":{"@id":"https:\/\/stourm.news\/?p=3530"},"wordCount":878,"commentCount":1,"publisher":{"@id":"https:\/\/stourm.news\/#organization"},"image":{"@id":"https:\/\/stourm.news\/?p=3530#primaryimage"},"thumbnailUrl":"https:\/\/stourm.news\/wp-content\/uploads\/2025\/03\/Capture-decran-2025-03-03-a-16.00.45.png","articleSection":["Breizh","Finist\u00e8re","Politique","Principale"],"inLanguage":"fr-FR","potentialAction":[{"@type":"CommentAction","name":"Comment","target":["https:\/\/stourm.news\/?p=3530#respond"]}]},{"@type":"WebPage","@id":"https:\/\/stourm.news\/?p=3530","url":"https:\/\/stourm.news\/?p=3530","name":"Le Parti National Breton \u00e0 la journ\u00e9e \"Bretagne, notre avenir\" : un lancement strat\u00e9gique vers les municipales de 2026 - STOURM","isPartOf":{"@id":"https:\/\/stourm.news\/#website"},"primaryImageOfPage":{"@id":"https:\/\/stourm.news\/?p=3530#primaryimage"},"image":{"@id":"https:\/\/stourm.news\/?p=3530#primaryimage"},"thumbnailUrl":"https:\/\/stourm.news\/wp-content\/uploads\/2025\/03\/Capture-decran-2025-03-03-a-16.00.45.png","datePublished":"2025-03-03T07:02:00+00:00","dateModified":"2025-03-03T07:04:13+00:00","breadcrumb":{"@id":"https:\/\/stourm.news\/?p=3530#breadcrumb"},"inLanguage":"fr-FR","potentialAction":[{"@type":"ReadAction","target":["https:\/\/stourm.news\/?p=3530"]}]},{"@type":"ImageObject","inLanguage":"fr-FR","@id":"https:\/\/stourm.news\/?p=3530#primaryimage","url":"https:\/\/stourm.news\/wp-content\/uploads\/2025\/03\/Capture-decran-2025-03-03-a-16.00.45.png","contentUrl":"https:\/\/stourm.news\/wp-content\/uploads\/2025\/03\/Capture-decran-2025-03-03-a-16.00.45.png","width":1490,"height":982},{"@type":"BreadcrumbList","@id":"https:\/\/stourm.news\/?p=3530#breadcrumb","itemListElement":[{"@type":"ListItem","position":1,"name":"Accueil","item":"https:\/\/stourm.news\/"},{"@type":"ListItem","position":2,"name":"Le Parti National Breton \u00e0 la journ\u00e9e \u00ab\u00a0Bretagne, notre avenir\u00a0\u00bb : un lancement strat\u00e9gique vers les municipales de 2026"}]},{"@type":"WebSite","@id":"https:\/\/stourm.news\/#website","url":"https:\/\/stourm.news\/","name":"Stourm","description":"Kazetenn Strollad Broadel Breizh","publisher":{"@id":"https:\/\/stourm.news\/#organization"},"potentialAction":[{"@type":"SearchAction","target":{"@type":"EntryPoint","urlTemplate":"https:\/\/stourm.news\/?s={search_term_string}"},"query-input":{"@type":"PropertyValueSpecification","valueRequired":true,"valueName":"search_term_string"}}],"inLanguage":"fr-FR"},{"@type":"Organization","@id":"https:\/\/stourm.news\/#organization","name":"Stourm","url":"https:\/\/stourm.news\/","logo":{"@type":"ImageObject","inLanguage":"fr-FR","@id":"https:\/\/stourm.news\/#\/schema\/logo\/image\/","url":"https:\/\/stourm.news\/wp-content\/uploads\/2025\/11\/cropped-Capture-decran-2025-11-28-a-15.19.07.png","contentUrl":"https:\/\/stourm.news\/wp-content\/uploads\/2025\/11\/cropped-Capture-decran-2025-11-28-a-15.19.07.png","width":1855,"height":383,"caption":"Stourm"},"image":{"@id":"https:\/\/stourm.news\/#\/schema\/logo\/image\/"},"sameAs":["https:\/\/www.facebook.com\/stourmnews\/"]},{"@type":"Person","@id":"https:\/\/stourm.news\/#\/schema\/person\/c3e1dc65988632e190969234ef046cf9","name":"La r\u00e9daction","image":{"@type":"ImageObject","inLanguage":"fr-FR","@id":"https:\/\/stourm.news\/#\/schema\/person\/image\/","url":"https:\/\/secure.gravatar.com\/avatar\/7463443f194b6b5fb706b074ca0ef59a0cfcfd720cb47764b0ec5a952ce422b3?s=96&d=mm&r=g","contentUrl":"https:\/\/secure.gravatar.com\/avatar\/7463443f194b6b5fb706b074ca0ef59a0cfcfd720cb47764b0ec5a952ce422b3?s=96&d=mm&r=g","caption":"La r\u00e9daction"},"sameAs":["https:\/\/stourm.news"],"url":"https:\/\/stourm.news\/?author=1"}]}},"_links":{"self":[{"href":"https:\/\/stourm.news\/index.php?rest_route=\/wp\/v2\/posts\/3530","targetHints":{"allow":["GET"]}}],"collection":[{"href":"https:\/\/stourm.news\/index.php?rest_route=\/wp\/v2\/posts"}],"about":[{"href":"https:\/\/stourm.news\/index.php?rest_route=\/wp\/v2\/types\/post"}],"author":[{"embeddable":true,"href":"https:\/\/stourm.news\/index.php?rest_route=\/wp\/v2\/users\/1"}],"replies":[{"embeddable":true,"href":"https:\/\/stourm.news\/index.php?rest_route=%2Fwp%2Fv2%2Fcomments&post=3530"}],"version-history":[{"count":2,"href":"https:\/\/stourm.news\/index.php?rest_route=\/wp\/v2\/posts\/3530\/revisions"}],"predecessor-version":[{"id":3533,"href":"https:\/\/stourm.news\/index.php?rest_route=\/wp\/v2\/posts\/3530\/revisions\/3533"}],"wp:featuredmedia":[{"embeddable":true,"href":"https:\/\/stourm.news\/index.php?rest_route=\/wp\/v2\/media\/3531"}],"wp:attachment":[{"href":"https:\/\/stourm.news\/index.php?rest_route=%2Fwp%2Fv2%2Fmedia&parent=3530"}],"wp:term":[{"taxonomy":"category","embeddable":true,"href":"https:\/\/stourm.news\/index.php?rest_route=%2Fwp%2Fv2%2Fcategories&post=3530"},{"taxonomy":"post_tag","embeddable":true,"href":"https:\/\/stourm.news\/index.php?rest_route=%2Fwp%2Fv2%2Ftags&post=3530"}],"curies":[{"name":"wp","href":"https:\/\/api.w.org\/{rel}","templated":true}]}}