{"id":3534,"date":"2025-03-03T11:33:27","date_gmt":"2025-03-03T11:33:27","guid":{"rendered":"https:\/\/stourm.news\/?p=3534"},"modified":"2025-03-03T11:33:27","modified_gmt":"2025-03-03T11:33:27","slug":"la-bretagne-une-economie-trop-longtemps-tournee-vers-lest","status":"publish","type":"post","link":"https:\/\/stourm.news\/?p=3534","title":{"rendered":"La Bretagne, une \u00e9conomie trop longtemps tourn\u00e9e vers l&rsquo;Est"},"content":{"rendered":"<p style=\"text-align: justify;\">Depuis des d\u00e9cennies, la Bretagne souffre d\u2019une mise en d\u00e9pendance \u00e9conomique envers le reste de la France, notamment vers l\u2019Est, qui nuit \u00e0 son d\u00e9veloppement autonome et \u00e0 sa prosp\u00e9rit\u00e9. Si la Bretagne, nation \u00e0 la forte identit\u00e9 historique et culturelle, semble avoir tout pour \u00eatre un acteur \u00e9conomique puissant, elle reste sous l\u2019emprise d\u2019un mod\u00e8le centralis\u00e9 et colonial qui brise son potentiel. Ce mod\u00e8le est \u00e0 revoir, car l\u2019\u00e9conomie bretonne a \u00e9t\u00e9 trop longtemps rel\u00e9gu\u00e9e au r\u00f4le de simple p\u00e9riph\u00e9rie de l\u2019Hexagone, orient\u00e9e principalement vers Paris et l\u2019industrie du reste de la France. Le temps est venu de s\u2019affirmer et de redonner \u00e0 la Bretagne les clefs de son avenir \u00e9conomique.<\/p>\n<p style=\"text-align: justify;\"><strong>Un mod\u00e8le \u00e9conomique qui exclut la Bretagne.<\/strong><\/p>\n<p style=\"text-align: justify;\">L\u2019\u00e9conomie bretonne est marqu\u00e9e par une relation de d\u00e9pendance vis-\u00e0-vis des grandes m\u00e9tropoles fran\u00e7aises, en particulier Paris. En 2018, une \u00e9tude de l\u2019INSEE montrait que 60 % des exportations bretonnes \u00e9taient orient\u00e9es vers d\u2019autres r\u00e9gions fran\u00e7aises, dont pr\u00e8s de la moiti\u00e9 vers l&rsquo;\u00cele-de-France. De m\u00eame, plus de 50 % des investissements \u00e9trangers en Bretagne sont orient\u00e9s vers des secteurs d\u00e9j\u00e0 domin\u00e9s par des multinationales fran\u00e7aises. Cette situation montre une forte d\u00e9pendance de la Bretagne vis-\u00e0-vis du march\u00e9 int\u00e9rieur fran\u00e7ais, au d\u00e9triment de son autonomie \u00e9conomique.<\/p>\n<p style=\"text-align: justify;\">Les secteurs cl\u00e9s de l\u2019\u00e9conomie bretonne, tels que l\u2019agroalimentaire, la p\u00eache, ou encore l\u2019industrie, sont largement fa\u00e7onn\u00e9s par des grandes entreprises fran\u00e7aises, souvent bas\u00e9es \u00e0 Paris. Or, ce mod\u00e8le de d\u00e9pendance \u00e9conomique emp\u00eache la Bretagne de prendre pleinement son envol, de diversifier ses activit\u00e9s et d\u2019investir dans des secteurs innovants qui ne sont pas seulement tourn\u00e9s vers le march\u00e9 national, mais aussi vers l&rsquo;international, notamment vers l\u2019Angleterre, l&rsquo;Espagne ou encore les \u00c9tats-Unis.<\/p>\n<p style=\"text-align: justify;\"><strong>Le march\u00e9 europ\u00e9en et international : des horizons n\u00e9glig\u00e9s<\/strong><\/p>\n<p style=\"text-align: justify;\">La Bretagne, de par sa situation g\u00e9ographique, est bien plus qu\u2019une simple r\u00e9gion d&rsquo;Europe, p\u00e9riph\u00e9rique de la France. Elle est un carrefour strat\u00e9gique entre l\u2019Europe et l\u2019Am\u00e9rique, avec des ports comme celui de Brest ou de Saint-Malo qui sont sous-exploit\u00e9s par rapport \u00e0 leur potentiel. En particulier Brest, qui dispose d&rsquo;une g\u00e9ographie sans \u00e9gal pour le commerce international. Si Brest disposait d&rsquo;infrastructures adapt\u00e9es, elle serait de mani\u00e8re \u00e9vidente, dans les trois premiers ports europ\u00e9en ! Mais l&rsquo;\u00c9tat fran\u00e7ais a pr\u00e9f\u00e9r\u00e9, en faire une ville militaire&#8230; Selon la Chambre de Commerce et d&rsquo;Industrie de Bretagne, les exportations bretonnes repr\u00e9sentent seulement 10 % du total des exportations hexagonales, bien en-dessous de ce que pourrait esp\u00e9rer un territoire aussi bien situ\u00e9. De plus, la Bretagne dispose d\u2019une main-d&rsquo;\u0153uvre qualifi\u00e9e, d\u2019un r\u00e9seau d\u2019enseignement sup\u00e9rieur et de recherche de qualit\u00e9, mais ces atouts sont bien souvent sous-utilis\u00e9s par un mod\u00e8le \u00e9conomique trop orient\u00e9 vers l\u2019Est et vers Paris.<\/p>\n<p style=\"text-align: justify;\">La question des infrastructures est \u00e9galement centrale. La Bretagne est mal desservie par les grands axes de communication, ce qui emp\u00eache l\u2019ouverture naturelle du pays, vers l\u2019Europe et l\u2019international. Le TGV Paris-Brest, par exemple, est plus un vecteur de centralisation qu\u2019un v\u00e9ritable atout pour renforcer l\u2019ancrage breton dans l\u2019\u00e9conomie mondiale. En favorisant la coop\u00e9ration avec les pays voisins comme l\u2019Angleterre, l\u2019Irlande et l\u2019Espagne, la Bretagne pourrait renforcer ses secteurs traditionnels comme l\u2019agroalimentaire, tout en d\u00e9veloppant de nouvelles industries dans les domaines de la technologie et de la p\u00eache.<\/p>\n<p style=\"text-align: justify;\">De plus, une v\u00e9ritable politique autonome des pouvoirs \u00e9conomiques permettrait \u00e0 la Bretagne de mieux s\u2019adapter aux d\u00e9fis contemporains, d\u2019encourager les initiatives locales et de soutenir la cr\u00e9ation d\u2019entreprises locales \u00e0 forte valeur ajout\u00e9e. La Bretagne ne doit plus \u00eatre une simple \u00ab\u00a0r\u00e9gion\u00a0\u00bb de passage ou de production pour la France, mais un acteur \u00e0 part enti\u00e8re, pour lui et la sc\u00e8ne internationale.<\/p>\n<p style=\"text-align: justify;\"><strong>Un chemin vers l\u2019avenir<\/strong><\/p>\n<p style=\"text-align: justify;\">La Bretagne a tout ce qu&rsquo;il faut pour \u00eatre un pays prosp\u00e8re et autonome. Avec une \u00e9conomie tourn\u00e9e vers l&rsquo;Ouest et le monde, elle pourrait non seulement renforcer son tissu \u00e9conomique, mais aussi participer activement \u00e0 la construction d\u2019une Europe des nations. C&rsquo;est \u00e0 travers une nouvelle vision de son avenir, fond\u00e9e sur son ind\u00e9pendance \u00e9conomique et un partenariat \u00e9galitaire avec les autres nations, que la Bretagne pourra enfin se lib\u00e9rer des cha\u00eenes d\u2019une \u00e9conomie trop longtemps tourn\u00e9e vers l&rsquo;Est et soumise au mod\u00e8le fran\u00e7ais.<\/p>\n<p style=\"text-align: justify;\">La Bretagne doit regarder au-del\u00e0 de Paris et s\u2019affirmer comme une puissance \u00e9conomique nationale, car sa richesse ne r\u00e9side pas seulement dans son pass\u00e9, mais aussi dans son potentiel \u00e0 r\u00e9inventer son avenir.<\/p>\n<p style=\"text-align: right;\"><strong>Ronan Morvan<\/strong><\/p>\n","protected":false},"excerpt":{"rendered":"<p>Depuis des d\u00e9cennies, la Bretagne souffre d\u2019une mise en d\u00e9pendance \u00e9conomique envers le reste de la France, notamment vers l\u2019Est, qui nuit \u00e0 son d\u00e9veloppement autonome et \u00e0 sa prosp\u00e9rit\u00e9. Si la Bretagne, nation \u00e0 la forte identit\u00e9 historique et culturelle, semble avoir tout pour \u00eatre un acteur \u00e9conomique puissant, elle reste sous l\u2019emprise d\u2019un [&hellip;]<\/p>\n","protected":false},"author":1,"featured_media":3535,"comment_status":"open","ping_status":"open","sticky":false,"template":"","format":"standard","meta":{"sb_editor_width":"","footnotes":""},"categories":[63,65],"tags":[],"class_list":["post-3534","post","type-post","status-publish","format-standard","has-post-thumbnail","hentry","category-editorial","category-principale"],"relative_dates":{"created":"1 an ago","modified":"1 an ago"},"yoast_head":"<!-- This site is optimized with the Yoast SEO plugin v26.3 - https:\/\/yoast.com\/wordpress\/plugins\/seo\/ -->\n<title>La Bretagne, une \u00e9conomie trop longtemps tourn\u00e9e vers l&#039;Est - STOURM<\/title>\n<meta name=\"robots\" content=\"index, follow, max-snippet:-1, max-image-preview:large, max-video-preview:-1\" \/>\n<link rel=\"canonical\" href=\"https:\/\/stourm.news\/?p=3534\" \/>\n<meta property=\"og:locale\" content=\"fr_FR\" \/>\n<meta property=\"og:type\" content=\"article\" \/>\n<meta property=\"og:title\" content=\"La Bretagne, une \u00e9conomie trop longtemps tourn\u00e9e vers l&#039;Est - STOURM\" \/>\n<meta property=\"og:description\" content=\"Depuis des d\u00e9cennies, la Bretagne souffre d\u2019une mise en d\u00e9pendance \u00e9conomique envers le reste de la France, notamment vers l\u2019Est, qui nuit \u00e0 son d\u00e9veloppement autonome et \u00e0 sa prosp\u00e9rit\u00e9. Si la Bretagne, nation \u00e0 la forte identit\u00e9 historique et culturelle, semble avoir tout pour \u00eatre un acteur \u00e9conomique puissant, elle reste sous l\u2019emprise d\u2019un [&hellip;]\" \/>\n<meta property=\"og:url\" content=\"https:\/\/stourm.news\/?p=3534\" \/>\n<meta property=\"og:site_name\" content=\"STOURM\" \/>\n<meta property=\"article:publisher\" content=\"https:\/\/www.facebook.com\/stourmnews\/\" \/>\n<meta property=\"article:published_time\" content=\"2025-03-03T11:33:27+00:00\" \/>\n<meta property=\"og:image\" content=\"https:\/\/stourm.news\/wp-content\/uploads\/2025\/03\/route-touristique-colin-le-roy-5-scaled-1.webp\" \/>\n\t<meta property=\"og:image:width\" content=\"2560\" \/>\n\t<meta property=\"og:image:height\" content=\"1707\" \/>\n\t<meta property=\"og:image:type\" content=\"image\/webp\" \/>\n<meta name=\"author\" content=\"La r\u00e9daction\" \/>\n<meta name=\"twitter:card\" content=\"summary_large_image\" \/>\n<meta name=\"twitter:label1\" content=\"\u00c9crit par\" \/>\n\t<meta name=\"twitter:data1\" content=\"La r\u00e9daction\" \/>\n\t<meta name=\"twitter:label2\" content=\"Dur\u00e9e de lecture estim\u00e9e\" \/>\n\t<meta name=\"twitter:data2\" content=\"4 minutes\" \/>\n<script type=\"application\/ld+json\" class=\"yoast-schema-graph\">{\"@context\":\"https:\/\/schema.org\",\"@graph\":[{\"@type\":\"Article\",\"@id\":\"https:\/\/stourm.news\/?p=3534#article\",\"isPartOf\":{\"@id\":\"https:\/\/stourm.news\/?p=3534\"},\"author\":{\"name\":\"La r\u00e9daction\",\"@id\":\"https:\/\/stourm.news\/#\/schema\/person\/c3e1dc65988632e190969234ef046cf9\"},\"headline\":\"La Bretagne, une \u00e9conomie trop longtemps tourn\u00e9e vers l&rsquo;Est\",\"datePublished\":\"2025-03-03T11:33:27+00:00\",\"mainEntityOfPage\":{\"@id\":\"https:\/\/stourm.news\/?p=3534\"},\"wordCount\":845,\"commentCount\":0,\"publisher\":{\"@id\":\"https:\/\/stourm.news\/#organization\"},\"image\":{\"@id\":\"https:\/\/stourm.news\/?p=3534#primaryimage\"},\"thumbnailUrl\":\"https:\/\/stourm.news\/wp-content\/uploads\/2025\/03\/route-touristique-colin-le-roy-5-scaled-1.webp\",\"articleSection\":[\"Editorial\",\"Principale\"],\"inLanguage\":\"fr-FR\",\"potentialAction\":[{\"@type\":\"CommentAction\",\"name\":\"Comment\",\"target\":[\"https:\/\/stourm.news\/?p=3534#respond\"]}]},{\"@type\":\"WebPage\",\"@id\":\"https:\/\/stourm.news\/?p=3534\",\"url\":\"https:\/\/stourm.news\/?p=3534\",\"name\":\"La Bretagne, une \u00e9conomie trop longtemps tourn\u00e9e vers l'Est - STOURM\",\"isPartOf\":{\"@id\":\"https:\/\/stourm.news\/#website\"},\"primaryImageOfPage\":{\"@id\":\"https:\/\/stourm.news\/?p=3534#primaryimage\"},\"image\":{\"@id\":\"https:\/\/stourm.news\/?p=3534#primaryimage\"},\"thumbnailUrl\":\"https:\/\/stourm.news\/wp-content\/uploads\/2025\/03\/route-touristique-colin-le-roy-5-scaled-1.webp\",\"datePublished\":\"2025-03-03T11:33:27+00:00\",\"breadcrumb\":{\"@id\":\"https:\/\/stourm.news\/?p=3534#breadcrumb\"},\"inLanguage\":\"fr-FR\",\"potentialAction\":[{\"@type\":\"ReadAction\",\"target\":[\"https:\/\/stourm.news\/?p=3534\"]}]},{\"@type\":\"ImageObject\",\"inLanguage\":\"fr-FR\",\"@id\":\"https:\/\/stourm.news\/?p=3534#primaryimage\",\"url\":\"https:\/\/stourm.news\/wp-content\/uploads\/2025\/03\/route-touristique-colin-le-roy-5-scaled-1.webp\",\"contentUrl\":\"https:\/\/stourm.news\/wp-content\/uploads\/2025\/03\/route-touristique-colin-le-roy-5-scaled-1.webp\",\"width\":2560,\"height\":1707},{\"@type\":\"BreadcrumbList\",\"@id\":\"https:\/\/stourm.news\/?p=3534#breadcrumb\",\"itemListElement\":[{\"@type\":\"ListItem\",\"position\":1,\"name\":\"Accueil\",\"item\":\"https:\/\/stourm.news\/\"},{\"@type\":\"ListItem\",\"position\":2,\"name\":\"La Bretagne, une \u00e9conomie trop longtemps tourn\u00e9e vers l&rsquo;Est\"}]},{\"@type\":\"WebSite\",\"@id\":\"https:\/\/stourm.news\/#website\",\"url\":\"https:\/\/stourm.news\/\",\"name\":\"Stourm\",\"description\":\"Kazetenn Strollad Broadel Breizh\",\"publisher\":{\"@id\":\"https:\/\/stourm.news\/#organization\"},\"potentialAction\":[{\"@type\":\"SearchAction\",\"target\":{\"@type\":\"EntryPoint\",\"urlTemplate\":\"https:\/\/stourm.news\/?s={search_term_string}\"},\"query-input\":{\"@type\":\"PropertyValueSpecification\",\"valueRequired\":true,\"valueName\":\"search_term_string\"}}],\"inLanguage\":\"fr-FR\"},{\"@type\":\"Organization\",\"@id\":\"https:\/\/stourm.news\/#organization\",\"name\":\"Stourm\",\"url\":\"https:\/\/stourm.news\/\",\"logo\":{\"@type\":\"ImageObject\",\"inLanguage\":\"fr-FR\",\"@id\":\"https:\/\/stourm.news\/#\/schema\/logo\/image\/\",\"url\":\"https:\/\/stourm.news\/wp-content\/uploads\/2025\/11\/cropped-Capture-decran-2025-11-28-a-15.19.07.png\",\"contentUrl\":\"https:\/\/stourm.news\/wp-content\/uploads\/2025\/11\/cropped-Capture-decran-2025-11-28-a-15.19.07.png\",\"width\":1855,\"height\":383,\"caption\":\"Stourm\"},\"image\":{\"@id\":\"https:\/\/stourm.news\/#\/schema\/logo\/image\/\"},\"sameAs\":[\"https:\/\/www.facebook.com\/stourmnews\/\"]},{\"@type\":\"Person\",\"@id\":\"https:\/\/stourm.news\/#\/schema\/person\/c3e1dc65988632e190969234ef046cf9\",\"name\":\"La r\u00e9daction\",\"image\":{\"@type\":\"ImageObject\",\"inLanguage\":\"fr-FR\",\"@id\":\"https:\/\/stourm.news\/#\/schema\/person\/image\/\",\"url\":\"https:\/\/secure.gravatar.com\/avatar\/7463443f194b6b5fb706b074ca0ef59a0cfcfd720cb47764b0ec5a952ce422b3?s=96&d=mm&r=g\",\"contentUrl\":\"https:\/\/secure.gravatar.com\/avatar\/7463443f194b6b5fb706b074ca0ef59a0cfcfd720cb47764b0ec5a952ce422b3?s=96&d=mm&r=g\",\"caption\":\"La r\u00e9daction\"},\"sameAs\":[\"https:\/\/stourm.news\"],\"url\":\"https:\/\/stourm.news\/?author=1\"}]}<\/script>\n<!-- \/ Yoast SEO plugin. -->","yoast_head_json":{"title":"La Bretagne, une \u00e9conomie trop longtemps tourn\u00e9e vers l'Est - STOURM","robots":{"index":"index","follow":"follow","max-snippet":"max-snippet:-1","max-image-preview":"max-image-preview:large","max-video-preview":"max-video-preview:-1"},"canonical":"https:\/\/stourm.news\/?p=3534","og_locale":"fr_FR","og_type":"article","og_title":"La Bretagne, une \u00e9conomie trop longtemps tourn\u00e9e vers l'Est - STOURM","og_description":"Depuis des d\u00e9cennies, la Bretagne souffre d\u2019une mise en d\u00e9pendance \u00e9conomique envers le reste de la France, notamment vers l\u2019Est, qui nuit \u00e0 son d\u00e9veloppement autonome et \u00e0 sa prosp\u00e9rit\u00e9. Si la Bretagne, nation \u00e0 la forte identit\u00e9 historique et culturelle, semble avoir tout pour \u00eatre un acteur \u00e9conomique puissant, elle reste sous l\u2019emprise d\u2019un [&hellip;]","og_url":"https:\/\/stourm.news\/?p=3534","og_site_name":"STOURM","article_publisher":"https:\/\/www.facebook.com\/stourmnews\/","article_published_time":"2025-03-03T11:33:27+00:00","og_image":[{"width":2560,"height":1707,"url":"https:\/\/stourm.news\/wp-content\/uploads\/2025\/03\/route-touristique-colin-le-roy-5-scaled-1.webp","type":"image\/webp"}],"author":"La r\u00e9daction","twitter_card":"summary_large_image","twitter_misc":{"\u00c9crit par":"La r\u00e9daction","Dur\u00e9e de lecture estim\u00e9e":"4 minutes"},"schema":{"@context":"https:\/\/schema.org","@graph":[{"@type":"Article","@id":"https:\/\/stourm.news\/?p=3534#article","isPartOf":{"@id":"https:\/\/stourm.news\/?p=3534"},"author":{"name":"La r\u00e9daction","@id":"https:\/\/stourm.news\/#\/schema\/person\/c3e1dc65988632e190969234ef046cf9"},"headline":"La Bretagne, une \u00e9conomie trop longtemps tourn\u00e9e vers l&rsquo;Est","datePublished":"2025-03-03T11:33:27+00:00","mainEntityOfPage":{"@id":"https:\/\/stourm.news\/?p=3534"},"wordCount":845,"commentCount":0,"publisher":{"@id":"https:\/\/stourm.news\/#organization"},"image":{"@id":"https:\/\/stourm.news\/?p=3534#primaryimage"},"thumbnailUrl":"https:\/\/stourm.news\/wp-content\/uploads\/2025\/03\/route-touristique-colin-le-roy-5-scaled-1.webp","articleSection":["Editorial","Principale"],"inLanguage":"fr-FR","potentialAction":[{"@type":"CommentAction","name":"Comment","target":["https:\/\/stourm.news\/?p=3534#respond"]}]},{"@type":"WebPage","@id":"https:\/\/stourm.news\/?p=3534","url":"https:\/\/stourm.news\/?p=3534","name":"La Bretagne, une \u00e9conomie trop longtemps tourn\u00e9e vers l'Est - STOURM","isPartOf":{"@id":"https:\/\/stourm.news\/#website"},"primaryImageOfPage":{"@id":"https:\/\/stourm.news\/?p=3534#primaryimage"},"image":{"@id":"https:\/\/stourm.news\/?p=3534#primaryimage"},"thumbnailUrl":"https:\/\/stourm.news\/wp-content\/uploads\/2025\/03\/route-touristique-colin-le-roy-5-scaled-1.webp","datePublished":"2025-03-03T11:33:27+00:00","breadcrumb":{"@id":"https:\/\/stourm.news\/?p=3534#breadcrumb"},"inLanguage":"fr-FR","potentialAction":[{"@type":"ReadAction","target":["https:\/\/stourm.news\/?p=3534"]}]},{"@type":"ImageObject","inLanguage":"fr-FR","@id":"https:\/\/stourm.news\/?p=3534#primaryimage","url":"https:\/\/stourm.news\/wp-content\/uploads\/2025\/03\/route-touristique-colin-le-roy-5-scaled-1.webp","contentUrl":"https:\/\/stourm.news\/wp-content\/uploads\/2025\/03\/route-touristique-colin-le-roy-5-scaled-1.webp","width":2560,"height":1707},{"@type":"BreadcrumbList","@id":"https:\/\/stourm.news\/?p=3534#breadcrumb","itemListElement":[{"@type":"ListItem","position":1,"name":"Accueil","item":"https:\/\/stourm.news\/"},{"@type":"ListItem","position":2,"name":"La Bretagne, une \u00e9conomie trop longtemps tourn\u00e9e vers l&rsquo;Est"}]},{"@type":"WebSite","@id":"https:\/\/stourm.news\/#website","url":"https:\/\/stourm.news\/","name":"Stourm","description":"Kazetenn Strollad Broadel Breizh","publisher":{"@id":"https:\/\/stourm.news\/#organization"},"potentialAction":[{"@type":"SearchAction","target":{"@type":"EntryPoint","urlTemplate":"https:\/\/stourm.news\/?s={search_term_string}"},"query-input":{"@type":"PropertyValueSpecification","valueRequired":true,"valueName":"search_term_string"}}],"inLanguage":"fr-FR"},{"@type":"Organization","@id":"https:\/\/stourm.news\/#organization","name":"Stourm","url":"https:\/\/stourm.news\/","logo":{"@type":"ImageObject","inLanguage":"fr-FR","@id":"https:\/\/stourm.news\/#\/schema\/logo\/image\/","url":"https:\/\/stourm.news\/wp-content\/uploads\/2025\/11\/cropped-Capture-decran-2025-11-28-a-15.19.07.png","contentUrl":"https:\/\/stourm.news\/wp-content\/uploads\/2025\/11\/cropped-Capture-decran-2025-11-28-a-15.19.07.png","width":1855,"height":383,"caption":"Stourm"},"image":{"@id":"https:\/\/stourm.news\/#\/schema\/logo\/image\/"},"sameAs":["https:\/\/www.facebook.com\/stourmnews\/"]},{"@type":"Person","@id":"https:\/\/stourm.news\/#\/schema\/person\/c3e1dc65988632e190969234ef046cf9","name":"La r\u00e9daction","image":{"@type":"ImageObject","inLanguage":"fr-FR","@id":"https:\/\/stourm.news\/#\/schema\/person\/image\/","url":"https:\/\/secure.gravatar.com\/avatar\/7463443f194b6b5fb706b074ca0ef59a0cfcfd720cb47764b0ec5a952ce422b3?s=96&d=mm&r=g","contentUrl":"https:\/\/secure.gravatar.com\/avatar\/7463443f194b6b5fb706b074ca0ef59a0cfcfd720cb47764b0ec5a952ce422b3?s=96&d=mm&r=g","caption":"La r\u00e9daction"},"sameAs":["https:\/\/stourm.news"],"url":"https:\/\/stourm.news\/?author=1"}]}},"_links":{"self":[{"href":"https:\/\/stourm.news\/index.php?rest_route=\/wp\/v2\/posts\/3534","targetHints":{"allow":["GET"]}}],"collection":[{"href":"https:\/\/stourm.news\/index.php?rest_route=\/wp\/v2\/posts"}],"about":[{"href":"https:\/\/stourm.news\/index.php?rest_route=\/wp\/v2\/types\/post"}],"author":[{"embeddable":true,"href":"https:\/\/stourm.news\/index.php?rest_route=\/wp\/v2\/users\/1"}],"replies":[{"embeddable":true,"href":"https:\/\/stourm.news\/index.php?rest_route=%2Fwp%2Fv2%2Fcomments&post=3534"}],"version-history":[{"count":1,"href":"https:\/\/stourm.news\/index.php?rest_route=\/wp\/v2\/posts\/3534\/revisions"}],"predecessor-version":[{"id":3536,"href":"https:\/\/stourm.news\/index.php?rest_route=\/wp\/v2\/posts\/3534\/revisions\/3536"}],"wp:featuredmedia":[{"embeddable":true,"href":"https:\/\/stourm.news\/index.php?rest_route=\/wp\/v2\/media\/3535"}],"wp:attachment":[{"href":"https:\/\/stourm.news\/index.php?rest_route=%2Fwp%2Fv2%2Fmedia&parent=3534"}],"wp:term":[{"taxonomy":"category","embeddable":true,"href":"https:\/\/stourm.news\/index.php?rest_route=%2Fwp%2Fv2%2Fcategories&post=3534"},{"taxonomy":"post_tag","embeddable":true,"href":"https:\/\/stourm.news\/index.php?rest_route=%2Fwp%2Fv2%2Ftags&post=3534"}],"curies":[{"name":"wp","href":"https:\/\/api.w.org\/{rel}","templated":true}]}}