{"id":3540,"date":"2025-03-04T06:00:53","date_gmt":"2025-03-04T06:00:53","guid":{"rendered":"https:\/\/stourm.news\/?p=3540"},"modified":"2025-03-04T06:07:59","modified_gmt":"2025-03-04T06:07:59","slug":"kentreg-cintre-apres-lagression-de-lelu-dextreme-gauche-anton-burel-lenquete-dement-les-saluts-nazis-il-sagissait-dune-rixe-avec-des-romanichels","status":"publish","type":"post","link":"https:\/\/stourm.news\/?p=3540","title":{"rendered":"Kentreg (Cintr\u00e9) : apr\u00e8s l&rsquo;agression de l&rsquo;\u00e9lu d&rsquo;extr\u00eame-gauche Anton Burel, l&rsquo;enqu\u00eate d\u00e9ment les saluts nazis (il s&rsquo;agissait d&rsquo;une rixe avec des romanichels)"},"content":{"rendered":"<p style=\"text-align: justify;\">Les t\u00e9moignages recueillis par les gendarmes dans l&rsquo;enqu\u00eate sur l&rsquo;agression du conseiller municipal d&rsquo;extr\u00eame-gauche Anton Burel, le 22 f\u00e9vrier \u00e0 Kentreg, <strong>ne corroborent pas la motivation raciste.\u00a0<\/strong>C&rsquo;est que rapporte France Bleu (<strong><a href=\"https:\/\/www.francebleu.fr\/infos\/faits-divers-justice\/ille-et-vilaine-apres-l-agression-de-anton-burel-a-cintre-l-enquete-dement-les-saluts-nazis-5690862\">lire ici<\/a><\/strong>).<\/p>\n<p style=\"text-align: justify;\">Anton Burel avait d\u00e9pos\u00e9 plainte pour avoir re\u00e7u deux coups, \u00e0 la m\u00e2choire et \u00e0 l&rsquo;\u0153il, apr\u00e8s \u00eatre intervenu, dit-il aupr\u00e8s d&rsquo;un groupe de six hommes \u00e0 la sortie du bar \u00ab\u00a0Le Synchro Bar\u00a0\u00bb. Il raconte avoir \u00e9t\u00e9 choqu\u00e9 de les voir faire <strong>des saluts nazis et entonn\u00e9 des chants racistes<\/strong> et leur aura demand\u00e9 de quitter les lieux. L&rsquo;\u00e9lu raconte alors avoir \u00e9t\u00e9 pass\u00e9 \u00e0 tabac ainsi qu&rsquo;un de ses amis.<\/p>\n<p><strong>L&rsquo;enqu\u00eate d\u00e9masque le montage\u00a0<\/strong><\/p>\n<p style=\"text-align: justify;\">Les gendarmes de Mordelles, en charge de l&rsquo;enqu\u00eate, ont entendu les personnes pr\u00e9sentes ce soir-l\u00e0 et les t\u00e9moignages <strong>ne viennent donc pas confirmer la nature raciste de cette agression<\/strong>. Ils confirment, en revanche, une altercation <strong>avec des gens du voyage<\/strong>. Le parquet de Rennes fait savoir que l&rsquo;enqu\u00eate se poursuit pour \u00e9claircir les circonstances de l&rsquo;agression.<\/p>\n<p><strong>Une manipulation de l&rsquo;ultra-gauche<\/strong><\/p>\n<p style=\"text-align: justify;\">Un rassemblement en soutien \u00e0 Anton Burel avait \u00e9t\u00e9 organis\u00e9e par l&rsquo;ultra-gauche ce samedi 1er mars pour exploiter une histoire de \u00ab\u00a0violences fascistes\u00a0\u00bb mont\u00e9e de toutes pi\u00e8ces. L&rsquo;ex-terroriste communiste Ga\u00ebl Roblin, militant bisexuel qui revendique ses probl\u00e8mes d&rsquo;alcool, avait appel\u00e9 les idiots utiles \u00e0 y participer.<\/p>\n<blockquote class=\"twitter-tweet\">\n<p dir=\"ltr\" lang=\"fr\">Toute notre solidarit\u00e9 avec <a href=\"https:\/\/twitter.com\/AntonBurel?ref_src=twsrc%5Etfw\">@AntonBurel<\/a> l\u00e2chement attaqu\u00e9 par des n\u00e9o-nazis.<\/p>\n<p>Les agressions fascistes se multiplient et doivent appeler \u00e0 la plus forte riposte antifasciste possible ! <a href=\"https:\/\/t.co\/lswGn8g7oc\">https:\/\/t.co\/lswGn8g7oc<\/a><\/p>\n<p>\u2014 Young Struggle France \ud83c\uddf5\ud83c\uddf8\ud83c\uddf3\ud83c\udde8 (@FRYoungStruggle) <a href=\"https:\/\/twitter.com\/FRYoungStruggle\/status\/1894423541681893546?ref_src=twsrc%5Etfw\">February 25, 2025<\/a><\/p><\/blockquote>\n<p><script async src=\"https:\/\/platform.twitter.com\/widgets.js\" charset=\"utf-8\"><\/script><\/p>\n<p style=\"text-align: justify;\">Anton Burel s&rsquo;est par le pass\u00e9 illustr\u00e9 en se f\u00e9licitant de l&rsquo;ex\u00e9cution de l&rsquo;Abb\u00e9 Yann-Vari Perrot par les communistes fran\u00e7ais, une rh\u00e9torique reprise par les antifas qui avaient incendi\u00e9 la chapelle de Koad Kev en 2019 et profan\u00e9 la tombe de l&rsquo;abb\u00e9 auparavant.<\/p>\n<p><img fetchpriority=\"high\" decoding=\"async\" class=\"alignnone size-medium\" src=\"https:\/\/www.argedour.bzh\/wp-content\/uploads\/2018\/04\/20180402_120005-scaled.jpg\" width=\"2560\" height=\"1440\" \/><\/p>\n<p style=\"text-align: justify;\">Burel est \u00e9galement un sympathisant du Hamas dont il s&rsquo;\u00e9tait publiquement f\u00e9licit\u00e9 de l&rsquo;attaque le 7 octobre 2023, la qualifiant de \u00ab\u00a0lib\u00e9ration\u00a0\u00bb.<\/p>\n<p><img decoding=\"async\" class=\"alignnone wp-image-3518 size-full\" src=\"https:\/\/stourm.news\/wp-content\/uploads\/2025\/02\/Capture-decran-2025-02-28-a-01.30.56.png\" alt=\"\" width=\"1068\" height=\"826\" srcset=\"https:\/\/stourm.news\/wp-content\/uploads\/2025\/02\/Capture-decran-2025-02-28-a-01.30.56.png 1068w, https:\/\/stourm.news\/wp-content\/uploads\/2025\/02\/Capture-decran-2025-02-28-a-01.30.56-300x232.png 300w, https:\/\/stourm.news\/wp-content\/uploads\/2025\/02\/Capture-decran-2025-02-28-a-01.30.56-1024x792.png 1024w, https:\/\/stourm.news\/wp-content\/uploads\/2025\/02\/Capture-decran-2025-02-28-a-01.30.56-768x594.png 768w\" sizes=\"(max-width: 1068px) 100vw, 1068px\" \/><\/p>\n<p style=\"text-align: justify;\">Le groupuscule d&rsquo;ultra-gauche \u00ab\u00a0Douar ha Frankiz\u00a0\u00bb, proche des antifas comme l&rsquo;a d\u00e9montr\u00e9 l&rsquo;agression de membres de Bretagne R\u00e9unie en octobre 2024, avait \u00e9galement soutenu Burel.<\/p>\n<blockquote class=\"twitter-tweet\">\n<p dir=\"ltr\" lang=\"cy\">Kas a reomp hor soutenn da Anton Burel dilennad dizalc&rsquo;hour e Kentreg a oa bet taget ha skoet gant stourmerien an tu dehou pella\u00f1 hag a rae saludo\u00f9 nazi er straed dirak un davarn disadorn tremenet.<\/p>\n<p>Douar ha Frankiz <a href=\"https:\/\/t.co\/iDDlRXZgNX\">pic.twitter.com\/iDDlRXZgNX<\/a><\/p>\n<p>\u2014 Douar ha Frankiz (@DouarHa) <a href=\"https:\/\/twitter.com\/DouarHa\/status\/1894457835875955107?ref_src=twsrc%5Etfw\">February 25, 2025<\/a><\/p><\/blockquote>\n<p><script async src=\"https:\/\/platform.twitter.com\/widgets.js\" charset=\"utf-8\"><\/script><\/p>\n<p style=\"text-align: justify;\">Nous le voyons une nouvelle fois, l&rsquo;ultra-gauche r\u00e9gionaliste n&rsquo;est compos\u00e9e que d&rsquo;une poign\u00e9e de marginaux et d&rsquo;ivrognes qui b\u00e9n\u00e9ficient de la bienveillance gouvernementale et m\u00e9diatique en raison du discr\u00e9dit dont Paris esp\u00e8re qu&rsquo;il continuera de rejaillir sur la Bretagne militante.<\/p>\n<p style=\"text-align: justify;\">La clarification politique doit se poursuivre et le rejet ferme de ces \u00e9l\u00e9ments antisociaux doit devenir la r\u00e8gle, tout particuli\u00e8rement pour l&rsquo;Emsav dont ils n&rsquo;ont d&rsquo;ailleurs jamais fait partie.<\/p>\n<p style=\"text-align: right;\"><strong>Ewen Broc&rsquo;han<\/strong><\/p>\n<p>&nbsp;<\/p>\n","protected":false},"excerpt":{"rendered":"<p>Les t\u00e9moignages recueillis par les gendarmes dans l&rsquo;enqu\u00eate sur l&rsquo;agression du conseiller municipal d&rsquo;extr\u00eame-gauche Anton Burel, le 22 f\u00e9vrier \u00e0 Kentreg, ne corroborent pas la motivation raciste.\u00a0C&rsquo;est que rapporte France Bleu (lire ici). Anton Burel avait d\u00e9pos\u00e9 plainte pour avoir re\u00e7u deux coups, \u00e0 la m\u00e2choire et \u00e0 l&rsquo;\u0153il, apr\u00e8s \u00eatre intervenu, dit-il aupr\u00e8s d&rsquo;un [&hellip;]<\/p>\n","protected":false},"author":1,"featured_media":3542,"comment_status":"open","ping_status":"open","sticky":false,"template":"","format":"standard","meta":{"sb_editor_width":"","footnotes":""},"categories":[36,41,67,65],"tags":[],"class_list":["post-3540","post","type-post","status-publish","format-standard","has-post-thumbnail","hentry","category-extreme-gauche","category-ille-et-vilaine","category-politique","category-principale"],"relative_dates":{"created":"1 an ago","modified":"1 an ago"},"yoast_head":"<!-- This site is optimized with the Yoast SEO plugin v26.3 - https:\/\/yoast.com\/wordpress\/plugins\/seo\/ -->\n<title>Kentreg (Cintr\u00e9) : apr\u00e8s l&#039;agression de l&#039;\u00e9lu d&#039;extr\u00eame-gauche Anton Burel, l&#039;enqu\u00eate d\u00e9ment les saluts nazis (il s&#039;agissait d&#039;une rixe avec des romanichels) - STOURM<\/title>\n<meta name=\"robots\" content=\"index, follow, max-snippet:-1, max-image-preview:large, max-video-preview:-1\" \/>\n<link rel=\"canonical\" href=\"https:\/\/stourm.news\/?p=3540\" \/>\n<meta property=\"og:locale\" content=\"fr_FR\" \/>\n<meta property=\"og:type\" content=\"article\" \/>\n<meta property=\"og:title\" content=\"Kentreg (Cintr\u00e9) : apr\u00e8s l&#039;agression de l&#039;\u00e9lu d&#039;extr\u00eame-gauche Anton Burel, l&#039;enqu\u00eate d\u00e9ment les saluts nazis (il s&#039;agissait d&#039;une rixe avec des romanichels) - STOURM\" \/>\n<meta property=\"og:description\" content=\"Les t\u00e9moignages recueillis par les gendarmes dans l&rsquo;enqu\u00eate sur l&rsquo;agression du conseiller municipal d&rsquo;extr\u00eame-gauche Anton Burel, le 22 f\u00e9vrier \u00e0 Kentreg, ne corroborent pas la motivation raciste.\u00a0C&rsquo;est que rapporte France Bleu (lire ici). Anton Burel avait d\u00e9pos\u00e9 plainte pour avoir re\u00e7u deux coups, \u00e0 la m\u00e2choire et \u00e0 l&rsquo;\u0153il, apr\u00e8s \u00eatre intervenu, dit-il aupr\u00e8s d&rsquo;un [&hellip;]\" \/>\n<meta property=\"og:url\" content=\"https:\/\/stourm.news\/?p=3540\" \/>\n<meta property=\"og:site_name\" content=\"STOURM\" \/>\n<meta property=\"article:publisher\" content=\"https:\/\/www.facebook.com\/stourmnews\/\" \/>\n<meta property=\"article:published_time\" content=\"2025-03-04T06:00:53+00:00\" \/>\n<meta property=\"article:modified_time\" content=\"2025-03-04T06:07:59+00:00\" \/>\n<meta property=\"og:image\" content=\"https:\/\/stourm.news\/wp-content\/uploads\/2025\/03\/Capture-decran-2025-03-04-a-14.28.59.png\" \/>\n\t<meta property=\"og:image:width\" content=\"858\" \/>\n\t<meta property=\"og:image:height\" content=\"866\" \/>\n\t<meta property=\"og:image:type\" content=\"image\/png\" \/>\n<meta name=\"author\" content=\"La r\u00e9daction\" \/>\n<meta name=\"twitter:card\" content=\"summary_large_image\" \/>\n<meta name=\"twitter:label1\" content=\"\u00c9crit par\" \/>\n\t<meta name=\"twitter:data1\" content=\"La r\u00e9daction\" \/>\n\t<meta name=\"twitter:label2\" content=\"Dur\u00e9e de lecture estim\u00e9e\" \/>\n\t<meta name=\"twitter:data2\" content=\"3 minutes\" \/>\n<script type=\"application\/ld+json\" class=\"yoast-schema-graph\">{\"@context\":\"https:\/\/schema.org\",\"@graph\":[{\"@type\":\"Article\",\"@id\":\"https:\/\/stourm.news\/?p=3540#article\",\"isPartOf\":{\"@id\":\"https:\/\/stourm.news\/?p=3540\"},\"author\":{\"name\":\"La r\u00e9daction\",\"@id\":\"https:\/\/stourm.news\/#\/schema\/person\/c3e1dc65988632e190969234ef046cf9\"},\"headline\":\"Kentreg (Cintr\u00e9) : apr\u00e8s l&rsquo;agression de l&rsquo;\u00e9lu d&rsquo;extr\u00eame-gauche Anton Burel, l&rsquo;enqu\u00eate d\u00e9ment les saluts nazis (il s&rsquo;agissait d&rsquo;une rixe avec des romanichels)\",\"datePublished\":\"2025-03-04T06:00:53+00:00\",\"dateModified\":\"2025-03-04T06:07:59+00:00\",\"mainEntityOfPage\":{\"@id\":\"https:\/\/stourm.news\/?p=3540\"},\"wordCount\":556,\"commentCount\":0,\"publisher\":{\"@id\":\"https:\/\/stourm.news\/#organization\"},\"image\":{\"@id\":\"https:\/\/stourm.news\/?p=3540#primaryimage\"},\"thumbnailUrl\":\"https:\/\/stourm.news\/wp-content\/uploads\/2025\/03\/Capture-decran-2025-03-04-a-14.28.59.png\",\"articleSection\":[\"Extr\u00eame-gauche\",\"Ille-et-Vilaine\",\"Politique\",\"Principale\"],\"inLanguage\":\"fr-FR\",\"potentialAction\":[{\"@type\":\"CommentAction\",\"name\":\"Comment\",\"target\":[\"https:\/\/stourm.news\/?p=3540#respond\"]}]},{\"@type\":\"WebPage\",\"@id\":\"https:\/\/stourm.news\/?p=3540\",\"url\":\"https:\/\/stourm.news\/?p=3540\",\"name\":\"Kentreg (Cintr\u00e9) : apr\u00e8s l'agression de l'\u00e9lu d'extr\u00eame-gauche Anton Burel, l'enqu\u00eate d\u00e9ment les saluts nazis (il s'agissait d'une rixe avec des romanichels) - STOURM\",\"isPartOf\":{\"@id\":\"https:\/\/stourm.news\/#website\"},\"primaryImageOfPage\":{\"@id\":\"https:\/\/stourm.news\/?p=3540#primaryimage\"},\"image\":{\"@id\":\"https:\/\/stourm.news\/?p=3540#primaryimage\"},\"thumbnailUrl\":\"https:\/\/stourm.news\/wp-content\/uploads\/2025\/03\/Capture-decran-2025-03-04-a-14.28.59.png\",\"datePublished\":\"2025-03-04T06:00:53+00:00\",\"dateModified\":\"2025-03-04T06:07:59+00:00\",\"breadcrumb\":{\"@id\":\"https:\/\/stourm.news\/?p=3540#breadcrumb\"},\"inLanguage\":\"fr-FR\",\"potentialAction\":[{\"@type\":\"ReadAction\",\"target\":[\"https:\/\/stourm.news\/?p=3540\"]}]},{\"@type\":\"ImageObject\",\"inLanguage\":\"fr-FR\",\"@id\":\"https:\/\/stourm.news\/?p=3540#primaryimage\",\"url\":\"https:\/\/stourm.news\/wp-content\/uploads\/2025\/03\/Capture-decran-2025-03-04-a-14.28.59.png\",\"contentUrl\":\"https:\/\/stourm.news\/wp-content\/uploads\/2025\/03\/Capture-decran-2025-03-04-a-14.28.59.png\",\"width\":858,\"height\":866},{\"@type\":\"BreadcrumbList\",\"@id\":\"https:\/\/stourm.news\/?p=3540#breadcrumb\",\"itemListElement\":[{\"@type\":\"ListItem\",\"position\":1,\"name\":\"Accueil\",\"item\":\"https:\/\/stourm.news\/\"},{\"@type\":\"ListItem\",\"position\":2,\"name\":\"Kentreg (Cintr\u00e9) : apr\u00e8s l&rsquo;agression de l&rsquo;\u00e9lu d&rsquo;extr\u00eame-gauche Anton Burel, l&rsquo;enqu\u00eate d\u00e9ment les saluts nazis (il s&rsquo;agissait d&rsquo;une rixe avec des romanichels)\"}]},{\"@type\":\"WebSite\",\"@id\":\"https:\/\/stourm.news\/#website\",\"url\":\"https:\/\/stourm.news\/\",\"name\":\"Stourm\",\"description\":\"Kazetenn Strollad Broadel Breizh\",\"publisher\":{\"@id\":\"https:\/\/stourm.news\/#organization\"},\"potentialAction\":[{\"@type\":\"SearchAction\",\"target\":{\"@type\":\"EntryPoint\",\"urlTemplate\":\"https:\/\/stourm.news\/?s={search_term_string}\"},\"query-input\":{\"@type\":\"PropertyValueSpecification\",\"valueRequired\":true,\"valueName\":\"search_term_string\"}}],\"inLanguage\":\"fr-FR\"},{\"@type\":\"Organization\",\"@id\":\"https:\/\/stourm.news\/#organization\",\"name\":\"Stourm\",\"url\":\"https:\/\/stourm.news\/\",\"logo\":{\"@type\":\"ImageObject\",\"inLanguage\":\"fr-FR\",\"@id\":\"https:\/\/stourm.news\/#\/schema\/logo\/image\/\",\"url\":\"https:\/\/stourm.news\/wp-content\/uploads\/2025\/11\/cropped-Capture-decran-2025-11-28-a-15.19.07.png\",\"contentUrl\":\"https:\/\/stourm.news\/wp-content\/uploads\/2025\/11\/cropped-Capture-decran-2025-11-28-a-15.19.07.png\",\"width\":1855,\"height\":383,\"caption\":\"Stourm\"},\"image\":{\"@id\":\"https:\/\/stourm.news\/#\/schema\/logo\/image\/\"},\"sameAs\":[\"https:\/\/www.facebook.com\/stourmnews\/\"]},{\"@type\":\"Person\",\"@id\":\"https:\/\/stourm.news\/#\/schema\/person\/c3e1dc65988632e190969234ef046cf9\",\"name\":\"La r\u00e9daction\",\"image\":{\"@type\":\"ImageObject\",\"inLanguage\":\"fr-FR\",\"@id\":\"https:\/\/stourm.news\/#\/schema\/person\/image\/\",\"url\":\"https:\/\/secure.gravatar.com\/avatar\/7463443f194b6b5fb706b074ca0ef59a0cfcfd720cb47764b0ec5a952ce422b3?s=96&d=mm&r=g\",\"contentUrl\":\"https:\/\/secure.gravatar.com\/avatar\/7463443f194b6b5fb706b074ca0ef59a0cfcfd720cb47764b0ec5a952ce422b3?s=96&d=mm&r=g\",\"caption\":\"La r\u00e9daction\"},\"sameAs\":[\"https:\/\/stourm.news\"],\"url\":\"https:\/\/stourm.news\/?author=1\"}]}<\/script>\n<!-- \/ Yoast SEO plugin. -->","yoast_head_json":{"title":"Kentreg (Cintr\u00e9) : apr\u00e8s l'agression de l'\u00e9lu d'extr\u00eame-gauche Anton Burel, l'enqu\u00eate d\u00e9ment les saluts nazis (il s'agissait d'une rixe avec des romanichels) - STOURM","robots":{"index":"index","follow":"follow","max-snippet":"max-snippet:-1","max-image-preview":"max-image-preview:large","max-video-preview":"max-video-preview:-1"},"canonical":"https:\/\/stourm.news\/?p=3540","og_locale":"fr_FR","og_type":"article","og_title":"Kentreg (Cintr\u00e9) : apr\u00e8s l'agression de l'\u00e9lu d'extr\u00eame-gauche Anton Burel, l'enqu\u00eate d\u00e9ment les saluts nazis (il s'agissait d'une rixe avec des romanichels) - STOURM","og_description":"Les t\u00e9moignages recueillis par les gendarmes dans l&rsquo;enqu\u00eate sur l&rsquo;agression du conseiller municipal d&rsquo;extr\u00eame-gauche Anton Burel, le 22 f\u00e9vrier \u00e0 Kentreg, ne corroborent pas la motivation raciste.\u00a0C&rsquo;est que rapporte France Bleu (lire ici). Anton Burel avait d\u00e9pos\u00e9 plainte pour avoir re\u00e7u deux coups, \u00e0 la m\u00e2choire et \u00e0 l&rsquo;\u0153il, apr\u00e8s \u00eatre intervenu, dit-il aupr\u00e8s d&rsquo;un [&hellip;]","og_url":"https:\/\/stourm.news\/?p=3540","og_site_name":"STOURM","article_publisher":"https:\/\/www.facebook.com\/stourmnews\/","article_published_time":"2025-03-04T06:00:53+00:00","article_modified_time":"2025-03-04T06:07:59+00:00","og_image":[{"width":858,"height":866,"url":"https:\/\/stourm.news\/wp-content\/uploads\/2025\/03\/Capture-decran-2025-03-04-a-14.28.59.png","type":"image\/png"}],"author":"La r\u00e9daction","twitter_card":"summary_large_image","twitter_misc":{"\u00c9crit par":"La r\u00e9daction","Dur\u00e9e de lecture estim\u00e9e":"3 minutes"},"schema":{"@context":"https:\/\/schema.org","@graph":[{"@type":"Article","@id":"https:\/\/stourm.news\/?p=3540#article","isPartOf":{"@id":"https:\/\/stourm.news\/?p=3540"},"author":{"name":"La r\u00e9daction","@id":"https:\/\/stourm.news\/#\/schema\/person\/c3e1dc65988632e190969234ef046cf9"},"headline":"Kentreg (Cintr\u00e9) : apr\u00e8s l&rsquo;agression de l&rsquo;\u00e9lu d&rsquo;extr\u00eame-gauche Anton Burel, l&rsquo;enqu\u00eate d\u00e9ment les saluts nazis (il s&rsquo;agissait d&rsquo;une rixe avec des romanichels)","datePublished":"2025-03-04T06:00:53+00:00","dateModified":"2025-03-04T06:07:59+00:00","mainEntityOfPage":{"@id":"https:\/\/stourm.news\/?p=3540"},"wordCount":556,"commentCount":0,"publisher":{"@id":"https:\/\/stourm.news\/#organization"},"image":{"@id":"https:\/\/stourm.news\/?p=3540#primaryimage"},"thumbnailUrl":"https:\/\/stourm.news\/wp-content\/uploads\/2025\/03\/Capture-decran-2025-03-04-a-14.28.59.png","articleSection":["Extr\u00eame-gauche","Ille-et-Vilaine","Politique","Principale"],"inLanguage":"fr-FR","potentialAction":[{"@type":"CommentAction","name":"Comment","target":["https:\/\/stourm.news\/?p=3540#respond"]}]},{"@type":"WebPage","@id":"https:\/\/stourm.news\/?p=3540","url":"https:\/\/stourm.news\/?p=3540","name":"Kentreg (Cintr\u00e9) : apr\u00e8s l'agression de l'\u00e9lu d'extr\u00eame-gauche Anton Burel, l'enqu\u00eate d\u00e9ment les saluts nazis (il s'agissait d'une rixe avec des romanichels) - STOURM","isPartOf":{"@id":"https:\/\/stourm.news\/#website"},"primaryImageOfPage":{"@id":"https:\/\/stourm.news\/?p=3540#primaryimage"},"image":{"@id":"https:\/\/stourm.news\/?p=3540#primaryimage"},"thumbnailUrl":"https:\/\/stourm.news\/wp-content\/uploads\/2025\/03\/Capture-decran-2025-03-04-a-14.28.59.png","datePublished":"2025-03-04T06:00:53+00:00","dateModified":"2025-03-04T06:07:59+00:00","breadcrumb":{"@id":"https:\/\/stourm.news\/?p=3540#breadcrumb"},"inLanguage":"fr-FR","potentialAction":[{"@type":"ReadAction","target":["https:\/\/stourm.news\/?p=3540"]}]},{"@type":"ImageObject","inLanguage":"fr-FR","@id":"https:\/\/stourm.news\/?p=3540#primaryimage","url":"https:\/\/stourm.news\/wp-content\/uploads\/2025\/03\/Capture-decran-2025-03-04-a-14.28.59.png","contentUrl":"https:\/\/stourm.news\/wp-content\/uploads\/2025\/03\/Capture-decran-2025-03-04-a-14.28.59.png","width":858,"height":866},{"@type":"BreadcrumbList","@id":"https:\/\/stourm.news\/?p=3540#breadcrumb","itemListElement":[{"@type":"ListItem","position":1,"name":"Accueil","item":"https:\/\/stourm.news\/"},{"@type":"ListItem","position":2,"name":"Kentreg (Cintr\u00e9) : apr\u00e8s l&rsquo;agression de l&rsquo;\u00e9lu d&rsquo;extr\u00eame-gauche Anton Burel, l&rsquo;enqu\u00eate d\u00e9ment les saluts nazis (il s&rsquo;agissait d&rsquo;une rixe avec des romanichels)"}]},{"@type":"WebSite","@id":"https:\/\/stourm.news\/#website","url":"https:\/\/stourm.news\/","name":"Stourm","description":"Kazetenn Strollad Broadel Breizh","publisher":{"@id":"https:\/\/stourm.news\/#organization"},"potentialAction":[{"@type":"SearchAction","target":{"@type":"EntryPoint","urlTemplate":"https:\/\/stourm.news\/?s={search_term_string}"},"query-input":{"@type":"PropertyValueSpecification","valueRequired":true,"valueName":"search_term_string"}}],"inLanguage":"fr-FR"},{"@type":"Organization","@id":"https:\/\/stourm.news\/#organization","name":"Stourm","url":"https:\/\/stourm.news\/","logo":{"@type":"ImageObject","inLanguage":"fr-FR","@id":"https:\/\/stourm.news\/#\/schema\/logo\/image\/","url":"https:\/\/stourm.news\/wp-content\/uploads\/2025\/11\/cropped-Capture-decran-2025-11-28-a-15.19.07.png","contentUrl":"https:\/\/stourm.news\/wp-content\/uploads\/2025\/11\/cropped-Capture-decran-2025-11-28-a-15.19.07.png","width":1855,"height":383,"caption":"Stourm"},"image":{"@id":"https:\/\/stourm.news\/#\/schema\/logo\/image\/"},"sameAs":["https:\/\/www.facebook.com\/stourmnews\/"]},{"@type":"Person","@id":"https:\/\/stourm.news\/#\/schema\/person\/c3e1dc65988632e190969234ef046cf9","name":"La r\u00e9daction","image":{"@type":"ImageObject","inLanguage":"fr-FR","@id":"https:\/\/stourm.news\/#\/schema\/person\/image\/","url":"https:\/\/secure.gravatar.com\/avatar\/7463443f194b6b5fb706b074ca0ef59a0cfcfd720cb47764b0ec5a952ce422b3?s=96&d=mm&r=g","contentUrl":"https:\/\/secure.gravatar.com\/avatar\/7463443f194b6b5fb706b074ca0ef59a0cfcfd720cb47764b0ec5a952ce422b3?s=96&d=mm&r=g","caption":"La r\u00e9daction"},"sameAs":["https:\/\/stourm.news"],"url":"https:\/\/stourm.news\/?author=1"}]}},"_links":{"self":[{"href":"https:\/\/stourm.news\/index.php?rest_route=\/wp\/v2\/posts\/3540","targetHints":{"allow":["GET"]}}],"collection":[{"href":"https:\/\/stourm.news\/index.php?rest_route=\/wp\/v2\/posts"}],"about":[{"href":"https:\/\/stourm.news\/index.php?rest_route=\/wp\/v2\/types\/post"}],"author":[{"embeddable":true,"href":"https:\/\/stourm.news\/index.php?rest_route=\/wp\/v2\/users\/1"}],"replies":[{"embeddable":true,"href":"https:\/\/stourm.news\/index.php?rest_route=%2Fwp%2Fv2%2Fcomments&post=3540"}],"version-history":[{"count":2,"href":"https:\/\/stourm.news\/index.php?rest_route=\/wp\/v2\/posts\/3540\/revisions"}],"predecessor-version":[{"id":3543,"href":"https:\/\/stourm.news\/index.php?rest_route=\/wp\/v2\/posts\/3540\/revisions\/3543"}],"wp:featuredmedia":[{"embeddable":true,"href":"https:\/\/stourm.news\/index.php?rest_route=\/wp\/v2\/media\/3542"}],"wp:attachment":[{"href":"https:\/\/stourm.news\/index.php?rest_route=%2Fwp%2Fv2%2Fmedia&parent=3540"}],"wp:term":[{"taxonomy":"category","embeddable":true,"href":"https:\/\/stourm.news\/index.php?rest_route=%2Fwp%2Fv2%2Fcategories&post=3540"},{"taxonomy":"post_tag","embeddable":true,"href":"https:\/\/stourm.news\/index.php?rest_route=%2Fwp%2Fv2%2Ftags&post=3540"}],"curies":[{"name":"wp","href":"https:\/\/api.w.org\/{rel}","templated":true}]}}