{"id":3545,"date":"2025-03-05T11:30:05","date_gmt":"2025-03-05T11:30:05","guid":{"rendered":"https:\/\/stourm.news\/?p=3545"},"modified":"2025-03-05T11:30:05","modified_gmt":"2025-03-05T11:30:05","slug":"rennes-un-jeune-homme-de-25-ans-poignarde-dans-le-quartier-multiculturel-du-blosne","status":"publish","type":"post","link":"https:\/\/stourm.news\/?p=3545","title":{"rendered":"Rennes : un jeune homme de 25 ans poignard\u00e9 dans le quartier multiculturel du Blosne"},"content":{"rendered":"<p style=\"text-align: justify;\">Les faits se sont d\u00e9roul\u00e9s au centre commercial Italie, dans <strong>le quartier du Blosne<\/strong>, \u00e0 Rennes, non loin d\u2019un restaurant. Au cours de cette dispute, l\u2019un des deux individus <strong>a sorti un couteau et bless\u00e9 gri\u00e8vement<\/strong>, au thorax, son interlocuteur, indique une source polici\u00e8re.<\/p>\n<p style=\"text-align: justify;\">La victime a \u00e9t\u00e9 transport\u00e9e au CHU de Rennes par les secours. Elle est \u00e2g\u00e9e de 25 ans. Cette dispute r\u00e9sulterait, a priori, d\u2019un r\u00e8glement de compte <strong>sur fond de trafic de stup\u00e9fiants.<\/strong><\/p>\n<p style=\"text-align: justify;\">Les agressions se multiplient ces derni\u00e8res semaines dans le quartier du Blosne. Jeudi 20 f\u00e9vrier 2025, aux alentours de 19 h \u00e9galement, un homme de 22 ans a \u00e9t\u00e9 agress\u00e9 \u00e0 l\u2019arme blanche.<\/p>\n<p style=\"text-align: justify;\">Enfin, lundi 24 f\u00e9vrier 2025, une altercation a eu lieu place d\u2019Italie \u2013 la dispute serait li\u00e9e \u00e0 des d\u00e9gradations commises sur un v\u00e9hicule. Une dispute sold\u00e9e, l\u00e0 aussi, par un coup de couteau.<\/p>\n<p style=\"text-align: justify;\">Source : <a href=\"https:\/\/actu.fr\/bretagne\/rennes_35238\/agression-au-couteau-a-rennes-un-jeune-homme-de-25-ans-grievement-blesse-et-transporte-a-l-hopital_62331364.html\">Actu.fr <\/a><\/p>\n","protected":false},"excerpt":{"rendered":"<p>Les faits se sont d\u00e9roul\u00e9s au centre commercial Italie, dans le quartier du Blosne, \u00e0 Rennes, non loin d\u2019un restaurant. Au cours de cette dispute, l\u2019un des deux individus a sorti un couteau et bless\u00e9 gri\u00e8vement, au thorax, son interlocuteur, indique une source polici\u00e8re. La victime a \u00e9t\u00e9 transport\u00e9e au CHU de Rennes par les [&hellip;]<\/p>\n","protected":false},"author":1,"featured_media":3546,"comment_status":"open","ping_status":"open","sticky":false,"template":"","format":"standard","meta":{"sb_editor_width":"","footnotes":""},"categories":[31,29,41,33,62],"tags":[],"class_list":["post-3545","post","type-post","status-publish","format-standard","has-post-thumbnail","hentry","category-agression","category-drogue","category-ille-et-vilaine","category-immigration","category-revue-de-presse"],"relative_dates":{"created":"1 an ago","modified":"1 an ago"},"yoast_head":"<!-- This site is optimized with the Yoast SEO plugin v26.3 - https:\/\/yoast.com\/wordpress\/plugins\/seo\/ -->\n<title>Rennes : un jeune homme de 25 ans poignard\u00e9 dans le quartier multiculturel du Blosne - STOURM<\/title>\n<meta name=\"robots\" content=\"index, follow, max-snippet:-1, max-image-preview:large, max-video-preview:-1\" \/>\n<link rel=\"canonical\" href=\"https:\/\/stourm.news\/?p=3545\" \/>\n<meta property=\"og:locale\" content=\"fr_FR\" \/>\n<meta property=\"og:type\" content=\"article\" \/>\n<meta property=\"og:title\" content=\"Rennes : un jeune homme de 25 ans poignard\u00e9 dans le quartier multiculturel du Blosne - STOURM\" \/>\n<meta property=\"og:description\" content=\"Les faits se sont d\u00e9roul\u00e9s au centre commercial Italie, dans le quartier du Blosne, \u00e0 Rennes, non loin d\u2019un restaurant. Au cours de cette dispute, l\u2019un des deux individus a sorti un couteau et bless\u00e9 gri\u00e8vement, au thorax, son interlocuteur, indique une source polici\u00e8re. La victime a \u00e9t\u00e9 transport\u00e9e au CHU de Rennes par les [&hellip;]\" \/>\n<meta property=\"og:url\" content=\"https:\/\/stourm.news\/?p=3545\" \/>\n<meta property=\"og:site_name\" content=\"STOURM\" \/>\n<meta property=\"article:publisher\" content=\"https:\/\/www.facebook.com\/stourmnews\/\" \/>\n<meta property=\"article:published_time\" content=\"2025-03-05T11:30:05+00:00\" \/>\n<meta name=\"author\" content=\"La r\u00e9daction\" \/>\n<meta name=\"twitter:card\" content=\"summary_large_image\" \/>\n<meta name=\"twitter:label1\" content=\"\u00c9crit par\" \/>\n\t<meta name=\"twitter:data1\" content=\"La r\u00e9daction\" \/>\n\t<meta name=\"twitter:label2\" content=\"Dur\u00e9e de lecture estim\u00e9e\" \/>\n\t<meta name=\"twitter:data2\" content=\"1 minute\" \/>\n<script type=\"application\/ld+json\" class=\"yoast-schema-graph\">{\"@context\":\"https:\/\/schema.org\",\"@graph\":[{\"@type\":\"Article\",\"@id\":\"https:\/\/stourm.news\/?p=3545#article\",\"isPartOf\":{\"@id\":\"https:\/\/stourm.news\/?p=3545\"},\"author\":{\"name\":\"La r\u00e9daction\",\"@id\":\"https:\/\/stourm.news\/#\/schema\/person\/c3e1dc65988632e190969234ef046cf9\"},\"headline\":\"Rennes : un jeune homme de 25 ans poignard\u00e9 dans le quartier multiculturel du Blosne\",\"datePublished\":\"2025-03-05T11:30:05+00:00\",\"mainEntityOfPage\":{\"@id\":\"https:\/\/stourm.news\/?p=3545\"},\"wordCount\":170,\"commentCount\":0,\"publisher\":{\"@id\":\"https:\/\/stourm.news\/#organization\"},\"image\":{\"@id\":\"https:\/\/stourm.news\/?p=3545#primaryimage\"},\"thumbnailUrl\":\"https:\/\/stourm.news\/wp-content\/uploads\/2025\/03\/MjAxNDAxNmYwODAxZGM1NDBhOWQzZTVkNWY4ZTEyYjRkMzc5MmI.avif\",\"articleSection\":[\"Agression\",\"Drogue\",\"Ille-et-Vilaine\",\"Immigration\",\"Revue de presse\"],\"inLanguage\":\"fr-FR\",\"potentialAction\":[{\"@type\":\"CommentAction\",\"name\":\"Comment\",\"target\":[\"https:\/\/stourm.news\/?p=3545#respond\"]}]},{\"@type\":\"WebPage\",\"@id\":\"https:\/\/stourm.news\/?p=3545\",\"url\":\"https:\/\/stourm.news\/?p=3545\",\"name\":\"Rennes : un jeune homme de 25 ans poignard\u00e9 dans le quartier multiculturel du Blosne - STOURM\",\"isPartOf\":{\"@id\":\"https:\/\/stourm.news\/#website\"},\"primaryImageOfPage\":{\"@id\":\"https:\/\/stourm.news\/?p=3545#primaryimage\"},\"image\":{\"@id\":\"https:\/\/stourm.news\/?p=3545#primaryimage\"},\"thumbnailUrl\":\"https:\/\/stourm.news\/wp-content\/uploads\/2025\/03\/MjAxNDAxNmYwODAxZGM1NDBhOWQzZTVkNWY4ZTEyYjRkMzc5MmI.avif\",\"datePublished\":\"2025-03-05T11:30:05+00:00\",\"breadcrumb\":{\"@id\":\"https:\/\/stourm.news\/?p=3545#breadcrumb\"},\"inLanguage\":\"fr-FR\",\"potentialAction\":[{\"@type\":\"ReadAction\",\"target\":[\"https:\/\/stourm.news\/?p=3545\"]}]},{\"@type\":\"ImageObject\",\"inLanguage\":\"fr-FR\",\"@id\":\"https:\/\/stourm.news\/?p=3545#primaryimage\",\"url\":\"https:\/\/stourm.news\/wp-content\/uploads\/2025\/03\/MjAxNDAxNmYwODAxZGM1NDBhOWQzZTVkNWY4ZTEyYjRkMzc5MmI.avif\",\"contentUrl\":\"https:\/\/stourm.news\/wp-content\/uploads\/2025\/03\/MjAxNDAxNmYwODAxZGM1NDBhOWQzZTVkNWY4ZTEyYjRkMzc5MmI.avif\",\"width\":1260,\"height\":708},{\"@type\":\"BreadcrumbList\",\"@id\":\"https:\/\/stourm.news\/?p=3545#breadcrumb\",\"itemListElement\":[{\"@type\":\"ListItem\",\"position\":1,\"name\":\"Accueil\",\"item\":\"https:\/\/stourm.news\/\"},{\"@type\":\"ListItem\",\"position\":2,\"name\":\"Rennes : un jeune homme de 25 ans poignard\u00e9 dans le quartier multiculturel du Blosne\"}]},{\"@type\":\"WebSite\",\"@id\":\"https:\/\/stourm.news\/#website\",\"url\":\"https:\/\/stourm.news\/\",\"name\":\"Stourm\",\"description\":\"Kazetenn Strollad Broadel Breizh\",\"publisher\":{\"@id\":\"https:\/\/stourm.news\/#organization\"},\"potentialAction\":[{\"@type\":\"SearchAction\",\"target\":{\"@type\":\"EntryPoint\",\"urlTemplate\":\"https:\/\/stourm.news\/?s={search_term_string}\"},\"query-input\":{\"@type\":\"PropertyValueSpecification\",\"valueRequired\":true,\"valueName\":\"search_term_string\"}}],\"inLanguage\":\"fr-FR\"},{\"@type\":\"Organization\",\"@id\":\"https:\/\/stourm.news\/#organization\",\"name\":\"Stourm\",\"url\":\"https:\/\/stourm.news\/\",\"logo\":{\"@type\":\"ImageObject\",\"inLanguage\":\"fr-FR\",\"@id\":\"https:\/\/stourm.news\/#\/schema\/logo\/image\/\",\"url\":\"https:\/\/stourm.news\/wp-content\/uploads\/2025\/11\/cropped-Capture-decran-2025-11-28-a-15.19.07.png\",\"contentUrl\":\"https:\/\/stourm.news\/wp-content\/uploads\/2025\/11\/cropped-Capture-decran-2025-11-28-a-15.19.07.png\",\"width\":1855,\"height\":383,\"caption\":\"Stourm\"},\"image\":{\"@id\":\"https:\/\/stourm.news\/#\/schema\/logo\/image\/\"},\"sameAs\":[\"https:\/\/www.facebook.com\/stourmnews\/\"]},{\"@type\":\"Person\",\"@id\":\"https:\/\/stourm.news\/#\/schema\/person\/c3e1dc65988632e190969234ef046cf9\",\"name\":\"La r\u00e9daction\",\"image\":{\"@type\":\"ImageObject\",\"inLanguage\":\"fr-FR\",\"@id\":\"https:\/\/stourm.news\/#\/schema\/person\/image\/\",\"url\":\"https:\/\/secure.gravatar.com\/avatar\/7463443f194b6b5fb706b074ca0ef59a0cfcfd720cb47764b0ec5a952ce422b3?s=96&d=mm&r=g\",\"contentUrl\":\"https:\/\/secure.gravatar.com\/avatar\/7463443f194b6b5fb706b074ca0ef59a0cfcfd720cb47764b0ec5a952ce422b3?s=96&d=mm&r=g\",\"caption\":\"La r\u00e9daction\"},\"sameAs\":[\"https:\/\/stourm.news\"],\"url\":\"https:\/\/stourm.news\/?author=1\"}]}<\/script>\n<!-- \/ Yoast SEO plugin. -->","yoast_head_json":{"title":"Rennes : un jeune homme de 25 ans poignard\u00e9 dans le quartier multiculturel du Blosne - STOURM","robots":{"index":"index","follow":"follow","max-snippet":"max-snippet:-1","max-image-preview":"max-image-preview:large","max-video-preview":"max-video-preview:-1"},"canonical":"https:\/\/stourm.news\/?p=3545","og_locale":"fr_FR","og_type":"article","og_title":"Rennes : un jeune homme de 25 ans poignard\u00e9 dans le quartier multiculturel du Blosne - STOURM","og_description":"Les faits se sont d\u00e9roul\u00e9s au centre commercial Italie, dans le quartier du Blosne, \u00e0 Rennes, non loin d\u2019un restaurant. Au cours de cette dispute, l\u2019un des deux individus a sorti un couteau et bless\u00e9 gri\u00e8vement, au thorax, son interlocuteur, indique une source polici\u00e8re. La victime a \u00e9t\u00e9 transport\u00e9e au CHU de Rennes par les [&hellip;]","og_url":"https:\/\/stourm.news\/?p=3545","og_site_name":"STOURM","article_publisher":"https:\/\/www.facebook.com\/stourmnews\/","article_published_time":"2025-03-05T11:30:05+00:00","author":"La r\u00e9daction","twitter_card":"summary_large_image","twitter_misc":{"\u00c9crit par":"La r\u00e9daction","Dur\u00e9e de lecture estim\u00e9e":"1 minute"},"schema":{"@context":"https:\/\/schema.org","@graph":[{"@type":"Article","@id":"https:\/\/stourm.news\/?p=3545#article","isPartOf":{"@id":"https:\/\/stourm.news\/?p=3545"},"author":{"name":"La r\u00e9daction","@id":"https:\/\/stourm.news\/#\/schema\/person\/c3e1dc65988632e190969234ef046cf9"},"headline":"Rennes : un jeune homme de 25 ans poignard\u00e9 dans le quartier multiculturel du Blosne","datePublished":"2025-03-05T11:30:05+00:00","mainEntityOfPage":{"@id":"https:\/\/stourm.news\/?p=3545"},"wordCount":170,"commentCount":0,"publisher":{"@id":"https:\/\/stourm.news\/#organization"},"image":{"@id":"https:\/\/stourm.news\/?p=3545#primaryimage"},"thumbnailUrl":"https:\/\/stourm.news\/wp-content\/uploads\/2025\/03\/MjAxNDAxNmYwODAxZGM1NDBhOWQzZTVkNWY4ZTEyYjRkMzc5MmI.avif","articleSection":["Agression","Drogue","Ille-et-Vilaine","Immigration","Revue de presse"],"inLanguage":"fr-FR","potentialAction":[{"@type":"CommentAction","name":"Comment","target":["https:\/\/stourm.news\/?p=3545#respond"]}]},{"@type":"WebPage","@id":"https:\/\/stourm.news\/?p=3545","url":"https:\/\/stourm.news\/?p=3545","name":"Rennes : un jeune homme de 25 ans poignard\u00e9 dans le quartier multiculturel du Blosne - STOURM","isPartOf":{"@id":"https:\/\/stourm.news\/#website"},"primaryImageOfPage":{"@id":"https:\/\/stourm.news\/?p=3545#primaryimage"},"image":{"@id":"https:\/\/stourm.news\/?p=3545#primaryimage"},"thumbnailUrl":"https:\/\/stourm.news\/wp-content\/uploads\/2025\/03\/MjAxNDAxNmYwODAxZGM1NDBhOWQzZTVkNWY4ZTEyYjRkMzc5MmI.avif","datePublished":"2025-03-05T11:30:05+00:00","breadcrumb":{"@id":"https:\/\/stourm.news\/?p=3545#breadcrumb"},"inLanguage":"fr-FR","potentialAction":[{"@type":"ReadAction","target":["https:\/\/stourm.news\/?p=3545"]}]},{"@type":"ImageObject","inLanguage":"fr-FR","@id":"https:\/\/stourm.news\/?p=3545#primaryimage","url":"https:\/\/stourm.news\/wp-content\/uploads\/2025\/03\/MjAxNDAxNmYwODAxZGM1NDBhOWQzZTVkNWY4ZTEyYjRkMzc5MmI.avif","contentUrl":"https:\/\/stourm.news\/wp-content\/uploads\/2025\/03\/MjAxNDAxNmYwODAxZGM1NDBhOWQzZTVkNWY4ZTEyYjRkMzc5MmI.avif","width":1260,"height":708},{"@type":"BreadcrumbList","@id":"https:\/\/stourm.news\/?p=3545#breadcrumb","itemListElement":[{"@type":"ListItem","position":1,"name":"Accueil","item":"https:\/\/stourm.news\/"},{"@type":"ListItem","position":2,"name":"Rennes : un jeune homme de 25 ans poignard\u00e9 dans le quartier multiculturel du Blosne"}]},{"@type":"WebSite","@id":"https:\/\/stourm.news\/#website","url":"https:\/\/stourm.news\/","name":"Stourm","description":"Kazetenn Strollad Broadel Breizh","publisher":{"@id":"https:\/\/stourm.news\/#organization"},"potentialAction":[{"@type":"SearchAction","target":{"@type":"EntryPoint","urlTemplate":"https:\/\/stourm.news\/?s={search_term_string}"},"query-input":{"@type":"PropertyValueSpecification","valueRequired":true,"valueName":"search_term_string"}}],"inLanguage":"fr-FR"},{"@type":"Organization","@id":"https:\/\/stourm.news\/#organization","name":"Stourm","url":"https:\/\/stourm.news\/","logo":{"@type":"ImageObject","inLanguage":"fr-FR","@id":"https:\/\/stourm.news\/#\/schema\/logo\/image\/","url":"https:\/\/stourm.news\/wp-content\/uploads\/2025\/11\/cropped-Capture-decran-2025-11-28-a-15.19.07.png","contentUrl":"https:\/\/stourm.news\/wp-content\/uploads\/2025\/11\/cropped-Capture-decran-2025-11-28-a-15.19.07.png","width":1855,"height":383,"caption":"Stourm"},"image":{"@id":"https:\/\/stourm.news\/#\/schema\/logo\/image\/"},"sameAs":["https:\/\/www.facebook.com\/stourmnews\/"]},{"@type":"Person","@id":"https:\/\/stourm.news\/#\/schema\/person\/c3e1dc65988632e190969234ef046cf9","name":"La r\u00e9daction","image":{"@type":"ImageObject","inLanguage":"fr-FR","@id":"https:\/\/stourm.news\/#\/schema\/person\/image\/","url":"https:\/\/secure.gravatar.com\/avatar\/7463443f194b6b5fb706b074ca0ef59a0cfcfd720cb47764b0ec5a952ce422b3?s=96&d=mm&r=g","contentUrl":"https:\/\/secure.gravatar.com\/avatar\/7463443f194b6b5fb706b074ca0ef59a0cfcfd720cb47764b0ec5a952ce422b3?s=96&d=mm&r=g","caption":"La r\u00e9daction"},"sameAs":["https:\/\/stourm.news"],"url":"https:\/\/stourm.news\/?author=1"}]}},"_links":{"self":[{"href":"https:\/\/stourm.news\/index.php?rest_route=\/wp\/v2\/posts\/3545","targetHints":{"allow":["GET"]}}],"collection":[{"href":"https:\/\/stourm.news\/index.php?rest_route=\/wp\/v2\/posts"}],"about":[{"href":"https:\/\/stourm.news\/index.php?rest_route=\/wp\/v2\/types\/post"}],"author":[{"embeddable":true,"href":"https:\/\/stourm.news\/index.php?rest_route=\/wp\/v2\/users\/1"}],"replies":[{"embeddable":true,"href":"https:\/\/stourm.news\/index.php?rest_route=%2Fwp%2Fv2%2Fcomments&post=3545"}],"version-history":[{"count":1,"href":"https:\/\/stourm.news\/index.php?rest_route=\/wp\/v2\/posts\/3545\/revisions"}],"predecessor-version":[{"id":3547,"href":"https:\/\/stourm.news\/index.php?rest_route=\/wp\/v2\/posts\/3545\/revisions\/3547"}],"wp:featuredmedia":[{"embeddable":true,"href":"https:\/\/stourm.news\/index.php?rest_route=\/wp\/v2\/media\/3546"}],"wp:attachment":[{"href":"https:\/\/stourm.news\/index.php?rest_route=%2Fwp%2Fv2%2Fmedia&parent=3545"}],"wp:term":[{"taxonomy":"category","embeddable":true,"href":"https:\/\/stourm.news\/index.php?rest_route=%2Fwp%2Fv2%2Fcategories&post=3545"},{"taxonomy":"post_tag","embeddable":true,"href":"https:\/\/stourm.news\/index.php?rest_route=%2Fwp%2Fv2%2Ftags&post=3545"}],"curies":[{"name":"wp","href":"https:\/\/api.w.org\/{rel}","templated":true}]}}