{"id":3548,"date":"2025-03-05T15:10:22","date_gmt":"2025-03-05T15:10:22","guid":{"rendered":"https:\/\/stourm.news\/?p=3548"},"modified":"2025-03-05T15:10:22","modified_gmt":"2025-03-05T15:10:22","slug":"lallemagne-en-armes-un-budget-historique-pour-une-puissance-militaire-europeenne","status":"publish","type":"post","link":"https:\/\/stourm.news\/?p=3548","title":{"rendered":"L&rsquo;Allemagne en armes : un budget historique pour une puissance militaire europ\u00e9enne"},"content":{"rendered":"<p style=\"text-align: justify;\">Hier, le 4 mars 2025, l&rsquo;Allemagne a franchi une \u00e9tape historique en votant un plan ambitieux de r\u00e9armement qui m\u00e9rite d\u2019\u00eatre salu\u00e9. Ce projet, port\u00e9 par une coalition entre la CDU\/CSU de Friedrich Merz et le SPD, marque un tournant d\u00e9cisif pour faire de l&rsquo;Allemagne <strong>la premi\u00e8re puissance militaire du continent<\/strong>, capable d\u2019organiser et de structurer l\u2019avenir de l\u2019Europe face aux d\u00e9fis g\u00e9opolitiques actuels. Cette d\u00e9cision audacieuse, adopt\u00e9e au Bundestag, t\u00e9moigne d\u2019une volont\u00e9 claire de rompre avec des d\u00e9cennies de retenue militaire pour repositionner Berlin comme un leader incontest\u00e9.<\/p>\n<p style=\"text-align: justify;\">Le plan repose sur la cr\u00e9ation de deux fonds exceptionnels d\u2019investissement, dont l\u2019un, d\u00e9di\u00e9 \u00e0 la d\u00e9fense, atteindrait des montants colossaux, estim\u00e9s entre 200 et 400 milliards d\u2019euros dans un premier temps, avec des perspectives d\u2019extension pouvant fr\u00f4ler les 900 \u00e0 1000 milliards d\u2019euros selon certaines projections. Cet effort financier sans pr\u00e9c\u00e9dent depuis la fin de la Guerre froide vise \u00e0 doter la Bundeswehr de tout ce dont elle a besoin : modernisation des \u00e9quipements, renforcement des effectifs et, surtout, un retour potentiel <strong>du service militaire obligatoire<\/strong>, inspir\u00e9 du mod\u00e8le su\u00e9dois, qui inclurait hommes et femmes d\u00e8s 2025. L\u2019objectif est clair : atteindre un budget de d\u00e9fense annuel de 3 % du PIB, soit environ 130 milliards d\u2019euros par an, d\u00e9passant largement les engagements de l\u2019OTAN.<\/p>\n<p style=\"text-align: justify;\">Ce r\u00e9armement ne se limite pas \u00e0 une simple augmentation des capacit\u00e9s militaires. Il s\u2019accompagne d\u2019une r\u00e9forme constitutionnelle audacieuse pour assouplir le \u00ab frein \u00e0 l\u2019endettement \u00bb, cette r\u00e8gle stricte limitant le d\u00e9ficit \u00e0 0,35 % du PIB. D\u00e9sormais, les d\u00e9penses de d\u00e9fense exc\u00e9dant 1 % du PIB pourront \u00eatre vot\u00e9es sans contrainte, lib\u00e9rant ainsi des ressources massives pour r\u00e9pondre aux menaces, notamment celles venues de l\u2019Est avec la Russie, et \u00e0 un possible d\u00e9sengagement am\u00e9ricain. Un second fonds, destin\u00e9 aux infrastructures et \u00e0 la relance \u00e9conomique, compl\u00e8te ce tableau, montrant une ambition globale de revitaliser l\u2019Allemagne sur tous les fronts.<\/p>\n<p style=\"text-align: justify;\">Saluons cette vision strat\u00e9gique qui place l\u2019Allemagne en architecte d\u2019une Europe forte et unie. Sous la houlette de Friedrich Merz, fra\u00eechement \u00e9lu chancelier apr\u00e8s sa victoire aux l\u00e9gislatives du 23 f\u00e9vrier 2025, Berlin se donne les moyens de redevenir une puissance militaire de premier plan tout en f\u00e9d\u00e9rant le continent. Ce \u00ab quoi qu\u2019il en co\u00fbte \u00bb appliqu\u00e9 \u00e0 la d\u00e9fense, comme l\u2019a proclam\u00e9 Merz, n\u2019est pas seulement une r\u00e9ponse aux dangers actuels, mais une promesse : celle d\u2019une Allemagne qui prend ses responsabilit\u00e9s et organise l\u2019Europe autour d\u2019un projet commun de s\u00e9curit\u00e9 et de prosp\u00e9rit\u00e9. La Bretagne, alli\u00e9e naturelle de l&rsquo;Allemagne, ne peut que se f\u00e9liciter de voir le grand retour g\u00e9opolitique de Berlin en Europe avec la n\u00e9cessaire r\u00e9organisation continentale qu&rsquo;elle implique.<\/p>\n<p style=\"text-align: right;\"><strong>Ewen Broc&rsquo;han<\/strong><\/p>\n","protected":false},"excerpt":{"rendered":"<p>Hier, le 4 mars 2025, l&rsquo;Allemagne a franchi une \u00e9tape historique en votant un plan ambitieux de r\u00e9armement qui m\u00e9rite d\u2019\u00eatre salu\u00e9. Ce projet, port\u00e9 par une coalition entre la CDU\/CSU de Friedrich Merz et le SPD, marque un tournant d\u00e9cisif pour faire de l&rsquo;Allemagne la premi\u00e8re puissance militaire du continent, capable d\u2019organiser et de [&hellip;]<\/p>\n","protected":false},"author":1,"featured_media":3549,"comment_status":"open","ping_status":"open","sticky":false,"template":"","format":"standard","meta":{"sb_editor_width":"","footnotes":""},"categories":[63,66,65],"tags":[],"class_list":["post-3548","post","type-post","status-publish","format-standard","has-post-thumbnail","hentry","category-editorial","category-international","category-principale"],"relative_dates":{"created":"1 an ago","modified":"1 an ago"},"yoast_head":"<!-- This site is optimized with the Yoast SEO plugin v26.3 - https:\/\/yoast.com\/wordpress\/plugins\/seo\/ -->\n<title>L&#039;Allemagne en armes : un budget historique pour une puissance militaire europ\u00e9enne - STOURM<\/title>\n<meta name=\"robots\" content=\"index, follow, max-snippet:-1, max-image-preview:large, max-video-preview:-1\" \/>\n<link rel=\"canonical\" href=\"https:\/\/stourm.news\/?p=3548\" \/>\n<meta property=\"og:locale\" content=\"fr_FR\" \/>\n<meta property=\"og:type\" content=\"article\" \/>\n<meta property=\"og:title\" content=\"L&#039;Allemagne en armes : un budget historique pour une puissance militaire europ\u00e9enne - STOURM\" \/>\n<meta property=\"og:description\" content=\"Hier, le 4 mars 2025, l&rsquo;Allemagne a franchi une \u00e9tape historique en votant un plan ambitieux de r\u00e9armement qui m\u00e9rite d\u2019\u00eatre salu\u00e9. Ce projet, port\u00e9 par une coalition entre la CDU\/CSU de Friedrich Merz et le SPD, marque un tournant d\u00e9cisif pour faire de l&rsquo;Allemagne la premi\u00e8re puissance militaire du continent, capable d\u2019organiser et de [&hellip;]\" \/>\n<meta property=\"og:url\" content=\"https:\/\/stourm.news\/?p=3548\" \/>\n<meta property=\"og:site_name\" content=\"STOURM\" \/>\n<meta property=\"article:publisher\" content=\"https:\/\/www.facebook.com\/stourmnews\/\" \/>\n<meta property=\"article:published_time\" content=\"2025-03-05T15:10:22+00:00\" \/>\n<meta name=\"author\" content=\"La r\u00e9daction\" \/>\n<meta name=\"twitter:card\" content=\"summary_large_image\" \/>\n<meta name=\"twitter:label1\" content=\"\u00c9crit par\" \/>\n\t<meta name=\"twitter:data1\" content=\"La r\u00e9daction\" \/>\n\t<meta name=\"twitter:label2\" content=\"Dur\u00e9e de lecture estim\u00e9e\" \/>\n\t<meta name=\"twitter:data2\" content=\"3 minutes\" \/>\n<script type=\"application\/ld+json\" class=\"yoast-schema-graph\">{\"@context\":\"https:\/\/schema.org\",\"@graph\":[{\"@type\":\"Article\",\"@id\":\"https:\/\/stourm.news\/?p=3548#article\",\"isPartOf\":{\"@id\":\"https:\/\/stourm.news\/?p=3548\"},\"author\":{\"name\":\"La r\u00e9daction\",\"@id\":\"https:\/\/stourm.news\/#\/schema\/person\/c3e1dc65988632e190969234ef046cf9\"},\"headline\":\"L&rsquo;Allemagne en armes : un budget historique pour une puissance militaire europ\u00e9enne\",\"datePublished\":\"2025-03-05T15:10:22+00:00\",\"mainEntityOfPage\":{\"@id\":\"https:\/\/stourm.news\/?p=3548\"},\"wordCount\":510,\"commentCount\":0,\"publisher\":{\"@id\":\"https:\/\/stourm.news\/#organization\"},\"image\":{\"@id\":\"https:\/\/stourm.news\/?p=3548#primaryimage\"},\"thumbnailUrl\":\"https:\/\/stourm.news\/wp-content\/uploads\/2025\/03\/HGW7A45EWFADVL635HUFBLCHXQ-scaled.avif\",\"articleSection\":[\"Editorial\",\"International\",\"Principale\"],\"inLanguage\":\"fr-FR\",\"potentialAction\":[{\"@type\":\"CommentAction\",\"name\":\"Comment\",\"target\":[\"https:\/\/stourm.news\/?p=3548#respond\"]}]},{\"@type\":\"WebPage\",\"@id\":\"https:\/\/stourm.news\/?p=3548\",\"url\":\"https:\/\/stourm.news\/?p=3548\",\"name\":\"L'Allemagne en armes : un budget historique pour une puissance militaire europ\u00e9enne - STOURM\",\"isPartOf\":{\"@id\":\"https:\/\/stourm.news\/#website\"},\"primaryImageOfPage\":{\"@id\":\"https:\/\/stourm.news\/?p=3548#primaryimage\"},\"image\":{\"@id\":\"https:\/\/stourm.news\/?p=3548#primaryimage\"},\"thumbnailUrl\":\"https:\/\/stourm.news\/wp-content\/uploads\/2025\/03\/HGW7A45EWFADVL635HUFBLCHXQ-scaled.avif\",\"datePublished\":\"2025-03-05T15:10:22+00:00\",\"breadcrumb\":{\"@id\":\"https:\/\/stourm.news\/?p=3548#breadcrumb\"},\"inLanguage\":\"fr-FR\",\"potentialAction\":[{\"@type\":\"ReadAction\",\"target\":[\"https:\/\/stourm.news\/?p=3548\"]}]},{\"@type\":\"ImageObject\",\"inLanguage\":\"fr-FR\",\"@id\":\"https:\/\/stourm.news\/?p=3548#primaryimage\",\"url\":\"https:\/\/stourm.news\/wp-content\/uploads\/2025\/03\/HGW7A45EWFADVL635HUFBLCHXQ-scaled.avif\",\"contentUrl\":\"https:\/\/stourm.news\/wp-content\/uploads\/2025\/03\/HGW7A45EWFADVL635HUFBLCHXQ-scaled.avif\",\"width\":2560,\"height\":1703},{\"@type\":\"BreadcrumbList\",\"@id\":\"https:\/\/stourm.news\/?p=3548#breadcrumb\",\"itemListElement\":[{\"@type\":\"ListItem\",\"position\":1,\"name\":\"Accueil\",\"item\":\"https:\/\/stourm.news\/\"},{\"@type\":\"ListItem\",\"position\":2,\"name\":\"L&rsquo;Allemagne en armes : un budget historique pour une puissance militaire europ\u00e9enne\"}]},{\"@type\":\"WebSite\",\"@id\":\"https:\/\/stourm.news\/#website\",\"url\":\"https:\/\/stourm.news\/\",\"name\":\"Stourm\",\"description\":\"Kazetenn Strollad Broadel Breizh\",\"publisher\":{\"@id\":\"https:\/\/stourm.news\/#organization\"},\"potentialAction\":[{\"@type\":\"SearchAction\",\"target\":{\"@type\":\"EntryPoint\",\"urlTemplate\":\"https:\/\/stourm.news\/?s={search_term_string}\"},\"query-input\":{\"@type\":\"PropertyValueSpecification\",\"valueRequired\":true,\"valueName\":\"search_term_string\"}}],\"inLanguage\":\"fr-FR\"},{\"@type\":\"Organization\",\"@id\":\"https:\/\/stourm.news\/#organization\",\"name\":\"Stourm\",\"url\":\"https:\/\/stourm.news\/\",\"logo\":{\"@type\":\"ImageObject\",\"inLanguage\":\"fr-FR\",\"@id\":\"https:\/\/stourm.news\/#\/schema\/logo\/image\/\",\"url\":\"https:\/\/stourm.news\/wp-content\/uploads\/2025\/11\/cropped-Capture-decran-2025-11-28-a-15.19.07.png\",\"contentUrl\":\"https:\/\/stourm.news\/wp-content\/uploads\/2025\/11\/cropped-Capture-decran-2025-11-28-a-15.19.07.png\",\"width\":1855,\"height\":383,\"caption\":\"Stourm\"},\"image\":{\"@id\":\"https:\/\/stourm.news\/#\/schema\/logo\/image\/\"},\"sameAs\":[\"https:\/\/www.facebook.com\/stourmnews\/\"]},{\"@type\":\"Person\",\"@id\":\"https:\/\/stourm.news\/#\/schema\/person\/c3e1dc65988632e190969234ef046cf9\",\"name\":\"La r\u00e9daction\",\"image\":{\"@type\":\"ImageObject\",\"inLanguage\":\"fr-FR\",\"@id\":\"https:\/\/stourm.news\/#\/schema\/person\/image\/\",\"url\":\"https:\/\/secure.gravatar.com\/avatar\/7463443f194b6b5fb706b074ca0ef59a0cfcfd720cb47764b0ec5a952ce422b3?s=96&d=mm&r=g\",\"contentUrl\":\"https:\/\/secure.gravatar.com\/avatar\/7463443f194b6b5fb706b074ca0ef59a0cfcfd720cb47764b0ec5a952ce422b3?s=96&d=mm&r=g\",\"caption\":\"La r\u00e9daction\"},\"sameAs\":[\"https:\/\/stourm.news\"],\"url\":\"https:\/\/stourm.news\/?author=1\"}]}<\/script>\n<!-- \/ Yoast SEO plugin. -->","yoast_head_json":{"title":"L'Allemagne en armes : un budget historique pour une puissance militaire europ\u00e9enne - STOURM","robots":{"index":"index","follow":"follow","max-snippet":"max-snippet:-1","max-image-preview":"max-image-preview:large","max-video-preview":"max-video-preview:-1"},"canonical":"https:\/\/stourm.news\/?p=3548","og_locale":"fr_FR","og_type":"article","og_title":"L'Allemagne en armes : un budget historique pour une puissance militaire europ\u00e9enne - STOURM","og_description":"Hier, le 4 mars 2025, l&rsquo;Allemagne a franchi une \u00e9tape historique en votant un plan ambitieux de r\u00e9armement qui m\u00e9rite d\u2019\u00eatre salu\u00e9. Ce projet, port\u00e9 par une coalition entre la CDU\/CSU de Friedrich Merz et le SPD, marque un tournant d\u00e9cisif pour faire de l&rsquo;Allemagne la premi\u00e8re puissance militaire du continent, capable d\u2019organiser et de [&hellip;]","og_url":"https:\/\/stourm.news\/?p=3548","og_site_name":"STOURM","article_publisher":"https:\/\/www.facebook.com\/stourmnews\/","article_published_time":"2025-03-05T15:10:22+00:00","author":"La r\u00e9daction","twitter_card":"summary_large_image","twitter_misc":{"\u00c9crit par":"La r\u00e9daction","Dur\u00e9e de lecture estim\u00e9e":"3 minutes"},"schema":{"@context":"https:\/\/schema.org","@graph":[{"@type":"Article","@id":"https:\/\/stourm.news\/?p=3548#article","isPartOf":{"@id":"https:\/\/stourm.news\/?p=3548"},"author":{"name":"La r\u00e9daction","@id":"https:\/\/stourm.news\/#\/schema\/person\/c3e1dc65988632e190969234ef046cf9"},"headline":"L&rsquo;Allemagne en armes : un budget historique pour une puissance militaire europ\u00e9enne","datePublished":"2025-03-05T15:10:22+00:00","mainEntityOfPage":{"@id":"https:\/\/stourm.news\/?p=3548"},"wordCount":510,"commentCount":0,"publisher":{"@id":"https:\/\/stourm.news\/#organization"},"image":{"@id":"https:\/\/stourm.news\/?p=3548#primaryimage"},"thumbnailUrl":"https:\/\/stourm.news\/wp-content\/uploads\/2025\/03\/HGW7A45EWFADVL635HUFBLCHXQ-scaled.avif","articleSection":["Editorial","International","Principale"],"inLanguage":"fr-FR","potentialAction":[{"@type":"CommentAction","name":"Comment","target":["https:\/\/stourm.news\/?p=3548#respond"]}]},{"@type":"WebPage","@id":"https:\/\/stourm.news\/?p=3548","url":"https:\/\/stourm.news\/?p=3548","name":"L'Allemagne en armes : un budget historique pour une puissance militaire europ\u00e9enne - STOURM","isPartOf":{"@id":"https:\/\/stourm.news\/#website"},"primaryImageOfPage":{"@id":"https:\/\/stourm.news\/?p=3548#primaryimage"},"image":{"@id":"https:\/\/stourm.news\/?p=3548#primaryimage"},"thumbnailUrl":"https:\/\/stourm.news\/wp-content\/uploads\/2025\/03\/HGW7A45EWFADVL635HUFBLCHXQ-scaled.avif","datePublished":"2025-03-05T15:10:22+00:00","breadcrumb":{"@id":"https:\/\/stourm.news\/?p=3548#breadcrumb"},"inLanguage":"fr-FR","potentialAction":[{"@type":"ReadAction","target":["https:\/\/stourm.news\/?p=3548"]}]},{"@type":"ImageObject","inLanguage":"fr-FR","@id":"https:\/\/stourm.news\/?p=3548#primaryimage","url":"https:\/\/stourm.news\/wp-content\/uploads\/2025\/03\/HGW7A45EWFADVL635HUFBLCHXQ-scaled.avif","contentUrl":"https:\/\/stourm.news\/wp-content\/uploads\/2025\/03\/HGW7A45EWFADVL635HUFBLCHXQ-scaled.avif","width":2560,"height":1703},{"@type":"BreadcrumbList","@id":"https:\/\/stourm.news\/?p=3548#breadcrumb","itemListElement":[{"@type":"ListItem","position":1,"name":"Accueil","item":"https:\/\/stourm.news\/"},{"@type":"ListItem","position":2,"name":"L&rsquo;Allemagne en armes : un budget historique pour une puissance militaire europ\u00e9enne"}]},{"@type":"WebSite","@id":"https:\/\/stourm.news\/#website","url":"https:\/\/stourm.news\/","name":"Stourm","description":"Kazetenn Strollad Broadel Breizh","publisher":{"@id":"https:\/\/stourm.news\/#organization"},"potentialAction":[{"@type":"SearchAction","target":{"@type":"EntryPoint","urlTemplate":"https:\/\/stourm.news\/?s={search_term_string}"},"query-input":{"@type":"PropertyValueSpecification","valueRequired":true,"valueName":"search_term_string"}}],"inLanguage":"fr-FR"},{"@type":"Organization","@id":"https:\/\/stourm.news\/#organization","name":"Stourm","url":"https:\/\/stourm.news\/","logo":{"@type":"ImageObject","inLanguage":"fr-FR","@id":"https:\/\/stourm.news\/#\/schema\/logo\/image\/","url":"https:\/\/stourm.news\/wp-content\/uploads\/2025\/11\/cropped-Capture-decran-2025-11-28-a-15.19.07.png","contentUrl":"https:\/\/stourm.news\/wp-content\/uploads\/2025\/11\/cropped-Capture-decran-2025-11-28-a-15.19.07.png","width":1855,"height":383,"caption":"Stourm"},"image":{"@id":"https:\/\/stourm.news\/#\/schema\/logo\/image\/"},"sameAs":["https:\/\/www.facebook.com\/stourmnews\/"]},{"@type":"Person","@id":"https:\/\/stourm.news\/#\/schema\/person\/c3e1dc65988632e190969234ef046cf9","name":"La r\u00e9daction","image":{"@type":"ImageObject","inLanguage":"fr-FR","@id":"https:\/\/stourm.news\/#\/schema\/person\/image\/","url":"https:\/\/secure.gravatar.com\/avatar\/7463443f194b6b5fb706b074ca0ef59a0cfcfd720cb47764b0ec5a952ce422b3?s=96&d=mm&r=g","contentUrl":"https:\/\/secure.gravatar.com\/avatar\/7463443f194b6b5fb706b074ca0ef59a0cfcfd720cb47764b0ec5a952ce422b3?s=96&d=mm&r=g","caption":"La r\u00e9daction"},"sameAs":["https:\/\/stourm.news"],"url":"https:\/\/stourm.news\/?author=1"}]}},"_links":{"self":[{"href":"https:\/\/stourm.news\/index.php?rest_route=\/wp\/v2\/posts\/3548","targetHints":{"allow":["GET"]}}],"collection":[{"href":"https:\/\/stourm.news\/index.php?rest_route=\/wp\/v2\/posts"}],"about":[{"href":"https:\/\/stourm.news\/index.php?rest_route=\/wp\/v2\/types\/post"}],"author":[{"embeddable":true,"href":"https:\/\/stourm.news\/index.php?rest_route=\/wp\/v2\/users\/1"}],"replies":[{"embeddable":true,"href":"https:\/\/stourm.news\/index.php?rest_route=%2Fwp%2Fv2%2Fcomments&post=3548"}],"version-history":[{"count":1,"href":"https:\/\/stourm.news\/index.php?rest_route=\/wp\/v2\/posts\/3548\/revisions"}],"predecessor-version":[{"id":3550,"href":"https:\/\/stourm.news\/index.php?rest_route=\/wp\/v2\/posts\/3548\/revisions\/3550"}],"wp:featuredmedia":[{"embeddable":true,"href":"https:\/\/stourm.news\/index.php?rest_route=\/wp\/v2\/media\/3549"}],"wp:attachment":[{"href":"https:\/\/stourm.news\/index.php?rest_route=%2Fwp%2Fv2%2Fmedia&parent=3548"}],"wp:term":[{"taxonomy":"category","embeddable":true,"href":"https:\/\/stourm.news\/index.php?rest_route=%2Fwp%2Fv2%2Fcategories&post=3548"},{"taxonomy":"post_tag","embeddable":true,"href":"https:\/\/stourm.news\/index.php?rest_route=%2Fwp%2Fv2%2Ftags&post=3548"}],"curies":[{"name":"wp","href":"https:\/\/api.w.org\/{rel}","templated":true}]}}