{"id":3555,"date":"2025-03-06T16:35:42","date_gmt":"2025-03-06T16:35:42","guid":{"rendered":"https:\/\/stourm.news\/?p=3555"},"modified":"2025-03-06T16:35:42","modified_gmt":"2025-03-06T16:35:42","slug":"brieg-guerveno-devoile-un-noz-a-vo-une-odyssee-bretonne-entre-ombre-et-lumiere","status":"publish","type":"post","link":"https:\/\/stourm.news\/?p=3555","title":{"rendered":"Brieg Guerveno d\u00e9voile &lsquo;Un noz a vo&rsquo; : une odyss\u00e9e bretonne entre ombre et lumi\u00e8re"},"content":{"rendered":"<p style=\"text-align: justify;\">Auteur-compositeur-interpr\u00e8te et guitariste breton, n\u00e9 en 1982 \u00e0 Saint-Brieuc, Brieg Guerveno est bretonnant de naissance, il se distingue par son approche unique qui m\u00eale la langue bretonne \u00e0 des sonorit\u00e9s rock, m\u00e9tal, folk et progressives. Autodidacte \u00e0 la guitare \u00e9lectrique, influenc\u00e9 d\u00e8s son adolescence par le rock et le m\u00e9tal, il a \u00e9galement \u00e9t\u00e9 marqu\u00e9 par la richesse de la musique traditionnelle bretonne. D\u00e8s l\u2019\u00e2ge de 8 ans, il int\u00e8gre le bagad Pa\u00f1vrid (C\u00f4tes-d\u2019Armor) pour apprendre la caisse-claire, ce qui ancre profond\u00e9ment son lien avec la culture bretonne.<\/p>\n<p style=\"text-align: justify;\">Sa carri\u00e8re musicale d\u00e9bute r\u00e9ellement dans les ann\u00e9es 1990 avec des groupes de m\u00e9tal, notamment \u00e0 14 ans dans \u00c9clipses, puis en 1997 avec la fondation du groupe de black metal Operarcanes. En 2006, il se lance en solo sous son propre nom, enregistrant une premi\u00e8re maquette, SedeR, qui re\u00e7oit les \u00e9loges de figures comme Alan Stivell. Ce projet folk-rock en breton lui permet de remporter le prix de la cr\u00e9ation au tremplin An Taol-La\u00f1s, puis de repr\u00e9senter la Bretagne au Pan Celtic Festival en Irlande en 2007, o\u00f9 il d\u00e9croche la troisi\u00e8me place.<\/p>\n<p style=\"text-align: justify;\">Son premier album, Nozio\u00f9 \/ Deio\u00f9 (2011), compile ses premi\u00e8res compositions. En 2012, il forme un trio avec Xavier Soulabail et Joachim Blanchet, orientant son style vers un rock plus affirm\u00e9 avec l\u2019EP Bleunio\u00f9 an distruj, \u00e9lu meilleur disque en breton de l\u2019ann\u00e9e 2013 aux Prizio\u00f9. Suivent Ar Bed Kloz (2014), inspir\u00e9 du rock progressif des ann\u00e9es 70, et Valgori (2016), plus sombre, o\u00f9 il int\u00e8gre le guitariste \u00c9ric Cervera, passant au quatuor. En 2021, avec Vel Ma Vin, Brieg Guerveno op\u00e8re un virage vers un folk d\u00e9pouill\u00e9 et introspectif, salu\u00e9 pour sa profondeur et ses arrangements subtils.<\/p>\n<p style=\"text-align: justify;\">En 2025, il annonce la sortie de son nouvel album, Un noz a vo, pr\u00e9vue pour le 16 mai, dont le premier extrait, Kalon Flamm, est d\u00e9voil\u00e9 le 7 mars, accompagn\u00e9 d\u2019un clip anim\u00e9 r\u00e9alis\u00e9 par Gwendal Stephan. Toujours fid\u00e8le \u00e0 la langue bretonne, Brieg Guerveno continue d\u2019explorer des univers musicaux vari\u00e9s, oscillant entre m\u00e9lancolie brute et \u00e9clats lumineux, tout en portant haut l\u2019h\u00e9ritage culturel de la Bretagne.<\/p>\n<blockquote class=\"twitter-tweet\">\n<p dir=\"ltr\" lang=\"fr\">C&rsquo;est aujourd&rsquo;hui que sort \u00ab\u00a0Kalon Flamm\u00a0\u00bb premier extrait de mon nouvel album \u00ab\u00a0Un noz a vo\u00a0\u00bb qui sortira le 16 mai.<br \/>\nIl est accessible sur toutes les plateformes et est accompagn\u00e9 d&rsquo;un clip anim\u00e9 r\u00e9alis\u00e9 par Gwendal Stephan<a href=\"https:\/\/t.co\/ETC2u76UaB\">https:\/\/t.co\/ETC2u76UaB<\/a> <a href=\"https:\/\/t.co\/oUVcfsIHJx\">pic.twitter.com\/oUVcfsIHJx<\/a><\/p>\n<p>\u2014 BRIEG GUERVENO (@BriegGuerveno) <a href=\"https:\/\/twitter.com\/BriegGuerveno\/status\/1897678720514543940?ref_src=twsrc%5Etfw\">March 6, 2025<\/a><\/p><\/blockquote>\n<p><script async src=\"https:\/\/platform.twitter.com\/widgets.js\" charset=\"utf-8\"><\/script><\/p>\n","protected":false},"excerpt":{"rendered":"<p>Auteur-compositeur-interpr\u00e8te et guitariste breton, n\u00e9 en 1982 \u00e0 Saint-Brieuc, Brieg Guerveno est bretonnant de naissance, il se distingue par son approche unique qui m\u00eale la langue bretonne \u00e0 des sonorit\u00e9s rock, m\u00e9tal, folk et progressives. Autodidacte \u00e0 la guitare \u00e9lectrique, influenc\u00e9 d\u00e8s son adolescence par le rock et le m\u00e9tal, il a \u00e9galement \u00e9t\u00e9 marqu\u00e9 [&hellip;]<\/p>\n","protected":false},"author":1,"featured_media":3556,"comment_status":"open","ping_status":"open","sticky":false,"template":"","format":"standard","meta":{"sb_editor_width":"","footnotes":""},"categories":[58,43,65],"tags":[],"class_list":["post-3555","post","type-post","status-publish","format-standard","has-post-thumbnail","hentry","category-breizh","category-culture-bretonne","category-principale"],"relative_dates":{"created":"1 an ago","modified":"1 an ago"},"yoast_head":"<!-- This site is optimized with the Yoast SEO plugin v26.3 - https:\/\/yoast.com\/wordpress\/plugins\/seo\/ -->\n<title>Brieg Guerveno d\u00e9voile &#039;Un noz a vo&#039; : une odyss\u00e9e bretonne entre ombre et lumi\u00e8re - STOURM<\/title>\n<meta name=\"robots\" content=\"index, follow, max-snippet:-1, max-image-preview:large, max-video-preview:-1\" \/>\n<link rel=\"canonical\" href=\"https:\/\/stourm.news\/?p=3555\" \/>\n<meta property=\"og:locale\" content=\"fr_FR\" \/>\n<meta property=\"og:type\" content=\"article\" \/>\n<meta property=\"og:title\" content=\"Brieg Guerveno d\u00e9voile &#039;Un noz a vo&#039; : une odyss\u00e9e bretonne entre ombre et lumi\u00e8re - STOURM\" \/>\n<meta property=\"og:description\" content=\"Auteur-compositeur-interpr\u00e8te et guitariste breton, n\u00e9 en 1982 \u00e0 Saint-Brieuc, Brieg Guerveno est bretonnant de naissance, il se distingue par son approche unique qui m\u00eale la langue bretonne \u00e0 des sonorit\u00e9s rock, m\u00e9tal, folk et progressives. Autodidacte \u00e0 la guitare \u00e9lectrique, influenc\u00e9 d\u00e8s son adolescence par le rock et le m\u00e9tal, il a \u00e9galement \u00e9t\u00e9 marqu\u00e9 [&hellip;]\" \/>\n<meta property=\"og:url\" content=\"https:\/\/stourm.news\/?p=3555\" \/>\n<meta property=\"og:site_name\" content=\"STOURM\" \/>\n<meta property=\"article:publisher\" content=\"https:\/\/www.facebook.com\/stourmnews\/\" \/>\n<meta property=\"article:published_time\" content=\"2025-03-06T16:35:42+00:00\" \/>\n<meta property=\"og:image\" content=\"https:\/\/stourm.news\/wp-content\/uploads\/2025\/03\/Festival_des_Vieilles_Charrues_2021_-_Brieg_Guerveno_-_009.jpg\" \/>\n\t<meta property=\"og:image:width\" content=\"2560\" \/>\n\t<meta property=\"og:image:height\" content=\"1707\" \/>\n\t<meta property=\"og:image:type\" content=\"image\/jpeg\" \/>\n<meta name=\"author\" content=\"La r\u00e9daction\" \/>\n<meta name=\"twitter:card\" content=\"summary_large_image\" \/>\n<meta name=\"twitter:label1\" content=\"\u00c9crit par\" \/>\n\t<meta name=\"twitter:data1\" content=\"La r\u00e9daction\" \/>\n\t<meta name=\"twitter:label2\" content=\"Dur\u00e9e de lecture estim\u00e9e\" \/>\n\t<meta name=\"twitter:data2\" content=\"2 minutes\" \/>\n<script type=\"application\/ld+json\" class=\"yoast-schema-graph\">{\"@context\":\"https:\/\/schema.org\",\"@graph\":[{\"@type\":\"Article\",\"@id\":\"https:\/\/stourm.news\/?p=3555#article\",\"isPartOf\":{\"@id\":\"https:\/\/stourm.news\/?p=3555\"},\"author\":{\"name\":\"La r\u00e9daction\",\"@id\":\"https:\/\/stourm.news\/#\/schema\/person\/c3e1dc65988632e190969234ef046cf9\"},\"headline\":\"Brieg Guerveno d\u00e9voile &lsquo;Un noz a vo&rsquo; : une odyss\u00e9e bretonne entre ombre et lumi\u00e8re\",\"datePublished\":\"2025-03-06T16:35:42+00:00\",\"mainEntityOfPage\":{\"@id\":\"https:\/\/stourm.news\/?p=3555\"},\"wordCount\":439,\"commentCount\":0,\"publisher\":{\"@id\":\"https:\/\/stourm.news\/#organization\"},\"image\":{\"@id\":\"https:\/\/stourm.news\/?p=3555#primaryimage\"},\"thumbnailUrl\":\"https:\/\/stourm.news\/wp-content\/uploads\/2025\/03\/Festival_des_Vieilles_Charrues_2021_-_Brieg_Guerveno_-_009.jpg\",\"articleSection\":[\"Breizh\",\"Culture bretonne\",\"Principale\"],\"inLanguage\":\"fr-FR\",\"potentialAction\":[{\"@type\":\"CommentAction\",\"name\":\"Comment\",\"target\":[\"https:\/\/stourm.news\/?p=3555#respond\"]}]},{\"@type\":\"WebPage\",\"@id\":\"https:\/\/stourm.news\/?p=3555\",\"url\":\"https:\/\/stourm.news\/?p=3555\",\"name\":\"Brieg Guerveno d\u00e9voile 'Un noz a vo' : une odyss\u00e9e bretonne entre ombre et lumi\u00e8re - STOURM\",\"isPartOf\":{\"@id\":\"https:\/\/stourm.news\/#website\"},\"primaryImageOfPage\":{\"@id\":\"https:\/\/stourm.news\/?p=3555#primaryimage\"},\"image\":{\"@id\":\"https:\/\/stourm.news\/?p=3555#primaryimage\"},\"thumbnailUrl\":\"https:\/\/stourm.news\/wp-content\/uploads\/2025\/03\/Festival_des_Vieilles_Charrues_2021_-_Brieg_Guerveno_-_009.jpg\",\"datePublished\":\"2025-03-06T16:35:42+00:00\",\"breadcrumb\":{\"@id\":\"https:\/\/stourm.news\/?p=3555#breadcrumb\"},\"inLanguage\":\"fr-FR\",\"potentialAction\":[{\"@type\":\"ReadAction\",\"target\":[\"https:\/\/stourm.news\/?p=3555\"]}]},{\"@type\":\"ImageObject\",\"inLanguage\":\"fr-FR\",\"@id\":\"https:\/\/stourm.news\/?p=3555#primaryimage\",\"url\":\"https:\/\/stourm.news\/wp-content\/uploads\/2025\/03\/Festival_des_Vieilles_Charrues_2021_-_Brieg_Guerveno_-_009.jpg\",\"contentUrl\":\"https:\/\/stourm.news\/wp-content\/uploads\/2025\/03\/Festival_des_Vieilles_Charrues_2021_-_Brieg_Guerveno_-_009.jpg\",\"width\":2560,\"height\":1707},{\"@type\":\"BreadcrumbList\",\"@id\":\"https:\/\/stourm.news\/?p=3555#breadcrumb\",\"itemListElement\":[{\"@type\":\"ListItem\",\"position\":1,\"name\":\"Accueil\",\"item\":\"https:\/\/stourm.news\/\"},{\"@type\":\"ListItem\",\"position\":2,\"name\":\"Brieg Guerveno d\u00e9voile &lsquo;Un noz a vo&rsquo; : une odyss\u00e9e bretonne entre ombre et lumi\u00e8re\"}]},{\"@type\":\"WebSite\",\"@id\":\"https:\/\/stourm.news\/#website\",\"url\":\"https:\/\/stourm.news\/\",\"name\":\"Stourm\",\"description\":\"Kazetenn Strollad Broadel Breizh\",\"publisher\":{\"@id\":\"https:\/\/stourm.news\/#organization\"},\"potentialAction\":[{\"@type\":\"SearchAction\",\"target\":{\"@type\":\"EntryPoint\",\"urlTemplate\":\"https:\/\/stourm.news\/?s={search_term_string}\"},\"query-input\":{\"@type\":\"PropertyValueSpecification\",\"valueRequired\":true,\"valueName\":\"search_term_string\"}}],\"inLanguage\":\"fr-FR\"},{\"@type\":\"Organization\",\"@id\":\"https:\/\/stourm.news\/#organization\",\"name\":\"Stourm\",\"url\":\"https:\/\/stourm.news\/\",\"logo\":{\"@type\":\"ImageObject\",\"inLanguage\":\"fr-FR\",\"@id\":\"https:\/\/stourm.news\/#\/schema\/logo\/image\/\",\"url\":\"https:\/\/stourm.news\/wp-content\/uploads\/2025\/11\/cropped-Capture-decran-2025-11-28-a-15.19.07.png\",\"contentUrl\":\"https:\/\/stourm.news\/wp-content\/uploads\/2025\/11\/cropped-Capture-decran-2025-11-28-a-15.19.07.png\",\"width\":1855,\"height\":383,\"caption\":\"Stourm\"},\"image\":{\"@id\":\"https:\/\/stourm.news\/#\/schema\/logo\/image\/\"},\"sameAs\":[\"https:\/\/www.facebook.com\/stourmnews\/\"]},{\"@type\":\"Person\",\"@id\":\"https:\/\/stourm.news\/#\/schema\/person\/c3e1dc65988632e190969234ef046cf9\",\"name\":\"La r\u00e9daction\",\"image\":{\"@type\":\"ImageObject\",\"inLanguage\":\"fr-FR\",\"@id\":\"https:\/\/stourm.news\/#\/schema\/person\/image\/\",\"url\":\"https:\/\/secure.gravatar.com\/avatar\/7463443f194b6b5fb706b074ca0ef59a0cfcfd720cb47764b0ec5a952ce422b3?s=96&d=mm&r=g\",\"contentUrl\":\"https:\/\/secure.gravatar.com\/avatar\/7463443f194b6b5fb706b074ca0ef59a0cfcfd720cb47764b0ec5a952ce422b3?s=96&d=mm&r=g\",\"caption\":\"La r\u00e9daction\"},\"sameAs\":[\"https:\/\/stourm.news\"],\"url\":\"https:\/\/stourm.news\/?author=1\"}]}<\/script>\n<!-- \/ Yoast SEO plugin. -->","yoast_head_json":{"title":"Brieg Guerveno d\u00e9voile 'Un noz a vo' : une odyss\u00e9e bretonne entre ombre et lumi\u00e8re - STOURM","robots":{"index":"index","follow":"follow","max-snippet":"max-snippet:-1","max-image-preview":"max-image-preview:large","max-video-preview":"max-video-preview:-1"},"canonical":"https:\/\/stourm.news\/?p=3555","og_locale":"fr_FR","og_type":"article","og_title":"Brieg Guerveno d\u00e9voile 'Un noz a vo' : une odyss\u00e9e bretonne entre ombre et lumi\u00e8re - STOURM","og_description":"Auteur-compositeur-interpr\u00e8te et guitariste breton, n\u00e9 en 1982 \u00e0 Saint-Brieuc, Brieg Guerveno est bretonnant de naissance, il se distingue par son approche unique qui m\u00eale la langue bretonne \u00e0 des sonorit\u00e9s rock, m\u00e9tal, folk et progressives. Autodidacte \u00e0 la guitare \u00e9lectrique, influenc\u00e9 d\u00e8s son adolescence par le rock et le m\u00e9tal, il a \u00e9galement \u00e9t\u00e9 marqu\u00e9 [&hellip;]","og_url":"https:\/\/stourm.news\/?p=3555","og_site_name":"STOURM","article_publisher":"https:\/\/www.facebook.com\/stourmnews\/","article_published_time":"2025-03-06T16:35:42+00:00","og_image":[{"width":2560,"height":1707,"url":"https:\/\/stourm.news\/wp-content\/uploads\/2025\/03\/Festival_des_Vieilles_Charrues_2021_-_Brieg_Guerveno_-_009.jpg","type":"image\/jpeg"}],"author":"La r\u00e9daction","twitter_card":"summary_large_image","twitter_misc":{"\u00c9crit par":"La r\u00e9daction","Dur\u00e9e de lecture estim\u00e9e":"2 minutes"},"schema":{"@context":"https:\/\/schema.org","@graph":[{"@type":"Article","@id":"https:\/\/stourm.news\/?p=3555#article","isPartOf":{"@id":"https:\/\/stourm.news\/?p=3555"},"author":{"name":"La r\u00e9daction","@id":"https:\/\/stourm.news\/#\/schema\/person\/c3e1dc65988632e190969234ef046cf9"},"headline":"Brieg Guerveno d\u00e9voile &lsquo;Un noz a vo&rsquo; : une odyss\u00e9e bretonne entre ombre et lumi\u00e8re","datePublished":"2025-03-06T16:35:42+00:00","mainEntityOfPage":{"@id":"https:\/\/stourm.news\/?p=3555"},"wordCount":439,"commentCount":0,"publisher":{"@id":"https:\/\/stourm.news\/#organization"},"image":{"@id":"https:\/\/stourm.news\/?p=3555#primaryimage"},"thumbnailUrl":"https:\/\/stourm.news\/wp-content\/uploads\/2025\/03\/Festival_des_Vieilles_Charrues_2021_-_Brieg_Guerveno_-_009.jpg","articleSection":["Breizh","Culture bretonne","Principale"],"inLanguage":"fr-FR","potentialAction":[{"@type":"CommentAction","name":"Comment","target":["https:\/\/stourm.news\/?p=3555#respond"]}]},{"@type":"WebPage","@id":"https:\/\/stourm.news\/?p=3555","url":"https:\/\/stourm.news\/?p=3555","name":"Brieg Guerveno d\u00e9voile 'Un noz a vo' : une odyss\u00e9e bretonne entre ombre et lumi\u00e8re - STOURM","isPartOf":{"@id":"https:\/\/stourm.news\/#website"},"primaryImageOfPage":{"@id":"https:\/\/stourm.news\/?p=3555#primaryimage"},"image":{"@id":"https:\/\/stourm.news\/?p=3555#primaryimage"},"thumbnailUrl":"https:\/\/stourm.news\/wp-content\/uploads\/2025\/03\/Festival_des_Vieilles_Charrues_2021_-_Brieg_Guerveno_-_009.jpg","datePublished":"2025-03-06T16:35:42+00:00","breadcrumb":{"@id":"https:\/\/stourm.news\/?p=3555#breadcrumb"},"inLanguage":"fr-FR","potentialAction":[{"@type":"ReadAction","target":["https:\/\/stourm.news\/?p=3555"]}]},{"@type":"ImageObject","inLanguage":"fr-FR","@id":"https:\/\/stourm.news\/?p=3555#primaryimage","url":"https:\/\/stourm.news\/wp-content\/uploads\/2025\/03\/Festival_des_Vieilles_Charrues_2021_-_Brieg_Guerveno_-_009.jpg","contentUrl":"https:\/\/stourm.news\/wp-content\/uploads\/2025\/03\/Festival_des_Vieilles_Charrues_2021_-_Brieg_Guerveno_-_009.jpg","width":2560,"height":1707},{"@type":"BreadcrumbList","@id":"https:\/\/stourm.news\/?p=3555#breadcrumb","itemListElement":[{"@type":"ListItem","position":1,"name":"Accueil","item":"https:\/\/stourm.news\/"},{"@type":"ListItem","position":2,"name":"Brieg Guerveno d\u00e9voile &lsquo;Un noz a vo&rsquo; : une odyss\u00e9e bretonne entre ombre et lumi\u00e8re"}]},{"@type":"WebSite","@id":"https:\/\/stourm.news\/#website","url":"https:\/\/stourm.news\/","name":"Stourm","description":"Kazetenn Strollad Broadel Breizh","publisher":{"@id":"https:\/\/stourm.news\/#organization"},"potentialAction":[{"@type":"SearchAction","target":{"@type":"EntryPoint","urlTemplate":"https:\/\/stourm.news\/?s={search_term_string}"},"query-input":{"@type":"PropertyValueSpecification","valueRequired":true,"valueName":"search_term_string"}}],"inLanguage":"fr-FR"},{"@type":"Organization","@id":"https:\/\/stourm.news\/#organization","name":"Stourm","url":"https:\/\/stourm.news\/","logo":{"@type":"ImageObject","inLanguage":"fr-FR","@id":"https:\/\/stourm.news\/#\/schema\/logo\/image\/","url":"https:\/\/stourm.news\/wp-content\/uploads\/2025\/11\/cropped-Capture-decran-2025-11-28-a-15.19.07.png","contentUrl":"https:\/\/stourm.news\/wp-content\/uploads\/2025\/11\/cropped-Capture-decran-2025-11-28-a-15.19.07.png","width":1855,"height":383,"caption":"Stourm"},"image":{"@id":"https:\/\/stourm.news\/#\/schema\/logo\/image\/"},"sameAs":["https:\/\/www.facebook.com\/stourmnews\/"]},{"@type":"Person","@id":"https:\/\/stourm.news\/#\/schema\/person\/c3e1dc65988632e190969234ef046cf9","name":"La r\u00e9daction","image":{"@type":"ImageObject","inLanguage":"fr-FR","@id":"https:\/\/stourm.news\/#\/schema\/person\/image\/","url":"https:\/\/secure.gravatar.com\/avatar\/7463443f194b6b5fb706b074ca0ef59a0cfcfd720cb47764b0ec5a952ce422b3?s=96&d=mm&r=g","contentUrl":"https:\/\/secure.gravatar.com\/avatar\/7463443f194b6b5fb706b074ca0ef59a0cfcfd720cb47764b0ec5a952ce422b3?s=96&d=mm&r=g","caption":"La r\u00e9daction"},"sameAs":["https:\/\/stourm.news"],"url":"https:\/\/stourm.news\/?author=1"}]}},"_links":{"self":[{"href":"https:\/\/stourm.news\/index.php?rest_route=\/wp\/v2\/posts\/3555","targetHints":{"allow":["GET"]}}],"collection":[{"href":"https:\/\/stourm.news\/index.php?rest_route=\/wp\/v2\/posts"}],"about":[{"href":"https:\/\/stourm.news\/index.php?rest_route=\/wp\/v2\/types\/post"}],"author":[{"embeddable":true,"href":"https:\/\/stourm.news\/index.php?rest_route=\/wp\/v2\/users\/1"}],"replies":[{"embeddable":true,"href":"https:\/\/stourm.news\/index.php?rest_route=%2Fwp%2Fv2%2Fcomments&post=3555"}],"version-history":[{"count":1,"href":"https:\/\/stourm.news\/index.php?rest_route=\/wp\/v2\/posts\/3555\/revisions"}],"predecessor-version":[{"id":3557,"href":"https:\/\/stourm.news\/index.php?rest_route=\/wp\/v2\/posts\/3555\/revisions\/3557"}],"wp:featuredmedia":[{"embeddable":true,"href":"https:\/\/stourm.news\/index.php?rest_route=\/wp\/v2\/media\/3556"}],"wp:attachment":[{"href":"https:\/\/stourm.news\/index.php?rest_route=%2Fwp%2Fv2%2Fmedia&parent=3555"}],"wp:term":[{"taxonomy":"category","embeddable":true,"href":"https:\/\/stourm.news\/index.php?rest_route=%2Fwp%2Fv2%2Fcategories&post=3555"},{"taxonomy":"post_tag","embeddable":true,"href":"https:\/\/stourm.news\/index.php?rest_route=%2Fwp%2Fv2%2Ftags&post=3555"}],"curies":[{"name":"wp","href":"https:\/\/api.w.org\/{rel}","templated":true}]}}