{"id":3558,"date":"2025-03-06T17:40:45","date_gmt":"2025-03-06T17:40:45","guid":{"rendered":"https:\/\/stourm.news\/?p=3558"},"modified":"2025-03-06T17:40:45","modified_gmt":"2025-03-06T17:40:45","slug":"torture-enleve-et-sequestre-par-des-trafiquants-de-stupefiants-pres-de-dinan-abdelmalik-hamidi-condamne","status":"publish","type":"post","link":"https:\/\/stourm.news\/?p=3558","title":{"rendered":"Tortur\u00e9, enlev\u00e9 et s\u00e9questr\u00e9 par des trafiquants de stup\u00e9fiants pr\u00e8s de Dinan : Abdelmalik Hamidi condamn\u00e9"},"content":{"rendered":"<p style=\"text-align: justify;\">Dans la nuit du 6 au 7 juillet 2024 un homme \u00e9tait <strong>agress\u00e9<\/strong> \u00e0 son domicile pr\u00e8s de Dinan <strong>par cinq individus v\u00eatus de noir, cagoul\u00e9s et gant\u00e9s<\/strong>. Sa fillette \u00e9tait pr\u00e9sente dans la maison. Jouant le r\u00f4le de \u00ab en nourrice \u00bb dans un trafic de stup\u00e9fiants, apr\u00e8s avoir perdu son travail, ses agresseurs \u00e9taient venus lui r\u00e9clamer de l\u2019argent et des stup\u00e9fiants.<\/p>\n<p style=\"text-align: justify;\">Ils \u00ab se sont jet\u00e9s sur lui \u00bb, <strong>l\u2019auraient frapp\u00e9 d\u2019un coup de barre<\/strong> <strong>puis menac\u00e9 avec une arme<\/strong>. Des traces de sang \u00e9taient retrouv\u00e9es sur le sol et les murs. Sa maison \u00e9tait fouill\u00e9e et son portable d\u00e9rob\u00e9. Il aurait ensuite \u00e9t\u00e9 <strong>charg\u00e9 dans un fourgon, pieds et poings li\u00e9s avec du ruban adh\u00e9sif<\/strong>. Tout le long du trajet il aurait \u00e9t\u00e9 menac\u00e9 <strong>d\u2019un couteau sous la gorge.<\/strong><\/p>\n<p style=\"text-align: justify;\">Arriv\u00e9 dans un lieu inconnu, sans doute un bois, il a entendu une voiture arriver dont il a pu relever la plaque. Il a aussi entendu \u00ab un autre individu g\u00e9mir \u00bb. Il sera ensuite ramen\u00e9 chez lui en cale\u00e7on. Il pr\u00e9sentait <strong>de nombreuses fractures du nez et du visage et des ecchymoses<\/strong>, au point que son pr\u00e9judice a \u00e9t\u00e9 \u00e9tabli <strong>\u00e0 100 jours d\u2019ITT.<\/strong><\/p>\n<p style=\"text-align: justify;\">L\u2019enqu\u00eate r\u00e9v\u00e9lait qu\u2019un second homme avait bien \u00e9t\u00e9 enlev\u00e9 par les m\u00eames, mais il n\u2019a pas souhait\u00e9 t\u00e9moigner. Dans le fourgon, retrouv\u00e9 par les enqu\u00eateurs, l\u2019ADN des deux victimes et de deux pr\u00e9venus \u00e9tait retrouv\u00e9. Chez l\u2019un, <strong>1 200 cachets d\u2019ecstasy, de la coca\u00efne, du cannabis et de la k\u00e9tamine<\/strong> \u00e9taient d\u00e9couverts.<\/p>\n<p style=\"text-align: justify;\">Dans le box, en d\u00e9tention provisoire, deux des pr\u00e9venus ont reconnu leur participation a minima. Peu loquace la m\u00e9moire leur faisant d\u00e9faut , ils se sont embrouill\u00e9s ou sont revenus sur leurs premi\u00e8res d\u00e9clarations. Ils se connaissent vaguement ou pr\u00e9f\u00e8rent se taire, l\u2019un \u00e9voque sa \u00ab peur des repr\u00e9sailles \u00bb.<\/p>\n<p style=\"text-align: justify;\">Et l\u2018ADN retrouv\u00e9 ? Ils utilisaient le fourgon pour transporter leurs motos, disent-ils. Le troisi\u00e8me \u00ab n\u2019est pas du tout concern\u00e9 par cette histoire, il n\u2019\u00e9tait pas l\u00e0 \u00bb. \u00ab Ils devaient se faire une tirelire et une nourrice \u00bb a r\u00e9sum\u00e9 la procureure pour expliquer \u00ab des faits extr\u00eamement graves \u00bb avant de requ\u00e9rir des peines mixtes de 36 mois et de 30 mois dont 12 mois avec sursis probatoire durant deux ans avec interdiction de contact.<\/p>\n<p style=\"text-align: justify;\">Le tribunal a finalement condamn\u00e9 <strong>Abdelmalik Hamidi<\/strong> \u00e0 36 mois de prison dont 18 mois avec sursis probatoire durant deux ans, Yanis Peron \u00e0 quatre ans de prison dont deux ans avec sursis probatoire durant deux ans, interdiction de contact et de para\u00eetre au domicile des victimes, de contact avec les co-auteurs. Leur maintien en d\u00e9tention a \u00e9t\u00e9 ordonn\u00e9, ils ont \u00e9t\u00e9 relax\u00e9s pour vol aggrav\u00e9 ; le troisi\u00e8me pr\u00e9venu a \u00e9t\u00e9 relax\u00e9 faute de preuve.<\/p>\n<p>Source : <a href=\"https:\/\/www.letelegramme.fr\/cotes-d-armor\/dinan-22100\/enleve-et-sequestre-par-des-trafiquants-de-stupefiants-pres-de-dinan-plusieurs-hommes-condamnes-6772557.php\">Le T\u00e9l\u00e9gramme<\/a><\/p>\n","protected":false},"excerpt":{"rendered":"<p>Dans la nuit du 6 au 7 juillet 2024 un homme \u00e9tait agress\u00e9 \u00e0 son domicile pr\u00e8s de Dinan par cinq individus v\u00eatus de noir, cagoul\u00e9s et gant\u00e9s. Sa fillette \u00e9tait pr\u00e9sente dans la maison. Jouant le r\u00f4le de \u00ab en nourrice \u00bb dans un trafic de stup\u00e9fiants, apr\u00e8s avoir perdu son travail, ses agresseurs [&hellip;]<\/p>\n","protected":false},"author":1,"featured_media":3559,"comment_status":"open","ping_status":"open","sticky":false,"template":"","format":"standard","meta":{"sb_editor_width":"","footnotes":""},"categories":[29,41,62],"tags":[],"class_list":["post-3558","post","type-post","status-publish","format-standard","has-post-thumbnail","hentry","category-drogue","category-ille-et-vilaine","category-revue-de-presse"],"relative_dates":{"created":"1 an ago","modified":"1 an ago"},"yoast_head":"<!-- This site is optimized with the Yoast SEO plugin v26.3 - https:\/\/yoast.com\/wordpress\/plugins\/seo\/ -->\n<title>Tortur\u00e9, enlev\u00e9 et s\u00e9questr\u00e9 par des trafiquants de stup\u00e9fiants pr\u00e8s de Dinan : Abdelmalik Hamidi condamn\u00e9 - STOURM<\/title>\n<meta name=\"robots\" content=\"index, follow, max-snippet:-1, max-image-preview:large, max-video-preview:-1\" \/>\n<link rel=\"canonical\" href=\"https:\/\/stourm.news\/?p=3558\" \/>\n<meta property=\"og:locale\" content=\"fr_FR\" \/>\n<meta property=\"og:type\" content=\"article\" \/>\n<meta property=\"og:title\" content=\"Tortur\u00e9, enlev\u00e9 et s\u00e9questr\u00e9 par des trafiquants de stup\u00e9fiants pr\u00e8s de Dinan : Abdelmalik Hamidi condamn\u00e9 - STOURM\" \/>\n<meta property=\"og:description\" content=\"Dans la nuit du 6 au 7 juillet 2024 un homme \u00e9tait agress\u00e9 \u00e0 son domicile pr\u00e8s de Dinan par cinq individus v\u00eatus de noir, cagoul\u00e9s et gant\u00e9s. Sa fillette \u00e9tait pr\u00e9sente dans la maison. Jouant le r\u00f4le de \u00ab en nourrice \u00bb dans un trafic de stup\u00e9fiants, apr\u00e8s avoir perdu son travail, ses agresseurs [&hellip;]\" \/>\n<meta property=\"og:url\" content=\"https:\/\/stourm.news\/?p=3558\" \/>\n<meta property=\"og:site_name\" content=\"STOURM\" \/>\n<meta property=\"article:publisher\" content=\"https:\/\/www.facebook.com\/stourmnews\/\" \/>\n<meta property=\"article:published_time\" content=\"2025-03-06T17:40:45+00:00\" \/>\n<meta property=\"og:image\" content=\"https:\/\/stourm.news\/wp-content\/uploads\/2025\/03\/67c97da6c7a63e037e3577dd.1.webp\" \/>\n\t<meta property=\"og:image:width\" content=\"1200\" \/>\n\t<meta property=\"og:image:height\" content=\"750\" \/>\n\t<meta property=\"og:image:type\" content=\"image\/webp\" \/>\n<meta name=\"author\" content=\"La r\u00e9daction\" \/>\n<meta name=\"twitter:card\" content=\"summary_large_image\" \/>\n<meta name=\"twitter:label1\" content=\"\u00c9crit par\" \/>\n\t<meta name=\"twitter:data1\" content=\"La r\u00e9daction\" \/>\n\t<meta name=\"twitter:label2\" content=\"Dur\u00e9e de lecture estim\u00e9e\" \/>\n\t<meta name=\"twitter:data2\" content=\"3 minutes\" \/>\n<script type=\"application\/ld+json\" class=\"yoast-schema-graph\">{\"@context\":\"https:\/\/schema.org\",\"@graph\":[{\"@type\":\"Article\",\"@id\":\"https:\/\/stourm.news\/?p=3558#article\",\"isPartOf\":{\"@id\":\"https:\/\/stourm.news\/?p=3558\"},\"author\":{\"name\":\"La r\u00e9daction\",\"@id\":\"https:\/\/stourm.news\/#\/schema\/person\/c3e1dc65988632e190969234ef046cf9\"},\"headline\":\"Tortur\u00e9, enlev\u00e9 et s\u00e9questr\u00e9 par des trafiquants de stup\u00e9fiants pr\u00e8s de Dinan : Abdelmalik Hamidi condamn\u00e9\",\"datePublished\":\"2025-03-06T17:40:45+00:00\",\"mainEntityOfPage\":{\"@id\":\"https:\/\/stourm.news\/?p=3558\"},\"wordCount\":509,\"commentCount\":0,\"publisher\":{\"@id\":\"https:\/\/stourm.news\/#organization\"},\"image\":{\"@id\":\"https:\/\/stourm.news\/?p=3558#primaryimage\"},\"thumbnailUrl\":\"https:\/\/stourm.news\/wp-content\/uploads\/2025\/03\/67c97da6c7a63e037e3577dd.1.webp\",\"articleSection\":[\"Drogue\",\"Ille-et-Vilaine\",\"Revue de presse\"],\"inLanguage\":\"fr-FR\",\"potentialAction\":[{\"@type\":\"CommentAction\",\"name\":\"Comment\",\"target\":[\"https:\/\/stourm.news\/?p=3558#respond\"]}]},{\"@type\":\"WebPage\",\"@id\":\"https:\/\/stourm.news\/?p=3558\",\"url\":\"https:\/\/stourm.news\/?p=3558\",\"name\":\"Tortur\u00e9, enlev\u00e9 et s\u00e9questr\u00e9 par des trafiquants de stup\u00e9fiants pr\u00e8s de Dinan : Abdelmalik Hamidi condamn\u00e9 - STOURM\",\"isPartOf\":{\"@id\":\"https:\/\/stourm.news\/#website\"},\"primaryImageOfPage\":{\"@id\":\"https:\/\/stourm.news\/?p=3558#primaryimage\"},\"image\":{\"@id\":\"https:\/\/stourm.news\/?p=3558#primaryimage\"},\"thumbnailUrl\":\"https:\/\/stourm.news\/wp-content\/uploads\/2025\/03\/67c97da6c7a63e037e3577dd.1.webp\",\"datePublished\":\"2025-03-06T17:40:45+00:00\",\"breadcrumb\":{\"@id\":\"https:\/\/stourm.news\/?p=3558#breadcrumb\"},\"inLanguage\":\"fr-FR\",\"potentialAction\":[{\"@type\":\"ReadAction\",\"target\":[\"https:\/\/stourm.news\/?p=3558\"]}]},{\"@type\":\"ImageObject\",\"inLanguage\":\"fr-FR\",\"@id\":\"https:\/\/stourm.news\/?p=3558#primaryimage\",\"url\":\"https:\/\/stourm.news\/wp-content\/uploads\/2025\/03\/67c97da6c7a63e037e3577dd.1.webp\",\"contentUrl\":\"https:\/\/stourm.news\/wp-content\/uploads\/2025\/03\/67c97da6c7a63e037e3577dd.1.webp\",\"width\":1200,\"height\":750},{\"@type\":\"BreadcrumbList\",\"@id\":\"https:\/\/stourm.news\/?p=3558#breadcrumb\",\"itemListElement\":[{\"@type\":\"ListItem\",\"position\":1,\"name\":\"Accueil\",\"item\":\"https:\/\/stourm.news\/\"},{\"@type\":\"ListItem\",\"position\":2,\"name\":\"Tortur\u00e9, enlev\u00e9 et s\u00e9questr\u00e9 par des trafiquants de stup\u00e9fiants pr\u00e8s de Dinan : Abdelmalik Hamidi condamn\u00e9\"}]},{\"@type\":\"WebSite\",\"@id\":\"https:\/\/stourm.news\/#website\",\"url\":\"https:\/\/stourm.news\/\",\"name\":\"Stourm\",\"description\":\"Kazetenn Strollad Broadel Breizh\",\"publisher\":{\"@id\":\"https:\/\/stourm.news\/#organization\"},\"potentialAction\":[{\"@type\":\"SearchAction\",\"target\":{\"@type\":\"EntryPoint\",\"urlTemplate\":\"https:\/\/stourm.news\/?s={search_term_string}\"},\"query-input\":{\"@type\":\"PropertyValueSpecification\",\"valueRequired\":true,\"valueName\":\"search_term_string\"}}],\"inLanguage\":\"fr-FR\"},{\"@type\":\"Organization\",\"@id\":\"https:\/\/stourm.news\/#organization\",\"name\":\"Stourm\",\"url\":\"https:\/\/stourm.news\/\",\"logo\":{\"@type\":\"ImageObject\",\"inLanguage\":\"fr-FR\",\"@id\":\"https:\/\/stourm.news\/#\/schema\/logo\/image\/\",\"url\":\"https:\/\/stourm.news\/wp-content\/uploads\/2025\/11\/cropped-Capture-decran-2025-11-28-a-15.19.07.png\",\"contentUrl\":\"https:\/\/stourm.news\/wp-content\/uploads\/2025\/11\/cropped-Capture-decran-2025-11-28-a-15.19.07.png\",\"width\":1855,\"height\":383,\"caption\":\"Stourm\"},\"image\":{\"@id\":\"https:\/\/stourm.news\/#\/schema\/logo\/image\/\"},\"sameAs\":[\"https:\/\/www.facebook.com\/stourmnews\/\"]},{\"@type\":\"Person\",\"@id\":\"https:\/\/stourm.news\/#\/schema\/person\/c3e1dc65988632e190969234ef046cf9\",\"name\":\"La r\u00e9daction\",\"image\":{\"@type\":\"ImageObject\",\"inLanguage\":\"fr-FR\",\"@id\":\"https:\/\/stourm.news\/#\/schema\/person\/image\/\",\"url\":\"https:\/\/secure.gravatar.com\/avatar\/7463443f194b6b5fb706b074ca0ef59a0cfcfd720cb47764b0ec5a952ce422b3?s=96&d=mm&r=g\",\"contentUrl\":\"https:\/\/secure.gravatar.com\/avatar\/7463443f194b6b5fb706b074ca0ef59a0cfcfd720cb47764b0ec5a952ce422b3?s=96&d=mm&r=g\",\"caption\":\"La r\u00e9daction\"},\"sameAs\":[\"https:\/\/stourm.news\"],\"url\":\"https:\/\/stourm.news\/?author=1\"}]}<\/script>\n<!-- \/ Yoast SEO plugin. -->","yoast_head_json":{"title":"Tortur\u00e9, enlev\u00e9 et s\u00e9questr\u00e9 par des trafiquants de stup\u00e9fiants pr\u00e8s de Dinan : Abdelmalik Hamidi condamn\u00e9 - STOURM","robots":{"index":"index","follow":"follow","max-snippet":"max-snippet:-1","max-image-preview":"max-image-preview:large","max-video-preview":"max-video-preview:-1"},"canonical":"https:\/\/stourm.news\/?p=3558","og_locale":"fr_FR","og_type":"article","og_title":"Tortur\u00e9, enlev\u00e9 et s\u00e9questr\u00e9 par des trafiquants de stup\u00e9fiants pr\u00e8s de Dinan : Abdelmalik Hamidi condamn\u00e9 - STOURM","og_description":"Dans la nuit du 6 au 7 juillet 2024 un homme \u00e9tait agress\u00e9 \u00e0 son domicile pr\u00e8s de Dinan par cinq individus v\u00eatus de noir, cagoul\u00e9s et gant\u00e9s. Sa fillette \u00e9tait pr\u00e9sente dans la maison. Jouant le r\u00f4le de \u00ab en nourrice \u00bb dans un trafic de stup\u00e9fiants, apr\u00e8s avoir perdu son travail, ses agresseurs [&hellip;]","og_url":"https:\/\/stourm.news\/?p=3558","og_site_name":"STOURM","article_publisher":"https:\/\/www.facebook.com\/stourmnews\/","article_published_time":"2025-03-06T17:40:45+00:00","og_image":[{"width":1200,"height":750,"url":"https:\/\/stourm.news\/wp-content\/uploads\/2025\/03\/67c97da6c7a63e037e3577dd.1.webp","type":"image\/webp"}],"author":"La r\u00e9daction","twitter_card":"summary_large_image","twitter_misc":{"\u00c9crit par":"La r\u00e9daction","Dur\u00e9e de lecture estim\u00e9e":"3 minutes"},"schema":{"@context":"https:\/\/schema.org","@graph":[{"@type":"Article","@id":"https:\/\/stourm.news\/?p=3558#article","isPartOf":{"@id":"https:\/\/stourm.news\/?p=3558"},"author":{"name":"La r\u00e9daction","@id":"https:\/\/stourm.news\/#\/schema\/person\/c3e1dc65988632e190969234ef046cf9"},"headline":"Tortur\u00e9, enlev\u00e9 et s\u00e9questr\u00e9 par des trafiquants de stup\u00e9fiants pr\u00e8s de Dinan : Abdelmalik Hamidi condamn\u00e9","datePublished":"2025-03-06T17:40:45+00:00","mainEntityOfPage":{"@id":"https:\/\/stourm.news\/?p=3558"},"wordCount":509,"commentCount":0,"publisher":{"@id":"https:\/\/stourm.news\/#organization"},"image":{"@id":"https:\/\/stourm.news\/?p=3558#primaryimage"},"thumbnailUrl":"https:\/\/stourm.news\/wp-content\/uploads\/2025\/03\/67c97da6c7a63e037e3577dd.1.webp","articleSection":["Drogue","Ille-et-Vilaine","Revue de presse"],"inLanguage":"fr-FR","potentialAction":[{"@type":"CommentAction","name":"Comment","target":["https:\/\/stourm.news\/?p=3558#respond"]}]},{"@type":"WebPage","@id":"https:\/\/stourm.news\/?p=3558","url":"https:\/\/stourm.news\/?p=3558","name":"Tortur\u00e9, enlev\u00e9 et s\u00e9questr\u00e9 par des trafiquants de stup\u00e9fiants pr\u00e8s de Dinan : Abdelmalik Hamidi condamn\u00e9 - STOURM","isPartOf":{"@id":"https:\/\/stourm.news\/#website"},"primaryImageOfPage":{"@id":"https:\/\/stourm.news\/?p=3558#primaryimage"},"image":{"@id":"https:\/\/stourm.news\/?p=3558#primaryimage"},"thumbnailUrl":"https:\/\/stourm.news\/wp-content\/uploads\/2025\/03\/67c97da6c7a63e037e3577dd.1.webp","datePublished":"2025-03-06T17:40:45+00:00","breadcrumb":{"@id":"https:\/\/stourm.news\/?p=3558#breadcrumb"},"inLanguage":"fr-FR","potentialAction":[{"@type":"ReadAction","target":["https:\/\/stourm.news\/?p=3558"]}]},{"@type":"ImageObject","inLanguage":"fr-FR","@id":"https:\/\/stourm.news\/?p=3558#primaryimage","url":"https:\/\/stourm.news\/wp-content\/uploads\/2025\/03\/67c97da6c7a63e037e3577dd.1.webp","contentUrl":"https:\/\/stourm.news\/wp-content\/uploads\/2025\/03\/67c97da6c7a63e037e3577dd.1.webp","width":1200,"height":750},{"@type":"BreadcrumbList","@id":"https:\/\/stourm.news\/?p=3558#breadcrumb","itemListElement":[{"@type":"ListItem","position":1,"name":"Accueil","item":"https:\/\/stourm.news\/"},{"@type":"ListItem","position":2,"name":"Tortur\u00e9, enlev\u00e9 et s\u00e9questr\u00e9 par des trafiquants de stup\u00e9fiants pr\u00e8s de Dinan : Abdelmalik Hamidi condamn\u00e9"}]},{"@type":"WebSite","@id":"https:\/\/stourm.news\/#website","url":"https:\/\/stourm.news\/","name":"Stourm","description":"Kazetenn Strollad Broadel Breizh","publisher":{"@id":"https:\/\/stourm.news\/#organization"},"potentialAction":[{"@type":"SearchAction","target":{"@type":"EntryPoint","urlTemplate":"https:\/\/stourm.news\/?s={search_term_string}"},"query-input":{"@type":"PropertyValueSpecification","valueRequired":true,"valueName":"search_term_string"}}],"inLanguage":"fr-FR"},{"@type":"Organization","@id":"https:\/\/stourm.news\/#organization","name":"Stourm","url":"https:\/\/stourm.news\/","logo":{"@type":"ImageObject","inLanguage":"fr-FR","@id":"https:\/\/stourm.news\/#\/schema\/logo\/image\/","url":"https:\/\/stourm.news\/wp-content\/uploads\/2025\/11\/cropped-Capture-decran-2025-11-28-a-15.19.07.png","contentUrl":"https:\/\/stourm.news\/wp-content\/uploads\/2025\/11\/cropped-Capture-decran-2025-11-28-a-15.19.07.png","width":1855,"height":383,"caption":"Stourm"},"image":{"@id":"https:\/\/stourm.news\/#\/schema\/logo\/image\/"},"sameAs":["https:\/\/www.facebook.com\/stourmnews\/"]},{"@type":"Person","@id":"https:\/\/stourm.news\/#\/schema\/person\/c3e1dc65988632e190969234ef046cf9","name":"La r\u00e9daction","image":{"@type":"ImageObject","inLanguage":"fr-FR","@id":"https:\/\/stourm.news\/#\/schema\/person\/image\/","url":"https:\/\/secure.gravatar.com\/avatar\/7463443f194b6b5fb706b074ca0ef59a0cfcfd720cb47764b0ec5a952ce422b3?s=96&d=mm&r=g","contentUrl":"https:\/\/secure.gravatar.com\/avatar\/7463443f194b6b5fb706b074ca0ef59a0cfcfd720cb47764b0ec5a952ce422b3?s=96&d=mm&r=g","caption":"La r\u00e9daction"},"sameAs":["https:\/\/stourm.news"],"url":"https:\/\/stourm.news\/?author=1"}]}},"_links":{"self":[{"href":"https:\/\/stourm.news\/index.php?rest_route=\/wp\/v2\/posts\/3558","targetHints":{"allow":["GET"]}}],"collection":[{"href":"https:\/\/stourm.news\/index.php?rest_route=\/wp\/v2\/posts"}],"about":[{"href":"https:\/\/stourm.news\/index.php?rest_route=\/wp\/v2\/types\/post"}],"author":[{"embeddable":true,"href":"https:\/\/stourm.news\/index.php?rest_route=\/wp\/v2\/users\/1"}],"replies":[{"embeddable":true,"href":"https:\/\/stourm.news\/index.php?rest_route=%2Fwp%2Fv2%2Fcomments&post=3558"}],"version-history":[{"count":1,"href":"https:\/\/stourm.news\/index.php?rest_route=\/wp\/v2\/posts\/3558\/revisions"}],"predecessor-version":[{"id":3560,"href":"https:\/\/stourm.news\/index.php?rest_route=\/wp\/v2\/posts\/3558\/revisions\/3560"}],"wp:featuredmedia":[{"embeddable":true,"href":"https:\/\/stourm.news\/index.php?rest_route=\/wp\/v2\/media\/3559"}],"wp:attachment":[{"href":"https:\/\/stourm.news\/index.php?rest_route=%2Fwp%2Fv2%2Fmedia&parent=3558"}],"wp:term":[{"taxonomy":"category","embeddable":true,"href":"https:\/\/stourm.news\/index.php?rest_route=%2Fwp%2Fv2%2Fcategories&post=3558"},{"taxonomy":"post_tag","embeddable":true,"href":"https:\/\/stourm.news\/index.php?rest_route=%2Fwp%2Fv2%2Ftags&post=3558"}],"curies":[{"name":"wp","href":"https:\/\/api.w.org\/{rel}","templated":true}]}}