{"id":3919,"date":"2025-04-24T09:52:08","date_gmt":"2025-04-24T09:52:08","guid":{"rendered":"https:\/\/stourm.news\/?p=3919"},"modified":"2025-04-24T09:55:19","modified_gmt":"2025-04-24T09:55:19","slug":"quimper-fusillade-dans-le-quartier-multiculturel-de-kermoysan-le-quartier-avait-ete-renove-pour-70-millions-deuros","status":"publish","type":"post","link":"https:\/\/stourm.news\/?p=3919","title":{"rendered":"Kemper (Quimper) : fusillade dans le quartier multiculturel de Kermoysan (le quartier avait \u00e9t\u00e9 r\u00e9nov\u00e9 pour 70 millions d&rsquo;euros)"},"content":{"rendered":"<p style=\"text-align: justify;\">Dans l\u2019apr\u00e8s-midi du mercredi 23 avril 2025, un incident d\u2019une gravit\u00e9 rare a secou\u00e9 le quartier multiculturel de Kermoysan, \u00e0 Quimper. Comme le rapporte Olivier Scaglia dans <strong><a href=\"https:\/\/www.letelegramme.fr\/finistere\/quimper-29000\/homme-encagoule-et-coup-de-feu-a-quimper-effroi-et-incredulite-a-kermoysan-6804364.php\">un article publi\u00e9 le 24 avril 2025<\/a><\/strong>, un homme encagoul\u00e9, arm\u00e9 d\u2019une arme \u00e0 feu, a fait irruption sur l\u2019esplanade du Terrain Blanc. Selon les premiers t\u00e9moignages, il aurait fait usage de son arme au moins une fois avant de dispara\u00eetre sans laisser de traces. Ce fait divers, survenu en plein jour dans un quartier r\u00e9sidentiel, a profond\u00e9ment choqu\u00e9 les habitants et soul\u00e8ve des interrogations sur la s\u00e9curit\u00e9 dans la ville.<\/p>\n<p><strong>Un quartier multiethnique privil\u00e9gi\u00e9 par les pouvoirs publics\u00a0<\/strong><\/p>\n<p style=\"text-align: justify;\">Le quartier de Kermoysan est loin d&rsquo;avoir \u00e9t\u00e9 abandonn\u00e9 par les autorit\u00e9s hexagonales. Entre 2014 et 2024, d&rsquo;importants investissements y ont \u00e9t\u00e9 consacr\u00e9s, notamment la r\u00e9habilitation, place d&rsquo;\u00c9cosse et rue d&rsquo;Irlande, de 198 appartements pour am\u00e9liorer l\u2019accessibilit\u00e9 (installation de 7 ascenseurs) et l\u2019efficacit\u00e9 \u00e9nerg\u00e9tique pour un co\u00fbt de 6 millions d&rsquo;euros. S&rsquo;y ajoute la r\u00e9habilitation de 212 appartements du Pargo, incluant isolation ext\u00e9rieure, ravalement et nouvelles couleurs pour un co\u00fbt de 7 millions d&rsquo;euros. Des logements sociaux ont \u00e9t\u00e9 construits sur le site des Oiseaux pour un co\u00fbt de 40 millions d&rsquo;euros. Le centre commercial des 4 vents a \u00e9t\u00e9 r\u00e9nov\u00e9 pour pr\u00e8s de 5 millions d&rsquo;euros. Au total, ce sont pr\u00e8s de 70 millions d&rsquo;euros qui ont \u00e9t\u00e9 investis \u00e0 Kermoysan cette derni\u00e8re d\u00e9cennie.<\/p>\n<p style=\"text-align: start;\"><strong><span style=\"text-align: justify; font-family: var(--viral-mag-body-family, Poppins); font-size: var(--viral-mag-body-size, 16px); font-style: var(--viral-mag-body-style, normal); letter-spacing: var(--viral-mag-body-letter-spacing, 0); text-transform: var(--viral-mag-body-text-transform, none); text-decoration: var(--viral-mag-body-text-decoration, none);\">Gabegie et fracture ethnique<\/span><\/strong><\/p>\n<p style=\"text-align: justify;\"><span style=\"text-align: justify; font-family: var(--viral-mag-body-family, Poppins); font-size: var(--viral-mag-body-size, 16px); font-style: var(--viral-mag-body-style, normal); letter-spacing: var(--viral-mag-body-letter-spacing, 0); text-transform: var(--viral-mag-body-text-transform, none); text-decoration: var(--viral-mag-body-text-decoration, none);\">Cet incident met en lumi\u00e8re la progression de la violence dans les enclaves allog\u00e8nes qui ne cessent de s&rsquo;\u00e9tendre dans les villes bretonnes, r\u00e9sultat de la politique d&rsquo;immigration impos\u00e9e par l&rsquo;\u00c9tat fran\u00e7ais en Bretagne. \u00c0 Kermoysan comme ailleurs, la r\u00e9ponse de l&rsquo;\u00c9tat fran\u00e7ais et des politiciens loyalistes face \u00e0 la violence allog\u00e8ne a consist\u00e9 \u00e0 acheter la paix civile en d\u00e9versant toujours plus l&rsquo;argent des contribuables bretons dans des zones de peuplement \u00e9trang\u00e8res. L&rsquo;\u00e9chec est une nouvelle fois retentissant : le probl\u00e8me n&rsquo;est pas social, mais bel et bien ethno-culturel.<\/span><\/p>\n<p style=\"text-align: right;\"><strong style=\"text-align: right; font-family: var(--viral-mag-body-family, Poppins); font-size: var(--viral-mag-body-size, 16px); font-style: var(--viral-mag-body-style, normal); letter-spacing: var(--viral-mag-body-letter-spacing, 0); text-transform: var(--viral-mag-body-text-transform, none); text-decoration: var(--viral-mag-body-text-decoration, none);\">Budig Gourmaelon<\/strong><\/p>\n","protected":false},"excerpt":{"rendered":"<p>Dans l\u2019apr\u00e8s-midi du mercredi 23 avril 2025, un incident d\u2019une gravit\u00e9 rare a secou\u00e9 le quartier multiculturel de Kermoysan, \u00e0 Quimper. Comme le rapporte Olivier Scaglia dans un article publi\u00e9 le 24 avril 2025, un homme encagoul\u00e9, arm\u00e9 d\u2019une arme \u00e0 feu, a fait irruption sur l\u2019esplanade du Terrain Blanc. Selon les premiers t\u00e9moignages, il [&hellip;]<\/p>\n","protected":false},"author":1,"featured_media":3920,"comment_status":"open","ping_status":"open","sticky":false,"template":"","format":"standard","meta":{"sb_editor_width":"","footnotes":""},"categories":[38,65,54],"tags":[],"class_list":["post-3919","post","type-post","status-publish","format-standard","has-post-thumbnail","hentry","category-finistere","category-principale","category-societe"],"relative_dates":{"created":"1 an ago","modified":"1 an ago"},"yoast_head":"<!-- This site is optimized with the Yoast SEO plugin v26.3 - https:\/\/yoast.com\/wordpress\/plugins\/seo\/ -->\n<title>Kemper (Quimper) : fusillade dans le quartier multiculturel de Kermoysan (le quartier avait \u00e9t\u00e9 r\u00e9nov\u00e9 pour 70 millions d&#039;euros) - STOURM<\/title>\n<meta name=\"robots\" content=\"index, follow, max-snippet:-1, max-image-preview:large, max-video-preview:-1\" \/>\n<link rel=\"canonical\" href=\"https:\/\/stourm.news\/?p=3919\" \/>\n<meta property=\"og:locale\" content=\"fr_FR\" \/>\n<meta property=\"og:type\" content=\"article\" \/>\n<meta property=\"og:title\" content=\"Kemper (Quimper) : fusillade dans le quartier multiculturel de Kermoysan (le quartier avait \u00e9t\u00e9 r\u00e9nov\u00e9 pour 70 millions d&#039;euros) - STOURM\" \/>\n<meta property=\"og:description\" content=\"Dans l\u2019apr\u00e8s-midi du mercredi 23 avril 2025, un incident d\u2019une gravit\u00e9 rare a secou\u00e9 le quartier multiculturel de Kermoysan, \u00e0 Quimper. Comme le rapporte Olivier Scaglia dans un article publi\u00e9 le 24 avril 2025, un homme encagoul\u00e9, arm\u00e9 d\u2019une arme \u00e0 feu, a fait irruption sur l\u2019esplanade du Terrain Blanc. Selon les premiers t\u00e9moignages, il [&hellip;]\" \/>\n<meta property=\"og:url\" content=\"https:\/\/stourm.news\/?p=3919\" \/>\n<meta property=\"og:site_name\" content=\"STOURM\" \/>\n<meta property=\"article:publisher\" content=\"https:\/\/www.facebook.com\/stourmnews\/\" \/>\n<meta property=\"article:published_time\" content=\"2025-04-24T09:52:08+00:00\" \/>\n<meta property=\"article:modified_time\" content=\"2025-04-24T09:55:19+00:00\" \/>\n<meta property=\"og:image\" content=\"https:\/\/stourm.news\/wp-content\/uploads\/2025\/04\/651d93f1e5a186584a7f90ff.webp\" \/>\n\t<meta property=\"og:image:width\" content=\"1200\" \/>\n\t<meta property=\"og:image:height\" content=\"750\" \/>\n\t<meta property=\"og:image:type\" content=\"image\/webp\" \/>\n<meta name=\"author\" content=\"La r\u00e9daction\" \/>\n<meta name=\"twitter:card\" content=\"summary_large_image\" \/>\n<meta name=\"twitter:label1\" content=\"\u00c9crit par\" \/>\n\t<meta name=\"twitter:data1\" content=\"La r\u00e9daction\" \/>\n\t<meta name=\"twitter:label2\" content=\"Dur\u00e9e de lecture estim\u00e9e\" \/>\n\t<meta name=\"twitter:data2\" content=\"2 minutes\" \/>\n<script type=\"application\/ld+json\" class=\"yoast-schema-graph\">{\"@context\":\"https:\/\/schema.org\",\"@graph\":[{\"@type\":\"Article\",\"@id\":\"https:\/\/stourm.news\/?p=3919#article\",\"isPartOf\":{\"@id\":\"https:\/\/stourm.news\/?p=3919\"},\"author\":{\"name\":\"La r\u00e9daction\",\"@id\":\"https:\/\/stourm.news\/#\/schema\/person\/c3e1dc65988632e190969234ef046cf9\"},\"headline\":\"Kemper (Quimper) : fusillade dans le quartier multiculturel de Kermoysan (le quartier avait \u00e9t\u00e9 r\u00e9nov\u00e9 pour 70 millions d&rsquo;euros)\",\"datePublished\":\"2025-04-24T09:52:08+00:00\",\"dateModified\":\"2025-04-24T09:55:19+00:00\",\"mainEntityOfPage\":{\"@id\":\"https:\/\/stourm.news\/?p=3919\"},\"wordCount\":381,\"commentCount\":0,\"publisher\":{\"@id\":\"https:\/\/stourm.news\/#organization\"},\"image\":{\"@id\":\"https:\/\/stourm.news\/?p=3919#primaryimage\"},\"thumbnailUrl\":\"https:\/\/stourm.news\/wp-content\/uploads\/2025\/04\/651d93f1e5a186584a7f90ff.webp\",\"articleSection\":[\"Finist\u00e8re\",\"Principale\",\"Soci\u00e9t\u00e9\"],\"inLanguage\":\"fr-FR\",\"potentialAction\":[{\"@type\":\"CommentAction\",\"name\":\"Comment\",\"target\":[\"https:\/\/stourm.news\/?p=3919#respond\"]}]},{\"@type\":\"WebPage\",\"@id\":\"https:\/\/stourm.news\/?p=3919\",\"url\":\"https:\/\/stourm.news\/?p=3919\",\"name\":\"Kemper (Quimper) : fusillade dans le quartier multiculturel de Kermoysan (le quartier avait \u00e9t\u00e9 r\u00e9nov\u00e9 pour 70 millions d'euros) - STOURM\",\"isPartOf\":{\"@id\":\"https:\/\/stourm.news\/#website\"},\"primaryImageOfPage\":{\"@id\":\"https:\/\/stourm.news\/?p=3919#primaryimage\"},\"image\":{\"@id\":\"https:\/\/stourm.news\/?p=3919#primaryimage\"},\"thumbnailUrl\":\"https:\/\/stourm.news\/wp-content\/uploads\/2025\/04\/651d93f1e5a186584a7f90ff.webp\",\"datePublished\":\"2025-04-24T09:52:08+00:00\",\"dateModified\":\"2025-04-24T09:55:19+00:00\",\"breadcrumb\":{\"@id\":\"https:\/\/stourm.news\/?p=3919#breadcrumb\"},\"inLanguage\":\"fr-FR\",\"potentialAction\":[{\"@type\":\"ReadAction\",\"target\":[\"https:\/\/stourm.news\/?p=3919\"]}]},{\"@type\":\"ImageObject\",\"inLanguage\":\"fr-FR\",\"@id\":\"https:\/\/stourm.news\/?p=3919#primaryimage\",\"url\":\"https:\/\/stourm.news\/wp-content\/uploads\/2025\/04\/651d93f1e5a186584a7f90ff.webp\",\"contentUrl\":\"https:\/\/stourm.news\/wp-content\/uploads\/2025\/04\/651d93f1e5a186584a7f90ff.webp\",\"width\":1200,\"height\":750},{\"@type\":\"BreadcrumbList\",\"@id\":\"https:\/\/stourm.news\/?p=3919#breadcrumb\",\"itemListElement\":[{\"@type\":\"ListItem\",\"position\":1,\"name\":\"Accueil\",\"item\":\"https:\/\/stourm.news\/\"},{\"@type\":\"ListItem\",\"position\":2,\"name\":\"Kemper (Quimper) : fusillade dans le quartier multiculturel de Kermoysan (le quartier avait \u00e9t\u00e9 r\u00e9nov\u00e9 pour 70 millions d&rsquo;euros)\"}]},{\"@type\":\"WebSite\",\"@id\":\"https:\/\/stourm.news\/#website\",\"url\":\"https:\/\/stourm.news\/\",\"name\":\"Stourm\",\"description\":\"Kazetenn Strollad Broadel Breizh\",\"publisher\":{\"@id\":\"https:\/\/stourm.news\/#organization\"},\"potentialAction\":[{\"@type\":\"SearchAction\",\"target\":{\"@type\":\"EntryPoint\",\"urlTemplate\":\"https:\/\/stourm.news\/?s={search_term_string}\"},\"query-input\":{\"@type\":\"PropertyValueSpecification\",\"valueRequired\":true,\"valueName\":\"search_term_string\"}}],\"inLanguage\":\"fr-FR\"},{\"@type\":\"Organization\",\"@id\":\"https:\/\/stourm.news\/#organization\",\"name\":\"Stourm\",\"url\":\"https:\/\/stourm.news\/\",\"logo\":{\"@type\":\"ImageObject\",\"inLanguage\":\"fr-FR\",\"@id\":\"https:\/\/stourm.news\/#\/schema\/logo\/image\/\",\"url\":\"https:\/\/stourm.news\/wp-content\/uploads\/2025\/11\/cropped-Capture-decran-2025-11-28-a-15.19.07.png\",\"contentUrl\":\"https:\/\/stourm.news\/wp-content\/uploads\/2025\/11\/cropped-Capture-decran-2025-11-28-a-15.19.07.png\",\"width\":1855,\"height\":383,\"caption\":\"Stourm\"},\"image\":{\"@id\":\"https:\/\/stourm.news\/#\/schema\/logo\/image\/\"},\"sameAs\":[\"https:\/\/www.facebook.com\/stourmnews\/\"]},{\"@type\":\"Person\",\"@id\":\"https:\/\/stourm.news\/#\/schema\/person\/c3e1dc65988632e190969234ef046cf9\",\"name\":\"La r\u00e9daction\",\"image\":{\"@type\":\"ImageObject\",\"inLanguage\":\"fr-FR\",\"@id\":\"https:\/\/stourm.news\/#\/schema\/person\/image\/\",\"url\":\"https:\/\/secure.gravatar.com\/avatar\/7463443f194b6b5fb706b074ca0ef59a0cfcfd720cb47764b0ec5a952ce422b3?s=96&d=mm&r=g\",\"contentUrl\":\"https:\/\/secure.gravatar.com\/avatar\/7463443f194b6b5fb706b074ca0ef59a0cfcfd720cb47764b0ec5a952ce422b3?s=96&d=mm&r=g\",\"caption\":\"La r\u00e9daction\"},\"sameAs\":[\"https:\/\/stourm.news\"],\"url\":\"https:\/\/stourm.news\/?author=1\"}]}<\/script>\n<!-- \/ Yoast SEO plugin. -->","yoast_head_json":{"title":"Kemper (Quimper) : fusillade dans le quartier multiculturel de Kermoysan (le quartier avait \u00e9t\u00e9 r\u00e9nov\u00e9 pour 70 millions d'euros) - STOURM","robots":{"index":"index","follow":"follow","max-snippet":"max-snippet:-1","max-image-preview":"max-image-preview:large","max-video-preview":"max-video-preview:-1"},"canonical":"https:\/\/stourm.news\/?p=3919","og_locale":"fr_FR","og_type":"article","og_title":"Kemper (Quimper) : fusillade dans le quartier multiculturel de Kermoysan (le quartier avait \u00e9t\u00e9 r\u00e9nov\u00e9 pour 70 millions d'euros) - STOURM","og_description":"Dans l\u2019apr\u00e8s-midi du mercredi 23 avril 2025, un incident d\u2019une gravit\u00e9 rare a secou\u00e9 le quartier multiculturel de Kermoysan, \u00e0 Quimper. Comme le rapporte Olivier Scaglia dans un article publi\u00e9 le 24 avril 2025, un homme encagoul\u00e9, arm\u00e9 d\u2019une arme \u00e0 feu, a fait irruption sur l\u2019esplanade du Terrain Blanc. Selon les premiers t\u00e9moignages, il [&hellip;]","og_url":"https:\/\/stourm.news\/?p=3919","og_site_name":"STOURM","article_publisher":"https:\/\/www.facebook.com\/stourmnews\/","article_published_time":"2025-04-24T09:52:08+00:00","article_modified_time":"2025-04-24T09:55:19+00:00","og_image":[{"width":1200,"height":750,"url":"https:\/\/stourm.news\/wp-content\/uploads\/2025\/04\/651d93f1e5a186584a7f90ff.webp","type":"image\/webp"}],"author":"La r\u00e9daction","twitter_card":"summary_large_image","twitter_misc":{"\u00c9crit par":"La r\u00e9daction","Dur\u00e9e de lecture estim\u00e9e":"2 minutes"},"schema":{"@context":"https:\/\/schema.org","@graph":[{"@type":"Article","@id":"https:\/\/stourm.news\/?p=3919#article","isPartOf":{"@id":"https:\/\/stourm.news\/?p=3919"},"author":{"name":"La r\u00e9daction","@id":"https:\/\/stourm.news\/#\/schema\/person\/c3e1dc65988632e190969234ef046cf9"},"headline":"Kemper (Quimper) : fusillade dans le quartier multiculturel de Kermoysan (le quartier avait \u00e9t\u00e9 r\u00e9nov\u00e9 pour 70 millions d&rsquo;euros)","datePublished":"2025-04-24T09:52:08+00:00","dateModified":"2025-04-24T09:55:19+00:00","mainEntityOfPage":{"@id":"https:\/\/stourm.news\/?p=3919"},"wordCount":381,"commentCount":0,"publisher":{"@id":"https:\/\/stourm.news\/#organization"},"image":{"@id":"https:\/\/stourm.news\/?p=3919#primaryimage"},"thumbnailUrl":"https:\/\/stourm.news\/wp-content\/uploads\/2025\/04\/651d93f1e5a186584a7f90ff.webp","articleSection":["Finist\u00e8re","Principale","Soci\u00e9t\u00e9"],"inLanguage":"fr-FR","potentialAction":[{"@type":"CommentAction","name":"Comment","target":["https:\/\/stourm.news\/?p=3919#respond"]}]},{"@type":"WebPage","@id":"https:\/\/stourm.news\/?p=3919","url":"https:\/\/stourm.news\/?p=3919","name":"Kemper (Quimper) : fusillade dans le quartier multiculturel de Kermoysan (le quartier avait \u00e9t\u00e9 r\u00e9nov\u00e9 pour 70 millions d'euros) - STOURM","isPartOf":{"@id":"https:\/\/stourm.news\/#website"},"primaryImageOfPage":{"@id":"https:\/\/stourm.news\/?p=3919#primaryimage"},"image":{"@id":"https:\/\/stourm.news\/?p=3919#primaryimage"},"thumbnailUrl":"https:\/\/stourm.news\/wp-content\/uploads\/2025\/04\/651d93f1e5a186584a7f90ff.webp","datePublished":"2025-04-24T09:52:08+00:00","dateModified":"2025-04-24T09:55:19+00:00","breadcrumb":{"@id":"https:\/\/stourm.news\/?p=3919#breadcrumb"},"inLanguage":"fr-FR","potentialAction":[{"@type":"ReadAction","target":["https:\/\/stourm.news\/?p=3919"]}]},{"@type":"ImageObject","inLanguage":"fr-FR","@id":"https:\/\/stourm.news\/?p=3919#primaryimage","url":"https:\/\/stourm.news\/wp-content\/uploads\/2025\/04\/651d93f1e5a186584a7f90ff.webp","contentUrl":"https:\/\/stourm.news\/wp-content\/uploads\/2025\/04\/651d93f1e5a186584a7f90ff.webp","width":1200,"height":750},{"@type":"BreadcrumbList","@id":"https:\/\/stourm.news\/?p=3919#breadcrumb","itemListElement":[{"@type":"ListItem","position":1,"name":"Accueil","item":"https:\/\/stourm.news\/"},{"@type":"ListItem","position":2,"name":"Kemper (Quimper) : fusillade dans le quartier multiculturel de Kermoysan (le quartier avait \u00e9t\u00e9 r\u00e9nov\u00e9 pour 70 millions d&rsquo;euros)"}]},{"@type":"WebSite","@id":"https:\/\/stourm.news\/#website","url":"https:\/\/stourm.news\/","name":"Stourm","description":"Kazetenn Strollad Broadel Breizh","publisher":{"@id":"https:\/\/stourm.news\/#organization"},"potentialAction":[{"@type":"SearchAction","target":{"@type":"EntryPoint","urlTemplate":"https:\/\/stourm.news\/?s={search_term_string}"},"query-input":{"@type":"PropertyValueSpecification","valueRequired":true,"valueName":"search_term_string"}}],"inLanguage":"fr-FR"},{"@type":"Organization","@id":"https:\/\/stourm.news\/#organization","name":"Stourm","url":"https:\/\/stourm.news\/","logo":{"@type":"ImageObject","inLanguage":"fr-FR","@id":"https:\/\/stourm.news\/#\/schema\/logo\/image\/","url":"https:\/\/stourm.news\/wp-content\/uploads\/2025\/11\/cropped-Capture-decran-2025-11-28-a-15.19.07.png","contentUrl":"https:\/\/stourm.news\/wp-content\/uploads\/2025\/11\/cropped-Capture-decran-2025-11-28-a-15.19.07.png","width":1855,"height":383,"caption":"Stourm"},"image":{"@id":"https:\/\/stourm.news\/#\/schema\/logo\/image\/"},"sameAs":["https:\/\/www.facebook.com\/stourmnews\/"]},{"@type":"Person","@id":"https:\/\/stourm.news\/#\/schema\/person\/c3e1dc65988632e190969234ef046cf9","name":"La r\u00e9daction","image":{"@type":"ImageObject","inLanguage":"fr-FR","@id":"https:\/\/stourm.news\/#\/schema\/person\/image\/","url":"https:\/\/secure.gravatar.com\/avatar\/7463443f194b6b5fb706b074ca0ef59a0cfcfd720cb47764b0ec5a952ce422b3?s=96&d=mm&r=g","contentUrl":"https:\/\/secure.gravatar.com\/avatar\/7463443f194b6b5fb706b074ca0ef59a0cfcfd720cb47764b0ec5a952ce422b3?s=96&d=mm&r=g","caption":"La r\u00e9daction"},"sameAs":["https:\/\/stourm.news"],"url":"https:\/\/stourm.news\/?author=1"}]}},"_links":{"self":[{"href":"https:\/\/stourm.news\/index.php?rest_route=\/wp\/v2\/posts\/3919","targetHints":{"allow":["GET"]}}],"collection":[{"href":"https:\/\/stourm.news\/index.php?rest_route=\/wp\/v2\/posts"}],"about":[{"href":"https:\/\/stourm.news\/index.php?rest_route=\/wp\/v2\/types\/post"}],"author":[{"embeddable":true,"href":"https:\/\/stourm.news\/index.php?rest_route=\/wp\/v2\/users\/1"}],"replies":[{"embeddable":true,"href":"https:\/\/stourm.news\/index.php?rest_route=%2Fwp%2Fv2%2Fcomments&post=3919"}],"version-history":[{"count":4,"href":"https:\/\/stourm.news\/index.php?rest_route=\/wp\/v2\/posts\/3919\/revisions"}],"predecessor-version":[{"id":3924,"href":"https:\/\/stourm.news\/index.php?rest_route=\/wp\/v2\/posts\/3919\/revisions\/3924"}],"wp:featuredmedia":[{"embeddable":true,"href":"https:\/\/stourm.news\/index.php?rest_route=\/wp\/v2\/media\/3920"}],"wp:attachment":[{"href":"https:\/\/stourm.news\/index.php?rest_route=%2Fwp%2Fv2%2Fmedia&parent=3919"}],"wp:term":[{"taxonomy":"category","embeddable":true,"href":"https:\/\/stourm.news\/index.php?rest_route=%2Fwp%2Fv2%2Fcategories&post=3919"},{"taxonomy":"post_tag","embeddable":true,"href":"https:\/\/stourm.news\/index.php?rest_route=%2Fwp%2Fv2%2Ftags&post=3919"}],"curies":[{"name":"wp","href":"https:\/\/api.w.org\/{rel}","templated":true}]}}