{"id":3968,"date":"2025-05-01T05:09:48","date_gmt":"2025-05-01T05:09:48","guid":{"rendered":"https:\/\/stourm.news\/?p=3968"},"modified":"2025-05-01T05:09:48","modified_gmt":"2025-05-01T05:09:48","slug":"cuchulainn-le-heros-epique-de-la-mythologie-celtique-irlandaise","status":"publish","type":"post","link":"https:\/\/stourm.news\/?p=3968","title":{"rendered":"C\u00fachulainn : Le H\u00e9ros \u00c9pique de la Mythologie Celtique Irlandaise"},"content":{"rendered":"<p style=\"text-align: justify;\">Dans la riche tapisserie de la mythologie celtique, peu de figures brillent aussi intens\u00e9ment que C\u00fachulainn, le h\u00e9ros l\u00e9gendaire du Cycle d\u2019Ulster, \u00e9galement connu sous le nom de Cycle de la Branche Rouge. Surnomm\u00e9 le \u00ab Chien de Culann \u00bb et champion d\u2019Ulster, C\u00fachulainn incarne les id\u00e9aux celtiques de bravoure, d\u2019honneur et de connexion avec le divin.<\/p>\n<p style=\"text-align: justify;\"><strong>Origines et Identit\u00e9 de C\u00fachulainn<\/strong><\/p>\n<p style=\"text-align: justify;\">C\u00fachulainn, dont le nom de naissance est Setanta, est une figure centrale de la mythologie irlandaise, dont les r\u00e9cits ont \u00e9t\u00e9 consign\u00e9s par des moines chr\u00e9tiens entre le VIIIe et le XVe si\u00e8cle, bien qu\u2019ils proviennent d\u2019une tradition orale pr\u00e9chr\u00e9tienne. Sa double ascendance illustre son statut liminal entre le divin et l\u2019humain : il est le fils du dieu Lug, une divinit\u00e9 polyvalente associ\u00e9e \u00e0 la guerre, \u00e0 l\u2019artisanat et \u00e0 la souverainet\u00e9, et de Eithne, une figure divine. Humainement, il est issu de l\u2019union dans l\u2019Autre Monde du roi d\u2019Ulster Conchobar Mac Nessa et de sa s\u0153ur Deichtire.<\/p>\n<p><img fetchpriority=\"high\" decoding=\"async\" class=\"aligncenter\" src=\"https:\/\/preview.redd.it\/pagvf68imxr51.png?auto=webp&amp;s=de927ecb70be089848ae81fc13b25df18a50bda3\" width=\"483\" height=\"640\" \/><\/p>\n<p style=\"text-align: justify;\">Son surnom, C\u00fachulainn (\u00ab Chien de Culann \u00bb), provient d\u2019un \u00e9pisode de sa jeunesse : \u00e0 six ans, Setanta tue le molosse du forgeron Culann lors d\u2019un banquet. Par honneur, il promet de prot\u00e9ger Culann jusqu\u2019\u00e0 ce qu\u2019un nouveau chien soit dress\u00e9, assumant ainsi le r\u00f4le de gardien (T\u00e1in B\u00f3 C\u00faailnge, traduction de Christian-Joseph Guyonvarc\u2019h). Cet acte refl\u00e8te l\u2019importance celtique de l\u2019honneur personnel et de la responsabilit\u00e9 envers la communaut\u00e9.<\/p>\n<p style=\"text-align: justify;\"><strong>Exploits L\u00e9gendaires<\/strong><\/p>\n<p style=\"text-align: justify;\">Le r\u00e9cit le plus c\u00e9l\u00e8bre de C\u00fachulainn est la T\u00e1in B\u00f3 C\u00faailnge (\u00ab Razzia des Vaches de Cooley \u00bb), une \u00e9pop\u00e9e o\u00f9 il d\u00e9fend seul l\u2019Ulster contre l\u2019arm\u00e9e de la reine Medb du Connacht, qui cherche \u00e0 s\u2019emparer du taureau divin, le Brun de C\u00faalnge. \u00c0 dix-sept ans, C\u00fachulainn affronte des guerriers en combat singulier au gu\u00e9, utilisant sa force surhumaine et sa furie guerri\u00e8re, appel\u00e9e r\u00edastrad (distorsion guerri\u00e8re), o\u00f9 il se transforme en une figure monstrueuse, presque divine, capable de terrasser des arm\u00e9es (T\u00e1in B\u00f3 C\u00faailnge).<\/p>\n<p><img decoding=\"async\" class=\"alignnone size-medium\" src=\"https:\/\/pbs.twimg.com\/media\/FtUGQgAXgAEFO8t?format=jpg&amp;name=large\" width=\"2040\" height=\"1500\" \/><\/p>\n<p style=\"text-align: center;\"><em>Cuchulainn d&rsquo;Ulster chevauche son l\u00e9gendaire char \u00e0 faucilles contre les pillards du Connacht.<\/em><\/p>\n<p style=\"text-align: justify;\">D\u2019autres r\u00e9cits, comme le Serglige ConCulaind (\u00ab La Maladie de C\u00fachulainn \u00bb), montrent son interaction avec l\u2019Autre Monde. Il y rencontre Fand, \u00e9pouse du dieu marin Manannan Mac Lir, dans le sidh (r\u00e9sidence divine), mais son \u00e9pouse humaine Emer et les druides interviennent pour r\u00e9soudre le conflit. Ces \u00e9pisodes soulignent son r\u00f4le de pont entre le monde humain et le divin, une caract\u00e9ristique cl\u00e9 des h\u00e9ros celtiques.<\/p>\n<p style=\"text-align: justify;\"><strong>Signification des Actions de C\u00fachulainn<\/strong><\/p>\n<p style=\"text-align: justify;\">Les exploits de C\u00fachulainn ne sont pas de simples r\u00e9cits d\u2019h\u00e9ro\u00efsme ; ils portent des significations profondes dans le contexte celtique, refl\u00e9tant les valeurs et la cosmologie de cette soci\u00e9t\u00e9.<\/p>\n<p style=\"text-align: justify;\">Selon la th\u00e9orie trifonctionnelle de Georges Dum\u00e9zil, la soci\u00e9t\u00e9 celtique est structur\u00e9e en trois classes : sacerdotale (druides), guerri\u00e8re (aristocratie) et productrice (agriculteurs, artisans). C\u00fachulainn incarne la fonction guerri\u00e8re, prot\u00e9geant l\u2019Ulster au p\u00e9ril de sa vie. Ses combats singuliers au gu\u00e9 dans la T\u00e1in refl\u00e8tent le rituel celtique du duel, o\u00f9 le guerrier prouve sa valeur et obtient l\u2019approbation des dieux. Couper la t\u00eate de ses ennemis, comme le d\u00e9crivent les sources, est un acte rituel visant \u00e0 capturer leur force spirituelle, une pratique attest\u00e9e arch\u00e9ologiquement.<\/p>\n<p><img decoding=\"async\" class=\"alignnone size-medium\" src=\"https:\/\/roaringwaterjournal.com\/wp-content\/uploads\/2022\/01\/death-of-faerdeeah.jpeg?w=1200\" width=\"1200\" height=\"931\" \/><\/p>\n<p style=\"text-align: center;\"><em>La Razzia des Vaches de Cooley raconte l&rsquo;histoire de la reine Maeve, jalouse du taureau \u00e0 cornes blanches de son mari, qui d\u00e9cide d&rsquo;acqu\u00e9rir le taureau brun de Cooley, encore plus prestigieux, en Ulster, ignorant la pr\u00e9diction d&rsquo;une issue terrible si elle proc\u00e9dait ainsi. Les Ulstermen sont rendus incapables de se battre par une mal\u00e9diction, laissant le grand guerrier Cuchulain se battre seul &#8211; ce qui, soit dit en passant, ne le d\u00e9range pas, surtout une fois que son spasme de guerre, ou rage de vaincre, s&#8217;empare de lui. Cependant, \u00e0 la fin, il combat et tue son vieil ami et fr\u00e8re adoptif, Ferdia.<\/em><\/p>\n<p style=\"text-align: justify;\">L\u2019Autre Monde celtique, ou sidh, n\u2019est pas un lieu de morts mais la demeure des dieux et des esprits, accessible lors de f\u00eates comme Samain et Beltaine. Les voyages de C\u00fachulainn dans le sidh, comme dans le Serglige, symbolisent sa capacit\u00e9 \u00e0 naviguer entre les mondes, un trait r\u00e9serv\u00e9 aux h\u00e9ros et aux druides. Ces interactions renforcent l\u2019id\u00e9e celtique que les dieux influencent directement la vie humaine, et que les h\u00e9ros comme C\u00fachulainn sont des interm\u00e9diaires.<\/p>\n<p style=\"text-align: justify;\">La mort pr\u00e9matur\u00e9e de C\u00fachulainn, tu\u00e9 par une lance magique apr\u00e8s avoir viol\u00e9 des tabous (geasa), refl\u00e8te la notion celtique du sacrifice h\u00e9ro\u00efque. Les geasa, obligations magiques impos\u00e9es par les druides ou les dieux, lient le h\u00e9ros \u00e0 son destin. Sa mort, souvent dat\u00e9e symboliquement pr\u00e8s de Samain, p\u00e9riode de transition, sugg\u00e8re un passage rituel vers l\u2019Autre Monde, o\u00f9 il devient une figure immortelle.<\/p>\n<p style=\"text-align: justify;\"><strong>Contexte Social et Culturel<\/strong><\/p>\n<p style=\"text-align: justify;\">Le contexte social et culturel de C\u00fachulainn s\u2019inscrit dans l\u2019Irlande celtique protohistorique, une soci\u00e9t\u00e9 tribale organis\u00e9e en royaumes comme l\u2019Ulster, o\u00f9 les druides, bardes et guerriers jouaient des r\u00f4les cl\u00e9s.<\/p>\n<p style=\"text-align: justify;\">La soci\u00e9t\u00e9 celtique irlandaise valorisait l\u2019\u00e9quilibre entre les trois fonctions. Les druides, comme Cathbad, p\u00e8re de Conchobar, administraient le sacr\u00e9 et conseillaient les rois, tandis que les guerriers comme C\u00fachulainn d\u00e9fendaient la communaut\u00e9. C\u00fachulainn, form\u00e9 par des figures f\u00e9minines guerri\u00e8res comme Sc\u00e1thach, illustre l\u2019importance des femmes dans l\u2019\u00e9ducation martiale, un trait distinctif de la soci\u00e9t\u00e9 celtique o\u00f9 les femmes pouvaient occuper des r\u00f4les de pouvoir.<\/p>\n<p style=\"text-align: justify;\">Les exploits de C\u00fachulainn sont souvent li\u00e9s aux f\u00eates celtiques, notamment Beltaine (1er mai) et Samain (1er novembre), moments de transition o\u00f9 l\u2019Autre Monde s\u2019ouvrait. Ces f\u00eates \u00e9taient marqu\u00e9es par des banquets, des rites druidiques et des r\u00e9cits \u00e9piques, o\u00f9 les bardes exaltaient des h\u00e9ros comme C\u00fachulainn pour renforcer l\u2019unit\u00e9 tribale.<\/p>\n<p><img loading=\"lazy\" decoding=\"async\" class=\" aligncenter\" src=\"https:\/\/pbs.twimg.com\/media\/Ffi39rIWIAEQ5E5?format=png&amp;name=900x900\" width=\"439\" height=\"656\" \/><\/p>\n<p style=\"text-align: center;\"><em>Cuchulainn suit la roue brillante, illustration tir\u00e9e de \u00ab The Boys&rsquo; Cuchulainn \u00bb (1904) d&rsquo;Eleanor Hull, illustration de Stephen Reid<\/em><\/p>\n<p style=\"text-align: justify;\">Les druides privil\u00e9giaient l\u2019oralit\u00e9, consid\u00e9rant l\u2019\u00e9criture comme une \u00ab parole morte \u00bb. Les r\u00e9cits de C\u00fachulainn, transmis par les bardes, \u00e9taient m\u00e9moris\u00e9s sous forme de milliers de vers, garantissant leur p\u00e9rennit\u00e9 jusqu\u2019\u00e0 leur transcription par des moines chr\u00e9tiens. Cette christianisation a transform\u00e9 C\u00fachulainn en un h\u00e9ros historique plut\u00f4t qu\u2019une figure divine, comme dans le r\u00e9cit o\u00f9 il appara\u00eet \u00e0 saint Patrick pour convaincre le roi Loegaire de se convertir.<\/p>\n<p style=\"text-align: justify;\">La mythologie celtique envisage la nature comme anim\u00e9e, chaque \u00e9l\u00e9ment poss\u00e9dant un esprit. C\u00fachulainn, associ\u00e9 \u00e0 des animaux comme le chien (symbole de fid\u00e9lit\u00e9) et \u00e0 des transformations zoomorphiques (loup, anguille via la Morr\u00edgan dans la T\u00e1in), refl\u00e8te cette vision. Les lieux naturels, comme les gu\u00e9s ou les collines, sont des espaces sacr\u00e9s o\u00f9 ses combats prennent une dimension rituelle.<\/p>\n<p style=\"text-align: justify;\"><strong>Impact Culturel et H\u00e9ritage<\/strong><\/p>\n<p style=\"text-align: justify;\">C\u00fachulainn reste une figure embl\u00e9matique de l\u2019identit\u00e9 irlandaise. Son image de d\u00e9fenseur solitaire contre des forces \u00e9crasantes a inspir\u00e9 des mouvements nationalistes au XIXe et XXe si\u00e8cles, notamment lors de la lutte pour l\u2019ind\u00e9pendance irlandaise (Wikipedia: Irish Mythology). Ses r\u00e9cits, adapt\u00e9s dans la litt\u00e9rature moderne (ex. C\u00fachulainn de Georges Roth, 1995) et l\u2019art, t\u00e9moignent de la p\u00e9rennit\u00e9 de la mythologie celtique (Mythologie Celtique Irlandaise).<\/p>\n<p style=\"text-align: justify;\">Dans un contexte celtique, C\u00fachulainn symbolise l\u2019id\u00e9al du guerrier qui, par son courage et son sacrifice, maintient l\u2019\u00e9quilibre entre le monde humain et l\u2019Autre Monde. Son lien avec des d\u00e9esses guerri\u00e8res comme la Morr\u00edgan et Macha, qui guident ou provoquent les conflits, souligne l\u2019importance des divinit\u00e9s f\u00e9minines dans la mythologie celtique (Irish Mythology). Sa vie, marqu\u00e9e par des exploits et une mort tragique, incarne la tension celtique entre libert\u00e9 individuelle et devoir communautaire.<\/p>\n<p style=\"text-align: justify;\">C\u00fachulainn, h\u00e9ros du Cycle d\u2019Ulster, est bien plus qu\u2019un guerrier l\u00e9gendaire : il est un symbole des valeurs celtiques \u2013 honneur, bravoure, connexion avec le divin \u2013 et un reflet de la soci\u00e9t\u00e9 irlandaise protohistorique, organis\u00e9e autour de la trifonctionnalit\u00e9 et des rites saisonniers. Ses actions, qu\u2019il s\u2019agisse de d\u00e9fendre l\u2019Ulster ou de voyager dans l\u2019Autre Monde, r\u00e9v\u00e8lent une cosmologie o\u00f9 la nature, les dieux et les humains sont interconnect\u00e9s. Gr\u00e2ce \u00e0 la tradition orale pr\u00e9serv\u00e9e par les bardes et les moines, son h\u00e9ritage perdure, rappelant la richesse et la complexit\u00e9 de la mythologie celtique.<\/p>\n<p style=\"text-align: right;\"><strong>Olier Kerdrel<\/strong><\/p>\n<p style=\"text-align: justify;\"><strong>Sources :<\/strong><\/p>\n<ol>\n<li style=\"text-align: justify;\">Wikipedia: Religion des Celtes<\/li>\n<li style=\"text-align: justify;\">Wikipedia: Mythologie Celtique<\/li>\n<li style=\"text-align: justify;\">Wikipedia: Mythologie Celtique Irlandaise<\/li>\n<li style=\"text-align: justify;\">Wikipedia: Irish Mythology<\/li>\n<li style=\"text-align: justify;\">Encyclop\u00e6dia Universalis: Celtique Religion<\/li>\n<li style=\"text-align: justify;\">France Min\u00e9raux: Mythologie Celtique<\/li>\n<li style=\"text-align: justify;\">World History Encyclopedia: Ancient Celtic Religion<\/li>\n<li style=\"text-align: justify;\">World History Encyclopedia: Mort, Inhumation et Au-del\u00e0<\/li>\n<li style=\"text-align: justify;\">Pour la Science: L\u2019Origine Orientale de la Religion Celtique<\/li>\n<li style=\"text-align: justify;\">Cairn.info: Occultisme Celtique<\/li>\n<li style=\"text-align: justify;\">T\u00e1in B\u00f3 C\u00faailnge, trad. Christian-Joseph Guyonvarc\u2019h<\/li>\n<li style=\"text-align: justify;\">Roth, Georges, C\u00fachulainn, H\u00e9ros l\u00e9gendaire de l\u2019Irlande, 1995<\/li>\n<\/ol>\n","protected":false},"excerpt":{"rendered":"<p>Dans la riche tapisserie de la mythologie celtique, peu de figures brillent aussi intens\u00e9ment que C\u00fachulainn, le h\u00e9ros l\u00e9gendaire du Cycle d\u2019Ulster, \u00e9galement connu sous le nom de Cycle de la Branche Rouge. Surnomm\u00e9 le \u00ab Chien de Culann \u00bb et champion d\u2019Ulster, C\u00fachulainn incarne les id\u00e9aux celtiques de bravoure, d\u2019honneur et de connexion avec [&hellip;]<\/p>\n","protected":false},"author":1,"featured_media":3969,"comment_status":"open","ping_status":"open","sticky":false,"template":"","format":"standard","meta":{"sb_editor_width":"","footnotes":""},"categories":[84,65],"tags":[],"class_list":["post-3968","post","type-post","status-publish","format-standard","has-post-thumbnail","hentry","category-celtisme","category-principale"],"relative_dates":{"created":"12 mois ago","modified":"12 mois ago"},"yoast_head":"<!-- This site is optimized with the Yoast SEO plugin v26.3 - https:\/\/yoast.com\/wordpress\/plugins\/seo\/ -->\n<title>C\u00fachulainn : Le H\u00e9ros \u00c9pique de la Mythologie Celtique Irlandaise - STOURM<\/title>\n<meta name=\"robots\" content=\"index, follow, max-snippet:-1, max-image-preview:large, max-video-preview:-1\" \/>\n<link rel=\"canonical\" href=\"https:\/\/stourm.news\/?p=3968\" \/>\n<meta property=\"og:locale\" content=\"fr_FR\" \/>\n<meta property=\"og:type\" content=\"article\" \/>\n<meta property=\"og:title\" content=\"C\u00fachulainn : Le H\u00e9ros \u00c9pique de la Mythologie Celtique Irlandaise - STOURM\" \/>\n<meta property=\"og:description\" content=\"Dans la riche tapisserie de la mythologie celtique, peu de figures brillent aussi intens\u00e9ment que C\u00fachulainn, le h\u00e9ros l\u00e9gendaire du Cycle d\u2019Ulster, \u00e9galement connu sous le nom de Cycle de la Branche Rouge. Surnomm\u00e9 le \u00ab Chien de Culann \u00bb et champion d\u2019Ulster, C\u00fachulainn incarne les id\u00e9aux celtiques de bravoure, d\u2019honneur et de connexion avec [&hellip;]\" \/>\n<meta property=\"og:url\" content=\"https:\/\/stourm.news\/?p=3968\" \/>\n<meta property=\"og:site_name\" content=\"STOURM\" \/>\n<meta property=\"article:publisher\" content=\"https:\/\/www.facebook.com\/stourmnews\/\" \/>\n<meta property=\"article:published_time\" content=\"2025-05-01T05:09:48+00:00\" \/>\n<meta property=\"og:image\" content=\"https:\/\/stourm.news\/wp-content\/uploads\/2025\/05\/Capture-decran-2025-05-01-a-14.08.10-1024x640.png\" \/>\n\t<meta property=\"og:image:width\" content=\"1024\" \/>\n\t<meta property=\"og:image:height\" content=\"640\" \/>\n\t<meta property=\"og:image:type\" content=\"image\/png\" \/>\n<meta name=\"author\" content=\"La r\u00e9daction\" \/>\n<meta name=\"twitter:card\" content=\"summary_large_image\" \/>\n<meta name=\"twitter:label1\" content=\"\u00c9crit par\" \/>\n\t<meta name=\"twitter:data1\" content=\"La r\u00e9daction\" \/>\n\t<meta name=\"twitter:label2\" content=\"Dur\u00e9e de lecture estim\u00e9e\" \/>\n\t<meta name=\"twitter:data2\" content=\"8 minutes\" \/>\n<script type=\"application\/ld+json\" class=\"yoast-schema-graph\">{\"@context\":\"https:\/\/schema.org\",\"@graph\":[{\"@type\":\"Article\",\"@id\":\"https:\/\/stourm.news\/?p=3968#article\",\"isPartOf\":{\"@id\":\"https:\/\/stourm.news\/?p=3968\"},\"author\":{\"name\":\"La r\u00e9daction\",\"@id\":\"https:\/\/stourm.news\/#\/schema\/person\/c3e1dc65988632e190969234ef046cf9\"},\"headline\":\"C\u00fachulainn : Le H\u00e9ros \u00c9pique de la Mythologie Celtique Irlandaise\",\"datePublished\":\"2025-05-01T05:09:48+00:00\",\"mainEntityOfPage\":{\"@id\":\"https:\/\/stourm.news\/?p=3968\"},\"wordCount\":1586,\"commentCount\":0,\"publisher\":{\"@id\":\"https:\/\/stourm.news\/#organization\"},\"image\":{\"@id\":\"https:\/\/stourm.news\/?p=3968#primaryimage\"},\"thumbnailUrl\":\"https:\/\/stourm.news\/wp-content\/uploads\/2025\/05\/Capture-decran-2025-05-01-a-14.08.10.png\",\"articleSection\":[\"Celtisme\",\"Principale\"],\"inLanguage\":\"fr-FR\",\"potentialAction\":[{\"@type\":\"CommentAction\",\"name\":\"Comment\",\"target\":[\"https:\/\/stourm.news\/?p=3968#respond\"]}]},{\"@type\":\"WebPage\",\"@id\":\"https:\/\/stourm.news\/?p=3968\",\"url\":\"https:\/\/stourm.news\/?p=3968\",\"name\":\"C\u00fachulainn : Le H\u00e9ros \u00c9pique de la Mythologie Celtique Irlandaise - STOURM\",\"isPartOf\":{\"@id\":\"https:\/\/stourm.news\/#website\"},\"primaryImageOfPage\":{\"@id\":\"https:\/\/stourm.news\/?p=3968#primaryimage\"},\"image\":{\"@id\":\"https:\/\/stourm.news\/?p=3968#primaryimage\"},\"thumbnailUrl\":\"https:\/\/stourm.news\/wp-content\/uploads\/2025\/05\/Capture-decran-2025-05-01-a-14.08.10.png\",\"datePublished\":\"2025-05-01T05:09:48+00:00\",\"breadcrumb\":{\"@id\":\"https:\/\/stourm.news\/?p=3968#breadcrumb\"},\"inLanguage\":\"fr-FR\",\"potentialAction\":[{\"@type\":\"ReadAction\",\"target\":[\"https:\/\/stourm.news\/?p=3968\"]}]},{\"@type\":\"ImageObject\",\"inLanguage\":\"fr-FR\",\"@id\":\"https:\/\/stourm.news\/?p=3968#primaryimage\",\"url\":\"https:\/\/stourm.news\/wp-content\/uploads\/2025\/05\/Capture-decran-2025-05-01-a-14.08.10.png\",\"contentUrl\":\"https:\/\/stourm.news\/wp-content\/uploads\/2025\/05\/Capture-decran-2025-05-01-a-14.08.10.png\",\"width\":1366,\"height\":854},{\"@type\":\"BreadcrumbList\",\"@id\":\"https:\/\/stourm.news\/?p=3968#breadcrumb\",\"itemListElement\":[{\"@type\":\"ListItem\",\"position\":1,\"name\":\"Accueil\",\"item\":\"https:\/\/stourm.news\/\"},{\"@type\":\"ListItem\",\"position\":2,\"name\":\"C\u00fachulainn : Le H\u00e9ros \u00c9pique de la Mythologie Celtique Irlandaise\"}]},{\"@type\":\"WebSite\",\"@id\":\"https:\/\/stourm.news\/#website\",\"url\":\"https:\/\/stourm.news\/\",\"name\":\"Stourm\",\"description\":\"Kazetenn Strollad Broadel Breizh\",\"publisher\":{\"@id\":\"https:\/\/stourm.news\/#organization\"},\"potentialAction\":[{\"@type\":\"SearchAction\",\"target\":{\"@type\":\"EntryPoint\",\"urlTemplate\":\"https:\/\/stourm.news\/?s={search_term_string}\"},\"query-input\":{\"@type\":\"PropertyValueSpecification\",\"valueRequired\":true,\"valueName\":\"search_term_string\"}}],\"inLanguage\":\"fr-FR\"},{\"@type\":\"Organization\",\"@id\":\"https:\/\/stourm.news\/#organization\",\"name\":\"Stourm\",\"url\":\"https:\/\/stourm.news\/\",\"logo\":{\"@type\":\"ImageObject\",\"inLanguage\":\"fr-FR\",\"@id\":\"https:\/\/stourm.news\/#\/schema\/logo\/image\/\",\"url\":\"https:\/\/stourm.news\/wp-content\/uploads\/2025\/11\/cropped-Capture-decran-2025-11-28-a-15.19.07.png\",\"contentUrl\":\"https:\/\/stourm.news\/wp-content\/uploads\/2025\/11\/cropped-Capture-decran-2025-11-28-a-15.19.07.png\",\"width\":1855,\"height\":383,\"caption\":\"Stourm\"},\"image\":{\"@id\":\"https:\/\/stourm.news\/#\/schema\/logo\/image\/\"},\"sameAs\":[\"https:\/\/www.facebook.com\/stourmnews\/\"]},{\"@type\":\"Person\",\"@id\":\"https:\/\/stourm.news\/#\/schema\/person\/c3e1dc65988632e190969234ef046cf9\",\"name\":\"La r\u00e9daction\",\"image\":{\"@type\":\"ImageObject\",\"inLanguage\":\"fr-FR\",\"@id\":\"https:\/\/stourm.news\/#\/schema\/person\/image\/\",\"url\":\"https:\/\/secure.gravatar.com\/avatar\/7463443f194b6b5fb706b074ca0ef59a0cfcfd720cb47764b0ec5a952ce422b3?s=96&d=mm&r=g\",\"contentUrl\":\"https:\/\/secure.gravatar.com\/avatar\/7463443f194b6b5fb706b074ca0ef59a0cfcfd720cb47764b0ec5a952ce422b3?s=96&d=mm&r=g\",\"caption\":\"La r\u00e9daction\"},\"sameAs\":[\"https:\/\/stourm.news\"],\"url\":\"https:\/\/stourm.news\/?author=1\"}]}<\/script>\n<!-- \/ Yoast SEO plugin. -->","yoast_head_json":{"title":"C\u00fachulainn : Le H\u00e9ros \u00c9pique de la Mythologie Celtique Irlandaise - STOURM","robots":{"index":"index","follow":"follow","max-snippet":"max-snippet:-1","max-image-preview":"max-image-preview:large","max-video-preview":"max-video-preview:-1"},"canonical":"https:\/\/stourm.news\/?p=3968","og_locale":"fr_FR","og_type":"article","og_title":"C\u00fachulainn : Le H\u00e9ros \u00c9pique de la Mythologie Celtique Irlandaise - STOURM","og_description":"Dans la riche tapisserie de la mythologie celtique, peu de figures brillent aussi intens\u00e9ment que C\u00fachulainn, le h\u00e9ros l\u00e9gendaire du Cycle d\u2019Ulster, \u00e9galement connu sous le nom de Cycle de la Branche Rouge. Surnomm\u00e9 le \u00ab Chien de Culann \u00bb et champion d\u2019Ulster, C\u00fachulainn incarne les id\u00e9aux celtiques de bravoure, d\u2019honneur et de connexion avec [&hellip;]","og_url":"https:\/\/stourm.news\/?p=3968","og_site_name":"STOURM","article_publisher":"https:\/\/www.facebook.com\/stourmnews\/","article_published_time":"2025-05-01T05:09:48+00:00","og_image":[{"width":1024,"height":640,"url":"https:\/\/stourm.news\/wp-content\/uploads\/2025\/05\/Capture-decran-2025-05-01-a-14.08.10-1024x640.png","type":"image\/png"}],"author":"La r\u00e9daction","twitter_card":"summary_large_image","twitter_misc":{"\u00c9crit par":"La r\u00e9daction","Dur\u00e9e de lecture estim\u00e9e":"8 minutes"},"schema":{"@context":"https:\/\/schema.org","@graph":[{"@type":"Article","@id":"https:\/\/stourm.news\/?p=3968#article","isPartOf":{"@id":"https:\/\/stourm.news\/?p=3968"},"author":{"name":"La r\u00e9daction","@id":"https:\/\/stourm.news\/#\/schema\/person\/c3e1dc65988632e190969234ef046cf9"},"headline":"C\u00fachulainn : Le H\u00e9ros \u00c9pique de la Mythologie Celtique Irlandaise","datePublished":"2025-05-01T05:09:48+00:00","mainEntityOfPage":{"@id":"https:\/\/stourm.news\/?p=3968"},"wordCount":1586,"commentCount":0,"publisher":{"@id":"https:\/\/stourm.news\/#organization"},"image":{"@id":"https:\/\/stourm.news\/?p=3968#primaryimage"},"thumbnailUrl":"https:\/\/stourm.news\/wp-content\/uploads\/2025\/05\/Capture-decran-2025-05-01-a-14.08.10.png","articleSection":["Celtisme","Principale"],"inLanguage":"fr-FR","potentialAction":[{"@type":"CommentAction","name":"Comment","target":["https:\/\/stourm.news\/?p=3968#respond"]}]},{"@type":"WebPage","@id":"https:\/\/stourm.news\/?p=3968","url":"https:\/\/stourm.news\/?p=3968","name":"C\u00fachulainn : Le H\u00e9ros \u00c9pique de la Mythologie Celtique Irlandaise - STOURM","isPartOf":{"@id":"https:\/\/stourm.news\/#website"},"primaryImageOfPage":{"@id":"https:\/\/stourm.news\/?p=3968#primaryimage"},"image":{"@id":"https:\/\/stourm.news\/?p=3968#primaryimage"},"thumbnailUrl":"https:\/\/stourm.news\/wp-content\/uploads\/2025\/05\/Capture-decran-2025-05-01-a-14.08.10.png","datePublished":"2025-05-01T05:09:48+00:00","breadcrumb":{"@id":"https:\/\/stourm.news\/?p=3968#breadcrumb"},"inLanguage":"fr-FR","potentialAction":[{"@type":"ReadAction","target":["https:\/\/stourm.news\/?p=3968"]}]},{"@type":"ImageObject","inLanguage":"fr-FR","@id":"https:\/\/stourm.news\/?p=3968#primaryimage","url":"https:\/\/stourm.news\/wp-content\/uploads\/2025\/05\/Capture-decran-2025-05-01-a-14.08.10.png","contentUrl":"https:\/\/stourm.news\/wp-content\/uploads\/2025\/05\/Capture-decran-2025-05-01-a-14.08.10.png","width":1366,"height":854},{"@type":"BreadcrumbList","@id":"https:\/\/stourm.news\/?p=3968#breadcrumb","itemListElement":[{"@type":"ListItem","position":1,"name":"Accueil","item":"https:\/\/stourm.news\/"},{"@type":"ListItem","position":2,"name":"C\u00fachulainn : Le H\u00e9ros \u00c9pique de la Mythologie Celtique Irlandaise"}]},{"@type":"WebSite","@id":"https:\/\/stourm.news\/#website","url":"https:\/\/stourm.news\/","name":"Stourm","description":"Kazetenn Strollad Broadel Breizh","publisher":{"@id":"https:\/\/stourm.news\/#organization"},"potentialAction":[{"@type":"SearchAction","target":{"@type":"EntryPoint","urlTemplate":"https:\/\/stourm.news\/?s={search_term_string}"},"query-input":{"@type":"PropertyValueSpecification","valueRequired":true,"valueName":"search_term_string"}}],"inLanguage":"fr-FR"},{"@type":"Organization","@id":"https:\/\/stourm.news\/#organization","name":"Stourm","url":"https:\/\/stourm.news\/","logo":{"@type":"ImageObject","inLanguage":"fr-FR","@id":"https:\/\/stourm.news\/#\/schema\/logo\/image\/","url":"https:\/\/stourm.news\/wp-content\/uploads\/2025\/11\/cropped-Capture-decran-2025-11-28-a-15.19.07.png","contentUrl":"https:\/\/stourm.news\/wp-content\/uploads\/2025\/11\/cropped-Capture-decran-2025-11-28-a-15.19.07.png","width":1855,"height":383,"caption":"Stourm"},"image":{"@id":"https:\/\/stourm.news\/#\/schema\/logo\/image\/"},"sameAs":["https:\/\/www.facebook.com\/stourmnews\/"]},{"@type":"Person","@id":"https:\/\/stourm.news\/#\/schema\/person\/c3e1dc65988632e190969234ef046cf9","name":"La r\u00e9daction","image":{"@type":"ImageObject","inLanguage":"fr-FR","@id":"https:\/\/stourm.news\/#\/schema\/person\/image\/","url":"https:\/\/secure.gravatar.com\/avatar\/7463443f194b6b5fb706b074ca0ef59a0cfcfd720cb47764b0ec5a952ce422b3?s=96&d=mm&r=g","contentUrl":"https:\/\/secure.gravatar.com\/avatar\/7463443f194b6b5fb706b074ca0ef59a0cfcfd720cb47764b0ec5a952ce422b3?s=96&d=mm&r=g","caption":"La r\u00e9daction"},"sameAs":["https:\/\/stourm.news"],"url":"https:\/\/stourm.news\/?author=1"}]}},"_links":{"self":[{"href":"https:\/\/stourm.news\/index.php?rest_route=\/wp\/v2\/posts\/3968","targetHints":{"allow":["GET"]}}],"collection":[{"href":"https:\/\/stourm.news\/index.php?rest_route=\/wp\/v2\/posts"}],"about":[{"href":"https:\/\/stourm.news\/index.php?rest_route=\/wp\/v2\/types\/post"}],"author":[{"embeddable":true,"href":"https:\/\/stourm.news\/index.php?rest_route=\/wp\/v2\/users\/1"}],"replies":[{"embeddable":true,"href":"https:\/\/stourm.news\/index.php?rest_route=%2Fwp%2Fv2%2Fcomments&post=3968"}],"version-history":[{"count":1,"href":"https:\/\/stourm.news\/index.php?rest_route=\/wp\/v2\/posts\/3968\/revisions"}],"predecessor-version":[{"id":3970,"href":"https:\/\/stourm.news\/index.php?rest_route=\/wp\/v2\/posts\/3968\/revisions\/3970"}],"wp:featuredmedia":[{"embeddable":true,"href":"https:\/\/stourm.news\/index.php?rest_route=\/wp\/v2\/media\/3969"}],"wp:attachment":[{"href":"https:\/\/stourm.news\/index.php?rest_route=%2Fwp%2Fv2%2Fmedia&parent=3968"}],"wp:term":[{"taxonomy":"category","embeddable":true,"href":"https:\/\/stourm.news\/index.php?rest_route=%2Fwp%2Fv2%2Fcategories&post=3968"},{"taxonomy":"post_tag","embeddable":true,"href":"https:\/\/stourm.news\/index.php?rest_route=%2Fwp%2Fv2%2Ftags&post=3968"}],"curies":[{"name":"wp","href":"https:\/\/api.w.org\/{rel}","templated":true}]}}