{"id":3972,"date":"2025-05-01T11:31:04","date_gmt":"2025-05-01T11:31:04","guid":{"rendered":"https:\/\/stourm.news\/?p=3972"},"modified":"2025-05-01T11:35:10","modified_gmt":"2025-05-01T11:35:10","slug":"linvention-de-jeanne-darc-retour-sur-une-fabrication-politique-hexagonale","status":"publish","type":"post","link":"https:\/\/stourm.news\/?p=3972","title":{"rendered":"L&rsquo;invention de Jeanne d&rsquo;Arc : retour sur une fabrication politique hexagonale"},"content":{"rendered":"<p style=\"text-align: justify;\">La canonisation de Jeanne d\u2019Arc en 1920, c\u00e9l\u00e9br\u00e9e comme un triomphe spirituel par l\u2019\u00c9glise catholique, est en r\u00e9alit\u00e9 une op\u00e9ration politique savamment orchestr\u00e9e. Cette entreprise, port\u00e9e par une alliance improbable entre le clerg\u00e9 catholique fran\u00e7ais, l\u2019extr\u00eame-droite monarchiste et le r\u00e9gime r\u00e9publicain, a cr\u00e9\u00e9 un mythe artificiel rapidement abandonn\u00e9. Son but ? Unifier les masses fran\u00e7aises autour d\u2019un nationalisme exacerb\u00e9, dirig\u00e9 contre l\u2019Allemagne dans le contexte tendu de l\u2019avant et de l&rsquo;apr\u00e8s-Premi\u00e8re Guerre mondiale.<\/p>\n<p style=\"text-align: justify;\"><strong>Le contexte : une France fractur\u00e9e et une Allemagne mena\u00e7ante<\/strong><\/p>\n<p style=\"text-align: justify;\">La canonisation de Jeanne d\u2019Arc intervient dans un moment cl\u00e9 de l\u2019histoire fran\u00e7aise. En 1920, la France sort victorieuse mais exsangue de la Premi\u00e8re Guerre mondiale. Les pertes humaines (1,4 million de morts) et les destructions mat\u00e9rielles laissent une soci\u00e9t\u00e9 divis\u00e9e, marqu\u00e9e par des tensions sociales, politiques et religieuses. La Troisi\u00e8me R\u00e9publique, en qu\u00eate de coh\u00e9sion nationale, doit \u00e9galement composer avec une Allemagne humili\u00e9e par le trait\u00e9 de Versailles (1919), mais toujours per\u00e7ue comme une menace. Dans ce climat, Jeanne d\u2019Arc devient un symbole f\u00e9d\u00e9rateur capable de transcender les clivages entre la droite catholique et la gauche r\u00e9publicaine.<\/p>\n<p><img fetchpriority=\"high\" decoding=\"async\" class=\"aligncenter\" src=\"https:\/\/www.jeanne-darc.info\/wp-content\/uploads\/2016\/04\/poster_xl_11.jpg\" width=\"518\" height=\"711\" \/><\/p>\n<p style=\"text-align: justify;\">L\u2019historien Jean Garrigues, dans Le Monde de la Belle \u00c9poque (2018), souligne que la canonisation de 1920 scelle une r\u00e9conciliation strat\u00e9gique entre l\u2019\u00c9glise catholique et la R\u00e9publique. Apr\u00e8s des d\u00e9cennies de conflits, marqu\u00e9es par la Commune de Paris (1871), l\u2019affaire Dreyfus (1894-1906) et la loi de s\u00e9paration de l\u2019\u00c9glise et de l\u2019\u00c9tat (1905), les deux forces trouvent en Jeanne un terrain d\u2019entente. Pour l\u2019\u00c9glise, elle est une sainte martyre ; pour la R\u00e9publique, une h\u00e9ro\u00efne nationale, sans dimension religieuse. Cette convergence n\u2019est pas spontan\u00e9e : elle r\u00e9pond \u00e0 un projet politique visant \u00e0 mobiliser les masses hexagonales autour d\u2019un r\u00e9cit national unificateur en vue d&rsquo;une mobilisation guerri\u00e8re.<\/p>\n<p style=\"text-align: justify;\"><strong>Les acteurs : une alliance opportuniste<\/strong><\/p>\n<p style=\"text-align: justify;\">Trois forces principales orchestrent cette canonisation : le clerg\u00e9 catholique, l\u2019extr\u00eame-droite monarchiste et le r\u00e9gime r\u00e9publicain. Chacune y trouve son int\u00e9r\u00eat, mais toutes convergent vers un objectif commun : renforcer l\u2019identit\u00e9 fran\u00e7aise face \u00e0 l\u2019Allemagne.<\/p>\n<p style=\"text-align: justify;\">1. Le clerg\u00e9 catholique : r\u00e9cup\u00e9rer Jeanne pour contrer la la\u00efcit\u00e9<\/p>\n<p style=\"text-align: justify;\">D\u00e8s la seconde moiti\u00e9 du XIXe si\u00e8cle, l\u2019\u00c9glise catholique fran\u00e7aise voit en Jeanne d\u2019Arc une arme contre la la\u00efcisation croissante de la soci\u00e9t\u00e9. En 1869, Mgr F\u00e9lix Dupanloup, \u00e9v\u00eaque d\u2019Orl\u00e9ans, fid\u00e8le du r\u00e9gime autoritaire de Napol\u00e9on III, lance officiellement le processus de canonisation. Ce choix n\u2019est pas anodin : Jeanne, morte br\u00fbl\u00e9e vive en 1431 apr\u00e8s un proc\u00e8s men\u00e9 par l\u2019\u00c9glise, incarne une figure de martyre susceptible de rallier les fid\u00e8les.<\/p>\n<p style=\"text-align: justify;\">Contrairement \u00e0 une l\u00e9gende issue du chauvinisme hexagonal, Jeanne d&rsquo;Arc a \u00e9t\u00e9 jug\u00e9e au terme d&rsquo;un proc\u00e8s r\u00e9gulier. Selon l\u2019historienne Colette Beaune (Jeanne d\u2019Arc : v\u00e9rit\u00e9s et l\u00e9gendes, 2004), le proc\u00e8s respecte scrupuleusement les proc\u00e9dures inquisitoriales d\u00e9finies par le droit canon au Moyen \u00c2ge. L\u2019Inquisition, institu\u00e9e pour traquer l\u2019h\u00e9r\u00e9sie, repose sur des interrogatoires rigoureux, la recherche de contradictions et l\u2019application de sanctions, y compris la peine de mort pour les relaps (ceux qui retombent dans l\u2019erreur apr\u00e8s avoir abjur\u00e9).<\/p>\n<p style=\"text-align: justify;\">Jeanne est accus\u00e9e de plusieurs chefs :<\/p>\n<ul>\n<li style=\"text-align: justify;\">Visions non valid\u00e9es : Elle affirme recevoir des messages de Dieu par l\u2019interm\u00e9diaire de saints, mais l\u2019\u00c9glise, seule autorit\u00e9 l\u00e9gitime pour authentifier de telles r\u00e9v\u00e9lations, les juge suspectes.<\/li>\n<li style=\"text-align: justify;\">Port de v\u00eatements masculins : Consid\u00e9r\u00e9 comme une violation des normes bibliques (Deut\u00e9ronome 22:5), ce choix est per\u00e7u comme un d\u00e9fi \u00e0 l\u2019ordre social et religieux.<\/li>\n<li style=\"text-align: justify;\">D\u00e9sob\u00e9issance : Jeanne refuse de se soumettre pleinement \u00e0 l\u2019autorit\u00e9 de l\u2019\u00c9glise, affirmant que ses visions priment sur les injonctions des clercs.<\/li>\n<\/ul>\n<p style=\"text-align: justify;\">Ces accusations, d\u00e9taill\u00e9es par Gerd Krumeich dans Jeanne d\u2019Arc en v\u00e9rit\u00e9 (2012), s\u2019inscrivent dans le cadre juridique de l\u2019\u00e9poque. Le tribunal, compos\u00e9 de th\u00e9ologiens et de juristes, suit les protocoles \u00e9tablis par des textes ou les d\u00e9cr\u00e9tales papales. Apr\u00e8s des semaines d\u2019interrogatoires, Jeanne signe une abjuration le 24 mai 1431, promettant de renoncer \u00e0 ses visions et \u00e0 ses habits masculins. Cependant, quelques jours plus tard, elle revient sur son reniement, reprenant ses v\u00eatements d\u2019homme. Par ce retour en arri\u00e8re, qualifi\u00e9e de relapse, elle scelle sciemment son sort : le 30 mai 1431, elle est br\u00fbl\u00e9e vive sur la place du Vieux-March\u00e9 \u00e0 Rouen.<\/p>\n<p style=\"text-align: justify;\">2. L\u2019extr\u00eame-droite monarchiste : un symbole contre la R\u00e9publique<\/p>\n<p style=\"text-align: justify;\">L\u2019historienne Colette Beaune, dans Jeanne d\u2019Arc : v\u00e9rit\u00e9s et l\u00e9gendes (2004), note que l\u2019\u00c9glise cherche \u00e0 reprendre la main sur une figure d\u00e9j\u00e0 popularis\u00e9e par des historiens r\u00e9publicains comme Jules Michelet. En la sanctifiant, elle esp\u00e8re contrer l\u2019influence des r\u00e9cits la\u00efcs qui pr\u00e9sentent Jeanne comme une h\u00e9ro\u00efne du peuple plut\u00f4t que comme une envoy\u00e9e divine.<\/p>\n<p style=\"text-align: justify;\">L\u2019extr\u00eame-droite monarchiste, incarn\u00e9e par des groupes comme l\u2019Action fran\u00e7aise de Charles Maurras, joue un r\u00f4le cl\u00e9 dans l\u2019exaltation de Jeanne. Pour ces nostalgiques de l\u2019Ancien R\u00e9gime, elle repr\u00e9sente une France \u00e9ternelle, catholique et royaliste, oppos\u00e9e \u00e0 la R\u00e9publique qu\u2019ils abhorrent. D\u00e8s les ann\u00e9es 1890, l\u2019Action fran\u00e7aise organise des p\u00e8lerinages \u00e0 Domr\u00e9my, lieu de naissance de Jeanne, et des manifestations \u00e0 Orl\u00e9ans. Gerd Krumeich, dans Jeanne d\u2019Arc en v\u00e9rit\u00e9 (2012), montre que les monarchistes utilisent Jeanne pour promouvoir un nationalisme o\u00f9 l\u2019Allemand remplace l\u2019Anglais comme ennemi h\u00e9r\u00e9ditaire. Cette rh\u00e9torique trouve un \u00e9cho particulier apr\u00e8s la guerre de 1870 et s\u2019amplifie apr\u00e8s 1918.<\/p>\n<p style=\"text-align: justify;\">3. Le r\u00e9gime r\u00e9publicain : une h\u00e9ro\u00efne pour unifier la nation<\/p>\n<p style=\"text-align: justify;\">Paradoxalement, la R\u00e9publique, pourtant anticl\u00e9ricale, s\u2019approprie \u00e9galement Jeanne. Depuis Jules Michelet, qui en fait une figure du peuple dans son Histoire de France (1841), Jeanne est int\u00e9gr\u00e9e au panth\u00e9on r\u00e9publicain. Apr\u00e8s la victoire de 1918, le gouvernement voit en elle un symbole capable de rassembler les Fran\u00e7ais, des socialistes aux conservateurs. En 1920, la f\u00eate nationale de Jeanne d\u2019Arc (deuxi\u00e8me dimanche de mai) est institu\u00e9e, un geste qui scelle l\u2019alliance avec l\u2019\u00c9glise. Selon l\u2019historienne Catherine Brice, dans Histoire de l\u2019Italie (1999), ce type de mythification est courant dans les nations post-guerre, o\u00f9 les figures historiques sont mobilis\u00e9es pour renforcer l\u2019unit\u00e9 nationale.<\/p>\n<p style=\"text-align: justify;\"><strong>Un mythe artificiel : la construction d\u2019une Jeanne nationale<\/strong><\/p>\n<p style=\"text-align: justify;\">La Jeanne d\u2019Arc canonis\u00e9e en 1920 n\u2019est pas la figure historique du XVe si\u00e8cle, mais un mythe soigneusement construit. Historiquement, Jeanne est une paysanne lorraine, anim\u00e9e par des visions religieuses, qui joue un r\u00f4le dans la lev\u00e9e du si\u00e8ge d\u2019Orl\u00e9ans (1429) et le couronnement de Charles VII. Cependant, comme le souligne Colette Beaune, son r\u00f4le strat\u00e9gique a \u00e9t\u00e9 exag\u00e9r\u00e9 par les chroniqueurs de l\u2019\u00e9poque, et son proc\u00e8s r\u00e9v\u00e8le une figure plus complexe, loin de l\u2019ic\u00f4ne univoque des XIXe et XXe si\u00e8cles. Elle est en outre largement oubli\u00e9e avant d&rsquo;\u00eatre exhum\u00e9e dans la deuxi\u00e8me moiti\u00e9 du XIXe si\u00e8cle.<\/p>\n<p style=\"text-align: justify;\">Le mythe de Jeanne repose sur plusieurs distorsions :<\/p>\n<p style=\"text-align: justify;\">Une h\u00e9ro\u00efne anti-anglaise, puis anti-allemande : \u00e0 l\u2019origine, Jeanne combat les Anglais dans le contexte de la guerre de Cent Ans. Au XIXe si\u00e8cle, l\u2019hostilit\u00e9 envers l\u2019Angleterre s\u2019estompe progressivement, et l\u2019Allemagne devient l\u2019ennemi principal, notamment apr\u00e8s la perte de l\u2019Alsace-Lorraine en 1871. Les r\u00e9cits nationalistes transforment Jeanne en une figure anti-germanique, un th\u00e8me amplifi\u00e9 apr\u00e8s 1918.<\/p>\n<p style=\"text-align: justify;\">Malgr\u00e9 son attachement \u00e0 la monarchie, Jeanne est pr\u00e9sent\u00e9e comme une h\u00e9ro\u00efne du peuple, une incarnation de la nation fran\u00e7aise. Cette r\u00e9\u00e9criture efface son contexte m\u00e9di\u00e9val pour la projeter dans une France moderne, nationale, qui n&rsquo;\u00e9merge qu&rsquo;\u00e0 la R\u00e9volution, 350 ans plus tard.<\/p>\n<p style=\"text-align: justify;\">En gommant ses ambigu\u00eft\u00e9s (son fanatisme religieux, ses \u00e9checs militaires apr\u00e8s 1429), le mythe fait de Jeanne un symbole consensuel, capable de rallier catholiques et la\u00efcs.<\/p>\n<p style=\"text-align: justify;\"><strong>Une op\u00e9ration contre l\u2019Allemagne<\/strong><\/p>\n<p style=\"text-align: justify;\">La canonisation de Jeanne d\u2019Arc s\u2019inscrit dans un climat de revanche contre l\u2019Allemagne. Apr\u00e8s le trait\u00e9 de Versailles, la France cherche \u00e0 maintenir sa supr\u00e9matie militaire et morale. Jeanne, pr\u00e9sent\u00e9e comme une guerri\u00e8re divine ayant sauv\u00e9 la France, devient un outil de propagande gouvernementale pour galvaniser les esprits. Des affiches, des statues et des c\u00e9l\u00e9brations dans tout le pays exaltent son image et un culte artificiel est impos\u00e9, tr\u00e8s rapidement abandonn\u00e9 dans une soci\u00e9t\u00e9 en mutation. Comme le note l\u2019historien Michel Lagr\u00e9e dans Religion et modernit\u00e9 en Bretagne (1990), la Bretagne, pourtant profond\u00e9ment catholique, est int\u00e9gr\u00e9e de force dans ce r\u00e9cit hexagonal, au d\u00e9triment de son identit\u00e9 propre. De 1429 \u00e0 1431, p\u00e9riode o\u00f9 Jeanne d&rsquo;Arc est active, la Bretagne, ind\u00e9pendante, observe une neutralit\u00e9 diplomatique et ne participe pas \u00e0 la guerre qui oppose le royaume d&rsquo;Angleterre au royaume de France. Cette r\u00e9alit\u00e9 rend d&rsquo;autant plus absurde la promotion d&rsquo;un mythe invent\u00e9 dans les \u00e9glises de Bretagne.<\/p>\n<p style=\"text-align: justify;\"><img decoding=\"async\" class=\"alignnone size-medium\" src=\"https:\/\/media.ouest-france.fr\/v1\/pictures\/MjAxOTExYzRlNzhjZTZmMDFjY2NiMjEwZjc3NmI5M2RlZjZiYzk?width=1260&amp;height=708&amp;focuspoint=50%2C25&amp;cropresize=1&amp;client_id=bpeditorial&amp;sign=d1fee114461a603bba21fee9e8062116ca53c13e68aec7a1b1708543cc774242\" width=\"1260\" height=\"708\" \/><\/p>\n<p style=\"text-align: center;\"><em>La statue de \u00ab\u00a0Jeanne d&rsquo;Arc\u00a0\u00bb install\u00e9e en 1919 sur le monument aux morts de\u00a0Langoat qui c\u00e9l\u00e8bre l&rsquo;imp\u00e9rialisme fran\u00e7ais<\/em><\/p>\n<p style=\"text-align: justify;\">Ce nationalisme anti-allemand n\u2019est pas sans cons\u00e9quences. En exaltant une France belliqueuse, le mythe de Jeanne marginalise les peuples sous occupation fran\u00e7aise, y compris les Bretons, dont la langue et les traditions sont r\u00e9prim\u00e9es sous la Troisi\u00e8me R\u00e9publique.<\/p>\n<p style=\"text-align: justify;\"><strong>Les historiens critiques : d\u00e9construire le mythe<\/strong><\/p>\n<p style=\"text-align: justify;\">Plusieurs historiens ont mis en lumi\u00e8re les manipulations entourant la canonisation de Jeanne d\u2019Arc. Colette Beaune (Jeanne d\u2019Arc : v\u00e9rit\u00e9s et l\u00e9gendes, 2004) montre comment Jeanne a \u00e9t\u00e9 transform\u00e9e en mythe national au XIXe si\u00e8cle, en gommant les asp\u00e9rit\u00e9s de son histoire. Elle insiste sur la r\u00e9\u00e9criture de son r\u00f4le pour en faire une figure anti-allemande.<\/p>\n<p style=\"text-align: justify;\">Gerd Krumeich (Jeanne d\u2019Arc en v\u00e9rit\u00e9, 2012) analyse l\u2019appropriation de Jeanne par l\u2019extr\u00eame-droite et son utilisation dans un nationalisme, notamment contre l\u2019Allemagne.<\/p>\n<p style=\"text-align: justify;\">Jean Garrigues (Le Monde de la Belle \u00c9poque, 2018) contextualise la canonisation comme une alliance strat\u00e9gique entre l\u2019\u00c9glise et la R\u00e9publique pour surmonter les divisions internes d&rsquo;une soci\u00e9t\u00e9 fran\u00e7aise en crise.<\/p>\n<p style=\"text-align: justify;\">Michel Lagr\u00e9e (Religion et modernit\u00e9 en Bretagne, 1990) explore comment la Bretagne, malgr\u00e9 sa ferveur catholique, a \u00e9t\u00e9 soumise \u00e0 une vision centralis\u00e9e du catholicisme fran\u00e7ais, incarn\u00e9e par des figures comme Jeanne.<\/p>\n<p style=\"text-align: justify;\"><strong>Une le\u00e7on pour la Bretagne<\/strong><\/p>\n<p style=\"text-align: justify;\">Pour les nationalistes bretons, la canonisation de Jeanne d\u2019Arc est un exemple criant de la mani\u00e8re dont l\u2019\u00c9tat fran\u00e7ais manipule l\u2019histoire pour servir ses int\u00e9r\u00eats. En Bretagne, o\u00f9 l\u2019identit\u00e9 culturelle des Bretons a \u00e9t\u00e9 syst\u00e9matiquement marginalis\u00e9e, ce mythe a contribu\u00e9 \u00e0 imposer une vision homog\u00e8ne de l&rsquo;Hexagone, au m\u00e9pris de l&rsquo;histoire nationale de la Bretagne.<\/p>\n<p style=\"text-align: justify;\">Paradoxalement, la figure de Jeanne d&rsquo;Arc est aujourd&rsquo;hui largement oubli\u00e9e par l&rsquo;\u00c9tat fran\u00e7ais qui avait pourtant cr\u00e9\u00e9 son mythe ex nihilo. On ne compte gu\u00e8re de c\u00e9l\u00e9brations en son honneur dans l&rsquo;Hexagone, \u00e0 l&rsquo;exception d&rsquo;Orl\u00e9ans pour des raisons touristiques. Produit d&rsquo;un bricolage politique \u00a0fran\u00e7ais \u00e0 l&rsquo;\u00e9poque des imp\u00e9rialismes, le mythe de Jeanne d&rsquo;Arc n&rsquo;a pas surv\u00e9cu au XXe si\u00e8cle. Cela rend la pr\u00e9sence d\u00e9su\u00e8te de statues ou de places en son honneur d&rsquo;autant plus odieuse en Bretagne, un pays victime de l&rsquo;imp\u00e9rialisme fran\u00e7ais que cette imposture a servi \u00e0 alimenter.<\/p>\n<p style=\"text-align: right;\"><strong>Olier Kerdrel<\/strong><\/p>\n<p style=\"text-align: justify;\"><strong>Sources :<\/strong><\/p>\n<ol>\n<li style=\"text-align: justify;\">Beaune, Colette. Jeanne d\u2019Arc : v\u00e9rit\u00e9s et l\u00e9gendes. Paris : Perrin, 2004.<\/li>\n<li style=\"text-align: justify;\">Krumeich, Gerd. Jeanne d\u2019Arc en v\u00e9rit\u00e9. Paris : Tallandier, 2012.<\/li>\n<li style=\"text-align: justify;\">Garrigues, Jean. Le Monde de la Belle \u00c9poque. Paris : Perrin, 2018.<\/li>\n<li style=\"text-align: justify;\">Lagr\u00e9e, Michel. Religion et modernit\u00e9 en Bretagne. Rennes : Presses Universitaires de Rennes, 1990.<\/li>\n<\/ol>\n","protected":false},"excerpt":{"rendered":"<p>La canonisation de Jeanne d\u2019Arc en 1920, c\u00e9l\u00e9br\u00e9e comme un triomphe spirituel par l\u2019\u00c9glise catholique, est en r\u00e9alit\u00e9 une op\u00e9ration politique savamment orchestr\u00e9e. Cette entreprise, port\u00e9e par une alliance improbable entre le clerg\u00e9 catholique fran\u00e7ais, l\u2019extr\u00eame-droite monarchiste et le r\u00e9gime r\u00e9publicain, a cr\u00e9\u00e9 un mythe artificiel rapidement abandonn\u00e9. Son but ? Unifier les masses fran\u00e7aises [&hellip;]<\/p>\n","protected":false},"author":1,"featured_media":3973,"comment_status":"open","ping_status":"open","sticky":false,"template":"","format":"standard","meta":{"sb_editor_width":"","footnotes":""},"categories":[75,65],"tags":[],"class_list":["post-3972","post","type-post","status-publish","format-standard","has-post-thumbnail","hentry","category-histoire","category-principale"],"relative_dates":{"created":"12 mois ago","modified":"12 mois ago"},"yoast_head":"<!-- This site is optimized with the Yoast SEO plugin v26.3 - https:\/\/yoast.com\/wordpress\/plugins\/seo\/ -->\n<title>L&#039;invention de Jeanne d&#039;Arc : retour sur une fabrication politique hexagonale - STOURM<\/title>\n<meta name=\"robots\" content=\"index, follow, max-snippet:-1, max-image-preview:large, max-video-preview:-1\" \/>\n<link rel=\"canonical\" href=\"https:\/\/stourm.news\/?p=3972\" \/>\n<meta property=\"og:locale\" content=\"fr_FR\" \/>\n<meta property=\"og:type\" content=\"article\" \/>\n<meta property=\"og:title\" content=\"L&#039;invention de Jeanne d&#039;Arc : retour sur une fabrication politique hexagonale - STOURM\" \/>\n<meta property=\"og:description\" content=\"La canonisation de Jeanne d\u2019Arc en 1920, c\u00e9l\u00e9br\u00e9e comme un triomphe spirituel par l\u2019\u00c9glise catholique, est en r\u00e9alit\u00e9 une op\u00e9ration politique savamment orchestr\u00e9e. Cette entreprise, port\u00e9e par une alliance improbable entre le clerg\u00e9 catholique fran\u00e7ais, l\u2019extr\u00eame-droite monarchiste et le r\u00e9gime r\u00e9publicain, a cr\u00e9\u00e9 un mythe artificiel rapidement abandonn\u00e9. Son but ? Unifier les masses fran\u00e7aises [&hellip;]\" \/>\n<meta property=\"og:url\" content=\"https:\/\/stourm.news\/?p=3972\" \/>\n<meta property=\"og:site_name\" content=\"STOURM\" \/>\n<meta property=\"article:publisher\" content=\"https:\/\/www.facebook.com\/stourmnews\/\" \/>\n<meta property=\"article:published_time\" content=\"2025-05-01T11:31:04+00:00\" \/>\n<meta property=\"article:modified_time\" content=\"2025-05-01T11:35:10+00:00\" \/>\n<meta property=\"og:image\" content=\"https:\/\/stourm.news\/wp-content\/uploads\/2025\/05\/jeanne-darc-et-le-general-de-gaulle-1959-archives-departementales-du-loiret-8ph-349.jpg\" \/>\n\t<meta property=\"og:image:width\" content=\"1200\" \/>\n\t<meta property=\"og:image:height\" content=\"905\" \/>\n\t<meta property=\"og:image:type\" content=\"image\/jpeg\" \/>\n<meta name=\"author\" content=\"La r\u00e9daction\" \/>\n<meta name=\"twitter:card\" content=\"summary_large_image\" \/>\n<meta name=\"twitter:label1\" content=\"\u00c9crit par\" \/>\n\t<meta name=\"twitter:data1\" content=\"La r\u00e9daction\" \/>\n\t<meta name=\"twitter:label2\" content=\"Dur\u00e9e de lecture estim\u00e9e\" \/>\n\t<meta name=\"twitter:data2\" content=\"10 minutes\" \/>\n<script type=\"application\/ld+json\" class=\"yoast-schema-graph\">{\"@context\":\"https:\/\/schema.org\",\"@graph\":[{\"@type\":\"Article\",\"@id\":\"https:\/\/stourm.news\/?p=3972#article\",\"isPartOf\":{\"@id\":\"https:\/\/stourm.news\/?p=3972\"},\"author\":{\"name\":\"La r\u00e9daction\",\"@id\":\"https:\/\/stourm.news\/#\/schema\/person\/c3e1dc65988632e190969234ef046cf9\"},\"headline\":\"L&rsquo;invention de Jeanne d&rsquo;Arc : retour sur une fabrication politique hexagonale\",\"datePublished\":\"2025-05-01T11:31:04+00:00\",\"dateModified\":\"2025-05-01T11:35:10+00:00\",\"mainEntityOfPage\":{\"@id\":\"https:\/\/stourm.news\/?p=3972\"},\"wordCount\":2078,\"commentCount\":0,\"publisher\":{\"@id\":\"https:\/\/stourm.news\/#organization\"},\"image\":{\"@id\":\"https:\/\/stourm.news\/?p=3972#primaryimage\"},\"thumbnailUrl\":\"https:\/\/stourm.news\/wp-content\/uploads\/2025\/05\/jeanne-darc-et-le-general-de-gaulle-1959-archives-departementales-du-loiret-8ph-349.jpg\",\"articleSection\":[\"Histoire\",\"Principale\"],\"inLanguage\":\"fr-FR\",\"potentialAction\":[{\"@type\":\"CommentAction\",\"name\":\"Comment\",\"target\":[\"https:\/\/stourm.news\/?p=3972#respond\"]}]},{\"@type\":\"WebPage\",\"@id\":\"https:\/\/stourm.news\/?p=3972\",\"url\":\"https:\/\/stourm.news\/?p=3972\",\"name\":\"L'invention de Jeanne d'Arc : retour sur une fabrication politique hexagonale - STOURM\",\"isPartOf\":{\"@id\":\"https:\/\/stourm.news\/#website\"},\"primaryImageOfPage\":{\"@id\":\"https:\/\/stourm.news\/?p=3972#primaryimage\"},\"image\":{\"@id\":\"https:\/\/stourm.news\/?p=3972#primaryimage\"},\"thumbnailUrl\":\"https:\/\/stourm.news\/wp-content\/uploads\/2025\/05\/jeanne-darc-et-le-general-de-gaulle-1959-archives-departementales-du-loiret-8ph-349.jpg\",\"datePublished\":\"2025-05-01T11:31:04+00:00\",\"dateModified\":\"2025-05-01T11:35:10+00:00\",\"breadcrumb\":{\"@id\":\"https:\/\/stourm.news\/?p=3972#breadcrumb\"},\"inLanguage\":\"fr-FR\",\"potentialAction\":[{\"@type\":\"ReadAction\",\"target\":[\"https:\/\/stourm.news\/?p=3972\"]}]},{\"@type\":\"ImageObject\",\"inLanguage\":\"fr-FR\",\"@id\":\"https:\/\/stourm.news\/?p=3972#primaryimage\",\"url\":\"https:\/\/stourm.news\/wp-content\/uploads\/2025\/05\/jeanne-darc-et-le-general-de-gaulle-1959-archives-departementales-du-loiret-8ph-349.jpg\",\"contentUrl\":\"https:\/\/stourm.news\/wp-content\/uploads\/2025\/05\/jeanne-darc-et-le-general-de-gaulle-1959-archives-departementales-du-loiret-8ph-349.jpg\",\"width\":1200,\"height\":905},{\"@type\":\"BreadcrumbList\",\"@id\":\"https:\/\/stourm.news\/?p=3972#breadcrumb\",\"itemListElement\":[{\"@type\":\"ListItem\",\"position\":1,\"name\":\"Accueil\",\"item\":\"https:\/\/stourm.news\/\"},{\"@type\":\"ListItem\",\"position\":2,\"name\":\"L&rsquo;invention de Jeanne d&rsquo;Arc : retour sur une fabrication politique hexagonale\"}]},{\"@type\":\"WebSite\",\"@id\":\"https:\/\/stourm.news\/#website\",\"url\":\"https:\/\/stourm.news\/\",\"name\":\"Stourm\",\"description\":\"Kazetenn Strollad Broadel Breizh\",\"publisher\":{\"@id\":\"https:\/\/stourm.news\/#organization\"},\"potentialAction\":[{\"@type\":\"SearchAction\",\"target\":{\"@type\":\"EntryPoint\",\"urlTemplate\":\"https:\/\/stourm.news\/?s={search_term_string}\"},\"query-input\":{\"@type\":\"PropertyValueSpecification\",\"valueRequired\":true,\"valueName\":\"search_term_string\"}}],\"inLanguage\":\"fr-FR\"},{\"@type\":\"Organization\",\"@id\":\"https:\/\/stourm.news\/#organization\",\"name\":\"Stourm\",\"url\":\"https:\/\/stourm.news\/\",\"logo\":{\"@type\":\"ImageObject\",\"inLanguage\":\"fr-FR\",\"@id\":\"https:\/\/stourm.news\/#\/schema\/logo\/image\/\",\"url\":\"https:\/\/stourm.news\/wp-content\/uploads\/2025\/11\/cropped-Capture-decran-2025-11-28-a-15.19.07.png\",\"contentUrl\":\"https:\/\/stourm.news\/wp-content\/uploads\/2025\/11\/cropped-Capture-decran-2025-11-28-a-15.19.07.png\",\"width\":1855,\"height\":383,\"caption\":\"Stourm\"},\"image\":{\"@id\":\"https:\/\/stourm.news\/#\/schema\/logo\/image\/\"},\"sameAs\":[\"https:\/\/www.facebook.com\/stourmnews\/\"]},{\"@type\":\"Person\",\"@id\":\"https:\/\/stourm.news\/#\/schema\/person\/c3e1dc65988632e190969234ef046cf9\",\"name\":\"La r\u00e9daction\",\"image\":{\"@type\":\"ImageObject\",\"inLanguage\":\"fr-FR\",\"@id\":\"https:\/\/stourm.news\/#\/schema\/person\/image\/\",\"url\":\"https:\/\/secure.gravatar.com\/avatar\/7463443f194b6b5fb706b074ca0ef59a0cfcfd720cb47764b0ec5a952ce422b3?s=96&d=mm&r=g\",\"contentUrl\":\"https:\/\/secure.gravatar.com\/avatar\/7463443f194b6b5fb706b074ca0ef59a0cfcfd720cb47764b0ec5a952ce422b3?s=96&d=mm&r=g\",\"caption\":\"La r\u00e9daction\"},\"sameAs\":[\"https:\/\/stourm.news\"],\"url\":\"https:\/\/stourm.news\/?author=1\"}]}<\/script>\n<!-- \/ Yoast SEO plugin. -->","yoast_head_json":{"title":"L'invention de Jeanne d'Arc : retour sur une fabrication politique hexagonale - STOURM","robots":{"index":"index","follow":"follow","max-snippet":"max-snippet:-1","max-image-preview":"max-image-preview:large","max-video-preview":"max-video-preview:-1"},"canonical":"https:\/\/stourm.news\/?p=3972","og_locale":"fr_FR","og_type":"article","og_title":"L'invention de Jeanne d'Arc : retour sur une fabrication politique hexagonale - STOURM","og_description":"La canonisation de Jeanne d\u2019Arc en 1920, c\u00e9l\u00e9br\u00e9e comme un triomphe spirituel par l\u2019\u00c9glise catholique, est en r\u00e9alit\u00e9 une op\u00e9ration politique savamment orchestr\u00e9e. Cette entreprise, port\u00e9e par une alliance improbable entre le clerg\u00e9 catholique fran\u00e7ais, l\u2019extr\u00eame-droite monarchiste et le r\u00e9gime r\u00e9publicain, a cr\u00e9\u00e9 un mythe artificiel rapidement abandonn\u00e9. Son but ? Unifier les masses fran\u00e7aises [&hellip;]","og_url":"https:\/\/stourm.news\/?p=3972","og_site_name":"STOURM","article_publisher":"https:\/\/www.facebook.com\/stourmnews\/","article_published_time":"2025-05-01T11:31:04+00:00","article_modified_time":"2025-05-01T11:35:10+00:00","og_image":[{"width":1200,"height":905,"url":"https:\/\/stourm.news\/wp-content\/uploads\/2025\/05\/jeanne-darc-et-le-general-de-gaulle-1959-archives-departementales-du-loiret-8ph-349.jpg","type":"image\/jpeg"}],"author":"La r\u00e9daction","twitter_card":"summary_large_image","twitter_misc":{"\u00c9crit par":"La r\u00e9daction","Dur\u00e9e de lecture estim\u00e9e":"10 minutes"},"schema":{"@context":"https:\/\/schema.org","@graph":[{"@type":"Article","@id":"https:\/\/stourm.news\/?p=3972#article","isPartOf":{"@id":"https:\/\/stourm.news\/?p=3972"},"author":{"name":"La r\u00e9daction","@id":"https:\/\/stourm.news\/#\/schema\/person\/c3e1dc65988632e190969234ef046cf9"},"headline":"L&rsquo;invention de Jeanne d&rsquo;Arc : retour sur une fabrication politique hexagonale","datePublished":"2025-05-01T11:31:04+00:00","dateModified":"2025-05-01T11:35:10+00:00","mainEntityOfPage":{"@id":"https:\/\/stourm.news\/?p=3972"},"wordCount":2078,"commentCount":0,"publisher":{"@id":"https:\/\/stourm.news\/#organization"},"image":{"@id":"https:\/\/stourm.news\/?p=3972#primaryimage"},"thumbnailUrl":"https:\/\/stourm.news\/wp-content\/uploads\/2025\/05\/jeanne-darc-et-le-general-de-gaulle-1959-archives-departementales-du-loiret-8ph-349.jpg","articleSection":["Histoire","Principale"],"inLanguage":"fr-FR","potentialAction":[{"@type":"CommentAction","name":"Comment","target":["https:\/\/stourm.news\/?p=3972#respond"]}]},{"@type":"WebPage","@id":"https:\/\/stourm.news\/?p=3972","url":"https:\/\/stourm.news\/?p=3972","name":"L'invention de Jeanne d'Arc : retour sur une fabrication politique hexagonale - STOURM","isPartOf":{"@id":"https:\/\/stourm.news\/#website"},"primaryImageOfPage":{"@id":"https:\/\/stourm.news\/?p=3972#primaryimage"},"image":{"@id":"https:\/\/stourm.news\/?p=3972#primaryimage"},"thumbnailUrl":"https:\/\/stourm.news\/wp-content\/uploads\/2025\/05\/jeanne-darc-et-le-general-de-gaulle-1959-archives-departementales-du-loiret-8ph-349.jpg","datePublished":"2025-05-01T11:31:04+00:00","dateModified":"2025-05-01T11:35:10+00:00","breadcrumb":{"@id":"https:\/\/stourm.news\/?p=3972#breadcrumb"},"inLanguage":"fr-FR","potentialAction":[{"@type":"ReadAction","target":["https:\/\/stourm.news\/?p=3972"]}]},{"@type":"ImageObject","inLanguage":"fr-FR","@id":"https:\/\/stourm.news\/?p=3972#primaryimage","url":"https:\/\/stourm.news\/wp-content\/uploads\/2025\/05\/jeanne-darc-et-le-general-de-gaulle-1959-archives-departementales-du-loiret-8ph-349.jpg","contentUrl":"https:\/\/stourm.news\/wp-content\/uploads\/2025\/05\/jeanne-darc-et-le-general-de-gaulle-1959-archives-departementales-du-loiret-8ph-349.jpg","width":1200,"height":905},{"@type":"BreadcrumbList","@id":"https:\/\/stourm.news\/?p=3972#breadcrumb","itemListElement":[{"@type":"ListItem","position":1,"name":"Accueil","item":"https:\/\/stourm.news\/"},{"@type":"ListItem","position":2,"name":"L&rsquo;invention de Jeanne d&rsquo;Arc : retour sur une fabrication politique hexagonale"}]},{"@type":"WebSite","@id":"https:\/\/stourm.news\/#website","url":"https:\/\/stourm.news\/","name":"Stourm","description":"Kazetenn Strollad Broadel Breizh","publisher":{"@id":"https:\/\/stourm.news\/#organization"},"potentialAction":[{"@type":"SearchAction","target":{"@type":"EntryPoint","urlTemplate":"https:\/\/stourm.news\/?s={search_term_string}"},"query-input":{"@type":"PropertyValueSpecification","valueRequired":true,"valueName":"search_term_string"}}],"inLanguage":"fr-FR"},{"@type":"Organization","@id":"https:\/\/stourm.news\/#organization","name":"Stourm","url":"https:\/\/stourm.news\/","logo":{"@type":"ImageObject","inLanguage":"fr-FR","@id":"https:\/\/stourm.news\/#\/schema\/logo\/image\/","url":"https:\/\/stourm.news\/wp-content\/uploads\/2025\/11\/cropped-Capture-decran-2025-11-28-a-15.19.07.png","contentUrl":"https:\/\/stourm.news\/wp-content\/uploads\/2025\/11\/cropped-Capture-decran-2025-11-28-a-15.19.07.png","width":1855,"height":383,"caption":"Stourm"},"image":{"@id":"https:\/\/stourm.news\/#\/schema\/logo\/image\/"},"sameAs":["https:\/\/www.facebook.com\/stourmnews\/"]},{"@type":"Person","@id":"https:\/\/stourm.news\/#\/schema\/person\/c3e1dc65988632e190969234ef046cf9","name":"La r\u00e9daction","image":{"@type":"ImageObject","inLanguage":"fr-FR","@id":"https:\/\/stourm.news\/#\/schema\/person\/image\/","url":"https:\/\/secure.gravatar.com\/avatar\/7463443f194b6b5fb706b074ca0ef59a0cfcfd720cb47764b0ec5a952ce422b3?s=96&d=mm&r=g","contentUrl":"https:\/\/secure.gravatar.com\/avatar\/7463443f194b6b5fb706b074ca0ef59a0cfcfd720cb47764b0ec5a952ce422b3?s=96&d=mm&r=g","caption":"La r\u00e9daction"},"sameAs":["https:\/\/stourm.news"],"url":"https:\/\/stourm.news\/?author=1"}]}},"_links":{"self":[{"href":"https:\/\/stourm.news\/index.php?rest_route=\/wp\/v2\/posts\/3972","targetHints":{"allow":["GET"]}}],"collection":[{"href":"https:\/\/stourm.news\/index.php?rest_route=\/wp\/v2\/posts"}],"about":[{"href":"https:\/\/stourm.news\/index.php?rest_route=\/wp\/v2\/types\/post"}],"author":[{"embeddable":true,"href":"https:\/\/stourm.news\/index.php?rest_route=\/wp\/v2\/users\/1"}],"replies":[{"embeddable":true,"href":"https:\/\/stourm.news\/index.php?rest_route=%2Fwp%2Fv2%2Fcomments&post=3972"}],"version-history":[{"count":3,"href":"https:\/\/stourm.news\/index.php?rest_route=\/wp\/v2\/posts\/3972\/revisions"}],"predecessor-version":[{"id":3976,"href":"https:\/\/stourm.news\/index.php?rest_route=\/wp\/v2\/posts\/3972\/revisions\/3976"}],"wp:featuredmedia":[{"embeddable":true,"href":"https:\/\/stourm.news\/index.php?rest_route=\/wp\/v2\/media\/3973"}],"wp:attachment":[{"href":"https:\/\/stourm.news\/index.php?rest_route=%2Fwp%2Fv2%2Fmedia&parent=3972"}],"wp:term":[{"taxonomy":"category","embeddable":true,"href":"https:\/\/stourm.news\/index.php?rest_route=%2Fwp%2Fv2%2Fcategories&post=3972"},{"taxonomy":"post_tag","embeddable":true,"href":"https:\/\/stourm.news\/index.php?rest_route=%2Fwp%2Fv2%2Ftags&post=3972"}],"curies":[{"name":"wp","href":"https:\/\/api.w.org\/{rel}","templated":true}]}}