{"id":3982,"date":"2025-05-05T05:33:42","date_gmt":"2025-05-05T05:33:42","guid":{"rendered":"https:\/\/stourm.news\/?p=3982"},"modified":"2025-05-05T05:33:42","modified_gmt":"2025-05-05T05:33:42","slug":"compte-rendu-du-parti-national-breton-journee-daction-du-3-mai-2025-a-pontivy","status":"publish","type":"post","link":"https:\/\/stourm.news\/?p=3982","title":{"rendered":"Compte rendu du Parti National Breton \u2013 Journ\u00e9e d\u2019action du 3 mai 2025 \u00e0 Pontivy"},"content":{"rendered":"<p><span style=\"font-size: 14pt; color: #000000;\"><strong>Compte rendu du Parti National Breton \u2013 Journ\u00e9e d\u2019action du 3 mai 2025 \u00e0 Pontivy<\/strong><\/span><\/p>\n<p style=\"text-align: justify;\"><span style=\"font-size: 14pt; color: #000000;\">Le samedi 3 mai 2025, le Parti National Breton (PNB) a marqu\u00e9 un pas d\u00e9cisif dans son engagement pour la d\u00e9fense de l\u2019identit\u00e9, de la s\u00e9curit\u00e9 et de la souverainet\u00e9 bretonne lors d\u2019une journ\u00e9e d\u2019action m\u00e9morable \u00e0 Pontivy, dans le Morbihan. Malgr\u00e9 les tentatives d\u2019intimidation de la gauche radicale, \u00e0 commencer les ultra-jacobins de la France Insoumise, et une interdiction initiale prononc\u00e9e par la maire Christine Le Strat, notre d\u00e9termination a triomph\u00e9, permettant \u00e0 notre vice-pr\u00e9sident, Herv\u00e9 Archier, de porter haut et fort la voix de la Bretagne devant une quinzaine de militants nationalistes, des sympathisants \u00a0et, au terme d&rsquo;un tractage d&rsquo;une heure, une population attentive.<\/span><\/p>\n<p style=\"text-align: justify;\"><span style=\"font-size: 14pt; color: #000000;\"><strong>Une victoire juridique pour la libert\u00e9 d\u2019expression<\/strong><\/span><\/p>\n<p style=\"text-align: justify;\"><span style=\"font-size: 14pt; color: #000000;\">Face \u00e0 l\u2019arr\u00eat\u00e9 municipal interdisant notre rassemblement, pris le 30 avril sous la pression de formations de gauche telles que G\u00e9n\u00e9ration.S 56, La France Insoumise, le PCF Pontivy et l\u2019UDB Pondi Pourlet, le PNB a imm\u00e9diatement saisi la justice. Gr\u00e2ce \u00e0 une proc\u00e9dure en r\u00e9f\u00e9r\u00e9-libert\u00e9 port\u00e9e par nos militants avec le conseil de Ma\u00eetre Bonneau, la juge des r\u00e9f\u00e9r\u00e9s du tribunal administratif de Rennes a enjoint, d\u00e8s le 2 mai, la suspension de cet arr\u00eat\u00e9 liberticide, soulignant l\u2019absence de justification suffisante et la possibilit\u00e9 d\u2019assurer la s\u00e9curit\u00e9 par un dispositif adapt\u00e9. Cette d\u00e9cision consacre le droit inali\u00e9nable des Bretons \u00e0 s\u2019exprimer et renforce notre r\u00e9solution \u00e0 faire entendre nos id\u00e9es, quoi qu\u2019il en co\u00fbte.<\/span><\/p>\n<p style=\"text-align: justify;\"><span style=\"font-size: 14pt; color: #000000;\"><strong>Une mobilisation exemplaire face aux provocations<\/strong><\/span><\/p>\n<p style=\"text-align: justify;\"><span style=\"font-size: 14pt; color: #000000;\">D\u00e8s 10h, samedi 3 mai 2025, nos militants, organis\u00e9s et disciplin\u00e9s, ont investi le march\u00e9 hebdomadaire de Pontivy, place des Ducs de Rohan, et ses environs, distribuant plus d\u2019un millier de tracts aux habitants. Les th\u00e8mes de l\u2019ins\u00e9curit\u00e9 et de l\u2019immigration, au c\u0153ur de notre message ce jour-l\u00e0, ont trouv\u00e9 un \u00e9cho certain aupr\u00e8s d\u2019une population lass\u00e9e par l\u2019inaction des autorit\u00e9s et l\u2019\u00e9rosion de l\u2019identit\u00e9 bretonne. Les \u00e9changes avec les habitants ont r\u00e9v\u00e9l\u00e9 un besoin de solutions concr\u00e8tes, que le PNB veut incarner avec clart\u00e9 et fermet\u00e9.<\/span><\/p>\n<blockquote class=\"twitter-tweet\">\n<p dir=\"ltr\" lang=\"fr\">Malgr\u00e9 la pression de la gauche radicale (UDB, communistes, France Insoumise) &amp; l&rsquo;interdiction de la mairie, lev\u00e9e hier apr\u00e8s appel, les militants du PNB sont \u00e0 Pontivy ce matin pour rencontrer la population et prendre la parole sur le th\u00e8me de l&rsquo;immigration et de l&rsquo;ins\u00e9curit\u00e9 ! <a href=\"https:\/\/t.co\/dK4Dj5Dxkl\">pic.twitter.com\/dK4Dj5Dxkl<\/a><\/p>\n<p>\u2014 Parti National Breton &#8211; Strollad Broadel Breizh (@pnbsbb) <a href=\"https:\/\/twitter.com\/pnbsbb\/status\/1918596165995569257?ref_src=twsrc%5Etfw\">May 3, 2025<\/a><\/p><\/blockquote>\n<p><script async src=\"https:\/\/platform.twitter.com\/widgets.js\" charset=\"utf-8\"><\/script><\/p>\n<p style=\"text-align: justify;\"><span style=\"color: #000000; font-size: 14pt;\">\u00c0 11h00, alors que notre vice-pr\u00e9sident Herv\u00e9 Archier s\u2019appr\u00eatait \u00e0 prendre la parole au pied du ch\u00e2teau des ducs de Rohan, t\u00e9moin de la grande histoire bretonne, une soixantaine de contre-manifestants, pour l&rsquo;essentiel des marginaux d\u2019ultra-gauche, ont tent\u00e9 de perturber l\u2019\u00e9v\u00e9nement. Leur agitation st\u00e9rile a \u00e9t\u00e9 contenue par la gendarmerie, d\u00e9ploy\u00e9e en nombre pour garantir l\u2019ordre public cons\u00e9cutivement \u00e0 la d\u00e9cision de justice prononc\u00e9e la veille. Loin d\u2019affaiblir notre d\u00e9termination, ces provocations ont renforc\u00e9 notre unit\u00e9 et notre conviction : la Bretagne ne se laissera pas intimider par ceux qui m\u00e9prisent son peuple et son avenir.<\/span><\/p>\n<blockquote class=\"twitter-tweet\">\n<p dir=\"ltr\" lang=\"fr\">Malgr\u00e9 un rassemblement sauvage, la canaille d&rsquo;extr\u00eame-gauche n&rsquo;a pas pu emp\u00eacher les militants du PNB de suivre le programme pr\u00e9vu : distribution de tracts, \u00e9changes avec les habitants et discours au pied du ch\u00e2teau de <a href=\"https:\/\/twitter.com\/hashtag\/Pontivy?src=hash&amp;ref_src=twsrc%5Etfw\">#Pontivy<\/a>.<\/p>\n<p>Une mobilisation bretonne r\u00e9ussie ! <a href=\"https:\/\/t.co\/ZGXLKVpo2b\">pic.twitter.com\/ZGXLKVpo2b<\/a><\/p>\n<p>\u2014 Parti National Breton &#8211; Strollad Broadel Breizh (@pnbsbb) <a href=\"https:\/\/twitter.com\/pnbsbb\/status\/1918618761713549491?ref_src=twsrc%5Etfw\">May 3, 2025<\/a><\/p><\/blockquote>\n<p><script async src=\"https:\/\/platform.twitter.com\/widgets.js\" charset=\"utf-8\"><\/script><\/p>\n<p style=\"text-align: justify;\"><span style=\"font-size: 14pt; color: #000000;\"><strong>Un discours puissant, un hymne vibrant<\/strong><\/span><\/p>\n<p style=\"text-align: justify;\"><span style=\"font-size: 14pt; color: #000000;\">Dans un discours prononc\u00e9 avec \u00e9nergie et clart\u00e9, Herv\u00e9 Archier a d\u00e9nonc\u00e9 les d\u00e9fis cruciaux qui menacent la Bretagne : l\u2019ins\u00e9curit\u00e9 galopante, l\u2019immigration non contr\u00f4l\u00e9e et le sabotage de notre culture par un \u00c9tat fran\u00e7ais d\u00e9faillant. Il a appel\u00e9 \u00e0 une autonomie imm\u00e9diate comme pr\u00e9alable \u00e0 la reconqu\u00eate de notre destin.<\/span><\/p>\n<blockquote class=\"twitter-tweet\">\n<p dir=\"ltr\" lang=\"fr\">\ud83d\udce2 Prise de parole<\/p>\n<p>Apr\u00e8s tractage &amp; \u00e9change avec une population tr\u00e8s r\u00e9ceptive, nos militants se sont rendus au pied du ch\u00e2teau des Ducs de Rohan pour une prise de parole sur le th\u00e8me de l&rsquo;immigration &amp; de l&rsquo;ins\u00e9curit\u00e9 qui touche Pontivy !\ud83d\udd25\ud83d\udc4a <a href=\"https:\/\/t.co\/ePj0cGtxCv\">pic.twitter.com\/ePj0cGtxCv<\/a><\/p>\n<p>\u2014 Parti National Breton &#8211; Strollad Broadel Breizh (@pnbsbb) <a href=\"https:\/\/twitter.com\/pnbsbb\/status\/1918610554282713523?ref_src=twsrc%5Etfw\">May 3, 2025<\/a><\/p><\/blockquote>\n<p><script async src=\"https:\/\/platform.twitter.com\/widgets.js\" charset=\"utf-8\"><\/script><\/p>\n<blockquote class=\"twitter-tweet\">\n<p dir=\"ltr\" lang=\"fr\">\ud83d\udce2 Extraits du discours prononc\u00e9 \u00e0 Pontivy par le vice-pr\u00e9sident du PNB, Herv\u00e9 Archier, samedi 3 mai 2025 sur les th\u00e8mes de l&rsquo;ins\u00e9curit\u00e9 et de l&rsquo;immigration massive.<\/p>\n<p>Breizh d&rsquo;ar Vrezhoned !<br \/>\nLa Bretagne aux Bretons ! <a href=\"https:\/\/t.co\/R8oRfJRnMI\">pic.twitter.com\/R8oRfJRnMI<\/a><\/p>\n<p>\u2014 Parti National Breton &#8211; Strollad Broadel Breizh (@pnbsbb) <a href=\"https:\/\/twitter.com\/pnbsbb\/status\/1918925643196051630?ref_src=twsrc%5Etfw\">May 4, 2025<\/a><\/p><\/blockquote>\n<p><script async src=\"https:\/\/platform.twitter.com\/widgets.js\" charset=\"utf-8\"><\/script><\/p>\n<p style=\"text-align: justify;\"><span style=\"color: #000000; font-size: 14pt;\">Ce moment de communion m\u00eal\u00e9e de d\u00e9termination s\u2019est achev\u00e9 par une interpr\u00e9tation solennelle du Bro Gozh Ma Zado\u00f9, notre hymne national, entonn\u00e9 avec ferveur par l\u2019ensemble des participants. Ce chant, symbole de notre attachement ind\u00e9fectible \u00e0 la terre de nos anc\u00eatres, a r\u00e9sonn\u00e9 comme un d\u00e9fi lanc\u00e9 \u00e0 ceux qui voudraient nous r\u00e9duire au silence.<\/span><\/p>\n<blockquote class=\"twitter-tweet\">\n<p dir=\"ltr\" lang=\"fr\">Quel contraste saisissant entre les d\u00e9braill\u00e9s d&rsquo;ultra-gauche venue menacer les patriotes bretons et le bel hymne national breton entonn\u00e9 par nos militants au pied du ch\u00e2teau des ducs de Rohan, \u00e0 Pontivy !<\/p>\n<p>D&rsquo;un c\u00f4t\u00e9, une Bretagne fi\u00e8re et digne, de l&rsquo;autre la chienlit. <a href=\"https:\/\/t.co\/eGgyInjw94\">pic.twitter.com\/eGgyInjw94<\/a><\/p>\n<p>\u2014 Parti National Breton &#8211; Strollad Broadel Breizh (@pnbsbb) <a href=\"https:\/\/twitter.com\/pnbsbb\/status\/1918926264460529814?ref_src=twsrc%5Etfw\">May 4, 2025<\/a><\/p><\/blockquote>\n<p><script async src=\"https:\/\/platform.twitter.com\/widgets.js\" charset=\"utf-8\"><\/script><\/p>\n<p style=\"text-align: justify;\"><span style=\"color: #000000; font-size: 14pt;\"><em><strong>Un peuple breton r\u00e9ceptif et uni<\/strong><\/em><\/span><\/p>\n<p style=\"text-align: justify;\"><span style=\"color: #000000; font-size: 14pt;\">La r\u00e9ceptivit\u00e9 des Pontivyens a \u00e9t\u00e9 un signal fort. Partout, sur le march\u00e9, dans les rues, nos id\u00e9es ont \u00e9t\u00e9 accueillies avec int\u00e9r\u00eat, parfois avec enthousiasme. Les habitants, exasp\u00e9r\u00e9s par la d\u00e9rive s\u00e9curitaire et culturelle de leur ville, ont vu dans le PNB une force politique nouvelle, d\u00e9sireuse de proposer des solutions fermes et ancr\u00e9es dans l\u2019amour de la Bretagne. Cette journ\u00e9e a d\u00e9montr\u00e9 que notre message, loin d\u2019\u00eatre marginal, r\u00e9pond aux aspirations profondes d\u2019un peuple en qu\u00eate de dignit\u00e9 et de souverainet\u00e9.<\/span><\/p>\n<p style=\"text-align: justify;\"><span style=\"color: #000000; font-size: 14pt;\"><strong>Vers un avenir breton souverain<\/strong><\/span><\/p>\n<p style=\"text-align: justify;\"><span style=\"color: #000000; font-size: 14pt;\">Le succ\u00e8s de cette journ\u00e9e d\u2019action, malgr\u00e9 les obstacles, est une preuve \u00e9clatante de la vitalit\u00e9 du PNB et de sa capacit\u00e9 \u00e0 mobiliser avec professionnalisme. Pour la gauche loyaliste, c&rsquo;est un \u00e9chec majeur. Elle avait proclam\u00e9 que le PNB ne devait pas et ne pourrait pas mener sa journ\u00e9e d&rsquo;action \u00e0 Pontivy, faisant pression sur la municipalit\u00e9 \u00e0 cet effet. Malgr\u00e9 une coalition h\u00e9t\u00e9roclite de m\u00e9lenchonistes, d&rsquo;anarcho-nihilistes, d&rsquo;\u00e9l\u00e9ments rouges-verts, de r\u00e9gionalistes affid\u00e9s au Parti socialiste et d&rsquo;autres factions immigrationnistes, la soixantaine d&rsquo;agitateurs antisociaux n&rsquo;a pas pu emp\u00eacher le PNB de suivre son programme. L&rsquo;\u00e9cho m\u00e9diatique de cette journ\u00e9e a \u00e9t\u00e9 massif et les contacts nou\u00e9s (des centaines \u00e0 cette heure) permettent au PNB de poursuivre son travail de recrutement et d&rsquo;implantation.<\/span><\/p>\n<p style=\"text-align: justify;\"><span style=\"color: #000000; font-size: 14pt;\">Nous adressons nos remerciements \u00e0 nos militants, dont la discipline et l\u2019engagement ont \u00e9t\u00e9 exemplaires, ainsi qu\u2019\u00e0 Herv\u00e9 Archier pour son \u00e9loquence et son leadership. Nous saluons \u00e9galement l&rsquo;impartialit\u00e9 des magistrats et la ma\u00eetrise des forces de l\u2019ordre pr\u00e9sentes qui ont garanti le bon d\u00e9roulement de l\u2019\u00e9v\u00e9nement en d\u00e9pit des intentions manifestement violentes de l&rsquo;ultra-gauche.<\/span><\/p>\n<p style=\"text-align: justify;\"><span style=\"color: #000000; font-size: 14pt;\">Le PNB sort renforc\u00e9 de cette action, plus d\u00e9termin\u00e9 que jamais \u00e0 poursuivre son combat pour une Bretagne libre, s\u00fbre et fid\u00e8le \u00e0 son identit\u00e9. \u00c0 Pontivy, le 3 mai 2025, nous, militants nationalistes, avons plant\u00e9 une graine qui germera dans le c\u0153ur des Bretons.<\/span><\/p>\n<p style=\"text-align: justify;\"><span style=\"color: #000000; font-size: 14pt;\">Ensemble, continuons \u00e0 b\u00e2tir l\u2019avenir de notre nation, avec courage et unit\u00e9.<\/span><\/p>\n<p style=\"text-align: justify;\"><span style=\"color: #000000; font-size: 14pt;\">Bevet Breizh !<\/span><\/p>\n<p style=\"text-align: justify;\"><span style=\"color: #000000; font-size: 14pt;\"><strong>&#8212;&#8212;&#8212;<\/strong><\/span><\/p>\n","protected":false},"excerpt":{"rendered":"<p>Compte rendu du Parti National Breton \u2013 Journ\u00e9e d\u2019action du 3 mai 2025 \u00e0 Pontivy Le samedi 3 mai 2025, le Parti National Breton (PNB) a marqu\u00e9 un pas d\u00e9cisif dans son engagement pour la d\u00e9fense de l\u2019identit\u00e9, de la s\u00e9curit\u00e9 et de la souverainet\u00e9 bretonne lors d\u2019une journ\u00e9e d\u2019action m\u00e9morable \u00e0 Pontivy, dans le [&hellip;]<\/p>\n","protected":false},"author":1,"featured_media":3983,"comment_status":"open","ping_status":"open","sticky":false,"template":"","format":"standard","meta":{"sb_editor_width":"","footnotes":""},"categories":[65,49],"tags":[],"class_list":["post-3982","post","type-post","status-publish","format-standard","has-post-thumbnail","hentry","category-principale","category-vie-du-parti"],"relative_dates":{"created":"12 mois ago","modified":"12 mois ago"},"yoast_head":"<!-- This site is optimized with the Yoast SEO plugin v26.3 - https:\/\/yoast.com\/wordpress\/plugins\/seo\/ -->\n<title>Compte rendu du Parti National Breton \u2013 Journ\u00e9e d\u2019action du 3 mai 2025 \u00e0 Pontivy - STOURM<\/title>\n<meta name=\"robots\" content=\"index, follow, max-snippet:-1, max-image-preview:large, max-video-preview:-1\" \/>\n<link rel=\"canonical\" href=\"https:\/\/stourm.news\/?p=3982\" \/>\n<meta property=\"og:locale\" content=\"fr_FR\" \/>\n<meta property=\"og:type\" content=\"article\" \/>\n<meta property=\"og:title\" content=\"Compte rendu du Parti National Breton \u2013 Journ\u00e9e d\u2019action du 3 mai 2025 \u00e0 Pontivy - STOURM\" \/>\n<meta property=\"og:description\" content=\"Compte rendu du Parti National Breton \u2013 Journ\u00e9e d\u2019action du 3 mai 2025 \u00e0 Pontivy Le samedi 3 mai 2025, le Parti National Breton (PNB) a marqu\u00e9 un pas d\u00e9cisif dans son engagement pour la d\u00e9fense de l\u2019identit\u00e9, de la s\u00e9curit\u00e9 et de la souverainet\u00e9 bretonne lors d\u2019une journ\u00e9e d\u2019action m\u00e9morable \u00e0 Pontivy, dans le [&hellip;]\" \/>\n<meta property=\"og:url\" content=\"https:\/\/stourm.news\/?p=3982\" \/>\n<meta property=\"og:site_name\" content=\"STOURM\" \/>\n<meta property=\"article:publisher\" content=\"https:\/\/www.facebook.com\/stourmnews\/\" \/>\n<meta property=\"article:published_time\" content=\"2025-05-05T05:33:42+00:00\" \/>\n<meta property=\"og:image\" content=\"https:\/\/stourm.news\/wp-content\/uploads\/2025\/05\/signal-2025-05-03-184728_002.jpeg\" \/>\n\t<meta property=\"og:image:width\" content=\"2048\" \/>\n\t<meta property=\"og:image:height\" content=\"1536\" \/>\n\t<meta property=\"og:image:type\" content=\"image\/jpeg\" \/>\n<meta name=\"author\" content=\"La r\u00e9daction\" \/>\n<meta name=\"twitter:card\" content=\"summary_large_image\" \/>\n<meta name=\"twitter:label1\" content=\"\u00c9crit par\" \/>\n\t<meta name=\"twitter:data1\" content=\"La r\u00e9daction\" \/>\n<script type=\"application\/ld+json\" class=\"yoast-schema-graph\">{\"@context\":\"https:\/\/schema.org\",\"@graph\":[{\"@type\":\"Article\",\"@id\":\"https:\/\/stourm.news\/?p=3982#article\",\"isPartOf\":{\"@id\":\"https:\/\/stourm.news\/?p=3982\"},\"author\":{\"name\":\"La r\u00e9daction\",\"@id\":\"https:\/\/stourm.news\/#\/schema\/person\/c3e1dc65988632e190969234ef046cf9\"},\"headline\":\"Compte rendu du Parti National Breton \u2013 Journ\u00e9e d\u2019action du 3 mai 2025 \u00e0 Pontivy\",\"datePublished\":\"2025-05-05T05:33:42+00:00\",\"mainEntityOfPage\":{\"@id\":\"https:\/\/stourm.news\/?p=3982\"},\"wordCount\":1315,\"commentCount\":0,\"publisher\":{\"@id\":\"https:\/\/stourm.news\/#organization\"},\"image\":{\"@id\":\"https:\/\/stourm.news\/?p=3982#primaryimage\"},\"thumbnailUrl\":\"https:\/\/stourm.news\/wp-content\/uploads\/2025\/05\/signal-2025-05-03-184728_002.jpeg\",\"articleSection\":[\"Principale\",\"Vie du Parti\"],\"inLanguage\":\"fr-FR\",\"potentialAction\":[{\"@type\":\"CommentAction\",\"name\":\"Comment\",\"target\":[\"https:\/\/stourm.news\/?p=3982#respond\"]}]},{\"@type\":\"WebPage\",\"@id\":\"https:\/\/stourm.news\/?p=3982\",\"url\":\"https:\/\/stourm.news\/?p=3982\",\"name\":\"Compte rendu du Parti National Breton \u2013 Journ\u00e9e d\u2019action du 3 mai 2025 \u00e0 Pontivy - STOURM\",\"isPartOf\":{\"@id\":\"https:\/\/stourm.news\/#website\"},\"primaryImageOfPage\":{\"@id\":\"https:\/\/stourm.news\/?p=3982#primaryimage\"},\"image\":{\"@id\":\"https:\/\/stourm.news\/?p=3982#primaryimage\"},\"thumbnailUrl\":\"https:\/\/stourm.news\/wp-content\/uploads\/2025\/05\/signal-2025-05-03-184728_002.jpeg\",\"datePublished\":\"2025-05-05T05:33:42+00:00\",\"breadcrumb\":{\"@id\":\"https:\/\/stourm.news\/?p=3982#breadcrumb\"},\"inLanguage\":\"fr-FR\",\"potentialAction\":[{\"@type\":\"ReadAction\",\"target\":[\"https:\/\/stourm.news\/?p=3982\"]}]},{\"@type\":\"ImageObject\",\"inLanguage\":\"fr-FR\",\"@id\":\"https:\/\/stourm.news\/?p=3982#primaryimage\",\"url\":\"https:\/\/stourm.news\/wp-content\/uploads\/2025\/05\/signal-2025-05-03-184728_002.jpeg\",\"contentUrl\":\"https:\/\/stourm.news\/wp-content\/uploads\/2025\/05\/signal-2025-05-03-184728_002.jpeg\",\"width\":2048,\"height\":1536},{\"@type\":\"BreadcrumbList\",\"@id\":\"https:\/\/stourm.news\/?p=3982#breadcrumb\",\"itemListElement\":[{\"@type\":\"ListItem\",\"position\":1,\"name\":\"Accueil\",\"item\":\"https:\/\/stourm.news\/\"},{\"@type\":\"ListItem\",\"position\":2,\"name\":\"Compte rendu du Parti National Breton \u2013 Journ\u00e9e d\u2019action du 3 mai 2025 \u00e0 Pontivy\"}]},{\"@type\":\"WebSite\",\"@id\":\"https:\/\/stourm.news\/#website\",\"url\":\"https:\/\/stourm.news\/\",\"name\":\"Stourm\",\"description\":\"Kazetenn Strollad Broadel Breizh\",\"publisher\":{\"@id\":\"https:\/\/stourm.news\/#organization\"},\"potentialAction\":[{\"@type\":\"SearchAction\",\"target\":{\"@type\":\"EntryPoint\",\"urlTemplate\":\"https:\/\/stourm.news\/?s={search_term_string}\"},\"query-input\":{\"@type\":\"PropertyValueSpecification\",\"valueRequired\":true,\"valueName\":\"search_term_string\"}}],\"inLanguage\":\"fr-FR\"},{\"@type\":\"Organization\",\"@id\":\"https:\/\/stourm.news\/#organization\",\"name\":\"Stourm\",\"url\":\"https:\/\/stourm.news\/\",\"logo\":{\"@type\":\"ImageObject\",\"inLanguage\":\"fr-FR\",\"@id\":\"https:\/\/stourm.news\/#\/schema\/logo\/image\/\",\"url\":\"https:\/\/stourm.news\/wp-content\/uploads\/2025\/11\/cropped-Capture-decran-2025-11-28-a-15.19.07.png\",\"contentUrl\":\"https:\/\/stourm.news\/wp-content\/uploads\/2025\/11\/cropped-Capture-decran-2025-11-28-a-15.19.07.png\",\"width\":1855,\"height\":383,\"caption\":\"Stourm\"},\"image\":{\"@id\":\"https:\/\/stourm.news\/#\/schema\/logo\/image\/\"},\"sameAs\":[\"https:\/\/www.facebook.com\/stourmnews\/\"]},{\"@type\":\"Person\",\"@id\":\"https:\/\/stourm.news\/#\/schema\/person\/c3e1dc65988632e190969234ef046cf9\",\"name\":\"La r\u00e9daction\",\"image\":{\"@type\":\"ImageObject\",\"inLanguage\":\"fr-FR\",\"@id\":\"https:\/\/stourm.news\/#\/schema\/person\/image\/\",\"url\":\"https:\/\/secure.gravatar.com\/avatar\/7463443f194b6b5fb706b074ca0ef59a0cfcfd720cb47764b0ec5a952ce422b3?s=96&d=mm&r=g\",\"contentUrl\":\"https:\/\/secure.gravatar.com\/avatar\/7463443f194b6b5fb706b074ca0ef59a0cfcfd720cb47764b0ec5a952ce422b3?s=96&d=mm&r=g\",\"caption\":\"La r\u00e9daction\"},\"sameAs\":[\"https:\/\/stourm.news\"],\"url\":\"https:\/\/stourm.news\/?author=1\"}]}<\/script>\n<!-- \/ Yoast SEO plugin. -->","yoast_head_json":{"title":"Compte rendu du Parti National Breton \u2013 Journ\u00e9e d\u2019action du 3 mai 2025 \u00e0 Pontivy - STOURM","robots":{"index":"index","follow":"follow","max-snippet":"max-snippet:-1","max-image-preview":"max-image-preview:large","max-video-preview":"max-video-preview:-1"},"canonical":"https:\/\/stourm.news\/?p=3982","og_locale":"fr_FR","og_type":"article","og_title":"Compte rendu du Parti National Breton \u2013 Journ\u00e9e d\u2019action du 3 mai 2025 \u00e0 Pontivy - STOURM","og_description":"Compte rendu du Parti National Breton \u2013 Journ\u00e9e d\u2019action du 3 mai 2025 \u00e0 Pontivy Le samedi 3 mai 2025, le Parti National Breton (PNB) a marqu\u00e9 un pas d\u00e9cisif dans son engagement pour la d\u00e9fense de l\u2019identit\u00e9, de la s\u00e9curit\u00e9 et de la souverainet\u00e9 bretonne lors d\u2019une journ\u00e9e d\u2019action m\u00e9morable \u00e0 Pontivy, dans le [&hellip;]","og_url":"https:\/\/stourm.news\/?p=3982","og_site_name":"STOURM","article_publisher":"https:\/\/www.facebook.com\/stourmnews\/","article_published_time":"2025-05-05T05:33:42+00:00","og_image":[{"width":2048,"height":1536,"url":"https:\/\/stourm.news\/wp-content\/uploads\/2025\/05\/signal-2025-05-03-184728_002.jpeg","type":"image\/jpeg"}],"author":"La r\u00e9daction","twitter_card":"summary_large_image","twitter_misc":{"\u00c9crit par":"La r\u00e9daction"},"schema":{"@context":"https:\/\/schema.org","@graph":[{"@type":"Article","@id":"https:\/\/stourm.news\/?p=3982#article","isPartOf":{"@id":"https:\/\/stourm.news\/?p=3982"},"author":{"name":"La r\u00e9daction","@id":"https:\/\/stourm.news\/#\/schema\/person\/c3e1dc65988632e190969234ef046cf9"},"headline":"Compte rendu du Parti National Breton \u2013 Journ\u00e9e d\u2019action du 3 mai 2025 \u00e0 Pontivy","datePublished":"2025-05-05T05:33:42+00:00","mainEntityOfPage":{"@id":"https:\/\/stourm.news\/?p=3982"},"wordCount":1315,"commentCount":0,"publisher":{"@id":"https:\/\/stourm.news\/#organization"},"image":{"@id":"https:\/\/stourm.news\/?p=3982#primaryimage"},"thumbnailUrl":"https:\/\/stourm.news\/wp-content\/uploads\/2025\/05\/signal-2025-05-03-184728_002.jpeg","articleSection":["Principale","Vie du Parti"],"inLanguage":"fr-FR","potentialAction":[{"@type":"CommentAction","name":"Comment","target":["https:\/\/stourm.news\/?p=3982#respond"]}]},{"@type":"WebPage","@id":"https:\/\/stourm.news\/?p=3982","url":"https:\/\/stourm.news\/?p=3982","name":"Compte rendu du Parti National Breton \u2013 Journ\u00e9e d\u2019action du 3 mai 2025 \u00e0 Pontivy - STOURM","isPartOf":{"@id":"https:\/\/stourm.news\/#website"},"primaryImageOfPage":{"@id":"https:\/\/stourm.news\/?p=3982#primaryimage"},"image":{"@id":"https:\/\/stourm.news\/?p=3982#primaryimage"},"thumbnailUrl":"https:\/\/stourm.news\/wp-content\/uploads\/2025\/05\/signal-2025-05-03-184728_002.jpeg","datePublished":"2025-05-05T05:33:42+00:00","breadcrumb":{"@id":"https:\/\/stourm.news\/?p=3982#breadcrumb"},"inLanguage":"fr-FR","potentialAction":[{"@type":"ReadAction","target":["https:\/\/stourm.news\/?p=3982"]}]},{"@type":"ImageObject","inLanguage":"fr-FR","@id":"https:\/\/stourm.news\/?p=3982#primaryimage","url":"https:\/\/stourm.news\/wp-content\/uploads\/2025\/05\/signal-2025-05-03-184728_002.jpeg","contentUrl":"https:\/\/stourm.news\/wp-content\/uploads\/2025\/05\/signal-2025-05-03-184728_002.jpeg","width":2048,"height":1536},{"@type":"BreadcrumbList","@id":"https:\/\/stourm.news\/?p=3982#breadcrumb","itemListElement":[{"@type":"ListItem","position":1,"name":"Accueil","item":"https:\/\/stourm.news\/"},{"@type":"ListItem","position":2,"name":"Compte rendu du Parti National Breton \u2013 Journ\u00e9e d\u2019action du 3 mai 2025 \u00e0 Pontivy"}]},{"@type":"WebSite","@id":"https:\/\/stourm.news\/#website","url":"https:\/\/stourm.news\/","name":"Stourm","description":"Kazetenn Strollad Broadel Breizh","publisher":{"@id":"https:\/\/stourm.news\/#organization"},"potentialAction":[{"@type":"SearchAction","target":{"@type":"EntryPoint","urlTemplate":"https:\/\/stourm.news\/?s={search_term_string}"},"query-input":{"@type":"PropertyValueSpecification","valueRequired":true,"valueName":"search_term_string"}}],"inLanguage":"fr-FR"},{"@type":"Organization","@id":"https:\/\/stourm.news\/#organization","name":"Stourm","url":"https:\/\/stourm.news\/","logo":{"@type":"ImageObject","inLanguage":"fr-FR","@id":"https:\/\/stourm.news\/#\/schema\/logo\/image\/","url":"https:\/\/stourm.news\/wp-content\/uploads\/2025\/11\/cropped-Capture-decran-2025-11-28-a-15.19.07.png","contentUrl":"https:\/\/stourm.news\/wp-content\/uploads\/2025\/11\/cropped-Capture-decran-2025-11-28-a-15.19.07.png","width":1855,"height":383,"caption":"Stourm"},"image":{"@id":"https:\/\/stourm.news\/#\/schema\/logo\/image\/"},"sameAs":["https:\/\/www.facebook.com\/stourmnews\/"]},{"@type":"Person","@id":"https:\/\/stourm.news\/#\/schema\/person\/c3e1dc65988632e190969234ef046cf9","name":"La r\u00e9daction","image":{"@type":"ImageObject","inLanguage":"fr-FR","@id":"https:\/\/stourm.news\/#\/schema\/person\/image\/","url":"https:\/\/secure.gravatar.com\/avatar\/7463443f194b6b5fb706b074ca0ef59a0cfcfd720cb47764b0ec5a952ce422b3?s=96&d=mm&r=g","contentUrl":"https:\/\/secure.gravatar.com\/avatar\/7463443f194b6b5fb706b074ca0ef59a0cfcfd720cb47764b0ec5a952ce422b3?s=96&d=mm&r=g","caption":"La r\u00e9daction"},"sameAs":["https:\/\/stourm.news"],"url":"https:\/\/stourm.news\/?author=1"}]}},"_links":{"self":[{"href":"https:\/\/stourm.news\/index.php?rest_route=\/wp\/v2\/posts\/3982","targetHints":{"allow":["GET"]}}],"collection":[{"href":"https:\/\/stourm.news\/index.php?rest_route=\/wp\/v2\/posts"}],"about":[{"href":"https:\/\/stourm.news\/index.php?rest_route=\/wp\/v2\/types\/post"}],"author":[{"embeddable":true,"href":"https:\/\/stourm.news\/index.php?rest_route=\/wp\/v2\/users\/1"}],"replies":[{"embeddable":true,"href":"https:\/\/stourm.news\/index.php?rest_route=%2Fwp%2Fv2%2Fcomments&post=3982"}],"version-history":[{"count":1,"href":"https:\/\/stourm.news\/index.php?rest_route=\/wp\/v2\/posts\/3982\/revisions"}],"predecessor-version":[{"id":3984,"href":"https:\/\/stourm.news\/index.php?rest_route=\/wp\/v2\/posts\/3982\/revisions\/3984"}],"wp:featuredmedia":[{"embeddable":true,"href":"https:\/\/stourm.news\/index.php?rest_route=\/wp\/v2\/media\/3983"}],"wp:attachment":[{"href":"https:\/\/stourm.news\/index.php?rest_route=%2Fwp%2Fv2%2Fmedia&parent=3982"}],"wp:term":[{"taxonomy":"category","embeddable":true,"href":"https:\/\/stourm.news\/index.php?rest_route=%2Fwp%2Fv2%2Fcategories&post=3982"},{"taxonomy":"post_tag","embeddable":true,"href":"https:\/\/stourm.news\/index.php?rest_route=%2Fwp%2Fv2%2Ftags&post=3982"}],"curies":[{"name":"wp","href":"https:\/\/api.w.org\/{rel}","templated":true}]}}