{"id":3985,"date":"2025-05-06T06:14:47","date_gmt":"2025-05-06T06:14:47","guid":{"rendered":"https:\/\/stourm.news\/?p=3985"},"modified":"2025-05-06T06:14:47","modified_gmt":"2025-05-06T06:14:47","slug":"pour-une-renaissance-ethno-nationale-bretonne-depasser-le-regionalisme-de-gauche-editorial","status":"publish","type":"post","link":"https:\/\/stourm.news\/?p=3985","title":{"rendered":"Pour une renaissance ethno-nationale bretonne : d\u00e9passer le r\u00e9gionalisme de gauche (\u00c9ditorial)"},"content":{"rendered":"<p style=\"text-align: justify;\">D\u00e8s sa fondation, le Parti National Breton (PNB) s\u2019est fix\u00e9 pour mission de revitaliser l\u2019Emsav, mouvement mis en sommeil \u00e0 partir des ann\u00e9es 1980 sous l\u2019effet de la r\u00e9gression r\u00e9gionaliste. Cette r\u00e9gression, amorc\u00e9e par un glissement vers la gauche fran\u00e7aise, a conduit le milieu culturel breton \u00e0 devenir, d\u00e8s les ann\u00e9es 2000, enti\u00e8rement d\u00e9pendant des subventions du Parti socialiste pour son fonctionnement.<\/p>\n<p style=\"text-align: justify;\">Il convient de noter que ce mod\u00e8le est aujourd\u2019hui en crise profonde, marqu\u00e9 par la faillite progressive du stato-socialisme hexagonal. Exsangues en raison d\u2019une gestion fiscale d\u00e9sastreuse, l\u2019\u00c9tat fran\u00e7ais et ses collectivit\u00e9s territoriales sont contraints de faire des choix budg\u00e9taires drastiques, exposant les associations culturelles \u00e0 des r\u00e9ductions brutales de leurs ressources. Cette situation r\u00e9v\u00e8le leur d\u00e9pendance excessive au syst\u00e8me politico-\u00e9lectoral fran\u00e7ais. C\u2019est d\u2019ailleurs le th\u00e8me sous-jacent de la manifestation pr\u00e9vue \u00e0 Roazhon (Rennes) le 17 mai, o\u00f9 des associations, payant le prix de leur alignement sur la gauche hexagonale, s\u2019adonnent \u00e0 un exercice de mendicit\u00e9 publique. Inutile de pr\u00e9ciser que, par aveuglement id\u00e9ologique, incons\u00e9quence politique et fragilit\u00e9 structurelle, ces associations n\u2019ont aucune intention de remettre en cause cet \u00e9cosyst\u00e8me loyaliste vou\u00e9 \u00e0 l\u2019\u00e9chec.<\/p>\n<p><img fetchpriority=\"high\" decoding=\"async\" class=\"aligncenter\" src=\"https:\/\/pbs.twimg.com\/media\/GqKjOekWUAEEbAz?format=jpg&amp;name=medium\" width=\"509\" height=\"506\" \/><\/p>\n<p style=\"text-align: justify;\">Contrairement aux r\u00e9gionalistes inf\u00e9od\u00e9s \u00e0 la gauche fran\u00e7aise, le PNB rejette les solutions superficielles. Sans une refonte du paradigme fondamental, aucune alternative viable n\u2019\u00e9mergera. La Bretagne, nation priv\u00e9e des moyens de son ind\u00e9pendance, reste sous l\u2019emprise de l\u2019\u00c9tat fran\u00e7ais, qui, depuis 1789, m\u00e8ne une politique d\u2019assimilation coercitive visant \u00e0 \u00e9radiquer l\u2019identit\u00e9 culturelle et ethnique bretonne. La mission des nationalistes bretons est avant tout de raisonner en termes nationaux, de construire la voie qui m\u00e8ne vers l&rsquo;\u00c9tat breton.<\/p>\n<p style=\"text-align: justify;\">Depuis la chouannerie, le diff\u00e9rentialisme ethno-culturel constitue le principe de l\u2019opposition bretonne \u00e0 l\u2019\u00c9tat fran\u00e7ais, ainsi que le rejet de son id\u00e9ologie uniformisatrice. Par une contradiction inh\u00e9rente \u00e0 leur d\u00e9marche, les r\u00e9gionalistes ralli\u00e9s \u00e0 la gauche fran\u00e7aise ent\u00e9rinent les principes de 1789, qui sous-tendent l\u2019effacement culturel de l\u2019ethnie bretonne. L\u2019immigration repr\u00e9sente aujourd\u2019hui une nouvelle ligne de fracture entre les partisans des id\u00e9es cosmopolites de 1789, qu\u2019ils en soient conscients ou non, et les Bretons d\u00e9termin\u00e9s \u00e0 pr\u00e9server leur identit\u00e9 et leur souverainet\u00e9 sur leur terre.<\/p>\n<p style=\"text-align: justify;\">Conscient de cette r\u00e9alit\u00e9, le PNB agit avec coh\u00e9rence, promeut une renaissance ethno-nationale bretonne et en expose les implications pratiques, notamment, mais non exclusivement, sur la question de l\u2019immigration. Il s\u2019inscrit ainsi dans la continuit\u00e9 de la chouannerie, du r\u00e9gionalisme contre-r\u00e9volutionnaire du XIXe si\u00e8cle et du nationalisme du XXe si\u00e8cle. Cette reconstruction coh\u00e9rente de l\u2019Emsav est pr\u00e9cis\u00e9ment ce que redoutent les r\u00e9gionalistes, domestiqu\u00e9s par la gauche hexagonale.<\/p>\n<p style=\"text-align: justify;\">Ce travail de refondation exige un engagement militant \u00e0 la fois politique, id\u00e9ologique et culturel. De nombreux militants du PNB s\u2019investissent dans des associations culturelles (langue, musique, etc.) \u00e0 cette fin. Les nationalistes bretons b\u00e9n\u00e9ficient d\u2019un terreau fertile, port\u00e9 par une remise en cause croissante, au sein des masses populaires, de l\u2019id\u00e9ologie anti-ethnique de l&rsquo;immigrationnisme. Cette dynamique s\u2019est encore illustr\u00e9e \u00e0 Pontivy, o\u00f9 l\u2019immigration, pour la gauche hexagonale et ses prurits, appara\u00eet comme une question dogmatique, un absolu religieux fond\u00e9 sur une hostilit\u00e9 visc\u00e9rale envers les autochtones, les Bretons, et une id\u00e9alisation pathologique des \u00e9trangers, allant jusqu\u2019\u00e0 pr\u00f4ner la submersion de la Bretagne par le tiers-monde. Par une ironie de l\u2019actualit\u00e9, le jour m\u00eame de l\u2019action des militants du PNB, une nouvelle fusillade \u00e9clatait \u00e0 Kemper (Quimper), dernier \u00e9pisode en date du d\u00e9sastre migratoire en Bretagne.<\/p>\n<p style=\"text-align: justify;\">L\u2019aveuglement de la gauche la condamne \u00e0 un recul inexorable au sein du peuple breton. Face \u00e0 cette r\u00e9alit\u00e9, elle cherche \u00e0 s\u00e9duire les \u00e9lecteurs d\u2019origine immigr\u00e9e, acc\u00e9l\u00e9rant ainsi sa dissociation d\u2019avec la population autochtone. Ce ph\u00e9nom\u00e8ne marginalise irr\u00e9vocablement cette contradiction qu&rsquo;est le r\u00e9gionalisme de gauche breton. Il va sans dire que, sans le soutien du peuple breton, ce r\u00e9gionalisme perd toute raison d\u2019\u00eatre.<\/p>\n<p style=\"text-align: justify;\">Pontivy a marqu\u00e9 un succ\u00e8s politique ind\u00e9niable pour le PNB. Cette journ\u00e9e consacre l\u2019affirmation du parti dans l\u2019espace public breton et traduit sa volont\u00e9 de s\u2019ancrer pleinement dans la vie politique de la nation. Cette \u00e9tape est cruciale pour son implantation dans toutes les r\u00e9gions de Bretagne, mais surtout dans la conscience collective des Bretons. Le PNB ambitionne d\u2019abord de f\u00e9d\u00e9rer une fraction d\u00e9termin\u00e9e et loyale de la population, qu\u2019il structurera \u00e9lectoralement pour participer \u00e0 tous les scrutins vis\u00e9s. Ce noyau constituera la conscience agissante d\u2019un mouvement plus large d\u2019\u00e9mancipation nationale, fond\u00e9 sur une base ethno-nationaliste, conform\u00e9ment aux principes de l\u2019Emsav.<\/p>\n<p style=\"text-align: justify;\">Les dirigeants du PNB, parfaitement lucides, ne se bercent pas d\u2019illusions quant \u00e0 l\u2019ampleur du travail \u00e0 accomplir pour atteindre cet objectif. Ils savent n\u00e9anmoins que le moment est venu pour la Bretagne et que les efforts des militants porteront leurs fruits. Loin de d\u00e9courager les nationalistes, les insultes, menaces et railleries de leurs adversaires, qu\u2019ils soient politiques ou m\u00e9diatiques, renforcent leur conviction dans la justesse de leur combat.<\/p>\n<p style=\"text-align: right;\"><strong>Budig Gourmaelon<\/strong><\/p>\n","protected":false},"excerpt":{"rendered":"<p>D\u00e8s sa fondation, le Parti National Breton (PNB) s\u2019est fix\u00e9 pour mission de revitaliser l\u2019Emsav, mouvement mis en sommeil \u00e0 partir des ann\u00e9es 1980 sous l\u2019effet de la r\u00e9gression r\u00e9gionaliste. Cette r\u00e9gression, amorc\u00e9e par un glissement vers la gauche fran\u00e7aise, a conduit le milieu culturel breton \u00e0 devenir, d\u00e8s les ann\u00e9es 2000, enti\u00e8rement d\u00e9pendant des [&hellip;]<\/p>\n","protected":false},"author":1,"featured_media":3986,"comment_status":"open","ping_status":"open","sticky":false,"template":"","format":"standard","meta":{"sb_editor_width":"","footnotes":""},"categories":[63,65],"tags":[],"class_list":["post-3985","post","type-post","status-publish","format-standard","has-post-thumbnail","hentry","category-editorial","category-principale"],"relative_dates":{"created":"12 mois ago","modified":"12 mois ago"},"yoast_head":"<!-- This site is optimized with the Yoast SEO plugin v26.3 - https:\/\/yoast.com\/wordpress\/plugins\/seo\/ -->\n<title>Pour une renaissance ethno-nationale bretonne : d\u00e9passer le r\u00e9gionalisme de gauche (\u00c9ditorial) - STOURM<\/title>\n<meta name=\"robots\" content=\"index, follow, max-snippet:-1, max-image-preview:large, max-video-preview:-1\" \/>\n<link rel=\"canonical\" href=\"https:\/\/stourm.news\/?p=3985\" \/>\n<meta property=\"og:locale\" content=\"fr_FR\" \/>\n<meta property=\"og:type\" content=\"article\" \/>\n<meta property=\"og:title\" content=\"Pour une renaissance ethno-nationale bretonne : d\u00e9passer le r\u00e9gionalisme de gauche (\u00c9ditorial) - STOURM\" \/>\n<meta property=\"og:description\" content=\"D\u00e8s sa fondation, le Parti National Breton (PNB) s\u2019est fix\u00e9 pour mission de revitaliser l\u2019Emsav, mouvement mis en sommeil \u00e0 partir des ann\u00e9es 1980 sous l\u2019effet de la r\u00e9gression r\u00e9gionaliste. Cette r\u00e9gression, amorc\u00e9e par un glissement vers la gauche fran\u00e7aise, a conduit le milieu culturel breton \u00e0 devenir, d\u00e8s les ann\u00e9es 2000, enti\u00e8rement d\u00e9pendant des [&hellip;]\" \/>\n<meta property=\"og:url\" content=\"https:\/\/stourm.news\/?p=3985\" \/>\n<meta property=\"og:site_name\" content=\"STOURM\" \/>\n<meta property=\"article:publisher\" content=\"https:\/\/www.facebook.com\/stourmnews\/\" \/>\n<meta property=\"article:published_time\" content=\"2025-05-06T06:14:47+00:00\" \/>\n<meta property=\"og:image\" content=\"https:\/\/stourm.news\/wp-content\/uploads\/2025\/05\/338Y3E2-preview.jpg\" \/>\n\t<meta property=\"og:image:width\" content=\"670\" \/>\n\t<meta property=\"og:image:height\" content=\"395\" \/>\n\t<meta property=\"og:image:type\" content=\"image\/jpeg\" \/>\n<meta name=\"author\" content=\"La r\u00e9daction\" \/>\n<meta name=\"twitter:card\" content=\"summary_large_image\" \/>\n<meta name=\"twitter:label1\" content=\"\u00c9crit par\" \/>\n\t<meta name=\"twitter:data1\" content=\"La r\u00e9daction\" \/>\n\t<meta name=\"twitter:label2\" content=\"Dur\u00e9e de lecture estim\u00e9e\" \/>\n\t<meta name=\"twitter:data2\" content=\"5 minutes\" \/>\n<script type=\"application\/ld+json\" class=\"yoast-schema-graph\">{\"@context\":\"https:\/\/schema.org\",\"@graph\":[{\"@type\":\"Article\",\"@id\":\"https:\/\/stourm.news\/?p=3985#article\",\"isPartOf\":{\"@id\":\"https:\/\/stourm.news\/?p=3985\"},\"author\":{\"name\":\"La r\u00e9daction\",\"@id\":\"https:\/\/stourm.news\/#\/schema\/person\/c3e1dc65988632e190969234ef046cf9\"},\"headline\":\"Pour une renaissance ethno-nationale bretonne : d\u00e9passer le r\u00e9gionalisme de gauche (\u00c9ditorial)\",\"datePublished\":\"2025-05-06T06:14:47+00:00\",\"mainEntityOfPage\":{\"@id\":\"https:\/\/stourm.news\/?p=3985\"},\"wordCount\":920,\"commentCount\":0,\"publisher\":{\"@id\":\"https:\/\/stourm.news\/#organization\"},\"image\":{\"@id\":\"https:\/\/stourm.news\/?p=3985#primaryimage\"},\"thumbnailUrl\":\"https:\/\/stourm.news\/wp-content\/uploads\/2025\/05\/338Y3E2-preview.jpg\",\"articleSection\":[\"Editorial\",\"Principale\"],\"inLanguage\":\"fr-FR\",\"potentialAction\":[{\"@type\":\"CommentAction\",\"name\":\"Comment\",\"target\":[\"https:\/\/stourm.news\/?p=3985#respond\"]}]},{\"@type\":\"WebPage\",\"@id\":\"https:\/\/stourm.news\/?p=3985\",\"url\":\"https:\/\/stourm.news\/?p=3985\",\"name\":\"Pour une renaissance ethno-nationale bretonne : d\u00e9passer le r\u00e9gionalisme de gauche (\u00c9ditorial) - STOURM\",\"isPartOf\":{\"@id\":\"https:\/\/stourm.news\/#website\"},\"primaryImageOfPage\":{\"@id\":\"https:\/\/stourm.news\/?p=3985#primaryimage\"},\"image\":{\"@id\":\"https:\/\/stourm.news\/?p=3985#primaryimage\"},\"thumbnailUrl\":\"https:\/\/stourm.news\/wp-content\/uploads\/2025\/05\/338Y3E2-preview.jpg\",\"datePublished\":\"2025-05-06T06:14:47+00:00\",\"breadcrumb\":{\"@id\":\"https:\/\/stourm.news\/?p=3985#breadcrumb\"},\"inLanguage\":\"fr-FR\",\"potentialAction\":[{\"@type\":\"ReadAction\",\"target\":[\"https:\/\/stourm.news\/?p=3985\"]}]},{\"@type\":\"ImageObject\",\"inLanguage\":\"fr-FR\",\"@id\":\"https:\/\/stourm.news\/?p=3985#primaryimage\",\"url\":\"https:\/\/stourm.news\/wp-content\/uploads\/2025\/05\/338Y3E2-preview.jpg\",\"contentUrl\":\"https:\/\/stourm.news\/wp-content\/uploads\/2025\/05\/338Y3E2-preview.jpg\",\"width\":670,\"height\":395,\"caption\":\"(FILES) In this file photo taken on October 8, 2022 Residents wave the northwestern French region Brittany's world's biggest flag \\\"Gwenn-ha-du\\\" with 1400 square meters, in the centre of Rennes, western France. - Born a hundred years ago from the imagination of a Breton nationalist, the Brittany's flag, once very ideologically marked, has become over time a unifying and popular emblem of an entire region and a sign of recognition beyond the borders of the peninsula. (Photo by Damien MEYER \/ AFP)\"},{\"@type\":\"BreadcrumbList\",\"@id\":\"https:\/\/stourm.news\/?p=3985#breadcrumb\",\"itemListElement\":[{\"@type\":\"ListItem\",\"position\":1,\"name\":\"Accueil\",\"item\":\"https:\/\/stourm.news\/\"},{\"@type\":\"ListItem\",\"position\":2,\"name\":\"Pour une renaissance ethno-nationale bretonne : d\u00e9passer le r\u00e9gionalisme de gauche (\u00c9ditorial)\"}]},{\"@type\":\"WebSite\",\"@id\":\"https:\/\/stourm.news\/#website\",\"url\":\"https:\/\/stourm.news\/\",\"name\":\"Stourm\",\"description\":\"Kazetenn Strollad Broadel Breizh\",\"publisher\":{\"@id\":\"https:\/\/stourm.news\/#organization\"},\"potentialAction\":[{\"@type\":\"SearchAction\",\"target\":{\"@type\":\"EntryPoint\",\"urlTemplate\":\"https:\/\/stourm.news\/?s={search_term_string}\"},\"query-input\":{\"@type\":\"PropertyValueSpecification\",\"valueRequired\":true,\"valueName\":\"search_term_string\"}}],\"inLanguage\":\"fr-FR\"},{\"@type\":\"Organization\",\"@id\":\"https:\/\/stourm.news\/#organization\",\"name\":\"Stourm\",\"url\":\"https:\/\/stourm.news\/\",\"logo\":{\"@type\":\"ImageObject\",\"inLanguage\":\"fr-FR\",\"@id\":\"https:\/\/stourm.news\/#\/schema\/logo\/image\/\",\"url\":\"https:\/\/stourm.news\/wp-content\/uploads\/2025\/11\/cropped-Capture-decran-2025-11-28-a-15.19.07.png\",\"contentUrl\":\"https:\/\/stourm.news\/wp-content\/uploads\/2025\/11\/cropped-Capture-decran-2025-11-28-a-15.19.07.png\",\"width\":1855,\"height\":383,\"caption\":\"Stourm\"},\"image\":{\"@id\":\"https:\/\/stourm.news\/#\/schema\/logo\/image\/\"},\"sameAs\":[\"https:\/\/www.facebook.com\/stourmnews\/\"]},{\"@type\":\"Person\",\"@id\":\"https:\/\/stourm.news\/#\/schema\/person\/c3e1dc65988632e190969234ef046cf9\",\"name\":\"La r\u00e9daction\",\"image\":{\"@type\":\"ImageObject\",\"inLanguage\":\"fr-FR\",\"@id\":\"https:\/\/stourm.news\/#\/schema\/person\/image\/\",\"url\":\"https:\/\/secure.gravatar.com\/avatar\/7463443f194b6b5fb706b074ca0ef59a0cfcfd720cb47764b0ec5a952ce422b3?s=96&d=mm&r=g\",\"contentUrl\":\"https:\/\/secure.gravatar.com\/avatar\/7463443f194b6b5fb706b074ca0ef59a0cfcfd720cb47764b0ec5a952ce422b3?s=96&d=mm&r=g\",\"caption\":\"La r\u00e9daction\"},\"sameAs\":[\"https:\/\/stourm.news\"],\"url\":\"https:\/\/stourm.news\/?author=1\"}]}<\/script>\n<!-- \/ Yoast SEO plugin. -->","yoast_head_json":{"title":"Pour une renaissance ethno-nationale bretonne : d\u00e9passer le r\u00e9gionalisme de gauche (\u00c9ditorial) - STOURM","robots":{"index":"index","follow":"follow","max-snippet":"max-snippet:-1","max-image-preview":"max-image-preview:large","max-video-preview":"max-video-preview:-1"},"canonical":"https:\/\/stourm.news\/?p=3985","og_locale":"fr_FR","og_type":"article","og_title":"Pour une renaissance ethno-nationale bretonne : d\u00e9passer le r\u00e9gionalisme de gauche (\u00c9ditorial) - STOURM","og_description":"D\u00e8s sa fondation, le Parti National Breton (PNB) s\u2019est fix\u00e9 pour mission de revitaliser l\u2019Emsav, mouvement mis en sommeil \u00e0 partir des ann\u00e9es 1980 sous l\u2019effet de la r\u00e9gression r\u00e9gionaliste. Cette r\u00e9gression, amorc\u00e9e par un glissement vers la gauche fran\u00e7aise, a conduit le milieu culturel breton \u00e0 devenir, d\u00e8s les ann\u00e9es 2000, enti\u00e8rement d\u00e9pendant des [&hellip;]","og_url":"https:\/\/stourm.news\/?p=3985","og_site_name":"STOURM","article_publisher":"https:\/\/www.facebook.com\/stourmnews\/","article_published_time":"2025-05-06T06:14:47+00:00","og_image":[{"width":670,"height":395,"url":"https:\/\/stourm.news\/wp-content\/uploads\/2025\/05\/338Y3E2-preview.jpg","type":"image\/jpeg"}],"author":"La r\u00e9daction","twitter_card":"summary_large_image","twitter_misc":{"\u00c9crit par":"La r\u00e9daction","Dur\u00e9e de lecture estim\u00e9e":"5 minutes"},"schema":{"@context":"https:\/\/schema.org","@graph":[{"@type":"Article","@id":"https:\/\/stourm.news\/?p=3985#article","isPartOf":{"@id":"https:\/\/stourm.news\/?p=3985"},"author":{"name":"La r\u00e9daction","@id":"https:\/\/stourm.news\/#\/schema\/person\/c3e1dc65988632e190969234ef046cf9"},"headline":"Pour une renaissance ethno-nationale bretonne : d\u00e9passer le r\u00e9gionalisme de gauche (\u00c9ditorial)","datePublished":"2025-05-06T06:14:47+00:00","mainEntityOfPage":{"@id":"https:\/\/stourm.news\/?p=3985"},"wordCount":920,"commentCount":0,"publisher":{"@id":"https:\/\/stourm.news\/#organization"},"image":{"@id":"https:\/\/stourm.news\/?p=3985#primaryimage"},"thumbnailUrl":"https:\/\/stourm.news\/wp-content\/uploads\/2025\/05\/338Y3E2-preview.jpg","articleSection":["Editorial","Principale"],"inLanguage":"fr-FR","potentialAction":[{"@type":"CommentAction","name":"Comment","target":["https:\/\/stourm.news\/?p=3985#respond"]}]},{"@type":"WebPage","@id":"https:\/\/stourm.news\/?p=3985","url":"https:\/\/stourm.news\/?p=3985","name":"Pour une renaissance ethno-nationale bretonne : d\u00e9passer le r\u00e9gionalisme de gauche (\u00c9ditorial) - STOURM","isPartOf":{"@id":"https:\/\/stourm.news\/#website"},"primaryImageOfPage":{"@id":"https:\/\/stourm.news\/?p=3985#primaryimage"},"image":{"@id":"https:\/\/stourm.news\/?p=3985#primaryimage"},"thumbnailUrl":"https:\/\/stourm.news\/wp-content\/uploads\/2025\/05\/338Y3E2-preview.jpg","datePublished":"2025-05-06T06:14:47+00:00","breadcrumb":{"@id":"https:\/\/stourm.news\/?p=3985#breadcrumb"},"inLanguage":"fr-FR","potentialAction":[{"@type":"ReadAction","target":["https:\/\/stourm.news\/?p=3985"]}]},{"@type":"ImageObject","inLanguage":"fr-FR","@id":"https:\/\/stourm.news\/?p=3985#primaryimage","url":"https:\/\/stourm.news\/wp-content\/uploads\/2025\/05\/338Y3E2-preview.jpg","contentUrl":"https:\/\/stourm.news\/wp-content\/uploads\/2025\/05\/338Y3E2-preview.jpg","width":670,"height":395,"caption":"(FILES) In this file photo taken on October 8, 2022 Residents wave the northwestern French region Brittany's world's biggest flag \"Gwenn-ha-du\" with 1400 square meters, in the centre of Rennes, western France. - Born a hundred years ago from the imagination of a Breton nationalist, the Brittany's flag, once very ideologically marked, has become over time a unifying and popular emblem of an entire region and a sign of recognition beyond the borders of the peninsula. (Photo by Damien MEYER \/ AFP)"},{"@type":"BreadcrumbList","@id":"https:\/\/stourm.news\/?p=3985#breadcrumb","itemListElement":[{"@type":"ListItem","position":1,"name":"Accueil","item":"https:\/\/stourm.news\/"},{"@type":"ListItem","position":2,"name":"Pour une renaissance ethno-nationale bretonne : d\u00e9passer le r\u00e9gionalisme de gauche (\u00c9ditorial)"}]},{"@type":"WebSite","@id":"https:\/\/stourm.news\/#website","url":"https:\/\/stourm.news\/","name":"Stourm","description":"Kazetenn Strollad Broadel Breizh","publisher":{"@id":"https:\/\/stourm.news\/#organization"},"potentialAction":[{"@type":"SearchAction","target":{"@type":"EntryPoint","urlTemplate":"https:\/\/stourm.news\/?s={search_term_string}"},"query-input":{"@type":"PropertyValueSpecification","valueRequired":true,"valueName":"search_term_string"}}],"inLanguage":"fr-FR"},{"@type":"Organization","@id":"https:\/\/stourm.news\/#organization","name":"Stourm","url":"https:\/\/stourm.news\/","logo":{"@type":"ImageObject","inLanguage":"fr-FR","@id":"https:\/\/stourm.news\/#\/schema\/logo\/image\/","url":"https:\/\/stourm.news\/wp-content\/uploads\/2025\/11\/cropped-Capture-decran-2025-11-28-a-15.19.07.png","contentUrl":"https:\/\/stourm.news\/wp-content\/uploads\/2025\/11\/cropped-Capture-decran-2025-11-28-a-15.19.07.png","width":1855,"height":383,"caption":"Stourm"},"image":{"@id":"https:\/\/stourm.news\/#\/schema\/logo\/image\/"},"sameAs":["https:\/\/www.facebook.com\/stourmnews\/"]},{"@type":"Person","@id":"https:\/\/stourm.news\/#\/schema\/person\/c3e1dc65988632e190969234ef046cf9","name":"La r\u00e9daction","image":{"@type":"ImageObject","inLanguage":"fr-FR","@id":"https:\/\/stourm.news\/#\/schema\/person\/image\/","url":"https:\/\/secure.gravatar.com\/avatar\/7463443f194b6b5fb706b074ca0ef59a0cfcfd720cb47764b0ec5a952ce422b3?s=96&d=mm&r=g","contentUrl":"https:\/\/secure.gravatar.com\/avatar\/7463443f194b6b5fb706b074ca0ef59a0cfcfd720cb47764b0ec5a952ce422b3?s=96&d=mm&r=g","caption":"La r\u00e9daction"},"sameAs":["https:\/\/stourm.news"],"url":"https:\/\/stourm.news\/?author=1"}]}},"_links":{"self":[{"href":"https:\/\/stourm.news\/index.php?rest_route=\/wp\/v2\/posts\/3985","targetHints":{"allow":["GET"]}}],"collection":[{"href":"https:\/\/stourm.news\/index.php?rest_route=\/wp\/v2\/posts"}],"about":[{"href":"https:\/\/stourm.news\/index.php?rest_route=\/wp\/v2\/types\/post"}],"author":[{"embeddable":true,"href":"https:\/\/stourm.news\/index.php?rest_route=\/wp\/v2\/users\/1"}],"replies":[{"embeddable":true,"href":"https:\/\/stourm.news\/index.php?rest_route=%2Fwp%2Fv2%2Fcomments&post=3985"}],"version-history":[{"count":1,"href":"https:\/\/stourm.news\/index.php?rest_route=\/wp\/v2\/posts\/3985\/revisions"}],"predecessor-version":[{"id":3987,"href":"https:\/\/stourm.news\/index.php?rest_route=\/wp\/v2\/posts\/3985\/revisions\/3987"}],"wp:featuredmedia":[{"embeddable":true,"href":"https:\/\/stourm.news\/index.php?rest_route=\/wp\/v2\/media\/3986"}],"wp:attachment":[{"href":"https:\/\/stourm.news\/index.php?rest_route=%2Fwp%2Fv2%2Fmedia&parent=3985"}],"wp:term":[{"taxonomy":"category","embeddable":true,"href":"https:\/\/stourm.news\/index.php?rest_route=%2Fwp%2Fv2%2Fcategories&post=3985"},{"taxonomy":"post_tag","embeddable":true,"href":"https:\/\/stourm.news\/index.php?rest_route=%2Fwp%2Fv2%2Ftags&post=3985"}],"curies":[{"name":"wp","href":"https:\/\/api.w.org\/{rel}","templated":true}]}}