{"id":3991,"date":"2025-05-07T05:08:51","date_gmt":"2025-05-07T05:08:51","guid":{"rendered":"https:\/\/stourm.news\/?p=3991"},"modified":"2025-05-07T05:09:49","modified_gmt":"2025-05-07T05:09:49","slug":"emsav-7-mai-1913-naissance-de-herry-caouissin-figure-emblematique-du-combat-breton","status":"publish","type":"post","link":"https:\/\/stourm.news\/?p=3991","title":{"rendered":"Emsav : 7 mai 1913, naissance de Herry Caouissin, figure embl\u00e9matique du combat breton"},"content":{"rendered":"<p style=\"text-align: justify;\">EMSAV &#8211; Herry Caouissin (7 mai 1913, Pleyber-Christ \u2013 12 f\u00e9vrier 2003, Hennebont), figure embl\u00e9matique du combat breton, fut un fervent d\u00e9fenseur de l\u2019\u00e2me et de l\u2019identit\u00e9 de la Bretagne, dont il porta haut les couleurs \u00e0 travers son \u0153uvre d\u2019\u00e9crivain, \u00e9diteur, illustrateur et cin\u00e9aste. Anim\u00e9 par une foi ardente en Dieu et en sa patrie bretonne, il consacra sa vie \u00e0 la pr\u00e9servation et \u00e0 la glorification de la culture, de la langue et de l\u2019histoire de son peuple, d\u00e9fiant avec courage les forces d\u2019assimilation et d\u2019uniformisation venues de France.<\/p>\n<p style=\"text-align: justify;\">N\u00e9 dans le L\u00e9on, terre de fiert\u00e9 et de tradition, Herry Caouissin s\u2019engage d\u00e8s 1930 dans le journalisme \u00e0 Paris, collaborant \u00e0 des publications catholiques comme C\u0153urs Vaillants, Pierrot ou Lisette. Mais c\u2019est en 1932, en devenant secr\u00e9taire de l\u2019abb\u00e9 Yann-Vari Perrot, pr\u00eatre et h\u00e9ros du mouvement breton, qu\u2019il embrasse pleinement la cause de la Bretagne. Proche un temps du Parti national breton, il s\u2019en \u00e9loigne, pr\u00e9f\u00e9rant une voie plus spirituelle et culturelle, fid\u00e8le \u00e0 la devise Doue ha Breiz (Dieu et Bretagne).<\/p>\n<p style=\"text-align: justify;\">En 1934, il devient secr\u00e9taire g\u00e9n\u00e9ral du Bleun-Brug, mouvement de jeunesse catholique exaltant la culture bretonne, et prend la t\u00eate de la revue Feiz ha Breiz. Visionnaire, il lance la m\u00eame ann\u00e9e Feiz ha Breiz ar Vugale, premi\u00e8re revue illustr\u00e9e pour enfants en breton, et y publie la premi\u00e8re bande dessin\u00e9e en langue bretonne, un acte pionnier pour la sauvegarde de la langue. En 1939, il acquiert une imprimerie \u00e0 Landerneau et fonde, avec son fr\u00e8re Ronan, les \u00e9ditions Brittia, bastion de la litt\u00e9rature nationaliste bretonne. En novembre 1940, il cr\u00e9e O lo l\u00ea, journal illustr\u00e9 pour la jeunesse bretonne, qui, malgr\u00e9 les temp\u00eates de l\u2019\u00e9poque, conna\u00eet un succ\u00e8s retentissant, tirant jusqu\u2019\u00e0 20 000 exemplaires pour ses num\u00e9ros sp\u00e9ciaux. Ce journal, port\u00e9 par des illustrateurs de renom comme \u00c9tienne Le Rallic, exalte l\u2019histoire glorieuse de la Bretagne et ses valeurs chr\u00e9tiennes.<\/p>\n<p style=\"text-align: justify;\">En 1943, Herry Caouissin fonde l\u2019Urz Goanag Breiz, mouvement de jeunesse inspir\u00e9 du scoutisme, pour forger l\u2019esprit des jeunes Bretons dans l\u2019amour de leur terre et de leurs racines. Apr\u00e8s la guerre, malgr\u00e9 les pers\u00e9cutions et une incarc\u00e9ration suivie d\u2019un non-lieu, il poursuit son \u0153uvre avec une d\u00e9termination inflexible. En 1950, il conseille Jean Delannoy pour le film Dieu a besoin des hommes, inspir\u00e9 d\u2019Henri Queff\u00e9lec, et cofonde avec Ronan Brittia Films, premi\u00e8re soci\u00e9t\u00e9 cin\u00e9matographique bretonne, produisant des \u0153uvres comme Le Myst\u00e8re du Folgo\u00ebt ou Le Meilleur de ma jeunesse. Dans les ann\u00e9es 1950 et 1960, il anime les scouts bretons Bleimor, formant une nouvelle g\u00e9n\u00e9ration de patriotes.<\/p>\n<p><iframe frameborder=\"0\" marginheight=\"0\" marginwidth=\"0\"  scrolling=\"no\" src=\"https:\/\/fresques.ina.fr\/ouest-en-memoire\/export\/player\/Region00354\/650x465\" width=\"650\" height=\"515\" allowfullscreen><\/iframe>&nbsp;<\/p>\n<p style=\"text-align: justify;\">Auteur prolifique, il signe des ouvrages majeurs comme Breizh, visions d\u2019Histoire (1969), Histoire de notre Bretagne (1997) ou Le Glaive de lumi\u00e8re (1993), o\u00f9 la fiction rejoint la grandeur de la r\u00e9alit\u00e9 bretonne. En 1970, il relance L\u2019Appel d\u2019O lo l\u00ea, revue pour enfants, et contribue \u00e0 la revue litt\u00e9raire Al Liamm. En 1993, sa vie d\u00e9vou\u00e9e \u00e0 la Bretagne est couronn\u00e9e par l\u2019Ordre de l\u2019Hermine, distinction supr\u00eame des d\u00e9fenseurs de la culture bretonne.<\/p>\n<p><img fetchpriority=\"high\" decoding=\"async\" class=\"aligncenter\" src=\"https:\/\/m.media-amazon.com\/images\/I\/61g58JU9N2L._AC_UF1000,1000_QL80_.jpg\" width=\"383\" height=\"511\" \/><\/p>\n<p style=\"text-align: justify;\">Herry Caouissin, \u00e9poux de Janig Corlay, reste un phare pour les Bretons. Jusqu\u2019\u00e0 son dernier souffle, il incarna l\u2019id\u00e9al d\u2019une Bretagne libre, fi\u00e8re et fid\u00e8le \u00e0 son h\u00e9ritage, un mod\u00e8le pour tous ceux qui refusent de plier devant l\u2019oubli et la soumission.<\/p>\n<p style=\"text-align: right;\"><strong>Olier Kerdrel<\/strong><\/p>\n","protected":false},"excerpt":{"rendered":"<p>EMSAV &#8211; Herry Caouissin (7 mai 1913, Pleyber-Christ \u2013 12 f\u00e9vrier 2003, Hennebont), figure embl\u00e9matique du combat breton, fut un fervent d\u00e9fenseur de l\u2019\u00e2me et de l\u2019identit\u00e9 de la Bretagne, dont il porta haut les couleurs \u00e0 travers son \u0153uvre d\u2019\u00e9crivain, \u00e9diteur, illustrateur et cin\u00e9aste. Anim\u00e9 par une foi ardente en Dieu et en sa [&hellip;]<\/p>\n","protected":false},"author":1,"featured_media":3992,"comment_status":"open","ping_status":"open","sticky":false,"template":"","format":"standard","meta":{"sb_editor_width":"","footnotes":""},"categories":[74,65],"tags":[],"class_list":["post-3991","post","type-post","status-publish","format-standard","has-post-thumbnail","hentry","category-emsav","category-principale"],"relative_dates":{"created":"12 mois ago","modified":"12 mois ago"},"yoast_head":"<!-- This site is optimized with the Yoast SEO plugin v26.3 - https:\/\/yoast.com\/wordpress\/plugins\/seo\/ -->\n<title>Emsav : 7 mai 1913, naissance de Herry Caouissin, figure embl\u00e9matique du combat breton - STOURM<\/title>\n<meta name=\"robots\" content=\"index, follow, max-snippet:-1, max-image-preview:large, max-video-preview:-1\" \/>\n<link rel=\"canonical\" href=\"https:\/\/stourm.news\/?p=3991\" \/>\n<meta property=\"og:locale\" content=\"fr_FR\" \/>\n<meta property=\"og:type\" content=\"article\" \/>\n<meta property=\"og:title\" content=\"Emsav : 7 mai 1913, naissance de Herry Caouissin, figure embl\u00e9matique du combat breton - STOURM\" \/>\n<meta property=\"og:description\" content=\"EMSAV &#8211; Herry Caouissin (7 mai 1913, Pleyber-Christ \u2013 12 f\u00e9vrier 2003, Hennebont), figure embl\u00e9matique du combat breton, fut un fervent d\u00e9fenseur de l\u2019\u00e2me et de l\u2019identit\u00e9 de la Bretagne, dont il porta haut les couleurs \u00e0 travers son \u0153uvre d\u2019\u00e9crivain, \u00e9diteur, illustrateur et cin\u00e9aste. Anim\u00e9 par une foi ardente en Dieu et en sa [&hellip;]\" \/>\n<meta property=\"og:url\" content=\"https:\/\/stourm.news\/?p=3991\" \/>\n<meta property=\"og:site_name\" content=\"STOURM\" \/>\n<meta property=\"article:publisher\" content=\"https:\/\/www.facebook.com\/stourmnews\/\" \/>\n<meta property=\"article:published_time\" content=\"2025-05-07T05:08:51+00:00\" \/>\n<meta property=\"article:modified_time\" content=\"2025-05-07T05:09:49+00:00\" \/>\n<meta property=\"og:image\" content=\"https:\/\/stourm.news\/wp-content\/uploads\/2025\/05\/Capture-decran-2025-05-07-a-14.04.46.png\" \/>\n\t<meta property=\"og:image:width\" content=\"1882\" \/>\n\t<meta property=\"og:image:height\" content=\"1134\" \/>\n\t<meta property=\"og:image:type\" content=\"image\/png\" \/>\n<meta name=\"author\" content=\"La r\u00e9daction\" \/>\n<meta name=\"twitter:card\" content=\"summary_large_image\" \/>\n<meta name=\"twitter:label1\" content=\"\u00c9crit par\" \/>\n\t<meta name=\"twitter:data1\" content=\"La r\u00e9daction\" \/>\n\t<meta name=\"twitter:label2\" content=\"Dur\u00e9e de lecture estim\u00e9e\" \/>\n\t<meta name=\"twitter:data2\" content=\"4 minutes\" \/>\n<script type=\"application\/ld+json\" class=\"yoast-schema-graph\">{\"@context\":\"https:\/\/schema.org\",\"@graph\":[{\"@type\":\"Article\",\"@id\":\"https:\/\/stourm.news\/?p=3991#article\",\"isPartOf\":{\"@id\":\"https:\/\/stourm.news\/?p=3991\"},\"author\":{\"name\":\"La r\u00e9daction\",\"@id\":\"https:\/\/stourm.news\/#\/schema\/person\/c3e1dc65988632e190969234ef046cf9\"},\"headline\":\"Emsav : 7 mai 1913, naissance de Herry Caouissin, figure embl\u00e9matique du combat breton\",\"datePublished\":\"2025-05-07T05:08:51+00:00\",\"dateModified\":\"2025-05-07T05:09:49+00:00\",\"mainEntityOfPage\":{\"@id\":\"https:\/\/stourm.news\/?p=3991\"},\"wordCount\":609,\"commentCount\":0,\"publisher\":{\"@id\":\"https:\/\/stourm.news\/#organization\"},\"image\":{\"@id\":\"https:\/\/stourm.news\/?p=3991#primaryimage\"},\"thumbnailUrl\":\"https:\/\/stourm.news\/wp-content\/uploads\/2025\/05\/Capture-decran-2025-05-07-a-14.04.46.png\",\"articleSection\":[\"Emsav\",\"Principale\"],\"inLanguage\":\"fr-FR\",\"potentialAction\":[{\"@type\":\"CommentAction\",\"name\":\"Comment\",\"target\":[\"https:\/\/stourm.news\/?p=3991#respond\"]}]},{\"@type\":\"WebPage\",\"@id\":\"https:\/\/stourm.news\/?p=3991\",\"url\":\"https:\/\/stourm.news\/?p=3991\",\"name\":\"Emsav : 7 mai 1913, naissance de Herry Caouissin, figure embl\u00e9matique du combat breton - STOURM\",\"isPartOf\":{\"@id\":\"https:\/\/stourm.news\/#website\"},\"primaryImageOfPage\":{\"@id\":\"https:\/\/stourm.news\/?p=3991#primaryimage\"},\"image\":{\"@id\":\"https:\/\/stourm.news\/?p=3991#primaryimage\"},\"thumbnailUrl\":\"https:\/\/stourm.news\/wp-content\/uploads\/2025\/05\/Capture-decran-2025-05-07-a-14.04.46.png\",\"datePublished\":\"2025-05-07T05:08:51+00:00\",\"dateModified\":\"2025-05-07T05:09:49+00:00\",\"breadcrumb\":{\"@id\":\"https:\/\/stourm.news\/?p=3991#breadcrumb\"},\"inLanguage\":\"fr-FR\",\"potentialAction\":[{\"@type\":\"ReadAction\",\"target\":[\"https:\/\/stourm.news\/?p=3991\"]}]},{\"@type\":\"ImageObject\",\"inLanguage\":\"fr-FR\",\"@id\":\"https:\/\/stourm.news\/?p=3991#primaryimage\",\"url\":\"https:\/\/stourm.news\/wp-content\/uploads\/2025\/05\/Capture-decran-2025-05-07-a-14.04.46.png\",\"contentUrl\":\"https:\/\/stourm.news\/wp-content\/uploads\/2025\/05\/Capture-decran-2025-05-07-a-14.04.46.png\",\"width\":1882,\"height\":1134},{\"@type\":\"BreadcrumbList\",\"@id\":\"https:\/\/stourm.news\/?p=3991#breadcrumb\",\"itemListElement\":[{\"@type\":\"ListItem\",\"position\":1,\"name\":\"Accueil\",\"item\":\"https:\/\/stourm.news\/\"},{\"@type\":\"ListItem\",\"position\":2,\"name\":\"Emsav : 7 mai 1913, naissance de Herry Caouissin, figure embl\u00e9matique du combat breton\"}]},{\"@type\":\"WebSite\",\"@id\":\"https:\/\/stourm.news\/#website\",\"url\":\"https:\/\/stourm.news\/\",\"name\":\"Stourm\",\"description\":\"Kazetenn Strollad Broadel Breizh\",\"publisher\":{\"@id\":\"https:\/\/stourm.news\/#organization\"},\"potentialAction\":[{\"@type\":\"SearchAction\",\"target\":{\"@type\":\"EntryPoint\",\"urlTemplate\":\"https:\/\/stourm.news\/?s={search_term_string}\"},\"query-input\":{\"@type\":\"PropertyValueSpecification\",\"valueRequired\":true,\"valueName\":\"search_term_string\"}}],\"inLanguage\":\"fr-FR\"},{\"@type\":\"Organization\",\"@id\":\"https:\/\/stourm.news\/#organization\",\"name\":\"Stourm\",\"url\":\"https:\/\/stourm.news\/\",\"logo\":{\"@type\":\"ImageObject\",\"inLanguage\":\"fr-FR\",\"@id\":\"https:\/\/stourm.news\/#\/schema\/logo\/image\/\",\"url\":\"https:\/\/stourm.news\/wp-content\/uploads\/2025\/11\/cropped-Capture-decran-2025-11-28-a-15.19.07.png\",\"contentUrl\":\"https:\/\/stourm.news\/wp-content\/uploads\/2025\/11\/cropped-Capture-decran-2025-11-28-a-15.19.07.png\",\"width\":1855,\"height\":383,\"caption\":\"Stourm\"},\"image\":{\"@id\":\"https:\/\/stourm.news\/#\/schema\/logo\/image\/\"},\"sameAs\":[\"https:\/\/www.facebook.com\/stourmnews\/\"]},{\"@type\":\"Person\",\"@id\":\"https:\/\/stourm.news\/#\/schema\/person\/c3e1dc65988632e190969234ef046cf9\",\"name\":\"La r\u00e9daction\",\"image\":{\"@type\":\"ImageObject\",\"inLanguage\":\"fr-FR\",\"@id\":\"https:\/\/stourm.news\/#\/schema\/person\/image\/\",\"url\":\"https:\/\/secure.gravatar.com\/avatar\/7463443f194b6b5fb706b074ca0ef59a0cfcfd720cb47764b0ec5a952ce422b3?s=96&d=mm&r=g\",\"contentUrl\":\"https:\/\/secure.gravatar.com\/avatar\/7463443f194b6b5fb706b074ca0ef59a0cfcfd720cb47764b0ec5a952ce422b3?s=96&d=mm&r=g\",\"caption\":\"La r\u00e9daction\"},\"sameAs\":[\"https:\/\/stourm.news\"],\"url\":\"https:\/\/stourm.news\/?author=1\"}]}<\/script>\n<!-- \/ Yoast SEO plugin. -->","yoast_head_json":{"title":"Emsav : 7 mai 1913, naissance de Herry Caouissin, figure embl\u00e9matique du combat breton - STOURM","robots":{"index":"index","follow":"follow","max-snippet":"max-snippet:-1","max-image-preview":"max-image-preview:large","max-video-preview":"max-video-preview:-1"},"canonical":"https:\/\/stourm.news\/?p=3991","og_locale":"fr_FR","og_type":"article","og_title":"Emsav : 7 mai 1913, naissance de Herry Caouissin, figure embl\u00e9matique du combat breton - STOURM","og_description":"EMSAV &#8211; Herry Caouissin (7 mai 1913, Pleyber-Christ \u2013 12 f\u00e9vrier 2003, Hennebont), figure embl\u00e9matique du combat breton, fut un fervent d\u00e9fenseur de l\u2019\u00e2me et de l\u2019identit\u00e9 de la Bretagne, dont il porta haut les couleurs \u00e0 travers son \u0153uvre d\u2019\u00e9crivain, \u00e9diteur, illustrateur et cin\u00e9aste. Anim\u00e9 par une foi ardente en Dieu et en sa [&hellip;]","og_url":"https:\/\/stourm.news\/?p=3991","og_site_name":"STOURM","article_publisher":"https:\/\/www.facebook.com\/stourmnews\/","article_published_time":"2025-05-07T05:08:51+00:00","article_modified_time":"2025-05-07T05:09:49+00:00","og_image":[{"width":1882,"height":1134,"url":"https:\/\/stourm.news\/wp-content\/uploads\/2025\/05\/Capture-decran-2025-05-07-a-14.04.46.png","type":"image\/png"}],"author":"La r\u00e9daction","twitter_card":"summary_large_image","twitter_misc":{"\u00c9crit par":"La r\u00e9daction","Dur\u00e9e de lecture estim\u00e9e":"4 minutes"},"schema":{"@context":"https:\/\/schema.org","@graph":[{"@type":"Article","@id":"https:\/\/stourm.news\/?p=3991#article","isPartOf":{"@id":"https:\/\/stourm.news\/?p=3991"},"author":{"name":"La r\u00e9daction","@id":"https:\/\/stourm.news\/#\/schema\/person\/c3e1dc65988632e190969234ef046cf9"},"headline":"Emsav : 7 mai 1913, naissance de Herry Caouissin, figure embl\u00e9matique du combat breton","datePublished":"2025-05-07T05:08:51+00:00","dateModified":"2025-05-07T05:09:49+00:00","mainEntityOfPage":{"@id":"https:\/\/stourm.news\/?p=3991"},"wordCount":609,"commentCount":0,"publisher":{"@id":"https:\/\/stourm.news\/#organization"},"image":{"@id":"https:\/\/stourm.news\/?p=3991#primaryimage"},"thumbnailUrl":"https:\/\/stourm.news\/wp-content\/uploads\/2025\/05\/Capture-decran-2025-05-07-a-14.04.46.png","articleSection":["Emsav","Principale"],"inLanguage":"fr-FR","potentialAction":[{"@type":"CommentAction","name":"Comment","target":["https:\/\/stourm.news\/?p=3991#respond"]}]},{"@type":"WebPage","@id":"https:\/\/stourm.news\/?p=3991","url":"https:\/\/stourm.news\/?p=3991","name":"Emsav : 7 mai 1913, naissance de Herry Caouissin, figure embl\u00e9matique du combat breton - STOURM","isPartOf":{"@id":"https:\/\/stourm.news\/#website"},"primaryImageOfPage":{"@id":"https:\/\/stourm.news\/?p=3991#primaryimage"},"image":{"@id":"https:\/\/stourm.news\/?p=3991#primaryimage"},"thumbnailUrl":"https:\/\/stourm.news\/wp-content\/uploads\/2025\/05\/Capture-decran-2025-05-07-a-14.04.46.png","datePublished":"2025-05-07T05:08:51+00:00","dateModified":"2025-05-07T05:09:49+00:00","breadcrumb":{"@id":"https:\/\/stourm.news\/?p=3991#breadcrumb"},"inLanguage":"fr-FR","potentialAction":[{"@type":"ReadAction","target":["https:\/\/stourm.news\/?p=3991"]}]},{"@type":"ImageObject","inLanguage":"fr-FR","@id":"https:\/\/stourm.news\/?p=3991#primaryimage","url":"https:\/\/stourm.news\/wp-content\/uploads\/2025\/05\/Capture-decran-2025-05-07-a-14.04.46.png","contentUrl":"https:\/\/stourm.news\/wp-content\/uploads\/2025\/05\/Capture-decran-2025-05-07-a-14.04.46.png","width":1882,"height":1134},{"@type":"BreadcrumbList","@id":"https:\/\/stourm.news\/?p=3991#breadcrumb","itemListElement":[{"@type":"ListItem","position":1,"name":"Accueil","item":"https:\/\/stourm.news\/"},{"@type":"ListItem","position":2,"name":"Emsav : 7 mai 1913, naissance de Herry Caouissin, figure embl\u00e9matique du combat breton"}]},{"@type":"WebSite","@id":"https:\/\/stourm.news\/#website","url":"https:\/\/stourm.news\/","name":"Stourm","description":"Kazetenn Strollad Broadel Breizh","publisher":{"@id":"https:\/\/stourm.news\/#organization"},"potentialAction":[{"@type":"SearchAction","target":{"@type":"EntryPoint","urlTemplate":"https:\/\/stourm.news\/?s={search_term_string}"},"query-input":{"@type":"PropertyValueSpecification","valueRequired":true,"valueName":"search_term_string"}}],"inLanguage":"fr-FR"},{"@type":"Organization","@id":"https:\/\/stourm.news\/#organization","name":"Stourm","url":"https:\/\/stourm.news\/","logo":{"@type":"ImageObject","inLanguage":"fr-FR","@id":"https:\/\/stourm.news\/#\/schema\/logo\/image\/","url":"https:\/\/stourm.news\/wp-content\/uploads\/2025\/11\/cropped-Capture-decran-2025-11-28-a-15.19.07.png","contentUrl":"https:\/\/stourm.news\/wp-content\/uploads\/2025\/11\/cropped-Capture-decran-2025-11-28-a-15.19.07.png","width":1855,"height":383,"caption":"Stourm"},"image":{"@id":"https:\/\/stourm.news\/#\/schema\/logo\/image\/"},"sameAs":["https:\/\/www.facebook.com\/stourmnews\/"]},{"@type":"Person","@id":"https:\/\/stourm.news\/#\/schema\/person\/c3e1dc65988632e190969234ef046cf9","name":"La r\u00e9daction","image":{"@type":"ImageObject","inLanguage":"fr-FR","@id":"https:\/\/stourm.news\/#\/schema\/person\/image\/","url":"https:\/\/secure.gravatar.com\/avatar\/7463443f194b6b5fb706b074ca0ef59a0cfcfd720cb47764b0ec5a952ce422b3?s=96&d=mm&r=g","contentUrl":"https:\/\/secure.gravatar.com\/avatar\/7463443f194b6b5fb706b074ca0ef59a0cfcfd720cb47764b0ec5a952ce422b3?s=96&d=mm&r=g","caption":"La r\u00e9daction"},"sameAs":["https:\/\/stourm.news"],"url":"https:\/\/stourm.news\/?author=1"}]}},"_links":{"self":[{"href":"https:\/\/stourm.news\/index.php?rest_route=\/wp\/v2\/posts\/3991","targetHints":{"allow":["GET"]}}],"collection":[{"href":"https:\/\/stourm.news\/index.php?rest_route=\/wp\/v2\/posts"}],"about":[{"href":"https:\/\/stourm.news\/index.php?rest_route=\/wp\/v2\/types\/post"}],"author":[{"embeddable":true,"href":"https:\/\/stourm.news\/index.php?rest_route=\/wp\/v2\/users\/1"}],"replies":[{"embeddable":true,"href":"https:\/\/stourm.news\/index.php?rest_route=%2Fwp%2Fv2%2Fcomments&post=3991"}],"version-history":[{"count":2,"href":"https:\/\/stourm.news\/index.php?rest_route=\/wp\/v2\/posts\/3991\/revisions"}],"predecessor-version":[{"id":3994,"href":"https:\/\/stourm.news\/index.php?rest_route=\/wp\/v2\/posts\/3991\/revisions\/3994"}],"wp:featuredmedia":[{"embeddable":true,"href":"https:\/\/stourm.news\/index.php?rest_route=\/wp\/v2\/media\/3992"}],"wp:attachment":[{"href":"https:\/\/stourm.news\/index.php?rest_route=%2Fwp%2Fv2%2Fmedia&parent=3991"}],"wp:term":[{"taxonomy":"category","embeddable":true,"href":"https:\/\/stourm.news\/index.php?rest_route=%2Fwp%2Fv2%2Fcategories&post=3991"},{"taxonomy":"post_tag","embeddable":true,"href":"https:\/\/stourm.news\/index.php?rest_route=%2Fwp%2Fv2%2Ftags&post=3991"}],"curies":[{"name":"wp","href":"https:\/\/api.w.org\/{rel}","templated":true}]}}