{"id":4010,"date":"2025-05-08T06:42:34","date_gmt":"2025-05-08T06:42:34","guid":{"rendered":"https:\/\/stourm.news\/?p=4010"},"modified":"2025-05-08T06:42:34","modified_gmt":"2025-05-08T06:42:34","slug":"80-ans-de-la-fin-de-la-guerre-un-point-de-vue-allemand-par-bjorn-hocke","status":"publish","type":"post","link":"https:\/\/stourm.news\/?p=4010","title":{"rendered":"80 ans de la fin de la guerre &#8211; un point de vue allemand (Par Bj\u00f6rn H\u00f6cke)"},"content":{"rendered":"<p style=\"text-align: justify;\"><em>La Seconde guerre mondiale est l&rsquo;\u00e9v\u00e8nement politiquement et culturellement structurant des soci\u00e9t\u00e9s occidentales. Elle a sa mythologie, manich\u00e9enne, qui sert \u00e0 justifier l&rsquo;ordre de Yalta \u00e9rig\u00e9 en 1945 par les Alli\u00e9s et l&rsquo;URSS stalinienne. Cette mythologie reste active, comme le prouve sa convocation \u00e0 chaque crise, int\u00e9rieure ou ext\u00e9rieure, et plus encore depuis le d\u00e9but de la guerre en Ukraine : la Russie et les d\u00e9mocraties alli\u00e9es s&rsquo;accusent mutuellement de \u00ab\u00a0Nazisme\u00a0\u00bb pour l\u00e9gitimer leurs buts de guerre, et leurs m\u00e9thodes. Enfouies sous cette mythologie, les nations europ\u00e9ennes, absorb\u00e9es par la vulgate antifasciste, d\u00e9mocratique ou marxiste, \u00e0 commencer par la nation allemande. Qu&rsquo;a-t-elle \u00e0 dire ? D&rsquo;ordinaire, cette question est interdite car le vaincu n&rsquo;a pas son mot \u00e0 donner. Ici, nous, patriotes bretons, le donnons, en citant Bj\u00f6rn H\u00f6cke, leader du mouvement AfD en Thuringe.<\/em><\/p>\n<p style=\"text-align: justify;\">L&rsquo;image qui illustre ce texte ne montre pas Hiroshima apr\u00e8s le largage de la bombe atomique, mais K\u00f6nigsberg, d\u00e9vast\u00e9e par la guerre, dans les ann\u00e9es 1950. Une surface d\u00e9blay\u00e9e, quelques ruines &#8211; la vieille ville, magnifique t\u00e9moignage de l&rsquo;amour des formes et du labeur de nombreuses g\u00e9n\u00e9rations de Prusse orientale, a \u00e9t\u00e9 ras\u00e9e, ses habitants allemands ont \u00e9t\u00e9 expuls\u00e9s ou sont morts.<\/p>\n<p style=\"text-align: justify;\">La Prusse orientale est pour moi un lieu de m\u00e9moire spirituelle. Une partie de ma famille en est originaire. Mon grand-p\u00e8re m&rsquo;a parl\u00e9 de la construction de son entreprise, de la premi\u00e8re moto du village qu&rsquo;il conduisait et de la chasse, puis de la guerre \u00e0 laquelle il a surv\u00e9cu, bless\u00e9 en tant que soldat. De ma grand-m\u00e8re, j&rsquo;ai entendu parler de la fuite et de l&rsquo;expulsion, du d\u00e9sespoir, de la mort et de l&rsquo;horreur, et de la survie. Mes arri\u00e8re-grands-parents \u00e9taient rest\u00e9s \u00e0 K\u00f6nigsberg. Ils ne voulaient pas quitter leur pays et y sont morts de faim en 1946. Dans de nombreuses familles, on se souvient de destins similaires. Plus de deux millions d&rsquo;Allemands de l&rsquo;Est ont perdu la vie \u00e0 la fin de la Seconde Guerre mondiale et bien apr\u00e8s le 8 mai 1945. Nous pouvons porter le deuil &#8211; de la souffrance humaine et de la disparition d&rsquo;une partie de notre culture. L&rsquo;Allemagne de l&rsquo;Est est morte en 1945.<\/p>\n<p style=\"text-align: justify;\">Nous, Allemands, avons-nous \u00e9t\u00e9 vaincus ou lib\u00e9r\u00e9s en 1945 ? La r\u00e9ponse \u00e0 cette question n&rsquo;a plus d&rsquo;importance au vu de notre situation. Elle ne change plus rien. L&rsquo;Allemagne joue \u00e0 nouveau avec le feu depuis longtemps et se laisse mettre en position contre une puissance nucl\u00e9aire. C&rsquo;est une chose. L&rsquo;autre est que notre propre absence d&rsquo;enfants et les millions d&rsquo;immigr\u00e9s \u00e9trangers \u00e0 notre culture remettent en question<strong> la substance de notre peuple<\/strong>. Combien de temps allons-nous encore \u00eatre ma\u00eetres chez nous ?<\/p>\n<p style=\"text-align: justify;\">Nous sommes dos au mur. Tout homme politique allemand \u00e9duqu\u00e9 sur le plan historique, anim\u00e9 d&rsquo;un sentiment patriotique et pensant au-del\u00e0 des l\u00e9gislatures doit vouloir une autre politique. Il doit lutter pour le maintien de la paix et pour un \u00e9quilibre avec la Russie. Il ne doit pas accepter la nostalgie de la RDA ou de la RFA, il ne doit pas se fondre dans les liens avec l&rsquo;Est ou l&rsquo;Ouest et surtout, il ne doit pas participer <strong>au folklore des vainqueurs de 1945<\/strong>. C&rsquo;est aussi quelque chose d&rsquo;ancien.<\/p>\n<p style=\"text-align: justify;\">Nous voulons un nouveau d\u00e9part. Il s&rsquo;agit de formuler et de mettre en \u0153uvre un point de vue r\u00e9solument allemand. Elle se situe au-del\u00e0 de la m\u00e9galomanie et de la servilit\u00e9 allemandes. Elle est s\u00fbre d&rsquo;elle et mod\u00e9r\u00e9e. Il est \u00e0 l&rsquo;image de notre situation : au c\u0153ur de l&rsquo;Europe, en tant que m\u00e9diateur, en tant que pont.<\/p>\n<p style=\"text-align: justify;\">C&rsquo;est notre t\u00e2che : \u00ab A l&rsquo;endroit o\u00f9 nous nous trouvons, nous n&rsquo;avons rien d&rsquo;autre \u00e0 faire que de gu\u00e9rir les blessures, de rattacher les membres, de rassembler ce qui est dispers\u00e9, de r\u00e9tablir ce qui est d\u00e9chir\u00e9, de restaurer notre peuple \u00bb. C&rsquo;est ce qu&rsquo;a not\u00e9 l&rsquo;\u00e9crivain Rudolf Borchert en 1927, et c&rsquo;est \u00e0 nouveau valable aujourd&rsquo;hui.<\/p>\n<p style=\"text-align: justify;\">Notre contribution \u00e0 l&rsquo;histoire mondiale est-elle termin\u00e9e ou existe-t-il encore un point de vue allemand ? Des ann\u00e9es de d\u00e9cision nous attendent.<\/p>\n","protected":false},"excerpt":{"rendered":"<p>La Seconde guerre mondiale est l&rsquo;\u00e9v\u00e8nement politiquement et culturellement structurant des soci\u00e9t\u00e9s occidentales. Elle a sa mythologie, manich\u00e9enne, qui sert \u00e0 justifier l&rsquo;ordre de Yalta \u00e9rig\u00e9 en 1945 par les Alli\u00e9s et l&rsquo;URSS stalinienne. Cette mythologie reste active, comme le prouve sa convocation \u00e0 chaque crise, int\u00e9rieure ou ext\u00e9rieure, et plus encore depuis le d\u00e9but [&hellip;]<\/p>\n","protected":false},"author":1,"featured_media":4013,"comment_status":"open","ping_status":"open","sticky":false,"template":"","format":"standard","meta":{"sb_editor_width":"","footnotes":""},"categories":[63,65],"tags":[],"class_list":["post-4010","post","type-post","status-publish","format-standard","has-post-thumbnail","hentry","category-editorial","category-principale"],"relative_dates":{"created":"12 mois ago","modified":"12 mois ago"},"yoast_head":"<!-- This site is optimized with the Yoast SEO plugin v26.3 - https:\/\/yoast.com\/wordpress\/plugins\/seo\/ -->\n<title>80 ans de la fin de la guerre - un point de vue allemand (Par Bj\u00f6rn H\u00f6cke) - STOURM<\/title>\n<meta name=\"robots\" content=\"index, follow, max-snippet:-1, max-image-preview:large, max-video-preview:-1\" \/>\n<link rel=\"canonical\" href=\"https:\/\/stourm.news\/?p=4010\" \/>\n<meta property=\"og:locale\" content=\"fr_FR\" \/>\n<meta property=\"og:type\" content=\"article\" \/>\n<meta property=\"og:title\" content=\"80 ans de la fin de la guerre - un point de vue allemand (Par Bj\u00f6rn H\u00f6cke) - STOURM\" \/>\n<meta property=\"og:description\" content=\"La Seconde guerre mondiale est l&rsquo;\u00e9v\u00e8nement politiquement et culturellement structurant des soci\u00e9t\u00e9s occidentales. Elle a sa mythologie, manich\u00e9enne, qui sert \u00e0 justifier l&rsquo;ordre de Yalta \u00e9rig\u00e9 en 1945 par les Alli\u00e9s et l&rsquo;URSS stalinienne. Cette mythologie reste active, comme le prouve sa convocation \u00e0 chaque crise, int\u00e9rieure ou ext\u00e9rieure, et plus encore depuis le d\u00e9but [&hellip;]\" \/>\n<meta property=\"og:url\" content=\"https:\/\/stourm.news\/?p=4010\" \/>\n<meta property=\"og:site_name\" content=\"STOURM\" \/>\n<meta property=\"article:publisher\" content=\"https:\/\/www.facebook.com\/stourmnews\/\" \/>\n<meta property=\"article:published_time\" content=\"2025-05-08T06:42:34+00:00\" \/>\n<meta property=\"og:image\" content=\"https:\/\/stourm.news\/wp-content\/uploads\/2025\/05\/dcb71c47-3de7-4ada-947a-20ddd75f47d8.jpg\" \/>\n\t<meta property=\"og:image:width\" content=\"2048\" \/>\n\t<meta property=\"og:image:height\" content=\"1153\" \/>\n\t<meta property=\"og:image:type\" content=\"image\/jpeg\" \/>\n<meta name=\"author\" content=\"La r\u00e9daction\" \/>\n<meta name=\"twitter:card\" content=\"summary_large_image\" \/>\n<meta name=\"twitter:label1\" content=\"\u00c9crit par\" \/>\n\t<meta name=\"twitter:data1\" content=\"La r\u00e9daction\" \/>\n\t<meta name=\"twitter:label2\" content=\"Dur\u00e9e de lecture estim\u00e9e\" \/>\n\t<meta name=\"twitter:data2\" content=\"4 minutes\" \/>\n<script type=\"application\/ld+json\" class=\"yoast-schema-graph\">{\"@context\":\"https:\/\/schema.org\",\"@graph\":[{\"@type\":\"Article\",\"@id\":\"https:\/\/stourm.news\/?p=4010#article\",\"isPartOf\":{\"@id\":\"https:\/\/stourm.news\/?p=4010\"},\"author\":{\"name\":\"La r\u00e9daction\",\"@id\":\"https:\/\/stourm.news\/#\/schema\/person\/c3e1dc65988632e190969234ef046cf9\"},\"headline\":\"80 ans de la fin de la guerre &#8211; un point de vue allemand (Par Bj\u00f6rn H\u00f6cke)\",\"datePublished\":\"2025-05-08T06:42:34+00:00\",\"mainEntityOfPage\":{\"@id\":\"https:\/\/stourm.news\/?p=4010\"},\"wordCount\":760,\"commentCount\":0,\"publisher\":{\"@id\":\"https:\/\/stourm.news\/#organization\"},\"image\":{\"@id\":\"https:\/\/stourm.news\/?p=4010#primaryimage\"},\"thumbnailUrl\":\"https:\/\/stourm.news\/wp-content\/uploads\/2025\/05\/dcb71c47-3de7-4ada-947a-20ddd75f47d8.jpg\",\"articleSection\":[\"Editorial\",\"Principale\"],\"inLanguage\":\"fr-FR\",\"potentialAction\":[{\"@type\":\"CommentAction\",\"name\":\"Comment\",\"target\":[\"https:\/\/stourm.news\/?p=4010#respond\"]}]},{\"@type\":\"WebPage\",\"@id\":\"https:\/\/stourm.news\/?p=4010\",\"url\":\"https:\/\/stourm.news\/?p=4010\",\"name\":\"80 ans de la fin de la guerre - un point de vue allemand (Par Bj\u00f6rn H\u00f6cke) - STOURM\",\"isPartOf\":{\"@id\":\"https:\/\/stourm.news\/#website\"},\"primaryImageOfPage\":{\"@id\":\"https:\/\/stourm.news\/?p=4010#primaryimage\"},\"image\":{\"@id\":\"https:\/\/stourm.news\/?p=4010#primaryimage\"},\"thumbnailUrl\":\"https:\/\/stourm.news\/wp-content\/uploads\/2025\/05\/dcb71c47-3de7-4ada-947a-20ddd75f47d8.jpg\",\"datePublished\":\"2025-05-08T06:42:34+00:00\",\"breadcrumb\":{\"@id\":\"https:\/\/stourm.news\/?p=4010#breadcrumb\"},\"inLanguage\":\"fr-FR\",\"potentialAction\":[{\"@type\":\"ReadAction\",\"target\":[\"https:\/\/stourm.news\/?p=4010\"]}]},{\"@type\":\"ImageObject\",\"inLanguage\":\"fr-FR\",\"@id\":\"https:\/\/stourm.news\/?p=4010#primaryimage\",\"url\":\"https:\/\/stourm.news\/wp-content\/uploads\/2025\/05\/dcb71c47-3de7-4ada-947a-20ddd75f47d8.jpg\",\"contentUrl\":\"https:\/\/stourm.news\/wp-content\/uploads\/2025\/05\/dcb71c47-3de7-4ada-947a-20ddd75f47d8.jpg\",\"width\":2048,\"height\":1153},{\"@type\":\"BreadcrumbList\",\"@id\":\"https:\/\/stourm.news\/?p=4010#breadcrumb\",\"itemListElement\":[{\"@type\":\"ListItem\",\"position\":1,\"name\":\"Accueil\",\"item\":\"https:\/\/stourm.news\/\"},{\"@type\":\"ListItem\",\"position\":2,\"name\":\"80 ans de la fin de la guerre &#8211; un point de vue allemand (Par Bj\u00f6rn H\u00f6cke)\"}]},{\"@type\":\"WebSite\",\"@id\":\"https:\/\/stourm.news\/#website\",\"url\":\"https:\/\/stourm.news\/\",\"name\":\"Stourm\",\"description\":\"Kazetenn Strollad Broadel Breizh\",\"publisher\":{\"@id\":\"https:\/\/stourm.news\/#organization\"},\"potentialAction\":[{\"@type\":\"SearchAction\",\"target\":{\"@type\":\"EntryPoint\",\"urlTemplate\":\"https:\/\/stourm.news\/?s={search_term_string}\"},\"query-input\":{\"@type\":\"PropertyValueSpecification\",\"valueRequired\":true,\"valueName\":\"search_term_string\"}}],\"inLanguage\":\"fr-FR\"},{\"@type\":\"Organization\",\"@id\":\"https:\/\/stourm.news\/#organization\",\"name\":\"Stourm\",\"url\":\"https:\/\/stourm.news\/\",\"logo\":{\"@type\":\"ImageObject\",\"inLanguage\":\"fr-FR\",\"@id\":\"https:\/\/stourm.news\/#\/schema\/logo\/image\/\",\"url\":\"https:\/\/stourm.news\/wp-content\/uploads\/2025\/11\/cropped-Capture-decran-2025-11-28-a-15.19.07.png\",\"contentUrl\":\"https:\/\/stourm.news\/wp-content\/uploads\/2025\/11\/cropped-Capture-decran-2025-11-28-a-15.19.07.png\",\"width\":1855,\"height\":383,\"caption\":\"Stourm\"},\"image\":{\"@id\":\"https:\/\/stourm.news\/#\/schema\/logo\/image\/\"},\"sameAs\":[\"https:\/\/www.facebook.com\/stourmnews\/\"]},{\"@type\":\"Person\",\"@id\":\"https:\/\/stourm.news\/#\/schema\/person\/c3e1dc65988632e190969234ef046cf9\",\"name\":\"La r\u00e9daction\",\"image\":{\"@type\":\"ImageObject\",\"inLanguage\":\"fr-FR\",\"@id\":\"https:\/\/stourm.news\/#\/schema\/person\/image\/\",\"url\":\"https:\/\/secure.gravatar.com\/avatar\/7463443f194b6b5fb706b074ca0ef59a0cfcfd720cb47764b0ec5a952ce422b3?s=96&d=mm&r=g\",\"contentUrl\":\"https:\/\/secure.gravatar.com\/avatar\/7463443f194b6b5fb706b074ca0ef59a0cfcfd720cb47764b0ec5a952ce422b3?s=96&d=mm&r=g\",\"caption\":\"La r\u00e9daction\"},\"sameAs\":[\"https:\/\/stourm.news\"],\"url\":\"https:\/\/stourm.news\/?author=1\"}]}<\/script>\n<!-- \/ Yoast SEO plugin. -->","yoast_head_json":{"title":"80 ans de la fin de la guerre - un point de vue allemand (Par Bj\u00f6rn H\u00f6cke) - STOURM","robots":{"index":"index","follow":"follow","max-snippet":"max-snippet:-1","max-image-preview":"max-image-preview:large","max-video-preview":"max-video-preview:-1"},"canonical":"https:\/\/stourm.news\/?p=4010","og_locale":"fr_FR","og_type":"article","og_title":"80 ans de la fin de la guerre - un point de vue allemand (Par Bj\u00f6rn H\u00f6cke) - STOURM","og_description":"La Seconde guerre mondiale est l&rsquo;\u00e9v\u00e8nement politiquement et culturellement structurant des soci\u00e9t\u00e9s occidentales. Elle a sa mythologie, manich\u00e9enne, qui sert \u00e0 justifier l&rsquo;ordre de Yalta \u00e9rig\u00e9 en 1945 par les Alli\u00e9s et l&rsquo;URSS stalinienne. Cette mythologie reste active, comme le prouve sa convocation \u00e0 chaque crise, int\u00e9rieure ou ext\u00e9rieure, et plus encore depuis le d\u00e9but [&hellip;]","og_url":"https:\/\/stourm.news\/?p=4010","og_site_name":"STOURM","article_publisher":"https:\/\/www.facebook.com\/stourmnews\/","article_published_time":"2025-05-08T06:42:34+00:00","og_image":[{"width":2048,"height":1153,"url":"https:\/\/stourm.news\/wp-content\/uploads\/2025\/05\/dcb71c47-3de7-4ada-947a-20ddd75f47d8.jpg","type":"image\/jpeg"}],"author":"La r\u00e9daction","twitter_card":"summary_large_image","twitter_misc":{"\u00c9crit par":"La r\u00e9daction","Dur\u00e9e de lecture estim\u00e9e":"4 minutes"},"schema":{"@context":"https:\/\/schema.org","@graph":[{"@type":"Article","@id":"https:\/\/stourm.news\/?p=4010#article","isPartOf":{"@id":"https:\/\/stourm.news\/?p=4010"},"author":{"name":"La r\u00e9daction","@id":"https:\/\/stourm.news\/#\/schema\/person\/c3e1dc65988632e190969234ef046cf9"},"headline":"80 ans de la fin de la guerre &#8211; un point de vue allemand (Par Bj\u00f6rn H\u00f6cke)","datePublished":"2025-05-08T06:42:34+00:00","mainEntityOfPage":{"@id":"https:\/\/stourm.news\/?p=4010"},"wordCount":760,"commentCount":0,"publisher":{"@id":"https:\/\/stourm.news\/#organization"},"image":{"@id":"https:\/\/stourm.news\/?p=4010#primaryimage"},"thumbnailUrl":"https:\/\/stourm.news\/wp-content\/uploads\/2025\/05\/dcb71c47-3de7-4ada-947a-20ddd75f47d8.jpg","articleSection":["Editorial","Principale"],"inLanguage":"fr-FR","potentialAction":[{"@type":"CommentAction","name":"Comment","target":["https:\/\/stourm.news\/?p=4010#respond"]}]},{"@type":"WebPage","@id":"https:\/\/stourm.news\/?p=4010","url":"https:\/\/stourm.news\/?p=4010","name":"80 ans de la fin de la guerre - un point de vue allemand (Par Bj\u00f6rn H\u00f6cke) - STOURM","isPartOf":{"@id":"https:\/\/stourm.news\/#website"},"primaryImageOfPage":{"@id":"https:\/\/stourm.news\/?p=4010#primaryimage"},"image":{"@id":"https:\/\/stourm.news\/?p=4010#primaryimage"},"thumbnailUrl":"https:\/\/stourm.news\/wp-content\/uploads\/2025\/05\/dcb71c47-3de7-4ada-947a-20ddd75f47d8.jpg","datePublished":"2025-05-08T06:42:34+00:00","breadcrumb":{"@id":"https:\/\/stourm.news\/?p=4010#breadcrumb"},"inLanguage":"fr-FR","potentialAction":[{"@type":"ReadAction","target":["https:\/\/stourm.news\/?p=4010"]}]},{"@type":"ImageObject","inLanguage":"fr-FR","@id":"https:\/\/stourm.news\/?p=4010#primaryimage","url":"https:\/\/stourm.news\/wp-content\/uploads\/2025\/05\/dcb71c47-3de7-4ada-947a-20ddd75f47d8.jpg","contentUrl":"https:\/\/stourm.news\/wp-content\/uploads\/2025\/05\/dcb71c47-3de7-4ada-947a-20ddd75f47d8.jpg","width":2048,"height":1153},{"@type":"BreadcrumbList","@id":"https:\/\/stourm.news\/?p=4010#breadcrumb","itemListElement":[{"@type":"ListItem","position":1,"name":"Accueil","item":"https:\/\/stourm.news\/"},{"@type":"ListItem","position":2,"name":"80 ans de la fin de la guerre &#8211; un point de vue allemand (Par Bj\u00f6rn H\u00f6cke)"}]},{"@type":"WebSite","@id":"https:\/\/stourm.news\/#website","url":"https:\/\/stourm.news\/","name":"Stourm","description":"Kazetenn Strollad Broadel Breizh","publisher":{"@id":"https:\/\/stourm.news\/#organization"},"potentialAction":[{"@type":"SearchAction","target":{"@type":"EntryPoint","urlTemplate":"https:\/\/stourm.news\/?s={search_term_string}"},"query-input":{"@type":"PropertyValueSpecification","valueRequired":true,"valueName":"search_term_string"}}],"inLanguage":"fr-FR"},{"@type":"Organization","@id":"https:\/\/stourm.news\/#organization","name":"Stourm","url":"https:\/\/stourm.news\/","logo":{"@type":"ImageObject","inLanguage":"fr-FR","@id":"https:\/\/stourm.news\/#\/schema\/logo\/image\/","url":"https:\/\/stourm.news\/wp-content\/uploads\/2025\/11\/cropped-Capture-decran-2025-11-28-a-15.19.07.png","contentUrl":"https:\/\/stourm.news\/wp-content\/uploads\/2025\/11\/cropped-Capture-decran-2025-11-28-a-15.19.07.png","width":1855,"height":383,"caption":"Stourm"},"image":{"@id":"https:\/\/stourm.news\/#\/schema\/logo\/image\/"},"sameAs":["https:\/\/www.facebook.com\/stourmnews\/"]},{"@type":"Person","@id":"https:\/\/stourm.news\/#\/schema\/person\/c3e1dc65988632e190969234ef046cf9","name":"La r\u00e9daction","image":{"@type":"ImageObject","inLanguage":"fr-FR","@id":"https:\/\/stourm.news\/#\/schema\/person\/image\/","url":"https:\/\/secure.gravatar.com\/avatar\/7463443f194b6b5fb706b074ca0ef59a0cfcfd720cb47764b0ec5a952ce422b3?s=96&d=mm&r=g","contentUrl":"https:\/\/secure.gravatar.com\/avatar\/7463443f194b6b5fb706b074ca0ef59a0cfcfd720cb47764b0ec5a952ce422b3?s=96&d=mm&r=g","caption":"La r\u00e9daction"},"sameAs":["https:\/\/stourm.news"],"url":"https:\/\/stourm.news\/?author=1"}]}},"_links":{"self":[{"href":"https:\/\/stourm.news\/index.php?rest_route=\/wp\/v2\/posts\/4010","targetHints":{"allow":["GET"]}}],"collection":[{"href":"https:\/\/stourm.news\/index.php?rest_route=\/wp\/v2\/posts"}],"about":[{"href":"https:\/\/stourm.news\/index.php?rest_route=\/wp\/v2\/types\/post"}],"author":[{"embeddable":true,"href":"https:\/\/stourm.news\/index.php?rest_route=\/wp\/v2\/users\/1"}],"replies":[{"embeddable":true,"href":"https:\/\/stourm.news\/index.php?rest_route=%2Fwp%2Fv2%2Fcomments&post=4010"}],"version-history":[{"count":1,"href":"https:\/\/stourm.news\/index.php?rest_route=\/wp\/v2\/posts\/4010\/revisions"}],"predecessor-version":[{"id":4014,"href":"https:\/\/stourm.news\/index.php?rest_route=\/wp\/v2\/posts\/4010\/revisions\/4014"}],"wp:featuredmedia":[{"embeddable":true,"href":"https:\/\/stourm.news\/index.php?rest_route=\/wp\/v2\/media\/4013"}],"wp:attachment":[{"href":"https:\/\/stourm.news\/index.php?rest_route=%2Fwp%2Fv2%2Fmedia&parent=4010"}],"wp:term":[{"taxonomy":"category","embeddable":true,"href":"https:\/\/stourm.news\/index.php?rest_route=%2Fwp%2Fv2%2Fcategories&post=4010"},{"taxonomy":"post_tag","embeddable":true,"href":"https:\/\/stourm.news\/index.php?rest_route=%2Fwp%2Fv2%2Ftags&post=4010"}],"curies":[{"name":"wp","href":"https:\/\/api.w.org\/{rel}","templated":true}]}}