{"id":4023,"date":"2025-05-09T07:57:43","date_gmt":"2025-05-09T07:57:43","guid":{"rendered":"https:\/\/stourm.news\/?p=4023"},"modified":"2025-05-09T07:57:43","modified_gmt":"2025-05-09T07:57:43","slug":"plus-de-pardons-pour-les-bretons-un-ouvrage-en-forme-dappel-a-linsoumission-identitaire-face-au-deracinement-et-a-la-globalisation","status":"publish","type":"post","link":"https:\/\/stourm.news\/?p=4023","title":{"rendered":"\u00ab\u00a0Plus de pardons pour les Bretons\u00a0\u00bb : un ouvrage en forme d&rsquo;appel \u00e0 l&rsquo;insoumission identitaire face au d\u00e9racinement et \u00e0 la globalisation"},"content":{"rendered":"<p style=\"text-align: justify;\">Plus de pardon pour les Bretons (1972), \u00e9crit par Marc Augier sous le pseudonyme de Saint-Loup, est \u00e0 la fois pamphlet et manifeste, qui appelle \u00e0 une renaissance de l\u2019identit\u00e9 bretonne et \u00e0 une affirmation fi\u00e8re de son h\u00e9ritage culturel et politique. Ce livre, port\u00e9 par une prose passionn\u00e9e et un souffle \u00e9pique, se distingue par son plaidoyer pour la souverainet\u00e9 des peuples face \u00e0 l\u2019uniformisation culturelle et \u00e0 l\u2019assimilation impos\u00e9e par des forces centralisatrices.<\/p>\n<p><strong>Entre l\u00e9gende et manifeste r\u00e9volutionnaire<\/strong><\/p>\n<p style=\"text-align: justify;\">Dans une Bretagne vibrante de mythes celtiques et d\u2019\u00e9lans r\u00e9volutionnaires, Plus de pardons pour les Bretons tisse un conte \u00e9pique o\u00f9 l\u2019histoire et la l\u00e9gende s\u2019entrelacent. Cian, h\u00e9ros irlandais traqu\u00e9 par la police anglaise, trouve refuge en Armorique. L\u00e0, il rencontre Morigane, incarnation de la myst\u00e9rieuse fille aux cheveux rouges des l\u00e9gendes celtiques. De leur union naissent Lug, presque aussi savant qu\u2019un druide, et Ogma, d\u2019une force digne du mythique Cuchulainn. Ensemble, ils plongent dans une qu\u00eate passionn\u00e9e pour la libert\u00e9 de leur \u00ab patrie charnelle \u00bb : la Celtie.<\/p>\n<p style=\"text-align: justify;\">\u00c0 travers une fresque romanesque, Saint-Loup recr\u00e9e l\u2019atmosph\u00e8re envo\u00fbtante des traditions bretonnes, m\u00ealant combats pour l\u2019ind\u00e9pendance, folklore celtique et \u00e9pop\u00e9e historique. Ce roman, troisi\u00e8me tome des Patries charnelles, c\u00e9l\u00e8bre l\u2019\u00e2me bretonne dans une lutte intemporelle pour l\u2019identit\u00e9 et la souverainet\u00e9, tout en d\u00e9non\u00e7ant les caricatures humiliantes, comme celle de B\u00e9cassine, qui raillent la simplicit\u00e9 et la fid\u00e9lit\u00e9 du peuple breton.<\/p>\n<p style=\"text-align: justify;\"><strong>Le message de l\u2019\u0153uvre<\/strong><\/p>\n<p style=\"text-align: justify;\">Plus de pardon pour les Bretons est un cri de r\u00e9volte contre l\u2019effacement de l\u2019identit\u00e9 bretonne, que Saint-Loup attribue \u00e0 des si\u00e8cles de centralisation fran\u00e7aise et \u00e0 une forme de r\u00e9signation culturelle. L\u2019auteur y d\u00e9nonce l\u2019assimilation forc\u00e9e des Bretons, notamment \u00e0 travers la r\u00e9pression de leur langue, de leurs traditions et de leur autonomie politique. Le titre, provocateur, rejette toute id\u00e9e de soumission ou de repentance face \u00e0 ceux qui ont cherch\u00e9 \u00e0 \u00ab franciser \u00bb la Bretagne au d\u00e9triment de son essence. Saint-Loup ne se contente pas de d\u00e9plorer cette perte ; il exhorte les Bretons \u00e0 se r\u00e9approprier leur histoire, leur langue (le breton) et leur fiert\u00e9, en s\u2019inspirant de figures historiques comme les Chouans ou les r\u00e9sistants bretons.<\/p>\n<p><img fetchpriority=\"high\" decoding=\"async\" class=\"size-medium aligncenter\" src=\"https:\/\/images-cdn.bridgemanimages.com\/api\/1.0\/image\/150.GRZ.98492840.7055475\/4826310.jpg\" width=\"300\" height=\"421\" \/><\/p>\n<p style=\"text-align: center;\"><em>Saint Loup<\/em><\/p>\n<p style=\"text-align: justify;\">Le message central est clair : la survie d\u2019un peuple passe par l\u2019affirmation de sa souverainet\u00e9, non seulement politique, mais aussi culturelle et spirituelle. Saint-Loup voit dans la Bretagne un microcosme de la lutte des peuples europ\u00e9ens contre l\u2019uniformisation. Ce message est port\u00e9 par une \u00e9criture lyrique, parfois pol\u00e9mique, qui m\u00eale anecdotes historiques, r\u00e9flexions philosophiques et appels \u00e0 l\u2019action, rendant le texte \u00e0 la fois captivant et mobilisateur.<\/p>\n<p style=\"text-align: justify;\"><strong>Pertinence pour les Bretons d\u2019aujourd\u2019hui<\/strong><\/p>\n<p style=\"text-align: justify;\">En 2025, Plus de pardon pour les Bretons reste d\u2019une actualit\u00e9 saisissante pour les Bretons, et plus largement pour toute communaut\u00e9 confront\u00e9e \u00e0 la globalisation culturelle. La Bretagne contemporaine, bien que fi\u00e8re de son identit\u00e9, fait face \u00e0 des d\u00e9fis persistants : la langue bretonne, parl\u00e9e par moins de 200 000 personnes selon les estimations r\u00e9centes, est toujours menac\u00e9e, malgr\u00e9 les efforts des \u00e9coles Diwan et des associations culturelles. Les politiques centralis\u00e9es de la France continuent de limiter l\u2019autonomie r\u00e9gionale, notamment en mati\u00e8re de gestion des ressources ou de reconnaissance institutionnelle du breton. Dans ce contexte, l\u2019appel de Saint-Loup \u00e0 refuser la r\u00e9signation r\u00e9sonne fortement.<br \/>\nL\u2019ouvrage est pertinent car il ne se limite pas \u00e0 une nostalgie st\u00e9rile. Il propose une vision proactive : la pr\u00e9servation de l\u2019identit\u00e9 bretonne passe par l\u2019\u00e9ducation, la revitalisation linguistique et une participation active \u00e0 la vie politique. Les Bretons d\u2019aujourd\u2019hui, qu\u2019ils soient militants associatifs, artistes ou \u00e9lus locaux, trouvent dans ce texte une inspiration pour d\u00e9fendre leur patrimoine face \u00e0 la standardisation impos\u00e9e par la culture de masse et les grandes m\u00e9tropoles. Par exemple, le succ\u00e8s des festivals comme le Festival Interceltique de Lorient ou la vitalit\u00e9 des bagado\u00f9 montrent que l\u2019esprit de r\u00e9sistance culturelle pr\u00f4n\u00e9 par Saint-Loup est bien vivant.<\/p>\n<p style=\"text-align: justify;\">De plus, le livre pose une question universelle : comment concilier tradition et modernit\u00e9 ? Pour les jeunes Bretons, souvent tiraill\u00e9s entre leur attachement \u00e0 la r\u00e9gion et les opportunit\u00e9s offertes par un monde globalis\u00e9, Saint-Loup offre une r\u00e9ponse : l\u2019identit\u00e9 n\u2019est pas un fardeau, mais une force. En affirmant leur bretonnit\u00e9, ils peuvent s\u2019inscrire dans une modernit\u00e9 choisie, plut\u00f4t que subie. Cette id\u00e9e trouve un \u00e9cho dans les mouvements \u00e9cologistes et r\u00e9gionalistes bretons, qui lient la d\u00e9fense de l\u2019environnement \u00e0 celle de la culture locale, comme on le voit dans les luttes contre les projets industriels destructeurs en Bretagne.<\/p>\n<p style=\"text-align: justify;\"><strong>Saint-Loup et sa lutte pour les peuples d\u2019Europe<\/strong><\/p>\n<p style=\"text-align: justify;\">Marc Augier, alias Saint-Loup (1908-1990), est une figure \u00e9difiante, \u00e0 la fois \u00e9crivain, aventurier et militant. Ancien journaliste et alpiniste, il s\u2019engage dans les ann\u00e9es 1930 dans des mouvements sociaux avant de basculer, pendant la Seconde Guerre mondiale, dans le camp de l&rsquo;Europe nouvelle. Apr\u00e8s la guerre, il se r\u00e9invente en \u00e9crivain, adoptant le pseudonyme Saint-Loup, inspir\u00e9 du loup, symbole de libert\u00e9 et de r\u00e9sistance. Ses \u0153uvres, dont Plus de pardon pour les Bretons, refl\u00e8tent sa fascination pour les identit\u00e9s r\u00e9gionales et son rejet des id\u00e9ologies universalistes qu\u2019il juge destructrices.<\/p>\n<p style=\"text-align: justify;\">Saint-Loup ne se limite pas \u00e0 la Bretagne. Il d\u00e9fend une vision pan-europ\u00e9enne des identit\u00e9s, o\u00f9 chaque peuple \u2013 breton, basque, occitan, flamand, etc. \u2013 doit pr\u00e9server sa singularit\u00e9 tout en coop\u00e9rant avec les autres. Cette lutte pour les \u00ab peuples d\u2019Europe \u00bb est au c\u0153ur de son \u0153uvre. Dans des livres comme Les H\u00e9r\u00e9tiques ou Les Nostalgiques, il explore les r\u00e9sistances culturelles face \u00e0 l\u2019homog\u00e9n\u00e9isation, qu\u2019elle vienne des \u00c9tats-nations ou des empires. Pour Saint-Loup, l\u2019Europe ne doit pas \u00eatre un melting-pot, mais une mosa\u00efque de cultures souveraines, une id\u00e9e qui pr\u00e9figure certains d\u00e9bats actuels sur le r\u00e9gionalisme et l\u2019\u00e9cologie culturelle.<\/p>\n<p style=\"text-align: justify;\">Son engagement t\u00e9moigne d\u2019une sinc\u00e9rit\u00e9 dans sa qu\u00eate de libert\u00e9 pour les peuples. Il a pay\u00e9 le prix de ses choix, vivant en exil en Argentine apr\u00e8s la guerre, mais n\u2019a jamais renonc\u00e9 \u00e0 son combat litt\u00e9raire. Sa plume, \u00e0 la fois po\u00e9tique et combative, fait de lui un \u00e9crivain dont l\u2019influence perdure, malgr\u00e9 les controverses.<\/p>\n<p style=\"text-align: justify;\">\u00ab Le folklore est la honte des ethnies encore vivantes mais qui n\u2019osent plus s\u2019affirmer souveraines \u00bb. Cette citation, tir\u00e9e de<em> Plus de pardons pour les Bretons<\/em>, est un condens\u00e9 de sa pens\u00e9e. Pour lui, le folklore \u2013 r\u00e9duit \u00e0 des danses, costumes ou musiques fig\u00e9s dans un r\u00f4le de \u00ab patrimoine \u00bb touristique \u2013 est une caricature humiliante de l\u2019identit\u00e9 d\u2019un peuple.<\/p>\n<blockquote class=\"twitter-tweet\">\n<p dir=\"ltr\" lang=\"fr\">\u00ab\u00a0Le folklore est la honte d\u2019une ethnie encore vivante et qui n\u2019ose plus s\u2019affirmer souveraine\u00a0\u00bb &#8211; Saint-Loup. <a href=\"https:\/\/t.co\/Vj2tCeRK3o\">https:\/\/t.co\/Vj2tCeRK3o<\/a><\/p>\n<p>\u2014 Parti National Breton &#8211; Strollad Broadel Breizh (@pnbsbb) <a href=\"https:\/\/twitter.com\/pnbsbb\/status\/1822969483062882373?ref_src=twsrc%5Etfw\">August 12, 2024<\/a><\/p><\/blockquote>\n<p><script async src=\"https:\/\/platform.twitter.com\/widgets.js\" charset=\"utf-8\"><\/script><\/p>\n<p style=\"text-align: justify;\">Lorsqu\u2019une ethnie se contente de \u00ab folkloriser \u00bb sa culture, elle renonce \u00e0 la vivre pleinement, la rel\u00e9guant \u00e0 un mus\u00e9e vivant qui vire \u00e0 une humiliante caricature. Saint-Loup y voit une forme de capitulation face \u00e0 la domination culturelle : une ethnie \u00ab encore vivante \u00bb a le devoir de s\u2019affirmer comme souveraine, c\u2019est-\u00e0-dire de revendiquer son droit \u00e0 exister politiquement, linguistiquement et spirituellement, d&rsquo;\u00eatre ce quelle est, et non d&rsquo;\u00eatre r\u00e9duite \u00e0 une expression caricaturale, convenue et marginalis\u00e9e d&rsquo;une culture \u00ab\u00a0p\u00e9riph\u00e9rique\u00a0\u00bb qui n&rsquo;est plus que tol\u00e9r\u00e9e &#8211; et am\u00e9nag\u00e9e &#8211; par la culture \u00e9trang\u00e8re dominante et ses canons esth\u00e9tiques et moraux.<\/p>\n<p style=\"text-align: justify;\">Cette id\u00e9e est particuli\u00e8rement pertinente pour la Bretagne, o\u00f9 le folklore (fest-noz, coiffes traditionnelles) est parfois instrumentalis\u00e9 pour le tourisme, mais aussi par la gauche fran\u00e7aise, pour servir paradoxalement d&rsquo;alibi au discours cosmopolite, vidant la culture bretonne de sa substance. Saint-Loup appelle \u00e0 d\u00e9passer cette vision r\u00e9ductrice : un fest-noz n\u2019est pas qu\u2019un spectacle, mais un acte de transmission ; le breton n\u2019est pas un reliquat, mais une langue vivante. Cette citation invite les Bretons \u00e0 transformer leur h\u00e9ritage en une force politique, cr\u00e9ative, \u00e9tatique, un message qui r\u00e9sonne avec les efforts actuels pour faire du breton une langue d\u2019usage quotidien ou pour int\u00e9grer la culture bretonne dans des projets modernes (musique, cin\u00e9ma, litt\u00e9rature).<\/p>\n<p style=\"text-align: justify;\"><em>Plus de pardon pour les Bretons<\/em> est un ouvrage br\u00fblant, port\u00e9 par une vision radicalement libre de l\u2019identit\u00e9 bretonne. Le texte de Saint-Loup transcende par sa sinc\u00e9rit\u00e9 et sa puissance mobilisatrice. Pour les Bretons d\u2019aujourd\u2019hui, il offre un rappel salutaire : l\u2019identit\u00e9 n\u2019est pas un souvenir, mais un projet. Sa lutte pour les peuples d\u2019Europe anticipe les d\u00e9bats sur la diversit\u00e9 ethno-culturelle face \u00e0 la globalisation. Sa citation sur le folklore reste un d\u00e9fi lanc\u00e9 \u00e0 tous les peuples : oser \u00eatre souverains, ou se condamner \u00e0 n\u2019\u00eatre que des ombres d\u2019eux-m\u00eames dans une soci\u00e9t\u00e9 globale, d\u00e9racin\u00e9e. Cet ouvrage, par sa vigueur et sa clairvoyance, demeure un jalon essentiel pour quiconque s\u2019int\u00e9resse \u00e0 la Bretagne et \u00e0 la survie des cultures vivantes.<\/p>\n<p style=\"text-align: right;\"><strong>Olier Kerdrel<\/strong><\/p>\n<p>Pour acheter Plus de pardon pour les Bretons, <a href=\"https:\/\/www.librairie-du-collectionneur.fr\/produit\/125074--plus-de-pardons-pour-les-bretons-par-saint-loup\"><em><strong>cliquez ici<\/strong><\/em><\/a><\/p>\n","protected":false},"excerpt":{"rendered":"<p>Plus de pardon pour les Bretons (1972), \u00e9crit par Marc Augier sous le pseudonyme de Saint-Loup, est \u00e0 la fois pamphlet et manifeste, qui appelle \u00e0 une renaissance de l\u2019identit\u00e9 bretonne et \u00e0 une affirmation fi\u00e8re de son h\u00e9ritage culturel et politique. Ce livre, port\u00e9 par une prose passionn\u00e9e et un souffle \u00e9pique, se distingue [&hellip;]<\/p>\n","protected":false},"author":1,"featured_media":4024,"comment_status":"open","ping_status":"open","sticky":false,"template":"","format":"standard","meta":{"sb_editor_width":"","footnotes":""},"categories":[43,74,65],"tags":[],"class_list":["post-4023","post","type-post","status-publish","format-standard","has-post-thumbnail","hentry","category-culture-bretonne","category-emsav","category-principale"],"relative_dates":{"created":"12 mois ago","modified":"12 mois ago"},"yoast_head":"<!-- This site is optimized with the Yoast SEO plugin v26.3 - https:\/\/yoast.com\/wordpress\/plugins\/seo\/ -->\n<title>&quot;Plus de pardons pour les Bretons&quot; : un ouvrage en forme d&#039;appel \u00e0 l&#039;insoumission identitaire face au d\u00e9racinement et \u00e0 la globalisation - STOURM<\/title>\n<meta name=\"robots\" content=\"index, follow, max-snippet:-1, max-image-preview:large, max-video-preview:-1\" \/>\n<link rel=\"canonical\" href=\"https:\/\/stourm.news\/?p=4023\" \/>\n<meta property=\"og:locale\" content=\"fr_FR\" \/>\n<meta property=\"og:type\" content=\"article\" \/>\n<meta property=\"og:title\" content=\"&quot;Plus de pardons pour les Bretons&quot; : un ouvrage en forme d&#039;appel \u00e0 l&#039;insoumission identitaire face au d\u00e9racinement et \u00e0 la globalisation - STOURM\" \/>\n<meta property=\"og:description\" content=\"Plus de pardon pour les Bretons (1972), \u00e9crit par Marc Augier sous le pseudonyme de Saint-Loup, est \u00e0 la fois pamphlet et manifeste, qui appelle \u00e0 une renaissance de l\u2019identit\u00e9 bretonne et \u00e0 une affirmation fi\u00e8re de son h\u00e9ritage culturel et politique. Ce livre, port\u00e9 par une prose passionn\u00e9e et un souffle \u00e9pique, se distingue [&hellip;]\" \/>\n<meta property=\"og:url\" content=\"https:\/\/stourm.news\/?p=4023\" \/>\n<meta property=\"og:site_name\" content=\"STOURM\" \/>\n<meta property=\"article:publisher\" content=\"https:\/\/www.facebook.com\/stourmnews\/\" \/>\n<meta property=\"article:published_time\" content=\"2025-05-09T07:57:43+00:00\" \/>\n<meta property=\"og:image\" content=\"https:\/\/stourm.news\/wp-content\/uploads\/2025\/05\/Capture-decran-2025-05-09-a-16.53.59.png\" \/>\n\t<meta property=\"og:image:width\" content=\"910\" \/>\n\t<meta property=\"og:image:height\" content=\"606\" \/>\n\t<meta property=\"og:image:type\" content=\"image\/png\" \/>\n<meta name=\"author\" content=\"La r\u00e9daction\" \/>\n<meta name=\"twitter:card\" content=\"summary_large_image\" \/>\n<meta name=\"twitter:label1\" content=\"\u00c9crit par\" \/>\n\t<meta name=\"twitter:data1\" content=\"La r\u00e9daction\" \/>\n\t<meta name=\"twitter:label2\" content=\"Dur\u00e9e de lecture estim\u00e9e\" \/>\n\t<meta name=\"twitter:data2\" content=\"8 minutes\" \/>\n<script type=\"application\/ld+json\" class=\"yoast-schema-graph\">{\"@context\":\"https:\/\/schema.org\",\"@graph\":[{\"@type\":\"Article\",\"@id\":\"https:\/\/stourm.news\/?p=4023#article\",\"isPartOf\":{\"@id\":\"https:\/\/stourm.news\/?p=4023\"},\"author\":{\"name\":\"La r\u00e9daction\",\"@id\":\"https:\/\/stourm.news\/#\/schema\/person\/c3e1dc65988632e190969234ef046cf9\"},\"headline\":\"\u00ab\u00a0Plus de pardons pour les Bretons\u00a0\u00bb : un ouvrage en forme d&rsquo;appel \u00e0 l&rsquo;insoumission identitaire face au d\u00e9racinement et \u00e0 la globalisation\",\"datePublished\":\"2025-05-09T07:57:43+00:00\",\"mainEntityOfPage\":{\"@id\":\"https:\/\/stourm.news\/?p=4023\"},\"wordCount\":1598,\"commentCount\":0,\"publisher\":{\"@id\":\"https:\/\/stourm.news\/#organization\"},\"image\":{\"@id\":\"https:\/\/stourm.news\/?p=4023#primaryimage\"},\"thumbnailUrl\":\"https:\/\/stourm.news\/wp-content\/uploads\/2025\/05\/Capture-decran-2025-05-09-a-16.53.59.png\",\"articleSection\":[\"Culture bretonne\",\"Emsav\",\"Principale\"],\"inLanguage\":\"fr-FR\",\"potentialAction\":[{\"@type\":\"CommentAction\",\"name\":\"Comment\",\"target\":[\"https:\/\/stourm.news\/?p=4023#respond\"]}]},{\"@type\":\"WebPage\",\"@id\":\"https:\/\/stourm.news\/?p=4023\",\"url\":\"https:\/\/stourm.news\/?p=4023\",\"name\":\"\\\"Plus de pardons pour les Bretons\\\" : un ouvrage en forme d'appel \u00e0 l'insoumission identitaire face au d\u00e9racinement et \u00e0 la globalisation - STOURM\",\"isPartOf\":{\"@id\":\"https:\/\/stourm.news\/#website\"},\"primaryImageOfPage\":{\"@id\":\"https:\/\/stourm.news\/?p=4023#primaryimage\"},\"image\":{\"@id\":\"https:\/\/stourm.news\/?p=4023#primaryimage\"},\"thumbnailUrl\":\"https:\/\/stourm.news\/wp-content\/uploads\/2025\/05\/Capture-decran-2025-05-09-a-16.53.59.png\",\"datePublished\":\"2025-05-09T07:57:43+00:00\",\"breadcrumb\":{\"@id\":\"https:\/\/stourm.news\/?p=4023#breadcrumb\"},\"inLanguage\":\"fr-FR\",\"potentialAction\":[{\"@type\":\"ReadAction\",\"target\":[\"https:\/\/stourm.news\/?p=4023\"]}]},{\"@type\":\"ImageObject\",\"inLanguage\":\"fr-FR\",\"@id\":\"https:\/\/stourm.news\/?p=4023#primaryimage\",\"url\":\"https:\/\/stourm.news\/wp-content\/uploads\/2025\/05\/Capture-decran-2025-05-09-a-16.53.59.png\",\"contentUrl\":\"https:\/\/stourm.news\/wp-content\/uploads\/2025\/05\/Capture-decran-2025-05-09-a-16.53.59.png\",\"width\":910,\"height\":606},{\"@type\":\"BreadcrumbList\",\"@id\":\"https:\/\/stourm.news\/?p=4023#breadcrumb\",\"itemListElement\":[{\"@type\":\"ListItem\",\"position\":1,\"name\":\"Accueil\",\"item\":\"https:\/\/stourm.news\/\"},{\"@type\":\"ListItem\",\"position\":2,\"name\":\"\u00ab\u00a0Plus de pardons pour les Bretons\u00a0\u00bb : un ouvrage en forme d&rsquo;appel \u00e0 l&rsquo;insoumission identitaire face au d\u00e9racinement et \u00e0 la globalisation\"}]},{\"@type\":\"WebSite\",\"@id\":\"https:\/\/stourm.news\/#website\",\"url\":\"https:\/\/stourm.news\/\",\"name\":\"Stourm\",\"description\":\"Kazetenn Strollad Broadel Breizh\",\"publisher\":{\"@id\":\"https:\/\/stourm.news\/#organization\"},\"potentialAction\":[{\"@type\":\"SearchAction\",\"target\":{\"@type\":\"EntryPoint\",\"urlTemplate\":\"https:\/\/stourm.news\/?s={search_term_string}\"},\"query-input\":{\"@type\":\"PropertyValueSpecification\",\"valueRequired\":true,\"valueName\":\"search_term_string\"}}],\"inLanguage\":\"fr-FR\"},{\"@type\":\"Organization\",\"@id\":\"https:\/\/stourm.news\/#organization\",\"name\":\"Stourm\",\"url\":\"https:\/\/stourm.news\/\",\"logo\":{\"@type\":\"ImageObject\",\"inLanguage\":\"fr-FR\",\"@id\":\"https:\/\/stourm.news\/#\/schema\/logo\/image\/\",\"url\":\"https:\/\/stourm.news\/wp-content\/uploads\/2025\/11\/cropped-Capture-decran-2025-11-28-a-15.19.07.png\",\"contentUrl\":\"https:\/\/stourm.news\/wp-content\/uploads\/2025\/11\/cropped-Capture-decran-2025-11-28-a-15.19.07.png\",\"width\":1855,\"height\":383,\"caption\":\"Stourm\"},\"image\":{\"@id\":\"https:\/\/stourm.news\/#\/schema\/logo\/image\/\"},\"sameAs\":[\"https:\/\/www.facebook.com\/stourmnews\/\"]},{\"@type\":\"Person\",\"@id\":\"https:\/\/stourm.news\/#\/schema\/person\/c3e1dc65988632e190969234ef046cf9\",\"name\":\"La r\u00e9daction\",\"image\":{\"@type\":\"ImageObject\",\"inLanguage\":\"fr-FR\",\"@id\":\"https:\/\/stourm.news\/#\/schema\/person\/image\/\",\"url\":\"https:\/\/secure.gravatar.com\/avatar\/7463443f194b6b5fb706b074ca0ef59a0cfcfd720cb47764b0ec5a952ce422b3?s=96&d=mm&r=g\",\"contentUrl\":\"https:\/\/secure.gravatar.com\/avatar\/7463443f194b6b5fb706b074ca0ef59a0cfcfd720cb47764b0ec5a952ce422b3?s=96&d=mm&r=g\",\"caption\":\"La r\u00e9daction\"},\"sameAs\":[\"https:\/\/stourm.news\"],\"url\":\"https:\/\/stourm.news\/?author=1\"}]}<\/script>\n<!-- \/ Yoast SEO plugin. -->","yoast_head_json":{"title":"\"Plus de pardons pour les Bretons\" : un ouvrage en forme d'appel \u00e0 l'insoumission identitaire face au d\u00e9racinement et \u00e0 la globalisation - STOURM","robots":{"index":"index","follow":"follow","max-snippet":"max-snippet:-1","max-image-preview":"max-image-preview:large","max-video-preview":"max-video-preview:-1"},"canonical":"https:\/\/stourm.news\/?p=4023","og_locale":"fr_FR","og_type":"article","og_title":"\"Plus de pardons pour les Bretons\" : un ouvrage en forme d'appel \u00e0 l'insoumission identitaire face au d\u00e9racinement et \u00e0 la globalisation - STOURM","og_description":"Plus de pardon pour les Bretons (1972), \u00e9crit par Marc Augier sous le pseudonyme de Saint-Loup, est \u00e0 la fois pamphlet et manifeste, qui appelle \u00e0 une renaissance de l\u2019identit\u00e9 bretonne et \u00e0 une affirmation fi\u00e8re de son h\u00e9ritage culturel et politique. Ce livre, port\u00e9 par une prose passionn\u00e9e et un souffle \u00e9pique, se distingue [&hellip;]","og_url":"https:\/\/stourm.news\/?p=4023","og_site_name":"STOURM","article_publisher":"https:\/\/www.facebook.com\/stourmnews\/","article_published_time":"2025-05-09T07:57:43+00:00","og_image":[{"width":910,"height":606,"url":"https:\/\/stourm.news\/wp-content\/uploads\/2025\/05\/Capture-decran-2025-05-09-a-16.53.59.png","type":"image\/png"}],"author":"La r\u00e9daction","twitter_card":"summary_large_image","twitter_misc":{"\u00c9crit par":"La r\u00e9daction","Dur\u00e9e de lecture estim\u00e9e":"8 minutes"},"schema":{"@context":"https:\/\/schema.org","@graph":[{"@type":"Article","@id":"https:\/\/stourm.news\/?p=4023#article","isPartOf":{"@id":"https:\/\/stourm.news\/?p=4023"},"author":{"name":"La r\u00e9daction","@id":"https:\/\/stourm.news\/#\/schema\/person\/c3e1dc65988632e190969234ef046cf9"},"headline":"\u00ab\u00a0Plus de pardons pour les Bretons\u00a0\u00bb : un ouvrage en forme d&rsquo;appel \u00e0 l&rsquo;insoumission identitaire face au d\u00e9racinement et \u00e0 la globalisation","datePublished":"2025-05-09T07:57:43+00:00","mainEntityOfPage":{"@id":"https:\/\/stourm.news\/?p=4023"},"wordCount":1598,"commentCount":0,"publisher":{"@id":"https:\/\/stourm.news\/#organization"},"image":{"@id":"https:\/\/stourm.news\/?p=4023#primaryimage"},"thumbnailUrl":"https:\/\/stourm.news\/wp-content\/uploads\/2025\/05\/Capture-decran-2025-05-09-a-16.53.59.png","articleSection":["Culture bretonne","Emsav","Principale"],"inLanguage":"fr-FR","potentialAction":[{"@type":"CommentAction","name":"Comment","target":["https:\/\/stourm.news\/?p=4023#respond"]}]},{"@type":"WebPage","@id":"https:\/\/stourm.news\/?p=4023","url":"https:\/\/stourm.news\/?p=4023","name":"\"Plus de pardons pour les Bretons\" : un ouvrage en forme d'appel \u00e0 l'insoumission identitaire face au d\u00e9racinement et \u00e0 la globalisation - STOURM","isPartOf":{"@id":"https:\/\/stourm.news\/#website"},"primaryImageOfPage":{"@id":"https:\/\/stourm.news\/?p=4023#primaryimage"},"image":{"@id":"https:\/\/stourm.news\/?p=4023#primaryimage"},"thumbnailUrl":"https:\/\/stourm.news\/wp-content\/uploads\/2025\/05\/Capture-decran-2025-05-09-a-16.53.59.png","datePublished":"2025-05-09T07:57:43+00:00","breadcrumb":{"@id":"https:\/\/stourm.news\/?p=4023#breadcrumb"},"inLanguage":"fr-FR","potentialAction":[{"@type":"ReadAction","target":["https:\/\/stourm.news\/?p=4023"]}]},{"@type":"ImageObject","inLanguage":"fr-FR","@id":"https:\/\/stourm.news\/?p=4023#primaryimage","url":"https:\/\/stourm.news\/wp-content\/uploads\/2025\/05\/Capture-decran-2025-05-09-a-16.53.59.png","contentUrl":"https:\/\/stourm.news\/wp-content\/uploads\/2025\/05\/Capture-decran-2025-05-09-a-16.53.59.png","width":910,"height":606},{"@type":"BreadcrumbList","@id":"https:\/\/stourm.news\/?p=4023#breadcrumb","itemListElement":[{"@type":"ListItem","position":1,"name":"Accueil","item":"https:\/\/stourm.news\/"},{"@type":"ListItem","position":2,"name":"\u00ab\u00a0Plus de pardons pour les Bretons\u00a0\u00bb : un ouvrage en forme d&rsquo;appel \u00e0 l&rsquo;insoumission identitaire face au d\u00e9racinement et \u00e0 la globalisation"}]},{"@type":"WebSite","@id":"https:\/\/stourm.news\/#website","url":"https:\/\/stourm.news\/","name":"Stourm","description":"Kazetenn Strollad Broadel Breizh","publisher":{"@id":"https:\/\/stourm.news\/#organization"},"potentialAction":[{"@type":"SearchAction","target":{"@type":"EntryPoint","urlTemplate":"https:\/\/stourm.news\/?s={search_term_string}"},"query-input":{"@type":"PropertyValueSpecification","valueRequired":true,"valueName":"search_term_string"}}],"inLanguage":"fr-FR"},{"@type":"Organization","@id":"https:\/\/stourm.news\/#organization","name":"Stourm","url":"https:\/\/stourm.news\/","logo":{"@type":"ImageObject","inLanguage":"fr-FR","@id":"https:\/\/stourm.news\/#\/schema\/logo\/image\/","url":"https:\/\/stourm.news\/wp-content\/uploads\/2025\/11\/cropped-Capture-decran-2025-11-28-a-15.19.07.png","contentUrl":"https:\/\/stourm.news\/wp-content\/uploads\/2025\/11\/cropped-Capture-decran-2025-11-28-a-15.19.07.png","width":1855,"height":383,"caption":"Stourm"},"image":{"@id":"https:\/\/stourm.news\/#\/schema\/logo\/image\/"},"sameAs":["https:\/\/www.facebook.com\/stourmnews\/"]},{"@type":"Person","@id":"https:\/\/stourm.news\/#\/schema\/person\/c3e1dc65988632e190969234ef046cf9","name":"La r\u00e9daction","image":{"@type":"ImageObject","inLanguage":"fr-FR","@id":"https:\/\/stourm.news\/#\/schema\/person\/image\/","url":"https:\/\/secure.gravatar.com\/avatar\/7463443f194b6b5fb706b074ca0ef59a0cfcfd720cb47764b0ec5a952ce422b3?s=96&d=mm&r=g","contentUrl":"https:\/\/secure.gravatar.com\/avatar\/7463443f194b6b5fb706b074ca0ef59a0cfcfd720cb47764b0ec5a952ce422b3?s=96&d=mm&r=g","caption":"La r\u00e9daction"},"sameAs":["https:\/\/stourm.news"],"url":"https:\/\/stourm.news\/?author=1"}]}},"_links":{"self":[{"href":"https:\/\/stourm.news\/index.php?rest_route=\/wp\/v2\/posts\/4023","targetHints":{"allow":["GET"]}}],"collection":[{"href":"https:\/\/stourm.news\/index.php?rest_route=\/wp\/v2\/posts"}],"about":[{"href":"https:\/\/stourm.news\/index.php?rest_route=\/wp\/v2\/types\/post"}],"author":[{"embeddable":true,"href":"https:\/\/stourm.news\/index.php?rest_route=\/wp\/v2\/users\/1"}],"replies":[{"embeddable":true,"href":"https:\/\/stourm.news\/index.php?rest_route=%2Fwp%2Fv2%2Fcomments&post=4023"}],"version-history":[{"count":1,"href":"https:\/\/stourm.news\/index.php?rest_route=\/wp\/v2\/posts\/4023\/revisions"}],"predecessor-version":[{"id":4025,"href":"https:\/\/stourm.news\/index.php?rest_route=\/wp\/v2\/posts\/4023\/revisions\/4025"}],"wp:featuredmedia":[{"embeddable":true,"href":"https:\/\/stourm.news\/index.php?rest_route=\/wp\/v2\/media\/4024"}],"wp:attachment":[{"href":"https:\/\/stourm.news\/index.php?rest_route=%2Fwp%2Fv2%2Fmedia&parent=4023"}],"wp:term":[{"taxonomy":"category","embeddable":true,"href":"https:\/\/stourm.news\/index.php?rest_route=%2Fwp%2Fv2%2Fcategories&post=4023"},{"taxonomy":"post_tag","embeddable":true,"href":"https:\/\/stourm.news\/index.php?rest_route=%2Fwp%2Fv2%2Ftags&post=4023"}],"curies":[{"name":"wp","href":"https:\/\/api.w.org\/{rel}","templated":true}]}}