{"id":4027,"date":"2025-05-12T13:16:41","date_gmt":"2025-05-12T13:16:41","guid":{"rendered":"https:\/\/stourm.news\/?p=4027"},"modified":"2025-05-12T13:16:41","modified_gmt":"2025-05-12T13:16:41","slug":"le-massacre-de-bleiburg-une-tragedie-revelatrice-des-crimes-communistes-et-de-la-complicite-alliee","status":"publish","type":"post","link":"https:\/\/stourm.news\/?p=4027","title":{"rendered":"Le massacre de Bleiburg : Une trag\u00e9die r\u00e9v\u00e9latrice des crimes communistes et de la complicit\u00e9 alli\u00e9e"},"content":{"rendered":"<p style=\"text-align: justify;\">Le massacre de Bleiburg, survenu en mai 1945 pr\u00e8s de la fronti\u00e8re austro-slov\u00e8ne, reste l\u2019un des \u00e9pisodes les plus sombres de la fin de la Seconde Guerre mondiale. Ce crime de masse, perp\u00e9tr\u00e9 par les Partisans yougoslaves sous commandement communiste et facilit\u00e9 par les d\u00e9cisions des Alli\u00e9s, a co\u00fbt\u00e9 la vie \u00e0 des dizaines de milliers de personnes, principalement des Croates anti-communistes.<\/p>\n<p style=\"text-align: justify;\"><strong>Une ex\u00e9cution massive sous l\u2019\u00e9gide communiste<\/strong><\/p>\n<p style=\"text-align: justify;\">En mai 1945, alors que la guerre touche \u00e0 sa fin, des colonnes de r\u00e9fugi\u00e9s \u2013 soldats de l\u2019\u00c9tat ind\u00e9pendant de Croatie (NDH), membres de la Garde nationale, mais aussi civils, femmes et enfants \u2013 fuient l\u2019avanc\u00e9e des Partisans communistes de Josip Broz Tito. Ces groupes, estim\u00e9s entre 100 000 et 200 000 personnes, cherchant \u00e0 \u00e9chapper \u00e0 la r\u00e9pression. Leur destination : les lignes britanniques en Autriche, o\u00f9 ils esp\u00e8rent trouver protection.<\/p>\n<p style=\"text-align: justify;\">D\u00e8s le 12 mai, les premi\u00e8res unit\u00e9s yougoslaves atteignent Bleiburg, marquant le d\u00e9but d\u2019une trag\u00e9die. Les Partisans entament des ex\u00e9cutions massives. Les prisonniers sont abattus sur place, jet\u00e9s dans des fosses communes ou contraints \u00e0 des \u00ab marches de la mort \u00bb vers des camps en Yougoslavie. Les estimations du nombre de victimes varient : les \u00e9tudes s\u00e9rieuses, comme celle de Vladimir \u017derjavi\u0107, avancent environ 55 000 morts, tandis que d\u2019autres sources \u00e9voquent jusqu\u2019\u00e0 80 000 victimes, dont une part importante de civils. Ces actes, men\u00e9s sans proc\u00e8s et en violation des Conventions de Gen\u00e8ve, t\u00e9moignent d\u2019une brutalit\u00e9 syst\u00e9matique orchestr\u00e9e par l&rsquo;Arm\u00e9e populaire yougoslave, avec l\u2019aval de Tito.<\/p>\n<p><strong>Le massacre de la mine Barbara<\/strong><\/p>\n<p style=\"text-align: justify;\">Le massacre de la mine Barbara, \u00e9galement appel\u00e9 massacre de Huda Jama, est une ex\u00e9cution de masse survenue en mai et juin 1945, apr\u00e8s la fin de la Seconde Guerre mondiale, dans une mine de charbon abandonn\u00e9e pr\u00e8s de Huda Jama, en Slov\u00e9nie. Plus de 1 400 personnes furent tu\u00e9es par les partisans communistes yougoslaves, sous l\u2019\u00e9gide du Corps de d\u00e9fense populaire (KNOJ) et de l\u2019OZNA, dans le cadre des refoulements de Bleiburg orchestr\u00e9s par les Britanniques.<\/p>\n<p style=\"text-align: justify;\">\u00c0 Huda Jama, les prisonniers, venant notamment des camps de Teharje et Stari Pisker, furent transport\u00e9s de nuit. Attach\u00e9s par paires, d\u00e9nud\u00e9s, ils furent ex\u00e9cut\u00e9s par balle, marteau ou pioche au-dessus des puits de la mine. Les corps furent recouverts de chaux pour acc\u00e9l\u00e9rer la d\u00e9composition, et la mine fut scell\u00e9e avec 400 m\u00b3 de b\u00e9ton et des barri\u00e8res, rendant les lieux inaccessibles. Aucun survivant n\u2019est recens\u00e9.<\/p>\n<p style=\"text-align: justify;\">Une analyse arch\u00e9ologique (2009-2016) a exhum\u00e9 1 416 victimes, dont 769 en 2009 et 647 en 2016. Parmi elles, 21 femmes et des jeunes d\u00e8s 17 ans, mais la majorit\u00e9 \u00e9taient des hommes de 20 \u00e0 40 ans, principalement des soldats de la NDH. Des civils furent \u00e9galement tu\u00e9s, bien que leur nombre exact reste incertain.<\/p>\n<p style=\"text-align: justify;\">Le massacre fut occult\u00e9 par les autorit\u00e9s communistes yougoslaves, qui interdirent toute discussion. Les archives officielles n\u2019en font pas mention, mais une premi\u00e8re allusion apparut en 1947 lors d\u2019un proc\u00e8s. Ce n\u2019est qu\u2019en 1990, apr\u00e8s la chute du communisme, que le site fut publiquement \u00e9voqu\u00e9. Les investigations d\u00e9but\u00e8rent en 2008, r\u00e9v\u00e9lant les corps en 2009 apr\u00e8s le percement de 11 barri\u00e8res de b\u00e9ton. Un m\u00e9morial fut \u00e9rig\u00e9 en 1997, et en 2016, 778 victimes furent transf\u00e9r\u00e9es au cimeti\u00e8re de Dobrava, pr\u00e8s de Maribor, lors d\u2019une c\u00e9r\u00e9monie r\u00e9unissant les dirigeants croates et slov\u00e8nes.<\/p>\n<p style=\"text-align: justify;\"><strong>La responsabilit\u00e9 des Alli\u00e9s<\/strong><\/p>\n<p style=\"text-align: justify;\">Les Alli\u00e9s, et en particulier les Britanniques, jouent un r\u00f4le d\u00e9terminant dans cette trag\u00e9die. Stationn\u00e9es pr\u00e8s de Bleiburg, les forces britanniques refusent d\u2019accueillir les r\u00e9fugi\u00e9s, invoquant des contraintes logistiques et des accords avec les Alli\u00e9s, notamment l\u2019op\u00e9ration Keelhaul, qui pr\u00e9voyait le rapatriement des prisonniers vers leurs pays d\u2019origine. Conscientes du sort probable r\u00e9serv\u00e9 aux Croates par les partisans communistes, elles les renvoient n\u00e9anmoins vers la Yougoslavie. Ce choix, motiv\u00e9 par des consid\u00e9rations diplomatiques et le souhait de pr\u00e9server les relations avec Tito, transforme les Britanniques en complices indirects du massacre.<\/p>\n<p style=\"text-align: justify;\">Cette d\u00e9cision r\u00e9v\u00e8le une facette cynique des Alli\u00e9s, souvent c\u00e9l\u00e9br\u00e9s comme d\u00e9fenseurs de la libert\u00e9. En livrant des civils et des soldats sans distinction, ils ont contribu\u00e9 \u00e0 un crime de guerre, trahissant les principes qu\u2019ils pr\u00e9tendaient d\u00e9fendre. Pour les Bretons, ce double jeu rappelle les compromissions des grandes puissances face aux aspirations des petites nations, un \u00e9cho \u00e0 notre propre lutte pour l&rsquo;ind\u00e9pendance.<\/p>\n<p style=\"text-align: right;\"><strong>Olier Kerdrel<\/strong><\/p>\n","protected":false},"excerpt":{"rendered":"<p>Le massacre de Bleiburg, survenu en mai 1945 pr\u00e8s de la fronti\u00e8re austro-slov\u00e8ne, reste l\u2019un des \u00e9pisodes les plus sombres de la fin de la Seconde Guerre mondiale. Ce crime de masse, perp\u00e9tr\u00e9 par les Partisans yougoslaves sous commandement communiste et facilit\u00e9 par les d\u00e9cisions des Alli\u00e9s, a co\u00fbt\u00e9 la vie \u00e0 des dizaines de [&hellip;]<\/p>\n","protected":false},"author":1,"featured_media":4028,"comment_status":"open","ping_status":"open","sticky":false,"template":"","format":"standard","meta":{"sb_editor_width":"","footnotes":""},"categories":[75,65],"tags":[],"class_list":["post-4027","post","type-post","status-publish","format-standard","has-post-thumbnail","hentry","category-histoire","category-principale"],"relative_dates":{"created":"12 mois ago","modified":"12 mois ago"},"yoast_head":"<!-- This site is optimized with the Yoast SEO plugin v26.3 - https:\/\/yoast.com\/wordpress\/plugins\/seo\/ -->\n<title>Le massacre de Bleiburg : Une trag\u00e9die r\u00e9v\u00e9latrice des crimes communistes et de la complicit\u00e9 alli\u00e9e - STOURM<\/title>\n<meta name=\"robots\" content=\"index, follow, max-snippet:-1, max-image-preview:large, max-video-preview:-1\" \/>\n<link rel=\"canonical\" href=\"https:\/\/stourm.news\/?p=4027\" \/>\n<meta property=\"og:locale\" content=\"fr_FR\" \/>\n<meta property=\"og:type\" content=\"article\" \/>\n<meta property=\"og:title\" content=\"Le massacre de Bleiburg : Une trag\u00e9die r\u00e9v\u00e9latrice des crimes communistes et de la complicit\u00e9 alli\u00e9e - STOURM\" \/>\n<meta property=\"og:description\" content=\"Le massacre de Bleiburg, survenu en mai 1945 pr\u00e8s de la fronti\u00e8re austro-slov\u00e8ne, reste l\u2019un des \u00e9pisodes les plus sombres de la fin de la Seconde Guerre mondiale. Ce crime de masse, perp\u00e9tr\u00e9 par les Partisans yougoslaves sous commandement communiste et facilit\u00e9 par les d\u00e9cisions des Alli\u00e9s, a co\u00fbt\u00e9 la vie \u00e0 des dizaines de [&hellip;]\" \/>\n<meta property=\"og:url\" content=\"https:\/\/stourm.news\/?p=4027\" \/>\n<meta property=\"og:site_name\" content=\"STOURM\" \/>\n<meta property=\"article:publisher\" content=\"https:\/\/www.facebook.com\/stourmnews\/\" \/>\n<meta property=\"article:published_time\" content=\"2025-05-12T13:16:41+00:00\" \/>\n<meta property=\"og:image\" content=\"https:\/\/stourm.news\/wp-content\/uploads\/2025\/05\/Ratni_zarobljenici_kod_Bleiburga.jpg\" \/>\n\t<meta property=\"og:image:width\" content=\"1000\" \/>\n\t<meta property=\"og:image:height\" content=\"667\" \/>\n\t<meta property=\"og:image:type\" content=\"image\/jpeg\" \/>\n<meta name=\"author\" content=\"La r\u00e9daction\" \/>\n<meta name=\"twitter:card\" content=\"summary_large_image\" \/>\n<meta name=\"twitter:label1\" content=\"\u00c9crit par\" \/>\n\t<meta name=\"twitter:data1\" content=\"La r\u00e9daction\" \/>\n\t<meta name=\"twitter:label2\" content=\"Dur\u00e9e de lecture estim\u00e9e\" \/>\n\t<meta name=\"twitter:data2\" content=\"4 minutes\" \/>\n<script type=\"application\/ld+json\" class=\"yoast-schema-graph\">{\"@context\":\"https:\/\/schema.org\",\"@graph\":[{\"@type\":\"Article\",\"@id\":\"https:\/\/stourm.news\/?p=4027#article\",\"isPartOf\":{\"@id\":\"https:\/\/stourm.news\/?p=4027\"},\"author\":{\"name\":\"La r\u00e9daction\",\"@id\":\"https:\/\/stourm.news\/#\/schema\/person\/c3e1dc65988632e190969234ef046cf9\"},\"headline\":\"Le massacre de Bleiburg : Une trag\u00e9die r\u00e9v\u00e9latrice des crimes communistes et de la complicit\u00e9 alli\u00e9e\",\"datePublished\":\"2025-05-12T13:16:41+00:00\",\"mainEntityOfPage\":{\"@id\":\"https:\/\/stourm.news\/?p=4027\"},\"wordCount\":800,\"commentCount\":0,\"publisher\":{\"@id\":\"https:\/\/stourm.news\/#organization\"},\"image\":{\"@id\":\"https:\/\/stourm.news\/?p=4027#primaryimage\"},\"thumbnailUrl\":\"https:\/\/stourm.news\/wp-content\/uploads\/2025\/05\/Ratni_zarobljenici_kod_Bleiburga.jpg\",\"articleSection\":[\"Histoire\",\"Principale\"],\"inLanguage\":\"fr-FR\",\"potentialAction\":[{\"@type\":\"CommentAction\",\"name\":\"Comment\",\"target\":[\"https:\/\/stourm.news\/?p=4027#respond\"]}]},{\"@type\":\"WebPage\",\"@id\":\"https:\/\/stourm.news\/?p=4027\",\"url\":\"https:\/\/stourm.news\/?p=4027\",\"name\":\"Le massacre de Bleiburg : Une trag\u00e9die r\u00e9v\u00e9latrice des crimes communistes et de la complicit\u00e9 alli\u00e9e - STOURM\",\"isPartOf\":{\"@id\":\"https:\/\/stourm.news\/#website\"},\"primaryImageOfPage\":{\"@id\":\"https:\/\/stourm.news\/?p=4027#primaryimage\"},\"image\":{\"@id\":\"https:\/\/stourm.news\/?p=4027#primaryimage\"},\"thumbnailUrl\":\"https:\/\/stourm.news\/wp-content\/uploads\/2025\/05\/Ratni_zarobljenici_kod_Bleiburga.jpg\",\"datePublished\":\"2025-05-12T13:16:41+00:00\",\"breadcrumb\":{\"@id\":\"https:\/\/stourm.news\/?p=4027#breadcrumb\"},\"inLanguage\":\"fr-FR\",\"potentialAction\":[{\"@type\":\"ReadAction\",\"target\":[\"https:\/\/stourm.news\/?p=4027\"]}]},{\"@type\":\"ImageObject\",\"inLanguage\":\"fr-FR\",\"@id\":\"https:\/\/stourm.news\/?p=4027#primaryimage\",\"url\":\"https:\/\/stourm.news\/wp-content\/uploads\/2025\/05\/Ratni_zarobljenici_kod_Bleiburga.jpg\",\"contentUrl\":\"https:\/\/stourm.news\/wp-content\/uploads\/2025\/05\/Ratni_zarobljenici_kod_Bleiburga.jpg\",\"width\":1000,\"height\":667},{\"@type\":\"BreadcrumbList\",\"@id\":\"https:\/\/stourm.news\/?p=4027#breadcrumb\",\"itemListElement\":[{\"@type\":\"ListItem\",\"position\":1,\"name\":\"Accueil\",\"item\":\"https:\/\/stourm.news\/\"},{\"@type\":\"ListItem\",\"position\":2,\"name\":\"Le massacre de Bleiburg : Une trag\u00e9die r\u00e9v\u00e9latrice des crimes communistes et de la complicit\u00e9 alli\u00e9e\"}]},{\"@type\":\"WebSite\",\"@id\":\"https:\/\/stourm.news\/#website\",\"url\":\"https:\/\/stourm.news\/\",\"name\":\"Stourm\",\"description\":\"Kazetenn Strollad Broadel Breizh\",\"publisher\":{\"@id\":\"https:\/\/stourm.news\/#organization\"},\"potentialAction\":[{\"@type\":\"SearchAction\",\"target\":{\"@type\":\"EntryPoint\",\"urlTemplate\":\"https:\/\/stourm.news\/?s={search_term_string}\"},\"query-input\":{\"@type\":\"PropertyValueSpecification\",\"valueRequired\":true,\"valueName\":\"search_term_string\"}}],\"inLanguage\":\"fr-FR\"},{\"@type\":\"Organization\",\"@id\":\"https:\/\/stourm.news\/#organization\",\"name\":\"Stourm\",\"url\":\"https:\/\/stourm.news\/\",\"logo\":{\"@type\":\"ImageObject\",\"inLanguage\":\"fr-FR\",\"@id\":\"https:\/\/stourm.news\/#\/schema\/logo\/image\/\",\"url\":\"https:\/\/stourm.news\/wp-content\/uploads\/2025\/11\/cropped-Capture-decran-2025-11-28-a-15.19.07.png\",\"contentUrl\":\"https:\/\/stourm.news\/wp-content\/uploads\/2025\/11\/cropped-Capture-decran-2025-11-28-a-15.19.07.png\",\"width\":1855,\"height\":383,\"caption\":\"Stourm\"},\"image\":{\"@id\":\"https:\/\/stourm.news\/#\/schema\/logo\/image\/\"},\"sameAs\":[\"https:\/\/www.facebook.com\/stourmnews\/\"]},{\"@type\":\"Person\",\"@id\":\"https:\/\/stourm.news\/#\/schema\/person\/c3e1dc65988632e190969234ef046cf9\",\"name\":\"La r\u00e9daction\",\"image\":{\"@type\":\"ImageObject\",\"inLanguage\":\"fr-FR\",\"@id\":\"https:\/\/stourm.news\/#\/schema\/person\/image\/\",\"url\":\"https:\/\/secure.gravatar.com\/avatar\/7463443f194b6b5fb706b074ca0ef59a0cfcfd720cb47764b0ec5a952ce422b3?s=96&d=mm&r=g\",\"contentUrl\":\"https:\/\/secure.gravatar.com\/avatar\/7463443f194b6b5fb706b074ca0ef59a0cfcfd720cb47764b0ec5a952ce422b3?s=96&d=mm&r=g\",\"caption\":\"La r\u00e9daction\"},\"sameAs\":[\"https:\/\/stourm.news\"],\"url\":\"https:\/\/stourm.news\/?author=1\"}]}<\/script>\n<!-- \/ Yoast SEO plugin. -->","yoast_head_json":{"title":"Le massacre de Bleiburg : Une trag\u00e9die r\u00e9v\u00e9latrice des crimes communistes et de la complicit\u00e9 alli\u00e9e - STOURM","robots":{"index":"index","follow":"follow","max-snippet":"max-snippet:-1","max-image-preview":"max-image-preview:large","max-video-preview":"max-video-preview:-1"},"canonical":"https:\/\/stourm.news\/?p=4027","og_locale":"fr_FR","og_type":"article","og_title":"Le massacre de Bleiburg : Une trag\u00e9die r\u00e9v\u00e9latrice des crimes communistes et de la complicit\u00e9 alli\u00e9e - STOURM","og_description":"Le massacre de Bleiburg, survenu en mai 1945 pr\u00e8s de la fronti\u00e8re austro-slov\u00e8ne, reste l\u2019un des \u00e9pisodes les plus sombres de la fin de la Seconde Guerre mondiale. Ce crime de masse, perp\u00e9tr\u00e9 par les Partisans yougoslaves sous commandement communiste et facilit\u00e9 par les d\u00e9cisions des Alli\u00e9s, a co\u00fbt\u00e9 la vie \u00e0 des dizaines de [&hellip;]","og_url":"https:\/\/stourm.news\/?p=4027","og_site_name":"STOURM","article_publisher":"https:\/\/www.facebook.com\/stourmnews\/","article_published_time":"2025-05-12T13:16:41+00:00","og_image":[{"width":1000,"height":667,"url":"https:\/\/stourm.news\/wp-content\/uploads\/2025\/05\/Ratni_zarobljenici_kod_Bleiburga.jpg","type":"image\/jpeg"}],"author":"La r\u00e9daction","twitter_card":"summary_large_image","twitter_misc":{"\u00c9crit par":"La r\u00e9daction","Dur\u00e9e de lecture estim\u00e9e":"4 minutes"},"schema":{"@context":"https:\/\/schema.org","@graph":[{"@type":"Article","@id":"https:\/\/stourm.news\/?p=4027#article","isPartOf":{"@id":"https:\/\/stourm.news\/?p=4027"},"author":{"name":"La r\u00e9daction","@id":"https:\/\/stourm.news\/#\/schema\/person\/c3e1dc65988632e190969234ef046cf9"},"headline":"Le massacre de Bleiburg : Une trag\u00e9die r\u00e9v\u00e9latrice des crimes communistes et de la complicit\u00e9 alli\u00e9e","datePublished":"2025-05-12T13:16:41+00:00","mainEntityOfPage":{"@id":"https:\/\/stourm.news\/?p=4027"},"wordCount":800,"commentCount":0,"publisher":{"@id":"https:\/\/stourm.news\/#organization"},"image":{"@id":"https:\/\/stourm.news\/?p=4027#primaryimage"},"thumbnailUrl":"https:\/\/stourm.news\/wp-content\/uploads\/2025\/05\/Ratni_zarobljenici_kod_Bleiburga.jpg","articleSection":["Histoire","Principale"],"inLanguage":"fr-FR","potentialAction":[{"@type":"CommentAction","name":"Comment","target":["https:\/\/stourm.news\/?p=4027#respond"]}]},{"@type":"WebPage","@id":"https:\/\/stourm.news\/?p=4027","url":"https:\/\/stourm.news\/?p=4027","name":"Le massacre de Bleiburg : Une trag\u00e9die r\u00e9v\u00e9latrice des crimes communistes et de la complicit\u00e9 alli\u00e9e - STOURM","isPartOf":{"@id":"https:\/\/stourm.news\/#website"},"primaryImageOfPage":{"@id":"https:\/\/stourm.news\/?p=4027#primaryimage"},"image":{"@id":"https:\/\/stourm.news\/?p=4027#primaryimage"},"thumbnailUrl":"https:\/\/stourm.news\/wp-content\/uploads\/2025\/05\/Ratni_zarobljenici_kod_Bleiburga.jpg","datePublished":"2025-05-12T13:16:41+00:00","breadcrumb":{"@id":"https:\/\/stourm.news\/?p=4027#breadcrumb"},"inLanguage":"fr-FR","potentialAction":[{"@type":"ReadAction","target":["https:\/\/stourm.news\/?p=4027"]}]},{"@type":"ImageObject","inLanguage":"fr-FR","@id":"https:\/\/stourm.news\/?p=4027#primaryimage","url":"https:\/\/stourm.news\/wp-content\/uploads\/2025\/05\/Ratni_zarobljenici_kod_Bleiburga.jpg","contentUrl":"https:\/\/stourm.news\/wp-content\/uploads\/2025\/05\/Ratni_zarobljenici_kod_Bleiburga.jpg","width":1000,"height":667},{"@type":"BreadcrumbList","@id":"https:\/\/stourm.news\/?p=4027#breadcrumb","itemListElement":[{"@type":"ListItem","position":1,"name":"Accueil","item":"https:\/\/stourm.news\/"},{"@type":"ListItem","position":2,"name":"Le massacre de Bleiburg : Une trag\u00e9die r\u00e9v\u00e9latrice des crimes communistes et de la complicit\u00e9 alli\u00e9e"}]},{"@type":"WebSite","@id":"https:\/\/stourm.news\/#website","url":"https:\/\/stourm.news\/","name":"Stourm","description":"Kazetenn Strollad Broadel Breizh","publisher":{"@id":"https:\/\/stourm.news\/#organization"},"potentialAction":[{"@type":"SearchAction","target":{"@type":"EntryPoint","urlTemplate":"https:\/\/stourm.news\/?s={search_term_string}"},"query-input":{"@type":"PropertyValueSpecification","valueRequired":true,"valueName":"search_term_string"}}],"inLanguage":"fr-FR"},{"@type":"Organization","@id":"https:\/\/stourm.news\/#organization","name":"Stourm","url":"https:\/\/stourm.news\/","logo":{"@type":"ImageObject","inLanguage":"fr-FR","@id":"https:\/\/stourm.news\/#\/schema\/logo\/image\/","url":"https:\/\/stourm.news\/wp-content\/uploads\/2025\/11\/cropped-Capture-decran-2025-11-28-a-15.19.07.png","contentUrl":"https:\/\/stourm.news\/wp-content\/uploads\/2025\/11\/cropped-Capture-decran-2025-11-28-a-15.19.07.png","width":1855,"height":383,"caption":"Stourm"},"image":{"@id":"https:\/\/stourm.news\/#\/schema\/logo\/image\/"},"sameAs":["https:\/\/www.facebook.com\/stourmnews\/"]},{"@type":"Person","@id":"https:\/\/stourm.news\/#\/schema\/person\/c3e1dc65988632e190969234ef046cf9","name":"La r\u00e9daction","image":{"@type":"ImageObject","inLanguage":"fr-FR","@id":"https:\/\/stourm.news\/#\/schema\/person\/image\/","url":"https:\/\/secure.gravatar.com\/avatar\/7463443f194b6b5fb706b074ca0ef59a0cfcfd720cb47764b0ec5a952ce422b3?s=96&d=mm&r=g","contentUrl":"https:\/\/secure.gravatar.com\/avatar\/7463443f194b6b5fb706b074ca0ef59a0cfcfd720cb47764b0ec5a952ce422b3?s=96&d=mm&r=g","caption":"La r\u00e9daction"},"sameAs":["https:\/\/stourm.news"],"url":"https:\/\/stourm.news\/?author=1"}]}},"_links":{"self":[{"href":"https:\/\/stourm.news\/index.php?rest_route=\/wp\/v2\/posts\/4027","targetHints":{"allow":["GET"]}}],"collection":[{"href":"https:\/\/stourm.news\/index.php?rest_route=\/wp\/v2\/posts"}],"about":[{"href":"https:\/\/stourm.news\/index.php?rest_route=\/wp\/v2\/types\/post"}],"author":[{"embeddable":true,"href":"https:\/\/stourm.news\/index.php?rest_route=\/wp\/v2\/users\/1"}],"replies":[{"embeddable":true,"href":"https:\/\/stourm.news\/index.php?rest_route=%2Fwp%2Fv2%2Fcomments&post=4027"}],"version-history":[{"count":1,"href":"https:\/\/stourm.news\/index.php?rest_route=\/wp\/v2\/posts\/4027\/revisions"}],"predecessor-version":[{"id":4029,"href":"https:\/\/stourm.news\/index.php?rest_route=\/wp\/v2\/posts\/4027\/revisions\/4029"}],"wp:featuredmedia":[{"embeddable":true,"href":"https:\/\/stourm.news\/index.php?rest_route=\/wp\/v2\/media\/4028"}],"wp:attachment":[{"href":"https:\/\/stourm.news\/index.php?rest_route=%2Fwp%2Fv2%2Fmedia&parent=4027"}],"wp:term":[{"taxonomy":"category","embeddable":true,"href":"https:\/\/stourm.news\/index.php?rest_route=%2Fwp%2Fv2%2Fcategories&post=4027"},{"taxonomy":"post_tag","embeddable":true,"href":"https:\/\/stourm.news\/index.php?rest_route=%2Fwp%2Fv2%2Ftags&post=4027"}],"curies":[{"name":"wp","href":"https:\/\/api.w.org\/{rel}","templated":true}]}}