{"id":4070,"date":"2025-05-20T05:18:33","date_gmt":"2025-05-20T05:18:33","guid":{"rendered":"https:\/\/stourm.news\/?p=4070"},"modified":"2025-05-20T05:18:33","modified_gmt":"2025-05-20T05:18:33","slug":"choose-france-2025-la-bretagne-marginalisee-par-paris-lindependance-est-la-seule-issue-pour-leconomie-bretonne","status":"publish","type":"post","link":"https:\/\/stourm.news\/?p=4070","title":{"rendered":"Choose France 2025 : la Bretagne marginalis\u00e9e par Paris, l&rsquo;ind\u00e9pendance est la seule issue pour l&rsquo;\u00e9conomie bretonne"},"content":{"rendered":"<p style=\"text-align: justify;\">Le sommet Choose France, organis\u00e9 le 19 mai 2025 au ch\u00e2teau de Versailles, symbole du centralisme monarchique, a une fois de plus mis en lumi\u00e8re l\u2019injustice structurelle impos\u00e9e \u00e0 la Bretagne par l\u2019\u00c9tat fran\u00e7ais. Avec 41 milliards d\u2019euros d\u2019investissements \u00e9trangers annonc\u00e9s pour l\u2019Hexagone, un seul projet concerne notre territoire : une extension de 5 millions d\u2019euros pour un site de Schneider Electric en Ille-et-Vilaine ! Cette goutte d\u2019eau dans un oc\u00e9an d\u2019investissements illustre cruellement la <strong>marginalisation<\/strong> \u00e9conomique volontaire de la Bretagne, prisonni\u00e8re d\u2019un centralisme parisien qui asphyxie son potentiel. Seule l\u2019autonomie, suivie de l\u2019ind\u00e9pendance nationale, permettra \u00e0 notre nation de reprendre en main son destin \u00e9conomique et de b\u00e2tir une prosp\u00e9rit\u00e9 durable.<\/p>\n<p style=\"text-align: justify;\">La Bretagne, avec son riche patrimoine, son dynamisme entrepreneurial et sa position strat\u00e9gique au carrefour maritime de l\u2019Europe, dispose de tous les atouts pour devenir un p\u00f4le \u00e9conomique de premier plan. Nos ports, de Brest \u00e0 Saint-Malo, pourraient rivaliser avec ceux des grandes nations maritimes europ\u00e9ennes. Nos fili\u00e8res agroalimentaires, nos technologies marines et notre tissu de PME innovantes sont des leviers de croissance reconnus. Pourtant, le sommet Choose France r\u00e9v\u00e8le une r\u00e9alit\u00e9 implacable : sous la tutelle de l\u2019\u00c9tat fran\u00e7ais, la Bretagne est rel\u00e9gu\u00e9e au rang de p\u00e9riph\u00e9rie secondaire, d\u00e9laiss\u00e9e au profit des grandes m\u00e9tropoles hexagonales. Ces 5 millions d\u2019euros, une aum\u00f4ne dans le contexte des 41 milliards annonc\u00e9s, ne sont qu\u2019un sympt\u00f4me de l\u2019influence d\u00e9l\u00e9t\u00e8re d\u2019un syst\u00e8me qui concentre les richesses et les d\u00e9cisions \u00e0 Paris.<\/p>\n<p style=\"text-align: justify;\">Ce centralisme n\u2019est pas une fatalit\u00e9, mais une entrave. L\u2019\u00c9tat fran\u00e7ais impose des politiques \u00e9conomiques uniformes, ignorant les sp\u00e9cificit\u00e9s et les besoins de la Bretagne. Les grandes entreprises \u00e9trang\u00e8res, guid\u00e9es par les priorit\u00e9s parisiennes, investissent l\u00e0 o\u00f9 l\u2019\u00c9tat fran\u00e7ais les oriente, souvent dans des r\u00e9gions d\u00e9j\u00e0 satur\u00e9es de capitaux comme l\u2019\u00cele-de-France. Pendant ce temps, nos territoires, riches en potentiel, sont laiss\u00e9s \u00e0 l\u2019abandon. Ce m\u00e9pris se traduit par une fuite des talents bretons, un ch\u00f4mage persistant dans certaines zones rurales et un sous-investissement chronique dans nos infrastructures. Comment la Bretagne peut-elle rivaliser sur la sc\u00e8ne internationale si ses ressources et ses d\u00e9cisions sont confisqu\u00e9es par un pouvoir central \u00e9tranger qui combat ses ambitions ?<\/p>\n<p style=\"text-align: justify;\">L\u2019autonomie est la premi\u00e8re \u00e9tape pour briser ces cha\u00eenes. En contr\u00f4lant nos finances, nos politiques \u00e9conomiques et nos relations internationales, la Bretagne pourrait attirer des investissements cibl\u00e9s, adapt\u00e9s \u00e0 ses forces. La Bretagne a besoin d&rsquo;un fonds d\u2019investissement breton qui soutient nos start-ups technologiques, nos exploitations agricoles durables ou nos projets d\u2019\u00e9nergies marines. Imaginez des ports bretons, lib\u00e9r\u00e9s des lourdeurs administratives fran\u00e7aises, devenant des hubs logistiques majeurs. L\u2019ind\u00e9pendance, quant \u00e0 elle, irait plus loin : elle offrirait \u00e0 la Bretagne la souverainet\u00e9 n\u00e9cessaire pour n\u00e9gocier directement avec des partenaires internationaux, sans passer par le filtre d\u00e9formant de Paris. Des mod\u00e8les comme l\u2019Irlande, petite nation insulaire devenue un g\u00e9ant \u00e9conomique gr\u00e2ce \u00e0 une fiscalit\u00e9 attractive et une gouvernance agile, montrent la voie.<\/p>\n<p style=\"text-align: justify;\">Ce n\u2019est pas un r\u00eave, mais une n\u00e9cessit\u00e9. Chaque ann\u00e9e, la Bretagne perd des opportunit\u00e9s \u00e0 cause de ce syst\u00e8me qui la rel\u00e8gue au second plan. Les 5 millions d\u2019euros de Versailles ne sont pas un investissement dans notre avenir, mais une insulte \u00e0 notre potentiel. Le Parti National Breton appelle \u00e0 un sursaut : il est temps de revendiquer notre droit \u00e0 l\u2019autonomie, puis \u00e0 l\u2019ind\u00e9pendance. Seule une Bretagne libre pourra attirer les investissements qu\u2019elle m\u00e9rite et b\u00e2tir une \u00e9conomie prosp\u00e8re, respectueuse de son identit\u00e9 et de ses territoires. L\u2019avenir de la Bretagne ne se d\u00e9cide pas \u00e0 Versailles, mais ici, chez nous, par et pour les Bretons.<\/p>\n<p style=\"text-align: right;\"><strong>Budig Gourmaelon<\/strong><\/p>\n","protected":false},"excerpt":{"rendered":"<p>Le sommet Choose France, organis\u00e9 le 19 mai 2025 au ch\u00e2teau de Versailles, symbole du centralisme monarchique, a une fois de plus mis en lumi\u00e8re l\u2019injustice structurelle impos\u00e9e \u00e0 la Bretagne par l\u2019\u00c9tat fran\u00e7ais. Avec 41 milliards d\u2019euros d\u2019investissements \u00e9trangers annonc\u00e9s pour l\u2019Hexagone, un seul projet concerne notre territoire : une extension de 5 millions [&hellip;]<\/p>\n","protected":false},"author":1,"featured_media":4071,"comment_status":"open","ping_status":"open","sticky":false,"template":"","format":"standard","meta":{"sb_editor_width":"","footnotes":""},"categories":[58,55,65],"tags":[],"class_list":["post-4070","post","type-post","status-publish","format-standard","has-post-thumbnail","hentry","category-breizh","category-economie","category-principale"],"relative_dates":{"created":"12 mois ago","modified":"12 mois ago"},"yoast_head":"<!-- This site is optimized with the Yoast SEO plugin v26.3 - https:\/\/yoast.com\/wordpress\/plugins\/seo\/ -->\n<title>Choose France 2025 : la Bretagne marginalis\u00e9e par Paris, l&#039;ind\u00e9pendance est la seule issue pour l&#039;\u00e9conomie bretonne - STOURM<\/title>\n<meta name=\"robots\" content=\"index, follow, max-snippet:-1, max-image-preview:large, max-video-preview:-1\" \/>\n<link rel=\"canonical\" href=\"https:\/\/stourm.news\/?p=4070\" \/>\n<meta property=\"og:locale\" content=\"fr_FR\" \/>\n<meta property=\"og:type\" content=\"article\" \/>\n<meta property=\"og:title\" content=\"Choose France 2025 : la Bretagne marginalis\u00e9e par Paris, l&#039;ind\u00e9pendance est la seule issue pour l&#039;\u00e9conomie bretonne - STOURM\" \/>\n<meta property=\"og:description\" content=\"Le sommet Choose France, organis\u00e9 le 19 mai 2025 au ch\u00e2teau de Versailles, symbole du centralisme monarchique, a une fois de plus mis en lumi\u00e8re l\u2019injustice structurelle impos\u00e9e \u00e0 la Bretagne par l\u2019\u00c9tat fran\u00e7ais. Avec 41 milliards d\u2019euros d\u2019investissements \u00e9trangers annonc\u00e9s pour l\u2019Hexagone, un seul projet concerne notre territoire : une extension de 5 millions [&hellip;]\" \/>\n<meta property=\"og:url\" content=\"https:\/\/stourm.news\/?p=4070\" \/>\n<meta property=\"og:site_name\" content=\"STOURM\" \/>\n<meta property=\"article:publisher\" content=\"https:\/\/www.facebook.com\/stourmnews\/\" \/>\n<meta property=\"article:published_time\" content=\"2025-05-20T05:18:33+00:00\" \/>\n<meta property=\"og:image\" content=\"https:\/\/stourm.news\/wp-content\/uploads\/2025\/05\/6b78bf747e12489e399f758d369e14389ccf9856.webp\" \/>\n\t<meta property=\"og:image:width\" content=\"1360\" \/>\n\t<meta property=\"og:image:height\" content=\"840\" \/>\n\t<meta property=\"og:image:type\" content=\"image\/webp\" \/>\n<meta name=\"author\" content=\"La r\u00e9daction\" \/>\n<meta name=\"twitter:card\" content=\"summary_large_image\" \/>\n<meta name=\"twitter:label1\" content=\"\u00c9crit par\" \/>\n\t<meta name=\"twitter:data1\" content=\"La r\u00e9daction\" \/>\n\t<meta name=\"twitter:label2\" content=\"Dur\u00e9e de lecture estim\u00e9e\" \/>\n\t<meta name=\"twitter:data2\" content=\"3 minutes\" \/>\n<script type=\"application\/ld+json\" class=\"yoast-schema-graph\">{\"@context\":\"https:\/\/schema.org\",\"@graph\":[{\"@type\":\"Article\",\"@id\":\"https:\/\/stourm.news\/?p=4070#article\",\"isPartOf\":{\"@id\":\"https:\/\/stourm.news\/?p=4070\"},\"author\":{\"name\":\"La r\u00e9daction\",\"@id\":\"https:\/\/stourm.news\/#\/schema\/person\/c3e1dc65988632e190969234ef046cf9\"},\"headline\":\"Choose France 2025 : la Bretagne marginalis\u00e9e par Paris, l&rsquo;ind\u00e9pendance est la seule issue pour l&rsquo;\u00e9conomie bretonne\",\"datePublished\":\"2025-05-20T05:18:33+00:00\",\"mainEntityOfPage\":{\"@id\":\"https:\/\/stourm.news\/?p=4070\"},\"wordCount\":685,\"commentCount\":0,\"publisher\":{\"@id\":\"https:\/\/stourm.news\/#organization\"},\"image\":{\"@id\":\"https:\/\/stourm.news\/?p=4070#primaryimage\"},\"thumbnailUrl\":\"https:\/\/stourm.news\/wp-content\/uploads\/2025\/05\/6b78bf747e12489e399f758d369e14389ccf9856.webp\",\"articleSection\":[\"Breizh\",\"Economie\",\"Principale\"],\"inLanguage\":\"fr-FR\",\"potentialAction\":[{\"@type\":\"CommentAction\",\"name\":\"Comment\",\"target\":[\"https:\/\/stourm.news\/?p=4070#respond\"]}]},{\"@type\":\"WebPage\",\"@id\":\"https:\/\/stourm.news\/?p=4070\",\"url\":\"https:\/\/stourm.news\/?p=4070\",\"name\":\"Choose France 2025 : la Bretagne marginalis\u00e9e par Paris, l'ind\u00e9pendance est la seule issue pour l'\u00e9conomie bretonne - STOURM\",\"isPartOf\":{\"@id\":\"https:\/\/stourm.news\/#website\"},\"primaryImageOfPage\":{\"@id\":\"https:\/\/stourm.news\/?p=4070#primaryimage\"},\"image\":{\"@id\":\"https:\/\/stourm.news\/?p=4070#primaryimage\"},\"thumbnailUrl\":\"https:\/\/stourm.news\/wp-content\/uploads\/2025\/05\/6b78bf747e12489e399f758d369e14389ccf9856.webp\",\"datePublished\":\"2025-05-20T05:18:33+00:00\",\"breadcrumb\":{\"@id\":\"https:\/\/stourm.news\/?p=4070#breadcrumb\"},\"inLanguage\":\"fr-FR\",\"potentialAction\":[{\"@type\":\"ReadAction\",\"target\":[\"https:\/\/stourm.news\/?p=4070\"]}]},{\"@type\":\"ImageObject\",\"inLanguage\":\"fr-FR\",\"@id\":\"https:\/\/stourm.news\/?p=4070#primaryimage\",\"url\":\"https:\/\/stourm.news\/wp-content\/uploads\/2025\/05\/6b78bf747e12489e399f758d369e14389ccf9856.webp\",\"contentUrl\":\"https:\/\/stourm.news\/wp-content\/uploads\/2025\/05\/6b78bf747e12489e399f758d369e14389ccf9856.webp\",\"width\":1360,\"height\":840},{\"@type\":\"BreadcrumbList\",\"@id\":\"https:\/\/stourm.news\/?p=4070#breadcrumb\",\"itemListElement\":[{\"@type\":\"ListItem\",\"position\":1,\"name\":\"Accueil\",\"item\":\"https:\/\/stourm.news\/\"},{\"@type\":\"ListItem\",\"position\":2,\"name\":\"Choose France 2025 : la Bretagne marginalis\u00e9e par Paris, l&rsquo;ind\u00e9pendance est la seule issue pour l&rsquo;\u00e9conomie bretonne\"}]},{\"@type\":\"WebSite\",\"@id\":\"https:\/\/stourm.news\/#website\",\"url\":\"https:\/\/stourm.news\/\",\"name\":\"Stourm\",\"description\":\"Kazetenn Strollad Broadel Breizh\",\"publisher\":{\"@id\":\"https:\/\/stourm.news\/#organization\"},\"potentialAction\":[{\"@type\":\"SearchAction\",\"target\":{\"@type\":\"EntryPoint\",\"urlTemplate\":\"https:\/\/stourm.news\/?s={search_term_string}\"},\"query-input\":{\"@type\":\"PropertyValueSpecification\",\"valueRequired\":true,\"valueName\":\"search_term_string\"}}],\"inLanguage\":\"fr-FR\"},{\"@type\":\"Organization\",\"@id\":\"https:\/\/stourm.news\/#organization\",\"name\":\"Stourm\",\"url\":\"https:\/\/stourm.news\/\",\"logo\":{\"@type\":\"ImageObject\",\"inLanguage\":\"fr-FR\",\"@id\":\"https:\/\/stourm.news\/#\/schema\/logo\/image\/\",\"url\":\"https:\/\/stourm.news\/wp-content\/uploads\/2025\/11\/cropped-Capture-decran-2025-11-28-a-15.19.07.png\",\"contentUrl\":\"https:\/\/stourm.news\/wp-content\/uploads\/2025\/11\/cropped-Capture-decran-2025-11-28-a-15.19.07.png\",\"width\":1855,\"height\":383,\"caption\":\"Stourm\"},\"image\":{\"@id\":\"https:\/\/stourm.news\/#\/schema\/logo\/image\/\"},\"sameAs\":[\"https:\/\/www.facebook.com\/stourmnews\/\"]},{\"@type\":\"Person\",\"@id\":\"https:\/\/stourm.news\/#\/schema\/person\/c3e1dc65988632e190969234ef046cf9\",\"name\":\"La r\u00e9daction\",\"image\":{\"@type\":\"ImageObject\",\"inLanguage\":\"fr-FR\",\"@id\":\"https:\/\/stourm.news\/#\/schema\/person\/image\/\",\"url\":\"https:\/\/secure.gravatar.com\/avatar\/7463443f194b6b5fb706b074ca0ef59a0cfcfd720cb47764b0ec5a952ce422b3?s=96&d=mm&r=g\",\"contentUrl\":\"https:\/\/secure.gravatar.com\/avatar\/7463443f194b6b5fb706b074ca0ef59a0cfcfd720cb47764b0ec5a952ce422b3?s=96&d=mm&r=g\",\"caption\":\"La r\u00e9daction\"},\"sameAs\":[\"https:\/\/stourm.news\"],\"url\":\"https:\/\/stourm.news\/?author=1\"}]}<\/script>\n<!-- \/ Yoast SEO plugin. -->","yoast_head_json":{"title":"Choose France 2025 : la Bretagne marginalis\u00e9e par Paris, l'ind\u00e9pendance est la seule issue pour l'\u00e9conomie bretonne - STOURM","robots":{"index":"index","follow":"follow","max-snippet":"max-snippet:-1","max-image-preview":"max-image-preview:large","max-video-preview":"max-video-preview:-1"},"canonical":"https:\/\/stourm.news\/?p=4070","og_locale":"fr_FR","og_type":"article","og_title":"Choose France 2025 : la Bretagne marginalis\u00e9e par Paris, l'ind\u00e9pendance est la seule issue pour l'\u00e9conomie bretonne - STOURM","og_description":"Le sommet Choose France, organis\u00e9 le 19 mai 2025 au ch\u00e2teau de Versailles, symbole du centralisme monarchique, a une fois de plus mis en lumi\u00e8re l\u2019injustice structurelle impos\u00e9e \u00e0 la Bretagne par l\u2019\u00c9tat fran\u00e7ais. Avec 41 milliards d\u2019euros d\u2019investissements \u00e9trangers annonc\u00e9s pour l\u2019Hexagone, un seul projet concerne notre territoire : une extension de 5 millions [&hellip;]","og_url":"https:\/\/stourm.news\/?p=4070","og_site_name":"STOURM","article_publisher":"https:\/\/www.facebook.com\/stourmnews\/","article_published_time":"2025-05-20T05:18:33+00:00","og_image":[{"width":1360,"height":840,"url":"https:\/\/stourm.news\/wp-content\/uploads\/2025\/05\/6b78bf747e12489e399f758d369e14389ccf9856.webp","type":"image\/webp"}],"author":"La r\u00e9daction","twitter_card":"summary_large_image","twitter_misc":{"\u00c9crit par":"La r\u00e9daction","Dur\u00e9e de lecture estim\u00e9e":"3 minutes"},"schema":{"@context":"https:\/\/schema.org","@graph":[{"@type":"Article","@id":"https:\/\/stourm.news\/?p=4070#article","isPartOf":{"@id":"https:\/\/stourm.news\/?p=4070"},"author":{"name":"La r\u00e9daction","@id":"https:\/\/stourm.news\/#\/schema\/person\/c3e1dc65988632e190969234ef046cf9"},"headline":"Choose France 2025 : la Bretagne marginalis\u00e9e par Paris, l&rsquo;ind\u00e9pendance est la seule issue pour l&rsquo;\u00e9conomie bretonne","datePublished":"2025-05-20T05:18:33+00:00","mainEntityOfPage":{"@id":"https:\/\/stourm.news\/?p=4070"},"wordCount":685,"commentCount":0,"publisher":{"@id":"https:\/\/stourm.news\/#organization"},"image":{"@id":"https:\/\/stourm.news\/?p=4070#primaryimage"},"thumbnailUrl":"https:\/\/stourm.news\/wp-content\/uploads\/2025\/05\/6b78bf747e12489e399f758d369e14389ccf9856.webp","articleSection":["Breizh","Economie","Principale"],"inLanguage":"fr-FR","potentialAction":[{"@type":"CommentAction","name":"Comment","target":["https:\/\/stourm.news\/?p=4070#respond"]}]},{"@type":"WebPage","@id":"https:\/\/stourm.news\/?p=4070","url":"https:\/\/stourm.news\/?p=4070","name":"Choose France 2025 : la Bretagne marginalis\u00e9e par Paris, l'ind\u00e9pendance est la seule issue pour l'\u00e9conomie bretonne - STOURM","isPartOf":{"@id":"https:\/\/stourm.news\/#website"},"primaryImageOfPage":{"@id":"https:\/\/stourm.news\/?p=4070#primaryimage"},"image":{"@id":"https:\/\/stourm.news\/?p=4070#primaryimage"},"thumbnailUrl":"https:\/\/stourm.news\/wp-content\/uploads\/2025\/05\/6b78bf747e12489e399f758d369e14389ccf9856.webp","datePublished":"2025-05-20T05:18:33+00:00","breadcrumb":{"@id":"https:\/\/stourm.news\/?p=4070#breadcrumb"},"inLanguage":"fr-FR","potentialAction":[{"@type":"ReadAction","target":["https:\/\/stourm.news\/?p=4070"]}]},{"@type":"ImageObject","inLanguage":"fr-FR","@id":"https:\/\/stourm.news\/?p=4070#primaryimage","url":"https:\/\/stourm.news\/wp-content\/uploads\/2025\/05\/6b78bf747e12489e399f758d369e14389ccf9856.webp","contentUrl":"https:\/\/stourm.news\/wp-content\/uploads\/2025\/05\/6b78bf747e12489e399f758d369e14389ccf9856.webp","width":1360,"height":840},{"@type":"BreadcrumbList","@id":"https:\/\/stourm.news\/?p=4070#breadcrumb","itemListElement":[{"@type":"ListItem","position":1,"name":"Accueil","item":"https:\/\/stourm.news\/"},{"@type":"ListItem","position":2,"name":"Choose France 2025 : la Bretagne marginalis\u00e9e par Paris, l&rsquo;ind\u00e9pendance est la seule issue pour l&rsquo;\u00e9conomie bretonne"}]},{"@type":"WebSite","@id":"https:\/\/stourm.news\/#website","url":"https:\/\/stourm.news\/","name":"Stourm","description":"Kazetenn Strollad Broadel Breizh","publisher":{"@id":"https:\/\/stourm.news\/#organization"},"potentialAction":[{"@type":"SearchAction","target":{"@type":"EntryPoint","urlTemplate":"https:\/\/stourm.news\/?s={search_term_string}"},"query-input":{"@type":"PropertyValueSpecification","valueRequired":true,"valueName":"search_term_string"}}],"inLanguage":"fr-FR"},{"@type":"Organization","@id":"https:\/\/stourm.news\/#organization","name":"Stourm","url":"https:\/\/stourm.news\/","logo":{"@type":"ImageObject","inLanguage":"fr-FR","@id":"https:\/\/stourm.news\/#\/schema\/logo\/image\/","url":"https:\/\/stourm.news\/wp-content\/uploads\/2025\/11\/cropped-Capture-decran-2025-11-28-a-15.19.07.png","contentUrl":"https:\/\/stourm.news\/wp-content\/uploads\/2025\/11\/cropped-Capture-decran-2025-11-28-a-15.19.07.png","width":1855,"height":383,"caption":"Stourm"},"image":{"@id":"https:\/\/stourm.news\/#\/schema\/logo\/image\/"},"sameAs":["https:\/\/www.facebook.com\/stourmnews\/"]},{"@type":"Person","@id":"https:\/\/stourm.news\/#\/schema\/person\/c3e1dc65988632e190969234ef046cf9","name":"La r\u00e9daction","image":{"@type":"ImageObject","inLanguage":"fr-FR","@id":"https:\/\/stourm.news\/#\/schema\/person\/image\/","url":"https:\/\/secure.gravatar.com\/avatar\/7463443f194b6b5fb706b074ca0ef59a0cfcfd720cb47764b0ec5a952ce422b3?s=96&d=mm&r=g","contentUrl":"https:\/\/secure.gravatar.com\/avatar\/7463443f194b6b5fb706b074ca0ef59a0cfcfd720cb47764b0ec5a952ce422b3?s=96&d=mm&r=g","caption":"La r\u00e9daction"},"sameAs":["https:\/\/stourm.news"],"url":"https:\/\/stourm.news\/?author=1"}]}},"_links":{"self":[{"href":"https:\/\/stourm.news\/index.php?rest_route=\/wp\/v2\/posts\/4070","targetHints":{"allow":["GET"]}}],"collection":[{"href":"https:\/\/stourm.news\/index.php?rest_route=\/wp\/v2\/posts"}],"about":[{"href":"https:\/\/stourm.news\/index.php?rest_route=\/wp\/v2\/types\/post"}],"author":[{"embeddable":true,"href":"https:\/\/stourm.news\/index.php?rest_route=\/wp\/v2\/users\/1"}],"replies":[{"embeddable":true,"href":"https:\/\/stourm.news\/index.php?rest_route=%2Fwp%2Fv2%2Fcomments&post=4070"}],"version-history":[{"count":1,"href":"https:\/\/stourm.news\/index.php?rest_route=\/wp\/v2\/posts\/4070\/revisions"}],"predecessor-version":[{"id":4072,"href":"https:\/\/stourm.news\/index.php?rest_route=\/wp\/v2\/posts\/4070\/revisions\/4072"}],"wp:featuredmedia":[{"embeddable":true,"href":"https:\/\/stourm.news\/index.php?rest_route=\/wp\/v2\/media\/4071"}],"wp:attachment":[{"href":"https:\/\/stourm.news\/index.php?rest_route=%2Fwp%2Fv2%2Fmedia&parent=4070"}],"wp:term":[{"taxonomy":"category","embeddable":true,"href":"https:\/\/stourm.news\/index.php?rest_route=%2Fwp%2Fv2%2Fcategories&post=4070"},{"taxonomy":"post_tag","embeddable":true,"href":"https:\/\/stourm.news\/index.php?rest_route=%2Fwp%2Fv2%2Ftags&post=4070"}],"curies":[{"name":"wp","href":"https:\/\/api.w.org\/{rel}","templated":true}]}}