{"id":4073,"date":"2025-05-20T05:57:53","date_gmt":"2025-05-20T05:57:53","guid":{"rendered":"https:\/\/stourm.news\/?p=4073"},"modified":"2025-05-20T05:58:02","modified_gmt":"2025-05-20T05:58:02","slug":"crise-du-festival-interceltique-et-de-sonerion-nouvelle-consequence-de-la-mise-au-pas-culturelle-de-la-bretagne-par-paris-et-la-gauche-francaise","status":"publish","type":"post","link":"https:\/\/stourm.news\/?p=4073","title":{"rendered":"Crise du Festival Interceltique et de Sonerion : nouvelle cons\u00e9quence de la mise au pas culturelle de la Bretagne par Paris et la gauche fran\u00e7aise"},"content":{"rendered":"<p style=\"text-align: justify;\">Le Festival Interceltique de Lorient (FIL), symbole de l\u2019identit\u00e9 celtique contemporaine de la Bretagne, traverse une crise alarmante, r\u00e9v\u00e9l\u00e9e par un d\u00e9ficit de 111 256 \u20ac pour un budget de 7,1 M\u20ac, des fonds propres en chute libre \u00e0 moins de 300 000 \u20ac et un exc\u00e9dent de fonds de roulement incapable de couvrir un mois de salaires. Cette situation, d\u00e9nonc\u00e9e par Herv\u00e9 Cornic, ancien administrateur du FIL, refl\u00e8te un mal plus profond : la d\u00e9pendance chronique du festival, tout comme de Sonerion, aux subsides de la gauche fran\u00e7aise et d\u2019un \u00c9tat fran\u00e7ais qui pille fiscalement la Bretagne tout en favorisant la culture parisienne. Cette soumission \u00e0 la gauche socialiste et \u00e0 l\u2019\u00c9tat fran\u00e7ais trahit l\u2019h\u00e9ritage de Polig Monjarret, p\u00e8re du mouvement nationaliste des bagado\u00f9, et appelle une alternative radicale : l\u2019autonomie bretonne imm\u00e9diate.<\/p>\n<p style=\"text-align: justify;\">Le FIL, n\u00e9 en 1971 d\u2019une comp\u00e9tition de bagado\u00f9, incarne l\u2019\u00e2me de la Bretagne et des nations celtes. Sonerion, f\u00e9d\u00e9ration des bagado\u00f9, portait cet h\u00e9ritage en promouvant la musique bretonne. Pourtant, les deux structures se retrouvent aujourd\u2019hui \u00e0 la merci de subventions publiques stagnantes depuis une d\u00e9cennie, alors que les co\u00fbts explosent. Cette fragilit\u00e9 financi\u00e8re n\u2019est pas un accident : elle d\u00e9coule d\u2019une d\u00e9pendance structurelle aux \u00e9lus politiques, souvent socialistes, et \u00e0 un \u00c9tat fran\u00e7ais qui, s&rsquo;il ponctionne lourdement les contribuables bretons, dicte ses priorit\u00e9s \u00e0 la Bretagne. \u00c0 Lorient, le maire Fabrice Loher, \u00e9ph\u00e9m\u00e8re ministre du gouvernement de Paris, et les \u00e9lus de Lorient Agglom\u00e9ration op\u00e8rent dans un cadre o\u00f9 la Bretagne est rel\u00e9gu\u00e9e au rang de province folklorique.<\/p>\n<p style=\"text-align: justify;\">Cette soumission est une trahison de l\u2019h\u00e9ritage de Polig Monjarret, qui fonda Sonerion (alors BAS) pour affirmer l\u2019identit\u00e9 bretonne face \u00e0 l\u2019assimilation fran\u00e7aise. Monjarret r\u00eavait d\u2019une Bretagne fi\u00e8re, libre, o\u00f9 la culture ne serait pas un outil de distraction touristique mais un vecteur d\u2019\u00e9mancipation. Aujourd\u2019hui, Sonerion et le FIL, en qu\u00eate de financements, se plient aux exigences d\u2019\u00e9lus socialistes et d\u2019un \u00c9tat fran\u00e7ais qui instrumentalise la culture bretonne \u00e0 des fins touristiques pour mieux la domestiquer. Pendant ce temps, l\u2019\u00c9tat fran\u00e7ais injecte des millions d&rsquo;euros chaque ann\u00e9e dans des \u00e9v\u00e9nements parisiens \u00ab\u00a0d\u00e9localis\u00e9s\u00a0\u00bb comme le Festival d\u2019Avignon, qui glorifie la bourgeoisie parisienne. La Bretagne, elle, est fiscalement pill\u00e9e : ses richesses partent alimenter les caisses de Paris, tandis que ses institutions culturelles mendient des subsides.<\/p>\n<p style=\"text-align: justify;\">Cette d\u00e9pendance, caus\u00e9e par la faiblesse politique de la nation bretonne, est d\u2019autant plus criante que le FIL et Sonerion semblent incapables de \u201cr\u00e9duire la voilure\u201d ou d\u2019innover face \u00e0 la crise. Le badge du FIL, port\u00e9 \u00e0 10 \u20ac, illustre cette gestion court-termiste, qui fait peser le fardeau sur les festivaliers plut\u00f4t que de questionner ce mod\u00e8le de d\u00e9pendance coloniale. La gauche socialiste fran\u00e7aise, dominante dans les instances locales, entretient cette inertie en liant les subventions \u00e0 des imp\u00e9ratifs politiques, transformant ces institutions en vassales d\u2019un syst\u00e8me \u00e9tranger qui m\u00e9prise depuis toujours l\u2019identit\u00e9 bretonne. Cette all\u00e9geance \u00e0 l\u2019\u00c9tat fran\u00e7ais et \u00e0 ses relais locaux est une abdication culturelle : le FIL et Sonerion, jadis symboles de r\u00e9sistance, deviennent des outils au service de la gauche hexagonale qui ne tol\u00e8re la culture bretonne que tant qu\u2019elle reste inoffensive politiquement.<\/p>\n<p style=\"text-align: justify;\">Face \u00e0 ce constat, le Parti National Breton propose une alternative : l\u2019autonomie imm\u00e9diate de la Bretagne. La Bretagne doit reprendre le contr\u00f4le de son destin, y compris, voire surtout, de sa vie culturelle. Cela passe par la cr\u00e9ation d\u2019un minist\u00e8re de la Culture bretonne au sein d&rsquo;un gouvernement breton pleinement autonome, financ\u00e9 par des contributions bretonnes et des m\u00e9c\u00e8nes internationaux, lib\u00e9r\u00e9 des diktats parisiens. Les bagado\u00f9 et le FIL pourraient s\u2019appuyer sur un r\u00e9seau d\u2019entreprises bretonnes et de la diaspora celtique, \u00e0 l\u2019image des mod\u00e8les irlandais ou \u00e9cossais, o\u00f9 les institutions culturelles prosp\u00e8rent gr\u00e2ce \u00e0 une gouvernance autonome. Une Bretagne souveraine pourrait aussi n\u00e9gocier directement des partenariats avec d\u2019autres nations celtes, renfor\u00e7ant l\u2019interceltisme sans passer par le filtre fran\u00e7ais.<\/p>\n<p style=\"text-align: justify;\">La crise du FIL et de Sonerion est un sympt\u00f4me de la tutelle culturelle impos\u00e9e par Paris, avec les effets d\u00e9g\u00e9n\u00e9ratifs que l&rsquo;on constate. Il est temps de rompre avec cette soumission, de rendre \u00e0 Polig Monjarret l\u2019hommage qu\u2019il m\u00e9rite : une Bretagne libre, o\u00f9 la culture est un acte de r\u00e9sistance et de cr\u00e9ation, non une mendicit\u00e9. L\u2019autonomie, puis l\u2019ind\u00e9pendance, sont les seules voies pour que la Bretagne retrouve sa voix et son avenir.<\/p>\n<p style=\"text-align: right;\"><strong>Budig Gourmaelon<\/strong><\/p>\n<p style=\"text-align: right;\">Image : The City of Melbourne Highland Pipe Band, Wikicommons<\/p>\n","protected":false},"excerpt":{"rendered":"<p>Le Festival Interceltique de Lorient (FIL), symbole de l\u2019identit\u00e9 celtique contemporaine de la Bretagne, traverse une crise alarmante, r\u00e9v\u00e9l\u00e9e par un d\u00e9ficit de 111 256 \u20ac pour un budget de 7,1 M\u20ac, des fonds propres en chute libre \u00e0 moins de 300 000 \u20ac et un exc\u00e9dent de fonds de roulement incapable de couvrir un [&hellip;]<\/p>\n","protected":false},"author":1,"featured_media":4074,"comment_status":"open","ping_status":"open","sticky":false,"template":"","format":"standard","meta":{"sb_editor_width":"","footnotes":""},"categories":[58,63,65],"tags":[],"class_list":["post-4073","post","type-post","status-publish","format-standard","has-post-thumbnail","hentry","category-breizh","category-editorial","category-principale"],"relative_dates":{"created":"12 mois ago","modified":"12 mois ago"},"yoast_head":"<!-- This site is optimized with the Yoast SEO plugin v26.3 - https:\/\/yoast.com\/wordpress\/plugins\/seo\/ -->\n<title>Crise du Festival Interceltique et de Sonerion : nouvelle cons\u00e9quence de la mise au pas culturelle de la Bretagne par Paris et la gauche fran\u00e7aise - STOURM<\/title>\n<meta name=\"robots\" content=\"index, follow, max-snippet:-1, max-image-preview:large, max-video-preview:-1\" \/>\n<link rel=\"canonical\" href=\"https:\/\/stourm.news\/?p=4073\" \/>\n<meta property=\"og:locale\" content=\"fr_FR\" \/>\n<meta property=\"og:type\" content=\"article\" \/>\n<meta property=\"og:title\" content=\"Crise du Festival Interceltique et de Sonerion : nouvelle cons\u00e9quence de la mise au pas culturelle de la Bretagne par Paris et la gauche fran\u00e7aise - STOURM\" \/>\n<meta property=\"og:description\" content=\"Le Festival Interceltique de Lorient (FIL), symbole de l\u2019identit\u00e9 celtique contemporaine de la Bretagne, traverse une crise alarmante, r\u00e9v\u00e9l\u00e9e par un d\u00e9ficit de 111 256 \u20ac pour un budget de 7,1 M\u20ac, des fonds propres en chute libre \u00e0 moins de 300 000 \u20ac et un exc\u00e9dent de fonds de roulement incapable de couvrir un [&hellip;]\" \/>\n<meta property=\"og:url\" content=\"https:\/\/stourm.news\/?p=4073\" \/>\n<meta property=\"og:site_name\" content=\"STOURM\" \/>\n<meta property=\"article:publisher\" content=\"https:\/\/www.facebook.com\/stourmnews\/\" \/>\n<meta property=\"article:published_time\" content=\"2025-05-20T05:57:53+00:00\" \/>\n<meta property=\"article:modified_time\" content=\"2025-05-20T05:58:02+00:00\" \/>\n<meta property=\"og:image\" content=\"https:\/\/stourm.news\/wp-content\/uploads\/2025\/05\/FIL_2023_-_defile_journalier_-_The_City_of_Melbourne_Highland_Pipe_Band_-_8Y4A2215.jpg\" \/>\n\t<meta property=\"og:image:width\" content=\"2560\" \/>\n\t<meta property=\"og:image:height\" content=\"1472\" \/>\n\t<meta property=\"og:image:type\" content=\"image\/jpeg\" \/>\n<meta name=\"author\" content=\"La r\u00e9daction\" \/>\n<meta name=\"twitter:card\" content=\"summary_large_image\" \/>\n<meta name=\"twitter:label1\" content=\"\u00c9crit par\" \/>\n\t<meta name=\"twitter:data1\" content=\"La r\u00e9daction\" \/>\n\t<meta name=\"twitter:label2\" content=\"Dur\u00e9e de lecture estim\u00e9e\" \/>\n\t<meta name=\"twitter:data2\" content=\"4 minutes\" \/>\n<script type=\"application\/ld+json\" class=\"yoast-schema-graph\">{\"@context\":\"https:\/\/schema.org\",\"@graph\":[{\"@type\":\"Article\",\"@id\":\"https:\/\/stourm.news\/?p=4073#article\",\"isPartOf\":{\"@id\":\"https:\/\/stourm.news\/?p=4073\"},\"author\":{\"name\":\"La r\u00e9daction\",\"@id\":\"https:\/\/stourm.news\/#\/schema\/person\/c3e1dc65988632e190969234ef046cf9\"},\"headline\":\"Crise du Festival Interceltique et de Sonerion : nouvelle cons\u00e9quence de la mise au pas culturelle de la Bretagne par Paris et la gauche fran\u00e7aise\",\"datePublished\":\"2025-05-20T05:57:53+00:00\",\"dateModified\":\"2025-05-20T05:58:02+00:00\",\"mainEntityOfPage\":{\"@id\":\"https:\/\/stourm.news\/?p=4073\"},\"wordCount\":836,\"commentCount\":0,\"publisher\":{\"@id\":\"https:\/\/stourm.news\/#organization\"},\"image\":{\"@id\":\"https:\/\/stourm.news\/?p=4073#primaryimage\"},\"thumbnailUrl\":\"https:\/\/stourm.news\/wp-content\/uploads\/2025\/05\/FIL_2023_-_defile_journalier_-_The_City_of_Melbourne_Highland_Pipe_Band_-_8Y4A2215.jpg\",\"articleSection\":[\"Breizh\",\"Editorial\",\"Principale\"],\"inLanguage\":\"fr-FR\",\"potentialAction\":[{\"@type\":\"CommentAction\",\"name\":\"Comment\",\"target\":[\"https:\/\/stourm.news\/?p=4073#respond\"]}]},{\"@type\":\"WebPage\",\"@id\":\"https:\/\/stourm.news\/?p=4073\",\"url\":\"https:\/\/stourm.news\/?p=4073\",\"name\":\"Crise du Festival Interceltique et de Sonerion : nouvelle cons\u00e9quence de la mise au pas culturelle de la Bretagne par Paris et la gauche fran\u00e7aise - STOURM\",\"isPartOf\":{\"@id\":\"https:\/\/stourm.news\/#website\"},\"primaryImageOfPage\":{\"@id\":\"https:\/\/stourm.news\/?p=4073#primaryimage\"},\"image\":{\"@id\":\"https:\/\/stourm.news\/?p=4073#primaryimage\"},\"thumbnailUrl\":\"https:\/\/stourm.news\/wp-content\/uploads\/2025\/05\/FIL_2023_-_defile_journalier_-_The_City_of_Melbourne_Highland_Pipe_Band_-_8Y4A2215.jpg\",\"datePublished\":\"2025-05-20T05:57:53+00:00\",\"dateModified\":\"2025-05-20T05:58:02+00:00\",\"breadcrumb\":{\"@id\":\"https:\/\/stourm.news\/?p=4073#breadcrumb\"},\"inLanguage\":\"fr-FR\",\"potentialAction\":[{\"@type\":\"ReadAction\",\"target\":[\"https:\/\/stourm.news\/?p=4073\"]}]},{\"@type\":\"ImageObject\",\"inLanguage\":\"fr-FR\",\"@id\":\"https:\/\/stourm.news\/?p=4073#primaryimage\",\"url\":\"https:\/\/stourm.news\/wp-content\/uploads\/2025\/05\/FIL_2023_-_defile_journalier_-_The_City_of_Melbourne_Highland_Pipe_Band_-_8Y4A2215.jpg\",\"contentUrl\":\"https:\/\/stourm.news\/wp-content\/uploads\/2025\/05\/FIL_2023_-_defile_journalier_-_The_City_of_Melbourne_Highland_Pipe_Band_-_8Y4A2215.jpg\",\"width\":2560,\"height\":1472},{\"@type\":\"BreadcrumbList\",\"@id\":\"https:\/\/stourm.news\/?p=4073#breadcrumb\",\"itemListElement\":[{\"@type\":\"ListItem\",\"position\":1,\"name\":\"Accueil\",\"item\":\"https:\/\/stourm.news\/\"},{\"@type\":\"ListItem\",\"position\":2,\"name\":\"Crise du Festival Interceltique et de Sonerion : nouvelle cons\u00e9quence de la mise au pas culturelle de la Bretagne par Paris et la gauche fran\u00e7aise\"}]},{\"@type\":\"WebSite\",\"@id\":\"https:\/\/stourm.news\/#website\",\"url\":\"https:\/\/stourm.news\/\",\"name\":\"Stourm\",\"description\":\"Kazetenn Strollad Broadel Breizh\",\"publisher\":{\"@id\":\"https:\/\/stourm.news\/#organization\"},\"potentialAction\":[{\"@type\":\"SearchAction\",\"target\":{\"@type\":\"EntryPoint\",\"urlTemplate\":\"https:\/\/stourm.news\/?s={search_term_string}\"},\"query-input\":{\"@type\":\"PropertyValueSpecification\",\"valueRequired\":true,\"valueName\":\"search_term_string\"}}],\"inLanguage\":\"fr-FR\"},{\"@type\":\"Organization\",\"@id\":\"https:\/\/stourm.news\/#organization\",\"name\":\"Stourm\",\"url\":\"https:\/\/stourm.news\/\",\"logo\":{\"@type\":\"ImageObject\",\"inLanguage\":\"fr-FR\",\"@id\":\"https:\/\/stourm.news\/#\/schema\/logo\/image\/\",\"url\":\"https:\/\/stourm.news\/wp-content\/uploads\/2025\/11\/cropped-Capture-decran-2025-11-28-a-15.19.07.png\",\"contentUrl\":\"https:\/\/stourm.news\/wp-content\/uploads\/2025\/11\/cropped-Capture-decran-2025-11-28-a-15.19.07.png\",\"width\":1855,\"height\":383,\"caption\":\"Stourm\"},\"image\":{\"@id\":\"https:\/\/stourm.news\/#\/schema\/logo\/image\/\"},\"sameAs\":[\"https:\/\/www.facebook.com\/stourmnews\/\"]},{\"@type\":\"Person\",\"@id\":\"https:\/\/stourm.news\/#\/schema\/person\/c3e1dc65988632e190969234ef046cf9\",\"name\":\"La r\u00e9daction\",\"image\":{\"@type\":\"ImageObject\",\"inLanguage\":\"fr-FR\",\"@id\":\"https:\/\/stourm.news\/#\/schema\/person\/image\/\",\"url\":\"https:\/\/secure.gravatar.com\/avatar\/7463443f194b6b5fb706b074ca0ef59a0cfcfd720cb47764b0ec5a952ce422b3?s=96&d=mm&r=g\",\"contentUrl\":\"https:\/\/secure.gravatar.com\/avatar\/7463443f194b6b5fb706b074ca0ef59a0cfcfd720cb47764b0ec5a952ce422b3?s=96&d=mm&r=g\",\"caption\":\"La r\u00e9daction\"},\"sameAs\":[\"https:\/\/stourm.news\"],\"url\":\"https:\/\/stourm.news\/?author=1\"}]}<\/script>\n<!-- \/ Yoast SEO plugin. -->","yoast_head_json":{"title":"Crise du Festival Interceltique et de Sonerion : nouvelle cons\u00e9quence de la mise au pas culturelle de la Bretagne par Paris et la gauche fran\u00e7aise - STOURM","robots":{"index":"index","follow":"follow","max-snippet":"max-snippet:-1","max-image-preview":"max-image-preview:large","max-video-preview":"max-video-preview:-1"},"canonical":"https:\/\/stourm.news\/?p=4073","og_locale":"fr_FR","og_type":"article","og_title":"Crise du Festival Interceltique et de Sonerion : nouvelle cons\u00e9quence de la mise au pas culturelle de la Bretagne par Paris et la gauche fran\u00e7aise - STOURM","og_description":"Le Festival Interceltique de Lorient (FIL), symbole de l\u2019identit\u00e9 celtique contemporaine de la Bretagne, traverse une crise alarmante, r\u00e9v\u00e9l\u00e9e par un d\u00e9ficit de 111 256 \u20ac pour un budget de 7,1 M\u20ac, des fonds propres en chute libre \u00e0 moins de 300 000 \u20ac et un exc\u00e9dent de fonds de roulement incapable de couvrir un [&hellip;]","og_url":"https:\/\/stourm.news\/?p=4073","og_site_name":"STOURM","article_publisher":"https:\/\/www.facebook.com\/stourmnews\/","article_published_time":"2025-05-20T05:57:53+00:00","article_modified_time":"2025-05-20T05:58:02+00:00","og_image":[{"width":2560,"height":1472,"url":"https:\/\/stourm.news\/wp-content\/uploads\/2025\/05\/FIL_2023_-_defile_journalier_-_The_City_of_Melbourne_Highland_Pipe_Band_-_8Y4A2215.jpg","type":"image\/jpeg"}],"author":"La r\u00e9daction","twitter_card":"summary_large_image","twitter_misc":{"\u00c9crit par":"La r\u00e9daction","Dur\u00e9e de lecture estim\u00e9e":"4 minutes"},"schema":{"@context":"https:\/\/schema.org","@graph":[{"@type":"Article","@id":"https:\/\/stourm.news\/?p=4073#article","isPartOf":{"@id":"https:\/\/stourm.news\/?p=4073"},"author":{"name":"La r\u00e9daction","@id":"https:\/\/stourm.news\/#\/schema\/person\/c3e1dc65988632e190969234ef046cf9"},"headline":"Crise du Festival Interceltique et de Sonerion : nouvelle cons\u00e9quence de la mise au pas culturelle de la Bretagne par Paris et la gauche fran\u00e7aise","datePublished":"2025-05-20T05:57:53+00:00","dateModified":"2025-05-20T05:58:02+00:00","mainEntityOfPage":{"@id":"https:\/\/stourm.news\/?p=4073"},"wordCount":836,"commentCount":0,"publisher":{"@id":"https:\/\/stourm.news\/#organization"},"image":{"@id":"https:\/\/stourm.news\/?p=4073#primaryimage"},"thumbnailUrl":"https:\/\/stourm.news\/wp-content\/uploads\/2025\/05\/FIL_2023_-_defile_journalier_-_The_City_of_Melbourne_Highland_Pipe_Band_-_8Y4A2215.jpg","articleSection":["Breizh","Editorial","Principale"],"inLanguage":"fr-FR","potentialAction":[{"@type":"CommentAction","name":"Comment","target":["https:\/\/stourm.news\/?p=4073#respond"]}]},{"@type":"WebPage","@id":"https:\/\/stourm.news\/?p=4073","url":"https:\/\/stourm.news\/?p=4073","name":"Crise du Festival Interceltique et de Sonerion : nouvelle cons\u00e9quence de la mise au pas culturelle de la Bretagne par Paris et la gauche fran\u00e7aise - STOURM","isPartOf":{"@id":"https:\/\/stourm.news\/#website"},"primaryImageOfPage":{"@id":"https:\/\/stourm.news\/?p=4073#primaryimage"},"image":{"@id":"https:\/\/stourm.news\/?p=4073#primaryimage"},"thumbnailUrl":"https:\/\/stourm.news\/wp-content\/uploads\/2025\/05\/FIL_2023_-_defile_journalier_-_The_City_of_Melbourne_Highland_Pipe_Band_-_8Y4A2215.jpg","datePublished":"2025-05-20T05:57:53+00:00","dateModified":"2025-05-20T05:58:02+00:00","breadcrumb":{"@id":"https:\/\/stourm.news\/?p=4073#breadcrumb"},"inLanguage":"fr-FR","potentialAction":[{"@type":"ReadAction","target":["https:\/\/stourm.news\/?p=4073"]}]},{"@type":"ImageObject","inLanguage":"fr-FR","@id":"https:\/\/stourm.news\/?p=4073#primaryimage","url":"https:\/\/stourm.news\/wp-content\/uploads\/2025\/05\/FIL_2023_-_defile_journalier_-_The_City_of_Melbourne_Highland_Pipe_Band_-_8Y4A2215.jpg","contentUrl":"https:\/\/stourm.news\/wp-content\/uploads\/2025\/05\/FIL_2023_-_defile_journalier_-_The_City_of_Melbourne_Highland_Pipe_Band_-_8Y4A2215.jpg","width":2560,"height":1472},{"@type":"BreadcrumbList","@id":"https:\/\/stourm.news\/?p=4073#breadcrumb","itemListElement":[{"@type":"ListItem","position":1,"name":"Accueil","item":"https:\/\/stourm.news\/"},{"@type":"ListItem","position":2,"name":"Crise du Festival Interceltique et de Sonerion : nouvelle cons\u00e9quence de la mise au pas culturelle de la Bretagne par Paris et la gauche fran\u00e7aise"}]},{"@type":"WebSite","@id":"https:\/\/stourm.news\/#website","url":"https:\/\/stourm.news\/","name":"Stourm","description":"Kazetenn Strollad Broadel Breizh","publisher":{"@id":"https:\/\/stourm.news\/#organization"},"potentialAction":[{"@type":"SearchAction","target":{"@type":"EntryPoint","urlTemplate":"https:\/\/stourm.news\/?s={search_term_string}"},"query-input":{"@type":"PropertyValueSpecification","valueRequired":true,"valueName":"search_term_string"}}],"inLanguage":"fr-FR"},{"@type":"Organization","@id":"https:\/\/stourm.news\/#organization","name":"Stourm","url":"https:\/\/stourm.news\/","logo":{"@type":"ImageObject","inLanguage":"fr-FR","@id":"https:\/\/stourm.news\/#\/schema\/logo\/image\/","url":"https:\/\/stourm.news\/wp-content\/uploads\/2025\/11\/cropped-Capture-decran-2025-11-28-a-15.19.07.png","contentUrl":"https:\/\/stourm.news\/wp-content\/uploads\/2025\/11\/cropped-Capture-decran-2025-11-28-a-15.19.07.png","width":1855,"height":383,"caption":"Stourm"},"image":{"@id":"https:\/\/stourm.news\/#\/schema\/logo\/image\/"},"sameAs":["https:\/\/www.facebook.com\/stourmnews\/"]},{"@type":"Person","@id":"https:\/\/stourm.news\/#\/schema\/person\/c3e1dc65988632e190969234ef046cf9","name":"La r\u00e9daction","image":{"@type":"ImageObject","inLanguage":"fr-FR","@id":"https:\/\/stourm.news\/#\/schema\/person\/image\/","url":"https:\/\/secure.gravatar.com\/avatar\/7463443f194b6b5fb706b074ca0ef59a0cfcfd720cb47764b0ec5a952ce422b3?s=96&d=mm&r=g","contentUrl":"https:\/\/secure.gravatar.com\/avatar\/7463443f194b6b5fb706b074ca0ef59a0cfcfd720cb47764b0ec5a952ce422b3?s=96&d=mm&r=g","caption":"La r\u00e9daction"},"sameAs":["https:\/\/stourm.news"],"url":"https:\/\/stourm.news\/?author=1"}]}},"_links":{"self":[{"href":"https:\/\/stourm.news\/index.php?rest_route=\/wp\/v2\/posts\/4073","targetHints":{"allow":["GET"]}}],"collection":[{"href":"https:\/\/stourm.news\/index.php?rest_route=\/wp\/v2\/posts"}],"about":[{"href":"https:\/\/stourm.news\/index.php?rest_route=\/wp\/v2\/types\/post"}],"author":[{"embeddable":true,"href":"https:\/\/stourm.news\/index.php?rest_route=\/wp\/v2\/users\/1"}],"replies":[{"embeddable":true,"href":"https:\/\/stourm.news\/index.php?rest_route=%2Fwp%2Fv2%2Fcomments&post=4073"}],"version-history":[{"count":1,"href":"https:\/\/stourm.news\/index.php?rest_route=\/wp\/v2\/posts\/4073\/revisions"}],"predecessor-version":[{"id":4075,"href":"https:\/\/stourm.news\/index.php?rest_route=\/wp\/v2\/posts\/4073\/revisions\/4075"}],"wp:featuredmedia":[{"embeddable":true,"href":"https:\/\/stourm.news\/index.php?rest_route=\/wp\/v2\/media\/4074"}],"wp:attachment":[{"href":"https:\/\/stourm.news\/index.php?rest_route=%2Fwp%2Fv2%2Fmedia&parent=4073"}],"wp:term":[{"taxonomy":"category","embeddable":true,"href":"https:\/\/stourm.news\/index.php?rest_route=%2Fwp%2Fv2%2Fcategories&post=4073"},{"taxonomy":"post_tag","embeddable":true,"href":"https:\/\/stourm.news\/index.php?rest_route=%2Fwp%2Fv2%2Ftags&post=4073"}],"curies":[{"name":"wp","href":"https:\/\/api.w.org\/{rel}","templated":true}]}}