{"id":4076,"date":"2025-05-20T06:30:39","date_gmt":"2025-05-20T06:30:39","guid":{"rendered":"https:\/\/stourm.news\/?p=4076"},"modified":"2025-05-20T06:30:39","modified_gmt":"2025-05-20T06:30:39","slug":"kemper-quimper-dans-le-quartier-multiculturel-de-kermoysan-jets-de-projectiles-contre-des-policiers-et-un-depanneur-intervenant-sur-une-voiture-volee","status":"publish","type":"post","link":"https:\/\/stourm.news\/?p=4076","title":{"rendered":"Kemper (Quimper) : dans le quartier multiculturel de Kermoysan, jets de projectiles contre des policiers et un d\u00e9panneur intervenant sur une voiture vol\u00e9e"},"content":{"rendered":"<p style=\"text-align: justify;\">Dans la nuit du 17 au 18 mai 2025, le quartier de Kermoysan multiculturel \u00e0 Kemper (Quimper) a \u00e9t\u00e9 le th\u00e9\u00e2tre d\u2019une intervention polici\u00e8re chaotique, marqu\u00e9e par des jets de projectiles contre les forces de l\u2019ordre et un d\u00e9panneur. Selon un article publi\u00e9 par Le T\u00e9l\u00e9gramme le 18 mai 2025, intitul\u00e9 \u00ab Jets de pierres \u00e0 Kermoysan : une intervention de police mouvement\u00e9e \u00e0 Quimper \u00bb, cet incident illustre l\u2019ins\u00e9curit\u00e9 croissante dans les villes bretonnes, cons\u00e9quence directe de l&rsquo;immigration massive impos\u00e9e par l&rsquo;\u00c9tat fran\u00e7ais en Bretagne.<\/p>\n<p style=\"text-align: justify;\">L\u2019incident s\u2019est d\u00e9roul\u00e9 peu avant 1 h du matin, \u00e0 l\u2019intersection du boulevard de Bretagne et de la rue Paul-Borrossi, pr\u00e8s de la Maison pour tous de Penhars. Une patrouille de police est intervenue \u00e0 la suite d\u2019un accident impliquant une voiture vol\u00e9e, d\u00e9j\u00e0 en flammes \u00e0 leur arriv\u00e9e. Le T\u00e9l\u00e9gramme rapporte que trois individus, soup\u00e7onn\u00e9s d\u2019avoir tent\u00e9 d\u2019incendier le v\u00e9hicule, ont pris la fuite \u00e0 l\u2019approche des forces de l\u2019ordre. La situation a rapidement d\u00e9g\u00e9n\u00e9r\u00e9 : les policiers ont \u00e9t\u00e9 vis\u00e9s par des jets de pierres, tandis que des appels auraient \u00e9t\u00e9 lanc\u00e9s dans le quartier pour perturber l\u2019intervention. Aucun bless\u00e9 n\u2019a \u00e9t\u00e9 signal\u00e9, mais des d\u00e9g\u00e2ts mat\u00e9riels ont \u00e9t\u00e9 constat\u00e9s.<\/p>\n<p style=\"text-align: justify;\">La tension ne s\u2019est pas apais\u00e9e apr\u00e8s le d\u00e9part des policiers. Le d\u00e9panneur charg\u00e9 d\u2019enlever la voiture accident\u00e9e a \u00e9t\u00e9 attaqu\u00e9 par un individu encagoul\u00e9, qui a bris\u00e9 le pare-brise de son camion avec un projectile. Bien que le chauffeur ait pu quitter les lieux indemne, il a d\u00fb changer de v\u00e9hicule pour poursuivre sa mission. Le syndicat Unsa Police a d\u00e9nonc\u00e9 ces actes, r\u00e9clamant \u00ab urgemment des effectifs suppl\u00e9mentaires \u00bb face \u00e0 la mont\u00e9e des violences dans certains quartiers de Quimper (Le T\u00e9l\u00e9gramme, 18 mai 2025).<\/p>\n<p style=\"text-align: justify;\">L&rsquo;appel \u00e0 des effectifs de police suppl\u00e9mentaires n&rsquo;est pas de nature \u00e0 r\u00e9pondre \u00e0 la crise s\u00e9curitaire et migratoire que l\u2019\u00c9tat fran\u00e7ais cr\u00e9e en premier lieu en Bretagne. C&rsquo;est la cause de la crise qu&rsquo;il faut r\u00e9soudre, plut\u00f4t que de g\u00e9rer de mani\u00e8re superficielle ses cons\u00e9quences. La solution r\u00e9side dans l\u2019autonomie imm\u00e9diate de la Bretagne, avec un gouvernement breton dot\u00e9 des moyens de police n\u00e9cessaires \u00e0 la d\u00e9fense de la population bretonne. Une Bretagne souveraine pourrait g\u00e9rer ses propres forces de l\u2019ordre et juguler l&rsquo;immigration massive, notamment gr\u00e2ce \u00e0 une barri\u00e8re de s\u00e9curit\u00e9 telle qu&rsquo;il en existe en Finlande, dans les pays baltes, en Gr\u00e8ce, en Hongrie. C&rsquo;est ce que propose de le Parti National Breton dans son programme, une proposition qui, si elle fait rire certains aujourd&rsquo;hui, appara\u00eetra comme de bon sens demain.<\/p>\n<p style=\"text-align: right;\"><strong>Ewen Broc&rsquo;han<\/strong><\/p>\n<p style=\"text-align: right;\">Images : <a href=\"https:\/\/depositphotos.com\/fr\/home.html\" target=\"_blank\" rel=\"noreferrer noopener\">Illustration DepositPhotos<\/a><\/p>\n","protected":false},"excerpt":{"rendered":"<p>Dans la nuit du 17 au 18 mai 2025, le quartier de Kermoysan multiculturel \u00e0 Kemper (Quimper) a \u00e9t\u00e9 le th\u00e9\u00e2tre d\u2019une intervention polici\u00e8re chaotique, marqu\u00e9e par des jets de projectiles contre les forces de l\u2019ordre et un d\u00e9panneur. Selon un article publi\u00e9 par Le T\u00e9l\u00e9gramme le 18 mai 2025, intitul\u00e9 \u00ab Jets de pierres [&hellip;]<\/p>\n","protected":false},"author":1,"featured_media":4077,"comment_status":"open","ping_status":"open","sticky":false,"template":"","format":"standard","meta":{"sb_editor_width":"","footnotes":""},"categories":[31,38,62],"tags":[],"class_list":["post-4076","post","type-post","status-publish","format-standard","has-post-thumbnail","hentry","category-agression","category-finistere","category-revue-de-presse"],"relative_dates":{"created":"12 mois ago","modified":"12 mois ago"},"yoast_head":"<!-- This site is optimized with the Yoast SEO plugin v26.3 - https:\/\/yoast.com\/wordpress\/plugins\/seo\/ -->\n<title>Kemper (Quimper) : dans le quartier multiculturel de Kermoysan, jets de projectiles contre des policiers et un d\u00e9panneur intervenant sur une voiture vol\u00e9e - STOURM<\/title>\n<meta name=\"robots\" content=\"index, follow, max-snippet:-1, max-image-preview:large, max-video-preview:-1\" \/>\n<link rel=\"canonical\" href=\"https:\/\/stourm.news\/?p=4076\" \/>\n<meta property=\"og:locale\" content=\"fr_FR\" \/>\n<meta property=\"og:type\" content=\"article\" \/>\n<meta property=\"og:title\" content=\"Kemper (Quimper) : dans le quartier multiculturel de Kermoysan, jets de projectiles contre des policiers et un d\u00e9panneur intervenant sur une voiture vol\u00e9e - STOURM\" \/>\n<meta property=\"og:description\" content=\"Dans la nuit du 17 au 18 mai 2025, le quartier de Kermoysan multiculturel \u00e0 Kemper (Quimper) a \u00e9t\u00e9 le th\u00e9\u00e2tre d\u2019une intervention polici\u00e8re chaotique, marqu\u00e9e par des jets de projectiles contre les forces de l\u2019ordre et un d\u00e9panneur. Selon un article publi\u00e9 par Le T\u00e9l\u00e9gramme le 18 mai 2025, intitul\u00e9 \u00ab Jets de pierres [&hellip;]\" \/>\n<meta property=\"og:url\" content=\"https:\/\/stourm.news\/?p=4076\" \/>\n<meta property=\"og:site_name\" content=\"STOURM\" \/>\n<meta property=\"article:publisher\" content=\"https:\/\/www.facebook.com\/stourmnews\/\" \/>\n<meta property=\"article:published_time\" content=\"2025-05-20T06:30:39+00:00\" \/>\n<meta property=\"og:image\" content=\"https:\/\/stourm.news\/wp-content\/uploads\/2025\/05\/Depositphotos_416314904_S.jpg.webp\" \/>\n\t<meta property=\"og:image:width\" content=\"1000\" \/>\n\t<meta property=\"og:image:height\" content=\"667\" \/>\n\t<meta property=\"og:image:type\" content=\"image\/webp\" \/>\n<meta name=\"author\" content=\"La r\u00e9daction\" \/>\n<meta name=\"twitter:card\" content=\"summary_large_image\" \/>\n<meta name=\"twitter:label1\" content=\"\u00c9crit par\" \/>\n\t<meta name=\"twitter:data1\" content=\"La r\u00e9daction\" \/>\n\t<meta name=\"twitter:label2\" content=\"Dur\u00e9e de lecture estim\u00e9e\" \/>\n\t<meta name=\"twitter:data2\" content=\"3 minutes\" \/>\n<script type=\"application\/ld+json\" class=\"yoast-schema-graph\">{\"@context\":\"https:\/\/schema.org\",\"@graph\":[{\"@type\":\"Article\",\"@id\":\"https:\/\/stourm.news\/?p=4076#article\",\"isPartOf\":{\"@id\":\"https:\/\/stourm.news\/?p=4076\"},\"author\":{\"name\":\"La r\u00e9daction\",\"@id\":\"https:\/\/stourm.news\/#\/schema\/person\/c3e1dc65988632e190969234ef046cf9\"},\"headline\":\"Kemper (Quimper) : dans le quartier multiculturel de Kermoysan, jets de projectiles contre des policiers et un d\u00e9panneur intervenant sur une voiture vol\u00e9e\",\"datePublished\":\"2025-05-20T06:30:39+00:00\",\"mainEntityOfPage\":{\"@id\":\"https:\/\/stourm.news\/?p=4076\"},\"wordCount\":512,\"commentCount\":0,\"publisher\":{\"@id\":\"https:\/\/stourm.news\/#organization\"},\"image\":{\"@id\":\"https:\/\/stourm.news\/?p=4076#primaryimage\"},\"thumbnailUrl\":\"https:\/\/stourm.news\/wp-content\/uploads\/2025\/05\/Depositphotos_416314904_S.jpg.webp\",\"articleSection\":[\"Agression\",\"Finist\u00e8re\",\"Revue de presse\"],\"inLanguage\":\"fr-FR\",\"potentialAction\":[{\"@type\":\"CommentAction\",\"name\":\"Comment\",\"target\":[\"https:\/\/stourm.news\/?p=4076#respond\"]}]},{\"@type\":\"WebPage\",\"@id\":\"https:\/\/stourm.news\/?p=4076\",\"url\":\"https:\/\/stourm.news\/?p=4076\",\"name\":\"Kemper (Quimper) : dans le quartier multiculturel de Kermoysan, jets de projectiles contre des policiers et un d\u00e9panneur intervenant sur une voiture vol\u00e9e - STOURM\",\"isPartOf\":{\"@id\":\"https:\/\/stourm.news\/#website\"},\"primaryImageOfPage\":{\"@id\":\"https:\/\/stourm.news\/?p=4076#primaryimage\"},\"image\":{\"@id\":\"https:\/\/stourm.news\/?p=4076#primaryimage\"},\"thumbnailUrl\":\"https:\/\/stourm.news\/wp-content\/uploads\/2025\/05\/Depositphotos_416314904_S.jpg.webp\",\"datePublished\":\"2025-05-20T06:30:39+00:00\",\"breadcrumb\":{\"@id\":\"https:\/\/stourm.news\/?p=4076#breadcrumb\"},\"inLanguage\":\"fr-FR\",\"potentialAction\":[{\"@type\":\"ReadAction\",\"target\":[\"https:\/\/stourm.news\/?p=4076\"]}]},{\"@type\":\"ImageObject\",\"inLanguage\":\"fr-FR\",\"@id\":\"https:\/\/stourm.news\/?p=4076#primaryimage\",\"url\":\"https:\/\/stourm.news\/wp-content\/uploads\/2025\/05\/Depositphotos_416314904_S.jpg.webp\",\"contentUrl\":\"https:\/\/stourm.news\/wp-content\/uploads\/2025\/05\/Depositphotos_416314904_S.jpg.webp\",\"width\":1000,\"height\":667},{\"@type\":\"BreadcrumbList\",\"@id\":\"https:\/\/stourm.news\/?p=4076#breadcrumb\",\"itemListElement\":[{\"@type\":\"ListItem\",\"position\":1,\"name\":\"Accueil\",\"item\":\"https:\/\/stourm.news\/\"},{\"@type\":\"ListItem\",\"position\":2,\"name\":\"Kemper (Quimper) : dans le quartier multiculturel de Kermoysan, jets de projectiles contre des policiers et un d\u00e9panneur intervenant sur une voiture vol\u00e9e\"}]},{\"@type\":\"WebSite\",\"@id\":\"https:\/\/stourm.news\/#website\",\"url\":\"https:\/\/stourm.news\/\",\"name\":\"Stourm\",\"description\":\"Kazetenn Strollad Broadel Breizh\",\"publisher\":{\"@id\":\"https:\/\/stourm.news\/#organization\"},\"potentialAction\":[{\"@type\":\"SearchAction\",\"target\":{\"@type\":\"EntryPoint\",\"urlTemplate\":\"https:\/\/stourm.news\/?s={search_term_string}\"},\"query-input\":{\"@type\":\"PropertyValueSpecification\",\"valueRequired\":true,\"valueName\":\"search_term_string\"}}],\"inLanguage\":\"fr-FR\"},{\"@type\":\"Organization\",\"@id\":\"https:\/\/stourm.news\/#organization\",\"name\":\"Stourm\",\"url\":\"https:\/\/stourm.news\/\",\"logo\":{\"@type\":\"ImageObject\",\"inLanguage\":\"fr-FR\",\"@id\":\"https:\/\/stourm.news\/#\/schema\/logo\/image\/\",\"url\":\"https:\/\/stourm.news\/wp-content\/uploads\/2025\/11\/cropped-Capture-decran-2025-11-28-a-15.19.07.png\",\"contentUrl\":\"https:\/\/stourm.news\/wp-content\/uploads\/2025\/11\/cropped-Capture-decran-2025-11-28-a-15.19.07.png\",\"width\":1855,\"height\":383,\"caption\":\"Stourm\"},\"image\":{\"@id\":\"https:\/\/stourm.news\/#\/schema\/logo\/image\/\"},\"sameAs\":[\"https:\/\/www.facebook.com\/stourmnews\/\"]},{\"@type\":\"Person\",\"@id\":\"https:\/\/stourm.news\/#\/schema\/person\/c3e1dc65988632e190969234ef046cf9\",\"name\":\"La r\u00e9daction\",\"image\":{\"@type\":\"ImageObject\",\"inLanguage\":\"fr-FR\",\"@id\":\"https:\/\/stourm.news\/#\/schema\/person\/image\/\",\"url\":\"https:\/\/secure.gravatar.com\/avatar\/7463443f194b6b5fb706b074ca0ef59a0cfcfd720cb47764b0ec5a952ce422b3?s=96&d=mm&r=g\",\"contentUrl\":\"https:\/\/secure.gravatar.com\/avatar\/7463443f194b6b5fb706b074ca0ef59a0cfcfd720cb47764b0ec5a952ce422b3?s=96&d=mm&r=g\",\"caption\":\"La r\u00e9daction\"},\"sameAs\":[\"https:\/\/stourm.news\"],\"url\":\"https:\/\/stourm.news\/?author=1\"}]}<\/script>\n<!-- \/ Yoast SEO plugin. -->","yoast_head_json":{"title":"Kemper (Quimper) : dans le quartier multiculturel de Kermoysan, jets de projectiles contre des policiers et un d\u00e9panneur intervenant sur une voiture vol\u00e9e - STOURM","robots":{"index":"index","follow":"follow","max-snippet":"max-snippet:-1","max-image-preview":"max-image-preview:large","max-video-preview":"max-video-preview:-1"},"canonical":"https:\/\/stourm.news\/?p=4076","og_locale":"fr_FR","og_type":"article","og_title":"Kemper (Quimper) : dans le quartier multiculturel de Kermoysan, jets de projectiles contre des policiers et un d\u00e9panneur intervenant sur une voiture vol\u00e9e - STOURM","og_description":"Dans la nuit du 17 au 18 mai 2025, le quartier de Kermoysan multiculturel \u00e0 Kemper (Quimper) a \u00e9t\u00e9 le th\u00e9\u00e2tre d\u2019une intervention polici\u00e8re chaotique, marqu\u00e9e par des jets de projectiles contre les forces de l\u2019ordre et un d\u00e9panneur. Selon un article publi\u00e9 par Le T\u00e9l\u00e9gramme le 18 mai 2025, intitul\u00e9 \u00ab Jets de pierres [&hellip;]","og_url":"https:\/\/stourm.news\/?p=4076","og_site_name":"STOURM","article_publisher":"https:\/\/www.facebook.com\/stourmnews\/","article_published_time":"2025-05-20T06:30:39+00:00","og_image":[{"width":1000,"height":667,"url":"https:\/\/stourm.news\/wp-content\/uploads\/2025\/05\/Depositphotos_416314904_S.jpg.webp","type":"image\/webp"}],"author":"La r\u00e9daction","twitter_card":"summary_large_image","twitter_misc":{"\u00c9crit par":"La r\u00e9daction","Dur\u00e9e de lecture estim\u00e9e":"3 minutes"},"schema":{"@context":"https:\/\/schema.org","@graph":[{"@type":"Article","@id":"https:\/\/stourm.news\/?p=4076#article","isPartOf":{"@id":"https:\/\/stourm.news\/?p=4076"},"author":{"name":"La r\u00e9daction","@id":"https:\/\/stourm.news\/#\/schema\/person\/c3e1dc65988632e190969234ef046cf9"},"headline":"Kemper (Quimper) : dans le quartier multiculturel de Kermoysan, jets de projectiles contre des policiers et un d\u00e9panneur intervenant sur une voiture vol\u00e9e","datePublished":"2025-05-20T06:30:39+00:00","mainEntityOfPage":{"@id":"https:\/\/stourm.news\/?p=4076"},"wordCount":512,"commentCount":0,"publisher":{"@id":"https:\/\/stourm.news\/#organization"},"image":{"@id":"https:\/\/stourm.news\/?p=4076#primaryimage"},"thumbnailUrl":"https:\/\/stourm.news\/wp-content\/uploads\/2025\/05\/Depositphotos_416314904_S.jpg.webp","articleSection":["Agression","Finist\u00e8re","Revue de presse"],"inLanguage":"fr-FR","potentialAction":[{"@type":"CommentAction","name":"Comment","target":["https:\/\/stourm.news\/?p=4076#respond"]}]},{"@type":"WebPage","@id":"https:\/\/stourm.news\/?p=4076","url":"https:\/\/stourm.news\/?p=4076","name":"Kemper (Quimper) : dans le quartier multiculturel de Kermoysan, jets de projectiles contre des policiers et un d\u00e9panneur intervenant sur une voiture vol\u00e9e - STOURM","isPartOf":{"@id":"https:\/\/stourm.news\/#website"},"primaryImageOfPage":{"@id":"https:\/\/stourm.news\/?p=4076#primaryimage"},"image":{"@id":"https:\/\/stourm.news\/?p=4076#primaryimage"},"thumbnailUrl":"https:\/\/stourm.news\/wp-content\/uploads\/2025\/05\/Depositphotos_416314904_S.jpg.webp","datePublished":"2025-05-20T06:30:39+00:00","breadcrumb":{"@id":"https:\/\/stourm.news\/?p=4076#breadcrumb"},"inLanguage":"fr-FR","potentialAction":[{"@type":"ReadAction","target":["https:\/\/stourm.news\/?p=4076"]}]},{"@type":"ImageObject","inLanguage":"fr-FR","@id":"https:\/\/stourm.news\/?p=4076#primaryimage","url":"https:\/\/stourm.news\/wp-content\/uploads\/2025\/05\/Depositphotos_416314904_S.jpg.webp","contentUrl":"https:\/\/stourm.news\/wp-content\/uploads\/2025\/05\/Depositphotos_416314904_S.jpg.webp","width":1000,"height":667},{"@type":"BreadcrumbList","@id":"https:\/\/stourm.news\/?p=4076#breadcrumb","itemListElement":[{"@type":"ListItem","position":1,"name":"Accueil","item":"https:\/\/stourm.news\/"},{"@type":"ListItem","position":2,"name":"Kemper (Quimper) : dans le quartier multiculturel de Kermoysan, jets de projectiles contre des policiers et un d\u00e9panneur intervenant sur une voiture vol\u00e9e"}]},{"@type":"WebSite","@id":"https:\/\/stourm.news\/#website","url":"https:\/\/stourm.news\/","name":"Stourm","description":"Kazetenn Strollad Broadel Breizh","publisher":{"@id":"https:\/\/stourm.news\/#organization"},"potentialAction":[{"@type":"SearchAction","target":{"@type":"EntryPoint","urlTemplate":"https:\/\/stourm.news\/?s={search_term_string}"},"query-input":{"@type":"PropertyValueSpecification","valueRequired":true,"valueName":"search_term_string"}}],"inLanguage":"fr-FR"},{"@type":"Organization","@id":"https:\/\/stourm.news\/#organization","name":"Stourm","url":"https:\/\/stourm.news\/","logo":{"@type":"ImageObject","inLanguage":"fr-FR","@id":"https:\/\/stourm.news\/#\/schema\/logo\/image\/","url":"https:\/\/stourm.news\/wp-content\/uploads\/2025\/11\/cropped-Capture-decran-2025-11-28-a-15.19.07.png","contentUrl":"https:\/\/stourm.news\/wp-content\/uploads\/2025\/11\/cropped-Capture-decran-2025-11-28-a-15.19.07.png","width":1855,"height":383,"caption":"Stourm"},"image":{"@id":"https:\/\/stourm.news\/#\/schema\/logo\/image\/"},"sameAs":["https:\/\/www.facebook.com\/stourmnews\/"]},{"@type":"Person","@id":"https:\/\/stourm.news\/#\/schema\/person\/c3e1dc65988632e190969234ef046cf9","name":"La r\u00e9daction","image":{"@type":"ImageObject","inLanguage":"fr-FR","@id":"https:\/\/stourm.news\/#\/schema\/person\/image\/","url":"https:\/\/secure.gravatar.com\/avatar\/7463443f194b6b5fb706b074ca0ef59a0cfcfd720cb47764b0ec5a952ce422b3?s=96&d=mm&r=g","contentUrl":"https:\/\/secure.gravatar.com\/avatar\/7463443f194b6b5fb706b074ca0ef59a0cfcfd720cb47764b0ec5a952ce422b3?s=96&d=mm&r=g","caption":"La r\u00e9daction"},"sameAs":["https:\/\/stourm.news"],"url":"https:\/\/stourm.news\/?author=1"}]}},"_links":{"self":[{"href":"https:\/\/stourm.news\/index.php?rest_route=\/wp\/v2\/posts\/4076","targetHints":{"allow":["GET"]}}],"collection":[{"href":"https:\/\/stourm.news\/index.php?rest_route=\/wp\/v2\/posts"}],"about":[{"href":"https:\/\/stourm.news\/index.php?rest_route=\/wp\/v2\/types\/post"}],"author":[{"embeddable":true,"href":"https:\/\/stourm.news\/index.php?rest_route=\/wp\/v2\/users\/1"}],"replies":[{"embeddable":true,"href":"https:\/\/stourm.news\/index.php?rest_route=%2Fwp%2Fv2%2Fcomments&post=4076"}],"version-history":[{"count":1,"href":"https:\/\/stourm.news\/index.php?rest_route=\/wp\/v2\/posts\/4076\/revisions"}],"predecessor-version":[{"id":4078,"href":"https:\/\/stourm.news\/index.php?rest_route=\/wp\/v2\/posts\/4076\/revisions\/4078"}],"wp:featuredmedia":[{"embeddable":true,"href":"https:\/\/stourm.news\/index.php?rest_route=\/wp\/v2\/media\/4077"}],"wp:attachment":[{"href":"https:\/\/stourm.news\/index.php?rest_route=%2Fwp%2Fv2%2Fmedia&parent=4076"}],"wp:term":[{"taxonomy":"category","embeddable":true,"href":"https:\/\/stourm.news\/index.php?rest_route=%2Fwp%2Fv2%2Fcategories&post=4076"},{"taxonomy":"post_tag","embeddable":true,"href":"https:\/\/stourm.news\/index.php?rest_route=%2Fwp%2Fv2%2Ftags&post=4076"}],"curies":[{"name":"wp","href":"https:\/\/api.w.org\/{rel}","templated":true}]}}