{"id":4082,"date":"2025-05-20T08:06:20","date_gmt":"2025-05-20T08:06:20","guid":{"rendered":"https:\/\/stourm.news\/?p=4082"},"modified":"2025-05-20T08:06:57","modified_gmt":"2025-05-20T08:06:57","slug":"acsomur-a-vannes-la-gabegie-sociale-financee-contre-leur-gre-par-les-bretons","status":"publish","type":"post","link":"https:\/\/stourm.news\/?p=4082","title":{"rendered":"AcSoMur \u00e0 Vannes : la gabegie sociale financ\u00e9e contre leur gr\u00e9 par les Bretons ?"},"content":{"rendered":"<p style=\"text-align: justify;\">L\u2019entreprise \u00e0 but d\u2019emploi (EBE) AcSoMur, implant\u00e9e \u00e0 Vannes dans le quartier multiculturel de M\u00e9nimur, est au c\u0153ur d\u2019une controverse croissante. Financ\u00e9e \u00e0 80 % par l\u2019\u00c9tat fran\u00e7ais, avec des contributions suppl\u00e9mentaires du Conseil D\u00e9partemental, de la \u00ab\u00a0R\u00e9gion\u00a0\u00bb Bretagne et de la Ville de Vannes, AcSoMur incarne une politique sociale ruineuse financ\u00e9e contre leur gr\u00e9 par les travailleurs bretons.<\/p>\n<p style=\"text-align: justify;\">AcSoMur, cr\u00e9\u00e9e dans le cadre de l\u2019exp\u00e9rimentation Territoire Z\u00e9ro Ch\u00f4meur de Longue Dur\u00e9e (TZCLD), emploie 55 personnes en CDI, avec un objectif de 75 d\u2019ici 2025, dans des activit\u00e9s comme la couture, le recyclage de palettes et la conciergerie (Le T\u00e9l\u00e9gramme, 4 d\u00e9cembre 2024). Le quartier de M\u00e9nimur est marqu\u00e9 par une forte pr\u00e9sence de r\u00e9sidents issus de l\u2019immigration, ce qui soul\u00e8ve des interrogations sur l\u2019allocation des ressources publiques bretonnes, notamment lorsque ces emplois sont financ\u00e9s par des contribuables bretons.<\/p>\n<p style=\"text-align: justify;\">Les financements publics d\u2019AcSoMur sont cons\u00e9quents : l\u2019\u00c9tat couvre 80 % des salaires, pay\u00e9s au SMIC, tandis que le Conseil D\u00e9partemental, la R\u00e9gion Bretagne et la Ville de Vannes apportent un soutien logistique et financier (Ouest-France, 17 janvier 2022; Le T\u00e9l\u00e9gramme, 4 d\u00e9cembre 2024). Pourtant, en 2023, AcSoMur a d\u00e9nonc\u00e9 une baisse des financements de l\u2019\u00c9tat, mena\u00e7ant le recrutement de nouveaux salari\u00e9s, illustrant la d\u00e9pendance de l\u2019EBE aux subventions publiques (Le T\u00e9l\u00e9gramme, 23 octobre 2023).<\/p>\n<p><iframe style=\"border: none; overflow: hidden;\" src=\"https:\/\/www.facebook.com\/plugins\/video.php?height=314&amp;href=https%3A%2F%2Fwww.facebook.com%2FOuestFranceVannes%2Fvideos%2F2090998444726251%2F&amp;show_text=true&amp;width=560&amp;t=0\" width=\"560\" height=\"429\" frameborder=\"0\" scrolling=\"no\" allowfullscreen=\"allowfullscreen\"><\/iframe><\/p>\n<p style=\"text-align: justify;\">Selon les donn\u00e9es d\u00e9mographiques (INSEE, 2023), le quartier de M\u00e9nimur compte une majorit\u00e9 de r\u00e9sidents d\u2019origine \u00e9trang\u00e8re, souvent issus de l\u2019immigration r\u00e9cente, b\u00e9n\u00e9ficiant de ces emplois subventionn\u00e9s, tandis que les Bretons, pourtant contribuables, ne profitent pas prioritairement de ces initiatives. Cette situation soul\u00e8ve des questions l\u00e9gitimes sur l\u2019\u00e9quit\u00e9 des politiques sociales fran\u00e7aises en Bretagne.<\/p>\n<p style=\"text-align: justify;\">Dans le m\u00eame temps, toujours dans le d\u00e9partement du Morbihan, le Festival Interceltique de Lorient, en crise avec un d\u00e9ficit de 111 256 \u20ac (Le T\u00e9l\u00e9gramme, 18 mai 2025), fait face \u00e0 des probl\u00e8mes r\u00e9currents de soutien public et ce alors qu&rsquo;il est un des plus puissants \u00e9v\u00e8nements culturels bretons. Cette in\u00e9galit\u00e9 de traitement, cons\u00e9quence de l&rsquo;id\u00e9ologie multiculturaliste de l&rsquo;\u00c9tat fran\u00e7ais d\u00e8s lors qu&rsquo;il est question de l&rsquo;immigration, d\u00e9montre que l\u2019autonomie imm\u00e9diate de la Bretagne, puis l\u2019ind\u00e9pendance, serait seule en mesure de rendre aux Bretons le contr\u00f4le de leurs ressources fiscales. Ce contr\u00f4le leur permettrait de lib\u00e9rer la soci\u00e9t\u00e9 bretonne de la gabegie \u00ab\u00a0sociale\u00a0\u00bb fran\u00e7aise qui n&rsquo;est bien souvent qu&rsquo;un client\u00e9lisme politique qui ne dit pas son nom.<\/p>\n<p style=\"text-align: right;\"><strong>Budig Gourmaelon<\/strong><\/p>\n<p>&nbsp;<\/p>\n","protected":false},"excerpt":{"rendered":"<p>L\u2019entreprise \u00e0 but d\u2019emploi (EBE) AcSoMur, implant\u00e9e \u00e0 Vannes dans le quartier multiculturel de M\u00e9nimur, est au c\u0153ur d\u2019une controverse croissante. Financ\u00e9e \u00e0 80 % par l\u2019\u00c9tat fran\u00e7ais, avec des contributions suppl\u00e9mentaires du Conseil D\u00e9partemental, de la \u00ab\u00a0R\u00e9gion\u00a0\u00bb Bretagne et de la Ville de Vannes, AcSoMur incarne une politique sociale ruineuse financ\u00e9e contre leur gr\u00e9 [&hellip;]<\/p>\n","protected":false},"author":1,"featured_media":4083,"comment_status":"open","ping_status":"open","sticky":false,"template":"","format":"standard","meta":{"sb_editor_width":"","footnotes":""},"categories":[55,40,86,65],"tags":[],"class_list":["post-4082","post","type-post","status-publish","format-standard","has-post-thumbnail","hentry","category-economie","category-morbihan","category-multiculturalisme","category-principale"],"relative_dates":{"created":"11 mois ago","modified":"11 mois ago"},"yoast_head":"<!-- This site is optimized with the Yoast SEO plugin v26.3 - https:\/\/yoast.com\/wordpress\/plugins\/seo\/ -->\n<title>AcSoMur \u00e0 Vannes : la gabegie sociale financ\u00e9e contre leur gr\u00e9 par les Bretons ? - STOURM<\/title>\n<meta name=\"robots\" content=\"index, follow, max-snippet:-1, max-image-preview:large, max-video-preview:-1\" \/>\n<link rel=\"canonical\" href=\"https:\/\/stourm.news\/?p=4082\" \/>\n<meta property=\"og:locale\" content=\"fr_FR\" \/>\n<meta property=\"og:type\" content=\"article\" \/>\n<meta property=\"og:title\" content=\"AcSoMur \u00e0 Vannes : la gabegie sociale financ\u00e9e contre leur gr\u00e9 par les Bretons ? - STOURM\" \/>\n<meta property=\"og:description\" content=\"L\u2019entreprise \u00e0 but d\u2019emploi (EBE) AcSoMur, implant\u00e9e \u00e0 Vannes dans le quartier multiculturel de M\u00e9nimur, est au c\u0153ur d\u2019une controverse croissante. Financ\u00e9e \u00e0 80 % par l\u2019\u00c9tat fran\u00e7ais, avec des contributions suppl\u00e9mentaires du Conseil D\u00e9partemental, de la \u00ab\u00a0R\u00e9gion\u00a0\u00bb Bretagne et de la Ville de Vannes, AcSoMur incarne une politique sociale ruineuse financ\u00e9e contre leur gr\u00e9 [&hellip;]\" \/>\n<meta property=\"og:url\" content=\"https:\/\/stourm.news\/?p=4082\" \/>\n<meta property=\"og:site_name\" content=\"STOURM\" \/>\n<meta property=\"article:publisher\" content=\"https:\/\/www.facebook.com\/stourmnews\/\" \/>\n<meta property=\"article:published_time\" content=\"2025-05-20T08:06:20+00:00\" \/>\n<meta property=\"article:modified_time\" content=\"2025-05-20T08:06:57+00:00\" \/>\n<meta name=\"author\" content=\"La r\u00e9daction\" \/>\n<meta name=\"twitter:card\" content=\"summary_large_image\" \/>\n<meta name=\"twitter:label1\" content=\"\u00c9crit par\" \/>\n\t<meta name=\"twitter:data1\" content=\"La r\u00e9daction\" \/>\n\t<meta name=\"twitter:label2\" content=\"Dur\u00e9e de lecture estim\u00e9e\" \/>\n\t<meta name=\"twitter:data2\" content=\"3 minutes\" \/>\n<script type=\"application\/ld+json\" class=\"yoast-schema-graph\">{\"@context\":\"https:\/\/schema.org\",\"@graph\":[{\"@type\":\"Article\",\"@id\":\"https:\/\/stourm.news\/?p=4082#article\",\"isPartOf\":{\"@id\":\"https:\/\/stourm.news\/?p=4082\"},\"author\":{\"name\":\"La r\u00e9daction\",\"@id\":\"https:\/\/stourm.news\/#\/schema\/person\/c3e1dc65988632e190969234ef046cf9\"},\"headline\":\"AcSoMur \u00e0 Vannes : la gabegie sociale financ\u00e9e contre leur gr\u00e9 par les Bretons ?\",\"datePublished\":\"2025-05-20T08:06:20+00:00\",\"dateModified\":\"2025-05-20T08:06:57+00:00\",\"mainEntityOfPage\":{\"@id\":\"https:\/\/stourm.news\/?p=4082\"},\"wordCount\":469,\"commentCount\":0,\"publisher\":{\"@id\":\"https:\/\/stourm.news\/#organization\"},\"image\":{\"@id\":\"https:\/\/stourm.news\/?p=4082#primaryimage\"},\"thumbnailUrl\":\"https:\/\/stourm.news\/wp-content\/uploads\/2025\/05\/ffe47ea666e15d32a6fb6b9f5f620d6d-1a31baa0-c3c3-30bf-8924-31b21825d2de.avif\",\"articleSection\":[\"Economie\",\"Morbihan\",\"Multiculturalisme\",\"Principale\"],\"inLanguage\":\"fr-FR\",\"potentialAction\":[{\"@type\":\"CommentAction\",\"name\":\"Comment\",\"target\":[\"https:\/\/stourm.news\/?p=4082#respond\"]}]},{\"@type\":\"WebPage\",\"@id\":\"https:\/\/stourm.news\/?p=4082\",\"url\":\"https:\/\/stourm.news\/?p=4082\",\"name\":\"AcSoMur \u00e0 Vannes : la gabegie sociale financ\u00e9e contre leur gr\u00e9 par les Bretons ? - STOURM\",\"isPartOf\":{\"@id\":\"https:\/\/stourm.news\/#website\"},\"primaryImageOfPage\":{\"@id\":\"https:\/\/stourm.news\/?p=4082#primaryimage\"},\"image\":{\"@id\":\"https:\/\/stourm.news\/?p=4082#primaryimage\"},\"thumbnailUrl\":\"https:\/\/stourm.news\/wp-content\/uploads\/2025\/05\/ffe47ea666e15d32a6fb6b9f5f620d6d-1a31baa0-c3c3-30bf-8924-31b21825d2de.avif\",\"datePublished\":\"2025-05-20T08:06:20+00:00\",\"dateModified\":\"2025-05-20T08:06:57+00:00\",\"breadcrumb\":{\"@id\":\"https:\/\/stourm.news\/?p=4082#breadcrumb\"},\"inLanguage\":\"fr-FR\",\"potentialAction\":[{\"@type\":\"ReadAction\",\"target\":[\"https:\/\/stourm.news\/?p=4082\"]}]},{\"@type\":\"ImageObject\",\"inLanguage\":\"fr-FR\",\"@id\":\"https:\/\/stourm.news\/?p=4082#primaryimage\",\"url\":\"https:\/\/stourm.news\/wp-content\/uploads\/2025\/05\/ffe47ea666e15d32a6fb6b9f5f620d6d-1a31baa0-c3c3-30bf-8924-31b21825d2de.avif\",\"contentUrl\":\"https:\/\/stourm.news\/wp-content\/uploads\/2025\/05\/ffe47ea666e15d32a6fb6b9f5f620d6d-1a31baa0-c3c3-30bf-8924-31b21825d2de.avif\",\"width\":1260,\"height\":708},{\"@type\":\"BreadcrumbList\",\"@id\":\"https:\/\/stourm.news\/?p=4082#breadcrumb\",\"itemListElement\":[{\"@type\":\"ListItem\",\"position\":1,\"name\":\"Accueil\",\"item\":\"https:\/\/stourm.news\/\"},{\"@type\":\"ListItem\",\"position\":2,\"name\":\"AcSoMur \u00e0 Vannes : la gabegie sociale financ\u00e9e contre leur gr\u00e9 par les Bretons ?\"}]},{\"@type\":\"WebSite\",\"@id\":\"https:\/\/stourm.news\/#website\",\"url\":\"https:\/\/stourm.news\/\",\"name\":\"Stourm\",\"description\":\"Kazetenn Strollad Broadel Breizh\",\"publisher\":{\"@id\":\"https:\/\/stourm.news\/#organization\"},\"potentialAction\":[{\"@type\":\"SearchAction\",\"target\":{\"@type\":\"EntryPoint\",\"urlTemplate\":\"https:\/\/stourm.news\/?s={search_term_string}\"},\"query-input\":{\"@type\":\"PropertyValueSpecification\",\"valueRequired\":true,\"valueName\":\"search_term_string\"}}],\"inLanguage\":\"fr-FR\"},{\"@type\":\"Organization\",\"@id\":\"https:\/\/stourm.news\/#organization\",\"name\":\"Stourm\",\"url\":\"https:\/\/stourm.news\/\",\"logo\":{\"@type\":\"ImageObject\",\"inLanguage\":\"fr-FR\",\"@id\":\"https:\/\/stourm.news\/#\/schema\/logo\/image\/\",\"url\":\"https:\/\/stourm.news\/wp-content\/uploads\/2025\/11\/cropped-Capture-decran-2025-11-28-a-15.19.07.png\",\"contentUrl\":\"https:\/\/stourm.news\/wp-content\/uploads\/2025\/11\/cropped-Capture-decran-2025-11-28-a-15.19.07.png\",\"width\":1855,\"height\":383,\"caption\":\"Stourm\"},\"image\":{\"@id\":\"https:\/\/stourm.news\/#\/schema\/logo\/image\/\"},\"sameAs\":[\"https:\/\/www.facebook.com\/stourmnews\/\"]},{\"@type\":\"Person\",\"@id\":\"https:\/\/stourm.news\/#\/schema\/person\/c3e1dc65988632e190969234ef046cf9\",\"name\":\"La r\u00e9daction\",\"image\":{\"@type\":\"ImageObject\",\"inLanguage\":\"fr-FR\",\"@id\":\"https:\/\/stourm.news\/#\/schema\/person\/image\/\",\"url\":\"https:\/\/secure.gravatar.com\/avatar\/7463443f194b6b5fb706b074ca0ef59a0cfcfd720cb47764b0ec5a952ce422b3?s=96&d=mm&r=g\",\"contentUrl\":\"https:\/\/secure.gravatar.com\/avatar\/7463443f194b6b5fb706b074ca0ef59a0cfcfd720cb47764b0ec5a952ce422b3?s=96&d=mm&r=g\",\"caption\":\"La r\u00e9daction\"},\"sameAs\":[\"https:\/\/stourm.news\"],\"url\":\"https:\/\/stourm.news\/?author=1\"}]}<\/script>\n<!-- \/ Yoast SEO plugin. -->","yoast_head_json":{"title":"AcSoMur \u00e0 Vannes : la gabegie sociale financ\u00e9e contre leur gr\u00e9 par les Bretons ? - STOURM","robots":{"index":"index","follow":"follow","max-snippet":"max-snippet:-1","max-image-preview":"max-image-preview:large","max-video-preview":"max-video-preview:-1"},"canonical":"https:\/\/stourm.news\/?p=4082","og_locale":"fr_FR","og_type":"article","og_title":"AcSoMur \u00e0 Vannes : la gabegie sociale financ\u00e9e contre leur gr\u00e9 par les Bretons ? - STOURM","og_description":"L\u2019entreprise \u00e0 but d\u2019emploi (EBE) AcSoMur, implant\u00e9e \u00e0 Vannes dans le quartier multiculturel de M\u00e9nimur, est au c\u0153ur d\u2019une controverse croissante. Financ\u00e9e \u00e0 80 % par l\u2019\u00c9tat fran\u00e7ais, avec des contributions suppl\u00e9mentaires du Conseil D\u00e9partemental, de la \u00ab\u00a0R\u00e9gion\u00a0\u00bb Bretagne et de la Ville de Vannes, AcSoMur incarne une politique sociale ruineuse financ\u00e9e contre leur gr\u00e9 [&hellip;]","og_url":"https:\/\/stourm.news\/?p=4082","og_site_name":"STOURM","article_publisher":"https:\/\/www.facebook.com\/stourmnews\/","article_published_time":"2025-05-20T08:06:20+00:00","article_modified_time":"2025-05-20T08:06:57+00:00","author":"La r\u00e9daction","twitter_card":"summary_large_image","twitter_misc":{"\u00c9crit par":"La r\u00e9daction","Dur\u00e9e de lecture estim\u00e9e":"3 minutes"},"schema":{"@context":"https:\/\/schema.org","@graph":[{"@type":"Article","@id":"https:\/\/stourm.news\/?p=4082#article","isPartOf":{"@id":"https:\/\/stourm.news\/?p=4082"},"author":{"name":"La r\u00e9daction","@id":"https:\/\/stourm.news\/#\/schema\/person\/c3e1dc65988632e190969234ef046cf9"},"headline":"AcSoMur \u00e0 Vannes : la gabegie sociale financ\u00e9e contre leur gr\u00e9 par les Bretons ?","datePublished":"2025-05-20T08:06:20+00:00","dateModified":"2025-05-20T08:06:57+00:00","mainEntityOfPage":{"@id":"https:\/\/stourm.news\/?p=4082"},"wordCount":469,"commentCount":0,"publisher":{"@id":"https:\/\/stourm.news\/#organization"},"image":{"@id":"https:\/\/stourm.news\/?p=4082#primaryimage"},"thumbnailUrl":"https:\/\/stourm.news\/wp-content\/uploads\/2025\/05\/ffe47ea666e15d32a6fb6b9f5f620d6d-1a31baa0-c3c3-30bf-8924-31b21825d2de.avif","articleSection":["Economie","Morbihan","Multiculturalisme","Principale"],"inLanguage":"fr-FR","potentialAction":[{"@type":"CommentAction","name":"Comment","target":["https:\/\/stourm.news\/?p=4082#respond"]}]},{"@type":"WebPage","@id":"https:\/\/stourm.news\/?p=4082","url":"https:\/\/stourm.news\/?p=4082","name":"AcSoMur \u00e0 Vannes : la gabegie sociale financ\u00e9e contre leur gr\u00e9 par les Bretons ? - STOURM","isPartOf":{"@id":"https:\/\/stourm.news\/#website"},"primaryImageOfPage":{"@id":"https:\/\/stourm.news\/?p=4082#primaryimage"},"image":{"@id":"https:\/\/stourm.news\/?p=4082#primaryimage"},"thumbnailUrl":"https:\/\/stourm.news\/wp-content\/uploads\/2025\/05\/ffe47ea666e15d32a6fb6b9f5f620d6d-1a31baa0-c3c3-30bf-8924-31b21825d2de.avif","datePublished":"2025-05-20T08:06:20+00:00","dateModified":"2025-05-20T08:06:57+00:00","breadcrumb":{"@id":"https:\/\/stourm.news\/?p=4082#breadcrumb"},"inLanguage":"fr-FR","potentialAction":[{"@type":"ReadAction","target":["https:\/\/stourm.news\/?p=4082"]}]},{"@type":"ImageObject","inLanguage":"fr-FR","@id":"https:\/\/stourm.news\/?p=4082#primaryimage","url":"https:\/\/stourm.news\/wp-content\/uploads\/2025\/05\/ffe47ea666e15d32a6fb6b9f5f620d6d-1a31baa0-c3c3-30bf-8924-31b21825d2de.avif","contentUrl":"https:\/\/stourm.news\/wp-content\/uploads\/2025\/05\/ffe47ea666e15d32a6fb6b9f5f620d6d-1a31baa0-c3c3-30bf-8924-31b21825d2de.avif","width":1260,"height":708},{"@type":"BreadcrumbList","@id":"https:\/\/stourm.news\/?p=4082#breadcrumb","itemListElement":[{"@type":"ListItem","position":1,"name":"Accueil","item":"https:\/\/stourm.news\/"},{"@type":"ListItem","position":2,"name":"AcSoMur \u00e0 Vannes : la gabegie sociale financ\u00e9e contre leur gr\u00e9 par les Bretons ?"}]},{"@type":"WebSite","@id":"https:\/\/stourm.news\/#website","url":"https:\/\/stourm.news\/","name":"Stourm","description":"Kazetenn Strollad Broadel Breizh","publisher":{"@id":"https:\/\/stourm.news\/#organization"},"potentialAction":[{"@type":"SearchAction","target":{"@type":"EntryPoint","urlTemplate":"https:\/\/stourm.news\/?s={search_term_string}"},"query-input":{"@type":"PropertyValueSpecification","valueRequired":true,"valueName":"search_term_string"}}],"inLanguage":"fr-FR"},{"@type":"Organization","@id":"https:\/\/stourm.news\/#organization","name":"Stourm","url":"https:\/\/stourm.news\/","logo":{"@type":"ImageObject","inLanguage":"fr-FR","@id":"https:\/\/stourm.news\/#\/schema\/logo\/image\/","url":"https:\/\/stourm.news\/wp-content\/uploads\/2025\/11\/cropped-Capture-decran-2025-11-28-a-15.19.07.png","contentUrl":"https:\/\/stourm.news\/wp-content\/uploads\/2025\/11\/cropped-Capture-decran-2025-11-28-a-15.19.07.png","width":1855,"height":383,"caption":"Stourm"},"image":{"@id":"https:\/\/stourm.news\/#\/schema\/logo\/image\/"},"sameAs":["https:\/\/www.facebook.com\/stourmnews\/"]},{"@type":"Person","@id":"https:\/\/stourm.news\/#\/schema\/person\/c3e1dc65988632e190969234ef046cf9","name":"La r\u00e9daction","image":{"@type":"ImageObject","inLanguage":"fr-FR","@id":"https:\/\/stourm.news\/#\/schema\/person\/image\/","url":"https:\/\/secure.gravatar.com\/avatar\/7463443f194b6b5fb706b074ca0ef59a0cfcfd720cb47764b0ec5a952ce422b3?s=96&d=mm&r=g","contentUrl":"https:\/\/secure.gravatar.com\/avatar\/7463443f194b6b5fb706b074ca0ef59a0cfcfd720cb47764b0ec5a952ce422b3?s=96&d=mm&r=g","caption":"La r\u00e9daction"},"sameAs":["https:\/\/stourm.news"],"url":"https:\/\/stourm.news\/?author=1"}]}},"_links":{"self":[{"href":"https:\/\/stourm.news\/index.php?rest_route=\/wp\/v2\/posts\/4082","targetHints":{"allow":["GET"]}}],"collection":[{"href":"https:\/\/stourm.news\/index.php?rest_route=\/wp\/v2\/posts"}],"about":[{"href":"https:\/\/stourm.news\/index.php?rest_route=\/wp\/v2\/types\/post"}],"author":[{"embeddable":true,"href":"https:\/\/stourm.news\/index.php?rest_route=\/wp\/v2\/users\/1"}],"replies":[{"embeddable":true,"href":"https:\/\/stourm.news\/index.php?rest_route=%2Fwp%2Fv2%2Fcomments&post=4082"}],"version-history":[{"count":1,"href":"https:\/\/stourm.news\/index.php?rest_route=\/wp\/v2\/posts\/4082\/revisions"}],"predecessor-version":[{"id":4084,"href":"https:\/\/stourm.news\/index.php?rest_route=\/wp\/v2\/posts\/4082\/revisions\/4084"}],"wp:featuredmedia":[{"embeddable":true,"href":"https:\/\/stourm.news\/index.php?rest_route=\/wp\/v2\/media\/4083"}],"wp:attachment":[{"href":"https:\/\/stourm.news\/index.php?rest_route=%2Fwp%2Fv2%2Fmedia&parent=4082"}],"wp:term":[{"taxonomy":"category","embeddable":true,"href":"https:\/\/stourm.news\/index.php?rest_route=%2Fwp%2Fv2%2Fcategories&post=4082"},{"taxonomy":"post_tag","embeddable":true,"href":"https:\/\/stourm.news\/index.php?rest_route=%2Fwp%2Fv2%2Ftags&post=4082"}],"curies":[{"name":"wp","href":"https:\/\/api.w.org\/{rel}","templated":true}]}}