{"id":4099,"date":"2025-05-22T13:01:27","date_gmt":"2025-05-22T13:01:27","guid":{"rendered":"https:\/\/stourm.news\/?p=4099"},"modified":"2025-05-22T13:01:27","modified_gmt":"2025-05-22T13:01:27","slug":"plumelin-voiture-incendiee-aire-de-jeux-degradee-restaurant-scolaire-fracture-face-a-la-colere-des-habitants-le-maire-evoque-un-couvre-feu-pour-les-migrants-mineurs-pris-en-charge-par-la-comm","status":"publish","type":"post","link":"https:\/\/stourm.news\/?p=4099","title":{"rendered":"Plumelin : voiture incendi\u00e9e, aire de jeux d\u00e9grad\u00e9e, restaurant scolaire fractur\u00e9, face \u00e0 la col\u00e8re des habitants le maire \u00e9voque un \u00ab\u00a0couvre-feu\u00a0\u00bb pour les migrants mineurs pris en charge par la commune"},"content":{"rendered":"<p style=\"text-align: justify;\">Dans <strong><a href=\"https:\/\/actu.fr\/bretagne\/plumelin_56174\/dans-cette-commune-du-morbihan-oui-il-y-a-des-incivilites-mais-on-nest-pas-chicago_62672820.html\">un article publi\u00e9 le 22 mai 2025<\/a><\/strong> par La Gazette du Centre Morbihan, le maire de Plumelin, Pierre Gu\u00e9gan, tente de minimiser une s\u00e9rie d\u2019incivilit\u00e9s qui secouent cette petite commune bretonne : voiture incendi\u00e9e, aire de jeux d\u00e9grad\u00e9e, restaurant scolaire fractur\u00e9, vitres bris\u00e9es, toilettes publiques vandalis\u00e9es. Face \u00e0 la col\u00e8re des habitants, amplifi\u00e9e sur les r\u00e9seaux sociaux, Gu\u00e9gan s\u2019\u00e9tonne de l\u2019\u00ab ampleur d\u00e9mesur\u00e9e \u00bb donn\u00e9e \u00e0 ces actes. Mais ce que l\u2019article passe sous silence, c\u2019est la pr\u00e9sence de mineurs migrants non accompagn\u00e9s (MNA) \u00e0 Plumelin, accueillis depuis 2019 dans le cadre d\u2019une politique migratoire impos\u00e9e par l\u2019\u00c9tat fran\u00e7ais.<\/p>\n<p style=\"text-align: justify;\"><strong>Pierre Gu\u00e9gan : un maire sans \u00e9tiquette, mais sous influence<\/strong><\/p>\n<p style=\"text-align: justify;\">Pierre Gu\u00e9gan, maire depuis 2014, se dit \u00ab sans \u00e9tiquette \u00bb, mais son soutien \u00e0 la liste \u00ab Ensemble pour le Morbihan \u00bb en 2021, proche de la majorit\u00e9 d\u00e9partementale centriste, trahit un alignement sur les politiques migratoires du gouvernement fran\u00e7ais. Cette posture floue ne l\u2019emp\u00eache pas de d\u00e9fendre des mesures timides \u2013 vid\u00e9osurveillance en projet, animateur communal et m\u00eame, ne rions pas, un \u00ab\u00a0conseil municipal de jeunes\u00a0\u00bb \u2013 tout en rejetant la faute sur les r\u00e9seaux sociaux, qualifi\u00e9s de \u00ab d\u00e9fouloir \u00bb. La r\u00e9cente d\u00e9mission d\u2019un conseiller municipal, David Daumer, en mai 2025, apr\u00e8s des critiques virulentes sur l\u2019inaction de la mairie, r\u00e9v\u00e8le une fracture interne et une perte de cr\u00e9dibilit\u00e9.<\/p>\n<p style=\"text-align: justify;\"><strong>Les mineurs migrants non accompagn\u00e9s \u00e0 Plumelin : une r\u00e9alit\u00e9 occult\u00e9e<\/strong><\/p>\n<p style=\"text-align: justify;\">Depuis juin 2019, Plumelin accueille <strong>six mineurs migrants non accompagn\u00e9s<\/strong>, h\u00e9berg\u00e9s \u00e0 Kermaria, un hameau de la commune, sous l\u2019\u00e9gide de l\u2019association immigrationniste Sauvegarde 56. \u00c2g\u00e9s de 13 \u00e0 14 ans, ces jeunes, majoritairement originaires <strong>d\u2019Afrique subsaharienne<\/strong>, b\u00e9n\u00e9ficient d\u2019un suivi administratif, social et alimentaire privil\u00e9gi\u00e9, avec l\u2019objectif affich\u00e9 de les implanter en Bretagne via la \u00ab\u00a0scolarisation\u00a0\u00bb et une \u00ab\u00a0formation\u00a0\u00bb dans des secteurs comme le b\u00e2timent ou la couture. Selon Sauvegarde 56, ces mineurs \u00e9trangers \u00ab ne posent aucun probl\u00e8me \u00bb et sont \u00ab d\u00e9brouillards \u00bb. Si l\u2019article de La Gazette \u00e9vite de lier directement ces actes aux MNA, des t\u00e9moignages locaux, relay\u00e9s sur des groupes comme \u00ab Tu es de Plumelin si\u2026 \u00bb, pointent des tensions croissantes.<\/p>\n<p style=\"text-align: justify;\"><strong>Un passif qui fragilise la mairie<\/strong><\/p>\n<p style=\"text-align: justify;\">Plumelin n\u2019en est pas \u00e0 son premier \u00e9pisode d\u2019ins\u00e9curit\u00e9. En 2020, face \u00e0 une hausse des incivilit\u00e9s, la mairie envisageait une police municipale mutualis\u00e9e avec Locmin\u00e9, un projet toujours au point mort en 2025. Cette inertie, coupl\u00e9e \u00e0 la proposition d\u2019augmenter les imp\u00f4ts pour financer une vid\u00e9osurveillance tardive, alimente le m\u00e9contentement. La gestion des migrants africains par Sauvegarde 56, bien que pr\u00e9sent\u00e9e comme encadr\u00e9e, semble insuffisante pour apaiser les craintes des habitants, qui reprochent \u00e0 la mairie son manque de transparence et d\u2019autorit\u00e9.<\/p>\n<p style=\"text-align: justify;\"><strong>L\u2019immigration impos\u00e9e<\/strong><\/p>\n<p style=\"text-align: justify;\">La pr\u00e9sence de migrants \u00e0 Plumelin s\u2019inscrit dans une politique migratoire impos\u00e9e par l\u2019\u00c9tat fran\u00e7ais \u00e0 la Bretagne, qui d\u00e9l\u00e8gue aux communes rurales l\u2019accueil de populations allog\u00e8nes sans consulter les habitants. Cette strat\u00e9gie autoritaire de repeuplement, visant \u00e0 d\u00e9lester les grandes villes fran\u00e7aises, Paris en t\u00eate, transforme des bourgs comme Plumelin en zones \u00ab\u00a0d\u2019exp\u00e9rimentation sociale\u00a0\u00bb. Les incivilit\u00e9s, loin d\u2019\u00eatre anodines, refl\u00e8tent une fracture culturelle croissante et une perte de coh\u00e9sion dans une commune historiquement attach\u00e9e \u00e0 son identit\u00e9 bretonne. Les mesures cosm\u00e9tiques de la mairie \u2013 animations pour jeunes ou conventions avec la gendarmerie sign\u00e9es d\u00e8s 2018 \u2013 ne s\u2019attaquent pas \u00e0 la racine du probl\u00e8me.<\/p>\n<p style=\"text-align: justify;\">La solution : une police bretonne au service des Plumelinois<\/p>\n<p style=\"text-align: justify;\">Sans reprendre la maitrise de son territoire national, la Bretagne ne peut subir les diktats du gouvernement de Paris en mati\u00e8re d&rsquo;immigration. Sans un gouvernement breton dot\u00e9 d\u2019une police souveraine d\u00e9di\u00e9e \u00e0 la protection des Bretons, les m\u00eames causes produiront les m\u00eames effets. \u00c0 Plumelin, une telle force de police n\u2019aurait pas pour mission d\u2019accompagner des politiques migratoires impos\u00e9es par un \u00c9tat \u00e9tranger, mais de garantir la s\u00e9curit\u00e9 des habitants et de pr\u00e9server l\u2019identit\u00e9 bretonne. Contrairement \u00e0 la mairie actuelle, qui se d\u00e9fausse sur la gendarmerie et minimise les faits tout en raillant les r\u00e9actions des habitants, un \u00c9tat breton mettrait fin \u00e0 l\u2019assistanat et aux compromis, en priorisant les besoins des Plumelinois.<\/p>\n<p style=\"text-align: justify;\">L\u2019article de La Gazette tente pour sa part de camoufler les racines du probl\u00e8me, tout comme l\u2019impuissance de Pierre Gu\u00e9gan qui pr\u00e9f\u00e8re se cacher derri\u00e8re un discours l\u00e9nifiant. Mais les Plumelinois ne sont pas dupes : les incivilit\u00e9s menacent leur tranquillit\u00e9 et leur identit\u00e9. Face \u00e0 une mairie progressivement d\u00e9pass\u00e9e, seule l&rsquo;alternative nationaliste bretonne peut, \u00e0 Plumelin comme ailleurs, restaurer l\u2019ordre breton . Plumelin m\u00e9rite mieux qu\u2019un maire qui s\u2019\u00e9tonne de la col\u00e8re l\u00e9gitime de ses administr\u00e9s !<\/p>\n<p style=\"text-align: right;\"><strong>Budig Gourmaelon<\/strong><\/p>\n","protected":false},"excerpt":{"rendered":"<p>Dans un article publi\u00e9 le 22 mai 2025 par La Gazette du Centre Morbihan, le maire de Plumelin, Pierre Gu\u00e9gan, tente de minimiser une s\u00e9rie d\u2019incivilit\u00e9s qui secouent cette petite commune bretonne : voiture incendi\u00e9e, aire de jeux d\u00e9grad\u00e9e, restaurant scolaire fractur\u00e9, vitres bris\u00e9es, toilettes publiques vandalis\u00e9es. Face \u00e0 la col\u00e8re des habitants, amplifi\u00e9e sur [&hellip;]<\/p>\n","protected":false},"author":1,"featured_media":4100,"comment_status":"open","ping_status":"open","sticky":false,"template":"","format":"standard","meta":{"sb_editor_width":"","footnotes":""},"categories":[52,33,40,65],"tags":[],"class_list":["post-4099","post","type-post","status-publish","format-standard","has-post-thumbnail","hentry","category-faits-divers","category-immigration","category-morbihan","category-principale"],"relative_dates":{"created":"11 mois ago","modified":"11 mois ago"},"yoast_head":"<!-- This site is optimized with the Yoast SEO plugin v26.3 - https:\/\/yoast.com\/wordpress\/plugins\/seo\/ -->\n<title>Plumelin : voiture incendi\u00e9e, aire de jeux d\u00e9grad\u00e9e, restaurant scolaire fractur\u00e9, face \u00e0 la col\u00e8re des habitants le maire \u00e9voque un &quot;couvre-feu&quot; pour les migrants mineurs pris en charge par la commune - STOURM<\/title>\n<meta name=\"robots\" content=\"index, follow, max-snippet:-1, max-image-preview:large, max-video-preview:-1\" \/>\n<link rel=\"canonical\" href=\"https:\/\/stourm.news\/?p=4099\" \/>\n<meta property=\"og:locale\" content=\"fr_FR\" \/>\n<meta property=\"og:type\" content=\"article\" \/>\n<meta property=\"og:title\" content=\"Plumelin : voiture incendi\u00e9e, aire de jeux d\u00e9grad\u00e9e, restaurant scolaire fractur\u00e9, face \u00e0 la col\u00e8re des habitants le maire \u00e9voque un &quot;couvre-feu&quot; pour les migrants mineurs pris en charge par la commune - STOURM\" \/>\n<meta property=\"og:description\" content=\"Dans un article publi\u00e9 le 22 mai 2025 par La Gazette du Centre Morbihan, le maire de Plumelin, Pierre Gu\u00e9gan, tente de minimiser une s\u00e9rie d\u2019incivilit\u00e9s qui secouent cette petite commune bretonne : voiture incendi\u00e9e, aire de jeux d\u00e9grad\u00e9e, restaurant scolaire fractur\u00e9, vitres bris\u00e9es, toilettes publiques vandalis\u00e9es. Face \u00e0 la col\u00e8re des habitants, amplifi\u00e9e sur [&hellip;]\" \/>\n<meta property=\"og:url\" content=\"https:\/\/stourm.news\/?p=4099\" \/>\n<meta property=\"og:site_name\" content=\"STOURM\" \/>\n<meta property=\"article:publisher\" content=\"https:\/\/www.facebook.com\/stourmnews\/\" \/>\n<meta property=\"article:published_time\" content=\"2025-05-22T13:01:27+00:00\" \/>\n<meta property=\"og:image\" content=\"https:\/\/stourm.news\/wp-content\/uploads\/2025\/05\/8bbc0c78de2868fbc0c78de2863cc0v-960x640-1.jpg\" \/>\n\t<meta property=\"og:image:width\" content=\"960\" \/>\n\t<meta property=\"og:image:height\" content=\"640\" \/>\n\t<meta property=\"og:image:type\" content=\"image\/jpeg\" \/>\n<meta name=\"author\" content=\"La r\u00e9daction\" \/>\n<meta name=\"twitter:card\" content=\"summary_large_image\" \/>\n<meta name=\"twitter:label1\" content=\"\u00c9crit par\" \/>\n\t<meta name=\"twitter:data1\" content=\"La r\u00e9daction\" \/>\n\t<meta name=\"twitter:label2\" content=\"Dur\u00e9e de lecture estim\u00e9e\" \/>\n\t<meta name=\"twitter:data2\" content=\"4 minutes\" \/>\n<script type=\"application\/ld+json\" class=\"yoast-schema-graph\">{\"@context\":\"https:\/\/schema.org\",\"@graph\":[{\"@type\":\"Article\",\"@id\":\"https:\/\/stourm.news\/?p=4099#article\",\"isPartOf\":{\"@id\":\"https:\/\/stourm.news\/?p=4099\"},\"author\":{\"name\":\"La r\u00e9daction\",\"@id\":\"https:\/\/stourm.news\/#\/schema\/person\/c3e1dc65988632e190969234ef046cf9\"},\"headline\":\"Plumelin : voiture incendi\u00e9e, aire de jeux d\u00e9grad\u00e9e, restaurant scolaire fractur\u00e9, face \u00e0 la col\u00e8re des habitants le maire \u00e9voque un \u00ab\u00a0couvre-feu\u00a0\u00bb pour les migrants mineurs pris en charge par la commune\",\"datePublished\":\"2025-05-22T13:01:27+00:00\",\"mainEntityOfPage\":{\"@id\":\"https:\/\/stourm.news\/?p=4099\"},\"wordCount\":865,\"commentCount\":0,\"publisher\":{\"@id\":\"https:\/\/stourm.news\/#organization\"},\"image\":{\"@id\":\"https:\/\/stourm.news\/?p=4099#primaryimage\"},\"thumbnailUrl\":\"https:\/\/stourm.news\/wp-content\/uploads\/2025\/05\/8bbc0c78de2868fbc0c78de2863cc0v-960x640-1.jpg\",\"articleSection\":[\"Faits divers\",\"Immigration\",\"Morbihan\",\"Principale\"],\"inLanguage\":\"fr-FR\",\"potentialAction\":[{\"@type\":\"CommentAction\",\"name\":\"Comment\",\"target\":[\"https:\/\/stourm.news\/?p=4099#respond\"]}]},{\"@type\":\"WebPage\",\"@id\":\"https:\/\/stourm.news\/?p=4099\",\"url\":\"https:\/\/stourm.news\/?p=4099\",\"name\":\"Plumelin : voiture incendi\u00e9e, aire de jeux d\u00e9grad\u00e9e, restaurant scolaire fractur\u00e9, face \u00e0 la col\u00e8re des habitants le maire \u00e9voque un \\\"couvre-feu\\\" pour les migrants mineurs pris en charge par la commune - STOURM\",\"isPartOf\":{\"@id\":\"https:\/\/stourm.news\/#website\"},\"primaryImageOfPage\":{\"@id\":\"https:\/\/stourm.news\/?p=4099#primaryimage\"},\"image\":{\"@id\":\"https:\/\/stourm.news\/?p=4099#primaryimage\"},\"thumbnailUrl\":\"https:\/\/stourm.news\/wp-content\/uploads\/2025\/05\/8bbc0c78de2868fbc0c78de2863cc0v-960x640-1.jpg\",\"datePublished\":\"2025-05-22T13:01:27+00:00\",\"breadcrumb\":{\"@id\":\"https:\/\/stourm.news\/?p=4099#breadcrumb\"},\"inLanguage\":\"fr-FR\",\"potentialAction\":[{\"@type\":\"ReadAction\",\"target\":[\"https:\/\/stourm.news\/?p=4099\"]}]},{\"@type\":\"ImageObject\",\"inLanguage\":\"fr-FR\",\"@id\":\"https:\/\/stourm.news\/?p=4099#primaryimage\",\"url\":\"https:\/\/stourm.news\/wp-content\/uploads\/2025\/05\/8bbc0c78de2868fbc0c78de2863cc0v-960x640-1.jpg\",\"contentUrl\":\"https:\/\/stourm.news\/wp-content\/uploads\/2025\/05\/8bbc0c78de2868fbc0c78de2863cc0v-960x640-1.jpg\",\"width\":960,\"height\":640},{\"@type\":\"BreadcrumbList\",\"@id\":\"https:\/\/stourm.news\/?p=4099#breadcrumb\",\"itemListElement\":[{\"@type\":\"ListItem\",\"position\":1,\"name\":\"Accueil\",\"item\":\"https:\/\/stourm.news\/\"},{\"@type\":\"ListItem\",\"position\":2,\"name\":\"Plumelin : voiture incendi\u00e9e, aire de jeux d\u00e9grad\u00e9e, restaurant scolaire fractur\u00e9, face \u00e0 la col\u00e8re des habitants le maire \u00e9voque un \u00ab\u00a0couvre-feu\u00a0\u00bb pour les migrants mineurs pris en charge par la commune\"}]},{\"@type\":\"WebSite\",\"@id\":\"https:\/\/stourm.news\/#website\",\"url\":\"https:\/\/stourm.news\/\",\"name\":\"Stourm\",\"description\":\"Kazetenn Strollad Broadel Breizh\",\"publisher\":{\"@id\":\"https:\/\/stourm.news\/#organization\"},\"potentialAction\":[{\"@type\":\"SearchAction\",\"target\":{\"@type\":\"EntryPoint\",\"urlTemplate\":\"https:\/\/stourm.news\/?s={search_term_string}\"},\"query-input\":{\"@type\":\"PropertyValueSpecification\",\"valueRequired\":true,\"valueName\":\"search_term_string\"}}],\"inLanguage\":\"fr-FR\"},{\"@type\":\"Organization\",\"@id\":\"https:\/\/stourm.news\/#organization\",\"name\":\"Stourm\",\"url\":\"https:\/\/stourm.news\/\",\"logo\":{\"@type\":\"ImageObject\",\"inLanguage\":\"fr-FR\",\"@id\":\"https:\/\/stourm.news\/#\/schema\/logo\/image\/\",\"url\":\"https:\/\/stourm.news\/wp-content\/uploads\/2025\/11\/cropped-Capture-decran-2025-11-28-a-15.19.07.png\",\"contentUrl\":\"https:\/\/stourm.news\/wp-content\/uploads\/2025\/11\/cropped-Capture-decran-2025-11-28-a-15.19.07.png\",\"width\":1855,\"height\":383,\"caption\":\"Stourm\"},\"image\":{\"@id\":\"https:\/\/stourm.news\/#\/schema\/logo\/image\/\"},\"sameAs\":[\"https:\/\/www.facebook.com\/stourmnews\/\"]},{\"@type\":\"Person\",\"@id\":\"https:\/\/stourm.news\/#\/schema\/person\/c3e1dc65988632e190969234ef046cf9\",\"name\":\"La r\u00e9daction\",\"image\":{\"@type\":\"ImageObject\",\"inLanguage\":\"fr-FR\",\"@id\":\"https:\/\/stourm.news\/#\/schema\/person\/image\/\",\"url\":\"https:\/\/secure.gravatar.com\/avatar\/7463443f194b6b5fb706b074ca0ef59a0cfcfd720cb47764b0ec5a952ce422b3?s=96&d=mm&r=g\",\"contentUrl\":\"https:\/\/secure.gravatar.com\/avatar\/7463443f194b6b5fb706b074ca0ef59a0cfcfd720cb47764b0ec5a952ce422b3?s=96&d=mm&r=g\",\"caption\":\"La r\u00e9daction\"},\"sameAs\":[\"https:\/\/stourm.news\"],\"url\":\"https:\/\/stourm.news\/?author=1\"}]}<\/script>\n<!-- \/ Yoast SEO plugin. -->","yoast_head_json":{"title":"Plumelin : voiture incendi\u00e9e, aire de jeux d\u00e9grad\u00e9e, restaurant scolaire fractur\u00e9, face \u00e0 la col\u00e8re des habitants le maire \u00e9voque un \"couvre-feu\" pour les migrants mineurs pris en charge par la commune - STOURM","robots":{"index":"index","follow":"follow","max-snippet":"max-snippet:-1","max-image-preview":"max-image-preview:large","max-video-preview":"max-video-preview:-1"},"canonical":"https:\/\/stourm.news\/?p=4099","og_locale":"fr_FR","og_type":"article","og_title":"Plumelin : voiture incendi\u00e9e, aire de jeux d\u00e9grad\u00e9e, restaurant scolaire fractur\u00e9, face \u00e0 la col\u00e8re des habitants le maire \u00e9voque un \"couvre-feu\" pour les migrants mineurs pris en charge par la commune - STOURM","og_description":"Dans un article publi\u00e9 le 22 mai 2025 par La Gazette du Centre Morbihan, le maire de Plumelin, Pierre Gu\u00e9gan, tente de minimiser une s\u00e9rie d\u2019incivilit\u00e9s qui secouent cette petite commune bretonne : voiture incendi\u00e9e, aire de jeux d\u00e9grad\u00e9e, restaurant scolaire fractur\u00e9, vitres bris\u00e9es, toilettes publiques vandalis\u00e9es. Face \u00e0 la col\u00e8re des habitants, amplifi\u00e9e sur [&hellip;]","og_url":"https:\/\/stourm.news\/?p=4099","og_site_name":"STOURM","article_publisher":"https:\/\/www.facebook.com\/stourmnews\/","article_published_time":"2025-05-22T13:01:27+00:00","og_image":[{"width":960,"height":640,"url":"https:\/\/stourm.news\/wp-content\/uploads\/2025\/05\/8bbc0c78de2868fbc0c78de2863cc0v-960x640-1.jpg","type":"image\/jpeg"}],"author":"La r\u00e9daction","twitter_card":"summary_large_image","twitter_misc":{"\u00c9crit par":"La r\u00e9daction","Dur\u00e9e de lecture estim\u00e9e":"4 minutes"},"schema":{"@context":"https:\/\/schema.org","@graph":[{"@type":"Article","@id":"https:\/\/stourm.news\/?p=4099#article","isPartOf":{"@id":"https:\/\/stourm.news\/?p=4099"},"author":{"name":"La r\u00e9daction","@id":"https:\/\/stourm.news\/#\/schema\/person\/c3e1dc65988632e190969234ef046cf9"},"headline":"Plumelin : voiture incendi\u00e9e, aire de jeux d\u00e9grad\u00e9e, restaurant scolaire fractur\u00e9, face \u00e0 la col\u00e8re des habitants le maire \u00e9voque un \u00ab\u00a0couvre-feu\u00a0\u00bb pour les migrants mineurs pris en charge par la commune","datePublished":"2025-05-22T13:01:27+00:00","mainEntityOfPage":{"@id":"https:\/\/stourm.news\/?p=4099"},"wordCount":865,"commentCount":0,"publisher":{"@id":"https:\/\/stourm.news\/#organization"},"image":{"@id":"https:\/\/stourm.news\/?p=4099#primaryimage"},"thumbnailUrl":"https:\/\/stourm.news\/wp-content\/uploads\/2025\/05\/8bbc0c78de2868fbc0c78de2863cc0v-960x640-1.jpg","articleSection":["Faits divers","Immigration","Morbihan","Principale"],"inLanguage":"fr-FR","potentialAction":[{"@type":"CommentAction","name":"Comment","target":["https:\/\/stourm.news\/?p=4099#respond"]}]},{"@type":"WebPage","@id":"https:\/\/stourm.news\/?p=4099","url":"https:\/\/stourm.news\/?p=4099","name":"Plumelin : voiture incendi\u00e9e, aire de jeux d\u00e9grad\u00e9e, restaurant scolaire fractur\u00e9, face \u00e0 la col\u00e8re des habitants le maire \u00e9voque un \"couvre-feu\" pour les migrants mineurs pris en charge par la commune - STOURM","isPartOf":{"@id":"https:\/\/stourm.news\/#website"},"primaryImageOfPage":{"@id":"https:\/\/stourm.news\/?p=4099#primaryimage"},"image":{"@id":"https:\/\/stourm.news\/?p=4099#primaryimage"},"thumbnailUrl":"https:\/\/stourm.news\/wp-content\/uploads\/2025\/05\/8bbc0c78de2868fbc0c78de2863cc0v-960x640-1.jpg","datePublished":"2025-05-22T13:01:27+00:00","breadcrumb":{"@id":"https:\/\/stourm.news\/?p=4099#breadcrumb"},"inLanguage":"fr-FR","potentialAction":[{"@type":"ReadAction","target":["https:\/\/stourm.news\/?p=4099"]}]},{"@type":"ImageObject","inLanguage":"fr-FR","@id":"https:\/\/stourm.news\/?p=4099#primaryimage","url":"https:\/\/stourm.news\/wp-content\/uploads\/2025\/05\/8bbc0c78de2868fbc0c78de2863cc0v-960x640-1.jpg","contentUrl":"https:\/\/stourm.news\/wp-content\/uploads\/2025\/05\/8bbc0c78de2868fbc0c78de2863cc0v-960x640-1.jpg","width":960,"height":640},{"@type":"BreadcrumbList","@id":"https:\/\/stourm.news\/?p=4099#breadcrumb","itemListElement":[{"@type":"ListItem","position":1,"name":"Accueil","item":"https:\/\/stourm.news\/"},{"@type":"ListItem","position":2,"name":"Plumelin : voiture incendi\u00e9e, aire de jeux d\u00e9grad\u00e9e, restaurant scolaire fractur\u00e9, face \u00e0 la col\u00e8re des habitants le maire \u00e9voque un \u00ab\u00a0couvre-feu\u00a0\u00bb pour les migrants mineurs pris en charge par la commune"}]},{"@type":"WebSite","@id":"https:\/\/stourm.news\/#website","url":"https:\/\/stourm.news\/","name":"Stourm","description":"Kazetenn Strollad Broadel Breizh","publisher":{"@id":"https:\/\/stourm.news\/#organization"},"potentialAction":[{"@type":"SearchAction","target":{"@type":"EntryPoint","urlTemplate":"https:\/\/stourm.news\/?s={search_term_string}"},"query-input":{"@type":"PropertyValueSpecification","valueRequired":true,"valueName":"search_term_string"}}],"inLanguage":"fr-FR"},{"@type":"Organization","@id":"https:\/\/stourm.news\/#organization","name":"Stourm","url":"https:\/\/stourm.news\/","logo":{"@type":"ImageObject","inLanguage":"fr-FR","@id":"https:\/\/stourm.news\/#\/schema\/logo\/image\/","url":"https:\/\/stourm.news\/wp-content\/uploads\/2025\/11\/cropped-Capture-decran-2025-11-28-a-15.19.07.png","contentUrl":"https:\/\/stourm.news\/wp-content\/uploads\/2025\/11\/cropped-Capture-decran-2025-11-28-a-15.19.07.png","width":1855,"height":383,"caption":"Stourm"},"image":{"@id":"https:\/\/stourm.news\/#\/schema\/logo\/image\/"},"sameAs":["https:\/\/www.facebook.com\/stourmnews\/"]},{"@type":"Person","@id":"https:\/\/stourm.news\/#\/schema\/person\/c3e1dc65988632e190969234ef046cf9","name":"La r\u00e9daction","image":{"@type":"ImageObject","inLanguage":"fr-FR","@id":"https:\/\/stourm.news\/#\/schema\/person\/image\/","url":"https:\/\/secure.gravatar.com\/avatar\/7463443f194b6b5fb706b074ca0ef59a0cfcfd720cb47764b0ec5a952ce422b3?s=96&d=mm&r=g","contentUrl":"https:\/\/secure.gravatar.com\/avatar\/7463443f194b6b5fb706b074ca0ef59a0cfcfd720cb47764b0ec5a952ce422b3?s=96&d=mm&r=g","caption":"La r\u00e9daction"},"sameAs":["https:\/\/stourm.news"],"url":"https:\/\/stourm.news\/?author=1"}]}},"_links":{"self":[{"href":"https:\/\/stourm.news\/index.php?rest_route=\/wp\/v2\/posts\/4099","targetHints":{"allow":["GET"]}}],"collection":[{"href":"https:\/\/stourm.news\/index.php?rest_route=\/wp\/v2\/posts"}],"about":[{"href":"https:\/\/stourm.news\/index.php?rest_route=\/wp\/v2\/types\/post"}],"author":[{"embeddable":true,"href":"https:\/\/stourm.news\/index.php?rest_route=\/wp\/v2\/users\/1"}],"replies":[{"embeddable":true,"href":"https:\/\/stourm.news\/index.php?rest_route=%2Fwp%2Fv2%2Fcomments&post=4099"}],"version-history":[{"count":1,"href":"https:\/\/stourm.news\/index.php?rest_route=\/wp\/v2\/posts\/4099\/revisions"}],"predecessor-version":[{"id":4101,"href":"https:\/\/stourm.news\/index.php?rest_route=\/wp\/v2\/posts\/4099\/revisions\/4101"}],"wp:featuredmedia":[{"embeddable":true,"href":"https:\/\/stourm.news\/index.php?rest_route=\/wp\/v2\/media\/4100"}],"wp:attachment":[{"href":"https:\/\/stourm.news\/index.php?rest_route=%2Fwp%2Fv2%2Fmedia&parent=4099"}],"wp:term":[{"taxonomy":"category","embeddable":true,"href":"https:\/\/stourm.news\/index.php?rest_route=%2Fwp%2Fv2%2Fcategories&post=4099"},{"taxonomy":"post_tag","embeddable":true,"href":"https:\/\/stourm.news\/index.php?rest_route=%2Fwp%2Fv2%2Ftags&post=4099"}],"curies":[{"name":"wp","href":"https:\/\/api.w.org\/{rel}","templated":true}]}}