{"id":4102,"date":"2025-05-23T04:51:31","date_gmt":"2025-05-23T04:51:31","guid":{"rendered":"https:\/\/stourm.news\/?p=4102"},"modified":"2025-05-23T04:51:31","modified_gmt":"2025-05-23T04:51:31","slug":"editorial-bretagne-meurtrie-le-prix-du-silence-et-de-la-fierte-par-ronan-morvan","status":"publish","type":"post","link":"https:\/\/stourm.news\/?p=4102","title":{"rendered":"\u00c9DITORIAL \u2013 \u00ab\u00a0Bretagne meurtrie : le prix du silence et de la fiert\u00e9\u00a0\u00bb par Ronan Morvan"},"content":{"rendered":"<p style=\"text-align: justify;\">La Bretagne, premier territoire Hexagonal en mati\u00e8re de suicides, frapp\u00e9e par l\u2019alcoolisme, porte des cicatrices profondes. Des chiffres froids, derri\u00e8re lesquels se cachent des r\u00e9alit\u00e9s humaines \u00e9touff\u00e9es depuis des g\u00e9n\u00e9rations. Il serait trop facile de n&rsquo;y voir qu\u2019un probl\u00e8me sanitaire ou psychologique : c\u2019est m\u00e9conna\u00eetre l\u2019histoire, ignorer les humiliations, effacer la m\u00e9moire d\u2019un peuple dont la r\u00e9silience a trop souvent \u00e9t\u00e9 confondue avec de l\u2019indiff\u00e9rence.<\/p>\n<p style=\"text-align: justify;\"><strong>Une histoire de sacrifices impos\u00e9s<\/strong><\/p>\n<p style=\"text-align: justify;\">La Bretagne, terre d\u2019identit\u00e9, de traditions et de luttes, a toujours \u00e9t\u00e9 dans l\u2019\u0153il du cyclone fran\u00e7ais. \u00c0 la R\u00e9volution, la R\u00e9publique centralisatrice d\u00e9truit m\u00e9thodiquement ses institutions s\u00e9culaires, interdit sa langue, efface sa culture. D\u00e8s lors, le Breton devient un sous-citoyen dans son propre pays. Quand vient le temps des guerres, il est bon pour servir de chair \u00e0 canon. Pendant la Premi\u00e8re Guerre mondiale, les Bretons, massivement paysans et marins, sont envoy\u00e9s en premi\u00e8re ligne. Le g\u00e9n\u00e9ral Nivelle, apr\u00e8s la bataille du Chemin des Dames, aurait cyniquement d\u00e9clar\u00e9 : \u00ab Ce que j&rsquo;en ai consomm\u00e9 de Bretons ! \u00bb. Ils paient un tribut effroyable au conflit. Des milliers de villages perdent leur jeunesse, brisant les \u00e9quilibres sociaux, ruinant les lign\u00e9es.<\/p>\n<p style=\"text-align: justify;\"><strong>Des racines populaires et un m\u00e9pris d\u2019\u00c9tat<\/strong><\/p>\n<p style=\"text-align: justify;\">Le peuple breton est issu du monde rural, ouvrier, maritime. Il a toujours tir\u00e9 sa fiert\u00e9 du travail manuel, du lien \u00e0 la terre et \u00e0 la mer, des m\u00e9tiers durs et essentiels. Paysans, p\u00eacheurs, ouvriers de l\u2019arsenal, artisans : voil\u00e0 les racines. Mais dans la France jacobine, ces origines sont souvent synonymes d\u2019arri\u00e9ration. On impose le fran\u00e7ais \u00e0 l\u2019\u00e9cole, on punit le breton, on nie les identit\u00e9s locales pour forger une \u201cR\u00e9publique une et indivisible\u201d, qui ne reconna\u00eet pas la diversit\u00e9 de ses peuples. Le mal est profond : \u00e0 force d\u2019assigner les Bretons \u00e0 la marge, on les condamne \u00e0 une forme d\u2019exil int\u00e9rieur. Les solidarit\u00e9s traditionnelles s\u2019\u00e9tiolent, les rep\u00e8res culturels se diluent.<\/p>\n<p style=\"text-align: justify;\"><strong>L\u2019alcool comme refuge, le suicide comme issue<\/strong><\/p>\n<p style=\"text-align: justify;\">L\u2019alcoolisme en Bretagne n\u2019est pas un simple \u00ab\u00a0probl\u00e8me de sant\u00e9 publique\u00a0\u00bb, il est aussi la manifestation d\u2019un mal-\u00eatre enracin\u00e9. Quand l\u2019homme ne se reconna\u00eet plus dans le monde qu\u2019on lui impose, il se r\u00e9fugie dans ce qu\u2019il reste : la bouteille, les bars, les f\u00eates, souvent vid\u00e9es de leur fonction sociale premi\u00e8re. Le suicide (24,7 d\u00e9c\u00e8s pour 100 000 habitants), lui, devient le dernier \u00e9chappatoire quand l\u2019isolement, le d\u00e9sespoir et la perte de sens prennent le dessus. Il touche les agriculteurs, \u00e9trangl\u00e9s par les dettes, les p\u00eacheurs, broy\u00e9s par les quotas, les ouvriers, licenci\u00e9s par des d\u00e9localisations, et m\u00eame les jeunes, en qu\u00eate d\u2019un avenir qu\u2019on leur refuse.<\/p>\n<p style=\"text-align: justify;\"><strong>La responsabilit\u00e9 de l\u2019\u00c9tat fran\u00e7ais centralisateur<\/strong><\/p>\n<p style=\"text-align: justify;\">Il faut le dire avec force : l\u2019\u00c9tat fran\u00e7ais porte une lourde responsabilit\u00e9 dans cette situation. Par ses politiques agricoles destructrices, par le d\u00e9mant\u00e8lement du tissu industriel, par le m\u00e9pris persistant pour la langue bretonne et les revendications culturelles et sociales des Bretons. \u00c0 chaque crise, Paris administre des pansements technocratiques, jamais de r\u00e9ponses enracin\u00e9es. La recentralisation rampante des derni\u00e8res d\u00e9cennies n\u2019a fait qu\u2019aggraver le sentiment d\u2019abandon.<\/p>\n<p style=\"text-align: justify;\"><strong>Un avenir breton \u00e0 reb\u00e2tir<\/strong><\/p>\n<p style=\"text-align: justify;\">Mais la Bretagne n\u2019est pas condamn\u00e9e. Elle se r\u00e9veille, elle se rel\u00e8ve. Le renouveau culturel, le retour des \u00e9coles en breton, la reprise de conscience politique locale, la r\u00e9appropriation de nos traditions, montrent qu\u2019un autre avenir est possible. \u00c0 condition d\u2019en finir avec la soumission au mod\u00e8le jacobin, \u00e0 condition de r\u00e9tablir une v\u00e9ritable autonomie bretonne, non pas pour se replier, mais pour se reconstruire \u00e0 partir de nos forces.<\/p>\n<p style=\"text-align: right;\"><strong>Ronan Morvan<\/strong><\/p>\n","protected":false},"excerpt":{"rendered":"<p>La Bretagne, premier territoire Hexagonal en mati\u00e8re de suicides, frapp\u00e9e par l\u2019alcoolisme, porte des cicatrices profondes. Des chiffres froids, derri\u00e8re lesquels se cachent des r\u00e9alit\u00e9s humaines \u00e9touff\u00e9es depuis des g\u00e9n\u00e9rations. Il serait trop facile de n&rsquo;y voir qu\u2019un probl\u00e8me sanitaire ou psychologique : c\u2019est m\u00e9conna\u00eetre l\u2019histoire, ignorer les humiliations, effacer la m\u00e9moire d\u2019un peuple dont [&hellip;]<\/p>\n","protected":false},"author":1,"featured_media":4103,"comment_status":"open","ping_status":"open","sticky":false,"template":"","format":"standard","meta":{"sb_editor_width":"","footnotes":""},"categories":[63,65],"tags":[],"class_list":["post-4102","post","type-post","status-publish","format-standard","has-post-thumbnail","hentry","category-editorial","category-principale"],"relative_dates":{"created":"11 mois ago","modified":"11 mois ago"},"yoast_head":"<!-- This site is optimized with the Yoast SEO plugin v26.3 - https:\/\/yoast.com\/wordpress\/plugins\/seo\/ -->\n<title>\u00c9DITORIAL \u2013 &quot;Bretagne meurtrie : le prix du silence et de la fiert\u00e9&quot; par Ronan Morvan - STOURM<\/title>\n<meta name=\"robots\" content=\"index, follow, max-snippet:-1, max-image-preview:large, max-video-preview:-1\" \/>\n<link rel=\"canonical\" href=\"https:\/\/stourm.news\/?p=4102\" \/>\n<meta property=\"og:locale\" content=\"fr_FR\" \/>\n<meta property=\"og:type\" content=\"article\" \/>\n<meta property=\"og:title\" content=\"\u00c9DITORIAL \u2013 &quot;Bretagne meurtrie : le prix du silence et de la fiert\u00e9&quot; par Ronan Morvan - STOURM\" \/>\n<meta property=\"og:description\" content=\"La Bretagne, premier territoire Hexagonal en mati\u00e8re de suicides, frapp\u00e9e par l\u2019alcoolisme, porte des cicatrices profondes. Des chiffres froids, derri\u00e8re lesquels se cachent des r\u00e9alit\u00e9s humaines \u00e9touff\u00e9es depuis des g\u00e9n\u00e9rations. Il serait trop facile de n&rsquo;y voir qu\u2019un probl\u00e8me sanitaire ou psychologique : c\u2019est m\u00e9conna\u00eetre l\u2019histoire, ignorer les humiliations, effacer la m\u00e9moire d\u2019un peuple dont [&hellip;]\" \/>\n<meta property=\"og:url\" content=\"https:\/\/stourm.news\/?p=4102\" \/>\n<meta property=\"og:site_name\" content=\"STOURM\" \/>\n<meta property=\"article:publisher\" content=\"https:\/\/www.facebook.com\/stourmnews\/\" \/>\n<meta property=\"article:published_time\" content=\"2025-05-23T04:51:31+00:00\" \/>\n<meta property=\"og:image\" content=\"https:\/\/stourm.news\/wp-content\/uploads\/2025\/05\/Capture-decran-2025-05-23-a-13.50.29-1024x649.png\" \/>\n\t<meta property=\"og:image:width\" content=\"1024\" \/>\n\t<meta property=\"og:image:height\" content=\"649\" \/>\n\t<meta property=\"og:image:type\" content=\"image\/png\" \/>\n<meta name=\"author\" content=\"La r\u00e9daction\" \/>\n<meta name=\"twitter:card\" content=\"summary_large_image\" \/>\n<meta name=\"twitter:label1\" content=\"\u00c9crit par\" \/>\n\t<meta name=\"twitter:data1\" content=\"La r\u00e9daction\" \/>\n\t<meta name=\"twitter:label2\" content=\"Dur\u00e9e de lecture estim\u00e9e\" \/>\n\t<meta name=\"twitter:data2\" content=\"3 minutes\" \/>\n<script type=\"application\/ld+json\" class=\"yoast-schema-graph\">{\"@context\":\"https:\/\/schema.org\",\"@graph\":[{\"@type\":\"Article\",\"@id\":\"https:\/\/stourm.news\/?p=4102#article\",\"isPartOf\":{\"@id\":\"https:\/\/stourm.news\/?p=4102\"},\"author\":{\"name\":\"La r\u00e9daction\",\"@id\":\"https:\/\/stourm.news\/#\/schema\/person\/c3e1dc65988632e190969234ef046cf9\"},\"headline\":\"\u00c9DITORIAL \u2013 \u00ab\u00a0Bretagne meurtrie : le prix du silence et de la fiert\u00e9\u00a0\u00bb par Ronan Morvan\",\"datePublished\":\"2025-05-23T04:51:31+00:00\",\"mainEntityOfPage\":{\"@id\":\"https:\/\/stourm.news\/?p=4102\"},\"wordCount\":677,\"commentCount\":0,\"publisher\":{\"@id\":\"https:\/\/stourm.news\/#organization\"},\"image\":{\"@id\":\"https:\/\/stourm.news\/?p=4102#primaryimage\"},\"thumbnailUrl\":\"https:\/\/stourm.news\/wp-content\/uploads\/2025\/05\/Capture-decran-2025-05-23-a-13.50.29.png\",\"articleSection\":[\"Editorial\",\"Principale\"],\"inLanguage\":\"fr-FR\",\"potentialAction\":[{\"@type\":\"CommentAction\",\"name\":\"Comment\",\"target\":[\"https:\/\/stourm.news\/?p=4102#respond\"]}]},{\"@type\":\"WebPage\",\"@id\":\"https:\/\/stourm.news\/?p=4102\",\"url\":\"https:\/\/stourm.news\/?p=4102\",\"name\":\"\u00c9DITORIAL \u2013 \\\"Bretagne meurtrie : le prix du silence et de la fiert\u00e9\\\" par Ronan Morvan - STOURM\",\"isPartOf\":{\"@id\":\"https:\/\/stourm.news\/#website\"},\"primaryImageOfPage\":{\"@id\":\"https:\/\/stourm.news\/?p=4102#primaryimage\"},\"image\":{\"@id\":\"https:\/\/stourm.news\/?p=4102#primaryimage\"},\"thumbnailUrl\":\"https:\/\/stourm.news\/wp-content\/uploads\/2025\/05\/Capture-decran-2025-05-23-a-13.50.29.png\",\"datePublished\":\"2025-05-23T04:51:31+00:00\",\"breadcrumb\":{\"@id\":\"https:\/\/stourm.news\/?p=4102#breadcrumb\"},\"inLanguage\":\"fr-FR\",\"potentialAction\":[{\"@type\":\"ReadAction\",\"target\":[\"https:\/\/stourm.news\/?p=4102\"]}]},{\"@type\":\"ImageObject\",\"inLanguage\":\"fr-FR\",\"@id\":\"https:\/\/stourm.news\/?p=4102#primaryimage\",\"url\":\"https:\/\/stourm.news\/wp-content\/uploads\/2025\/05\/Capture-decran-2025-05-23-a-13.50.29.png\",\"contentUrl\":\"https:\/\/stourm.news\/wp-content\/uploads\/2025\/05\/Capture-decran-2025-05-23-a-13.50.29.png\",\"width\":1540,\"height\":976},{\"@type\":\"BreadcrumbList\",\"@id\":\"https:\/\/stourm.news\/?p=4102#breadcrumb\",\"itemListElement\":[{\"@type\":\"ListItem\",\"position\":1,\"name\":\"Accueil\",\"item\":\"https:\/\/stourm.news\/\"},{\"@type\":\"ListItem\",\"position\":2,\"name\":\"\u00c9DITORIAL \u2013 \u00ab\u00a0Bretagne meurtrie : le prix du silence et de la fiert\u00e9\u00a0\u00bb par Ronan Morvan\"}]},{\"@type\":\"WebSite\",\"@id\":\"https:\/\/stourm.news\/#website\",\"url\":\"https:\/\/stourm.news\/\",\"name\":\"Stourm\",\"description\":\"Kazetenn Strollad Broadel Breizh\",\"publisher\":{\"@id\":\"https:\/\/stourm.news\/#organization\"},\"potentialAction\":[{\"@type\":\"SearchAction\",\"target\":{\"@type\":\"EntryPoint\",\"urlTemplate\":\"https:\/\/stourm.news\/?s={search_term_string}\"},\"query-input\":{\"@type\":\"PropertyValueSpecification\",\"valueRequired\":true,\"valueName\":\"search_term_string\"}}],\"inLanguage\":\"fr-FR\"},{\"@type\":\"Organization\",\"@id\":\"https:\/\/stourm.news\/#organization\",\"name\":\"Stourm\",\"url\":\"https:\/\/stourm.news\/\",\"logo\":{\"@type\":\"ImageObject\",\"inLanguage\":\"fr-FR\",\"@id\":\"https:\/\/stourm.news\/#\/schema\/logo\/image\/\",\"url\":\"https:\/\/stourm.news\/wp-content\/uploads\/2025\/11\/cropped-Capture-decran-2025-11-28-a-15.19.07.png\",\"contentUrl\":\"https:\/\/stourm.news\/wp-content\/uploads\/2025\/11\/cropped-Capture-decran-2025-11-28-a-15.19.07.png\",\"width\":1855,\"height\":383,\"caption\":\"Stourm\"},\"image\":{\"@id\":\"https:\/\/stourm.news\/#\/schema\/logo\/image\/\"},\"sameAs\":[\"https:\/\/www.facebook.com\/stourmnews\/\"]},{\"@type\":\"Person\",\"@id\":\"https:\/\/stourm.news\/#\/schema\/person\/c3e1dc65988632e190969234ef046cf9\",\"name\":\"La r\u00e9daction\",\"image\":{\"@type\":\"ImageObject\",\"inLanguage\":\"fr-FR\",\"@id\":\"https:\/\/stourm.news\/#\/schema\/person\/image\/\",\"url\":\"https:\/\/secure.gravatar.com\/avatar\/7463443f194b6b5fb706b074ca0ef59a0cfcfd720cb47764b0ec5a952ce422b3?s=96&d=mm&r=g\",\"contentUrl\":\"https:\/\/secure.gravatar.com\/avatar\/7463443f194b6b5fb706b074ca0ef59a0cfcfd720cb47764b0ec5a952ce422b3?s=96&d=mm&r=g\",\"caption\":\"La r\u00e9daction\"},\"sameAs\":[\"https:\/\/stourm.news\"],\"url\":\"https:\/\/stourm.news\/?author=1\"}]}<\/script>\n<!-- \/ Yoast SEO plugin. -->","yoast_head_json":{"title":"\u00c9DITORIAL \u2013 \"Bretagne meurtrie : le prix du silence et de la fiert\u00e9\" par Ronan Morvan - STOURM","robots":{"index":"index","follow":"follow","max-snippet":"max-snippet:-1","max-image-preview":"max-image-preview:large","max-video-preview":"max-video-preview:-1"},"canonical":"https:\/\/stourm.news\/?p=4102","og_locale":"fr_FR","og_type":"article","og_title":"\u00c9DITORIAL \u2013 \"Bretagne meurtrie : le prix du silence et de la fiert\u00e9\" par Ronan Morvan - STOURM","og_description":"La Bretagne, premier territoire Hexagonal en mati\u00e8re de suicides, frapp\u00e9e par l\u2019alcoolisme, porte des cicatrices profondes. Des chiffres froids, derri\u00e8re lesquels se cachent des r\u00e9alit\u00e9s humaines \u00e9touff\u00e9es depuis des g\u00e9n\u00e9rations. Il serait trop facile de n&rsquo;y voir qu\u2019un probl\u00e8me sanitaire ou psychologique : c\u2019est m\u00e9conna\u00eetre l\u2019histoire, ignorer les humiliations, effacer la m\u00e9moire d\u2019un peuple dont [&hellip;]","og_url":"https:\/\/stourm.news\/?p=4102","og_site_name":"STOURM","article_publisher":"https:\/\/www.facebook.com\/stourmnews\/","article_published_time":"2025-05-23T04:51:31+00:00","og_image":[{"width":1024,"height":649,"url":"https:\/\/stourm.news\/wp-content\/uploads\/2025\/05\/Capture-decran-2025-05-23-a-13.50.29-1024x649.png","type":"image\/png"}],"author":"La r\u00e9daction","twitter_card":"summary_large_image","twitter_misc":{"\u00c9crit par":"La r\u00e9daction","Dur\u00e9e de lecture estim\u00e9e":"3 minutes"},"schema":{"@context":"https:\/\/schema.org","@graph":[{"@type":"Article","@id":"https:\/\/stourm.news\/?p=4102#article","isPartOf":{"@id":"https:\/\/stourm.news\/?p=4102"},"author":{"name":"La r\u00e9daction","@id":"https:\/\/stourm.news\/#\/schema\/person\/c3e1dc65988632e190969234ef046cf9"},"headline":"\u00c9DITORIAL \u2013 \u00ab\u00a0Bretagne meurtrie : le prix du silence et de la fiert\u00e9\u00a0\u00bb par Ronan Morvan","datePublished":"2025-05-23T04:51:31+00:00","mainEntityOfPage":{"@id":"https:\/\/stourm.news\/?p=4102"},"wordCount":677,"commentCount":0,"publisher":{"@id":"https:\/\/stourm.news\/#organization"},"image":{"@id":"https:\/\/stourm.news\/?p=4102#primaryimage"},"thumbnailUrl":"https:\/\/stourm.news\/wp-content\/uploads\/2025\/05\/Capture-decran-2025-05-23-a-13.50.29.png","articleSection":["Editorial","Principale"],"inLanguage":"fr-FR","potentialAction":[{"@type":"CommentAction","name":"Comment","target":["https:\/\/stourm.news\/?p=4102#respond"]}]},{"@type":"WebPage","@id":"https:\/\/stourm.news\/?p=4102","url":"https:\/\/stourm.news\/?p=4102","name":"\u00c9DITORIAL \u2013 \"Bretagne meurtrie : le prix du silence et de la fiert\u00e9\" par Ronan Morvan - STOURM","isPartOf":{"@id":"https:\/\/stourm.news\/#website"},"primaryImageOfPage":{"@id":"https:\/\/stourm.news\/?p=4102#primaryimage"},"image":{"@id":"https:\/\/stourm.news\/?p=4102#primaryimage"},"thumbnailUrl":"https:\/\/stourm.news\/wp-content\/uploads\/2025\/05\/Capture-decran-2025-05-23-a-13.50.29.png","datePublished":"2025-05-23T04:51:31+00:00","breadcrumb":{"@id":"https:\/\/stourm.news\/?p=4102#breadcrumb"},"inLanguage":"fr-FR","potentialAction":[{"@type":"ReadAction","target":["https:\/\/stourm.news\/?p=4102"]}]},{"@type":"ImageObject","inLanguage":"fr-FR","@id":"https:\/\/stourm.news\/?p=4102#primaryimage","url":"https:\/\/stourm.news\/wp-content\/uploads\/2025\/05\/Capture-decran-2025-05-23-a-13.50.29.png","contentUrl":"https:\/\/stourm.news\/wp-content\/uploads\/2025\/05\/Capture-decran-2025-05-23-a-13.50.29.png","width":1540,"height":976},{"@type":"BreadcrumbList","@id":"https:\/\/stourm.news\/?p=4102#breadcrumb","itemListElement":[{"@type":"ListItem","position":1,"name":"Accueil","item":"https:\/\/stourm.news\/"},{"@type":"ListItem","position":2,"name":"\u00c9DITORIAL \u2013 \u00ab\u00a0Bretagne meurtrie : le prix du silence et de la fiert\u00e9\u00a0\u00bb par Ronan Morvan"}]},{"@type":"WebSite","@id":"https:\/\/stourm.news\/#website","url":"https:\/\/stourm.news\/","name":"Stourm","description":"Kazetenn Strollad Broadel Breizh","publisher":{"@id":"https:\/\/stourm.news\/#organization"},"potentialAction":[{"@type":"SearchAction","target":{"@type":"EntryPoint","urlTemplate":"https:\/\/stourm.news\/?s={search_term_string}"},"query-input":{"@type":"PropertyValueSpecification","valueRequired":true,"valueName":"search_term_string"}}],"inLanguage":"fr-FR"},{"@type":"Organization","@id":"https:\/\/stourm.news\/#organization","name":"Stourm","url":"https:\/\/stourm.news\/","logo":{"@type":"ImageObject","inLanguage":"fr-FR","@id":"https:\/\/stourm.news\/#\/schema\/logo\/image\/","url":"https:\/\/stourm.news\/wp-content\/uploads\/2025\/11\/cropped-Capture-decran-2025-11-28-a-15.19.07.png","contentUrl":"https:\/\/stourm.news\/wp-content\/uploads\/2025\/11\/cropped-Capture-decran-2025-11-28-a-15.19.07.png","width":1855,"height":383,"caption":"Stourm"},"image":{"@id":"https:\/\/stourm.news\/#\/schema\/logo\/image\/"},"sameAs":["https:\/\/www.facebook.com\/stourmnews\/"]},{"@type":"Person","@id":"https:\/\/stourm.news\/#\/schema\/person\/c3e1dc65988632e190969234ef046cf9","name":"La r\u00e9daction","image":{"@type":"ImageObject","inLanguage":"fr-FR","@id":"https:\/\/stourm.news\/#\/schema\/person\/image\/","url":"https:\/\/secure.gravatar.com\/avatar\/7463443f194b6b5fb706b074ca0ef59a0cfcfd720cb47764b0ec5a952ce422b3?s=96&d=mm&r=g","contentUrl":"https:\/\/secure.gravatar.com\/avatar\/7463443f194b6b5fb706b074ca0ef59a0cfcfd720cb47764b0ec5a952ce422b3?s=96&d=mm&r=g","caption":"La r\u00e9daction"},"sameAs":["https:\/\/stourm.news"],"url":"https:\/\/stourm.news\/?author=1"}]}},"_links":{"self":[{"href":"https:\/\/stourm.news\/index.php?rest_route=\/wp\/v2\/posts\/4102","targetHints":{"allow":["GET"]}}],"collection":[{"href":"https:\/\/stourm.news\/index.php?rest_route=\/wp\/v2\/posts"}],"about":[{"href":"https:\/\/stourm.news\/index.php?rest_route=\/wp\/v2\/types\/post"}],"author":[{"embeddable":true,"href":"https:\/\/stourm.news\/index.php?rest_route=\/wp\/v2\/users\/1"}],"replies":[{"embeddable":true,"href":"https:\/\/stourm.news\/index.php?rest_route=%2Fwp%2Fv2%2Fcomments&post=4102"}],"version-history":[{"count":1,"href":"https:\/\/stourm.news\/index.php?rest_route=\/wp\/v2\/posts\/4102\/revisions"}],"predecessor-version":[{"id":4104,"href":"https:\/\/stourm.news\/index.php?rest_route=\/wp\/v2\/posts\/4102\/revisions\/4104"}],"wp:featuredmedia":[{"embeddable":true,"href":"https:\/\/stourm.news\/index.php?rest_route=\/wp\/v2\/media\/4103"}],"wp:attachment":[{"href":"https:\/\/stourm.news\/index.php?rest_route=%2Fwp%2Fv2%2Fmedia&parent=4102"}],"wp:term":[{"taxonomy":"category","embeddable":true,"href":"https:\/\/stourm.news\/index.php?rest_route=%2Fwp%2Fv2%2Fcategories&post=4102"},{"taxonomy":"post_tag","embeddable":true,"href":"https:\/\/stourm.news\/index.php?rest_route=%2Fwp%2Fv2%2Ftags&post=4102"}],"curies":[{"name":"wp","href":"https:\/\/api.w.org\/{rel}","templated":true}]}}