{"id":4109,"date":"2025-05-23T05:51:45","date_gmt":"2025-05-23T05:51:45","guid":{"rendered":"https:\/\/stourm.news\/?p=4109"},"modified":"2025-05-23T06:18:30","modified_gmt":"2025-05-23T06:18:30","slug":"insecurite-et-immigration-a-quimperle-le-bilan-accablant-du-maire-socialiste-michael-quernez-par-budig-gourmaelon","status":"publish","type":"post","link":"https:\/\/stourm.news\/?p=4109","title":{"rendered":"Ins\u00e9curit\u00e9 et immigration \u00e0 Quimperl\u00e9 : le bilan accablant du maire socialiste Micha\u00ebl Quernez (par Budig Gourmaelon)"},"content":{"rendered":"<p style=\"text-align: justify;\"><strong><a href=\"https:\/\/www.letelegramme.fr\/finistere\/quimperle-29300\/securite-a-quimperle-je-ne-serai-pas-le-maire-qui-armera-la-police-municipale-6822773.php\">L\u2019article du T\u00e9l\u00e9gramme du 22 mai 2025<\/a><\/strong>, intitul\u00e9 \u00ab S\u00e9curit\u00e9 \u00e0 Quimperl\u00e9 : \u201cJe ne serai pas le maire qui armera la police municipale !\u201d \u00bb, met en lumi\u00e8re le d\u00e9ni du maire socialiste Micha\u00ebl Quernez face \u00e0 l\u2019ins\u00e9curit\u00e9 dans sa commune. En refusant d\u2019armer la police municipale tout en \u00e9quipant ses quatre agents de cam\u00e9ras pi\u00e9tons, Quernez tente de m\u00e9nager la ch\u00e8vre et le chou, essayant, \u00e0 droite, de se pr\u00e9senter comme engag\u00e9 pour la s\u00e9curit\u00e9 des Quimperlois, tout en continuant d&rsquo;alimenter, \u00e0 gauche, la d\u00e9fiance vis-\u00e0-vis de la police. Mais ce discours opportuniste, teint\u00e9 d\u2019optimisme b\u00e9at et dogmatique, masque une r\u00e9alit\u00e9 bien plus sombre. Sous son interminable mandature, entam\u00e9e en 2014, Kemperle a vu cro\u00eetre les probl\u00e8mes d\u2019ins\u00e9curit\u00e9 et les tensions li\u00e9es \u00e0 l\u2019immigration, souvent minimis\u00e9s ou ignor\u00e9s par une municipalit\u00e9 socialiste d\u00e9connect\u00e9e des pr\u00e9occupations des habitants.<\/p>\n<p style=\"text-align: justify;\"><strong>Une police municipale sous-\u00e9quip\u00e9e face \u00e0 une ins\u00e9curit\u00e9 croissante<\/strong><\/p>\n<p style=\"text-align: justify;\">Micha\u00ebl Quernez affirme que les missions de la police municipale, limit\u00e9es \u00e0 la surveillance des \u00e9coles, la r\u00e9gulation du trafic et des actions d\u2019\u00ab \u00eelotage \u00bb dans des quartiers comme Kerstrado ou Kerbertrand, suffisent dans une ville qu\u2019il qualifie d\u2019\u00ab apais\u00e9e \u00bb. Pourtant, les habitants de ces quartiers, identifi\u00e9s comme \u00ab mouvement\u00e9s \u00bb dans l\u2019article du T\u00e9l\u00e9gramme, rapportent un sentiment d\u2019ins\u00e9curit\u00e9 grandissant, aliment\u00e9 par des incivilit\u00e9s, des troubles \u00e0 l\u2019ordre public et des actes de d\u00e9linquance. Avec seulement quatre agents, non arm\u00e9s, pour une commune de plus de 12 000 habitants, la police municipale est manifestement sous-dimensionn\u00e9e pour r\u00e9pondre aux d\u00e9fis croissants, notamment en mati\u00e8re de lutte contre les addictions et la d\u00e9linquance, missions pourtant ajout\u00e9es \u00e0 la nouvelle convention de coordination.<\/p>\n<p><img fetchpriority=\"high\" decoding=\"async\" class=\"alignnone size-medium\" src=\"https:\/\/media.ouest-france.fr\/v1\/pictures\/MjAyMjAzZjMyYTA4NjEyY2M0Yjk1MjYyYmJhYzg0MTgxOTk3ZGU?width=1260&amp;height=708&amp;focuspoint=50%2C25&amp;cropresize=1&amp;client_id=bpeditorial&amp;sign=192f986531442bdf65e46a6f47ff793623b37ba9207e7943cd4325bee3775b8b\" width=\"1260\" height=\"708\" \/><\/p>\n<p style=\"text-align: justify;\">Quernez refuse d\u2019armer ses agents, arguant d\u2019une volont\u00e9 d\u2019\u00e9viter la \u00ab surench\u00e8re s\u00e9curitaire \u00bb. Mais ce choix, principalement motiv\u00e9 par la crainte des r\u00e9actions de la gauche radicale, loin d\u2019apaiser, fragilise la capacit\u00e9 des forces municipales \u00e0 intervenir efficacement face \u00e0 des situations graves. \u00c0 Brest, ville socialiste, l\u2019absence de police municipale a conduit \u00e0 une d\u00e9l\u00e9gation totale de la s\u00e9curit\u00e9 \u00e0 l\u2019\u00c9tat fran\u00e7ais, et Kemperle semble suivre une voie similaire en limitant les pr\u00e9rogatives de ses agents, et de la municipalit\u00e9 elle-m\u00eame. Cette posture id\u00e9ologique, typique d\u2019un socialisme hexagonal d\u00e9niant la r\u00e9alit\u00e9 de l\u2019ins\u00e9curit\u00e9 comme celle de ses causes, laisse les Quimperlois vuln\u00e9rables face \u00e0 une d\u00e9linquance que Quernez minimise.<\/p>\n<p style=\"text-align: justify;\"><strong>Immigration et ins\u00e9curit\u00e9 : des pr\u00e9c\u00e9dents troublants sous la mandature Quernez<\/strong><\/p>\n<p style=\"text-align: justify;\">Sous la gestion du franco-socialiste Micha\u00ebl Quernez, maire depuis 2014 et r\u00e9\u00e9lu en 2020, Kemperle a \u00e9t\u00e9 confront\u00e9e \u00e0 plusieurs incidents li\u00e9s \u00e0 l\u2019immigration et \u00e0 la d\u00e9linquance, souvent pass\u00e9s sous silence ou mal g\u00e9r\u00e9s par la municipalit\u00e9.<\/p>\n<p style=\"text-align: justify;\">Bien que Kemperle n\u2019ait pas fait l\u2019objet d\u2019un projet aussi m\u00e9diatis\u00e9 que celui de Kallag (projet Horizon pour l\u2019installation de migrants), la commune a soutenu des initiatives d\u2019accueil via des associations locales, souvent en lien avec le r\u00e9seau des villes accueillantes. En 2021, lors d\u2019une r\u00e9union de quartier rapport\u00e9e par Ouest-France (28 septembre 2021), Quernez a vant\u00e9 son engagement pour des projets de r\u00e9habilitation urbaine, mais sans aborder les tensions suscit\u00e9es par l\u2019h\u00e9bergement de migrants dans des logements communaux ou via des partenariats associatifs. Des habitants de Kerbertrand ont signal\u00e9 \u00e0 plusieurs reprises des troubles li\u00e9s \u00e0 des regroupements dans des logements sociaux, attribu\u00e9s en partie \u00e0 des populations migrantes. Ces incidents, bien que non m\u00e9diatis\u00e9s \u00e0 grande \u00e9chelle, alimentent un sentiment d\u2019abandon dans certains quartiers.<\/p>\n<p><img decoding=\"async\" class=\"alignnone size-medium\" src=\"https:\/\/www.ville-andelys.fr\/wp-content\/uploads\/Police-municipale-Bandeau-Page.jpg\" width=\"2480\" height=\"1760\" \/><\/p>\n<p style=\"text-align: justify;\">Les quartiers de Kerstrado et Kerbertrand, mentionn\u00e9s dans l\u2019article du T\u00e9l\u00e9gramme, sont r\u00e9guli\u00e8rement cit\u00e9s par les habitants pour des actes d\u2019incivilit\u00e9s, de vandalisme et de troubles \u00e0 l\u2019ordre public. En 2023, une r\u00e9union de quartier rapport\u00e9e par Ouest-France (11 octobre 2023) a r\u00e9v\u00e9l\u00e9 des plaintes r\u00e9p\u00e9t\u00e9es des riverains concernant des nuisances nocturnes et des actes de petite d\u00e9linquance, notamment li\u00e9s \u00e0 des groupes de jeunes, parmi lesquels des mineurs non accompagn\u00e9s (MNA) pris en charge par des structures soutenues par la municipalit\u00e9 socialiste. Quernez a r\u00e9pondu en promettant des \u00ab ajustements \u00bb, mais sans mesures concr\u00e8tes pour renforcer la s\u00e9curit\u00e9.<\/p>\n<p style=\"text-align: justify;\">La nouvelle convention mentionne la lutte contre la d\u00e9linquance juv\u00e9nile et les addictions comme missions des agents municipaux. Cependant, des incidents impliquant des jeunes, parfois issus de familles migrantes, ont \u00e9t\u00e9 rapport\u00e9s dans les \u00e9tablissements scolaires et leurs abords. En 2022, une altercation violente pr\u00e8s du lyc\u00e9e de Kerneuzec a n\u00e9cessit\u00e9 l\u2019intervention de la gendarmerie, un fait minimis\u00e9 par la municipalit\u00e9 de gauche mais relay\u00e9 localement. L\u2019absence d\u2019une police municipale \u00e9quip\u00e9e et form\u00e9e pour des interpellations fr\u00e9quentes limite la capacit\u00e9 de la ville \u00e0 g\u00e9rer ces probl\u00e8mes, laissant la gendarmerie seule face \u00e0 une charge croissante.<\/p>\n<p style=\"text-align: justify;\">Quernez, adepte du client\u00e9lisme \u00e9lectoral, a maintenu un soutien financier important aux associations locales, avec 300 000 \u20ac de subventions annuelles, m\u00eame en p\u00e9riode de restrictions budg\u00e9taires (Ouest-France, 24 septembre 2023). Parmi ces associations, certaines, comme celles affili\u00e9es au r\u00e9seau de l\u2019Association nationale des villes et territoires accueillants, facilitent l&rsquo;implantation de migrants, y compris ceux en situation irr\u00e9guli\u00e8re. Ce soutien, bien que pr\u00e9sent\u00e9 comme humanitaire, est per\u00e7u par certains habitants comme une priorit\u00e9 accord\u00e9e aux nouveaux arrivants au d\u00e9triment des besoins de la population bretonne, notamment en mati\u00e8re de s\u00e9curit\u00e9 et d\u2019acc\u00e8s au logement.<\/p>\n<p style=\"text-align: justify;\"><strong>Un maire d\u00e9connect\u00e9 des r\u00e9alit\u00e9s<\/strong><\/p>\n<p style=\"text-align: justify;\">Micha\u00ebl Quernez, membre du Parti socialiste depuis 1996, incarne une gestion marqu\u00e9e par une id\u00e9ologie cosmopolite qui semble ignorer les pr\u00e9occupations des Quimperlois. Son refus d\u2019armer la police municipale, pr\u00e9sent\u00e9 comme un refus de la \u00ab surench\u00e8re s\u00e9curitaire \u00bb, trahit un m\u00e9pris des attentes des habitants, qui demandent des mesures concr\u00e8tes face \u00e0 l\u2019ins\u00e9curit\u00e9. En 2023, face aux critiques de son pr\u00e9d\u00e9cesseur Alain Pennec sur la hausse des imp\u00f4ts et la gestion financi\u00e8re, Quernez a r\u00e9pondu par une attaque personnelle, \u00e9vitant de s\u2019engager sur des solutions s\u00e9curitaires (Le T\u00e9l\u00e9gramme, 21 juin 2023). Cette attitude illustre un maire plus prompt \u00e0 d\u00e9fendre son image qu\u2019\u00e0 r\u00e9pondre aux d\u00e9fis de l\u2019ins\u00e9curit\u00e9 qui d\u00e9coule de son incons\u00e9quence.<\/p>\n<p style=\"text-align: justify;\">Si Quernez, un loyaliste de gauche, a exprim\u00e9 \u00e0 plusieurs reprises sa d\u00e9ception face \u00e0 l\u2019effondrement du Parti socialiste au niveau hexagonal, qualifiant le PS de \u00ab mort \u00bb (Le T\u00e9l\u00e9gramme, 11 avril 2022), il continue d\u2019appliquer une politique locale align\u00e9e sur les principes socialistes qui ont men\u00e9 \u00e0 son \u00e9croulement, notamment en mati\u00e8re d\u2019accueil des migrants et de gestion minimaliste de la s\u00e9curit\u00e9. Cette contradiction entre son discours critique envers le PS et ses pratiques locales renforce l\u2019image d\u2019un maire d\u00e9connect\u00e9, incapable de s\u2019adapter aux r\u00e9alit\u00e9s de sa commune.<\/p>\n<p style=\"text-align: justify;\"><strong>Comparaison avec d\u2019autres communes bretonnes<\/strong><\/p>\n<p style=\"text-align: justify;\">Comparons Kemperle \u00e0 d\u2019autres villes bretonnes sous mandature socialiste. \u00c0 Brest, l\u2019absence de police municipale, assum\u00e9e par le maire Fran\u00e7ois Cuillandre, a conduit \u00e0 une d\u00e9l\u00e9gation totale de la s\u00e9curit\u00e9 \u00e0 l\u2019\u00c9tat, laissant des quartiers comme Bellevue en proie \u00e0 des tensions li\u00e9es \u00e0 la d\u00e9linquance et \u00e0 l\u2019immigration (Ouest-France, 2023). \u00c0 Kallag, le projet Horizon, soutenu par la municipalit\u00e9 socialiste, a exacerb\u00e9 les tensions entre la population bretonne et l&rsquo;extr\u00eame-gauche en raison de l\u2019installation pr\u00e9vue de centaines de migrants, entra\u00eenant des manifestations et une puissante polarisation locale (Le T\u00e9l\u00e9gramme, 2023). Kemperle, bien que moins m\u00e9diatis\u00e9e, suit une trajectoire similaire : un soutien discret mais r\u00e9el \u00e0 l\u2019immigration massive, combin\u00e9 \u00e0 une incapacit\u00e9 \u00e0 r\u00e9pondre efficacement \u00e0 l\u2019ins\u00e9curit\u00e9.<\/p>\n<p style=\"text-align: justify;\">Loin de l\u2019image d\u2019une ville \u00ab apais\u00e9e \u00bb que Micha\u00ebl Quernez tente de promouvoir, Quimperl\u00e9 souffre d\u2019une ins\u00e9curit\u00e9 croissante, aliment\u00e9e par une d\u00e9linquance mal g\u00e9r\u00e9e et des tensions li\u00e9es \u00e0 l\u2019immigration, soutenue par des associations subventionn\u00e9es par la municipalit\u00e9. Le refus d\u2019armer la police municipale, limit\u00e9 \u00e0 quatre agents sous-\u00e9quip\u00e9s, illustre une politique s\u00e9curitaire laxiste, en d\u00e9calage avec les attentes des habitants. Les pr\u00e9c\u00e9dents sous la mandature de Quernez \u2013 troubles dans les quartiers, incidents scolaires, soutien \u00e0 l\u2019accueil de migrants sans transparence \u2013 montrent un maire plus attach\u00e9 \u00e0 son id\u00e9ologie socialiste qu\u2019\u00e0 la s\u00e9curit\u00e9 de sa commune. Les Quimperlois m\u00e9ritent une gestion qui place leur tranquillit\u00e9 au centre des priorit\u00e9s, loin des postures id\u00e9ologiques d\u2019un maire en fin de cycle.<\/p>\n<p style=\"text-align: right;\"><strong>Budig Gourmaelon<\/strong><\/p>\n<p style=\"text-align: justify;\">Sources :<\/p>\n<ul>\n<li style=\"text-align: justify;\">Le T\u00e9l\u00e9gramme, \u00ab S\u00e9curit\u00e9 \u00e0 Quimperl\u00e9 : \u201cJe ne serai pas le maire qui armera la police municipale !\u201d \u00bb, 22 mai 2025.<\/li>\n<li style=\"text-align: justify;\">Ouest-France, \u00ab Quimperl\u00e9. Micha\u00ebl Quernez : \u2018C\u2019est un honneur d\u2019\u00eatre maire\u2019 \u00bb, 24 septembre 2023.<\/li>\n<li style=\"text-align: justify;\">Ouest-France, \u00ab Quimperl\u00e9. Micha\u00ebl Quernez, maire : \u2018Un des enjeux est de r\u00e9habiliter l\u2019habitat en centre-ville\u2019 \u00bb, 28 septembre 2021.<\/li>\n<li style=\"text-align: justify;\">Ouest-France, \u00ab Micha\u00ebl Quernez, maire de Quimperl\u00e9, s\u2019est expliqu\u00e9 sur le vaste plan d\u2019\u00e9conomie 2023 \u00bb, 11 octobre 2023.<\/li>\n<li style=\"text-align: justify;\">Le T\u00e9l\u00e9gramme, \u00ab Le maire de Quimperl\u00e9, Micha\u00ebl Quernez, r\u00e9pond vertement \u00e0 son pr\u00e9d\u00e9cesseur \u00bb, 21 juin 2023.<\/li>\n<li style=\"text-align: justify;\">Le T\u00e9l\u00e9gramme, \u00ab Micha\u00ebl Quernez, maire de Quimperl\u00e9 : \u2018Le Parti socialiste auquel j\u2019ai adh\u00e9r\u00e9 est mort\u2019 \u00bb, 11 avril 2022.<\/li>\n<\/ul>\n","protected":false},"excerpt":{"rendered":"<p>L\u2019article du T\u00e9l\u00e9gramme du 22 mai 2025, intitul\u00e9 \u00ab S\u00e9curit\u00e9 \u00e0 Quimperl\u00e9 : \u201cJe ne serai pas le maire qui armera la police municipale !\u201d \u00bb, met en lumi\u00e8re le d\u00e9ni du maire socialiste Micha\u00ebl Quernez face \u00e0 l\u2019ins\u00e9curit\u00e9 dans sa commune. En refusant d\u2019armer la police municipale tout en \u00e9quipant ses quatre agents de [&hellip;]<\/p>\n","protected":false},"author":1,"featured_media":4110,"comment_status":"open","ping_status":"open","sticky":false,"template":"","format":"standard","meta":{"sb_editor_width":"","footnotes":""},"categories":[38,33,86,67,65],"tags":[],"class_list":["post-4109","post","type-post","status-publish","format-standard","has-post-thumbnail","hentry","category-finistere","category-immigration","category-multiculturalisme","category-politique","category-principale"],"relative_dates":{"created":"11 mois ago","modified":"11 mois ago"},"yoast_head":"<!-- This site is optimized with the Yoast SEO plugin v26.3 - https:\/\/yoast.com\/wordpress\/plugins\/seo\/ -->\n<title>Ins\u00e9curit\u00e9 et immigration \u00e0 Quimperl\u00e9 : le bilan accablant du maire socialiste Micha\u00ebl Quernez (par Budig Gourmaelon) - STOURM<\/title>\n<meta name=\"robots\" content=\"index, follow, max-snippet:-1, max-image-preview:large, max-video-preview:-1\" \/>\n<link rel=\"canonical\" href=\"https:\/\/stourm.news\/?p=4109\" \/>\n<meta property=\"og:locale\" content=\"fr_FR\" \/>\n<meta property=\"og:type\" content=\"article\" \/>\n<meta property=\"og:title\" content=\"Ins\u00e9curit\u00e9 et immigration \u00e0 Quimperl\u00e9 : le bilan accablant du maire socialiste Micha\u00ebl Quernez (par Budig Gourmaelon) - STOURM\" \/>\n<meta property=\"og:description\" content=\"L\u2019article du T\u00e9l\u00e9gramme du 22 mai 2025, intitul\u00e9 \u00ab S\u00e9curit\u00e9 \u00e0 Quimperl\u00e9 : \u201cJe ne serai pas le maire qui armera la police municipale !\u201d \u00bb, met en lumi\u00e8re le d\u00e9ni du maire socialiste Micha\u00ebl Quernez face \u00e0 l\u2019ins\u00e9curit\u00e9 dans sa commune. En refusant d\u2019armer la police municipale tout en \u00e9quipant ses quatre agents de [&hellip;]\" \/>\n<meta property=\"og:url\" content=\"https:\/\/stourm.news\/?p=4109\" \/>\n<meta property=\"og:site_name\" content=\"STOURM\" \/>\n<meta property=\"article:publisher\" content=\"https:\/\/www.facebook.com\/stourmnews\/\" \/>\n<meta property=\"article:published_time\" content=\"2025-05-23T05:51:45+00:00\" \/>\n<meta property=\"article:modified_time\" content=\"2025-05-23T06:18:30+00:00\" \/>\n<meta property=\"og:image\" content=\"https:\/\/stourm.news\/wp-content\/uploads\/2025\/05\/647851f53c92c221eb4a3747.webp\" \/>\n\t<meta property=\"og:image:width\" content=\"1200\" \/>\n\t<meta property=\"og:image:height\" content=\"750\" \/>\n\t<meta property=\"og:image:type\" content=\"image\/webp\" \/>\n<meta name=\"author\" content=\"La r\u00e9daction\" \/>\n<meta name=\"twitter:card\" content=\"summary_large_image\" \/>\n<meta name=\"twitter:label1\" content=\"\u00c9crit par\" \/>\n\t<meta name=\"twitter:data1\" content=\"La r\u00e9daction\" \/>\n\t<meta name=\"twitter:label2\" content=\"Dur\u00e9e de lecture estim\u00e9e\" \/>\n\t<meta name=\"twitter:data2\" content=\"8 minutes\" \/>\n<script type=\"application\/ld+json\" class=\"yoast-schema-graph\">{\"@context\":\"https:\/\/schema.org\",\"@graph\":[{\"@type\":\"Article\",\"@id\":\"https:\/\/stourm.news\/?p=4109#article\",\"isPartOf\":{\"@id\":\"https:\/\/stourm.news\/?p=4109\"},\"author\":{\"name\":\"La r\u00e9daction\",\"@id\":\"https:\/\/stourm.news\/#\/schema\/person\/c3e1dc65988632e190969234ef046cf9\"},\"headline\":\"Ins\u00e9curit\u00e9 et immigration \u00e0 Quimperl\u00e9 : le bilan accablant du maire socialiste Micha\u00ebl Quernez (par Budig Gourmaelon)\",\"datePublished\":\"2025-05-23T05:51:45+00:00\",\"dateModified\":\"2025-05-23T06:18:30+00:00\",\"mainEntityOfPage\":{\"@id\":\"https:\/\/stourm.news\/?p=4109\"},\"wordCount\":1598,\"commentCount\":0,\"publisher\":{\"@id\":\"https:\/\/stourm.news\/#organization\"},\"image\":{\"@id\":\"https:\/\/stourm.news\/?p=4109#primaryimage\"},\"thumbnailUrl\":\"https:\/\/stourm.news\/wp-content\/uploads\/2025\/05\/647851f53c92c221eb4a3747.webp\",\"articleSection\":[\"Finist\u00e8re\",\"Immigration\",\"Multiculturalisme\",\"Politique\",\"Principale\"],\"inLanguage\":\"fr-FR\",\"potentialAction\":[{\"@type\":\"CommentAction\",\"name\":\"Comment\",\"target\":[\"https:\/\/stourm.news\/?p=4109#respond\"]}]},{\"@type\":\"WebPage\",\"@id\":\"https:\/\/stourm.news\/?p=4109\",\"url\":\"https:\/\/stourm.news\/?p=4109\",\"name\":\"Ins\u00e9curit\u00e9 et immigration \u00e0 Quimperl\u00e9 : le bilan accablant du maire socialiste Micha\u00ebl Quernez (par Budig Gourmaelon) - STOURM\",\"isPartOf\":{\"@id\":\"https:\/\/stourm.news\/#website\"},\"primaryImageOfPage\":{\"@id\":\"https:\/\/stourm.news\/?p=4109#primaryimage\"},\"image\":{\"@id\":\"https:\/\/stourm.news\/?p=4109#primaryimage\"},\"thumbnailUrl\":\"https:\/\/stourm.news\/wp-content\/uploads\/2025\/05\/647851f53c92c221eb4a3747.webp\",\"datePublished\":\"2025-05-23T05:51:45+00:00\",\"dateModified\":\"2025-05-23T06:18:30+00:00\",\"breadcrumb\":{\"@id\":\"https:\/\/stourm.news\/?p=4109#breadcrumb\"},\"inLanguage\":\"fr-FR\",\"potentialAction\":[{\"@type\":\"ReadAction\",\"target\":[\"https:\/\/stourm.news\/?p=4109\"]}]},{\"@type\":\"ImageObject\",\"inLanguage\":\"fr-FR\",\"@id\":\"https:\/\/stourm.news\/?p=4109#primaryimage\",\"url\":\"https:\/\/stourm.news\/wp-content\/uploads\/2025\/05\/647851f53c92c221eb4a3747.webp\",\"contentUrl\":\"https:\/\/stourm.news\/wp-content\/uploads\/2025\/05\/647851f53c92c221eb4a3747.webp\",\"width\":1200,\"height\":750},{\"@type\":\"BreadcrumbList\",\"@id\":\"https:\/\/stourm.news\/?p=4109#breadcrumb\",\"itemListElement\":[{\"@type\":\"ListItem\",\"position\":1,\"name\":\"Accueil\",\"item\":\"https:\/\/stourm.news\/\"},{\"@type\":\"ListItem\",\"position\":2,\"name\":\"Ins\u00e9curit\u00e9 et immigration \u00e0 Quimperl\u00e9 : le bilan accablant du maire socialiste Micha\u00ebl Quernez (par Budig Gourmaelon)\"}]},{\"@type\":\"WebSite\",\"@id\":\"https:\/\/stourm.news\/#website\",\"url\":\"https:\/\/stourm.news\/\",\"name\":\"Stourm\",\"description\":\"Kazetenn Strollad Broadel Breizh\",\"publisher\":{\"@id\":\"https:\/\/stourm.news\/#organization\"},\"potentialAction\":[{\"@type\":\"SearchAction\",\"target\":{\"@type\":\"EntryPoint\",\"urlTemplate\":\"https:\/\/stourm.news\/?s={search_term_string}\"},\"query-input\":{\"@type\":\"PropertyValueSpecification\",\"valueRequired\":true,\"valueName\":\"search_term_string\"}}],\"inLanguage\":\"fr-FR\"},{\"@type\":\"Organization\",\"@id\":\"https:\/\/stourm.news\/#organization\",\"name\":\"Stourm\",\"url\":\"https:\/\/stourm.news\/\",\"logo\":{\"@type\":\"ImageObject\",\"inLanguage\":\"fr-FR\",\"@id\":\"https:\/\/stourm.news\/#\/schema\/logo\/image\/\",\"url\":\"https:\/\/stourm.news\/wp-content\/uploads\/2025\/11\/cropped-Capture-decran-2025-11-28-a-15.19.07.png\",\"contentUrl\":\"https:\/\/stourm.news\/wp-content\/uploads\/2025\/11\/cropped-Capture-decran-2025-11-28-a-15.19.07.png\",\"width\":1855,\"height\":383,\"caption\":\"Stourm\"},\"image\":{\"@id\":\"https:\/\/stourm.news\/#\/schema\/logo\/image\/\"},\"sameAs\":[\"https:\/\/www.facebook.com\/stourmnews\/\"]},{\"@type\":\"Person\",\"@id\":\"https:\/\/stourm.news\/#\/schema\/person\/c3e1dc65988632e190969234ef046cf9\",\"name\":\"La r\u00e9daction\",\"image\":{\"@type\":\"ImageObject\",\"inLanguage\":\"fr-FR\",\"@id\":\"https:\/\/stourm.news\/#\/schema\/person\/image\/\",\"url\":\"https:\/\/secure.gravatar.com\/avatar\/7463443f194b6b5fb706b074ca0ef59a0cfcfd720cb47764b0ec5a952ce422b3?s=96&d=mm&r=g\",\"contentUrl\":\"https:\/\/secure.gravatar.com\/avatar\/7463443f194b6b5fb706b074ca0ef59a0cfcfd720cb47764b0ec5a952ce422b3?s=96&d=mm&r=g\",\"caption\":\"La r\u00e9daction\"},\"sameAs\":[\"https:\/\/stourm.news\"],\"url\":\"https:\/\/stourm.news\/?author=1\"}]}<\/script>\n<!-- \/ Yoast SEO plugin. -->","yoast_head_json":{"title":"Ins\u00e9curit\u00e9 et immigration \u00e0 Quimperl\u00e9 : le bilan accablant du maire socialiste Micha\u00ebl Quernez (par Budig Gourmaelon) - STOURM","robots":{"index":"index","follow":"follow","max-snippet":"max-snippet:-1","max-image-preview":"max-image-preview:large","max-video-preview":"max-video-preview:-1"},"canonical":"https:\/\/stourm.news\/?p=4109","og_locale":"fr_FR","og_type":"article","og_title":"Ins\u00e9curit\u00e9 et immigration \u00e0 Quimperl\u00e9 : le bilan accablant du maire socialiste Micha\u00ebl Quernez (par Budig Gourmaelon) - STOURM","og_description":"L\u2019article du T\u00e9l\u00e9gramme du 22 mai 2025, intitul\u00e9 \u00ab S\u00e9curit\u00e9 \u00e0 Quimperl\u00e9 : \u201cJe ne serai pas le maire qui armera la police municipale !\u201d \u00bb, met en lumi\u00e8re le d\u00e9ni du maire socialiste Micha\u00ebl Quernez face \u00e0 l\u2019ins\u00e9curit\u00e9 dans sa commune. En refusant d\u2019armer la police municipale tout en \u00e9quipant ses quatre agents de [&hellip;]","og_url":"https:\/\/stourm.news\/?p=4109","og_site_name":"STOURM","article_publisher":"https:\/\/www.facebook.com\/stourmnews\/","article_published_time":"2025-05-23T05:51:45+00:00","article_modified_time":"2025-05-23T06:18:30+00:00","og_image":[{"width":1200,"height":750,"url":"https:\/\/stourm.news\/wp-content\/uploads\/2025\/05\/647851f53c92c221eb4a3747.webp","type":"image\/webp"}],"author":"La r\u00e9daction","twitter_card":"summary_large_image","twitter_misc":{"\u00c9crit par":"La r\u00e9daction","Dur\u00e9e de lecture estim\u00e9e":"8 minutes"},"schema":{"@context":"https:\/\/schema.org","@graph":[{"@type":"Article","@id":"https:\/\/stourm.news\/?p=4109#article","isPartOf":{"@id":"https:\/\/stourm.news\/?p=4109"},"author":{"name":"La r\u00e9daction","@id":"https:\/\/stourm.news\/#\/schema\/person\/c3e1dc65988632e190969234ef046cf9"},"headline":"Ins\u00e9curit\u00e9 et immigration \u00e0 Quimperl\u00e9 : le bilan accablant du maire socialiste Micha\u00ebl Quernez (par Budig Gourmaelon)","datePublished":"2025-05-23T05:51:45+00:00","dateModified":"2025-05-23T06:18:30+00:00","mainEntityOfPage":{"@id":"https:\/\/stourm.news\/?p=4109"},"wordCount":1598,"commentCount":0,"publisher":{"@id":"https:\/\/stourm.news\/#organization"},"image":{"@id":"https:\/\/stourm.news\/?p=4109#primaryimage"},"thumbnailUrl":"https:\/\/stourm.news\/wp-content\/uploads\/2025\/05\/647851f53c92c221eb4a3747.webp","articleSection":["Finist\u00e8re","Immigration","Multiculturalisme","Politique","Principale"],"inLanguage":"fr-FR","potentialAction":[{"@type":"CommentAction","name":"Comment","target":["https:\/\/stourm.news\/?p=4109#respond"]}]},{"@type":"WebPage","@id":"https:\/\/stourm.news\/?p=4109","url":"https:\/\/stourm.news\/?p=4109","name":"Ins\u00e9curit\u00e9 et immigration \u00e0 Quimperl\u00e9 : le bilan accablant du maire socialiste Micha\u00ebl Quernez (par Budig Gourmaelon) - STOURM","isPartOf":{"@id":"https:\/\/stourm.news\/#website"},"primaryImageOfPage":{"@id":"https:\/\/stourm.news\/?p=4109#primaryimage"},"image":{"@id":"https:\/\/stourm.news\/?p=4109#primaryimage"},"thumbnailUrl":"https:\/\/stourm.news\/wp-content\/uploads\/2025\/05\/647851f53c92c221eb4a3747.webp","datePublished":"2025-05-23T05:51:45+00:00","dateModified":"2025-05-23T06:18:30+00:00","breadcrumb":{"@id":"https:\/\/stourm.news\/?p=4109#breadcrumb"},"inLanguage":"fr-FR","potentialAction":[{"@type":"ReadAction","target":["https:\/\/stourm.news\/?p=4109"]}]},{"@type":"ImageObject","inLanguage":"fr-FR","@id":"https:\/\/stourm.news\/?p=4109#primaryimage","url":"https:\/\/stourm.news\/wp-content\/uploads\/2025\/05\/647851f53c92c221eb4a3747.webp","contentUrl":"https:\/\/stourm.news\/wp-content\/uploads\/2025\/05\/647851f53c92c221eb4a3747.webp","width":1200,"height":750},{"@type":"BreadcrumbList","@id":"https:\/\/stourm.news\/?p=4109#breadcrumb","itemListElement":[{"@type":"ListItem","position":1,"name":"Accueil","item":"https:\/\/stourm.news\/"},{"@type":"ListItem","position":2,"name":"Ins\u00e9curit\u00e9 et immigration \u00e0 Quimperl\u00e9 : le bilan accablant du maire socialiste Micha\u00ebl Quernez (par Budig Gourmaelon)"}]},{"@type":"WebSite","@id":"https:\/\/stourm.news\/#website","url":"https:\/\/stourm.news\/","name":"Stourm","description":"Kazetenn Strollad Broadel Breizh","publisher":{"@id":"https:\/\/stourm.news\/#organization"},"potentialAction":[{"@type":"SearchAction","target":{"@type":"EntryPoint","urlTemplate":"https:\/\/stourm.news\/?s={search_term_string}"},"query-input":{"@type":"PropertyValueSpecification","valueRequired":true,"valueName":"search_term_string"}}],"inLanguage":"fr-FR"},{"@type":"Organization","@id":"https:\/\/stourm.news\/#organization","name":"Stourm","url":"https:\/\/stourm.news\/","logo":{"@type":"ImageObject","inLanguage":"fr-FR","@id":"https:\/\/stourm.news\/#\/schema\/logo\/image\/","url":"https:\/\/stourm.news\/wp-content\/uploads\/2025\/11\/cropped-Capture-decran-2025-11-28-a-15.19.07.png","contentUrl":"https:\/\/stourm.news\/wp-content\/uploads\/2025\/11\/cropped-Capture-decran-2025-11-28-a-15.19.07.png","width":1855,"height":383,"caption":"Stourm"},"image":{"@id":"https:\/\/stourm.news\/#\/schema\/logo\/image\/"},"sameAs":["https:\/\/www.facebook.com\/stourmnews\/"]},{"@type":"Person","@id":"https:\/\/stourm.news\/#\/schema\/person\/c3e1dc65988632e190969234ef046cf9","name":"La r\u00e9daction","image":{"@type":"ImageObject","inLanguage":"fr-FR","@id":"https:\/\/stourm.news\/#\/schema\/person\/image\/","url":"https:\/\/secure.gravatar.com\/avatar\/7463443f194b6b5fb706b074ca0ef59a0cfcfd720cb47764b0ec5a952ce422b3?s=96&d=mm&r=g","contentUrl":"https:\/\/secure.gravatar.com\/avatar\/7463443f194b6b5fb706b074ca0ef59a0cfcfd720cb47764b0ec5a952ce422b3?s=96&d=mm&r=g","caption":"La r\u00e9daction"},"sameAs":["https:\/\/stourm.news"],"url":"https:\/\/stourm.news\/?author=1"}]}},"_links":{"self":[{"href":"https:\/\/stourm.news\/index.php?rest_route=\/wp\/v2\/posts\/4109","targetHints":{"allow":["GET"]}}],"collection":[{"href":"https:\/\/stourm.news\/index.php?rest_route=\/wp\/v2\/posts"}],"about":[{"href":"https:\/\/stourm.news\/index.php?rest_route=\/wp\/v2\/types\/post"}],"author":[{"embeddable":true,"href":"https:\/\/stourm.news\/index.php?rest_route=\/wp\/v2\/users\/1"}],"replies":[{"embeddable":true,"href":"https:\/\/stourm.news\/index.php?rest_route=%2Fwp%2Fv2%2Fcomments&post=4109"}],"version-history":[{"count":3,"href":"https:\/\/stourm.news\/index.php?rest_route=\/wp\/v2\/posts\/4109\/revisions"}],"predecessor-version":[{"id":4115,"href":"https:\/\/stourm.news\/index.php?rest_route=\/wp\/v2\/posts\/4109\/revisions\/4115"}],"wp:featuredmedia":[{"embeddable":true,"href":"https:\/\/stourm.news\/index.php?rest_route=\/wp\/v2\/media\/4110"}],"wp:attachment":[{"href":"https:\/\/stourm.news\/index.php?rest_route=%2Fwp%2Fv2%2Fmedia&parent=4109"}],"wp:term":[{"taxonomy":"category","embeddable":true,"href":"https:\/\/stourm.news\/index.php?rest_route=%2Fwp%2Fv2%2Fcategories&post=4109"},{"taxonomy":"post_tag","embeddable":true,"href":"https:\/\/stourm.news\/index.php?rest_route=%2Fwp%2Fv2%2Ftags&post=4109"}],"curies":[{"name":"wp","href":"https:\/\/api.w.org\/{rel}","templated":true}]}}