{"id":4118,"date":"2025-05-23T06:46:30","date_gmt":"2025-05-23T06:46:30","guid":{"rendered":"https:\/\/stourm.news\/?p=4118"},"modified":"2025-05-23T06:46:30","modified_gmt":"2025-05-23T06:46:30","slug":"chateaubriant-loire-atlantique-deux-commerces-du-centre-ville-vises-par-une-fermeture-administrative-deux-etrangers-en-situation-irreguliere-interpelles","status":"publish","type":"post","link":"https:\/\/stourm.news\/?p=4118","title":{"rendered":"Ch\u00e2teaubriant (Loire-Atlantique) : deux commerces du centre-ville vis\u00e9s par une fermeture administrative, deux \u00e9trangers en situation irr\u00e9guli\u00e8re interpell\u00e9s"},"content":{"rendered":"<p style=\"text-align: justify;\">Un <strong><a href=\"https:\/\/actu.fr\/pays-de-la-loire\/chateaubriant_44036\/chateaubriant-deux-commerces-du-centre-ville-vises-par-une-fermeture-administrative_62673922.html\">article publi\u00e9 par Actu.fr le 22 mai 2025<\/a><\/strong> rapporte qu\u2019\u00e0 la suite d\u2019une op\u00e9ration de contr\u00f4le men\u00e9e le 19 mai 2025 par le Comit\u00e9 op\u00e9rationnel d\u00e9partemental anti-fraude (Codaf) \u00e0 Ch\u00e2teaubriant (Loire-Atlantique), deux commerces du centre-ville, dont <strong>l\u2019ancien salon de coiffure barbier Bon Homme<\/strong>, ont \u00e9t\u00e9 vis\u00e9s par une fermeture administrative. Ces contr\u00f4les, impliquant la gendarmerie, la police municipale, la Direction d\u00e9partementale de la protection des populations (DDPP), la Brigade de contr\u00f4le et de recherche (BCR) de la DGFIP, et l\u2019Urssaf, visaient \u00e0 lutter contre diverses fraudes, notamment le travail ill\u00e9gal. Lors de l\u2019inspection du salon Bon Homme, <strong>deux \u00e9trangers en situation irr\u00e9guli\u00e8re<\/strong> ont \u00e9t\u00e9 identifi\u00e9s, entra\u00eenant des proc\u00e9dures \u00e0 leur encontre, selon la pr\u00e9fecture de la Loire-Atlantique.<\/p>\n<p style=\"text-align: justify;\">Cette affaire s\u2019inscrit dans un contexte plus large de difficult\u00e9s pour le commerce local, marqu\u00e9 par des vols (deux commerces cambriol\u00e9s en mars et avril 2025) et des fermetures (comme la boucherie traditionnelle en 2023), exacerbant le sentiment d\u2019ins\u00e9curit\u00e9 et de pr\u00e9carit\u00e9.<\/p>\n<p style=\"text-align: right;\"><strong>Ewen Broc&rsquo;han<\/strong><\/p>\n<p style=\"text-align: justify;\">\n","protected":false},"excerpt":{"rendered":"<p>Un article publi\u00e9 par Actu.fr le 22 mai 2025 rapporte qu\u2019\u00e0 la suite d\u2019une op\u00e9ration de contr\u00f4le men\u00e9e le 19 mai 2025 par le Comit\u00e9 op\u00e9rationnel d\u00e9partemental anti-fraude (Codaf) \u00e0 Ch\u00e2teaubriant (Loire-Atlantique), deux commerces du centre-ville, dont l\u2019ancien salon de coiffure barbier Bon Homme, ont \u00e9t\u00e9 vis\u00e9s par une fermeture administrative. Ces contr\u00f4les, impliquant la [&hellip;]<\/p>\n","protected":false},"author":1,"featured_media":4119,"comment_status":"open","ping_status":"open","sticky":false,"template":"","format":"standard","meta":{"sb_editor_width":"","footnotes":""},"categories":[52,33,42,62],"tags":[],"class_list":["post-4118","post","type-post","status-publish","format-standard","has-post-thumbnail","hentry","category-faits-divers","category-immigration","category-loire-atlantique","category-revue-de-presse"],"relative_dates":{"created":"11 mois ago","modified":"11 mois ago"},"yoast_head":"<!-- This site is optimized with the Yoast SEO plugin v26.3 - https:\/\/yoast.com\/wordpress\/plugins\/seo\/ -->\n<title>Ch\u00e2teaubriant (Loire-Atlantique) : deux commerces du centre-ville vis\u00e9s par une fermeture administrative, deux \u00e9trangers en situation irr\u00e9guli\u00e8re interpell\u00e9s - STOURM<\/title>\n<meta name=\"robots\" content=\"index, follow, max-snippet:-1, max-image-preview:large, max-video-preview:-1\" \/>\n<link rel=\"canonical\" href=\"https:\/\/stourm.news\/?p=4118\" \/>\n<meta property=\"og:locale\" content=\"fr_FR\" \/>\n<meta property=\"og:type\" content=\"article\" \/>\n<meta property=\"og:title\" content=\"Ch\u00e2teaubriant (Loire-Atlantique) : deux commerces du centre-ville vis\u00e9s par une fermeture administrative, deux \u00e9trangers en situation irr\u00e9guli\u00e8re interpell\u00e9s - STOURM\" \/>\n<meta property=\"og:description\" content=\"Un article publi\u00e9 par Actu.fr le 22 mai 2025 rapporte qu\u2019\u00e0 la suite d\u2019une op\u00e9ration de contr\u00f4le men\u00e9e le 19 mai 2025 par le Comit\u00e9 op\u00e9rationnel d\u00e9partemental anti-fraude (Codaf) \u00e0 Ch\u00e2teaubriant (Loire-Atlantique), deux commerces du centre-ville, dont l\u2019ancien salon de coiffure barbier Bon Homme, ont \u00e9t\u00e9 vis\u00e9s par une fermeture administrative. Ces contr\u00f4les, impliquant la [&hellip;]\" \/>\n<meta property=\"og:url\" content=\"https:\/\/stourm.news\/?p=4118\" \/>\n<meta property=\"og:site_name\" content=\"STOURM\" \/>\n<meta property=\"article:publisher\" content=\"https:\/\/www.facebook.com\/stourmnews\/\" \/>\n<meta property=\"article:published_time\" content=\"2025-05-23T06:46:30+00:00\" \/>\n<meta property=\"og:image\" content=\"https:\/\/stourm.news\/wp-content\/uploads\/2025\/05\/d563d49ce2756b963d49ce2758d63dv-960x640-1.jpg\" \/>\n\t<meta property=\"og:image:width\" content=\"960\" \/>\n\t<meta property=\"og:image:height\" content=\"640\" \/>\n\t<meta property=\"og:image:type\" content=\"image\/jpeg\" \/>\n<meta name=\"author\" content=\"La r\u00e9daction\" \/>\n<meta name=\"twitter:card\" content=\"summary_large_image\" \/>\n<meta name=\"twitter:label1\" content=\"\u00c9crit par\" \/>\n\t<meta name=\"twitter:data1\" content=\"La r\u00e9daction\" \/>\n\t<meta name=\"twitter:label2\" content=\"Dur\u00e9e de lecture estim\u00e9e\" \/>\n\t<meta name=\"twitter:data2\" content=\"1 minute\" \/>\n<script type=\"application\/ld+json\" class=\"yoast-schema-graph\">{\"@context\":\"https:\/\/schema.org\",\"@graph\":[{\"@type\":\"Article\",\"@id\":\"https:\/\/stourm.news\/?p=4118#article\",\"isPartOf\":{\"@id\":\"https:\/\/stourm.news\/?p=4118\"},\"author\":{\"name\":\"La r\u00e9daction\",\"@id\":\"https:\/\/stourm.news\/#\/schema\/person\/c3e1dc65988632e190969234ef046cf9\"},\"headline\":\"Ch\u00e2teaubriant (Loire-Atlantique) : deux commerces du centre-ville vis\u00e9s par une fermeture administrative, deux \u00e9trangers en situation irr\u00e9guli\u00e8re interpell\u00e9s\",\"datePublished\":\"2025-05-23T06:46:30+00:00\",\"mainEntityOfPage\":{\"@id\":\"https:\/\/stourm.news\/?p=4118\"},\"wordCount\":204,\"commentCount\":0,\"publisher\":{\"@id\":\"https:\/\/stourm.news\/#organization\"},\"image\":{\"@id\":\"https:\/\/stourm.news\/?p=4118#primaryimage\"},\"thumbnailUrl\":\"https:\/\/stourm.news\/wp-content\/uploads\/2025\/05\/d563d49ce2756b963d49ce2758d63dv-960x640-1.jpg\",\"articleSection\":[\"Faits divers\",\"Immigration\",\"Loire-Atlantique\",\"Revue de presse\"],\"inLanguage\":\"fr-FR\",\"potentialAction\":[{\"@type\":\"CommentAction\",\"name\":\"Comment\",\"target\":[\"https:\/\/stourm.news\/?p=4118#respond\"]}]},{\"@type\":\"WebPage\",\"@id\":\"https:\/\/stourm.news\/?p=4118\",\"url\":\"https:\/\/stourm.news\/?p=4118\",\"name\":\"Ch\u00e2teaubriant (Loire-Atlantique) : deux commerces du centre-ville vis\u00e9s par une fermeture administrative, deux \u00e9trangers en situation irr\u00e9guli\u00e8re interpell\u00e9s - STOURM\",\"isPartOf\":{\"@id\":\"https:\/\/stourm.news\/#website\"},\"primaryImageOfPage\":{\"@id\":\"https:\/\/stourm.news\/?p=4118#primaryimage\"},\"image\":{\"@id\":\"https:\/\/stourm.news\/?p=4118#primaryimage\"},\"thumbnailUrl\":\"https:\/\/stourm.news\/wp-content\/uploads\/2025\/05\/d563d49ce2756b963d49ce2758d63dv-960x640-1.jpg\",\"datePublished\":\"2025-05-23T06:46:30+00:00\",\"breadcrumb\":{\"@id\":\"https:\/\/stourm.news\/?p=4118#breadcrumb\"},\"inLanguage\":\"fr-FR\",\"potentialAction\":[{\"@type\":\"ReadAction\",\"target\":[\"https:\/\/stourm.news\/?p=4118\"]}]},{\"@type\":\"ImageObject\",\"inLanguage\":\"fr-FR\",\"@id\":\"https:\/\/stourm.news\/?p=4118#primaryimage\",\"url\":\"https:\/\/stourm.news\/wp-content\/uploads\/2025\/05\/d563d49ce2756b963d49ce2758d63dv-960x640-1.jpg\",\"contentUrl\":\"https:\/\/stourm.news\/wp-content\/uploads\/2025\/05\/d563d49ce2756b963d49ce2758d63dv-960x640-1.jpg\",\"width\":960,\"height\":640},{\"@type\":\"BreadcrumbList\",\"@id\":\"https:\/\/stourm.news\/?p=4118#breadcrumb\",\"itemListElement\":[{\"@type\":\"ListItem\",\"position\":1,\"name\":\"Accueil\",\"item\":\"https:\/\/stourm.news\/\"},{\"@type\":\"ListItem\",\"position\":2,\"name\":\"Ch\u00e2teaubriant (Loire-Atlantique) : deux commerces du centre-ville vis\u00e9s par une fermeture administrative, deux \u00e9trangers en situation irr\u00e9guli\u00e8re interpell\u00e9s\"}]},{\"@type\":\"WebSite\",\"@id\":\"https:\/\/stourm.news\/#website\",\"url\":\"https:\/\/stourm.news\/\",\"name\":\"Stourm\",\"description\":\"Kazetenn Strollad Broadel Breizh\",\"publisher\":{\"@id\":\"https:\/\/stourm.news\/#organization\"},\"potentialAction\":[{\"@type\":\"SearchAction\",\"target\":{\"@type\":\"EntryPoint\",\"urlTemplate\":\"https:\/\/stourm.news\/?s={search_term_string}\"},\"query-input\":{\"@type\":\"PropertyValueSpecification\",\"valueRequired\":true,\"valueName\":\"search_term_string\"}}],\"inLanguage\":\"fr-FR\"},{\"@type\":\"Organization\",\"@id\":\"https:\/\/stourm.news\/#organization\",\"name\":\"Stourm\",\"url\":\"https:\/\/stourm.news\/\",\"logo\":{\"@type\":\"ImageObject\",\"inLanguage\":\"fr-FR\",\"@id\":\"https:\/\/stourm.news\/#\/schema\/logo\/image\/\",\"url\":\"https:\/\/stourm.news\/wp-content\/uploads\/2025\/11\/cropped-Capture-decran-2025-11-28-a-15.19.07.png\",\"contentUrl\":\"https:\/\/stourm.news\/wp-content\/uploads\/2025\/11\/cropped-Capture-decran-2025-11-28-a-15.19.07.png\",\"width\":1855,\"height\":383,\"caption\":\"Stourm\"},\"image\":{\"@id\":\"https:\/\/stourm.news\/#\/schema\/logo\/image\/\"},\"sameAs\":[\"https:\/\/www.facebook.com\/stourmnews\/\"]},{\"@type\":\"Person\",\"@id\":\"https:\/\/stourm.news\/#\/schema\/person\/c3e1dc65988632e190969234ef046cf9\",\"name\":\"La r\u00e9daction\",\"image\":{\"@type\":\"ImageObject\",\"inLanguage\":\"fr-FR\",\"@id\":\"https:\/\/stourm.news\/#\/schema\/person\/image\/\",\"url\":\"https:\/\/secure.gravatar.com\/avatar\/7463443f194b6b5fb706b074ca0ef59a0cfcfd720cb47764b0ec5a952ce422b3?s=96&d=mm&r=g\",\"contentUrl\":\"https:\/\/secure.gravatar.com\/avatar\/7463443f194b6b5fb706b074ca0ef59a0cfcfd720cb47764b0ec5a952ce422b3?s=96&d=mm&r=g\",\"caption\":\"La r\u00e9daction\"},\"sameAs\":[\"https:\/\/stourm.news\"],\"url\":\"https:\/\/stourm.news\/?author=1\"}]}<\/script>\n<!-- \/ Yoast SEO plugin. -->","yoast_head_json":{"title":"Ch\u00e2teaubriant (Loire-Atlantique) : deux commerces du centre-ville vis\u00e9s par une fermeture administrative, deux \u00e9trangers en situation irr\u00e9guli\u00e8re interpell\u00e9s - STOURM","robots":{"index":"index","follow":"follow","max-snippet":"max-snippet:-1","max-image-preview":"max-image-preview:large","max-video-preview":"max-video-preview:-1"},"canonical":"https:\/\/stourm.news\/?p=4118","og_locale":"fr_FR","og_type":"article","og_title":"Ch\u00e2teaubriant (Loire-Atlantique) : deux commerces du centre-ville vis\u00e9s par une fermeture administrative, deux \u00e9trangers en situation irr\u00e9guli\u00e8re interpell\u00e9s - STOURM","og_description":"Un article publi\u00e9 par Actu.fr le 22 mai 2025 rapporte qu\u2019\u00e0 la suite d\u2019une op\u00e9ration de contr\u00f4le men\u00e9e le 19 mai 2025 par le Comit\u00e9 op\u00e9rationnel d\u00e9partemental anti-fraude (Codaf) \u00e0 Ch\u00e2teaubriant (Loire-Atlantique), deux commerces du centre-ville, dont l\u2019ancien salon de coiffure barbier Bon Homme, ont \u00e9t\u00e9 vis\u00e9s par une fermeture administrative. Ces contr\u00f4les, impliquant la [&hellip;]","og_url":"https:\/\/stourm.news\/?p=4118","og_site_name":"STOURM","article_publisher":"https:\/\/www.facebook.com\/stourmnews\/","article_published_time":"2025-05-23T06:46:30+00:00","og_image":[{"width":960,"height":640,"url":"https:\/\/stourm.news\/wp-content\/uploads\/2025\/05\/d563d49ce2756b963d49ce2758d63dv-960x640-1.jpg","type":"image\/jpeg"}],"author":"La r\u00e9daction","twitter_card":"summary_large_image","twitter_misc":{"\u00c9crit par":"La r\u00e9daction","Dur\u00e9e de lecture estim\u00e9e":"1 minute"},"schema":{"@context":"https:\/\/schema.org","@graph":[{"@type":"Article","@id":"https:\/\/stourm.news\/?p=4118#article","isPartOf":{"@id":"https:\/\/stourm.news\/?p=4118"},"author":{"name":"La r\u00e9daction","@id":"https:\/\/stourm.news\/#\/schema\/person\/c3e1dc65988632e190969234ef046cf9"},"headline":"Ch\u00e2teaubriant (Loire-Atlantique) : deux commerces du centre-ville vis\u00e9s par une fermeture administrative, deux \u00e9trangers en situation irr\u00e9guli\u00e8re interpell\u00e9s","datePublished":"2025-05-23T06:46:30+00:00","mainEntityOfPage":{"@id":"https:\/\/stourm.news\/?p=4118"},"wordCount":204,"commentCount":0,"publisher":{"@id":"https:\/\/stourm.news\/#organization"},"image":{"@id":"https:\/\/stourm.news\/?p=4118#primaryimage"},"thumbnailUrl":"https:\/\/stourm.news\/wp-content\/uploads\/2025\/05\/d563d49ce2756b963d49ce2758d63dv-960x640-1.jpg","articleSection":["Faits divers","Immigration","Loire-Atlantique","Revue de presse"],"inLanguage":"fr-FR","potentialAction":[{"@type":"CommentAction","name":"Comment","target":["https:\/\/stourm.news\/?p=4118#respond"]}]},{"@type":"WebPage","@id":"https:\/\/stourm.news\/?p=4118","url":"https:\/\/stourm.news\/?p=4118","name":"Ch\u00e2teaubriant (Loire-Atlantique) : deux commerces du centre-ville vis\u00e9s par une fermeture administrative, deux \u00e9trangers en situation irr\u00e9guli\u00e8re interpell\u00e9s - STOURM","isPartOf":{"@id":"https:\/\/stourm.news\/#website"},"primaryImageOfPage":{"@id":"https:\/\/stourm.news\/?p=4118#primaryimage"},"image":{"@id":"https:\/\/stourm.news\/?p=4118#primaryimage"},"thumbnailUrl":"https:\/\/stourm.news\/wp-content\/uploads\/2025\/05\/d563d49ce2756b963d49ce2758d63dv-960x640-1.jpg","datePublished":"2025-05-23T06:46:30+00:00","breadcrumb":{"@id":"https:\/\/stourm.news\/?p=4118#breadcrumb"},"inLanguage":"fr-FR","potentialAction":[{"@type":"ReadAction","target":["https:\/\/stourm.news\/?p=4118"]}]},{"@type":"ImageObject","inLanguage":"fr-FR","@id":"https:\/\/stourm.news\/?p=4118#primaryimage","url":"https:\/\/stourm.news\/wp-content\/uploads\/2025\/05\/d563d49ce2756b963d49ce2758d63dv-960x640-1.jpg","contentUrl":"https:\/\/stourm.news\/wp-content\/uploads\/2025\/05\/d563d49ce2756b963d49ce2758d63dv-960x640-1.jpg","width":960,"height":640},{"@type":"BreadcrumbList","@id":"https:\/\/stourm.news\/?p=4118#breadcrumb","itemListElement":[{"@type":"ListItem","position":1,"name":"Accueil","item":"https:\/\/stourm.news\/"},{"@type":"ListItem","position":2,"name":"Ch\u00e2teaubriant (Loire-Atlantique) : deux commerces du centre-ville vis\u00e9s par une fermeture administrative, deux \u00e9trangers en situation irr\u00e9guli\u00e8re interpell\u00e9s"}]},{"@type":"WebSite","@id":"https:\/\/stourm.news\/#website","url":"https:\/\/stourm.news\/","name":"Stourm","description":"Kazetenn Strollad Broadel Breizh","publisher":{"@id":"https:\/\/stourm.news\/#organization"},"potentialAction":[{"@type":"SearchAction","target":{"@type":"EntryPoint","urlTemplate":"https:\/\/stourm.news\/?s={search_term_string}"},"query-input":{"@type":"PropertyValueSpecification","valueRequired":true,"valueName":"search_term_string"}}],"inLanguage":"fr-FR"},{"@type":"Organization","@id":"https:\/\/stourm.news\/#organization","name":"Stourm","url":"https:\/\/stourm.news\/","logo":{"@type":"ImageObject","inLanguage":"fr-FR","@id":"https:\/\/stourm.news\/#\/schema\/logo\/image\/","url":"https:\/\/stourm.news\/wp-content\/uploads\/2025\/11\/cropped-Capture-decran-2025-11-28-a-15.19.07.png","contentUrl":"https:\/\/stourm.news\/wp-content\/uploads\/2025\/11\/cropped-Capture-decran-2025-11-28-a-15.19.07.png","width":1855,"height":383,"caption":"Stourm"},"image":{"@id":"https:\/\/stourm.news\/#\/schema\/logo\/image\/"},"sameAs":["https:\/\/www.facebook.com\/stourmnews\/"]},{"@type":"Person","@id":"https:\/\/stourm.news\/#\/schema\/person\/c3e1dc65988632e190969234ef046cf9","name":"La r\u00e9daction","image":{"@type":"ImageObject","inLanguage":"fr-FR","@id":"https:\/\/stourm.news\/#\/schema\/person\/image\/","url":"https:\/\/secure.gravatar.com\/avatar\/7463443f194b6b5fb706b074ca0ef59a0cfcfd720cb47764b0ec5a952ce422b3?s=96&d=mm&r=g","contentUrl":"https:\/\/secure.gravatar.com\/avatar\/7463443f194b6b5fb706b074ca0ef59a0cfcfd720cb47764b0ec5a952ce422b3?s=96&d=mm&r=g","caption":"La r\u00e9daction"},"sameAs":["https:\/\/stourm.news"],"url":"https:\/\/stourm.news\/?author=1"}]}},"_links":{"self":[{"href":"https:\/\/stourm.news\/index.php?rest_route=\/wp\/v2\/posts\/4118","targetHints":{"allow":["GET"]}}],"collection":[{"href":"https:\/\/stourm.news\/index.php?rest_route=\/wp\/v2\/posts"}],"about":[{"href":"https:\/\/stourm.news\/index.php?rest_route=\/wp\/v2\/types\/post"}],"author":[{"embeddable":true,"href":"https:\/\/stourm.news\/index.php?rest_route=\/wp\/v2\/users\/1"}],"replies":[{"embeddable":true,"href":"https:\/\/stourm.news\/index.php?rest_route=%2Fwp%2Fv2%2Fcomments&post=4118"}],"version-history":[{"count":1,"href":"https:\/\/stourm.news\/index.php?rest_route=\/wp\/v2\/posts\/4118\/revisions"}],"predecessor-version":[{"id":4120,"href":"https:\/\/stourm.news\/index.php?rest_route=\/wp\/v2\/posts\/4118\/revisions\/4120"}],"wp:featuredmedia":[{"embeddable":true,"href":"https:\/\/stourm.news\/index.php?rest_route=\/wp\/v2\/media\/4119"}],"wp:attachment":[{"href":"https:\/\/stourm.news\/index.php?rest_route=%2Fwp%2Fv2%2Fmedia&parent=4118"}],"wp:term":[{"taxonomy":"category","embeddable":true,"href":"https:\/\/stourm.news\/index.php?rest_route=%2Fwp%2Fv2%2Fcategories&post=4118"},{"taxonomy":"post_tag","embeddable":true,"href":"https:\/\/stourm.news\/index.php?rest_route=%2Fwp%2Fv2%2Ftags&post=4118"}],"curies":[{"name":"wp","href":"https:\/\/api.w.org\/{rel}","templated":true}]}}