{"id":4121,"date":"2025-05-25T11:28:54","date_gmt":"2025-05-25T11:28:54","guid":{"rendered":"https:\/\/stourm.news\/?p=4121"},"modified":"2025-05-25T11:28:54","modified_gmt":"2025-05-25T11:28:54","slug":"emsav-25-mai-1892-naissance-de-jeanne-du-guerny-ecrivaine-et-nationaliste-bretonne-assassinee-par-les-francais-pour-crime-de-patriotisme-breton","status":"publish","type":"post","link":"https:\/\/stourm.news\/?p=4121","title":{"rendered":"EMSAV : 25 mai 1892, naissance de Jeanne du Guerny, \u00e9crivaine et nationaliste bretonne assassin\u00e9e par les Fran\u00e7ais pour crime de patriotisme breton"},"content":{"rendered":"<p style=\"text-align: justify;\">Le 13 juillet 1944, dans la for\u00eat de La Hardouinais \u00e0 Merdrignac, s\u2019\u00e9teignait tragiquement Jeanne Chassin du Guerny, n\u00e9e Jeanne Coroller, figure \u00e9minente du nationalisme breton et femme de lettres d\u2019exception. N\u00e9e le 25 mai 1892 \u00e0 Mordelles, en Ille-et-Vilaine, elle consacra sa vie \u00e0 la d\u00e9fense de l\u2019identit\u00e9 bretonne, \u00e0 travers ses \u00e9crits, son militantisme et son engagement ind\u00e9fectible pour la cause d\u2019une Bretagne libre et fi\u00e8re.<\/p>\n<p style=\"text-align: justify;\"><strong>Une enfance ancr\u00e9e dans la tradition bretonne<\/strong><\/p>\n<p style=\"text-align: justify;\">Jeanne Coroller voit le jour dans une famille profond\u00e9ment attach\u00e9e \u00e0 la culture bretonne. Son p\u00e8re, Eug\u00e8ne Coroller (1857-1923), connu sous le pseudonyme de Gweltaz, est un \u00e9crivain de langue bretonne, cofondateur de la revue Feiz ha Breiz et pr\u00e9sident du Breuriez ar Brezonneg, une organisation d\u00e9di\u00e9e \u00e0 la promotion de la langue bretonne. Descendant du colonel Coroller, membre de l\u2019\u00e9tat-major du chouan Georges Cadoudal, Eug\u00e8ne transmet \u00e0 sa fille un amour visc\u00e9ral pour la Bretagne, ses traditions et son histoire. Sa m\u00e8re, Pauline de Farcy de Beaumont (1858-1932), \u00e9galement bretonne, renforce cet h\u00e9ritage culturel.<\/p>\n<p style=\"text-align: justify;\">D\u00e8s son plus jeune \u00e2ge, Jeanne baigne dans un milieu o\u00f9 la langue, la litt\u00e9rature et l\u2019histoire bretonnes sont c\u00e9l\u00e9br\u00e9es. Cette \u00e9ducation forge son identit\u00e9 et son engagement, qui s\u2019exprimeront \u00e0 travers une carri\u00e8re litt\u00e9raire prolifique et un militantisme fervent.<\/p>\n<p style=\"text-align: justify;\"><strong>Un mariage et une famille au service de la Bretagne<\/strong><\/p>\n<p style=\"text-align: justify;\">En 1924, \u00e0 Tr\u00e9daniel, Jeanne \u00e9pouse Ren\u00e9 Chassin du Guerny (1877-1948), un \u00e9rudit breton, veuf de C\u00e9cile Loir-Mongazon, connu pour ses travaux sur la g\u00e9n\u00e9alogie et l\u2019h\u00e9raldique bretonnes, notamment son Armorial g\u00e9n\u00e9ral de France (1930). De cette union naissent sept enfants : Rozenn, Fran\u00e7ois, Armelle, Marie-H\u00e9l\u00e8ne, Yvonne-Jeanne (dite Vonig), Yannick et une autre fille non pr\u00e9cis\u00e9e dans certaines sources.<\/p>\n<p><img fetchpriority=\"high\" decoding=\"async\" class=\"alignnone size-medium\" src=\"https:\/\/upload.wikimedia.org\/wikipedia\/commons\/f\/f0\/Ch%C3%A2teau_de_La_Sauldraie_%28Penguily%29.jpg\" width=\"4000\" height=\"3000\" \/><\/p>\n<p style=\"text-align: center;\"><em>Ch\u00e2teau de La Saudraye<\/em><\/p>\n<p style=\"text-align: justify;\">La famille Chassin du Guerny s\u2019installe au ch\u00e2teau de La Saudraye, \u00e0 Penguily, un lieu qui deviendra un foyer de r\u00e9flexion nationaliste et un refuge pour les militants bretons.<\/p>\n<p style=\"text-align: justify;\"><strong>Une plume au service de l\u2019identit\u00e9 bretonne<\/strong><\/p>\n<p style=\"text-align: justify;\">Jeanne Coroller, connue sous son nom de plume Jeanne Danio, mais \u00e9galement sous d\u2019autres pseudonymes comme J.C. Danio, Gilles Gautrel, Jeanne de Coatgourc\u2019han ou Gilesse Penguilly, s\u2019impose comme une autrice de talent, particuli\u00e8rement dans la litt\u00e9rature jeunesse. Fervente catholique, elle m\u00eale dans ses \u00e9crits une spiritualit\u00e9 profonde \u00e0 un nationalisme breton affirm\u00e9, cherchant \u00e0 transmettre aux jeunes g\u00e9n\u00e9rations l\u2019amour de leur terre et de leur histoire.<\/p>\n<p><img decoding=\"async\" class=\"size-medium aligncenter\" src=\"https:\/\/upload.wikimedia.org\/wikipedia\/commons\/5\/58\/Histoire_de_notre_Bretagne_-_couverture.jpg\" width=\"410\" height=\"605\" \/><\/p>\n<p style=\"text-align: justify;\">D\u00e8s 1922, elle publie Histoire de notre Bretagne, illustr\u00e9e par Jeanne Malivel, une \u0153uvre fondatrice qui inspire la cr\u00e9ation du mouvement artistique et nationaliste Seiz Breur. Cet ouvrage, empreint d\u2019autonomisme, c\u00e9l\u00e8bre l\u2019histoire et l\u2019identit\u00e9 bretonnes. En 1929, Jeanne publie Le Myst\u00e8re de Bretagne, une pi\u00e8ce sc\u00e9nique adapt\u00e9e en breton par l\u2019abb\u00e9 Perrot et repr\u00e9sent\u00e9e devant pr\u00e8s de 10 000 spectateurs lors du festival Bleun-Brug \u00e0 Douarnenez, t\u00e9moignant de son rayonnement culturel.<\/p>\n<p><img decoding=\"async\" class=\"aligncenter\" src=\"https:\/\/i.ebayimg.com\/images\/g\/kQwAAOSwlThcDT7A\/s-l1200.jpg\" width=\"475\" height=\"633\" \/><\/p>\n<p style=\"text-align: justify;\">Dans les ann\u00e9es 1940, elle contribue \u00e0 la revue pour enfants \u00d4lol\u00e9, dirig\u00e9e par Herry Caouissin, o\u00f9 elle publie Les Loups de Coatmenez (1941) et sa suite, La Croisade des Loups (1943), illustr\u00e9es par \u00c9tienne Le Rallic. Ces r\u00e9cits d\u2019aventure, ancr\u00e9s dans un imaginaire breton, rencontrent un vif succ\u00e8s. Elle signe \u00e9galement Histoire de ma Bretagne et Le Tr\u00e9sor des douze (1935, sous le pseudonyme Gilles Gautrel), un roman policier publi\u00e9 par les Nouvelles \u00c9ditions Bretonnes. Ces \u0153uvres, souvent r\u00e9\u00e9dit\u00e9es, refl\u00e8tent son talent pour captiver un jeune public tout en insufflant un message patriotique.<\/p>\n<p style=\"text-align: justify;\"><strong>Un engagement nationaliste sans compromis<\/strong><\/p>\n<p style=\"text-align: justify;\">Jeanne Coroller s\u2019engage activement dans le mouvement breton, rejoignant des organisations comme Gwenn-ha-Du, le Parti Autonomiste Breton (PAB), le Parti National Breton (PNB) et le Kuzul Meur. Elle soutient financi\u00e8rement le PNB de Fransez Debauvais et le journal Breiz Atao, piliers du nationalisme breton. En ao\u00fbt 1943, son ch\u00e2teau de La Saudraye accueille les hommes de la Kadervenn, une milice nationaliste dirig\u00e9e par C\u00e9lestin Lain\u00e9.<\/p>\n<p style=\"text-align: justify;\">En mai 1944, Jeanne participe \u00e0 la cr\u00e9ation du Comit\u00e9 National Breton (CNB) aux c\u00f4t\u00e9s de Lain\u00e9, un groupement form\u00e9 par des dissidents du PNB. Ce choix place Jeanne dans le camp des nationalistes les plus purs. Cette position, bien que motiv\u00e9e par un id\u00e9al breton, la rend suspecte aux yeux des bandes communistes, dans un contexte de guerre o\u00f9 les alliances sont scrut\u00e9es avec m\u00e9fiance.<\/p>\n<p style=\"text-align: justify;\"><strong>Assassin\u00e9e par les communistes pour son engagement nationaliste<\/strong><\/p>\n<p style=\"text-align: justify;\">Le 12 juillet 1944, la vie de Jeanne bascule. Vers 10 heures, deux hommes arm\u00e9s se pr\u00e9sentent au ch\u00e2teau de La Saudraye pour r\u00e9quisitionner son automobile. Inform\u00e9e que son voisin, le commandant Christian Le Mintier de La Motte-Basse, sa famille et leur domestique Gertrude Baumgarten ont \u00e9t\u00e9 captur\u00e9s, Jeanne, accompagn\u00e9e de son fils Fran\u00e7ois et de sa s\u0153ur Charlotte Coroller, se rend \u00e0 pied au Gouray, probablement dans l\u2019espoir de plaider leur cause. Cependant, en raison de son engagement connu au sein du PNB et de sa proximit\u00e9 avec Lain\u00e9, elle est arr\u00eat\u00e9e avec son fils et sa s\u0153ur.<\/p>\n<p><img loading=\"lazy\" decoding=\"async\" class=\"alignnone size-medium\" src=\"https:\/\/media.ouest-france.fr\/v1\/pictures\/MjAyMjA5YjE3ODU2YjUyOWRiN2RlZTlhZmUxZTMzODkzYmNmMTY?width=1260&amp;height=708&amp;focuspoint=50%2C25&amp;cropresize=1&amp;client_id=bpeditorial&amp;sign=b5a0ddb30fd0b3529e2b3c85df876504b6e923c9a1b44cbe9344d4572fb78b86\" width=\"1260\" height=\"708\" \/><\/p>\n<p style=\"text-align: center;\"><em>H\u00e9l\u00e8ne de Montaignac (arri\u00e8re-petite-fille de Christian Le Mintier de la Motte Basse et enseigne de vaisseau), Ren\u00e9 Stephan, pr\u00e9sident d\u2019Aux Marins, Henri Le Mintier (fils de Christian), Anne-Marie de Boishebert (fille de Christian), Xavi\u00e8re de Petigny, Monique de Montaignac (fille de Christian), Ivan et Aymerik Le Mintier\u00a0<\/em><\/p>\n<p style=\"text-align: justify;\">Les captifs, \u00e0 l\u2019exception de Fran\u00e7ois, qui sera \u00e9pargn\u00e9, sont conduits dans la for\u00eat de La Hardouinais, \u00e0 Merdrignac. L\u00e0, un pr\u00e9tendu \u00ab tribunal militaire \u00bb du maquis de Boquen, compos\u00e9 notamment de deux parachutistes des Forces Fran\u00e7aises Libres, Andr\u00e9 Coquette et Francis Serville, ainsi que de Michel Carrier, membre du maquis FTP (communiste) de Seilla, prononce leur condamnation. Jeanne, Christian Le Mintier, son \u00e9pouse Henriette et sa s\u0153ur Alberte sont ex\u00e9cut\u00e9s par balle dans la t\u00eate. Les corps, jet\u00e9s dans une fosse commune \u00e0 La Fenderie, ne sont d\u00e9couverts que le 26 juillet 1944 et identifi\u00e9s le 30 juillet.<\/p>\n<p style=\"text-align: justify;\">Gertrude Baumgarten, la domestique (alsacienne), subit un sort tout aussi cruel. Emmen\u00e9e \u00e0 Saint-Gilles-du-Men\u00e9 par la \u00ab bande \u00e0 Mimile \u00bb, un groupe de r\u00e9sistants FTP (communiste) connu pour ses m\u00e9thodes exp\u00e9ditives, elle est viol\u00e9e et abattue apr\u00e8s usage le 24 juillet. Michel Carrier, dit \u00ab Mimile \u00bb, chef de ce groupe, est accus\u00e9 apr\u00e8s la Lib\u00e9ration d\u2019avoir orchestr\u00e9 plusieurs assassinats, mais il s\u2019\u00e9vade de prison \u00e0 Saint-Brieuc avant son proc\u00e8s et nie toute responsabilit\u00e9 lors d\u2019interrogatoires ult\u00e9rieurs en 1952 et dans les ann\u00e9es 1980.<\/p>\n<p style=\"text-align: justify;\"><strong>Les auteurs de l\u2019assassinat : une ombre sur la R\u00e9sistance<\/strong><\/p>\n<p style=\"text-align: justify;\">L\u2019assassinat de Jeanne Chassin du Guerny s\u2019inscrit dans le contexte des assassinats politiques qui marquent l&rsquo;ann\u00e9e 1944 en Bretagne. Les ex\u00e9cutions sommaires visaient souvent des personnes soup\u00e7onn\u00e9es de pouvoir constituer une opposition anti-communiste alors que l&rsquo;Arm\u00e9e rouge d\u00e9ferlait sur l&rsquo;Europe et que le Parti communiste pr\u00e9parait l&rsquo;instauration d&rsquo;une r\u00e9publique sovi\u00e9tique en France et en Bretagne. Jeanne, par son engagement nationaliste breton, devient une cible pour les bandes rouges, qui y voient une menace pour leurs objectifs politiques locaux. Breton int\u00e9grale et intransigeante, son martyre illustre la haine que vouent les marxistes \u00e0 la Bretagne bretonne.<\/p>\n<p style=\"text-align: justify;\"><strong>Un h\u00e9ritage breton \u00e0 honorer<\/strong><\/p>\n<p style=\"text-align: justify;\">Jeanne Chassin du Guerny laisse derri\u00e8re elle un h\u00e9ritage litt\u00e9raire et militant qui continue d\u2019inspirer les d\u00e9fenseurs de l\u2019identit\u00e9 bretonne. Ses \u0153uvres, malgr\u00e9 les controverses li\u00e9es \u00e0 certaines publications aux accents antis\u00e9mites (notamment dans Les Loups de Coatmenez), t\u00e9moignent d\u2019un amour profond pour la Bretagne, sa langue et son histoire. Son engagement, bien que marqu\u00e9 par des choix radicaux dans un contexte de guerre, refl\u00e8te une volont\u00e9 farouche de pr\u00e9server une identit\u00e9 menac\u00e9e.<\/p>\n<p style=\"text-align: justify;\">Sa mort tragique, dans des circonstances marqu\u00e9es par la violence et l\u2019injustice, rappelle la sauvagerie communiste en Bretagne. En rendant hommage \u00e0 Jeanne, nous ne c\u00e9l\u00e9brons pas seulement une \u00e9crivaine et une militante bretonne, mais une femme qui, jusqu\u2019\u00e0 son dernier souffle, a port\u00e9 haut les couleurs de la Bretagne.<\/p>\n<p style=\"text-align: right;\"><strong>Budig Gourmaelon<\/strong><\/p>\n","protected":false},"excerpt":{"rendered":"<p>Le 13 juillet 1944, dans la for\u00eat de La Hardouinais \u00e0 Merdrignac, s\u2019\u00e9teignait tragiquement Jeanne Chassin du Guerny, n\u00e9e Jeanne Coroller, figure \u00e9minente du nationalisme breton et femme de lettres d\u2019exception. N\u00e9e le 25 mai 1892 \u00e0 Mordelles, en Ille-et-Vilaine, elle consacra sa vie \u00e0 la d\u00e9fense de l\u2019identit\u00e9 bretonne, \u00e0 travers ses \u00e9crits, son [&hellip;]<\/p>\n","protected":false},"author":1,"featured_media":4122,"comment_status":"open","ping_status":"open","sticky":false,"template":"","format":"standard","meta":{"sb_editor_width":"","footnotes":""},"categories":[74,65],"tags":[],"class_list":["post-4121","post","type-post","status-publish","format-standard","has-post-thumbnail","hentry","category-emsav","category-principale"],"relative_dates":{"created":"11 mois ago","modified":"11 mois ago"},"yoast_head":"<!-- This site is optimized with the Yoast SEO plugin v26.3 - https:\/\/yoast.com\/wordpress\/plugins\/seo\/ -->\n<title>EMSAV : 25 mai 1892, naissance de Jeanne du Guerny, \u00e9crivaine et nationaliste bretonne assassin\u00e9e par les Fran\u00e7ais pour crime de patriotisme breton - STOURM<\/title>\n<meta name=\"robots\" content=\"index, follow, max-snippet:-1, max-image-preview:large, max-video-preview:-1\" \/>\n<link rel=\"canonical\" href=\"https:\/\/stourm.news\/?p=4121\" \/>\n<meta property=\"og:locale\" content=\"fr_FR\" \/>\n<meta property=\"og:type\" content=\"article\" \/>\n<meta property=\"og:title\" content=\"EMSAV : 25 mai 1892, naissance de Jeanne du Guerny, \u00e9crivaine et nationaliste bretonne assassin\u00e9e par les Fran\u00e7ais pour crime de patriotisme breton - STOURM\" \/>\n<meta property=\"og:description\" content=\"Le 13 juillet 1944, dans la for\u00eat de La Hardouinais \u00e0 Merdrignac, s\u2019\u00e9teignait tragiquement Jeanne Chassin du Guerny, n\u00e9e Jeanne Coroller, figure \u00e9minente du nationalisme breton et femme de lettres d\u2019exception. N\u00e9e le 25 mai 1892 \u00e0 Mordelles, en Ille-et-Vilaine, elle consacra sa vie \u00e0 la d\u00e9fense de l\u2019identit\u00e9 bretonne, \u00e0 travers ses \u00e9crits, son [&hellip;]\" \/>\n<meta property=\"og:url\" content=\"https:\/\/stourm.news\/?p=4121\" \/>\n<meta property=\"og:site_name\" content=\"STOURM\" \/>\n<meta property=\"article:publisher\" content=\"https:\/\/www.facebook.com\/stourmnews\/\" \/>\n<meta property=\"article:published_time\" content=\"2025-05-25T11:28:54+00:00\" \/>\n<meta property=\"og:image\" content=\"https:\/\/stourm.news\/wp-content\/uploads\/2025\/05\/Capture-decran-2025-05-25-a-20.25.27.png\" \/>\n\t<meta property=\"og:image:width\" content=\"516\" \/>\n\t<meta property=\"og:image:height\" content=\"360\" \/>\n\t<meta property=\"og:image:type\" content=\"image\/png\" \/>\n<meta name=\"author\" content=\"La r\u00e9daction\" \/>\n<meta name=\"twitter:card\" content=\"summary_large_image\" \/>\n<meta name=\"twitter:label1\" content=\"\u00c9crit par\" \/>\n\t<meta name=\"twitter:data1\" content=\"La r\u00e9daction\" \/>\n\t<meta name=\"twitter:label2\" content=\"Dur\u00e9e de lecture estim\u00e9e\" \/>\n\t<meta name=\"twitter:data2\" content=\"8 minutes\" \/>\n<script type=\"application\/ld+json\" class=\"yoast-schema-graph\">{\"@context\":\"https:\/\/schema.org\",\"@graph\":[{\"@type\":\"Article\",\"@id\":\"https:\/\/stourm.news\/?p=4121#article\",\"isPartOf\":{\"@id\":\"https:\/\/stourm.news\/?p=4121\"},\"author\":{\"name\":\"La r\u00e9daction\",\"@id\":\"https:\/\/stourm.news\/#\/schema\/person\/c3e1dc65988632e190969234ef046cf9\"},\"headline\":\"EMSAV : 25 mai 1892, naissance de Jeanne du Guerny, \u00e9crivaine et nationaliste bretonne assassin\u00e9e par les Fran\u00e7ais pour crime de patriotisme breton\",\"datePublished\":\"2025-05-25T11:28:54+00:00\",\"mainEntityOfPage\":{\"@id\":\"https:\/\/stourm.news\/?p=4121\"},\"wordCount\":1406,\"commentCount\":0,\"publisher\":{\"@id\":\"https:\/\/stourm.news\/#organization\"},\"image\":{\"@id\":\"https:\/\/stourm.news\/?p=4121#primaryimage\"},\"thumbnailUrl\":\"https:\/\/stourm.news\/wp-content\/uploads\/2025\/05\/Capture-decran-2025-05-25-a-20.25.27.png\",\"articleSection\":[\"Emsav\",\"Principale\"],\"inLanguage\":\"fr-FR\",\"potentialAction\":[{\"@type\":\"CommentAction\",\"name\":\"Comment\",\"target\":[\"https:\/\/stourm.news\/?p=4121#respond\"]}]},{\"@type\":\"WebPage\",\"@id\":\"https:\/\/stourm.news\/?p=4121\",\"url\":\"https:\/\/stourm.news\/?p=4121\",\"name\":\"EMSAV : 25 mai 1892, naissance de Jeanne du Guerny, \u00e9crivaine et nationaliste bretonne assassin\u00e9e par les Fran\u00e7ais pour crime de patriotisme breton - STOURM\",\"isPartOf\":{\"@id\":\"https:\/\/stourm.news\/#website\"},\"primaryImageOfPage\":{\"@id\":\"https:\/\/stourm.news\/?p=4121#primaryimage\"},\"image\":{\"@id\":\"https:\/\/stourm.news\/?p=4121#primaryimage\"},\"thumbnailUrl\":\"https:\/\/stourm.news\/wp-content\/uploads\/2025\/05\/Capture-decran-2025-05-25-a-20.25.27.png\",\"datePublished\":\"2025-05-25T11:28:54+00:00\",\"breadcrumb\":{\"@id\":\"https:\/\/stourm.news\/?p=4121#breadcrumb\"},\"inLanguage\":\"fr-FR\",\"potentialAction\":[{\"@type\":\"ReadAction\",\"target\":[\"https:\/\/stourm.news\/?p=4121\"]}]},{\"@type\":\"ImageObject\",\"inLanguage\":\"fr-FR\",\"@id\":\"https:\/\/stourm.news\/?p=4121#primaryimage\",\"url\":\"https:\/\/stourm.news\/wp-content\/uploads\/2025\/05\/Capture-decran-2025-05-25-a-20.25.27.png\",\"contentUrl\":\"https:\/\/stourm.news\/wp-content\/uploads\/2025\/05\/Capture-decran-2025-05-25-a-20.25.27.png\",\"width\":516,\"height\":360},{\"@type\":\"BreadcrumbList\",\"@id\":\"https:\/\/stourm.news\/?p=4121#breadcrumb\",\"itemListElement\":[{\"@type\":\"ListItem\",\"position\":1,\"name\":\"Accueil\",\"item\":\"https:\/\/stourm.news\/\"},{\"@type\":\"ListItem\",\"position\":2,\"name\":\"EMSAV : 25 mai 1892, naissance de Jeanne du Guerny, \u00e9crivaine et nationaliste bretonne assassin\u00e9e par les Fran\u00e7ais pour crime de patriotisme breton\"}]},{\"@type\":\"WebSite\",\"@id\":\"https:\/\/stourm.news\/#website\",\"url\":\"https:\/\/stourm.news\/\",\"name\":\"Stourm\",\"description\":\"Kazetenn Strollad Broadel Breizh\",\"publisher\":{\"@id\":\"https:\/\/stourm.news\/#organization\"},\"potentialAction\":[{\"@type\":\"SearchAction\",\"target\":{\"@type\":\"EntryPoint\",\"urlTemplate\":\"https:\/\/stourm.news\/?s={search_term_string}\"},\"query-input\":{\"@type\":\"PropertyValueSpecification\",\"valueRequired\":true,\"valueName\":\"search_term_string\"}}],\"inLanguage\":\"fr-FR\"},{\"@type\":\"Organization\",\"@id\":\"https:\/\/stourm.news\/#organization\",\"name\":\"Stourm\",\"url\":\"https:\/\/stourm.news\/\",\"logo\":{\"@type\":\"ImageObject\",\"inLanguage\":\"fr-FR\",\"@id\":\"https:\/\/stourm.news\/#\/schema\/logo\/image\/\",\"url\":\"https:\/\/stourm.news\/wp-content\/uploads\/2025\/11\/cropped-Capture-decran-2025-11-28-a-15.19.07.png\",\"contentUrl\":\"https:\/\/stourm.news\/wp-content\/uploads\/2025\/11\/cropped-Capture-decran-2025-11-28-a-15.19.07.png\",\"width\":1855,\"height\":383,\"caption\":\"Stourm\"},\"image\":{\"@id\":\"https:\/\/stourm.news\/#\/schema\/logo\/image\/\"},\"sameAs\":[\"https:\/\/www.facebook.com\/stourmnews\/\"]},{\"@type\":\"Person\",\"@id\":\"https:\/\/stourm.news\/#\/schema\/person\/c3e1dc65988632e190969234ef046cf9\",\"name\":\"La r\u00e9daction\",\"image\":{\"@type\":\"ImageObject\",\"inLanguage\":\"fr-FR\",\"@id\":\"https:\/\/stourm.news\/#\/schema\/person\/image\/\",\"url\":\"https:\/\/secure.gravatar.com\/avatar\/7463443f194b6b5fb706b074ca0ef59a0cfcfd720cb47764b0ec5a952ce422b3?s=96&d=mm&r=g\",\"contentUrl\":\"https:\/\/secure.gravatar.com\/avatar\/7463443f194b6b5fb706b074ca0ef59a0cfcfd720cb47764b0ec5a952ce422b3?s=96&d=mm&r=g\",\"caption\":\"La r\u00e9daction\"},\"sameAs\":[\"https:\/\/stourm.news\"],\"url\":\"https:\/\/stourm.news\/?author=1\"}]}<\/script>\n<!-- \/ Yoast SEO plugin. -->","yoast_head_json":{"title":"EMSAV : 25 mai 1892, naissance de Jeanne du Guerny, \u00e9crivaine et nationaliste bretonne assassin\u00e9e par les Fran\u00e7ais pour crime de patriotisme breton - STOURM","robots":{"index":"index","follow":"follow","max-snippet":"max-snippet:-1","max-image-preview":"max-image-preview:large","max-video-preview":"max-video-preview:-1"},"canonical":"https:\/\/stourm.news\/?p=4121","og_locale":"fr_FR","og_type":"article","og_title":"EMSAV : 25 mai 1892, naissance de Jeanne du Guerny, \u00e9crivaine et nationaliste bretonne assassin\u00e9e par les Fran\u00e7ais pour crime de patriotisme breton - STOURM","og_description":"Le 13 juillet 1944, dans la for\u00eat de La Hardouinais \u00e0 Merdrignac, s\u2019\u00e9teignait tragiquement Jeanne Chassin du Guerny, n\u00e9e Jeanne Coroller, figure \u00e9minente du nationalisme breton et femme de lettres d\u2019exception. N\u00e9e le 25 mai 1892 \u00e0 Mordelles, en Ille-et-Vilaine, elle consacra sa vie \u00e0 la d\u00e9fense de l\u2019identit\u00e9 bretonne, \u00e0 travers ses \u00e9crits, son [&hellip;]","og_url":"https:\/\/stourm.news\/?p=4121","og_site_name":"STOURM","article_publisher":"https:\/\/www.facebook.com\/stourmnews\/","article_published_time":"2025-05-25T11:28:54+00:00","og_image":[{"width":516,"height":360,"url":"https:\/\/stourm.news\/wp-content\/uploads\/2025\/05\/Capture-decran-2025-05-25-a-20.25.27.png","type":"image\/png"}],"author":"La r\u00e9daction","twitter_card":"summary_large_image","twitter_misc":{"\u00c9crit par":"La r\u00e9daction","Dur\u00e9e de lecture estim\u00e9e":"8 minutes"},"schema":{"@context":"https:\/\/schema.org","@graph":[{"@type":"Article","@id":"https:\/\/stourm.news\/?p=4121#article","isPartOf":{"@id":"https:\/\/stourm.news\/?p=4121"},"author":{"name":"La r\u00e9daction","@id":"https:\/\/stourm.news\/#\/schema\/person\/c3e1dc65988632e190969234ef046cf9"},"headline":"EMSAV : 25 mai 1892, naissance de Jeanne du Guerny, \u00e9crivaine et nationaliste bretonne assassin\u00e9e par les Fran\u00e7ais pour crime de patriotisme breton","datePublished":"2025-05-25T11:28:54+00:00","mainEntityOfPage":{"@id":"https:\/\/stourm.news\/?p=4121"},"wordCount":1406,"commentCount":0,"publisher":{"@id":"https:\/\/stourm.news\/#organization"},"image":{"@id":"https:\/\/stourm.news\/?p=4121#primaryimage"},"thumbnailUrl":"https:\/\/stourm.news\/wp-content\/uploads\/2025\/05\/Capture-decran-2025-05-25-a-20.25.27.png","articleSection":["Emsav","Principale"],"inLanguage":"fr-FR","potentialAction":[{"@type":"CommentAction","name":"Comment","target":["https:\/\/stourm.news\/?p=4121#respond"]}]},{"@type":"WebPage","@id":"https:\/\/stourm.news\/?p=4121","url":"https:\/\/stourm.news\/?p=4121","name":"EMSAV : 25 mai 1892, naissance de Jeanne du Guerny, \u00e9crivaine et nationaliste bretonne assassin\u00e9e par les Fran\u00e7ais pour crime de patriotisme breton - STOURM","isPartOf":{"@id":"https:\/\/stourm.news\/#website"},"primaryImageOfPage":{"@id":"https:\/\/stourm.news\/?p=4121#primaryimage"},"image":{"@id":"https:\/\/stourm.news\/?p=4121#primaryimage"},"thumbnailUrl":"https:\/\/stourm.news\/wp-content\/uploads\/2025\/05\/Capture-decran-2025-05-25-a-20.25.27.png","datePublished":"2025-05-25T11:28:54+00:00","breadcrumb":{"@id":"https:\/\/stourm.news\/?p=4121#breadcrumb"},"inLanguage":"fr-FR","potentialAction":[{"@type":"ReadAction","target":["https:\/\/stourm.news\/?p=4121"]}]},{"@type":"ImageObject","inLanguage":"fr-FR","@id":"https:\/\/stourm.news\/?p=4121#primaryimage","url":"https:\/\/stourm.news\/wp-content\/uploads\/2025\/05\/Capture-decran-2025-05-25-a-20.25.27.png","contentUrl":"https:\/\/stourm.news\/wp-content\/uploads\/2025\/05\/Capture-decran-2025-05-25-a-20.25.27.png","width":516,"height":360},{"@type":"BreadcrumbList","@id":"https:\/\/stourm.news\/?p=4121#breadcrumb","itemListElement":[{"@type":"ListItem","position":1,"name":"Accueil","item":"https:\/\/stourm.news\/"},{"@type":"ListItem","position":2,"name":"EMSAV : 25 mai 1892, naissance de Jeanne du Guerny, \u00e9crivaine et nationaliste bretonne assassin\u00e9e par les Fran\u00e7ais pour crime de patriotisme breton"}]},{"@type":"WebSite","@id":"https:\/\/stourm.news\/#website","url":"https:\/\/stourm.news\/","name":"Stourm","description":"Kazetenn Strollad Broadel Breizh","publisher":{"@id":"https:\/\/stourm.news\/#organization"},"potentialAction":[{"@type":"SearchAction","target":{"@type":"EntryPoint","urlTemplate":"https:\/\/stourm.news\/?s={search_term_string}"},"query-input":{"@type":"PropertyValueSpecification","valueRequired":true,"valueName":"search_term_string"}}],"inLanguage":"fr-FR"},{"@type":"Organization","@id":"https:\/\/stourm.news\/#organization","name":"Stourm","url":"https:\/\/stourm.news\/","logo":{"@type":"ImageObject","inLanguage":"fr-FR","@id":"https:\/\/stourm.news\/#\/schema\/logo\/image\/","url":"https:\/\/stourm.news\/wp-content\/uploads\/2025\/11\/cropped-Capture-decran-2025-11-28-a-15.19.07.png","contentUrl":"https:\/\/stourm.news\/wp-content\/uploads\/2025\/11\/cropped-Capture-decran-2025-11-28-a-15.19.07.png","width":1855,"height":383,"caption":"Stourm"},"image":{"@id":"https:\/\/stourm.news\/#\/schema\/logo\/image\/"},"sameAs":["https:\/\/www.facebook.com\/stourmnews\/"]},{"@type":"Person","@id":"https:\/\/stourm.news\/#\/schema\/person\/c3e1dc65988632e190969234ef046cf9","name":"La r\u00e9daction","image":{"@type":"ImageObject","inLanguage":"fr-FR","@id":"https:\/\/stourm.news\/#\/schema\/person\/image\/","url":"https:\/\/secure.gravatar.com\/avatar\/7463443f194b6b5fb706b074ca0ef59a0cfcfd720cb47764b0ec5a952ce422b3?s=96&d=mm&r=g","contentUrl":"https:\/\/secure.gravatar.com\/avatar\/7463443f194b6b5fb706b074ca0ef59a0cfcfd720cb47764b0ec5a952ce422b3?s=96&d=mm&r=g","caption":"La r\u00e9daction"},"sameAs":["https:\/\/stourm.news"],"url":"https:\/\/stourm.news\/?author=1"}]}},"_links":{"self":[{"href":"https:\/\/stourm.news\/index.php?rest_route=\/wp\/v2\/posts\/4121","targetHints":{"allow":["GET"]}}],"collection":[{"href":"https:\/\/stourm.news\/index.php?rest_route=\/wp\/v2\/posts"}],"about":[{"href":"https:\/\/stourm.news\/index.php?rest_route=\/wp\/v2\/types\/post"}],"author":[{"embeddable":true,"href":"https:\/\/stourm.news\/index.php?rest_route=\/wp\/v2\/users\/1"}],"replies":[{"embeddable":true,"href":"https:\/\/stourm.news\/index.php?rest_route=%2Fwp%2Fv2%2Fcomments&post=4121"}],"version-history":[{"count":1,"href":"https:\/\/stourm.news\/index.php?rest_route=\/wp\/v2\/posts\/4121\/revisions"}],"predecessor-version":[{"id":4123,"href":"https:\/\/stourm.news\/index.php?rest_route=\/wp\/v2\/posts\/4121\/revisions\/4123"}],"wp:featuredmedia":[{"embeddable":true,"href":"https:\/\/stourm.news\/index.php?rest_route=\/wp\/v2\/media\/4122"}],"wp:attachment":[{"href":"https:\/\/stourm.news\/index.php?rest_route=%2Fwp%2Fv2%2Fmedia&parent=4121"}],"wp:term":[{"taxonomy":"category","embeddable":true,"href":"https:\/\/stourm.news\/index.php?rest_route=%2Fwp%2Fv2%2Fcategories&post=4121"},{"taxonomy":"post_tag","embeddable":true,"href":"https:\/\/stourm.news\/index.php?rest_route=%2Fwp%2Fv2%2Ftags&post=4121"}],"curies":[{"name":"wp","href":"https:\/\/api.w.org\/{rel}","templated":true}]}}