{"id":4124,"date":"2025-05-27T09:13:32","date_gmt":"2025-05-27T09:13:32","guid":{"rendered":"https:\/\/stourm.news\/?p=4124"},"modified":"2025-05-27T09:15:32","modified_gmt":"2025-05-27T09:15:32","slug":"quand-les-droits-de-lhomme-et-lassemblee-nationale-font-naufrage-en-bretagne","status":"publish","type":"post","link":"https:\/\/stourm.news\/?p=4124","title":{"rendered":"Quand les Droits de l&rsquo;Homme et l&rsquo;Assembl\u00e9e Nationale font naufrage en Bretagne"},"content":{"rendered":"<p style=\"text-align: justify;\">La Bretagne, avec ses c\u00f4tes cisel\u00e9es, a toujours eu une relation singuli\u00e8re avec la R\u00e9publique fran\u00e7aise. Ses eaux, ses vents et ses r\u00e9cifs semblent, par moments, se jouer des id\u00e9aux grandiloquents port\u00e9s par les navires de guerre fran\u00e7ais aux noms \u00e9vocateurs : Droits de l\u2019Homme, Assembl\u00e9e Nationale, mais aussi Libert\u00e9, D\u00e9mocratie, R\u00e9publique Fran\u00e7aise.<\/p>\n<p style=\"text-align: justify;\">Le premier acte de cette comique trag\u00e9die maritime se joue en 1797, avec le Droits de l\u2019Homme, un vaisseau de ligne de 74 canons, fleuron de la flotte r\u00e9volutionnaire. Incarnant les id\u00e9aux universalistes de 1789, il s\u2019\u00e9lance dans l\u2019exp\u00e9dition d\u2019Irlande, une ambitieuse tentative de soutenir une r\u00e9bellion contre la couronne britannique. Command\u00e9 par le capitaine Raymond de Lacrosse, le navire transporte plus de 1 300 hommes, marins et soldats, anim\u00e9s par l\u2019espoir d\u2019exporter la R\u00e9volution. Mais la Bretagne, fid\u00e8le \u00e0 sa r\u00e9putation de gardienne intraitable, a d\u2019autres plans. Le 13 janvier 1797, apr\u00e8s un combat acharn\u00e9 contre les fr\u00e9gates britanniques HMS Indefatigable et HMS Amazon, une temp\u00eate d\u2019hiver s\u2019abat sur la flotte fran\u00e7aise dispers\u00e9e. Pouss\u00e9 par des vents hurlants, le Droits de l\u2019Homme s\u2019\u00e9choue sur un banc de sable dans la baie d\u2019Audierne, pr\u00e8s de Ploz\u00e9vet. Les vagues impitoyables engloutissent entre 400 et 600 \u00e2mes, tandis que les survivants, transis, sont secourus ou captur\u00e9s par les Britanniques.<\/p>\n<p><img fetchpriority=\"high\" decoding=\"async\" class=\"alignnone size-medium\" src=\"https:\/\/www.plozevet.bzh\/wp-content\/uploads\/2023\/09\/xh106591.jpg\" width=\"2048\" height=\"1365\" \/><\/p>\n<p style=\"text-align: center;\"><em>Plozevet<\/em><\/p>\n<p style=\"text-align: justify;\">Quelques ann\u00e9es plus t\u00f4t, en 1795, une autre incarnation des id\u00e9aux r\u00e9publicains, la corvette Assembl\u00e9e Nationale, conna\u00eet un sort tout aussi d\u00e9sastreux. Le 2 septembre 1795, poursuivie par la fr\u00e9gate britannique Diamond au large de Perros-Guirec, elle s\u2019\u00e9choue sur les rochers des Petits Renaud. Les brisants bretons, avec une pointe de malice, r\u00e9duisent ce symbole de la d\u00e9mocratie naissante en un amas de bois et de cordages. Les marins, confront\u00e9s \u00e0 la fureur des flots, doivent se demander si la mer elle-m\u00eame n\u2019a pas jug\u00e9 l\u2019Assembl\u00e9e un peu trop pr\u00e9somptueuse pour ses rivages. Ce naufrage, moins spectaculaire que celui du Droits de l\u2019Homme, n\u2019en est pas moins un rappel que la Bretagne, avec ses r\u00e9cifs tortueux, ne se laisse pas impressionner par les id\u00e9es de la d\u00e9magogie parisienne.<\/p>\n<p><img decoding=\"async\" class=\"alignnone size-medium\" src=\"https:\/\/image.jimcdn.com\/app\/cms\/image\/transf\/none\/path\/s15fa2d419c0052b9\/image\/i401d90dd49238fb9\/version\/1491595894\/image.jpg\" width=\"1279\" height=\"989\" \/><\/p>\n<p style=\"text-align: center;\"><em>Le naufrage de l&rsquo;Assembl\u00e9e Nationale<\/em><\/p>\n<p style=\"text-align: justify;\">Le troisi\u00e8me acte nous transporte au d\u00e9but du XXe si\u00e8cle, \u00e0 Toulon, o\u00f9 la Libert\u00e9, un cuirass\u00e9 de la classe \u00e9ponyme, construit dans l\u2019arsenal de Brest, entre en sc\u00e8ne. Lanc\u00e9 en 1905 et mis en service en 1908, ce g\u00e9ant d\u2019acier incarne l\u2019\u00e9lan modernisateur de la Marine de guerre fran\u00e7aise. Mais le 25 septembre 1911, une explosion dans les soutes \u00e0 munitions, caus\u00e9e par l\u2019instabilit\u00e9 chronique de la poudre B \u2013 ce fl\u00e9au des arsenaux fran\u00e7ais, d\u00e9j\u00e0 responsable du naufrage de l\u2019I\u00e9na en 1907 \u2013 transforme la Libert\u00e9 en un brasier infernal. Plus de 250 marins p\u00e9rissent dans la catastrophe, et les d\u00e9bris, projet\u00e9s \u00e0 des kilom\u00e8tres, s\u00e8ment le chaos dans le port de Toulon. Parmi les victimes collat\u00e9rales, deux autres navires aux noms tout aussi \u00e9loquents : la D\u00e9mocratie et la R\u00e9publique Fran\u00e7aise, tous deux issus des chantiers brestois.<\/p>\n<p><img decoding=\"async\" class=\"alignnone size-medium\" src=\"https:\/\/amtcollections.fr\/wp-content\/uploads\/2020\/03\/dept-83-TOULON-Catastrophe-du-%E2%80%9CLIBERTE%E2%80%9D-Les-Epaves-Le-25-septembre-1911-%C3%A0-5h55-du-matin-....jpg\" width=\"1800\" height=\"1212\" \/><\/p>\n<p style=\"text-align: justify;\">La D\u00e9mocratie, amarr\u00e9e non loin, re\u00e7oit un obus de 305 mm en plein carr\u00e9 des officiers, tuant trois membres d\u2019\u00e9quipage et n\u00e9cessitant un mois de r\u00e9parations. La R\u00e9publique Fran\u00e7aise, quant \u00e0 elle, subit des avaries moins s\u00e9v\u00e8res, mais l\u2019onde de choc et les d\u00e9bris laissent des traces sur sa coque et son moral. Ces deux navires, portant des noms si chers \u00e0 l\u2019id\u00e9al r\u00e9publicain, semblent presque nargu\u00e9s par l\u2019explosion de leur sister-ship, comme si la Bretagne, m\u00eame \u00e0 distance, continuait de r\u00e9gurgiter les ambitions de la R\u00e9publique fran\u00e7aise.<\/p>\n<p style=\"text-align: justify;\">Les id\u00e9aux les plus ronflants, lorsqu\u2019ils prennent la mer, doivent composer avec une nature et une histoire qui ne se plient pas si facilement aux d\u00e9clarations d\u2019intention. La Bretagne, immuable, avec son caract\u00e8re forg\u00e9 par les temp\u00eates et son attachement \u00e0 ses traditions, finit invariablement par rejeter les greffes \u00e9trang\u00e8res approximatives.<\/p>\n<p style=\"text-align: justify;\">Il y a des constantes.<\/p>\n<p style=\"text-align: right;\"><strong>Budig Gourmaelon<\/strong><\/p>\n<p style=\"text-align: right;\">Illustration : <em>Le naufrage du Droits de l&rsquo;Homme<\/em><\/p>\n","protected":false},"excerpt":{"rendered":"<p>La Bretagne, avec ses c\u00f4tes cisel\u00e9es, a toujours eu une relation singuli\u00e8re avec la R\u00e9publique fran\u00e7aise. Ses eaux, ses vents et ses r\u00e9cifs semblent, par moments, se jouer des id\u00e9aux grandiloquents port\u00e9s par les navires de guerre fran\u00e7ais aux noms \u00e9vocateurs : Droits de l\u2019Homme, Assembl\u00e9e Nationale, mais aussi Libert\u00e9, D\u00e9mocratie, R\u00e9publique Fran\u00e7aise. Le premier [&hellip;]<\/p>\n","protected":false},"author":1,"featured_media":4126,"comment_status":"open","ping_status":"open","sticky":false,"template":"","format":"standard","meta":{"sb_editor_width":"","footnotes":""},"categories":[50,65],"tags":[],"class_list":["post-4124","post","type-post","status-publish","format-standard","has-post-thumbnail","hentry","category-histoire-de-bretagne","category-principale"],"relative_dates":{"created":"11 mois ago","modified":"11 mois ago"},"yoast_head":"<!-- This site is optimized with the Yoast SEO plugin v26.3 - https:\/\/yoast.com\/wordpress\/plugins\/seo\/ -->\n<title>Quand les Droits de l&#039;Homme et l&#039;Assembl\u00e9e Nationale font naufrage en Bretagne - STOURM<\/title>\n<meta name=\"robots\" content=\"index, follow, max-snippet:-1, max-image-preview:large, max-video-preview:-1\" \/>\n<link rel=\"canonical\" href=\"https:\/\/stourm.news\/?p=4124\" \/>\n<meta property=\"og:locale\" content=\"fr_FR\" \/>\n<meta property=\"og:type\" content=\"article\" \/>\n<meta property=\"og:title\" content=\"Quand les Droits de l&#039;Homme et l&#039;Assembl\u00e9e Nationale font naufrage en Bretagne - STOURM\" \/>\n<meta property=\"og:description\" content=\"La Bretagne, avec ses c\u00f4tes cisel\u00e9es, a toujours eu une relation singuli\u00e8re avec la R\u00e9publique fran\u00e7aise. Ses eaux, ses vents et ses r\u00e9cifs semblent, par moments, se jouer des id\u00e9aux grandiloquents port\u00e9s par les navires de guerre fran\u00e7ais aux noms \u00e9vocateurs : Droits de l\u2019Homme, Assembl\u00e9e Nationale, mais aussi Libert\u00e9, D\u00e9mocratie, R\u00e9publique Fran\u00e7aise. Le premier [&hellip;]\" \/>\n<meta property=\"og:url\" content=\"https:\/\/stourm.news\/?p=4124\" \/>\n<meta property=\"og:site_name\" content=\"STOURM\" \/>\n<meta property=\"article:publisher\" content=\"https:\/\/www.facebook.com\/stourmnews\/\" \/>\n<meta property=\"article:published_time\" content=\"2025-05-27T09:13:32+00:00\" \/>\n<meta property=\"article:modified_time\" content=\"2025-05-27T09:15:32+00:00\" \/>\n<meta property=\"og:image\" content=\"https:\/\/stourm.news\/wp-content\/uploads\/2025\/05\/Vaisseau-Droits-de-lHomme.jpg\" \/>\n\t<meta property=\"og:image:width\" content=\"1100\" \/>\n\t<meta property=\"og:image:height\" content=\"823\" \/>\n\t<meta property=\"og:image:type\" content=\"image\/jpeg\" \/>\n<meta name=\"author\" content=\"La r\u00e9daction\" \/>\n<meta name=\"twitter:card\" content=\"summary_large_image\" \/>\n<meta name=\"twitter:label1\" content=\"\u00c9crit par\" \/>\n\t<meta name=\"twitter:data1\" content=\"La r\u00e9daction\" \/>\n\t<meta name=\"twitter:label2\" content=\"Dur\u00e9e de lecture estim\u00e9e\" \/>\n\t<meta name=\"twitter:data2\" content=\"5 minutes\" \/>\n<script type=\"application\/ld+json\" class=\"yoast-schema-graph\">{\"@context\":\"https:\/\/schema.org\",\"@graph\":[{\"@type\":\"Article\",\"@id\":\"https:\/\/stourm.news\/?p=4124#article\",\"isPartOf\":{\"@id\":\"https:\/\/stourm.news\/?p=4124\"},\"author\":{\"name\":\"La r\u00e9daction\",\"@id\":\"https:\/\/stourm.news\/#\/schema\/person\/c3e1dc65988632e190969234ef046cf9\"},\"headline\":\"Quand les Droits de l&rsquo;Homme et l&rsquo;Assembl\u00e9e Nationale font naufrage en Bretagne\",\"datePublished\":\"2025-05-27T09:13:32+00:00\",\"dateModified\":\"2025-05-27T09:15:32+00:00\",\"mainEntityOfPage\":{\"@id\":\"https:\/\/stourm.news\/?p=4124\"},\"wordCount\":741,\"commentCount\":0,\"publisher\":{\"@id\":\"https:\/\/stourm.news\/#organization\"},\"image\":{\"@id\":\"https:\/\/stourm.news\/?p=4124#primaryimage\"},\"thumbnailUrl\":\"https:\/\/stourm.news\/wp-content\/uploads\/2025\/05\/Vaisseau-Droits-de-lHomme.jpg\",\"articleSection\":[\"Histoire de Bretagne\",\"Principale\"],\"inLanguage\":\"fr-FR\",\"potentialAction\":[{\"@type\":\"CommentAction\",\"name\":\"Comment\",\"target\":[\"https:\/\/stourm.news\/?p=4124#respond\"]}]},{\"@type\":\"WebPage\",\"@id\":\"https:\/\/stourm.news\/?p=4124\",\"url\":\"https:\/\/stourm.news\/?p=4124\",\"name\":\"Quand les Droits de l'Homme et l'Assembl\u00e9e Nationale font naufrage en Bretagne - STOURM\",\"isPartOf\":{\"@id\":\"https:\/\/stourm.news\/#website\"},\"primaryImageOfPage\":{\"@id\":\"https:\/\/stourm.news\/?p=4124#primaryimage\"},\"image\":{\"@id\":\"https:\/\/stourm.news\/?p=4124#primaryimage\"},\"thumbnailUrl\":\"https:\/\/stourm.news\/wp-content\/uploads\/2025\/05\/Vaisseau-Droits-de-lHomme.jpg\",\"datePublished\":\"2025-05-27T09:13:32+00:00\",\"dateModified\":\"2025-05-27T09:15:32+00:00\",\"breadcrumb\":{\"@id\":\"https:\/\/stourm.news\/?p=4124#breadcrumb\"},\"inLanguage\":\"fr-FR\",\"potentialAction\":[{\"@type\":\"ReadAction\",\"target\":[\"https:\/\/stourm.news\/?p=4124\"]}]},{\"@type\":\"ImageObject\",\"inLanguage\":\"fr-FR\",\"@id\":\"https:\/\/stourm.news\/?p=4124#primaryimage\",\"url\":\"https:\/\/stourm.news\/wp-content\/uploads\/2025\/05\/Vaisseau-Droits-de-lHomme.jpg\",\"contentUrl\":\"https:\/\/stourm.news\/wp-content\/uploads\/2025\/05\/Vaisseau-Droits-de-lHomme.jpg\",\"width\":1100,\"height\":823},{\"@type\":\"BreadcrumbList\",\"@id\":\"https:\/\/stourm.news\/?p=4124#breadcrumb\",\"itemListElement\":[{\"@type\":\"ListItem\",\"position\":1,\"name\":\"Accueil\",\"item\":\"https:\/\/stourm.news\/\"},{\"@type\":\"ListItem\",\"position\":2,\"name\":\"Quand les Droits de l&rsquo;Homme et l&rsquo;Assembl\u00e9e Nationale font naufrage en Bretagne\"}]},{\"@type\":\"WebSite\",\"@id\":\"https:\/\/stourm.news\/#website\",\"url\":\"https:\/\/stourm.news\/\",\"name\":\"Stourm\",\"description\":\"Kazetenn Strollad Broadel Breizh\",\"publisher\":{\"@id\":\"https:\/\/stourm.news\/#organization\"},\"potentialAction\":[{\"@type\":\"SearchAction\",\"target\":{\"@type\":\"EntryPoint\",\"urlTemplate\":\"https:\/\/stourm.news\/?s={search_term_string}\"},\"query-input\":{\"@type\":\"PropertyValueSpecification\",\"valueRequired\":true,\"valueName\":\"search_term_string\"}}],\"inLanguage\":\"fr-FR\"},{\"@type\":\"Organization\",\"@id\":\"https:\/\/stourm.news\/#organization\",\"name\":\"Stourm\",\"url\":\"https:\/\/stourm.news\/\",\"logo\":{\"@type\":\"ImageObject\",\"inLanguage\":\"fr-FR\",\"@id\":\"https:\/\/stourm.news\/#\/schema\/logo\/image\/\",\"url\":\"https:\/\/stourm.news\/wp-content\/uploads\/2025\/11\/cropped-Capture-decran-2025-11-28-a-15.19.07.png\",\"contentUrl\":\"https:\/\/stourm.news\/wp-content\/uploads\/2025\/11\/cropped-Capture-decran-2025-11-28-a-15.19.07.png\",\"width\":1855,\"height\":383,\"caption\":\"Stourm\"},\"image\":{\"@id\":\"https:\/\/stourm.news\/#\/schema\/logo\/image\/\"},\"sameAs\":[\"https:\/\/www.facebook.com\/stourmnews\/\"]},{\"@type\":\"Person\",\"@id\":\"https:\/\/stourm.news\/#\/schema\/person\/c3e1dc65988632e190969234ef046cf9\",\"name\":\"La r\u00e9daction\",\"image\":{\"@type\":\"ImageObject\",\"inLanguage\":\"fr-FR\",\"@id\":\"https:\/\/stourm.news\/#\/schema\/person\/image\/\",\"url\":\"https:\/\/secure.gravatar.com\/avatar\/7463443f194b6b5fb706b074ca0ef59a0cfcfd720cb47764b0ec5a952ce422b3?s=96&d=mm&r=g\",\"contentUrl\":\"https:\/\/secure.gravatar.com\/avatar\/7463443f194b6b5fb706b074ca0ef59a0cfcfd720cb47764b0ec5a952ce422b3?s=96&d=mm&r=g\",\"caption\":\"La r\u00e9daction\"},\"sameAs\":[\"https:\/\/stourm.news\"],\"url\":\"https:\/\/stourm.news\/?author=1\"}]}<\/script>\n<!-- \/ Yoast SEO plugin. -->","yoast_head_json":{"title":"Quand les Droits de l'Homme et l'Assembl\u00e9e Nationale font naufrage en Bretagne - STOURM","robots":{"index":"index","follow":"follow","max-snippet":"max-snippet:-1","max-image-preview":"max-image-preview:large","max-video-preview":"max-video-preview:-1"},"canonical":"https:\/\/stourm.news\/?p=4124","og_locale":"fr_FR","og_type":"article","og_title":"Quand les Droits de l'Homme et l'Assembl\u00e9e Nationale font naufrage en Bretagne - STOURM","og_description":"La Bretagne, avec ses c\u00f4tes cisel\u00e9es, a toujours eu une relation singuli\u00e8re avec la R\u00e9publique fran\u00e7aise. Ses eaux, ses vents et ses r\u00e9cifs semblent, par moments, se jouer des id\u00e9aux grandiloquents port\u00e9s par les navires de guerre fran\u00e7ais aux noms \u00e9vocateurs : Droits de l\u2019Homme, Assembl\u00e9e Nationale, mais aussi Libert\u00e9, D\u00e9mocratie, R\u00e9publique Fran\u00e7aise. Le premier [&hellip;]","og_url":"https:\/\/stourm.news\/?p=4124","og_site_name":"STOURM","article_publisher":"https:\/\/www.facebook.com\/stourmnews\/","article_published_time":"2025-05-27T09:13:32+00:00","article_modified_time":"2025-05-27T09:15:32+00:00","og_image":[{"width":1100,"height":823,"url":"https:\/\/stourm.news\/wp-content\/uploads\/2025\/05\/Vaisseau-Droits-de-lHomme.jpg","type":"image\/jpeg"}],"author":"La r\u00e9daction","twitter_card":"summary_large_image","twitter_misc":{"\u00c9crit par":"La r\u00e9daction","Dur\u00e9e de lecture estim\u00e9e":"5 minutes"},"schema":{"@context":"https:\/\/schema.org","@graph":[{"@type":"Article","@id":"https:\/\/stourm.news\/?p=4124#article","isPartOf":{"@id":"https:\/\/stourm.news\/?p=4124"},"author":{"name":"La r\u00e9daction","@id":"https:\/\/stourm.news\/#\/schema\/person\/c3e1dc65988632e190969234ef046cf9"},"headline":"Quand les Droits de l&rsquo;Homme et l&rsquo;Assembl\u00e9e Nationale font naufrage en Bretagne","datePublished":"2025-05-27T09:13:32+00:00","dateModified":"2025-05-27T09:15:32+00:00","mainEntityOfPage":{"@id":"https:\/\/stourm.news\/?p=4124"},"wordCount":741,"commentCount":0,"publisher":{"@id":"https:\/\/stourm.news\/#organization"},"image":{"@id":"https:\/\/stourm.news\/?p=4124#primaryimage"},"thumbnailUrl":"https:\/\/stourm.news\/wp-content\/uploads\/2025\/05\/Vaisseau-Droits-de-lHomme.jpg","articleSection":["Histoire de Bretagne","Principale"],"inLanguage":"fr-FR","potentialAction":[{"@type":"CommentAction","name":"Comment","target":["https:\/\/stourm.news\/?p=4124#respond"]}]},{"@type":"WebPage","@id":"https:\/\/stourm.news\/?p=4124","url":"https:\/\/stourm.news\/?p=4124","name":"Quand les Droits de l'Homme et l'Assembl\u00e9e Nationale font naufrage en Bretagne - STOURM","isPartOf":{"@id":"https:\/\/stourm.news\/#website"},"primaryImageOfPage":{"@id":"https:\/\/stourm.news\/?p=4124#primaryimage"},"image":{"@id":"https:\/\/stourm.news\/?p=4124#primaryimage"},"thumbnailUrl":"https:\/\/stourm.news\/wp-content\/uploads\/2025\/05\/Vaisseau-Droits-de-lHomme.jpg","datePublished":"2025-05-27T09:13:32+00:00","dateModified":"2025-05-27T09:15:32+00:00","breadcrumb":{"@id":"https:\/\/stourm.news\/?p=4124#breadcrumb"},"inLanguage":"fr-FR","potentialAction":[{"@type":"ReadAction","target":["https:\/\/stourm.news\/?p=4124"]}]},{"@type":"ImageObject","inLanguage":"fr-FR","@id":"https:\/\/stourm.news\/?p=4124#primaryimage","url":"https:\/\/stourm.news\/wp-content\/uploads\/2025\/05\/Vaisseau-Droits-de-lHomme.jpg","contentUrl":"https:\/\/stourm.news\/wp-content\/uploads\/2025\/05\/Vaisseau-Droits-de-lHomme.jpg","width":1100,"height":823},{"@type":"BreadcrumbList","@id":"https:\/\/stourm.news\/?p=4124#breadcrumb","itemListElement":[{"@type":"ListItem","position":1,"name":"Accueil","item":"https:\/\/stourm.news\/"},{"@type":"ListItem","position":2,"name":"Quand les Droits de l&rsquo;Homme et l&rsquo;Assembl\u00e9e Nationale font naufrage en Bretagne"}]},{"@type":"WebSite","@id":"https:\/\/stourm.news\/#website","url":"https:\/\/stourm.news\/","name":"Stourm","description":"Kazetenn Strollad Broadel Breizh","publisher":{"@id":"https:\/\/stourm.news\/#organization"},"potentialAction":[{"@type":"SearchAction","target":{"@type":"EntryPoint","urlTemplate":"https:\/\/stourm.news\/?s={search_term_string}"},"query-input":{"@type":"PropertyValueSpecification","valueRequired":true,"valueName":"search_term_string"}}],"inLanguage":"fr-FR"},{"@type":"Organization","@id":"https:\/\/stourm.news\/#organization","name":"Stourm","url":"https:\/\/stourm.news\/","logo":{"@type":"ImageObject","inLanguage":"fr-FR","@id":"https:\/\/stourm.news\/#\/schema\/logo\/image\/","url":"https:\/\/stourm.news\/wp-content\/uploads\/2025\/11\/cropped-Capture-decran-2025-11-28-a-15.19.07.png","contentUrl":"https:\/\/stourm.news\/wp-content\/uploads\/2025\/11\/cropped-Capture-decran-2025-11-28-a-15.19.07.png","width":1855,"height":383,"caption":"Stourm"},"image":{"@id":"https:\/\/stourm.news\/#\/schema\/logo\/image\/"},"sameAs":["https:\/\/www.facebook.com\/stourmnews\/"]},{"@type":"Person","@id":"https:\/\/stourm.news\/#\/schema\/person\/c3e1dc65988632e190969234ef046cf9","name":"La r\u00e9daction","image":{"@type":"ImageObject","inLanguage":"fr-FR","@id":"https:\/\/stourm.news\/#\/schema\/person\/image\/","url":"https:\/\/secure.gravatar.com\/avatar\/7463443f194b6b5fb706b074ca0ef59a0cfcfd720cb47764b0ec5a952ce422b3?s=96&d=mm&r=g","contentUrl":"https:\/\/secure.gravatar.com\/avatar\/7463443f194b6b5fb706b074ca0ef59a0cfcfd720cb47764b0ec5a952ce422b3?s=96&d=mm&r=g","caption":"La r\u00e9daction"},"sameAs":["https:\/\/stourm.news"],"url":"https:\/\/stourm.news\/?author=1"}]}},"_links":{"self":[{"href":"https:\/\/stourm.news\/index.php?rest_route=\/wp\/v2\/posts\/4124","targetHints":{"allow":["GET"]}}],"collection":[{"href":"https:\/\/stourm.news\/index.php?rest_route=\/wp\/v2\/posts"}],"about":[{"href":"https:\/\/stourm.news\/index.php?rest_route=\/wp\/v2\/types\/post"}],"author":[{"embeddable":true,"href":"https:\/\/stourm.news\/index.php?rest_route=\/wp\/v2\/users\/1"}],"replies":[{"embeddable":true,"href":"https:\/\/stourm.news\/index.php?rest_route=%2Fwp%2Fv2%2Fcomments&post=4124"}],"version-history":[{"count":4,"href":"https:\/\/stourm.news\/index.php?rest_route=\/wp\/v2\/posts\/4124\/revisions"}],"predecessor-version":[{"id":4130,"href":"https:\/\/stourm.news\/index.php?rest_route=\/wp\/v2\/posts\/4124\/revisions\/4130"}],"wp:featuredmedia":[{"embeddable":true,"href":"https:\/\/stourm.news\/index.php?rest_route=\/wp\/v2\/media\/4126"}],"wp:attachment":[{"href":"https:\/\/stourm.news\/index.php?rest_route=%2Fwp%2Fv2%2Fmedia&parent=4124"}],"wp:term":[{"taxonomy":"category","embeddable":true,"href":"https:\/\/stourm.news\/index.php?rest_route=%2Fwp%2Fv2%2Fcategories&post=4124"},{"taxonomy":"post_tag","embeddable":true,"href":"https:\/\/stourm.news\/index.php?rest_route=%2Fwp%2Fv2%2Ftags&post=4124"}],"curies":[{"name":"wp","href":"https:\/\/api.w.org\/{rel}","templated":true}]}}