{"id":4131,"date":"2025-05-27T09:57:02","date_gmt":"2025-05-27T09:57:02","guid":{"rendered":"https:\/\/stourm.news\/?p=4131"},"modified":"2025-05-27T09:59:20","modified_gmt":"2025-05-27T09:59:20","slug":"komborn-ille-et-vilaine-la-presidente-du-tribunal-soutient-la-regularisation-de-deux-marocains-sous-oqtf-condamnes-pour-vols-et-menaces-de-mort","status":"publish","type":"post","link":"https:\/\/stourm.news\/?p=4131","title":{"rendered":"Komborn (Ille-et-Vilaine) : la pr\u00e9sidente du tribunal soutient la r\u00e9gularisation de deux Marocains sous OQTF condamn\u00e9s pour vols et menaces de mort"},"content":{"rendered":"<p style=\"text-align: justify;\">Le 25 mai 2025, le tribunal correctionnel de Saint-Malo a jug\u00e9 deux ressortissants marocains, sous obligation de quitter le territoire fran\u00e7ais (OQTF), pour une s\u00e9rie de cambriolages \u00e0 Combourg, en Ille-et-Vilaine.<\/p>\n<p style=\"text-align: justify;\">Les faits, survenus la veille, impliquent des intrusions dans plusieurs habitations pour d\u00e9rober bijoux et objets de valeur. L\u2019un des pr\u00e9venus, d\u00e9j\u00e0 connu de la justice, s\u2019est distingu\u00e9 par des <strong>menaces de mort<\/strong> prof\u00e9r\u00e9es contre les gendarmes lors de son arrestation, promettant notamment de <strong>\u00ab br\u00fbler [leur] maison \u00bb<\/strong> sous l\u2019emprise de l\u2019alcool et de stup\u00e9fiants. Ce dernier a \u00e9cop\u00e9 de neuf mois de prison ferme avec mandat de d\u00e9p\u00f4t, tandis que son complice a re\u00e7u douze mois avec sursis probatoire.<\/p>\n<p style=\"text-align: justify;\">Dans une tournure qui ne manque pas de sel, la pr\u00e9sidente du tribunal a encourag\u00e9 le principal accus\u00e9, malgr\u00e9 ses menaces violentes, \u00e0 entreprendre des d\u00e9marches pour <strong>r\u00e9gulariser<\/strong> <strong>sa situation<\/strong>, soulignant l\u2019impasse administrative li\u00e9e \u00e0 l\u2019OQTF. Le Maroc refusant de reconna\u00eetre l\u2019un des pr\u00e9venus comme ressortissant, l\u2019expulsion devient un v\u0153u pieux, laissant ces \u00e9trangers dans un flou juridique qui leur permet de se maintenir en Bretagne.<\/p>\n<p style=\"text-align: justify;\">Cette affaire, rapport\u00e9e par <strong><a href=\"https:\/\/www.frontieresmedia.fr\/societe\/combourg-deux-marocains-sous-oqtf-pour-condamnes-pour-cambriolages-la-presidente-du-tribunal-enco\">Fronti\u00e8res<\/a><\/strong>, illustre le laxisme de l&rsquo;\u00c9tat fran\u00e7ais, et la n\u00e9cessit\u00e9 pour la Bretagne de disposer de sa pleine souverainet\u00e9 afin d&rsquo;assurer la protection de la population bretonne en expulsant vers la France les \u00e9trangers ind\u00e9sirables que Paris impose aux Bretons.<\/p>\n<p style=\"text-align: right;\"><strong>Ewen Broc&rsquo;han<\/strong><\/p>\n","protected":false},"excerpt":{"rendered":"<p>Le 25 mai 2025, le tribunal correctionnel de Saint-Malo a jug\u00e9 deux ressortissants marocains, sous obligation de quitter le territoire fran\u00e7ais (OQTF), pour une s\u00e9rie de cambriolages \u00e0 Combourg, en Ille-et-Vilaine. Les faits, survenus la veille, impliquent des intrusions dans plusieurs habitations pour d\u00e9rober bijoux et objets de valeur. L\u2019un des pr\u00e9venus, d\u00e9j\u00e0 connu de [&hellip;]<\/p>\n","protected":false},"author":1,"featured_media":4134,"comment_status":"open","ping_status":"open","sticky":false,"template":"","format":"standard","meta":{"sb_editor_width":"","footnotes":""},"categories":[41,33,65],"tags":[],"class_list":["post-4131","post","type-post","status-publish","format-standard","has-post-thumbnail","hentry","category-ille-et-vilaine","category-immigration","category-principale"],"relative_dates":{"created":"11 mois ago","modified":"11 mois ago"},"yoast_head":"<!-- This site is optimized with the Yoast SEO plugin v26.3 - https:\/\/yoast.com\/wordpress\/plugins\/seo\/ -->\n<title>Komborn (Ille-et-Vilaine) : la pr\u00e9sidente du tribunal soutient la r\u00e9gularisation de deux Marocains sous OQTF condamn\u00e9s pour vols et menaces de mort - STOURM<\/title>\n<meta name=\"robots\" content=\"index, follow, max-snippet:-1, max-image-preview:large, max-video-preview:-1\" \/>\n<link rel=\"canonical\" href=\"https:\/\/stourm.news\/?p=4131\" \/>\n<meta property=\"og:locale\" content=\"fr_FR\" \/>\n<meta property=\"og:type\" content=\"article\" \/>\n<meta property=\"og:title\" content=\"Komborn (Ille-et-Vilaine) : la pr\u00e9sidente du tribunal soutient la r\u00e9gularisation de deux Marocains sous OQTF condamn\u00e9s pour vols et menaces de mort - STOURM\" \/>\n<meta property=\"og:description\" content=\"Le 25 mai 2025, le tribunal correctionnel de Saint-Malo a jug\u00e9 deux ressortissants marocains, sous obligation de quitter le territoire fran\u00e7ais (OQTF), pour une s\u00e9rie de cambriolages \u00e0 Combourg, en Ille-et-Vilaine. Les faits, survenus la veille, impliquent des intrusions dans plusieurs habitations pour d\u00e9rober bijoux et objets de valeur. L\u2019un des pr\u00e9venus, d\u00e9j\u00e0 connu de [&hellip;]\" \/>\n<meta property=\"og:url\" content=\"https:\/\/stourm.news\/?p=4131\" \/>\n<meta property=\"og:site_name\" content=\"STOURM\" \/>\n<meta property=\"article:publisher\" content=\"https:\/\/www.facebook.com\/stourmnews\/\" \/>\n<meta property=\"article:published_time\" content=\"2025-05-27T09:57:02+00:00\" \/>\n<meta property=\"article:modified_time\" content=\"2025-05-27T09:59:20+00:00\" \/>\n<meta property=\"og:image\" content=\"https:\/\/stourm.news\/wp-content\/uploads\/2025\/05\/a27529b008576077529b008571b752v_-scaled-e1740127856426.jpg\" \/>\n\t<meta property=\"og:image:width\" content=\"1000\" \/>\n\t<meta property=\"og:image:height\" content=\"550\" \/>\n\t<meta property=\"og:image:type\" content=\"image\/jpeg\" \/>\n<meta name=\"author\" content=\"La r\u00e9daction\" \/>\n<meta name=\"twitter:card\" content=\"summary_large_image\" \/>\n<meta name=\"twitter:label1\" content=\"\u00c9crit par\" \/>\n\t<meta name=\"twitter:data1\" content=\"La r\u00e9daction\" \/>\n\t<meta name=\"twitter:label2\" content=\"Dur\u00e9e de lecture estim\u00e9e\" \/>\n\t<meta name=\"twitter:data2\" content=\"2 minutes\" \/>\n<script type=\"application\/ld+json\" class=\"yoast-schema-graph\">{\"@context\":\"https:\/\/schema.org\",\"@graph\":[{\"@type\":\"Article\",\"@id\":\"https:\/\/stourm.news\/?p=4131#article\",\"isPartOf\":{\"@id\":\"https:\/\/stourm.news\/?p=4131\"},\"author\":{\"name\":\"La r\u00e9daction\",\"@id\":\"https:\/\/stourm.news\/#\/schema\/person\/c3e1dc65988632e190969234ef046cf9\"},\"headline\":\"Komborn (Ille-et-Vilaine) : la pr\u00e9sidente du tribunal soutient la r\u00e9gularisation de deux Marocains sous OQTF condamn\u00e9s pour vols et menaces de mort\",\"datePublished\":\"2025-05-27T09:57:02+00:00\",\"dateModified\":\"2025-05-27T09:59:20+00:00\",\"mainEntityOfPage\":{\"@id\":\"https:\/\/stourm.news\/?p=4131\"},\"wordCount\":276,\"commentCount\":0,\"publisher\":{\"@id\":\"https:\/\/stourm.news\/#organization\"},\"image\":{\"@id\":\"https:\/\/stourm.news\/?p=4131#primaryimage\"},\"thumbnailUrl\":\"https:\/\/stourm.news\/wp-content\/uploads\/2025\/05\/a27529b008576077529b008571b752v_-scaled-e1740127856426.jpg\",\"articleSection\":[\"Ille-et-Vilaine\",\"Immigration\",\"Principale\"],\"inLanguage\":\"fr-FR\",\"potentialAction\":[{\"@type\":\"CommentAction\",\"name\":\"Comment\",\"target\":[\"https:\/\/stourm.news\/?p=4131#respond\"]}]},{\"@type\":\"WebPage\",\"@id\":\"https:\/\/stourm.news\/?p=4131\",\"url\":\"https:\/\/stourm.news\/?p=4131\",\"name\":\"Komborn (Ille-et-Vilaine) : la pr\u00e9sidente du tribunal soutient la r\u00e9gularisation de deux Marocains sous OQTF condamn\u00e9s pour vols et menaces de mort - STOURM\",\"isPartOf\":{\"@id\":\"https:\/\/stourm.news\/#website\"},\"primaryImageOfPage\":{\"@id\":\"https:\/\/stourm.news\/?p=4131#primaryimage\"},\"image\":{\"@id\":\"https:\/\/stourm.news\/?p=4131#primaryimage\"},\"thumbnailUrl\":\"https:\/\/stourm.news\/wp-content\/uploads\/2025\/05\/a27529b008576077529b008571b752v_-scaled-e1740127856426.jpg\",\"datePublished\":\"2025-05-27T09:57:02+00:00\",\"dateModified\":\"2025-05-27T09:59:20+00:00\",\"breadcrumb\":{\"@id\":\"https:\/\/stourm.news\/?p=4131#breadcrumb\"},\"inLanguage\":\"fr-FR\",\"potentialAction\":[{\"@type\":\"ReadAction\",\"target\":[\"https:\/\/stourm.news\/?p=4131\"]}]},{\"@type\":\"ImageObject\",\"inLanguage\":\"fr-FR\",\"@id\":\"https:\/\/stourm.news\/?p=4131#primaryimage\",\"url\":\"https:\/\/stourm.news\/wp-content\/uploads\/2025\/05\/a27529b008576077529b008571b752v_-scaled-e1740127856426.jpg\",\"contentUrl\":\"https:\/\/stourm.news\/wp-content\/uploads\/2025\/05\/a27529b008576077529b008571b752v_-scaled-e1740127856426.jpg\",\"width\":1000,\"height\":550,\"caption\":\"The courtyard of Mosque Hassan II in Casablanca, Morocco.\"},{\"@type\":\"BreadcrumbList\",\"@id\":\"https:\/\/stourm.news\/?p=4131#breadcrumb\",\"itemListElement\":[{\"@type\":\"ListItem\",\"position\":1,\"name\":\"Accueil\",\"item\":\"https:\/\/stourm.news\/\"},{\"@type\":\"ListItem\",\"position\":2,\"name\":\"Komborn (Ille-et-Vilaine) : la pr\u00e9sidente du tribunal soutient la r\u00e9gularisation de deux Marocains sous OQTF condamn\u00e9s pour vols et menaces de mort\"}]},{\"@type\":\"WebSite\",\"@id\":\"https:\/\/stourm.news\/#website\",\"url\":\"https:\/\/stourm.news\/\",\"name\":\"Stourm\",\"description\":\"Kazetenn Strollad Broadel Breizh\",\"publisher\":{\"@id\":\"https:\/\/stourm.news\/#organization\"},\"potentialAction\":[{\"@type\":\"SearchAction\",\"target\":{\"@type\":\"EntryPoint\",\"urlTemplate\":\"https:\/\/stourm.news\/?s={search_term_string}\"},\"query-input\":{\"@type\":\"PropertyValueSpecification\",\"valueRequired\":true,\"valueName\":\"search_term_string\"}}],\"inLanguage\":\"fr-FR\"},{\"@type\":\"Organization\",\"@id\":\"https:\/\/stourm.news\/#organization\",\"name\":\"Stourm\",\"url\":\"https:\/\/stourm.news\/\",\"logo\":{\"@type\":\"ImageObject\",\"inLanguage\":\"fr-FR\",\"@id\":\"https:\/\/stourm.news\/#\/schema\/logo\/image\/\",\"url\":\"https:\/\/stourm.news\/wp-content\/uploads\/2025\/11\/cropped-Capture-decran-2025-11-28-a-15.19.07.png\",\"contentUrl\":\"https:\/\/stourm.news\/wp-content\/uploads\/2025\/11\/cropped-Capture-decran-2025-11-28-a-15.19.07.png\",\"width\":1855,\"height\":383,\"caption\":\"Stourm\"},\"image\":{\"@id\":\"https:\/\/stourm.news\/#\/schema\/logo\/image\/\"},\"sameAs\":[\"https:\/\/www.facebook.com\/stourmnews\/\"]},{\"@type\":\"Person\",\"@id\":\"https:\/\/stourm.news\/#\/schema\/person\/c3e1dc65988632e190969234ef046cf9\",\"name\":\"La r\u00e9daction\",\"image\":{\"@type\":\"ImageObject\",\"inLanguage\":\"fr-FR\",\"@id\":\"https:\/\/stourm.news\/#\/schema\/person\/image\/\",\"url\":\"https:\/\/secure.gravatar.com\/avatar\/7463443f194b6b5fb706b074ca0ef59a0cfcfd720cb47764b0ec5a952ce422b3?s=96&d=mm&r=g\",\"contentUrl\":\"https:\/\/secure.gravatar.com\/avatar\/7463443f194b6b5fb706b074ca0ef59a0cfcfd720cb47764b0ec5a952ce422b3?s=96&d=mm&r=g\",\"caption\":\"La r\u00e9daction\"},\"sameAs\":[\"https:\/\/stourm.news\"],\"url\":\"https:\/\/stourm.news\/?author=1\"}]}<\/script>\n<!-- \/ Yoast SEO plugin. -->","yoast_head_json":{"title":"Komborn (Ille-et-Vilaine) : la pr\u00e9sidente du tribunal soutient la r\u00e9gularisation de deux Marocains sous OQTF condamn\u00e9s pour vols et menaces de mort - STOURM","robots":{"index":"index","follow":"follow","max-snippet":"max-snippet:-1","max-image-preview":"max-image-preview:large","max-video-preview":"max-video-preview:-1"},"canonical":"https:\/\/stourm.news\/?p=4131","og_locale":"fr_FR","og_type":"article","og_title":"Komborn (Ille-et-Vilaine) : la pr\u00e9sidente du tribunal soutient la r\u00e9gularisation de deux Marocains sous OQTF condamn\u00e9s pour vols et menaces de mort - STOURM","og_description":"Le 25 mai 2025, le tribunal correctionnel de Saint-Malo a jug\u00e9 deux ressortissants marocains, sous obligation de quitter le territoire fran\u00e7ais (OQTF), pour une s\u00e9rie de cambriolages \u00e0 Combourg, en Ille-et-Vilaine. Les faits, survenus la veille, impliquent des intrusions dans plusieurs habitations pour d\u00e9rober bijoux et objets de valeur. L\u2019un des pr\u00e9venus, d\u00e9j\u00e0 connu de [&hellip;]","og_url":"https:\/\/stourm.news\/?p=4131","og_site_name":"STOURM","article_publisher":"https:\/\/www.facebook.com\/stourmnews\/","article_published_time":"2025-05-27T09:57:02+00:00","article_modified_time":"2025-05-27T09:59:20+00:00","og_image":[{"width":1000,"height":550,"url":"https:\/\/stourm.news\/wp-content\/uploads\/2025\/05\/a27529b008576077529b008571b752v_-scaled-e1740127856426.jpg","type":"image\/jpeg"}],"author":"La r\u00e9daction","twitter_card":"summary_large_image","twitter_misc":{"\u00c9crit par":"La r\u00e9daction","Dur\u00e9e de lecture estim\u00e9e":"2 minutes"},"schema":{"@context":"https:\/\/schema.org","@graph":[{"@type":"Article","@id":"https:\/\/stourm.news\/?p=4131#article","isPartOf":{"@id":"https:\/\/stourm.news\/?p=4131"},"author":{"name":"La r\u00e9daction","@id":"https:\/\/stourm.news\/#\/schema\/person\/c3e1dc65988632e190969234ef046cf9"},"headline":"Komborn (Ille-et-Vilaine) : la pr\u00e9sidente du tribunal soutient la r\u00e9gularisation de deux Marocains sous OQTF condamn\u00e9s pour vols et menaces de mort","datePublished":"2025-05-27T09:57:02+00:00","dateModified":"2025-05-27T09:59:20+00:00","mainEntityOfPage":{"@id":"https:\/\/stourm.news\/?p=4131"},"wordCount":276,"commentCount":0,"publisher":{"@id":"https:\/\/stourm.news\/#organization"},"image":{"@id":"https:\/\/stourm.news\/?p=4131#primaryimage"},"thumbnailUrl":"https:\/\/stourm.news\/wp-content\/uploads\/2025\/05\/a27529b008576077529b008571b752v_-scaled-e1740127856426.jpg","articleSection":["Ille-et-Vilaine","Immigration","Principale"],"inLanguage":"fr-FR","potentialAction":[{"@type":"CommentAction","name":"Comment","target":["https:\/\/stourm.news\/?p=4131#respond"]}]},{"@type":"WebPage","@id":"https:\/\/stourm.news\/?p=4131","url":"https:\/\/stourm.news\/?p=4131","name":"Komborn (Ille-et-Vilaine) : la pr\u00e9sidente du tribunal soutient la r\u00e9gularisation de deux Marocains sous OQTF condamn\u00e9s pour vols et menaces de mort - STOURM","isPartOf":{"@id":"https:\/\/stourm.news\/#website"},"primaryImageOfPage":{"@id":"https:\/\/stourm.news\/?p=4131#primaryimage"},"image":{"@id":"https:\/\/stourm.news\/?p=4131#primaryimage"},"thumbnailUrl":"https:\/\/stourm.news\/wp-content\/uploads\/2025\/05\/a27529b008576077529b008571b752v_-scaled-e1740127856426.jpg","datePublished":"2025-05-27T09:57:02+00:00","dateModified":"2025-05-27T09:59:20+00:00","breadcrumb":{"@id":"https:\/\/stourm.news\/?p=4131#breadcrumb"},"inLanguage":"fr-FR","potentialAction":[{"@type":"ReadAction","target":["https:\/\/stourm.news\/?p=4131"]}]},{"@type":"ImageObject","inLanguage":"fr-FR","@id":"https:\/\/stourm.news\/?p=4131#primaryimage","url":"https:\/\/stourm.news\/wp-content\/uploads\/2025\/05\/a27529b008576077529b008571b752v_-scaled-e1740127856426.jpg","contentUrl":"https:\/\/stourm.news\/wp-content\/uploads\/2025\/05\/a27529b008576077529b008571b752v_-scaled-e1740127856426.jpg","width":1000,"height":550,"caption":"The courtyard of Mosque Hassan II in Casablanca, Morocco."},{"@type":"BreadcrumbList","@id":"https:\/\/stourm.news\/?p=4131#breadcrumb","itemListElement":[{"@type":"ListItem","position":1,"name":"Accueil","item":"https:\/\/stourm.news\/"},{"@type":"ListItem","position":2,"name":"Komborn (Ille-et-Vilaine) : la pr\u00e9sidente du tribunal soutient la r\u00e9gularisation de deux Marocains sous OQTF condamn\u00e9s pour vols et menaces de mort"}]},{"@type":"WebSite","@id":"https:\/\/stourm.news\/#website","url":"https:\/\/stourm.news\/","name":"Stourm","description":"Kazetenn Strollad Broadel Breizh","publisher":{"@id":"https:\/\/stourm.news\/#organization"},"potentialAction":[{"@type":"SearchAction","target":{"@type":"EntryPoint","urlTemplate":"https:\/\/stourm.news\/?s={search_term_string}"},"query-input":{"@type":"PropertyValueSpecification","valueRequired":true,"valueName":"search_term_string"}}],"inLanguage":"fr-FR"},{"@type":"Organization","@id":"https:\/\/stourm.news\/#organization","name":"Stourm","url":"https:\/\/stourm.news\/","logo":{"@type":"ImageObject","inLanguage":"fr-FR","@id":"https:\/\/stourm.news\/#\/schema\/logo\/image\/","url":"https:\/\/stourm.news\/wp-content\/uploads\/2025\/11\/cropped-Capture-decran-2025-11-28-a-15.19.07.png","contentUrl":"https:\/\/stourm.news\/wp-content\/uploads\/2025\/11\/cropped-Capture-decran-2025-11-28-a-15.19.07.png","width":1855,"height":383,"caption":"Stourm"},"image":{"@id":"https:\/\/stourm.news\/#\/schema\/logo\/image\/"},"sameAs":["https:\/\/www.facebook.com\/stourmnews\/"]},{"@type":"Person","@id":"https:\/\/stourm.news\/#\/schema\/person\/c3e1dc65988632e190969234ef046cf9","name":"La r\u00e9daction","image":{"@type":"ImageObject","inLanguage":"fr-FR","@id":"https:\/\/stourm.news\/#\/schema\/person\/image\/","url":"https:\/\/secure.gravatar.com\/avatar\/7463443f194b6b5fb706b074ca0ef59a0cfcfd720cb47764b0ec5a952ce422b3?s=96&d=mm&r=g","contentUrl":"https:\/\/secure.gravatar.com\/avatar\/7463443f194b6b5fb706b074ca0ef59a0cfcfd720cb47764b0ec5a952ce422b3?s=96&d=mm&r=g","caption":"La r\u00e9daction"},"sameAs":["https:\/\/stourm.news"],"url":"https:\/\/stourm.news\/?author=1"}]}},"_links":{"self":[{"href":"https:\/\/stourm.news\/index.php?rest_route=\/wp\/v2\/posts\/4131","targetHints":{"allow":["GET"]}}],"collection":[{"href":"https:\/\/stourm.news\/index.php?rest_route=\/wp\/v2\/posts"}],"about":[{"href":"https:\/\/stourm.news\/index.php?rest_route=\/wp\/v2\/types\/post"}],"author":[{"embeddable":true,"href":"https:\/\/stourm.news\/index.php?rest_route=\/wp\/v2\/users\/1"}],"replies":[{"embeddable":true,"href":"https:\/\/stourm.news\/index.php?rest_route=%2Fwp%2Fv2%2Fcomments&post=4131"}],"version-history":[{"count":1,"href":"https:\/\/stourm.news\/index.php?rest_route=\/wp\/v2\/posts\/4131\/revisions"}],"predecessor-version":[{"id":4133,"href":"https:\/\/stourm.news\/index.php?rest_route=\/wp\/v2\/posts\/4131\/revisions\/4133"}],"wp:featuredmedia":[{"embeddable":true,"href":"https:\/\/stourm.news\/index.php?rest_route=\/wp\/v2\/media\/4134"}],"wp:attachment":[{"href":"https:\/\/stourm.news\/index.php?rest_route=%2Fwp%2Fv2%2Fmedia&parent=4131"}],"wp:term":[{"taxonomy":"category","embeddable":true,"href":"https:\/\/stourm.news\/index.php?rest_route=%2Fwp%2Fv2%2Fcategories&post=4131"},{"taxonomy":"post_tag","embeddable":true,"href":"https:\/\/stourm.news\/index.php?rest_route=%2Fwp%2Fv2%2Ftags&post=4131"}],"curies":[{"name":"wp","href":"https:\/\/api.w.org\/{rel}","templated":true}]}}