{"id":4144,"date":"2025-05-28T09:07:28","date_gmt":"2025-05-28T09:07:28","guid":{"rendered":"https:\/\/stourm.news\/?p=4144"},"modified":"2025-05-28T09:07:28","modified_gmt":"2025-05-28T09:07:28","slug":"le-crepuscule-dun-porte-voix-du-regime-francais-le-telegramme-face-a-sa-chute-ineluctable","status":"publish","type":"post","link":"https:\/\/stourm.news\/?p=4144","title":{"rendered":"Le cr\u00e9puscule d\u2019un porte-voix du r\u00e9gime fran\u00e7ais : Le T\u00e9l\u00e9gramme face \u00e0 sa chute in\u00e9luctable"},"content":{"rendered":"<p style=\"text-align: justify;\">Depuis sa cr\u00e9ation en 1944, Le T\u00e9l\u00e9gramme s\u2019est impos\u00e9 comme un pilier de la presse quotidienne en Bretagne, mais sous un jour bien moins glorieux qu\u2019il ne le pr\u00e9tend. Loin d\u2019\u00eatre le h\u00e9raut ind\u00e9pendant des int\u00e9r\u00eats bretons, ce journal a servi de courroie de transmission pour la propagande loyaliste de Paris, relayant sans rel\u00e2che l\u2019apologie du r\u00e9gime fran\u00e7ais, de son arm\u00e9e et de sa marine. Alors que sa diffusion papier s\u2019effrite (de 211 000 exemplaires en 2011 \u00e0 161 277 en 2024) et que des fractures internes \u00e9clatent, notamment autour de la pol\u00e9mique Bollor\u00e9, la fin de son \u00e9dition papier, qui semble in\u00e9luctable d&rsquo;ici \u00e0 la prochaine d\u00e9cennie, est une nouvelle \u00e0 c\u00e9l\u00e9brer pour ceux qui aspirent \u00e0 une Bretagne libre de l\u2019emprise m\u00e9diatique hexagonale.<\/p>\n<p style=\"text-align: justify;\"><strong>Un journal au service du r\u00e9gime fran\u00e7ais<\/strong><\/p>\n<p style=\"text-align: justify;\">D\u00e8s 1944, Le T\u00e9l\u00e9gramme na\u00eet dans le sillage de la prise de pouvoir par les gaullistes et les communistes, sous l\u2019\u00e9gide d\u2019un gouvernement soucieux de contr\u00f4ler l\u2019information r\u00e9gionale. Avec un tirage initial de 80 000 exemplaires, il s\u2019installe comme le porte-voix des int\u00e9r\u00eats du nouveau r\u00e9gime, vantant les m\u00e9rites de l\u2019arm\u00e9e fran\u00e7aise et de sa marine, notamment dans les ports strat\u00e9giques de Brest et Lorient. Ses colonnes glorifient les exploits militaires, de la reconstruction d\u2019apr\u00e8s-guerre aux op\u00e9rations coloniales, puis aux interventions modernes, tout en combattant les aspirations autonomistes ou ind\u00e9pendantistes bretonnes. Sous la f\u00e9rule de la famille Coudurier, propri\u00e9taire \u00e0 100%, le journal \u00e9pouse les int\u00e9r\u00eats de la bourgeoisie parisienne \u00e0 laquelle elle appartient, relayant une vision centralisatrice qui marginalise la Bretagne au profit d\u2019un loyalisme b\u00e9at. Cette posture fait de Le T\u00e9l\u00e9gramme un outil de domestication culturelle, loin des combats pour l\u2019\u00e9mancipation nationale de la Bretagne.<\/p>\n<p style=\"text-align: justify;\"><strong>Une r\u00e9daction fractur\u00e9e par la radicalisation gauchiste<\/strong><\/p>\n<p style=\"text-align: justify;\">La r\u00e9cente pol\u00e9mique autour de Vincent Bollor\u00e9, d\u00e9clench\u00e9e par l\u2019\u00e9ditorial d\u2019Hubert Coudurier du 25 mai 2025 (\u00ab Stop \u00e0 l\u2019agit-prop anti-Bollor\u00e9 \u00bb), expose les contradictions internes du journal. En d\u00e9fendant l\u2019industriel breton, accus\u00e9 par la gauche radicale fran\u00e7aise de promouvoir un message \u00ab\u00a0d&rsquo;extr\u00eame-droite\u00a0\u00bb via CNews, Coudurier s\u2019est heurt\u00e9 \u00e0 la Soci\u00e9t\u00e9 des Journalistes du T\u00e9l\u00e9gramme (SJT). Cette derni\u00e8re, dans un communiqu\u00e9 du 27 mai 2025, a d\u00e9nonc\u00e9 une apologie biais\u00e9e, r\u00e9v\u00e9lant une r\u00e9daction gangren\u00e9e par une gauche radicale d\u00e9connect\u00e9e des attentes des Bretons. Coudurier a tent\u00e9 tant bien que mal de justifier sa position, aggravant encore le foss\u00e9 apr\u00e8s avoir accus\u00e9 les journalistes du T\u00e9l\u00e9gramme concern\u00e9s de s&rsquo;inscrire dans une d\u00e9rive vers l&rsquo;extr\u00eame-gauche.<\/p>\n<blockquote class=\"twitter-tweet\">\n<p dir=\"ltr\" lang=\"fr\">Mise en cause par la Soci\u00e9t\u00e9 des journalistes du T\u00e9l\u00e9gramme sur le traitement de la manifestation anti-Bollor\u00e9, la direction du T\u00e9l\u00e9gramme apporte la r\u00e9ponse ci-dessous. <a href=\"https:\/\/t.co\/Q2nMQPwTv6\">pic.twitter.com\/Q2nMQPwTv6<\/a><\/p>\n<p>\u2014 Le T\u00e9l\u00e9gramme (@LeTelegramme) <a href=\"https:\/\/twitter.com\/LeTelegramme\/status\/1927431841037824239?ref_src=twsrc%5Etfw\">May 27, 2025<\/a><\/p><\/blockquote>\n<p><script async src=\"https:\/\/platform.twitter.com\/widgets.js\" charset=\"utf-8\"><\/script><\/p>\n<p style=\"text-align: justify;\">En r\u00e9alit\u00e9, cette querelle interne montre un T\u00e9l\u00e9gramme tiraill\u00e9 entre une vieille garde loyaliste \u00e0 Paris et une nouvelle g\u00e9n\u00e9ration de journalistes embrassant un militantisme gauchiste, \u00e9tranger \u00e0 la fibre pragmatique de l&rsquo;actuelle direction. Cette fracture acc\u00e9l\u00e8re l\u2019\u00e9rosion de sa cr\u00e9dibilit\u00e9, au moment o\u00f9 les lecteurs, las des prises des outrances de la gauche radicale, se d\u00e9tournent.<\/p>\n<p style=\"text-align: justify;\"><strong>Un lectorat vieillissant, des jeunes d\u00e9sint\u00e9ress\u00e9s<\/strong><\/p>\n<p style=\"text-align: justify;\">Le T\u00e9l\u00e9gramme repose sur un lectorat vieillissant : environ 80% des 112 894 abonn\u00e9s papier (90 315 personnes) ont plus de 55 ans, soit 8,4% des 1,07 million de Bretons de cet \u00e2ge en 2024. Fid\u00e8les au papier, ces lecteurs incarnent la base du journal, mais leur mortalit\u00e9 (esp\u00e9rance de vie ~82 ans) entra\u00eene une perte inexorable de 3 011 abonn\u00e9s par an jusqu\u2019en 2035, puis 4 000 par an avec le d\u00e9c\u00e8s des baby-boomers. Les jeunes g\u00e9n\u00e9rations (18\u201354 ans), elles, boudent le papier : seuls 47% des 18\u201329 ans lisent des journaux imprim\u00e9s, et 81% pr\u00e9f\u00e8rent le num\u00e9rique. Avec un taux de renouvellement des abonnements papier limit\u00e9 \u00e0 10\u201320%, Le T\u00e9l\u00e9gramme est condamn\u00e9 \u00e0 voir sa diffusion s\u2019effondrer, un juste retour pour un journal qui a tant combattu la Bretagne nationale au profit de Paris.<\/p>\n<p style=\"text-align: justify;\"><strong>Subventions en chute, viabilit\u00e9 \u00e9conomique menac\u00e9e<\/strong><\/p>\n<p style=\"text-align: justify;\">Le journal d\u00e9pend d\u00e9sormais des subventions de l\u2019\u00c9tat fran\u00e7ais pour survivre, estim\u00e9es \u00e0 3\u20135 millions d\u2019euros par an (15\u201325% du chiffre d\u2019affaires m\u00e9dia, 100 millions d\u2019euros). Une baisse massive de 50% d\u2019ici 2030, probable face aux pressions budg\u00e9taires, priverait Le T\u00e9l\u00e9gramme de 1,5\u20132,5 millions, relevant le seuil de viabilit\u00e9 \u00e9conomique \u00e0 50 000\u201360 000 exemplaires (contre 40 000 avec subventions). Les co\u00fbts fixes (salaires pour ~300\u2013400 employ\u00e9s, ~20\u201330 millions ; impression, ~10 millions ; distribution, ~10\u201315 millions) deviennent insoutenables \u00e0 ce niveau, avec des revenus papier (39,9 millions \u00e0 50 000 exemplaires) insuffisants. Compar\u00e9 \u00e0 Sud-Ouest (-6,2% en 2024, fin probable vers 2035\u20132040) ou La Voix du Nord (-3%), Le T\u00e9l\u00e9gramme (-1,66%) r\u00e9siste mieux, mais la perte des subventions acc\u00e9l\u00e8rerait sa chute.<\/p>\n<p style=\"text-align: justify;\"><strong>Une transition num\u00e9rique in\u00e9vitable, un cr\u00e9puscule \u00e0 c\u00e9l\u00e9brer<\/strong><\/p>\n<p style=\"text-align: justify;\">Avec 605 000 lecteurs quotidiens (papier + num\u00e9rique) et 22 millions de visites mensuelles en 2025, Le T\u00e9l\u00e9gramme pourrait abandonner le papier d\u00e8s 2035\u20132040, \u00e0 ~70 000\u201380 000 exemplaires, lorsque les revenus num\u00e9riques (50 000 abonn\u00e9s \u00e0 25 \u20ac\/mois \u2248 15 millions) d\u00e9passeront ceux du papier.<\/p>\n<p style=\"text-align: justify;\">Cette fin imminente du papier est une aubaine. Le T\u00e9l\u00e9gramme, en promouvant l\u2019arm\u00e9e et la marine fran\u00e7aises, en tentant d&rsquo;importer les racontars de la politique politicienne parisienne, en s&rsquo;opposant aux int\u00e9r\u00eats nationaux de la Bretagne, a trop longtemps servi les int\u00e9r\u00eats d\u2019un \u00c9tat \u00e9tranger, \u00e9touffant les aspirations bretonnes, et le prive de la l\u00e9gitimit\u00e9 n\u00e9cessaire \u00e0 la poursuite de son action. Sa transition forc\u00e9e vers le num\u00e9rique, acc\u00e9l\u00e9r\u00e9e par une r\u00e9daction d\u00e9connect\u00e9e et une crise \u00e9conomique, marque le d\u00e9clin d\u2019un outil de propagande loyaliste. Que ce journal s\u2019efface pour laisser place \u00e0 des voix authentiquement bretonnes est une victoire pour ceux qui r\u00eavent d\u2019une Bretagne lib\u00e9r\u00e9e de l\u2019ombre parisienne.<\/p>\n<p style=\"text-align: right;\"><strong>Budig Gourmaelon<\/strong><\/p>\n<p>&nbsp;<\/p>\n","protected":false},"excerpt":{"rendered":"<p>Depuis sa cr\u00e9ation en 1944, Le T\u00e9l\u00e9gramme s\u2019est impos\u00e9 comme un pilier de la presse quotidienne en Bretagne, mais sous un jour bien moins glorieux qu\u2019il ne le pr\u00e9tend. Loin d\u2019\u00eatre le h\u00e9raut ind\u00e9pendant des int\u00e9r\u00eats bretons, ce journal a servi de courroie de transmission pour la propagande loyaliste de Paris, relayant sans rel\u00e2che l\u2019apologie [&hellip;]<\/p>\n","protected":false},"author":1,"featured_media":4145,"comment_status":"open","ping_status":"open","sticky":false,"template":"","format":"standard","meta":{"sb_editor_width":"","footnotes":""},"categories":[63,67,65],"tags":[],"class_list":["post-4144","post","type-post","status-publish","format-standard","has-post-thumbnail","hentry","category-editorial","category-politique","category-principale"],"relative_dates":{"created":"11 mois ago","modified":"11 mois ago"},"yoast_head":"<!-- This site is optimized with the Yoast SEO plugin v26.3 - https:\/\/yoast.com\/wordpress\/plugins\/seo\/ -->\n<title>Le cr\u00e9puscule d\u2019un porte-voix du r\u00e9gime fran\u00e7ais : Le T\u00e9l\u00e9gramme face \u00e0 sa chute in\u00e9luctable - STOURM<\/title>\n<meta name=\"robots\" content=\"index, follow, max-snippet:-1, max-image-preview:large, max-video-preview:-1\" \/>\n<link rel=\"canonical\" href=\"https:\/\/stourm.news\/?p=4144\" \/>\n<meta property=\"og:locale\" content=\"fr_FR\" \/>\n<meta property=\"og:type\" content=\"article\" \/>\n<meta property=\"og:title\" content=\"Le cr\u00e9puscule d\u2019un porte-voix du r\u00e9gime fran\u00e7ais : Le T\u00e9l\u00e9gramme face \u00e0 sa chute in\u00e9luctable - STOURM\" \/>\n<meta property=\"og:description\" content=\"Depuis sa cr\u00e9ation en 1944, Le T\u00e9l\u00e9gramme s\u2019est impos\u00e9 comme un pilier de la presse quotidienne en Bretagne, mais sous un jour bien moins glorieux qu\u2019il ne le pr\u00e9tend. Loin d\u2019\u00eatre le h\u00e9raut ind\u00e9pendant des int\u00e9r\u00eats bretons, ce journal a servi de courroie de transmission pour la propagande loyaliste de Paris, relayant sans rel\u00e2che l\u2019apologie [&hellip;]\" \/>\n<meta property=\"og:url\" content=\"https:\/\/stourm.news\/?p=4144\" \/>\n<meta property=\"og:site_name\" content=\"STOURM\" \/>\n<meta property=\"article:publisher\" content=\"https:\/\/www.facebook.com\/stourmnews\/\" \/>\n<meta property=\"article:published_time\" content=\"2025-05-28T09:07:28+00:00\" \/>\n<meta property=\"og:image\" content=\"https:\/\/stourm.news\/wp-content\/uploads\/2025\/05\/637e949c6cf7d743532ee48f.webp\" \/>\n\t<meta property=\"og:image:width\" content=\"1200\" \/>\n\t<meta property=\"og:image:height\" content=\"750\" \/>\n\t<meta property=\"og:image:type\" content=\"image\/webp\" \/>\n<meta name=\"author\" content=\"La r\u00e9daction\" \/>\n<meta name=\"twitter:card\" content=\"summary_large_image\" \/>\n<meta name=\"twitter:label1\" content=\"\u00c9crit par\" \/>\n\t<meta name=\"twitter:data1\" content=\"La r\u00e9daction\" \/>\n\t<meta name=\"twitter:label2\" content=\"Dur\u00e9e de lecture estim\u00e9e\" \/>\n\t<meta name=\"twitter:data2\" content=\"5 minutes\" \/>\n<script type=\"application\/ld+json\" class=\"yoast-schema-graph\">{\"@context\":\"https:\/\/schema.org\",\"@graph\":[{\"@type\":\"Article\",\"@id\":\"https:\/\/stourm.news\/?p=4144#article\",\"isPartOf\":{\"@id\":\"https:\/\/stourm.news\/?p=4144\"},\"author\":{\"name\":\"La r\u00e9daction\",\"@id\":\"https:\/\/stourm.news\/#\/schema\/person\/c3e1dc65988632e190969234ef046cf9\"},\"headline\":\"Le cr\u00e9puscule d\u2019un porte-voix du r\u00e9gime fran\u00e7ais : Le T\u00e9l\u00e9gramme face \u00e0 sa chute in\u00e9luctable\",\"datePublished\":\"2025-05-28T09:07:28+00:00\",\"mainEntityOfPage\":{\"@id\":\"https:\/\/stourm.news\/?p=4144\"},\"wordCount\":1046,\"commentCount\":0,\"publisher\":{\"@id\":\"https:\/\/stourm.news\/#organization\"},\"image\":{\"@id\":\"https:\/\/stourm.news\/?p=4144#primaryimage\"},\"thumbnailUrl\":\"https:\/\/stourm.news\/wp-content\/uploads\/2025\/05\/637e949c6cf7d743532ee48f.webp\",\"articleSection\":[\"Editorial\",\"Politique\",\"Principale\"],\"inLanguage\":\"fr-FR\",\"potentialAction\":[{\"@type\":\"CommentAction\",\"name\":\"Comment\",\"target\":[\"https:\/\/stourm.news\/?p=4144#respond\"]}]},{\"@type\":\"WebPage\",\"@id\":\"https:\/\/stourm.news\/?p=4144\",\"url\":\"https:\/\/stourm.news\/?p=4144\",\"name\":\"Le cr\u00e9puscule d\u2019un porte-voix du r\u00e9gime fran\u00e7ais : Le T\u00e9l\u00e9gramme face \u00e0 sa chute in\u00e9luctable - STOURM\",\"isPartOf\":{\"@id\":\"https:\/\/stourm.news\/#website\"},\"primaryImageOfPage\":{\"@id\":\"https:\/\/stourm.news\/?p=4144#primaryimage\"},\"image\":{\"@id\":\"https:\/\/stourm.news\/?p=4144#primaryimage\"},\"thumbnailUrl\":\"https:\/\/stourm.news\/wp-content\/uploads\/2025\/05\/637e949c6cf7d743532ee48f.webp\",\"datePublished\":\"2025-05-28T09:07:28+00:00\",\"breadcrumb\":{\"@id\":\"https:\/\/stourm.news\/?p=4144#breadcrumb\"},\"inLanguage\":\"fr-FR\",\"potentialAction\":[{\"@type\":\"ReadAction\",\"target\":[\"https:\/\/stourm.news\/?p=4144\"]}]},{\"@type\":\"ImageObject\",\"inLanguage\":\"fr-FR\",\"@id\":\"https:\/\/stourm.news\/?p=4144#primaryimage\",\"url\":\"https:\/\/stourm.news\/wp-content\/uploads\/2025\/05\/637e949c6cf7d743532ee48f.webp\",\"contentUrl\":\"https:\/\/stourm.news\/wp-content\/uploads\/2025\/05\/637e949c6cf7d743532ee48f.webp\",\"width\":1200,\"height\":750},{\"@type\":\"BreadcrumbList\",\"@id\":\"https:\/\/stourm.news\/?p=4144#breadcrumb\",\"itemListElement\":[{\"@type\":\"ListItem\",\"position\":1,\"name\":\"Accueil\",\"item\":\"https:\/\/stourm.news\/\"},{\"@type\":\"ListItem\",\"position\":2,\"name\":\"Le cr\u00e9puscule d\u2019un porte-voix du r\u00e9gime fran\u00e7ais : Le T\u00e9l\u00e9gramme face \u00e0 sa chute in\u00e9luctable\"}]},{\"@type\":\"WebSite\",\"@id\":\"https:\/\/stourm.news\/#website\",\"url\":\"https:\/\/stourm.news\/\",\"name\":\"Stourm\",\"description\":\"Kazetenn Strollad Broadel Breizh\",\"publisher\":{\"@id\":\"https:\/\/stourm.news\/#organization\"},\"potentialAction\":[{\"@type\":\"SearchAction\",\"target\":{\"@type\":\"EntryPoint\",\"urlTemplate\":\"https:\/\/stourm.news\/?s={search_term_string}\"},\"query-input\":{\"@type\":\"PropertyValueSpecification\",\"valueRequired\":true,\"valueName\":\"search_term_string\"}}],\"inLanguage\":\"fr-FR\"},{\"@type\":\"Organization\",\"@id\":\"https:\/\/stourm.news\/#organization\",\"name\":\"Stourm\",\"url\":\"https:\/\/stourm.news\/\",\"logo\":{\"@type\":\"ImageObject\",\"inLanguage\":\"fr-FR\",\"@id\":\"https:\/\/stourm.news\/#\/schema\/logo\/image\/\",\"url\":\"https:\/\/stourm.news\/wp-content\/uploads\/2025\/11\/cropped-Capture-decran-2025-11-28-a-15.19.07.png\",\"contentUrl\":\"https:\/\/stourm.news\/wp-content\/uploads\/2025\/11\/cropped-Capture-decran-2025-11-28-a-15.19.07.png\",\"width\":1855,\"height\":383,\"caption\":\"Stourm\"},\"image\":{\"@id\":\"https:\/\/stourm.news\/#\/schema\/logo\/image\/\"},\"sameAs\":[\"https:\/\/www.facebook.com\/stourmnews\/\"]},{\"@type\":\"Person\",\"@id\":\"https:\/\/stourm.news\/#\/schema\/person\/c3e1dc65988632e190969234ef046cf9\",\"name\":\"La r\u00e9daction\",\"image\":{\"@type\":\"ImageObject\",\"inLanguage\":\"fr-FR\",\"@id\":\"https:\/\/stourm.news\/#\/schema\/person\/image\/\",\"url\":\"https:\/\/secure.gravatar.com\/avatar\/7463443f194b6b5fb706b074ca0ef59a0cfcfd720cb47764b0ec5a952ce422b3?s=96&d=mm&r=g\",\"contentUrl\":\"https:\/\/secure.gravatar.com\/avatar\/7463443f194b6b5fb706b074ca0ef59a0cfcfd720cb47764b0ec5a952ce422b3?s=96&d=mm&r=g\",\"caption\":\"La r\u00e9daction\"},\"sameAs\":[\"https:\/\/stourm.news\"],\"url\":\"https:\/\/stourm.news\/?author=1\"}]}<\/script>\n<!-- \/ Yoast SEO plugin. -->","yoast_head_json":{"title":"Le cr\u00e9puscule d\u2019un porte-voix du r\u00e9gime fran\u00e7ais : Le T\u00e9l\u00e9gramme face \u00e0 sa chute in\u00e9luctable - STOURM","robots":{"index":"index","follow":"follow","max-snippet":"max-snippet:-1","max-image-preview":"max-image-preview:large","max-video-preview":"max-video-preview:-1"},"canonical":"https:\/\/stourm.news\/?p=4144","og_locale":"fr_FR","og_type":"article","og_title":"Le cr\u00e9puscule d\u2019un porte-voix du r\u00e9gime fran\u00e7ais : Le T\u00e9l\u00e9gramme face \u00e0 sa chute in\u00e9luctable - STOURM","og_description":"Depuis sa cr\u00e9ation en 1944, Le T\u00e9l\u00e9gramme s\u2019est impos\u00e9 comme un pilier de la presse quotidienne en Bretagne, mais sous un jour bien moins glorieux qu\u2019il ne le pr\u00e9tend. Loin d\u2019\u00eatre le h\u00e9raut ind\u00e9pendant des int\u00e9r\u00eats bretons, ce journal a servi de courroie de transmission pour la propagande loyaliste de Paris, relayant sans rel\u00e2che l\u2019apologie [&hellip;]","og_url":"https:\/\/stourm.news\/?p=4144","og_site_name":"STOURM","article_publisher":"https:\/\/www.facebook.com\/stourmnews\/","article_published_time":"2025-05-28T09:07:28+00:00","og_image":[{"width":1200,"height":750,"url":"https:\/\/stourm.news\/wp-content\/uploads\/2025\/05\/637e949c6cf7d743532ee48f.webp","type":"image\/webp"}],"author":"La r\u00e9daction","twitter_card":"summary_large_image","twitter_misc":{"\u00c9crit par":"La r\u00e9daction","Dur\u00e9e de lecture estim\u00e9e":"5 minutes"},"schema":{"@context":"https:\/\/schema.org","@graph":[{"@type":"Article","@id":"https:\/\/stourm.news\/?p=4144#article","isPartOf":{"@id":"https:\/\/stourm.news\/?p=4144"},"author":{"name":"La r\u00e9daction","@id":"https:\/\/stourm.news\/#\/schema\/person\/c3e1dc65988632e190969234ef046cf9"},"headline":"Le cr\u00e9puscule d\u2019un porte-voix du r\u00e9gime fran\u00e7ais : Le T\u00e9l\u00e9gramme face \u00e0 sa chute in\u00e9luctable","datePublished":"2025-05-28T09:07:28+00:00","mainEntityOfPage":{"@id":"https:\/\/stourm.news\/?p=4144"},"wordCount":1046,"commentCount":0,"publisher":{"@id":"https:\/\/stourm.news\/#organization"},"image":{"@id":"https:\/\/stourm.news\/?p=4144#primaryimage"},"thumbnailUrl":"https:\/\/stourm.news\/wp-content\/uploads\/2025\/05\/637e949c6cf7d743532ee48f.webp","articleSection":["Editorial","Politique","Principale"],"inLanguage":"fr-FR","potentialAction":[{"@type":"CommentAction","name":"Comment","target":["https:\/\/stourm.news\/?p=4144#respond"]}]},{"@type":"WebPage","@id":"https:\/\/stourm.news\/?p=4144","url":"https:\/\/stourm.news\/?p=4144","name":"Le cr\u00e9puscule d\u2019un porte-voix du r\u00e9gime fran\u00e7ais : Le T\u00e9l\u00e9gramme face \u00e0 sa chute in\u00e9luctable - STOURM","isPartOf":{"@id":"https:\/\/stourm.news\/#website"},"primaryImageOfPage":{"@id":"https:\/\/stourm.news\/?p=4144#primaryimage"},"image":{"@id":"https:\/\/stourm.news\/?p=4144#primaryimage"},"thumbnailUrl":"https:\/\/stourm.news\/wp-content\/uploads\/2025\/05\/637e949c6cf7d743532ee48f.webp","datePublished":"2025-05-28T09:07:28+00:00","breadcrumb":{"@id":"https:\/\/stourm.news\/?p=4144#breadcrumb"},"inLanguage":"fr-FR","potentialAction":[{"@type":"ReadAction","target":["https:\/\/stourm.news\/?p=4144"]}]},{"@type":"ImageObject","inLanguage":"fr-FR","@id":"https:\/\/stourm.news\/?p=4144#primaryimage","url":"https:\/\/stourm.news\/wp-content\/uploads\/2025\/05\/637e949c6cf7d743532ee48f.webp","contentUrl":"https:\/\/stourm.news\/wp-content\/uploads\/2025\/05\/637e949c6cf7d743532ee48f.webp","width":1200,"height":750},{"@type":"BreadcrumbList","@id":"https:\/\/stourm.news\/?p=4144#breadcrumb","itemListElement":[{"@type":"ListItem","position":1,"name":"Accueil","item":"https:\/\/stourm.news\/"},{"@type":"ListItem","position":2,"name":"Le cr\u00e9puscule d\u2019un porte-voix du r\u00e9gime fran\u00e7ais : Le T\u00e9l\u00e9gramme face \u00e0 sa chute in\u00e9luctable"}]},{"@type":"WebSite","@id":"https:\/\/stourm.news\/#website","url":"https:\/\/stourm.news\/","name":"Stourm","description":"Kazetenn Strollad Broadel Breizh","publisher":{"@id":"https:\/\/stourm.news\/#organization"},"potentialAction":[{"@type":"SearchAction","target":{"@type":"EntryPoint","urlTemplate":"https:\/\/stourm.news\/?s={search_term_string}"},"query-input":{"@type":"PropertyValueSpecification","valueRequired":true,"valueName":"search_term_string"}}],"inLanguage":"fr-FR"},{"@type":"Organization","@id":"https:\/\/stourm.news\/#organization","name":"Stourm","url":"https:\/\/stourm.news\/","logo":{"@type":"ImageObject","inLanguage":"fr-FR","@id":"https:\/\/stourm.news\/#\/schema\/logo\/image\/","url":"https:\/\/stourm.news\/wp-content\/uploads\/2025\/11\/cropped-Capture-decran-2025-11-28-a-15.19.07.png","contentUrl":"https:\/\/stourm.news\/wp-content\/uploads\/2025\/11\/cropped-Capture-decran-2025-11-28-a-15.19.07.png","width":1855,"height":383,"caption":"Stourm"},"image":{"@id":"https:\/\/stourm.news\/#\/schema\/logo\/image\/"},"sameAs":["https:\/\/www.facebook.com\/stourmnews\/"]},{"@type":"Person","@id":"https:\/\/stourm.news\/#\/schema\/person\/c3e1dc65988632e190969234ef046cf9","name":"La r\u00e9daction","image":{"@type":"ImageObject","inLanguage":"fr-FR","@id":"https:\/\/stourm.news\/#\/schema\/person\/image\/","url":"https:\/\/secure.gravatar.com\/avatar\/7463443f194b6b5fb706b074ca0ef59a0cfcfd720cb47764b0ec5a952ce422b3?s=96&d=mm&r=g","contentUrl":"https:\/\/secure.gravatar.com\/avatar\/7463443f194b6b5fb706b074ca0ef59a0cfcfd720cb47764b0ec5a952ce422b3?s=96&d=mm&r=g","caption":"La r\u00e9daction"},"sameAs":["https:\/\/stourm.news"],"url":"https:\/\/stourm.news\/?author=1"}]}},"_links":{"self":[{"href":"https:\/\/stourm.news\/index.php?rest_route=\/wp\/v2\/posts\/4144","targetHints":{"allow":["GET"]}}],"collection":[{"href":"https:\/\/stourm.news\/index.php?rest_route=\/wp\/v2\/posts"}],"about":[{"href":"https:\/\/stourm.news\/index.php?rest_route=\/wp\/v2\/types\/post"}],"author":[{"embeddable":true,"href":"https:\/\/stourm.news\/index.php?rest_route=\/wp\/v2\/users\/1"}],"replies":[{"embeddable":true,"href":"https:\/\/stourm.news\/index.php?rest_route=%2Fwp%2Fv2%2Fcomments&post=4144"}],"version-history":[{"count":1,"href":"https:\/\/stourm.news\/index.php?rest_route=\/wp\/v2\/posts\/4144\/revisions"}],"predecessor-version":[{"id":4146,"href":"https:\/\/stourm.news\/index.php?rest_route=\/wp\/v2\/posts\/4144\/revisions\/4146"}],"wp:featuredmedia":[{"embeddable":true,"href":"https:\/\/stourm.news\/index.php?rest_route=\/wp\/v2\/media\/4145"}],"wp:attachment":[{"href":"https:\/\/stourm.news\/index.php?rest_route=%2Fwp%2Fv2%2Fmedia&parent=4144"}],"wp:term":[{"taxonomy":"category","embeddable":true,"href":"https:\/\/stourm.news\/index.php?rest_route=%2Fwp%2Fv2%2Fcategories&post=4144"},{"taxonomy":"post_tag","embeddable":true,"href":"https:\/\/stourm.news\/index.php?rest_route=%2Fwp%2Fv2%2Ftags&post=4144"}],"curies":[{"name":"wp","href":"https:\/\/api.w.org\/{rel}","templated":true}]}}