{"id":4152,"date":"2025-05-29T11:31:07","date_gmt":"2025-05-29T11:31:07","guid":{"rendered":"https:\/\/stourm.news\/?p=4152"},"modified":"2025-05-29T11:45:43","modified_gmt":"2025-05-29T11:45:43","slug":"robert-iii-dartois-champion-de-lindependance-bretonne-dans-la-tourmente-feodale","status":"publish","type":"post","link":"https:\/\/stourm.news\/?p=4152","title":{"rendered":"Robert III d\u2019Artois : champion de l&rsquo;ind\u00e9pendance bretonne dans la tourmente f\u00e9odale"},"content":{"rendered":"<p style=\"text-align: justify;\">Robert III d\u2019Artois (1287-1342), figure embl\u00e9matique de la maison cap\u00e9tienne et descendant direct des ducs de Bretagne, incarne une personnalit\u00e9 d\u2019exception, m\u00ealant audace, charisme et une ind\u00e9fectible d\u00e9termination \u00e0 d\u00e9fendre ses id\u00e9aux, m\u00eame face \u00e0 l\u2019adversit\u00e9. Noble de haut rang, il s\u2019est illustr\u00e9 comme un acteur cl\u00e9 de la guerre de Succession de Bretagne (1341-1365), o\u00f9 son engagement aupr\u00e8s des forces anglaises et des patriotes bretons de Jean de Montfort a contribu\u00e9 \u00e0 pr\u00e9server l&rsquo;ind\u00e9pendance bretonne contre les ambitions de la couronne de France.<\/p>\n<p style=\"text-align: justify;\"><strong>L\u2019h\u00e9ritage breton de Robert d\u2019Artois<\/strong><\/p>\n<p style=\"text-align: justify;\">Robert III d\u2019Artois na\u00eet en 1287 dans une lign\u00e9e illustre, issue de la maison cap\u00e9tienne et marqu\u00e9e par une ascendance ducale bretonne qui conf\u00e8re \u00e0 son nom une aura de l\u00e9gitimit\u00e9 f\u00e9odale. Fils de Philippe d\u2019Artois (1269-1298) et de Blanche de Bretagne (1271-1327), il est le petit-fils de Jean II, duc de Bretagne (1239-1305), de la maison de Dreux, et de B\u00e9atrice d\u2019Angleterre, fille du roi Henri III. Cette ascendance bretonne, par sa m\u00e8re Blanche, ancre Robert dans l\u2019histoire d\u2019un duch\u00e9 farouchement attach\u00e9 \u00e0 son autonomie face \u00e0 la couronne fran\u00e7aise.<\/p>\n<p><img fetchpriority=\"high\" decoding=\"async\" class=\"size-medium aligncenter\" src=\"https:\/\/behydezell.com\/sites\/default\/files\/styles\/large\/public\/portfolio\/147\/dux.jpg?itok=fp55HxPA\" width=\"480\" height=\"640\" \/><\/p>\n<p style=\"text-align: center;\"><em>Jean II par Beno\u00eet Billon<\/em><\/p>\n<p style=\"text-align: justify;\">Jean II de Bretagne, son grand-p\u00e8re, \u00e9tait un duc visionnaire qui consolida le pouvoir ducal en Bretagne par des alliances strat\u00e9giques, notamment avec l\u2019Angleterre, tout en maintenant une certaine ind\u00e9pendance vis-\u00e0-vis des Cap\u00e9tiens. Comme le note Jean Froissart dans ses Chroniques, \u00ab le duc Jean de Bretagne fut homme de grande prudence, tenant son duch\u00e9 avec force et loyaut\u00e9, et liant son sang aux plus nobles maisons de France et d\u2019Angleterre \u00bb. Cette lign\u00e9e conf\u00e8re \u00e0 Robert une double identit\u00e9 : cap\u00e9tienne par son p\u00e8re, h\u00e9ritier de Robert Ier d\u2019Artois (fr\u00e8re de Louis IX), et bretonne par sa m\u00e8re, ce qui le place au c\u0153ur des r\u00e9seaux d\u2019alliances f\u00e9odales europ\u00e9ennes.<\/p>\n<p style=\"text-align: justify;\">Cette ascendance ducale n\u2019est pas qu\u2019un titre honorifique pour Robert ; elle forge son sens de l\u2019honneur et son attachement \u00e0 la d\u00e9fense des droits f\u00e9odaux, qu\u2019il per\u00e7oit comme menac\u00e9s par la centralisation croissante du pouvoir royal fran\u00e7ais. Son mariage avec Jeanne de Valois, s\u0153ur de Philippe VI, roi de France, renforce encore son statut, mais sa filiation bretonne nourrit son engagement pour une Bretagne ind\u00e9pendante, comme en t\u00e9moigne son r\u00f4le ult\u00e9rieur dans la guerre de Succession.<\/p>\n<p style=\"text-align: justify;\"><strong>Un h\u00e9ros de la cause bretonne dans la guerre de Succession<\/strong><\/p>\n<p style=\"text-align: justify;\">La guerre de Succession de Bretagne (1341-1365), d\u00e9clench\u00e9e \u00e0 la mort du duc Jean III sans h\u00e9ritier direct, oppose deux pr\u00e9tendants : Jeanne de Penthi\u00e8vre, soutenue par la France via son \u00e9poux Charles de Blois, et Jean de Montfort, appuy\u00e9 par l\u2019Angleterre. Ce conflit devient un th\u00e9\u00e2tre cl\u00e9 de la guerre de Cent Ans, o\u00f9 Robert d\u2019Artois, exil\u00e9 en Angleterre apr\u00e8s sa condamnation en France apr\u00e8s avoir \u00e9chou\u00e9 \u00e0 h\u00e9riter l\u00e9galement du comt\u00e9 d&rsquo;Artois, dont son p\u00e8re \u00e9tait le seigneur, se distingue comme un champion de la cause de Montfort, synonyme d\u2019une Bretagne ind\u00e9pendante des vis\u00e9es fran\u00e7aises.<\/p>\n<p style=\"text-align: justify;\"><strong>Une revanche contre la France<\/strong><\/p>\n<p style=\"text-align: justify;\">Condamn\u00e9 pour faux en 1329 dans l\u2019affaire de l\u2019h\u00e9ritage d\u2019Artois, Robert est banni par Philippe VI, son ancien alli\u00e9. Cette disgr\u00e2ce, per\u00e7ue comme une injustice, le pousse \u00e0 rejoindre la cour d\u2019\u00c9douard III d\u2019Angleterre. L\u00e0, il devient un conseiller influent, apportant sa connaissance intime de la cour fran\u00e7aise et son ressentiment envers Philippe VI. Selon le po\u00e8me Les V\u0153ux du h\u00e9ron, attribu\u00e9 \u00e0 l\u2019\u00e9poque, Robert aurait exhort\u00e9 \u00c9douard \u00e0 revendiquer le tr\u00f4ne de France : \u00ab Sire, vous \u00eates roi par droit de sang, et la France vous revient. Frappez fort, et je serai votre \u00e9p\u00e9e. \u00bb Cette citation, bien que romanc\u00e9e, illustre son r\u00f4le de catalyseur dans le conflit franco-anglais, avec la Bretagne comme terrain strat\u00e9gique.<\/p>\n<p style=\"text-align: justify;\"><strong>Engagement militaire en Bretagne<\/strong><\/p>\n<p style=\"text-align: justify;\">En octobre 1342, Robert accompagne les forces anglaises en Bretagne pour soutenir Jean de Montfort, dont la cause repr\u00e9sente une r\u00e9sistance \u00e0 l\u2019h\u00e9g\u00e9monisme fran\u00e7ais. Il arrive dans la r\u00e9gion de Vannes \u00e0 la t\u00eate d\u2019une arm\u00e9e d\u2019environ 10 000 soldats, soutenue par les forces anglaises et bretonnes, dont Jeanne de Flandre (surnomm\u00e9e \u00ab Jeanne la Flamme \u00bb), \u00e9pouse de Jean de Montfort. L\u2019objectif est de reprendre Vannes, alors sous le contr\u00f4le de Charles de Blois, alli\u00e9 des Fran\u00e7ais. L\u2019assaut est lanc\u00e9 sur trois fronts, dirig\u00e9 par Robert d\u2019Artois, Walter Manny et Yves de Tr\u00e9siguidy. Malgr\u00e9 une r\u00e9sistance initiale men\u00e9e par Olivier IV de Clisson, Robert d\u2019Artois conquiert la ville gr\u00e2ce \u00e0 une ruse : de nuit, il fait allumer deux feux devant les portes de Vannes pour attirer la garnison, permettant \u00e0 un petit groupe men\u00e9 par Walter Manny d\u2019escalader une section abandonn\u00e9e des remparts. La garnison est d\u00e9bord\u00e9e, une partie est massacr\u00e9e, une autre s\u2019\u00e9chappe, et Vannes passe sous contr\u00f4le breton (et anglais).<\/p>\n<p style=\"text-align: justify;\">Peu apr\u00e8s, Olivier de Clisson, absent lors de la prise de Vannes, organise une contre-attaque avec environ 12 600 hommes, renforc\u00e9s par les troupes de Robert II de Beaumanoir. Robert d\u2019Artois, rest\u00e9 en charge de la garnison anglo-bretonne \u00e0 Vannes, n\u2019a pas le temps de rassembler des renforts. Les assaillants exploitent des br\u00e8ches dans les remparts, non r\u00e9par\u00e9es depuis le si\u00e8ge pr\u00e9c\u00e9dent. Les combats sont violents, Vannes est \u00e0 nouveau pill\u00e9e, et la ville repasse sous le contr\u00f4le de Charles de Blois.<\/p>\n<p><img decoding=\"async\" class=\"aligncenter\" src=\"https:\/\/upload.wikimedia.org\/wikipedia\/commons\/0\/09\/Prise_de_Vannes_1342_%281845x2582%29.jpg\" width=\"431\" height=\"603\" \/><\/p>\n<p style=\"text-align: center;\"><em>Si\u00e8ge de Vannes<\/em><\/p>\n<p style=\"text-align: justify;\">Au cours de ce second si\u00e8ge de novembre 1342, Robert d\u2019Artois est gri\u00e8vement bless\u00e9 lors des combats. Les sources ne pr\u00e9cisent pas la nature exacte de la blessure, mais elle est suffisamment grave pour n\u00e9cessiter une \u00e9vacuation. Les combats sont d\u00e9crits comme rudes, avec de nombreuses pertes des deux c\u00f4t\u00e9s, ce qui sugg\u00e8re que Robert a \u00e9t\u00e9 bless\u00e9 dans l\u2019intensit\u00e9 des affrontements, probablement lors de la d\u00e9fense des remparts ou pendant la retraite face \u00e0 l\u2019assaut des troupes de Blois.<\/p>\n<p style=\"text-align: justify;\">Apr\u00e8s sa blessure, Robert d\u2019Artois est \u00e9vacu\u00e9 vers Hennebont, une forteresse tenue par Jean de Montfort, accompagn\u00e9 du comte de Stafford. Sur les conseils de son m\u00e9decin, et vu la gravit\u00e9 de sa blessure, il est d\u00e9cid\u00e9 qu\u2019il doit quitter la Bretagne pour recevoir des soins en Angleterre.<\/p>\n<p style=\"text-align: justify;\">Robert est transport\u00e9 par mer jusqu\u2019\u00e0 Londres. Le voyage, probablement effectu\u00e9 en novembre 1342, est risqu\u00e9 pour un homme bless\u00e9, surtout \u00e0 une \u00e9poque o\u00f9 les conditions sanitaires en mer sont pr\u00e9caires. Les sources anglaises indiquent qu\u2019il est \u00ab ferried to London for treatment \u00bb (\u00ab\u00a0embarqu\u00e9 vers Londres pour traitement\u00a0\u00bb), ce qui implique un transport maritime, sans doute sur un navire anglais, \u00e9tant donn\u00e9 le soutien d\u2019\u00c9douard III.<\/p>\n<p style=\"text-align: justify;\">Robert d\u2019Artois succombe peu apr\u00e8s son arriv\u00e9e \u00e0 Londres. Les sources s\u2019accordent \u00e0 dire qu\u2019il meurt des suites de sa blessure combin\u00e9e \u00e0 une dysenterie, une infection courante \u00e0 l\u2019\u00e9poque, particuli\u00e8rement dans des conditions d\u2019hygi\u00e8ne m\u00e9diocres ou apr\u00e8s un traumatisme physique affaiblissant le corps. La dysenterie, souvent caus\u00e9e par des bact\u00e9ries comme Shigella ou des amibes, \u00e9tait une cause fr\u00e9quente de d\u00e9c\u00e8s dans les arm\u00e9es m\u00e9di\u00e9vales, aggrav\u00e9e par les conditions de campagne et les blessures non trait\u00e9es correctement.<\/p>\n<p style=\"text-align: justify;\"><strong>Un ami de la Bretagne ind\u00e9pendante<\/strong><\/p>\n<p style=\"text-align: justify;\">Robert, par son ascendance bretonne et son engagement militaire, peut \u00eatre vu comme un d\u00e9fenseur de l&rsquo;ind\u00e9pendance bretonne. La cause de Montfort, qu\u2019il soutient, vise \u00e0 pr\u00e9server le duch\u00e9 comme un \u00c9tat distinct, moins soumis \u00e0 la couronne fran\u00e7aise que sous Charles de Blois. Son action s\u2019inscrit dans une vision f\u00e9odale o\u00f9 les duch\u00e9s, comme la Bretagne, doivent conserver leurs pr\u00e9rogatives face \u00e0 la centralisation cap\u00e9tienne.<\/p>\n<p style=\"text-align: justify;\"><strong>La m\u00e9canique f\u00e9odale et les rivalit\u00e9s<\/strong><\/p>\n<p style=\"text-align: justify;\">En France, Robert d\u2019Artois \u00e9volue dans un syst\u00e8me f\u00e9odal o\u00f9 les tensions entre la couronne et les grands seigneurs sont exacerb\u00e9es par la mont\u00e9e du pouvoir royal. Son conflit avec Mahaut d\u2019Artois pour l\u2019h\u00e9ritage du comt\u00e9 d\u2019Artois illustre ces dynamiques.<\/p>\n<p><img decoding=\"async\" class=\"wp-image-4156 aligncenter\" src=\"https:\/\/stourm.news\/wp-content\/uploads\/2025\/05\/Capture-decran-2025-05-29-a-20.41.56.png\" alt=\"\" width=\"567\" height=\"396\" srcset=\"https:\/\/stourm.news\/wp-content\/uploads\/2025\/05\/Capture-decran-2025-05-29-a-20.41.56.png 1258w, https:\/\/stourm.news\/wp-content\/uploads\/2025\/05\/Capture-decran-2025-05-29-a-20.41.56-300x209.png 300w, https:\/\/stourm.news\/wp-content\/uploads\/2025\/05\/Capture-decran-2025-05-29-a-20.41.56-1024x715.png 1024w, https:\/\/stourm.news\/wp-content\/uploads\/2025\/05\/Capture-decran-2025-05-29-a-20.41.56-768x536.png 768w\" sizes=\"(max-width: 567px) 100vw, 567px\" \/><\/p>\n<p style=\"text-align: center;\"><em>Robert III d&rsquo;Artois, sous son blason, lors du proc\u00e8s de l&rsquo;h\u00e9ritage du comt\u00e9 d&rsquo;Artois<\/em><\/p>\n<p style=\"text-align: justify;\">Robert revendique l\u2019Artois, qu\u2019il consid\u00e8re comme son droit en tant que fils de Philippe d\u2019Artois, comte d&rsquo;Artois. La cour des Pairs, en 1309 et 1318, attribue le comt\u00e9 \u00e0 Mahaut, invoquant les coutumes successorales et les pressions politiques de Philippe le Bel qui a mari\u00e9 ses fils aux filles de Mahaut : Jeanne \u00e0 son fils Philippe, futur Philippe V, et Blanche \u00e0 son fils Charles, futur Charles IV. Cette d\u00e9cision, per\u00e7ue comme une spoliation, alimente chez Robert un ressentiment profond, qu\u2019il canalise dans ses actions ult\u00e9rieures.<\/p>\n<p><img loading=\"lazy\" decoding=\"async\" class=\"alignnone size-medium\" src=\"https:\/\/upload.wikimedia.org\/wikipedia\/commons\/9\/9a\/Proc%C3%A8s_de_Robert_III_d%27Artois.jpg\" width=\"988\" height=\"941\" \/><\/p>\n<p style=\"text-align: center;\"><em>Proc\u00e8s fantoche de Robert III d&rsquo;Artois \u00e0 l&rsquo;instigation de Philippe VI<\/em><\/p>\n<p style=\"text-align: justify;\">En 1329, Robert est accus\u00e9 de falsifier le testament de son p\u00e8re avec l\u2019aide de Jeanne de Divion. Le chroniqueur Jean le Bel note : \u00ab Robert d\u2019Artois, homme de grande audace, fut accus\u00e9 de forfaiture, mais beaucoup disaient qu\u2019il fut victime des machinations de Mahaut et de ses alli\u00e9s \u00e0 la cour. \u00bb Cette affaire, bien que controvers\u00e9e, refl\u00e8te les luttes de pouvoir au sein de la noblesse fran\u00e7aise, o\u00f9 la loyaut\u00e9 f\u00e9odale s\u2019efface devant les ambitions royales.<\/p>\n<p style=\"text-align: justify;\">Initialement proche de Philippe VI, fils de son alli\u00e9 Charles, fr\u00e8re de Philippe le Bel et comte de Valois, qu\u2019il aide \u00e0 acc\u00e9der au tr\u00f4ne en 1328, Robert se heurte \u00e0 l\u2019ingratitude du roi, qui soutient \u00e0 son tour Mahaut. Cette rupture pousse Robert \u00e0 se retourner contre la couronne de France, voyant dans l\u2019exil une opportunit\u00e9 de revanche.<\/p>\n<p style=\"text-align: justify;\"><strong>Dynamiques en Angleterre : Un alli\u00e9 strat\u00e9gique<\/strong><\/p>\n<p style=\"text-align: justify;\">En Angleterre, Robert trouve refuge aupr\u00e8s d\u2019\u00c9douard III, dont les ambitions sur le tr\u00f4ne de France s\u2019alignent avec ses propres buts : h\u00e9riter du comt\u00e9 d&rsquo;Artois et faire pr\u00e9valoir les droits des princes, dont celui de Bretagne. Il devient un conseiller cl\u00e9, apportant des informations sur les faiblesses fran\u00e7aises et renfor\u00e7ant la l\u00e9gitimit\u00e9 de la cause anglaise aux c\u00f4t\u00e9s de la Bretagne. Son r\u00f4le en Angleterre est celui d\u2019un strat\u00e8ge, utilisant son ascendance et son exp\u00e9rience pour orienter les campagnes anglaises, notamment en Bretagne, o\u00f9 Vannes devient un point d\u2019ancrage strat\u00e9gique.<\/p>\n<p style=\"text-align: justify;\"><strong>Dynamiques en Bretagne<\/strong><\/p>\n<p style=\"text-align: justify;\">En Bretagne, la guerre de Succession refl\u00e8te les tensions entre l&rsquo;ind\u00e9pendance et les volont\u00e9s d&rsquo;annexion du royaume de France. Jean de Montfort incarne une vision d\u2019ind\u00e9pendance soutenue par l\u2019Angleterre, tandis que Charles de Blois, soutenu par Philippe VI, repr\u00e9sente une Bretagne align\u00e9e sur la couronne de France. Robert, par son ascendance bretonne et son engagement militaire, se range du c\u00f4t\u00e9 de Montfort, voyant dans ce combat un \u00e9cho de sa propre lutte contre la tyrannie royale.<\/p>\n<p style=\"text-align: justify;\"><strong>Une r\u00e9habilitation m\u00e9rit\u00e9e<\/strong><\/p>\n<p style=\"text-align: justify;\">L\u2019image de Robert a souvent \u00e9t\u00e9 ternie par les accusations de faux et de trahison, notamment dans les r\u00e9cits de ses ennemis fran\u00e7ais. Cependant, des travaux comme L\u2019Homme sali de Hennie Claude (1977) plaident pour sa r\u00e9habilitation, arguant que les accusations d\u2019empoisonnement (de Mahaut ou de Jeanne) \u00e9taient des calomnies visant \u00e0 justifier son bannissement. Claude \u00e9crit : \u00ab Robert fut un homme d\u2019honneur, spoli\u00e9 par la cupidit\u00e9 de ses rivaux et la politique royale, dont le courage en Bretagne prouve la noblesse de son c\u0153ur. \u00bb<\/p>\n<p style=\"text-align: justify;\">Robert III d\u2019Artois, descendant du duc Jean II de Bretagne, fut un champion de l&rsquo;ind\u00e9pendance bretonne dans la guerre de Succession, o\u00f9 son soutien \u00e0 Jean de Montfort et son sacrifice \u00e0 Vannes en 1342 marqu\u00e8rent les esprits. Noble cap\u00e9tien, il incarna la r\u00e9sistance f\u00e9odale face \u00e0 la centralisation fran\u00e7aise, tout en devenant un atout strat\u00e9gique pour l\u2019Angleterre d\u2019\u00c9douard III. Ses actions, motiv\u00e9es par un sens aigu de l\u2019honneur et un ressentiment face \u00e0 l\u2019injustice, firent de lui un ami de la Bretagne ind\u00e9pendante, un homme dont l\u2019h\u00e9ritage, bien que tragique, m\u00e9rite d\u2019\u00eatre c\u00e9l\u00e9br\u00e9 comme celui d\u2019un h\u00e9ros f\u00e9odal.<\/p>\n<p style=\"text-align: right;\"><strong>Olier Kerdrel<\/strong><\/p>\n<p style=\"text-align: justify;\"><strong>Sources principales :<\/strong><\/p>\n<ul>\n<li style=\"text-align: justify;\">Froissart, Jean. Chroniques. \u00c9d. Soci\u00e9t\u00e9 de l\u2019Histoire de France, 1869-1975.<\/li>\n<li style=\"text-align: justify;\">Jean le Bel. Chronique. \u00c9d. Jules Viard, 1904.<\/li>\n<li style=\"text-align: justify;\">Walsingham, Thomas. Historia Anglicana. \u00c9d. Rolls Series, 1863-1864.<\/li>\n<li style=\"text-align: justify;\">Favier, Jean. La Guerre de Cent Ans. Fayard, 1980.<\/li>\n<li style=\"text-align: justify;\">Kerherv\u00e9, Jean. Histoire de la Bretagne. Ouest-France, 2004.<\/li>\n<li style=\"text-align: justify;\">Claude, Hennie. L\u2019Homme sali. Plon, 1977.<\/li>\n<\/ul>\n","protected":false},"excerpt":{"rendered":"<p>Robert III d\u2019Artois (1287-1342), figure embl\u00e9matique de la maison cap\u00e9tienne et descendant direct des ducs de Bretagne, incarne une personnalit\u00e9 d\u2019exception, m\u00ealant audace, charisme et une ind\u00e9fectible d\u00e9termination \u00e0 d\u00e9fendre ses id\u00e9aux, m\u00eame face \u00e0 l\u2019adversit\u00e9. Noble de haut rang, il s\u2019est illustr\u00e9 comme un acteur cl\u00e9 de la guerre de Succession de Bretagne (1341-1365), [&hellip;]<\/p>\n","protected":false},"author":1,"featured_media":4156,"comment_status":"open","ping_status":"open","sticky":false,"template":"","format":"standard","meta":{"sb_editor_width":"","footnotes":""},"categories":[50,65],"tags":[],"class_list":["post-4152","post","type-post","status-publish","format-standard","has-post-thumbnail","hentry","category-histoire-de-bretagne","category-principale"],"relative_dates":{"created":"11 mois ago","modified":"11 mois ago"},"yoast_head":"<!-- This site is optimized with the Yoast SEO plugin v26.3 - https:\/\/yoast.com\/wordpress\/plugins\/seo\/ -->\n<title>Robert III d\u2019Artois : champion de l&#039;ind\u00e9pendance bretonne dans la tourmente f\u00e9odale - STOURM<\/title>\n<meta name=\"robots\" content=\"index, follow, max-snippet:-1, max-image-preview:large, max-video-preview:-1\" \/>\n<link rel=\"canonical\" href=\"https:\/\/stourm.news\/?p=4152\" \/>\n<meta property=\"og:locale\" content=\"fr_FR\" \/>\n<meta property=\"og:type\" content=\"article\" \/>\n<meta property=\"og:title\" content=\"Robert III d\u2019Artois : champion de l&#039;ind\u00e9pendance bretonne dans la tourmente f\u00e9odale - STOURM\" \/>\n<meta property=\"og:description\" content=\"Robert III d\u2019Artois (1287-1342), figure embl\u00e9matique de la maison cap\u00e9tienne et descendant direct des ducs de Bretagne, incarne une personnalit\u00e9 d\u2019exception, m\u00ealant audace, charisme et une ind\u00e9fectible d\u00e9termination \u00e0 d\u00e9fendre ses id\u00e9aux, m\u00eame face \u00e0 l\u2019adversit\u00e9. Noble de haut rang, il s\u2019est illustr\u00e9 comme un acteur cl\u00e9 de la guerre de Succession de Bretagne (1341-1365), [&hellip;]\" \/>\n<meta property=\"og:url\" content=\"https:\/\/stourm.news\/?p=4152\" \/>\n<meta property=\"og:site_name\" content=\"STOURM\" \/>\n<meta property=\"article:publisher\" content=\"https:\/\/www.facebook.com\/stourmnews\/\" \/>\n<meta property=\"article:published_time\" content=\"2025-05-29T11:31:07+00:00\" \/>\n<meta property=\"article:modified_time\" content=\"2025-05-29T11:45:43+00:00\" \/>\n<meta property=\"og:image\" content=\"https:\/\/stourm.news\/wp-content\/uploads\/2025\/05\/Capture-decran-2025-05-29-a-20.41.56.png\" \/>\n\t<meta property=\"og:image:width\" content=\"1258\" \/>\n\t<meta property=\"og:image:height\" content=\"878\" \/>\n\t<meta property=\"og:image:type\" content=\"image\/png\" \/>\n<meta name=\"author\" content=\"La r\u00e9daction\" \/>\n<meta name=\"twitter:card\" content=\"summary_large_image\" \/>\n<meta name=\"twitter:label1\" content=\"\u00c9crit par\" \/>\n\t<meta name=\"twitter:data1\" content=\"La r\u00e9daction\" \/>\n\t<meta name=\"twitter:label2\" content=\"Dur\u00e9e de lecture estim\u00e9e\" \/>\n\t<meta name=\"twitter:data2\" content=\"11 minutes\" \/>\n<script type=\"application\/ld+json\" class=\"yoast-schema-graph\">{\"@context\":\"https:\/\/schema.org\",\"@graph\":[{\"@type\":\"Article\",\"@id\":\"https:\/\/stourm.news\/?p=4152#article\",\"isPartOf\":{\"@id\":\"https:\/\/stourm.news\/?p=4152\"},\"author\":{\"name\":\"La r\u00e9daction\",\"@id\":\"https:\/\/stourm.news\/#\/schema\/person\/c3e1dc65988632e190969234ef046cf9\"},\"headline\":\"Robert III d\u2019Artois : champion de l&rsquo;ind\u00e9pendance bretonne dans la tourmente f\u00e9odale\",\"datePublished\":\"2025-05-29T11:31:07+00:00\",\"dateModified\":\"2025-05-29T11:45:43+00:00\",\"mainEntityOfPage\":{\"@id\":\"https:\/\/stourm.news\/?p=4152\"},\"wordCount\":2163,\"commentCount\":0,\"publisher\":{\"@id\":\"https:\/\/stourm.news\/#organization\"},\"image\":{\"@id\":\"https:\/\/stourm.news\/?p=4152#primaryimage\"},\"thumbnailUrl\":\"https:\/\/stourm.news\/wp-content\/uploads\/2025\/05\/Capture-decran-2025-05-29-a-20.41.56.png\",\"articleSection\":[\"Histoire de Bretagne\",\"Principale\"],\"inLanguage\":\"fr-FR\",\"potentialAction\":[{\"@type\":\"CommentAction\",\"name\":\"Comment\",\"target\":[\"https:\/\/stourm.news\/?p=4152#respond\"]}]},{\"@type\":\"WebPage\",\"@id\":\"https:\/\/stourm.news\/?p=4152\",\"url\":\"https:\/\/stourm.news\/?p=4152\",\"name\":\"Robert III d\u2019Artois : champion de l'ind\u00e9pendance bretonne dans la tourmente f\u00e9odale - STOURM\",\"isPartOf\":{\"@id\":\"https:\/\/stourm.news\/#website\"},\"primaryImageOfPage\":{\"@id\":\"https:\/\/stourm.news\/?p=4152#primaryimage\"},\"image\":{\"@id\":\"https:\/\/stourm.news\/?p=4152#primaryimage\"},\"thumbnailUrl\":\"https:\/\/stourm.news\/wp-content\/uploads\/2025\/05\/Capture-decran-2025-05-29-a-20.41.56.png\",\"datePublished\":\"2025-05-29T11:31:07+00:00\",\"dateModified\":\"2025-05-29T11:45:43+00:00\",\"breadcrumb\":{\"@id\":\"https:\/\/stourm.news\/?p=4152#breadcrumb\"},\"inLanguage\":\"fr-FR\",\"potentialAction\":[{\"@type\":\"ReadAction\",\"target\":[\"https:\/\/stourm.news\/?p=4152\"]}]},{\"@type\":\"ImageObject\",\"inLanguage\":\"fr-FR\",\"@id\":\"https:\/\/stourm.news\/?p=4152#primaryimage\",\"url\":\"https:\/\/stourm.news\/wp-content\/uploads\/2025\/05\/Capture-decran-2025-05-29-a-20.41.56.png\",\"contentUrl\":\"https:\/\/stourm.news\/wp-content\/uploads\/2025\/05\/Capture-decran-2025-05-29-a-20.41.56.png\",\"width\":1258,\"height\":878},{\"@type\":\"BreadcrumbList\",\"@id\":\"https:\/\/stourm.news\/?p=4152#breadcrumb\",\"itemListElement\":[{\"@type\":\"ListItem\",\"position\":1,\"name\":\"Accueil\",\"item\":\"https:\/\/stourm.news\/\"},{\"@type\":\"ListItem\",\"position\":2,\"name\":\"Robert III d\u2019Artois : champion de l&rsquo;ind\u00e9pendance bretonne dans la tourmente f\u00e9odale\"}]},{\"@type\":\"WebSite\",\"@id\":\"https:\/\/stourm.news\/#website\",\"url\":\"https:\/\/stourm.news\/\",\"name\":\"Stourm\",\"description\":\"Kazetenn Strollad Broadel Breizh\",\"publisher\":{\"@id\":\"https:\/\/stourm.news\/#organization\"},\"potentialAction\":[{\"@type\":\"SearchAction\",\"target\":{\"@type\":\"EntryPoint\",\"urlTemplate\":\"https:\/\/stourm.news\/?s={search_term_string}\"},\"query-input\":{\"@type\":\"PropertyValueSpecification\",\"valueRequired\":true,\"valueName\":\"search_term_string\"}}],\"inLanguage\":\"fr-FR\"},{\"@type\":\"Organization\",\"@id\":\"https:\/\/stourm.news\/#organization\",\"name\":\"Stourm\",\"url\":\"https:\/\/stourm.news\/\",\"logo\":{\"@type\":\"ImageObject\",\"inLanguage\":\"fr-FR\",\"@id\":\"https:\/\/stourm.news\/#\/schema\/logo\/image\/\",\"url\":\"https:\/\/stourm.news\/wp-content\/uploads\/2025\/11\/cropped-Capture-decran-2025-11-28-a-15.19.07.png\",\"contentUrl\":\"https:\/\/stourm.news\/wp-content\/uploads\/2025\/11\/cropped-Capture-decran-2025-11-28-a-15.19.07.png\",\"width\":1855,\"height\":383,\"caption\":\"Stourm\"},\"image\":{\"@id\":\"https:\/\/stourm.news\/#\/schema\/logo\/image\/\"},\"sameAs\":[\"https:\/\/www.facebook.com\/stourmnews\/\"]},{\"@type\":\"Person\",\"@id\":\"https:\/\/stourm.news\/#\/schema\/person\/c3e1dc65988632e190969234ef046cf9\",\"name\":\"La r\u00e9daction\",\"image\":{\"@type\":\"ImageObject\",\"inLanguage\":\"fr-FR\",\"@id\":\"https:\/\/stourm.news\/#\/schema\/person\/image\/\",\"url\":\"https:\/\/secure.gravatar.com\/avatar\/7463443f194b6b5fb706b074ca0ef59a0cfcfd720cb47764b0ec5a952ce422b3?s=96&d=mm&r=g\",\"contentUrl\":\"https:\/\/secure.gravatar.com\/avatar\/7463443f194b6b5fb706b074ca0ef59a0cfcfd720cb47764b0ec5a952ce422b3?s=96&d=mm&r=g\",\"caption\":\"La r\u00e9daction\"},\"sameAs\":[\"https:\/\/stourm.news\"],\"url\":\"https:\/\/stourm.news\/?author=1\"}]}<\/script>\n<!-- \/ Yoast SEO plugin. -->","yoast_head_json":{"title":"Robert III d\u2019Artois : champion de l'ind\u00e9pendance bretonne dans la tourmente f\u00e9odale - STOURM","robots":{"index":"index","follow":"follow","max-snippet":"max-snippet:-1","max-image-preview":"max-image-preview:large","max-video-preview":"max-video-preview:-1"},"canonical":"https:\/\/stourm.news\/?p=4152","og_locale":"fr_FR","og_type":"article","og_title":"Robert III d\u2019Artois : champion de l'ind\u00e9pendance bretonne dans la tourmente f\u00e9odale - STOURM","og_description":"Robert III d\u2019Artois (1287-1342), figure embl\u00e9matique de la maison cap\u00e9tienne et descendant direct des ducs de Bretagne, incarne une personnalit\u00e9 d\u2019exception, m\u00ealant audace, charisme et une ind\u00e9fectible d\u00e9termination \u00e0 d\u00e9fendre ses id\u00e9aux, m\u00eame face \u00e0 l\u2019adversit\u00e9. Noble de haut rang, il s\u2019est illustr\u00e9 comme un acteur cl\u00e9 de la guerre de Succession de Bretagne (1341-1365), [&hellip;]","og_url":"https:\/\/stourm.news\/?p=4152","og_site_name":"STOURM","article_publisher":"https:\/\/www.facebook.com\/stourmnews\/","article_published_time":"2025-05-29T11:31:07+00:00","article_modified_time":"2025-05-29T11:45:43+00:00","og_image":[{"width":1258,"height":878,"url":"https:\/\/stourm.news\/wp-content\/uploads\/2025\/05\/Capture-decran-2025-05-29-a-20.41.56.png","type":"image\/png"}],"author":"La r\u00e9daction","twitter_card":"summary_large_image","twitter_misc":{"\u00c9crit par":"La r\u00e9daction","Dur\u00e9e de lecture estim\u00e9e":"11 minutes"},"schema":{"@context":"https:\/\/schema.org","@graph":[{"@type":"Article","@id":"https:\/\/stourm.news\/?p=4152#article","isPartOf":{"@id":"https:\/\/stourm.news\/?p=4152"},"author":{"name":"La r\u00e9daction","@id":"https:\/\/stourm.news\/#\/schema\/person\/c3e1dc65988632e190969234ef046cf9"},"headline":"Robert III d\u2019Artois : champion de l&rsquo;ind\u00e9pendance bretonne dans la tourmente f\u00e9odale","datePublished":"2025-05-29T11:31:07+00:00","dateModified":"2025-05-29T11:45:43+00:00","mainEntityOfPage":{"@id":"https:\/\/stourm.news\/?p=4152"},"wordCount":2163,"commentCount":0,"publisher":{"@id":"https:\/\/stourm.news\/#organization"},"image":{"@id":"https:\/\/stourm.news\/?p=4152#primaryimage"},"thumbnailUrl":"https:\/\/stourm.news\/wp-content\/uploads\/2025\/05\/Capture-decran-2025-05-29-a-20.41.56.png","articleSection":["Histoire de Bretagne","Principale"],"inLanguage":"fr-FR","potentialAction":[{"@type":"CommentAction","name":"Comment","target":["https:\/\/stourm.news\/?p=4152#respond"]}]},{"@type":"WebPage","@id":"https:\/\/stourm.news\/?p=4152","url":"https:\/\/stourm.news\/?p=4152","name":"Robert III d\u2019Artois : champion de l'ind\u00e9pendance bretonne dans la tourmente f\u00e9odale - STOURM","isPartOf":{"@id":"https:\/\/stourm.news\/#website"},"primaryImageOfPage":{"@id":"https:\/\/stourm.news\/?p=4152#primaryimage"},"image":{"@id":"https:\/\/stourm.news\/?p=4152#primaryimage"},"thumbnailUrl":"https:\/\/stourm.news\/wp-content\/uploads\/2025\/05\/Capture-decran-2025-05-29-a-20.41.56.png","datePublished":"2025-05-29T11:31:07+00:00","dateModified":"2025-05-29T11:45:43+00:00","breadcrumb":{"@id":"https:\/\/stourm.news\/?p=4152#breadcrumb"},"inLanguage":"fr-FR","potentialAction":[{"@type":"ReadAction","target":["https:\/\/stourm.news\/?p=4152"]}]},{"@type":"ImageObject","inLanguage":"fr-FR","@id":"https:\/\/stourm.news\/?p=4152#primaryimage","url":"https:\/\/stourm.news\/wp-content\/uploads\/2025\/05\/Capture-decran-2025-05-29-a-20.41.56.png","contentUrl":"https:\/\/stourm.news\/wp-content\/uploads\/2025\/05\/Capture-decran-2025-05-29-a-20.41.56.png","width":1258,"height":878},{"@type":"BreadcrumbList","@id":"https:\/\/stourm.news\/?p=4152#breadcrumb","itemListElement":[{"@type":"ListItem","position":1,"name":"Accueil","item":"https:\/\/stourm.news\/"},{"@type":"ListItem","position":2,"name":"Robert III d\u2019Artois : champion de l&rsquo;ind\u00e9pendance bretonne dans la tourmente f\u00e9odale"}]},{"@type":"WebSite","@id":"https:\/\/stourm.news\/#website","url":"https:\/\/stourm.news\/","name":"Stourm","description":"Kazetenn Strollad Broadel Breizh","publisher":{"@id":"https:\/\/stourm.news\/#organization"},"potentialAction":[{"@type":"SearchAction","target":{"@type":"EntryPoint","urlTemplate":"https:\/\/stourm.news\/?s={search_term_string}"},"query-input":{"@type":"PropertyValueSpecification","valueRequired":true,"valueName":"search_term_string"}}],"inLanguage":"fr-FR"},{"@type":"Organization","@id":"https:\/\/stourm.news\/#organization","name":"Stourm","url":"https:\/\/stourm.news\/","logo":{"@type":"ImageObject","inLanguage":"fr-FR","@id":"https:\/\/stourm.news\/#\/schema\/logo\/image\/","url":"https:\/\/stourm.news\/wp-content\/uploads\/2025\/11\/cropped-Capture-decran-2025-11-28-a-15.19.07.png","contentUrl":"https:\/\/stourm.news\/wp-content\/uploads\/2025\/11\/cropped-Capture-decran-2025-11-28-a-15.19.07.png","width":1855,"height":383,"caption":"Stourm"},"image":{"@id":"https:\/\/stourm.news\/#\/schema\/logo\/image\/"},"sameAs":["https:\/\/www.facebook.com\/stourmnews\/"]},{"@type":"Person","@id":"https:\/\/stourm.news\/#\/schema\/person\/c3e1dc65988632e190969234ef046cf9","name":"La r\u00e9daction","image":{"@type":"ImageObject","inLanguage":"fr-FR","@id":"https:\/\/stourm.news\/#\/schema\/person\/image\/","url":"https:\/\/secure.gravatar.com\/avatar\/7463443f194b6b5fb706b074ca0ef59a0cfcfd720cb47764b0ec5a952ce422b3?s=96&d=mm&r=g","contentUrl":"https:\/\/secure.gravatar.com\/avatar\/7463443f194b6b5fb706b074ca0ef59a0cfcfd720cb47764b0ec5a952ce422b3?s=96&d=mm&r=g","caption":"La r\u00e9daction"},"sameAs":["https:\/\/stourm.news"],"url":"https:\/\/stourm.news\/?author=1"}]}},"_links":{"self":[{"href":"https:\/\/stourm.news\/index.php?rest_route=\/wp\/v2\/posts\/4152","targetHints":{"allow":["GET"]}}],"collection":[{"href":"https:\/\/stourm.news\/index.php?rest_route=\/wp\/v2\/posts"}],"about":[{"href":"https:\/\/stourm.news\/index.php?rest_route=\/wp\/v2\/types\/post"}],"author":[{"embeddable":true,"href":"https:\/\/stourm.news\/index.php?rest_route=\/wp\/v2\/users\/1"}],"replies":[{"embeddable":true,"href":"https:\/\/stourm.news\/index.php?rest_route=%2Fwp%2Fv2%2Fcomments&post=4152"}],"version-history":[{"count":3,"href":"https:\/\/stourm.news\/index.php?rest_route=\/wp\/v2\/posts\/4152\/revisions"}],"predecessor-version":[{"id":4160,"href":"https:\/\/stourm.news\/index.php?rest_route=\/wp\/v2\/posts\/4152\/revisions\/4160"}],"wp:featuredmedia":[{"embeddable":true,"href":"https:\/\/stourm.news\/index.php?rest_route=\/wp\/v2\/media\/4156"}],"wp:attachment":[{"href":"https:\/\/stourm.news\/index.php?rest_route=%2Fwp%2Fv2%2Fmedia&parent=4152"}],"wp:term":[{"taxonomy":"category","embeddable":true,"href":"https:\/\/stourm.news\/index.php?rest_route=%2Fwp%2Fv2%2Fcategories&post=4152"},{"taxonomy":"post_tag","embeddable":true,"href":"https:\/\/stourm.news\/index.php?rest_route=%2Fwp%2Fv2%2Ftags&post=4152"}],"curies":[{"name":"wp","href":"https:\/\/api.w.org\/{rel}","templated":true}]}}