{"id":4155,"date":"2025-05-29T11:43:13","date_gmt":"2025-05-29T11:43:13","guid":{"rendered":"https:\/\/stourm.news\/?p=4155"},"modified":"2025-05-29T11:43:13","modified_gmt":"2025-05-29T11:43:13","slug":"agression-au-couteau-a-saint-nazaire-lauteur-arrete-la-victime-aux-urgences","status":"publish","type":"post","link":"https:\/\/stourm.news\/?p=4155","title":{"rendered":"Agression au couteau \u00e0 Saint-Nazaire : l\u2019auteur arr\u00eat\u00e9, la victime aux urgences"},"content":{"rendered":"<p style=\"text-align: justify;\">Le 28 mai 2025, vers 22h, <strong>une agression au couteau<\/strong> a eu lieu \u00e0 Saint-Nazaire (Loire-Atlantique), boulevard de la Lib\u00e9ration. Un homme de 24 ans a \u00e9t\u00e9 bless\u00e9, mais ses blessures sont jug\u00e9es non graves par les pompiers. La victime a \u00e9t\u00e9 transport\u00e9e \u00e0 l\u2019h\u00f4pital de Saint-Nazaire. L\u2019auteur de l\u2019agression a \u00e9t\u00e9 interpell\u00e9 par la police, selon le Sdis 44. Les circonstances exactes de l\u2019incident restent inconnues pour le moment.<\/p>\n<p style=\"text-align: justify;\">Source : <strong><a href=\"https:\/\/actu.fr\/pays-de-la-loire\/saint-nazaire_44184\/agression-au-couteau-a-saint-nazaire-lauteur-arrete-la-victime-aux-urgences_62704300.html\">Actu.fr<\/a><\/strong><\/p>\n","protected":false},"excerpt":{"rendered":"<p>Le 28 mai 2025, vers 22h, une agression au couteau a eu lieu \u00e0 Saint-Nazaire (Loire-Atlantique), boulevard de la Lib\u00e9ration. Un homme de 24 ans a \u00e9t\u00e9 bless\u00e9, mais ses blessures sont jug\u00e9es non graves par les pompiers. La victime a \u00e9t\u00e9 transport\u00e9e \u00e0 l\u2019h\u00f4pital de Saint-Nazaire. L\u2019auteur de l\u2019agression a \u00e9t\u00e9 interpell\u00e9 par la [&hellip;]<\/p>\n","protected":false},"author":1,"featured_media":4157,"comment_status":"open","ping_status":"open","sticky":false,"template":"","format":"standard","meta":{"sb_editor_width":"","footnotes":""},"categories":[31,42,62],"tags":[],"class_list":["post-4155","post","type-post","status-publish","format-standard","has-post-thumbnail","hentry","category-agression","category-loire-atlantique","category-revue-de-presse"],"relative_dates":{"created":"11 mois ago","modified":"11 mois ago"},"yoast_head":"<!-- This site is optimized with the Yoast SEO plugin v26.3 - https:\/\/yoast.com\/wordpress\/plugins\/seo\/ -->\n<title>Agression au couteau \u00e0 Saint-Nazaire : l\u2019auteur arr\u00eat\u00e9, la victime aux urgences - STOURM<\/title>\n<meta name=\"robots\" content=\"index, follow, max-snippet:-1, max-image-preview:large, max-video-preview:-1\" \/>\n<link rel=\"canonical\" href=\"https:\/\/stourm.news\/?p=4155\" \/>\n<meta property=\"og:locale\" content=\"fr_FR\" \/>\n<meta property=\"og:type\" content=\"article\" \/>\n<meta property=\"og:title\" content=\"Agression au couteau \u00e0 Saint-Nazaire : l\u2019auteur arr\u00eat\u00e9, la victime aux urgences - STOURM\" \/>\n<meta property=\"og:description\" content=\"Le 28 mai 2025, vers 22h, une agression au couteau a eu lieu \u00e0 Saint-Nazaire (Loire-Atlantique), boulevard de la Lib\u00e9ration. Un homme de 24 ans a \u00e9t\u00e9 bless\u00e9, mais ses blessures sont jug\u00e9es non graves par les pompiers. La victime a \u00e9t\u00e9 transport\u00e9e \u00e0 l\u2019h\u00f4pital de Saint-Nazaire. L\u2019auteur de l\u2019agression a \u00e9t\u00e9 interpell\u00e9 par la [&hellip;]\" \/>\n<meta property=\"og:url\" content=\"https:\/\/stourm.news\/?p=4155\" \/>\n<meta property=\"og:site_name\" content=\"STOURM\" \/>\n<meta property=\"article:publisher\" content=\"https:\/\/www.facebook.com\/stourmnews\/\" \/>\n<meta property=\"article:published_time\" content=\"2025-05-29T11:43:13+00:00\" \/>\n<meta property=\"og:image\" content=\"https:\/\/stourm.news\/wp-content\/uploads\/2025\/05\/a153293bdd456a553293bdd45e9532v-960x640-1.jpg\" \/>\n\t<meta property=\"og:image:width\" content=\"960\" \/>\n\t<meta property=\"og:image:height\" content=\"640\" \/>\n\t<meta property=\"og:image:type\" content=\"image\/jpeg\" \/>\n<meta name=\"author\" content=\"La r\u00e9daction\" \/>\n<meta name=\"twitter:card\" content=\"summary_large_image\" \/>\n<meta name=\"twitter:label1\" content=\"\u00c9crit par\" \/>\n\t<meta name=\"twitter:data1\" content=\"La r\u00e9daction\" \/>\n\t<meta name=\"twitter:label2\" content=\"Dur\u00e9e de lecture estim\u00e9e\" \/>\n\t<meta name=\"twitter:data2\" content=\"1 minute\" \/>\n<script type=\"application\/ld+json\" class=\"yoast-schema-graph\">{\"@context\":\"https:\/\/schema.org\",\"@graph\":[{\"@type\":\"Article\",\"@id\":\"https:\/\/stourm.news\/?p=4155#article\",\"isPartOf\":{\"@id\":\"https:\/\/stourm.news\/?p=4155\"},\"author\":{\"name\":\"La r\u00e9daction\",\"@id\":\"https:\/\/stourm.news\/#\/schema\/person\/c3e1dc65988632e190969234ef046cf9\"},\"headline\":\"Agression au couteau \u00e0 Saint-Nazaire : l\u2019auteur arr\u00eat\u00e9, la victime aux urgences\",\"datePublished\":\"2025-05-29T11:43:13+00:00\",\"mainEntityOfPage\":{\"@id\":\"https:\/\/stourm.news\/?p=4155\"},\"wordCount\":87,\"commentCount\":0,\"publisher\":{\"@id\":\"https:\/\/stourm.news\/#organization\"},\"image\":{\"@id\":\"https:\/\/stourm.news\/?p=4155#primaryimage\"},\"thumbnailUrl\":\"https:\/\/stourm.news\/wp-content\/uploads\/2025\/05\/a153293bdd456a553293bdd45e9532v-960x640-1.jpg\",\"articleSection\":[\"Agression\",\"Loire-Atlantique\",\"Revue de presse\"],\"inLanguage\":\"fr-FR\",\"potentialAction\":[{\"@type\":\"CommentAction\",\"name\":\"Comment\",\"target\":[\"https:\/\/stourm.news\/?p=4155#respond\"]}]},{\"@type\":\"WebPage\",\"@id\":\"https:\/\/stourm.news\/?p=4155\",\"url\":\"https:\/\/stourm.news\/?p=4155\",\"name\":\"Agression au couteau \u00e0 Saint-Nazaire : l\u2019auteur arr\u00eat\u00e9, la victime aux urgences - STOURM\",\"isPartOf\":{\"@id\":\"https:\/\/stourm.news\/#website\"},\"primaryImageOfPage\":{\"@id\":\"https:\/\/stourm.news\/?p=4155#primaryimage\"},\"image\":{\"@id\":\"https:\/\/stourm.news\/?p=4155#primaryimage\"},\"thumbnailUrl\":\"https:\/\/stourm.news\/wp-content\/uploads\/2025\/05\/a153293bdd456a553293bdd45e9532v-960x640-1.jpg\",\"datePublished\":\"2025-05-29T11:43:13+00:00\",\"breadcrumb\":{\"@id\":\"https:\/\/stourm.news\/?p=4155#breadcrumb\"},\"inLanguage\":\"fr-FR\",\"potentialAction\":[{\"@type\":\"ReadAction\",\"target\":[\"https:\/\/stourm.news\/?p=4155\"]}]},{\"@type\":\"ImageObject\",\"inLanguage\":\"fr-FR\",\"@id\":\"https:\/\/stourm.news\/?p=4155#primaryimage\",\"url\":\"https:\/\/stourm.news\/wp-content\/uploads\/2025\/05\/a153293bdd456a553293bdd45e9532v-960x640-1.jpg\",\"contentUrl\":\"https:\/\/stourm.news\/wp-content\/uploads\/2025\/05\/a153293bdd456a553293bdd45e9532v-960x640-1.jpg\",\"width\":960,\"height\":640},{\"@type\":\"BreadcrumbList\",\"@id\":\"https:\/\/stourm.news\/?p=4155#breadcrumb\",\"itemListElement\":[{\"@type\":\"ListItem\",\"position\":1,\"name\":\"Accueil\",\"item\":\"https:\/\/stourm.news\/\"},{\"@type\":\"ListItem\",\"position\":2,\"name\":\"Agression au couteau \u00e0 Saint-Nazaire : l\u2019auteur arr\u00eat\u00e9, la victime aux urgences\"}]},{\"@type\":\"WebSite\",\"@id\":\"https:\/\/stourm.news\/#website\",\"url\":\"https:\/\/stourm.news\/\",\"name\":\"Stourm\",\"description\":\"Kazetenn Strollad Broadel Breizh\",\"publisher\":{\"@id\":\"https:\/\/stourm.news\/#organization\"},\"potentialAction\":[{\"@type\":\"SearchAction\",\"target\":{\"@type\":\"EntryPoint\",\"urlTemplate\":\"https:\/\/stourm.news\/?s={search_term_string}\"},\"query-input\":{\"@type\":\"PropertyValueSpecification\",\"valueRequired\":true,\"valueName\":\"search_term_string\"}}],\"inLanguage\":\"fr-FR\"},{\"@type\":\"Organization\",\"@id\":\"https:\/\/stourm.news\/#organization\",\"name\":\"Stourm\",\"url\":\"https:\/\/stourm.news\/\",\"logo\":{\"@type\":\"ImageObject\",\"inLanguage\":\"fr-FR\",\"@id\":\"https:\/\/stourm.news\/#\/schema\/logo\/image\/\",\"url\":\"https:\/\/stourm.news\/wp-content\/uploads\/2025\/11\/cropped-Capture-decran-2025-11-28-a-15.19.07.png\",\"contentUrl\":\"https:\/\/stourm.news\/wp-content\/uploads\/2025\/11\/cropped-Capture-decran-2025-11-28-a-15.19.07.png\",\"width\":1855,\"height\":383,\"caption\":\"Stourm\"},\"image\":{\"@id\":\"https:\/\/stourm.news\/#\/schema\/logo\/image\/\"},\"sameAs\":[\"https:\/\/www.facebook.com\/stourmnews\/\"]},{\"@type\":\"Person\",\"@id\":\"https:\/\/stourm.news\/#\/schema\/person\/c3e1dc65988632e190969234ef046cf9\",\"name\":\"La r\u00e9daction\",\"image\":{\"@type\":\"ImageObject\",\"inLanguage\":\"fr-FR\",\"@id\":\"https:\/\/stourm.news\/#\/schema\/person\/image\/\",\"url\":\"https:\/\/secure.gravatar.com\/avatar\/7463443f194b6b5fb706b074ca0ef59a0cfcfd720cb47764b0ec5a952ce422b3?s=96&d=mm&r=g\",\"contentUrl\":\"https:\/\/secure.gravatar.com\/avatar\/7463443f194b6b5fb706b074ca0ef59a0cfcfd720cb47764b0ec5a952ce422b3?s=96&d=mm&r=g\",\"caption\":\"La r\u00e9daction\"},\"sameAs\":[\"https:\/\/stourm.news\"],\"url\":\"https:\/\/stourm.news\/?author=1\"}]}<\/script>\n<!-- \/ Yoast SEO plugin. -->","yoast_head_json":{"title":"Agression au couteau \u00e0 Saint-Nazaire : l\u2019auteur arr\u00eat\u00e9, la victime aux urgences - STOURM","robots":{"index":"index","follow":"follow","max-snippet":"max-snippet:-1","max-image-preview":"max-image-preview:large","max-video-preview":"max-video-preview:-1"},"canonical":"https:\/\/stourm.news\/?p=4155","og_locale":"fr_FR","og_type":"article","og_title":"Agression au couteau \u00e0 Saint-Nazaire : l\u2019auteur arr\u00eat\u00e9, la victime aux urgences - STOURM","og_description":"Le 28 mai 2025, vers 22h, une agression au couteau a eu lieu \u00e0 Saint-Nazaire (Loire-Atlantique), boulevard de la Lib\u00e9ration. Un homme de 24 ans a \u00e9t\u00e9 bless\u00e9, mais ses blessures sont jug\u00e9es non graves par les pompiers. La victime a \u00e9t\u00e9 transport\u00e9e \u00e0 l\u2019h\u00f4pital de Saint-Nazaire. L\u2019auteur de l\u2019agression a \u00e9t\u00e9 interpell\u00e9 par la [&hellip;]","og_url":"https:\/\/stourm.news\/?p=4155","og_site_name":"STOURM","article_publisher":"https:\/\/www.facebook.com\/stourmnews\/","article_published_time":"2025-05-29T11:43:13+00:00","og_image":[{"width":960,"height":640,"url":"https:\/\/stourm.news\/wp-content\/uploads\/2025\/05\/a153293bdd456a553293bdd45e9532v-960x640-1.jpg","type":"image\/jpeg"}],"author":"La r\u00e9daction","twitter_card":"summary_large_image","twitter_misc":{"\u00c9crit par":"La r\u00e9daction","Dur\u00e9e de lecture estim\u00e9e":"1 minute"},"schema":{"@context":"https:\/\/schema.org","@graph":[{"@type":"Article","@id":"https:\/\/stourm.news\/?p=4155#article","isPartOf":{"@id":"https:\/\/stourm.news\/?p=4155"},"author":{"name":"La r\u00e9daction","@id":"https:\/\/stourm.news\/#\/schema\/person\/c3e1dc65988632e190969234ef046cf9"},"headline":"Agression au couteau \u00e0 Saint-Nazaire : l\u2019auteur arr\u00eat\u00e9, la victime aux urgences","datePublished":"2025-05-29T11:43:13+00:00","mainEntityOfPage":{"@id":"https:\/\/stourm.news\/?p=4155"},"wordCount":87,"commentCount":0,"publisher":{"@id":"https:\/\/stourm.news\/#organization"},"image":{"@id":"https:\/\/stourm.news\/?p=4155#primaryimage"},"thumbnailUrl":"https:\/\/stourm.news\/wp-content\/uploads\/2025\/05\/a153293bdd456a553293bdd45e9532v-960x640-1.jpg","articleSection":["Agression","Loire-Atlantique","Revue de presse"],"inLanguage":"fr-FR","potentialAction":[{"@type":"CommentAction","name":"Comment","target":["https:\/\/stourm.news\/?p=4155#respond"]}]},{"@type":"WebPage","@id":"https:\/\/stourm.news\/?p=4155","url":"https:\/\/stourm.news\/?p=4155","name":"Agression au couteau \u00e0 Saint-Nazaire : l\u2019auteur arr\u00eat\u00e9, la victime aux urgences - STOURM","isPartOf":{"@id":"https:\/\/stourm.news\/#website"},"primaryImageOfPage":{"@id":"https:\/\/stourm.news\/?p=4155#primaryimage"},"image":{"@id":"https:\/\/stourm.news\/?p=4155#primaryimage"},"thumbnailUrl":"https:\/\/stourm.news\/wp-content\/uploads\/2025\/05\/a153293bdd456a553293bdd45e9532v-960x640-1.jpg","datePublished":"2025-05-29T11:43:13+00:00","breadcrumb":{"@id":"https:\/\/stourm.news\/?p=4155#breadcrumb"},"inLanguage":"fr-FR","potentialAction":[{"@type":"ReadAction","target":["https:\/\/stourm.news\/?p=4155"]}]},{"@type":"ImageObject","inLanguage":"fr-FR","@id":"https:\/\/stourm.news\/?p=4155#primaryimage","url":"https:\/\/stourm.news\/wp-content\/uploads\/2025\/05\/a153293bdd456a553293bdd45e9532v-960x640-1.jpg","contentUrl":"https:\/\/stourm.news\/wp-content\/uploads\/2025\/05\/a153293bdd456a553293bdd45e9532v-960x640-1.jpg","width":960,"height":640},{"@type":"BreadcrumbList","@id":"https:\/\/stourm.news\/?p=4155#breadcrumb","itemListElement":[{"@type":"ListItem","position":1,"name":"Accueil","item":"https:\/\/stourm.news\/"},{"@type":"ListItem","position":2,"name":"Agression au couteau \u00e0 Saint-Nazaire : l\u2019auteur arr\u00eat\u00e9, la victime aux urgences"}]},{"@type":"WebSite","@id":"https:\/\/stourm.news\/#website","url":"https:\/\/stourm.news\/","name":"Stourm","description":"Kazetenn Strollad Broadel Breizh","publisher":{"@id":"https:\/\/stourm.news\/#organization"},"potentialAction":[{"@type":"SearchAction","target":{"@type":"EntryPoint","urlTemplate":"https:\/\/stourm.news\/?s={search_term_string}"},"query-input":{"@type":"PropertyValueSpecification","valueRequired":true,"valueName":"search_term_string"}}],"inLanguage":"fr-FR"},{"@type":"Organization","@id":"https:\/\/stourm.news\/#organization","name":"Stourm","url":"https:\/\/stourm.news\/","logo":{"@type":"ImageObject","inLanguage":"fr-FR","@id":"https:\/\/stourm.news\/#\/schema\/logo\/image\/","url":"https:\/\/stourm.news\/wp-content\/uploads\/2025\/11\/cropped-Capture-decran-2025-11-28-a-15.19.07.png","contentUrl":"https:\/\/stourm.news\/wp-content\/uploads\/2025\/11\/cropped-Capture-decran-2025-11-28-a-15.19.07.png","width":1855,"height":383,"caption":"Stourm"},"image":{"@id":"https:\/\/stourm.news\/#\/schema\/logo\/image\/"},"sameAs":["https:\/\/www.facebook.com\/stourmnews\/"]},{"@type":"Person","@id":"https:\/\/stourm.news\/#\/schema\/person\/c3e1dc65988632e190969234ef046cf9","name":"La r\u00e9daction","image":{"@type":"ImageObject","inLanguage":"fr-FR","@id":"https:\/\/stourm.news\/#\/schema\/person\/image\/","url":"https:\/\/secure.gravatar.com\/avatar\/7463443f194b6b5fb706b074ca0ef59a0cfcfd720cb47764b0ec5a952ce422b3?s=96&d=mm&r=g","contentUrl":"https:\/\/secure.gravatar.com\/avatar\/7463443f194b6b5fb706b074ca0ef59a0cfcfd720cb47764b0ec5a952ce422b3?s=96&d=mm&r=g","caption":"La r\u00e9daction"},"sameAs":["https:\/\/stourm.news"],"url":"https:\/\/stourm.news\/?author=1"}]}},"_links":{"self":[{"href":"https:\/\/stourm.news\/index.php?rest_route=\/wp\/v2\/posts\/4155","targetHints":{"allow":["GET"]}}],"collection":[{"href":"https:\/\/stourm.news\/index.php?rest_route=\/wp\/v2\/posts"}],"about":[{"href":"https:\/\/stourm.news\/index.php?rest_route=\/wp\/v2\/types\/post"}],"author":[{"embeddable":true,"href":"https:\/\/stourm.news\/index.php?rest_route=\/wp\/v2\/users\/1"}],"replies":[{"embeddable":true,"href":"https:\/\/stourm.news\/index.php?rest_route=%2Fwp%2Fv2%2Fcomments&post=4155"}],"version-history":[{"count":1,"href":"https:\/\/stourm.news\/index.php?rest_route=\/wp\/v2\/posts\/4155\/revisions"}],"predecessor-version":[{"id":4158,"href":"https:\/\/stourm.news\/index.php?rest_route=\/wp\/v2\/posts\/4155\/revisions\/4158"}],"wp:featuredmedia":[{"embeddable":true,"href":"https:\/\/stourm.news\/index.php?rest_route=\/wp\/v2\/media\/4157"}],"wp:attachment":[{"href":"https:\/\/stourm.news\/index.php?rest_route=%2Fwp%2Fv2%2Fmedia&parent=4155"}],"wp:term":[{"taxonomy":"category","embeddable":true,"href":"https:\/\/stourm.news\/index.php?rest_route=%2Fwp%2Fv2%2Fcategories&post=4155"},{"taxonomy":"post_tag","embeddable":true,"href":"https:\/\/stourm.news\/index.php?rest_route=%2Fwp%2Fv2%2Ftags&post=4155"}],"curies":[{"name":"wp","href":"https:\/\/api.w.org\/{rel}","templated":true}]}}