{"id":4161,"date":"2025-05-29T14:51:54","date_gmt":"2025-05-29T14:51:54","guid":{"rendered":"https:\/\/stourm.news\/?p=4161"},"modified":"2025-05-29T14:51:54","modified_gmt":"2025-05-29T14:51:54","slug":"editorial-breizh-volonte-dune-nation-vivante-et-agissante-par-budig-gourmaelon","status":"publish","type":"post","link":"https:\/\/stourm.news\/?p=4161","title":{"rendered":"\u00c9ditorial : Breizh, volont\u00e9 d&rsquo;une nation vivante et agissante (Par Budig Gourmaelon)"},"content":{"rendered":"<p style=\"text-align: justify;\">La Bretagne n\u2019est pas un simple coin de terre, ni une \u00ab\u00a0r\u00e9gion\u00a0\u00bb ; c\u2019est, comme son nom l&rsquo;exprime, une r\u00e9alit\u00e9 vivante, faite de la chair et du sang des Bretons, qui, \u00e0 travers l&rsquo;histoire, a exprim\u00e9 une volont\u00e9. C&rsquo;est une nation, mais une nation enfouie sous une administration \u00e9trang\u00e8re, \u00e9touff\u00e9e par une amn\u00e9sie collective qu&rsquo;a th\u00e9orie et qu&rsquo;entretient un \u00c9tat ennemi, l&rsquo;\u00c9tat fran\u00e7ais, qui lutte quotidiennement, de cent fa\u00e7ons diff\u00e9rentes, contre la nationalit\u00e9 bretonne. Pour vivre, cette doit vouloir vivre, et exprimer sans d\u00e9tour cette volont\u00e9 nationale.<\/p>\n<p style=\"text-align: justify;\">La force d\u2019un peuple ne se mesure pas qu&rsquo;\u00e0 ses armes, ou \u00e0 son \u00e9conomie, mais d&rsquo;abord \u00e0 sa volont\u00e9 d&rsquo;\u00eatre et de se dire lui-m\u00eame. Breizh, envahie, annex\u00e9e et r\u00e9duite \u00e0 un r\u00f4le de r\u00e9gion p\u00e9riph\u00e9rique de l&rsquo;Hexagone, doit retrouve la voix qui exprime sa volont\u00e9 d&rsquo;agir. Elle doit parler dans les choix quotidiens que tous les Bretons ont la libert\u00e9 de faire : un parent qui donne un pr\u00e9nom breton \u00e0 son enfant et qui s&rsquo;assure qu&rsquo;il re\u00e7oive un enseignement en langue bretonne maintient le fil de cette volont\u00e9. C\u2019est une affirmation qui ne demande pas la permission d&rsquo;une pr\u00e9fecture, qui se fait par la pers\u00e9v\u00e9rance, par le refus de plier face \u00e0 une volont\u00e9 oppos\u00e9e, la volont\u00e9 fran\u00e7aise d&rsquo;\u00e9crasement total de notre nationalit\u00e9.<\/p>\n<p style=\"text-align: justify;\">Un peuple vivant ne se contente pas de se souvenir ; il se recr\u00e9e. La Bretagne, comme l\u2019Irlande de Yeats, qui dans The Rose Tree (1917) voyait dans le sacrifice des nationalistes fusill\u00e9s par la couronne britannique la graine d\u2019un renouveau irlandais, ne cherche pas \u00e0 imiter un pass\u00e9 r\u00e9volu. Elle forge une identit\u00e9 agissante qui, si elle a la m\u00e9moire de ses origines, regarde vers l\u2019avenir avec imagination et audace. Cette recr\u00e9ation permanente passe par des actes concrets et d&rsquo;abord par l&rsquo;engagement, ferme, du plus grand nombre des Bretons pour que la Bretagne nationale redevienne un \u00c9tat libre en Europe.<\/p>\n<p>Ce combat collectif pour la renaissance de Breizh est indissociable du redressement de la Celtie, la collectivit\u00e9 des peuples celtiques. Notre patrie a toujours dialogu\u00e9 avec l\u2019\u00c9cosse, le pays de Galles, l&rsquo;Irlande, la Cornouaille, l&rsquo;\u00eele de Man, unis que sont nos peuples dans un faisceau spirituel li\u00e9 par le sang et l&rsquo;h\u00e9ritage commun, conscient des dangers qui p\u00e8sent invariablement sur nous en ce 21e si\u00e8cle. La Bretagne n\u2019est pas seule, mais elle doit se tenir debout et \u00eatre digne du rang de nation auquel elle doit aspirer l\u00e9gitimement si elle veut pleinement prendre part \u00e0 la fondation de cette Celtie nouvelle, elle-m\u00eame ins\u00e9r\u00e9e dans l&rsquo;Europe europ\u00e9enne.<\/p>\n<p style=\"text-align: justify;\">L&rsquo;id\u00e9e du sang est nouvelle en Bretagne. Cette id\u00e9e est une r\u00e9ponse \u00e0 l\u2019appel d\u2019un peuple qui sait qu\u2019il est davantage que ce que les Fran\u00e7ais leur ont dit et somm\u00e9 d\u2019\u00eatre. La nation bretonne, par sa langue, sa culture, sa sensibilit\u00e9 unique, en puisant dans la m\u00e9moire de la terre et des anc\u00eatres et en exaltant les qualit\u00e9s de la race, peut \u00eatre ranim\u00e9e par ce souffle, qui n\u2019est pas qu&rsquo;un souvenir, mais bien une puissance tangible qui peut se mettre en mouvement, volont\u00e9 agissante qui rendra \u00e0 notre patrie sa place qui lui revient dans l&rsquo;histoire.<\/p>\n<p style=\"text-align: right;\"><strong>Budig Gourmaelon<\/strong><\/p>\n","protected":false},"excerpt":{"rendered":"<p>La Bretagne n\u2019est pas un simple coin de terre, ni une \u00ab\u00a0r\u00e9gion\u00a0\u00bb ; c\u2019est, comme son nom l&rsquo;exprime, une r\u00e9alit\u00e9 vivante, faite de la chair et du sang des Bretons, qui, \u00e0 travers l&rsquo;histoire, a exprim\u00e9 une volont\u00e9. C&rsquo;est une nation, mais une nation enfouie sous une administration \u00e9trang\u00e8re, \u00e9touff\u00e9e par une amn\u00e9sie collective qu&rsquo;a [&hellip;]<\/p>\n","protected":false},"author":1,"featured_media":4162,"comment_status":"open","ping_status":"open","sticky":false,"template":"","format":"standard","meta":{"sb_editor_width":"","footnotes":""},"categories":[63,65],"tags":[],"class_list":["post-4161","post","type-post","status-publish","format-standard","has-post-thumbnail","hentry","category-editorial","category-principale"],"relative_dates":{"created":"11 mois ago","modified":"11 mois ago"},"yoast_head":"<!-- This site is optimized with the Yoast SEO plugin v26.3 - https:\/\/yoast.com\/wordpress\/plugins\/seo\/ -->\n<title>\u00c9ditorial : Breizh, volont\u00e9 d&#039;une nation vivante et agissante (Par Budig Gourmaelon) - STOURM<\/title>\n<meta name=\"robots\" content=\"index, follow, max-snippet:-1, max-image-preview:large, max-video-preview:-1\" \/>\n<link rel=\"canonical\" href=\"https:\/\/stourm.news\/?p=4161\" \/>\n<meta property=\"og:locale\" content=\"fr_FR\" \/>\n<meta property=\"og:type\" content=\"article\" \/>\n<meta property=\"og:title\" content=\"\u00c9ditorial : Breizh, volont\u00e9 d&#039;une nation vivante et agissante (Par Budig Gourmaelon) - STOURM\" \/>\n<meta property=\"og:description\" content=\"La Bretagne n\u2019est pas un simple coin de terre, ni une \u00ab\u00a0r\u00e9gion\u00a0\u00bb ; c\u2019est, comme son nom l&rsquo;exprime, une r\u00e9alit\u00e9 vivante, faite de la chair et du sang des Bretons, qui, \u00e0 travers l&rsquo;histoire, a exprim\u00e9 une volont\u00e9. C&rsquo;est une nation, mais une nation enfouie sous une administration \u00e9trang\u00e8re, \u00e9touff\u00e9e par une amn\u00e9sie collective qu&rsquo;a [&hellip;]\" \/>\n<meta property=\"og:url\" content=\"https:\/\/stourm.news\/?p=4161\" \/>\n<meta property=\"og:site_name\" content=\"STOURM\" \/>\n<meta property=\"article:publisher\" content=\"https:\/\/www.facebook.com\/stourmnews\/\" \/>\n<meta property=\"article:published_time\" content=\"2025-05-29T14:51:54+00:00\" \/>\n<meta property=\"og:image\" content=\"https:\/\/stourm.news\/wp-content\/uploads\/2025\/05\/strong-man1-1024x681-1.jpg\" \/>\n\t<meta property=\"og:image:width\" content=\"1024\" \/>\n\t<meta property=\"og:image:height\" content=\"681\" \/>\n\t<meta property=\"og:image:type\" content=\"image\/jpeg\" \/>\n<meta name=\"author\" content=\"La r\u00e9daction\" \/>\n<meta name=\"twitter:card\" content=\"summary_large_image\" \/>\n<meta name=\"twitter:label1\" content=\"\u00c9crit par\" \/>\n\t<meta name=\"twitter:data1\" content=\"La r\u00e9daction\" \/>\n\t<meta name=\"twitter:label2\" content=\"Dur\u00e9e de lecture estim\u00e9e\" \/>\n\t<meta name=\"twitter:data2\" content=\"3 minutes\" \/>\n<script type=\"application\/ld+json\" class=\"yoast-schema-graph\">{\"@context\":\"https:\/\/schema.org\",\"@graph\":[{\"@type\":\"Article\",\"@id\":\"https:\/\/stourm.news\/?p=4161#article\",\"isPartOf\":{\"@id\":\"https:\/\/stourm.news\/?p=4161\"},\"author\":{\"name\":\"La r\u00e9daction\",\"@id\":\"https:\/\/stourm.news\/#\/schema\/person\/c3e1dc65988632e190969234ef046cf9\"},\"headline\":\"\u00c9ditorial : Breizh, volont\u00e9 d&rsquo;une nation vivante et agissante (Par Budig Gourmaelon)\",\"datePublished\":\"2025-05-29T14:51:54+00:00\",\"mainEntityOfPage\":{\"@id\":\"https:\/\/stourm.news\/?p=4161\"},\"wordCount\":600,\"commentCount\":0,\"publisher\":{\"@id\":\"https:\/\/stourm.news\/#organization\"},\"image\":{\"@id\":\"https:\/\/stourm.news\/?p=4161#primaryimage\"},\"thumbnailUrl\":\"https:\/\/stourm.news\/wp-content\/uploads\/2025\/05\/strong-man1-1024x681-1.jpg\",\"articleSection\":[\"Editorial\",\"Principale\"],\"inLanguage\":\"fr-FR\",\"potentialAction\":[{\"@type\":\"CommentAction\",\"name\":\"Comment\",\"target\":[\"https:\/\/stourm.news\/?p=4161#respond\"]}]},{\"@type\":\"WebPage\",\"@id\":\"https:\/\/stourm.news\/?p=4161\",\"url\":\"https:\/\/stourm.news\/?p=4161\",\"name\":\"\u00c9ditorial : Breizh, volont\u00e9 d'une nation vivante et agissante (Par Budig Gourmaelon) - STOURM\",\"isPartOf\":{\"@id\":\"https:\/\/stourm.news\/#website\"},\"primaryImageOfPage\":{\"@id\":\"https:\/\/stourm.news\/?p=4161#primaryimage\"},\"image\":{\"@id\":\"https:\/\/stourm.news\/?p=4161#primaryimage\"},\"thumbnailUrl\":\"https:\/\/stourm.news\/wp-content\/uploads\/2025\/05\/strong-man1-1024x681-1.jpg\",\"datePublished\":\"2025-05-29T14:51:54+00:00\",\"breadcrumb\":{\"@id\":\"https:\/\/stourm.news\/?p=4161#breadcrumb\"},\"inLanguage\":\"fr-FR\",\"potentialAction\":[{\"@type\":\"ReadAction\",\"target\":[\"https:\/\/stourm.news\/?p=4161\"]}]},{\"@type\":\"ImageObject\",\"inLanguage\":\"fr-FR\",\"@id\":\"https:\/\/stourm.news\/?p=4161#primaryimage\",\"url\":\"https:\/\/stourm.news\/wp-content\/uploads\/2025\/05\/strong-man1-1024x681-1.jpg\",\"contentUrl\":\"https:\/\/stourm.news\/wp-content\/uploads\/2025\/05\/strong-man1-1024x681-1.jpg\",\"width\":1024,\"height\":681},{\"@type\":\"BreadcrumbList\",\"@id\":\"https:\/\/stourm.news\/?p=4161#breadcrumb\",\"itemListElement\":[{\"@type\":\"ListItem\",\"position\":1,\"name\":\"Accueil\",\"item\":\"https:\/\/stourm.news\/\"},{\"@type\":\"ListItem\",\"position\":2,\"name\":\"\u00c9ditorial : Breizh, volont\u00e9 d&rsquo;une nation vivante et agissante (Par Budig Gourmaelon)\"}]},{\"@type\":\"WebSite\",\"@id\":\"https:\/\/stourm.news\/#website\",\"url\":\"https:\/\/stourm.news\/\",\"name\":\"Stourm\",\"description\":\"Kazetenn Strollad Broadel Breizh\",\"publisher\":{\"@id\":\"https:\/\/stourm.news\/#organization\"},\"potentialAction\":[{\"@type\":\"SearchAction\",\"target\":{\"@type\":\"EntryPoint\",\"urlTemplate\":\"https:\/\/stourm.news\/?s={search_term_string}\"},\"query-input\":{\"@type\":\"PropertyValueSpecification\",\"valueRequired\":true,\"valueName\":\"search_term_string\"}}],\"inLanguage\":\"fr-FR\"},{\"@type\":\"Organization\",\"@id\":\"https:\/\/stourm.news\/#organization\",\"name\":\"Stourm\",\"url\":\"https:\/\/stourm.news\/\",\"logo\":{\"@type\":\"ImageObject\",\"inLanguage\":\"fr-FR\",\"@id\":\"https:\/\/stourm.news\/#\/schema\/logo\/image\/\",\"url\":\"https:\/\/stourm.news\/wp-content\/uploads\/2025\/11\/cropped-Capture-decran-2025-11-28-a-15.19.07.png\",\"contentUrl\":\"https:\/\/stourm.news\/wp-content\/uploads\/2025\/11\/cropped-Capture-decran-2025-11-28-a-15.19.07.png\",\"width\":1855,\"height\":383,\"caption\":\"Stourm\"},\"image\":{\"@id\":\"https:\/\/stourm.news\/#\/schema\/logo\/image\/\"},\"sameAs\":[\"https:\/\/www.facebook.com\/stourmnews\/\"]},{\"@type\":\"Person\",\"@id\":\"https:\/\/stourm.news\/#\/schema\/person\/c3e1dc65988632e190969234ef046cf9\",\"name\":\"La r\u00e9daction\",\"image\":{\"@type\":\"ImageObject\",\"inLanguage\":\"fr-FR\",\"@id\":\"https:\/\/stourm.news\/#\/schema\/person\/image\/\",\"url\":\"https:\/\/secure.gravatar.com\/avatar\/7463443f194b6b5fb706b074ca0ef59a0cfcfd720cb47764b0ec5a952ce422b3?s=96&d=mm&r=g\",\"contentUrl\":\"https:\/\/secure.gravatar.com\/avatar\/7463443f194b6b5fb706b074ca0ef59a0cfcfd720cb47764b0ec5a952ce422b3?s=96&d=mm&r=g\",\"caption\":\"La r\u00e9daction\"},\"sameAs\":[\"https:\/\/stourm.news\"],\"url\":\"https:\/\/stourm.news\/?author=1\"}]}<\/script>\n<!-- \/ Yoast SEO plugin. -->","yoast_head_json":{"title":"\u00c9ditorial : Breizh, volont\u00e9 d'une nation vivante et agissante (Par Budig Gourmaelon) - STOURM","robots":{"index":"index","follow":"follow","max-snippet":"max-snippet:-1","max-image-preview":"max-image-preview:large","max-video-preview":"max-video-preview:-1"},"canonical":"https:\/\/stourm.news\/?p=4161","og_locale":"fr_FR","og_type":"article","og_title":"\u00c9ditorial : Breizh, volont\u00e9 d'une nation vivante et agissante (Par Budig Gourmaelon) - STOURM","og_description":"La Bretagne n\u2019est pas un simple coin de terre, ni une \u00ab\u00a0r\u00e9gion\u00a0\u00bb ; c\u2019est, comme son nom l&rsquo;exprime, une r\u00e9alit\u00e9 vivante, faite de la chair et du sang des Bretons, qui, \u00e0 travers l&rsquo;histoire, a exprim\u00e9 une volont\u00e9. C&rsquo;est une nation, mais une nation enfouie sous une administration \u00e9trang\u00e8re, \u00e9touff\u00e9e par une amn\u00e9sie collective qu&rsquo;a [&hellip;]","og_url":"https:\/\/stourm.news\/?p=4161","og_site_name":"STOURM","article_publisher":"https:\/\/www.facebook.com\/stourmnews\/","article_published_time":"2025-05-29T14:51:54+00:00","og_image":[{"width":1024,"height":681,"url":"https:\/\/stourm.news\/wp-content\/uploads\/2025\/05\/strong-man1-1024x681-1.jpg","type":"image\/jpeg"}],"author":"La r\u00e9daction","twitter_card":"summary_large_image","twitter_misc":{"\u00c9crit par":"La r\u00e9daction","Dur\u00e9e de lecture estim\u00e9e":"3 minutes"},"schema":{"@context":"https:\/\/schema.org","@graph":[{"@type":"Article","@id":"https:\/\/stourm.news\/?p=4161#article","isPartOf":{"@id":"https:\/\/stourm.news\/?p=4161"},"author":{"name":"La r\u00e9daction","@id":"https:\/\/stourm.news\/#\/schema\/person\/c3e1dc65988632e190969234ef046cf9"},"headline":"\u00c9ditorial : Breizh, volont\u00e9 d&rsquo;une nation vivante et agissante (Par Budig Gourmaelon)","datePublished":"2025-05-29T14:51:54+00:00","mainEntityOfPage":{"@id":"https:\/\/stourm.news\/?p=4161"},"wordCount":600,"commentCount":0,"publisher":{"@id":"https:\/\/stourm.news\/#organization"},"image":{"@id":"https:\/\/stourm.news\/?p=4161#primaryimage"},"thumbnailUrl":"https:\/\/stourm.news\/wp-content\/uploads\/2025\/05\/strong-man1-1024x681-1.jpg","articleSection":["Editorial","Principale"],"inLanguage":"fr-FR","potentialAction":[{"@type":"CommentAction","name":"Comment","target":["https:\/\/stourm.news\/?p=4161#respond"]}]},{"@type":"WebPage","@id":"https:\/\/stourm.news\/?p=4161","url":"https:\/\/stourm.news\/?p=4161","name":"\u00c9ditorial : Breizh, volont\u00e9 d'une nation vivante et agissante (Par Budig Gourmaelon) - STOURM","isPartOf":{"@id":"https:\/\/stourm.news\/#website"},"primaryImageOfPage":{"@id":"https:\/\/stourm.news\/?p=4161#primaryimage"},"image":{"@id":"https:\/\/stourm.news\/?p=4161#primaryimage"},"thumbnailUrl":"https:\/\/stourm.news\/wp-content\/uploads\/2025\/05\/strong-man1-1024x681-1.jpg","datePublished":"2025-05-29T14:51:54+00:00","breadcrumb":{"@id":"https:\/\/stourm.news\/?p=4161#breadcrumb"},"inLanguage":"fr-FR","potentialAction":[{"@type":"ReadAction","target":["https:\/\/stourm.news\/?p=4161"]}]},{"@type":"ImageObject","inLanguage":"fr-FR","@id":"https:\/\/stourm.news\/?p=4161#primaryimage","url":"https:\/\/stourm.news\/wp-content\/uploads\/2025\/05\/strong-man1-1024x681-1.jpg","contentUrl":"https:\/\/stourm.news\/wp-content\/uploads\/2025\/05\/strong-man1-1024x681-1.jpg","width":1024,"height":681},{"@type":"BreadcrumbList","@id":"https:\/\/stourm.news\/?p=4161#breadcrumb","itemListElement":[{"@type":"ListItem","position":1,"name":"Accueil","item":"https:\/\/stourm.news\/"},{"@type":"ListItem","position":2,"name":"\u00c9ditorial : Breizh, volont\u00e9 d&rsquo;une nation vivante et agissante (Par Budig Gourmaelon)"}]},{"@type":"WebSite","@id":"https:\/\/stourm.news\/#website","url":"https:\/\/stourm.news\/","name":"Stourm","description":"Kazetenn Strollad Broadel Breizh","publisher":{"@id":"https:\/\/stourm.news\/#organization"},"potentialAction":[{"@type":"SearchAction","target":{"@type":"EntryPoint","urlTemplate":"https:\/\/stourm.news\/?s={search_term_string}"},"query-input":{"@type":"PropertyValueSpecification","valueRequired":true,"valueName":"search_term_string"}}],"inLanguage":"fr-FR"},{"@type":"Organization","@id":"https:\/\/stourm.news\/#organization","name":"Stourm","url":"https:\/\/stourm.news\/","logo":{"@type":"ImageObject","inLanguage":"fr-FR","@id":"https:\/\/stourm.news\/#\/schema\/logo\/image\/","url":"https:\/\/stourm.news\/wp-content\/uploads\/2025\/11\/cropped-Capture-decran-2025-11-28-a-15.19.07.png","contentUrl":"https:\/\/stourm.news\/wp-content\/uploads\/2025\/11\/cropped-Capture-decran-2025-11-28-a-15.19.07.png","width":1855,"height":383,"caption":"Stourm"},"image":{"@id":"https:\/\/stourm.news\/#\/schema\/logo\/image\/"},"sameAs":["https:\/\/www.facebook.com\/stourmnews\/"]},{"@type":"Person","@id":"https:\/\/stourm.news\/#\/schema\/person\/c3e1dc65988632e190969234ef046cf9","name":"La r\u00e9daction","image":{"@type":"ImageObject","inLanguage":"fr-FR","@id":"https:\/\/stourm.news\/#\/schema\/person\/image\/","url":"https:\/\/secure.gravatar.com\/avatar\/7463443f194b6b5fb706b074ca0ef59a0cfcfd720cb47764b0ec5a952ce422b3?s=96&d=mm&r=g","contentUrl":"https:\/\/secure.gravatar.com\/avatar\/7463443f194b6b5fb706b074ca0ef59a0cfcfd720cb47764b0ec5a952ce422b3?s=96&d=mm&r=g","caption":"La r\u00e9daction"},"sameAs":["https:\/\/stourm.news"],"url":"https:\/\/stourm.news\/?author=1"}]}},"_links":{"self":[{"href":"https:\/\/stourm.news\/index.php?rest_route=\/wp\/v2\/posts\/4161","targetHints":{"allow":["GET"]}}],"collection":[{"href":"https:\/\/stourm.news\/index.php?rest_route=\/wp\/v2\/posts"}],"about":[{"href":"https:\/\/stourm.news\/index.php?rest_route=\/wp\/v2\/types\/post"}],"author":[{"embeddable":true,"href":"https:\/\/stourm.news\/index.php?rest_route=\/wp\/v2\/users\/1"}],"replies":[{"embeddable":true,"href":"https:\/\/stourm.news\/index.php?rest_route=%2Fwp%2Fv2%2Fcomments&post=4161"}],"version-history":[{"count":1,"href":"https:\/\/stourm.news\/index.php?rest_route=\/wp\/v2\/posts\/4161\/revisions"}],"predecessor-version":[{"id":4163,"href":"https:\/\/stourm.news\/index.php?rest_route=\/wp\/v2\/posts\/4161\/revisions\/4163"}],"wp:featuredmedia":[{"embeddable":true,"href":"https:\/\/stourm.news\/index.php?rest_route=\/wp\/v2\/media\/4162"}],"wp:attachment":[{"href":"https:\/\/stourm.news\/index.php?rest_route=%2Fwp%2Fv2%2Fmedia&parent=4161"}],"wp:term":[{"taxonomy":"category","embeddable":true,"href":"https:\/\/stourm.news\/index.php?rest_route=%2Fwp%2Fv2%2Fcategories&post=4161"},{"taxonomy":"post_tag","embeddable":true,"href":"https:\/\/stourm.news\/index.php?rest_route=%2Fwp%2Fv2%2Ftags&post=4161"}],"curies":[{"name":"wp","href":"https:\/\/api.w.org\/{rel}","templated":true}]}}