{"id":4164,"date":"2025-05-29T16:04:15","date_gmt":"2025-05-29T16:04:15","guid":{"rendered":"https:\/\/stourm.news\/?p=4164"},"modified":"2025-05-29T16:05:00","modified_gmt":"2025-05-29T16:05:00","slug":"lespagne-reclame-la-reconnaissance-du-basque-et-du-catalan-par-lue-un-exemple-pour-le-bretagne","status":"publish","type":"post","link":"https:\/\/stourm.news\/?p=4164","title":{"rendered":"L\u2019Espagne r\u00e9clame la reconnaissance du basque et du catalan par l&rsquo;UE : un exemple pour la Bretagne"},"content":{"rendered":"<p style=\"text-align: justify;\">Le 27 mai 2025, lors d\u2019une r\u00e9union des ministres des Affaires europ\u00e9ennes \u00e0 Bruxelles, l\u2019Espagne a de nouveau plaid\u00e9 pour la reconnaissance du catalan, du basque et du galicien comme langues officielles de l\u2019Union europ\u00e9enne (UE). Cette d\u00e9marche, port\u00e9e par le gouvernement de Pedro S\u00e1nchez, vise \u00e0 int\u00e9grer ces langues, d\u00e9j\u00e0 co-officielles en Espagne, aux 24 langues officielles de l\u2019UE. Face \u00e0 cette ambition, l\u2019UE a temporis\u00e9, renvoyant la question \u00e0 un groupe de travail pour des analyses juridiques et financi\u00e8res. Ce d\u00e9bat, rapport\u00e9 dans <strong><a href=\"https:\/\/www.lefigaro.fr\/langue-francaise\/actu-des-mots\/l-espagne-reclame-la-reconnaissance-du-basque-et-du-catalan-l-union-europeenne-botte-en-touche-20250527\">Le Figaro le m\u00eame jour,<\/a><\/strong> met en lumi\u00e8re les tensions autour de la diversit\u00e9 linguistique en Europe et interroge la place des langues d&rsquo;Europe, comme le breton, dans le projet politique et institutionnel europ\u00e9en. Pour la Bretagne, nation historique occup\u00e9e par l\u2019\u00c9tat fran\u00e7ais, cette actualit\u00e9 est une occasion de raviver la lutte pour la reconnaissance de sa langue et de son identit\u00e9.<\/p>\n<p style=\"text-align: justify;\"><strong>L\u2019Espagne, un miroir pour la Bretagne<\/strong><\/p>\n<p style=\"text-align: justify;\">Depuis l&rsquo;effondrement du franquisme, dans les ann\u00e9es 1970, l&rsquo;Espagne d\u00e9fend les langues ib\u00e9riques avec une d\u00e9termination qui contraste avec l&rsquo;opposition frontale de l&rsquo;\u00c9tat fran\u00e7ais. Le catalan, parl\u00e9 par environ 10 millions de personnes, le basque et le galicien b\u00e9n\u00e9ficient d\u2019un statut co-officiel dans leurs r\u00e9gions respectives, inscrit dans la Constitution espagnole de 1978. Cette l\u00e9gitimit\u00e9 juridique, combin\u00e9e \u00e0 un poids d\u00e9mographique comparable \u00e0 des langues officielles comme le su\u00e9dois, donne \u00e0 l\u2019Espagne des arguments solides pour exiger leur reconnaissance europ\u00e9enne. Pourtant, la proposition se heurte \u00e0 des obstacles : un co\u00fbt estim\u00e9 entre 44 et 132 millions d\u2019euros par an pour les traductions et interpr\u00e9tations, la n\u00e9cessit\u00e9 d\u2019une unanimit\u00e9 des 27 \u00c9tats membres, et la crainte d\u2019un <strong>\u00ab effet domino \u00bb<\/strong> qui ouvrirait la porte \u00e0 d\u2019autres langues europ\u00e9ennes non-reconnues par certains \u00c9tats, comme le breton ou le corse.<\/p>\n<p style=\"text-align: justify;\">La France, par la voix de son ministre Benjamin Haddad, a exprim\u00e9 des r\u00e9serves, demandant une analyse approfondie des implications juridiques et financi\u00e8res. Cette prudence refl\u00e8te une peur bien fran\u00e7aise : celle de voir les langues en usage sur les territoires administr\u00e9s par la France, rel\u00e9gu\u00e9es au rang de \u00ab\u00a0patrimoine culturel\u00a0\u00bb par la Constitution (article 75-1), revendiquer un statut de co-officialit\u00e9 similaire. Le breton, parl\u00e9 par environ 107 000 personnes selon les estimations r\u00e9centes, est au c\u0153ur de cette tension. Contrairement au catalan, il n\u2019a aucun statut officiel en France, o\u00f9 l\u2019article 2 de la Constitution consacre le fran\u00e7ais comme seule langue de la R\u00e9publique. Cette marginalisation, h\u00e9rit\u00e9e d\u2019une tradition d&rsquo;\u00e9radication vieille de deux si\u00e8cles, est une entrave \u00e0 toute ambition europ\u00e9enne pour le breton.<\/p>\n<p style=\"text-align: justify;\"><strong>Une nation bretonne en qu\u00eate de voix<\/strong><\/p>\n<p style=\"text-align: justify;\">La demande espagnole est un rappel cinglant pour les Bretons : une langue n\u2019est pas qu\u2019un outil de communication, c\u2019est le souffle d\u2019une nation. Comme nous l\u2019affirmions pr\u00e9c\u00e9demment, la Bretagne n\u2019est pas une simple r\u00e9gion, mais une r\u00e9alit\u00e9 vivante, port\u00e9e par la volont\u00e9 de son peuple. Le breton, bien que fragilis\u00e9 par des d\u00e9cennies d\u2019assimilation, reste un pilier de cette identit\u00e9 nationale. Chaque locuteur, chaque \u00e9cole Diwan, chaque pr\u00e9nom breton donn\u00e9 \u00e0 un enfant est un acte de r\u00e9sistance contre l\u2019amn\u00e9sie collective impos\u00e9e par l\u2019\u00c9tat fran\u00e7ais \u00e0 la Bretagne. Mais pour que le breton aspire \u00e0 une reconnaissance europ\u00e9enne, il faut plus qu\u2019une r\u00e9sistance culturelle : il faut une mobilisation politique.<\/p>\n<p style=\"text-align: justify;\">L\u2019exemple de l\u2019irlandais, langue officielle de l\u2019UE depuis 2007, est instructif. Bien que parl\u00e9 par une minorit\u00e9, l\u2019irlandais a b\u00e9n\u00e9fici\u00e9 du statut d\u2019\u00c9tat souverain de l\u2019Irlande pour acc\u00e9der \u00e0 ce rang. La Bretagne, priv\u00e9e de souverainet\u00e9, doit s\u2019appuyer sur d\u2019autres leviers : la solidarit\u00e9 celtique avec l\u2019\u00c9cosse, le Pays de Galles ou l\u2019Irlande, et une pression accrue sur la France pour reconna\u00eetre officiellement le breton. L\u2019inscription r\u00e9cente du breton au patrimoine immat\u00e9riel de l\u2019Unesco, bien que symbolique, est un premier pas. Mais sans un statut officiel en France, comparable \u00e0 celui des langues espagnoles, la reconnaissance europ\u00e9enne reste hors de port\u00e9e.<\/p>\n<p style=\"text-align: justify;\"><strong>La France, rempart contre la diversit\u00e9 linguistique<\/strong><\/p>\n<p style=\"text-align: justify;\">La position fran\u00e7aise, telle que rapport\u00e9e dans Le Figaro, est r\u00e9v\u00e9latrice d\u2019un malaise. En demandant des garanties juridiques et financi\u00e8res, l&rsquo;\u00c9tat fran\u00e7ais cherche \u00e0 \u00e9viter un pr\u00e9c\u00e9dent qui pourrait r\u00e9veiller les revendications de ses nations historiques et la contraindre \u00e0 reconna\u00eetre des demandes similaires pour le breton, le corse ou l&rsquo;alsacien, mena\u00e7ant l\u2019unit\u00e9 linguistique factice de l&rsquo;Hexagone. Cette peur est une opportunit\u00e9 pour les Bretons. Elle montre que notre langue, bien que minoris\u00e9e, est per\u00e7ue comme une force capable de d\u00e9fier l\u2019h\u00e9g\u00e9monie fran\u00e7aise.<\/p>\n<p style=\"text-align: justify;\">L\u2019\u00c9tat fran\u00e7ais, en freinant la reconnaissance des langues parl\u00e9es au sein de l\u2019UE, trahit une vision franco-fran\u00e7aise de l\u2019Europe, o\u00f9 l&rsquo;\u00e9tatisme hexagonal prime sur l&rsquo;Europe r\u00e9elle et ses peuples. Pourtant, l\u2019Europe devrait \u00eatre celle des nations, o\u00f9 des peuples comme les Bretons, les Catalans ou les Basques peuvent faire entendre leur voix. La demande espagnole, m\u00eame si elle n\u2019aboutit pas imm\u00e9diatement, <strong>ouvre une br\u00e8che<\/strong> : elle prouve qu\u2019un \u00c9tat peut d\u00e9fendre ses langues sur la sc\u00e8ne europ\u00e9enne. La Bretagne doit s\u2019en inspirer, non pour imiter servilement, mais pour forger son propre chemin.<\/p>\n<p style=\"text-align: justify;\"><strong>Un appel \u00e0 l\u2019action bretonne<\/strong><\/p>\n<p style=\"text-align: justify;\">La reconnaissance du breton par l\u2019UE est un objectif ambitieux, mais r\u00e9alisable \u00e0 long terme, \u00e0 condition que les Bretons eux-m\u00eames s\u2019en saisissent. Cela passe par des actes concrets : renforcer l\u2019enseignement bilingue, exiger un statut officiel pour le breton en France, et tisser des alliances avec d\u2019autres peuples celtiques. La Celtie, cette communaut\u00e9 spirituelle et culturelle \u00e9voqu\u00e9e dans notre pr\u00e9c\u00e9dent texte, peut \u00eatre un levier pour porter la voix bretonne \u00e0 Bruxelles. L\u2019\u00c9cosse, le Pays de Galles et l\u2019Irlande, unis par un h\u00e9ritage commun, sont des alli\u00e9s naturels dans ce combat.<\/p>\n<p style=\"text-align: justify;\">Le d\u00e9bat lanc\u00e9 par l\u2019Espagne est une occasion pour la Bretagne de r\u00e9affirmer sa volont\u00e9 d\u2019exister. La reconnaissance europ\u00e9enne du breton ne viendra pas de la bienveillance de l\u2019\u00c9tat fran\u00e7ais, ni de l\u2019UE ; elle na\u00eetra de la pers\u00e9v\u00e9rance d\u2019un peuple qui refuse de plier. \u00c0 l\u2019image des Catalans, des Basques et des Galiciens, les Bretons doivent faire entendre leur voix, non comme une r\u00e9gion p\u00e9riph\u00e9rique, mais comme une nation digne de l\u2019Europe des peuples.<\/p>\n<p style=\"text-align: right;\"><strong>Budig Gourmaelon<\/strong><\/p>\n","protected":false},"excerpt":{"rendered":"<p>Le 27 mai 2025, lors d\u2019une r\u00e9union des ministres des Affaires europ\u00e9ennes \u00e0 Bruxelles, l\u2019Espagne a de nouveau plaid\u00e9 pour la reconnaissance du catalan, du basque et du galicien comme langues officielles de l\u2019Union europ\u00e9enne (UE). Cette d\u00e9marche, port\u00e9e par le gouvernement de Pedro S\u00e1nchez, vise \u00e0 int\u00e9grer ces langues, d\u00e9j\u00e0 co-officielles en Espagne, aux [&hellip;]<\/p>\n","protected":false},"author":1,"featured_media":4165,"comment_status":"open","ping_status":"open","sticky":false,"template":"","format":"standard","meta":{"sb_editor_width":"","footnotes":""},"categories":[66,67,65],"tags":[],"class_list":["post-4164","post","type-post","status-publish","format-standard","has-post-thumbnail","hentry","category-international","category-politique","category-principale"],"relative_dates":{"created":"11 mois ago","modified":"11 mois ago"},"yoast_head":"<!-- This site is optimized with the Yoast SEO plugin v26.3 - https:\/\/yoast.com\/wordpress\/plugins\/seo\/ -->\n<title>L\u2019Espagne r\u00e9clame la reconnaissance du basque et du catalan par l&#039;UE : un exemple pour la Bretagne - STOURM<\/title>\n<meta name=\"robots\" content=\"index, follow, max-snippet:-1, max-image-preview:large, max-video-preview:-1\" \/>\n<link rel=\"canonical\" href=\"https:\/\/stourm.news\/?p=4164\" \/>\n<meta property=\"og:locale\" content=\"fr_FR\" \/>\n<meta property=\"og:type\" content=\"article\" \/>\n<meta property=\"og:title\" content=\"L\u2019Espagne r\u00e9clame la reconnaissance du basque et du catalan par l&#039;UE : un exemple pour la Bretagne - STOURM\" \/>\n<meta property=\"og:description\" content=\"Le 27 mai 2025, lors d\u2019une r\u00e9union des ministres des Affaires europ\u00e9ennes \u00e0 Bruxelles, l\u2019Espagne a de nouveau plaid\u00e9 pour la reconnaissance du catalan, du basque et du galicien comme langues officielles de l\u2019Union europ\u00e9enne (UE). Cette d\u00e9marche, port\u00e9e par le gouvernement de Pedro S\u00e1nchez, vise \u00e0 int\u00e9grer ces langues, d\u00e9j\u00e0 co-officielles en Espagne, aux [&hellip;]\" \/>\n<meta property=\"og:url\" content=\"https:\/\/stourm.news\/?p=4164\" \/>\n<meta property=\"og:site_name\" content=\"STOURM\" \/>\n<meta property=\"article:publisher\" content=\"https:\/\/www.facebook.com\/stourmnews\/\" \/>\n<meta property=\"article:published_time\" content=\"2025-05-29T16:04:15+00:00\" \/>\n<meta property=\"article:modified_time\" content=\"2025-05-29T16:05:00+00:00\" \/>\n<meta property=\"og:image\" content=\"https:\/\/stourm.news\/wp-content\/uploads\/2025\/05\/Spain-P0345220019.jpg\" \/>\n\t<meta property=\"og:image:width\" content=\"1200\" \/>\n\t<meta property=\"og:image:height\" content=\"801\" \/>\n\t<meta property=\"og:image:type\" content=\"image\/jpeg\" \/>\n<meta name=\"author\" content=\"La r\u00e9daction\" \/>\n<meta name=\"twitter:card\" content=\"summary_large_image\" \/>\n<meta name=\"twitter:label1\" content=\"\u00c9crit par\" \/>\n\t<meta name=\"twitter:data1\" content=\"La r\u00e9daction\" \/>\n\t<meta name=\"twitter:label2\" content=\"Dur\u00e9e de lecture estim\u00e9e\" \/>\n\t<meta name=\"twitter:data2\" content=\"6 minutes\" \/>\n<script type=\"application\/ld+json\" class=\"yoast-schema-graph\">{\"@context\":\"https:\/\/schema.org\",\"@graph\":[{\"@type\":\"Article\",\"@id\":\"https:\/\/stourm.news\/?p=4164#article\",\"isPartOf\":{\"@id\":\"https:\/\/stourm.news\/?p=4164\"},\"author\":{\"name\":\"La r\u00e9daction\",\"@id\":\"https:\/\/stourm.news\/#\/schema\/person\/c3e1dc65988632e190969234ef046cf9\"},\"headline\":\"L\u2019Espagne r\u00e9clame la reconnaissance du basque et du catalan par l&rsquo;UE : un exemple pour la Bretagne\",\"datePublished\":\"2025-05-29T16:04:15+00:00\",\"dateModified\":\"2025-05-29T16:05:00+00:00\",\"mainEntityOfPage\":{\"@id\":\"https:\/\/stourm.news\/?p=4164\"},\"wordCount\":1153,\"commentCount\":0,\"publisher\":{\"@id\":\"https:\/\/stourm.news\/#organization\"},\"image\":{\"@id\":\"https:\/\/stourm.news\/?p=4164#primaryimage\"},\"thumbnailUrl\":\"https:\/\/stourm.news\/wp-content\/uploads\/2025\/05\/Spain-P0345220019.jpg\",\"articleSection\":[\"International\",\"Politique\",\"Principale\"],\"inLanguage\":\"fr-FR\",\"potentialAction\":[{\"@type\":\"CommentAction\",\"name\":\"Comment\",\"target\":[\"https:\/\/stourm.news\/?p=4164#respond\"]}]},{\"@type\":\"WebPage\",\"@id\":\"https:\/\/stourm.news\/?p=4164\",\"url\":\"https:\/\/stourm.news\/?p=4164\",\"name\":\"L\u2019Espagne r\u00e9clame la reconnaissance du basque et du catalan par l'UE : un exemple pour la Bretagne - STOURM\",\"isPartOf\":{\"@id\":\"https:\/\/stourm.news\/#website\"},\"primaryImageOfPage\":{\"@id\":\"https:\/\/stourm.news\/?p=4164#primaryimage\"},\"image\":{\"@id\":\"https:\/\/stourm.news\/?p=4164#primaryimage\"},\"thumbnailUrl\":\"https:\/\/stourm.news\/wp-content\/uploads\/2025\/05\/Spain-P0345220019.jpg\",\"datePublished\":\"2025-05-29T16:04:15+00:00\",\"dateModified\":\"2025-05-29T16:05:00+00:00\",\"breadcrumb\":{\"@id\":\"https:\/\/stourm.news\/?p=4164#breadcrumb\"},\"inLanguage\":\"fr-FR\",\"potentialAction\":[{\"@type\":\"ReadAction\",\"target\":[\"https:\/\/stourm.news\/?p=4164\"]}]},{\"@type\":\"ImageObject\",\"inLanguage\":\"fr-FR\",\"@id\":\"https:\/\/stourm.news\/?p=4164#primaryimage\",\"url\":\"https:\/\/stourm.news\/wp-content\/uploads\/2025\/05\/Spain-P0345220019.jpg\",\"contentUrl\":\"https:\/\/stourm.news\/wp-content\/uploads\/2025\/05\/Spain-P0345220019.jpg\",\"width\":1200,\"height\":801},{\"@type\":\"BreadcrumbList\",\"@id\":\"https:\/\/stourm.news\/?p=4164#breadcrumb\",\"itemListElement\":[{\"@type\":\"ListItem\",\"position\":1,\"name\":\"Accueil\",\"item\":\"https:\/\/stourm.news\/\"},{\"@type\":\"ListItem\",\"position\":2,\"name\":\"L\u2019Espagne r\u00e9clame la reconnaissance du basque et du catalan par l&rsquo;UE : un exemple pour la Bretagne\"}]},{\"@type\":\"WebSite\",\"@id\":\"https:\/\/stourm.news\/#website\",\"url\":\"https:\/\/stourm.news\/\",\"name\":\"Stourm\",\"description\":\"Kazetenn Strollad Broadel Breizh\",\"publisher\":{\"@id\":\"https:\/\/stourm.news\/#organization\"},\"potentialAction\":[{\"@type\":\"SearchAction\",\"target\":{\"@type\":\"EntryPoint\",\"urlTemplate\":\"https:\/\/stourm.news\/?s={search_term_string}\"},\"query-input\":{\"@type\":\"PropertyValueSpecification\",\"valueRequired\":true,\"valueName\":\"search_term_string\"}}],\"inLanguage\":\"fr-FR\"},{\"@type\":\"Organization\",\"@id\":\"https:\/\/stourm.news\/#organization\",\"name\":\"Stourm\",\"url\":\"https:\/\/stourm.news\/\",\"logo\":{\"@type\":\"ImageObject\",\"inLanguage\":\"fr-FR\",\"@id\":\"https:\/\/stourm.news\/#\/schema\/logo\/image\/\",\"url\":\"https:\/\/stourm.news\/wp-content\/uploads\/2025\/11\/cropped-Capture-decran-2025-11-28-a-15.19.07.png\",\"contentUrl\":\"https:\/\/stourm.news\/wp-content\/uploads\/2025\/11\/cropped-Capture-decran-2025-11-28-a-15.19.07.png\",\"width\":1855,\"height\":383,\"caption\":\"Stourm\"},\"image\":{\"@id\":\"https:\/\/stourm.news\/#\/schema\/logo\/image\/\"},\"sameAs\":[\"https:\/\/www.facebook.com\/stourmnews\/\"]},{\"@type\":\"Person\",\"@id\":\"https:\/\/stourm.news\/#\/schema\/person\/c3e1dc65988632e190969234ef046cf9\",\"name\":\"La r\u00e9daction\",\"image\":{\"@type\":\"ImageObject\",\"inLanguage\":\"fr-FR\",\"@id\":\"https:\/\/stourm.news\/#\/schema\/person\/image\/\",\"url\":\"https:\/\/secure.gravatar.com\/avatar\/7463443f194b6b5fb706b074ca0ef59a0cfcfd720cb47764b0ec5a952ce422b3?s=96&d=mm&r=g\",\"contentUrl\":\"https:\/\/secure.gravatar.com\/avatar\/7463443f194b6b5fb706b074ca0ef59a0cfcfd720cb47764b0ec5a952ce422b3?s=96&d=mm&r=g\",\"caption\":\"La r\u00e9daction\"},\"sameAs\":[\"https:\/\/stourm.news\"],\"url\":\"https:\/\/stourm.news\/?author=1\"}]}<\/script>\n<!-- \/ Yoast SEO plugin. -->","yoast_head_json":{"title":"L\u2019Espagne r\u00e9clame la reconnaissance du basque et du catalan par l'UE : un exemple pour la Bretagne - STOURM","robots":{"index":"index","follow":"follow","max-snippet":"max-snippet:-1","max-image-preview":"max-image-preview:large","max-video-preview":"max-video-preview:-1"},"canonical":"https:\/\/stourm.news\/?p=4164","og_locale":"fr_FR","og_type":"article","og_title":"L\u2019Espagne r\u00e9clame la reconnaissance du basque et du catalan par l'UE : un exemple pour la Bretagne - STOURM","og_description":"Le 27 mai 2025, lors d\u2019une r\u00e9union des ministres des Affaires europ\u00e9ennes \u00e0 Bruxelles, l\u2019Espagne a de nouveau plaid\u00e9 pour la reconnaissance du catalan, du basque et du galicien comme langues officielles de l\u2019Union europ\u00e9enne (UE). Cette d\u00e9marche, port\u00e9e par le gouvernement de Pedro S\u00e1nchez, vise \u00e0 int\u00e9grer ces langues, d\u00e9j\u00e0 co-officielles en Espagne, aux [&hellip;]","og_url":"https:\/\/stourm.news\/?p=4164","og_site_name":"STOURM","article_publisher":"https:\/\/www.facebook.com\/stourmnews\/","article_published_time":"2025-05-29T16:04:15+00:00","article_modified_time":"2025-05-29T16:05:00+00:00","og_image":[{"width":1200,"height":801,"url":"https:\/\/stourm.news\/wp-content\/uploads\/2025\/05\/Spain-P0345220019.jpg","type":"image\/jpeg"}],"author":"La r\u00e9daction","twitter_card":"summary_large_image","twitter_misc":{"\u00c9crit par":"La r\u00e9daction","Dur\u00e9e de lecture estim\u00e9e":"6 minutes"},"schema":{"@context":"https:\/\/schema.org","@graph":[{"@type":"Article","@id":"https:\/\/stourm.news\/?p=4164#article","isPartOf":{"@id":"https:\/\/stourm.news\/?p=4164"},"author":{"name":"La r\u00e9daction","@id":"https:\/\/stourm.news\/#\/schema\/person\/c3e1dc65988632e190969234ef046cf9"},"headline":"L\u2019Espagne r\u00e9clame la reconnaissance du basque et du catalan par l&rsquo;UE : un exemple pour la Bretagne","datePublished":"2025-05-29T16:04:15+00:00","dateModified":"2025-05-29T16:05:00+00:00","mainEntityOfPage":{"@id":"https:\/\/stourm.news\/?p=4164"},"wordCount":1153,"commentCount":0,"publisher":{"@id":"https:\/\/stourm.news\/#organization"},"image":{"@id":"https:\/\/stourm.news\/?p=4164#primaryimage"},"thumbnailUrl":"https:\/\/stourm.news\/wp-content\/uploads\/2025\/05\/Spain-P0345220019.jpg","articleSection":["International","Politique","Principale"],"inLanguage":"fr-FR","potentialAction":[{"@type":"CommentAction","name":"Comment","target":["https:\/\/stourm.news\/?p=4164#respond"]}]},{"@type":"WebPage","@id":"https:\/\/stourm.news\/?p=4164","url":"https:\/\/stourm.news\/?p=4164","name":"L\u2019Espagne r\u00e9clame la reconnaissance du basque et du catalan par l'UE : un exemple pour la Bretagne - STOURM","isPartOf":{"@id":"https:\/\/stourm.news\/#website"},"primaryImageOfPage":{"@id":"https:\/\/stourm.news\/?p=4164#primaryimage"},"image":{"@id":"https:\/\/stourm.news\/?p=4164#primaryimage"},"thumbnailUrl":"https:\/\/stourm.news\/wp-content\/uploads\/2025\/05\/Spain-P0345220019.jpg","datePublished":"2025-05-29T16:04:15+00:00","dateModified":"2025-05-29T16:05:00+00:00","breadcrumb":{"@id":"https:\/\/stourm.news\/?p=4164#breadcrumb"},"inLanguage":"fr-FR","potentialAction":[{"@type":"ReadAction","target":["https:\/\/stourm.news\/?p=4164"]}]},{"@type":"ImageObject","inLanguage":"fr-FR","@id":"https:\/\/stourm.news\/?p=4164#primaryimage","url":"https:\/\/stourm.news\/wp-content\/uploads\/2025\/05\/Spain-P0345220019.jpg","contentUrl":"https:\/\/stourm.news\/wp-content\/uploads\/2025\/05\/Spain-P0345220019.jpg","width":1200,"height":801},{"@type":"BreadcrumbList","@id":"https:\/\/stourm.news\/?p=4164#breadcrumb","itemListElement":[{"@type":"ListItem","position":1,"name":"Accueil","item":"https:\/\/stourm.news\/"},{"@type":"ListItem","position":2,"name":"L\u2019Espagne r\u00e9clame la reconnaissance du basque et du catalan par l&rsquo;UE : un exemple pour la Bretagne"}]},{"@type":"WebSite","@id":"https:\/\/stourm.news\/#website","url":"https:\/\/stourm.news\/","name":"Stourm","description":"Kazetenn Strollad Broadel Breizh","publisher":{"@id":"https:\/\/stourm.news\/#organization"},"potentialAction":[{"@type":"SearchAction","target":{"@type":"EntryPoint","urlTemplate":"https:\/\/stourm.news\/?s={search_term_string}"},"query-input":{"@type":"PropertyValueSpecification","valueRequired":true,"valueName":"search_term_string"}}],"inLanguage":"fr-FR"},{"@type":"Organization","@id":"https:\/\/stourm.news\/#organization","name":"Stourm","url":"https:\/\/stourm.news\/","logo":{"@type":"ImageObject","inLanguage":"fr-FR","@id":"https:\/\/stourm.news\/#\/schema\/logo\/image\/","url":"https:\/\/stourm.news\/wp-content\/uploads\/2025\/11\/cropped-Capture-decran-2025-11-28-a-15.19.07.png","contentUrl":"https:\/\/stourm.news\/wp-content\/uploads\/2025\/11\/cropped-Capture-decran-2025-11-28-a-15.19.07.png","width":1855,"height":383,"caption":"Stourm"},"image":{"@id":"https:\/\/stourm.news\/#\/schema\/logo\/image\/"},"sameAs":["https:\/\/www.facebook.com\/stourmnews\/"]},{"@type":"Person","@id":"https:\/\/stourm.news\/#\/schema\/person\/c3e1dc65988632e190969234ef046cf9","name":"La r\u00e9daction","image":{"@type":"ImageObject","inLanguage":"fr-FR","@id":"https:\/\/stourm.news\/#\/schema\/person\/image\/","url":"https:\/\/secure.gravatar.com\/avatar\/7463443f194b6b5fb706b074ca0ef59a0cfcfd720cb47764b0ec5a952ce422b3?s=96&d=mm&r=g","contentUrl":"https:\/\/secure.gravatar.com\/avatar\/7463443f194b6b5fb706b074ca0ef59a0cfcfd720cb47764b0ec5a952ce422b3?s=96&d=mm&r=g","caption":"La r\u00e9daction"},"sameAs":["https:\/\/stourm.news"],"url":"https:\/\/stourm.news\/?author=1"}]}},"_links":{"self":[{"href":"https:\/\/stourm.news\/index.php?rest_route=\/wp\/v2\/posts\/4164","targetHints":{"allow":["GET"]}}],"collection":[{"href":"https:\/\/stourm.news\/index.php?rest_route=\/wp\/v2\/posts"}],"about":[{"href":"https:\/\/stourm.news\/index.php?rest_route=\/wp\/v2\/types\/post"}],"author":[{"embeddable":true,"href":"https:\/\/stourm.news\/index.php?rest_route=\/wp\/v2\/users\/1"}],"replies":[{"embeddable":true,"href":"https:\/\/stourm.news\/index.php?rest_route=%2Fwp%2Fv2%2Fcomments&post=4164"}],"version-history":[{"count":2,"href":"https:\/\/stourm.news\/index.php?rest_route=\/wp\/v2\/posts\/4164\/revisions"}],"predecessor-version":[{"id":4167,"href":"https:\/\/stourm.news\/index.php?rest_route=\/wp\/v2\/posts\/4164\/revisions\/4167"}],"wp:featuredmedia":[{"embeddable":true,"href":"https:\/\/stourm.news\/index.php?rest_route=\/wp\/v2\/media\/4165"}],"wp:attachment":[{"href":"https:\/\/stourm.news\/index.php?rest_route=%2Fwp%2Fv2%2Fmedia&parent=4164"}],"wp:term":[{"taxonomy":"category","embeddable":true,"href":"https:\/\/stourm.news\/index.php?rest_route=%2Fwp%2Fv2%2Fcategories&post=4164"},{"taxonomy":"post_tag","embeddable":true,"href":"https:\/\/stourm.news\/index.php?rest_route=%2Fwp%2Fv2%2Ftags&post=4164"}],"curies":[{"name":"wp","href":"https:\/\/api.w.org\/{rel}","templated":true}]}}