{"id":4172,"date":"2025-05-30T11:47:37","date_gmt":"2025-05-30T11:47:37","guid":{"rendered":"https:\/\/stourm.news\/?p=4172"},"modified":"2025-05-30T11:47:37","modified_gmt":"2025-05-30T11:47:37","slug":"chronique-des-monarques-de-bretagne-konan-meriadog-chapitre-premier","status":"publish","type":"post","link":"https:\/\/stourm.news\/?p=4172","title":{"rendered":"Chronique des monarques de Bretagne : Konan Meriadog (Chapitre premier)"},"content":{"rendered":"<p style=\"text-align: justify;\">Dans l\u2019imaginaire breton, Konan Meriadog (\u00ab\u00a0Conan M\u00e9riadec\u00a0\u00bb) est c\u00e9l\u00e9br\u00e9 comme le p\u00e8re fondateur de la nation bretonne, un h\u00e9ros qui conduisit les Bretons de Grande-Bretagne vers l\u2019Armorique pour y \u00e9tablir une Bretagne souveraine.<\/p>\n<p style=\"text-align: justify;\"><strong>La Bretagne romaine en crise<\/strong><\/p>\n<p style=\"text-align: justify;\">Au IVe si\u00e8cle, l&rsquo;\u00eele de Bretagne (Britannia) est une province romaine int\u00e9gr\u00e9e depuis la conqu\u00eate de Claude en 43 apr. J.-C. Elle est administr\u00e9e par un gouverneur romain et divis\u00e9e en plusieurs provinces (Britannia Prima, Secunda, Maxima Caesariensis, etc.). Le pays est peupl\u00e9 de Britto-Romains, les indig\u00e8nes celtes romanis\u00e9s, ainsi que de populations celtes non romanis\u00e9es dans les r\u00e9gions du nord et de l\u2019ouest (Cornouailles, Pays de Galles).<\/p>\n<p style=\"text-align: justify;\">Cependant, la province est sous pression croissante.<\/p>\n<p style=\"text-align: justify;\">Les Pictes au nord (au-del\u00e0 du mur d\u2019Hadrien), les Scots d\u2019Irlande et les Saxons attaquent r\u00e9guli\u00e8rement les c\u00f4tes. Ammien Marcellin, dans ses Res Gestae (XX, 1, 1), d\u00e9crit les invasions barbares en 360 : \u00ab Picti Saxonesque et Scotti et Attacotti Britannos aerumnis vexavere continuis \u00bb (\u00ab Les Pictes, les Saxons, les Scots et les Attacotti ont accabl\u00e9 les Bretons de maux incessants \u00bb).<\/p>\n<p><img fetchpriority=\"high\" decoding=\"async\" class=\"alignnone size-medium\" src=\"https:\/\/static.nationalgeographic.fr\/files\/styles\/image_3200\/public\/nationalgeographic_2334517.jpg?w=1900&amp;h=1267\" width=\"1900\" height=\"1267\" \/><\/p>\n<p style=\"text-align: center;\"><em>Mur d&rsquo;Hadrien<\/em><\/p>\n<p style=\"text-align: justify;\">La Grande-Bretagne est un foyer de r\u00e9bellions et d\u2019usurpations. En 383, Magnus Maximus, un g\u00e9n\u00e9ral romain d&rsquo;origine espagnole, est proclam\u00e9 empereur par ses troupes en Bretagne et traverse la Gaule pour d\u00e9fier l\u2019empereur l\u00e9gitime, Gratien. Zosime, dans son Histoire nouvelle (IV, 35), note : \u00ab Maximus, un homme \u00e9nergique et juste, fut proclam\u00e9 empereur par les soldats en Bretagne, malgr\u00e9 son refus initial. \u00bb<\/p>\n<p style=\"text-align: justify;\">\u00c0 la fin du IVe si\u00e8cle, Rome r\u00e9duit ses garnisons en Bretagne pour d\u00e9fendre d\u2019autres fronts (Rh\u00e9nanie, Balkans). En 410, l\u2019empereur Honorius aurait ordonn\u00e9 aux Bretons de se d\u00e9fendre seuls, selon Zosime (VI, 10) : \u00ab Il leur ordonna de veiller eux-m\u00eames \u00e0 leur s\u00e9curit\u00e9. \u00bb Cela marque le d\u00e9but de l\u2019ind\u00e9pendance des \u00e9lites locales romano-britanniques.<\/p>\n<p style=\"text-align: justify;\"><strong>La Gaule fragment\u00e9e<\/strong><\/p>\n<p style=\"text-align: justify;\">La Gaule, sous l\u2019Empire romain, est divis\u00e9e en plusieurs provinces (Lugdunaise, Aquitaine, Belgica, etc.), avec l\u2019Armorique (future Bretagne) englobant les territoires des Osismes, V\u00e9n\u00e8tes, Curiosolites et autres tribus celtes.<\/p>\n<p style=\"text-align: justify;\">Politiquement, la Gaule est instable.<\/p>\n<p style=\"text-align: justify;\">Les Bagaudes, mouvements de r\u00e9voltes paysannes, secouent l\u2019Armorique au IIIe et IVe si\u00e8cles. Salvien de Marseille, dans De Gubernatione Dei (V, 5, 22), d\u00e9crit ces r\u00e9voltes : \u00ab Les pauvres, \u00e9cras\u00e9s par les imp\u00f4ts, se sont tourn\u00e9s vers les barbares ou ont form\u00e9 des bandes pour r\u00e9sister. \u00bb<\/p>\n<p style=\"text-align: justify;\">Les Francs, Alamans et autres peuples germaniques franchissent r\u00e9guli\u00e8rement le Rhin, tandis que les pirates saxons attaquent les c\u00f4tes, y compris l\u2019Armorique. Ammien Marcellin (XXVIII, 2, 5) mentionne : \u00ab Les Saxons ravageaient les c\u00f4tes de la Gaule, pillant les terres des Osismes et des V\u00e9n\u00e8tes. \u00bb<\/p>\n<p><img decoding=\"async\" class=\"aligncenter\" src=\"https:\/\/upload.wikimedia.org\/wikipedia\/commons\/4\/44\/Map_Gallia_Tribes_Towns-la.svg\" width=\"529\" height=\"532\" \/><\/p>\n<p style=\"text-align: justify;\">L\u2019Armorique est int\u00e9gr\u00e9e \u00e0 la province de Lugdunaise III, mais son contr\u00f4le est faible. La Notitia Dignitatum (vers 400) mentionne une garnison romaine \u00e0 Alet (Saint-Malo), mais l\u2019autorit\u00e9 centrale s\u2019effrite.<\/p>\n<p style=\"text-align: justify;\"><strong>Les Bretons et Rome : une int\u00e9gration ambigu\u00eb<\/strong><\/p>\n<p style=\"text-align: justify;\">Les Bretons de Grande-Bretagne, au IVe si\u00e8cle, ne se r\u00e9voltent pas contre Rome, car ils sont des citoyens romains \u00e0 part enti\u00e8re, int\u00e9gr\u00e9s par des si\u00e8cles de romanisation. Ils occupent des postes dans l\u2019administration et l\u2019arm\u00e9e romaine. Cependant, leur identit\u00e9 celtique persiste dans les r\u00e9gions moins romanis\u00e9es (Cornouailles, Pays de Galles). En Armorique, les Bretons, souvent des soldats, sont utilis\u00e9s par Rome pour renforcer les d\u00e9fenses c\u00f4ti\u00e8res contre les Saxons et les pirates. La Notitia Dignitatum liste des unit\u00e9s bretonnes stationn\u00e9es en Gaule, comme les Milites Osismiaci.<\/p>\n<p><img decoding=\"async\" class=\"alignnone size-medium\" src=\"https:\/\/i.redd.it\/tried-to-recreate-6th-century-romano-british-infantry-in-a-v0-p7lgfr556pwc1.jpg?width=1360&amp;format=pjpg&amp;auto=webp&amp;s=de6079b57c3c475784b26497a19180824a747d43\" width=\"1360\" height=\"768\" \/><\/p>\n<p style=\"text-align: center;\"><em>Soldats Britto-romains<\/em><\/p>\n<p style=\"text-align: justify;\">Les Bretons servent dans l\u2019arm\u00e9e romaine, participant \u00e0 des campagnes en Gaule et ailleurs. Sidoine Apollinaire, dans ses lettres (I, 7, 5), loue la bravoure des Bretons dans l\u2019arm\u00e9e romaine. Rome favorise l\u2019installation de Bretons en Armorique pour stabiliser la r\u00e9gion. Cette migration, amorc\u00e9e d\u00e8s le IIIe si\u00e8cle, s\u2019intensifie sous Magnus Maximus, selon les sources post\u00e9rieures.<\/p>\n<p style=\"text-align: justify;\">Avec le retrait progressif des Romains de l&rsquo;\u00eele de Bretagne, puis de Gaule, les Bretons commencent \u00e0 s\u2019organiser, jetant les bases d\u2019une identit\u00e9 distincte, en opposition aux Francs qui s\u2019imposent en Gaule au Ve si\u00e8cle.<\/p>\n<p style=\"text-align: justify;\"><strong>Konan Meriadog : vie et r\u00f4le dans la fondation de la Bretagne<\/strong><\/p>\n<p style=\"text-align: justify;\">Konan Meriadog (Conan M\u00e9riadec) est une figure \u00e0 la crois\u00e9e de l\u2019histoire et de la l\u00e9gende. Les sources contemporaines du IVe si\u00e8cle ne le mentionnent pas explicitement, mais des r\u00e9cits m\u00e9di\u00e9vaux, bas\u00e9s sur des traditions orales bretonnes, le pr\u00e9sentent comme le premier roi de Bretagne armoricaine.<\/p>\n<p style=\"text-align: justify;\">Konan Meriadog serait n\u00e9 vers 350, probablement en Grande-Bretagne (Cornouailles ou Domnon\u00e9e insulaire). Les sources m\u00e9di\u00e9vales, comme Geoffroy de Monmouth dans son Historia Regum Britanniae (Livre V, chapitre 12), le d\u00e9crivent comme un chef breton li\u00e9 \u00e0 Magnus Maximus.<\/p>\n<p style=\"text-align: justify;\">Selon Geoffroy : \u00ab Cum Maximus in Galliam transisset, Conanum Meriadocum, nepotem suum, cum magna multitudine Britonum in Armorica misit, ut ibi regnum constitueret \u00bb (\u00ab Lorsque Maximus passa en Gaule, il envoya Conan M\u00e9riadec, son neveu, avec une grande multitude de Bretons en Armorique, pour y \u00e9tablir un royaume \u00bb). Bien que tardive (XIIe si\u00e8cle), cette source refl\u00e8te une tradition bretonne ancienne, transmise oralement.<\/p>\n<p style=\"text-align: justify;\">Konan aurait conduit une migration massive de Bretons vers l\u2019Armorique vers 383, sous l\u2019\u00e9gide de Maximus, qui cherchait \u00e0 s\u00e9curiser la Gaule contre les envahisseurs barbares. Contrairement aux r\u00e9cits francs, qui minimisent l&rsquo;ind\u00e9pendance bretonne, Konan ne fut pas un simple agent romain. Il transforma cette mission en un acte de fondation nationale, \u00e9tablissant les bases d\u2019une Bretagne ind\u00e9pendante.<\/p>\n<p style=\"text-align: justify;\"><strong>Fondation de la Bretagne<\/strong><\/p>\n<p style=\"text-align: justify;\">Arriv\u00e9 en Armorique, Konan organisa les colons bretons et les tribus gauloises clairsem\u00e9es de la p\u00e9ninsule pour repousser les pirates saxons. Les g\u00e9n\u00e9alogies bretonnes, conserv\u00e9es dans le Cartulaire de Redon (IXe-XIe si\u00e8cles), le citent comme anc\u00eatre des rois de Domnon\u00e9e : \u00ab Conan Meriadoc, primus rex Britanniae Minoris, ex qua stirpe reges Domnoniae orti sunt \u00bb (\u00ab Conan M\u00e9riadec, premier roi de la Petite Bretagne, dont descendent les rois de Domnon\u00e9e \u00bb). Il fonda le royaume de Domnon\u00e9e unifiant les Bretons des deux rives de la Manche.<\/p>\n<p><img loading=\"lazy\" decoding=\"async\" class=\"alignnone wp-image-4173 size-full\" src=\"https:\/\/stourm.news\/wp-content\/uploads\/2025\/05\/Capture-decran-2025-05-30-a-20.27.42.png\" alt=\"\" width=\"1194\" height=\"1330\" srcset=\"https:\/\/stourm.news\/wp-content\/uploads\/2025\/05\/Capture-decran-2025-05-30-a-20.27.42.png 1194w, https:\/\/stourm.news\/wp-content\/uploads\/2025\/05\/Capture-decran-2025-05-30-a-20.27.42-269x300.png 269w, https:\/\/stourm.news\/wp-content\/uploads\/2025\/05\/Capture-decran-2025-05-30-a-20.27.42-919x1024.png 919w, https:\/\/stourm.news\/wp-content\/uploads\/2025\/05\/Capture-decran-2025-05-30-a-20.27.42-768x855.png 768w\" sizes=\"(max-width: 1194px) 100vw, 1194px\" \/><\/p>\n<p style=\"text-align: justify;\">Son r\u00e8gne, jusqu\u2019\u00e0 sa mort vers 421, fut marqu\u00e9 par la consolidation de la Bretagne. Konan Meriadog rejeta toute soumission \u00e9trang\u00e8re. Les sources tardives, comme la Chronique de Saint-Brieuc (XIVe si\u00e8cle), affirment : \u00ab Conan, dux fortissimus, Armoricae libertatem contra omnes inimicos defendit \u00bb (\u00ab Conan, chef tr\u00e8s vaillant, d\u00e9fendit la libert\u00e9 de l\u2019Armorique contre tous les ennemis \u00bb). Cette libert\u00e9 bretonne s\u2019opposait d\u00e9j\u00e0 aux ambitions des Francs, dont les M\u00e9rovingiens chercheraient plus tard \u00e0 soumettre la Bretagne.<\/p>\n<p style=\"text-align: justify;\"><strong>R\u00e9sistance aux Francs<\/strong><\/p>\n<p style=\"text-align: justify;\">Les Francs, d\u00e8s le Ve si\u00e8cle, commenc\u00e8rent leur expansion en Gaule, pillant et imposant leur domination. Le propagandiste Gr\u00e9goire de Tours, dans son Histoire des Francs (II, 9), glorifie le chef barbare Clovis et passe sous silence l&rsquo;existence de Konan, fondateur du royaume chr\u00e9tien de Bretagne, bastion Britto-romain de l&rsquo;Extr\u00eame-Occident dress\u00e9 face aux envahisseurs, une omission r\u00e9v\u00e9latrice de la volont\u00e9 franque de r\u00e9\u00e9crire l&rsquo;histoire au b\u00e9n\u00e9fice de l&rsquo;envahisseur franc. Pourtant, la Bretagne qu\u2019il fonda r\u00e9sista farouchement. Le royaume de Domnon\u00e9e, \u00e9tabli sous son impulsion, devint un rempart contre l\u2019h\u00e9g\u00e9monie franque, un combat poursuivi par Nomino\u00eb et ses successeurs.<\/p>\n<p style=\"text-align: justify;\"><strong>Mort et H\u00e9ritage<\/strong><\/p>\n<p style=\"text-align: justify;\">Konan Meriadog serait mort vers 421, probablement en Armorique, bien que son lieu de d\u00e9c\u00e8s reste inconnu. Les traditions bretonnes, relay\u00e9es dans Les Vies des saints bretons (m\u00e9di\u00e9vales), le v\u00e9n\u00e8rent comme un h\u00e9ros national. Son h\u00e9ritage est immense : il transforma l\u2019Armorique d\u00e9sorganis\u00e9e et menac\u00e9e en une bretonne et chr\u00e9tienne de langue celtique, posant les bases d\u2019une nation \u00e0 m\u00eame de d\u00e9fier les Francs pendant des si\u00e8cles. Les propagandistes francs, comme ceux de Saint-Denis, tent\u00e8rent de r\u00e9duire la Bretagne \u00e0 une province soumise, mais la m\u00e9moire de Konan, port\u00e9e par les bardes et les l\u00e9gendes, resta vive.<\/p>\n<p style=\"text-align: right;\"><strong>Olier Kerdrel<\/strong><\/p>\n<p style=\"text-align: justify;\"><strong>Sources<\/strong><\/p>\n<ul>\n<li style=\"text-align: justify;\">Ammien Marcellin, Res Gestae (fin IVe si\u00e8cle) : D\u00e9crit les invasions en Grande-Bretagne et Gaule, contexte de l\u2019\u00e9poque de Konan. Citation : \u00ab Picti Saxonesque et Scotti et Attacotti Britannos aerumnis vexavere continuis \u00bb (XX, 1, 1).<\/li>\n<li style=\"text-align: justify;\">Zosime, Histoire nouvelle (Ve si\u00e8cle) : Mentionne l\u2019usurpation de Magnus Maximus et le retrait romain. Citation : \u00ab Maximus\u2026 in Britannia imperator est proclamatus \u00bb (IV, 35).<\/li>\n<li style=\"text-align: justify;\">Sidoine Apollinaire, Lettres (Ve si\u00e8cle) : Loue les Bretons dans l\u2019arm\u00e9e romaine. Citation : \u00ab Britanni, viri fortissimi, in legiones Romanas gloriam addunt \u00bb (I, 7, 5).<\/li>\n<li style=\"text-align: justify;\">Geoffroy de Monmouth, Historia Regum Britanniae (vers 1136) : Source principale sur Konan. Citation : \u00ab Conanum Meriadocum\u2026 in Armorica misit, ut ibi regnum constitueret \u00bb (V, 12).<\/li>\n<li style=\"text-align: justify;\">Cartulaire de Redon (IXe-XIe si\u00e8cles) : G\u00e9n\u00e9alogies bretonnes citant Konan comme anc\u00eatre. Citation : \u00ab Conan Meriadoc, primus rex Britanniae Minoris\u2026 \u00bb<\/li>\n<li style=\"text-align: justify;\">Chronique de Saint-Brieuc (XIVe si\u00e8cle) : Exalte Konan comme d\u00e9fenseur. Citation : \u00ab Conan, dux fortissimus, Armoricae libertatem\u2026 defendit. \u00bb<\/li>\n<li style=\"text-align: justify;\">Jo\u00ebl Cornette, Histoire de la Bretagne et des Bretons (2005) : Analyse le mythe de Konan comme symbole national.<\/li>\n<li style=\"text-align: justify;\">Wikip\u00e9dia (List of rulers of Brittany, Kingdom of Brittany) : Synth\u00e8se des sources m\u00e9di\u00e9vales.<\/li>\n<\/ul>\n","protected":false},"excerpt":{"rendered":"<p>Dans l\u2019imaginaire breton, Konan Meriadog (\u00ab\u00a0Conan M\u00e9riadec\u00a0\u00bb) est c\u00e9l\u00e9br\u00e9 comme le p\u00e8re fondateur de la nation bretonne, un h\u00e9ros qui conduisit les Bretons de Grande-Bretagne vers l\u2019Armorique pour y \u00e9tablir une Bretagne souveraine. La Bretagne romaine en crise Au IVe si\u00e8cle, l&rsquo;\u00eele de Bretagne (Britannia) est une province romaine int\u00e9gr\u00e9e depuis la conqu\u00eate de Claude [&hellip;]<\/p>\n","protected":false},"author":1,"featured_media":4174,"comment_status":"open","ping_status":"open","sticky":false,"template":"","format":"standard","meta":{"sb_editor_width":"","footnotes":""},"categories":[50,65],"tags":[],"class_list":["post-4172","post","type-post","status-publish","format-standard","has-post-thumbnail","hentry","category-histoire-de-bretagne","category-principale"],"relative_dates":{"created":"11 mois ago","modified":"11 mois ago"},"yoast_head":"<!-- This site is optimized with the Yoast SEO plugin v26.3 - https:\/\/yoast.com\/wordpress\/plugins\/seo\/ -->\n<title>Chronique des monarques de Bretagne : Konan Meriadog (Chapitre premier) - STOURM<\/title>\n<meta name=\"robots\" content=\"index, follow, max-snippet:-1, max-image-preview:large, max-video-preview:-1\" \/>\n<link rel=\"canonical\" href=\"https:\/\/stourm.news\/?p=4172\" \/>\n<meta property=\"og:locale\" content=\"fr_FR\" \/>\n<meta property=\"og:type\" content=\"article\" \/>\n<meta property=\"og:title\" content=\"Chronique des monarques de Bretagne : Konan Meriadog (Chapitre premier) - STOURM\" \/>\n<meta property=\"og:description\" content=\"Dans l\u2019imaginaire breton, Konan Meriadog (\u00ab\u00a0Conan M\u00e9riadec\u00a0\u00bb) est c\u00e9l\u00e9br\u00e9 comme le p\u00e8re fondateur de la nation bretonne, un h\u00e9ros qui conduisit les Bretons de Grande-Bretagne vers l\u2019Armorique pour y \u00e9tablir une Bretagne souveraine. La Bretagne romaine en crise Au IVe si\u00e8cle, l&rsquo;\u00eele de Bretagne (Britannia) est une province romaine int\u00e9gr\u00e9e depuis la conqu\u00eate de Claude [&hellip;]\" \/>\n<meta property=\"og:url\" content=\"https:\/\/stourm.news\/?p=4172\" \/>\n<meta property=\"og:site_name\" content=\"STOURM\" \/>\n<meta property=\"article:publisher\" content=\"https:\/\/www.facebook.com\/stourmnews\/\" \/>\n<meta property=\"article:published_time\" content=\"2025-05-30T11:47:37+00:00\" \/>\n<meta property=\"og:image\" content=\"https:\/\/stourm.news\/wp-content\/uploads\/2025\/05\/The-face-of-a-Celtic-king-4th-century-Brittany-landscape-in-the-background-poster-style.jpeg\" \/>\n\t<meta property=\"og:image:width\" content=\"1792\" \/>\n\t<meta property=\"og:image:height\" content=\"1024\" \/>\n\t<meta property=\"og:image:type\" content=\"image\/jpeg\" \/>\n<meta name=\"author\" content=\"La r\u00e9daction\" \/>\n<meta name=\"twitter:card\" content=\"summary_large_image\" \/>\n<meta name=\"twitter:label1\" content=\"\u00c9crit par\" \/>\n\t<meta name=\"twitter:data1\" content=\"La r\u00e9daction\" \/>\n\t<meta name=\"twitter:label2\" content=\"Dur\u00e9e de lecture estim\u00e9e\" \/>\n\t<meta name=\"twitter:data2\" content=\"8 minutes\" \/>\n<script type=\"application\/ld+json\" class=\"yoast-schema-graph\">{\"@context\":\"https:\/\/schema.org\",\"@graph\":[{\"@type\":\"Article\",\"@id\":\"https:\/\/stourm.news\/?p=4172#article\",\"isPartOf\":{\"@id\":\"https:\/\/stourm.news\/?p=4172\"},\"author\":{\"name\":\"La r\u00e9daction\",\"@id\":\"https:\/\/stourm.news\/#\/schema\/person\/c3e1dc65988632e190969234ef046cf9\"},\"headline\":\"Chronique des monarques de Bretagne : Konan Meriadog (Chapitre premier)\",\"datePublished\":\"2025-05-30T11:47:37+00:00\",\"mainEntityOfPage\":{\"@id\":\"https:\/\/stourm.news\/?p=4172\"},\"wordCount\":1562,\"commentCount\":0,\"publisher\":{\"@id\":\"https:\/\/stourm.news\/#organization\"},\"image\":{\"@id\":\"https:\/\/stourm.news\/?p=4172#primaryimage\"},\"thumbnailUrl\":\"https:\/\/stourm.news\/wp-content\/uploads\/2025\/05\/The-face-of-a-Celtic-king-4th-century-Brittany-landscape-in-the-background-poster-style.jpeg\",\"articleSection\":[\"Histoire de Bretagne\",\"Principale\"],\"inLanguage\":\"fr-FR\",\"potentialAction\":[{\"@type\":\"CommentAction\",\"name\":\"Comment\",\"target\":[\"https:\/\/stourm.news\/?p=4172#respond\"]}]},{\"@type\":\"WebPage\",\"@id\":\"https:\/\/stourm.news\/?p=4172\",\"url\":\"https:\/\/stourm.news\/?p=4172\",\"name\":\"Chronique des monarques de Bretagne : Konan Meriadog (Chapitre premier) - STOURM\",\"isPartOf\":{\"@id\":\"https:\/\/stourm.news\/#website\"},\"primaryImageOfPage\":{\"@id\":\"https:\/\/stourm.news\/?p=4172#primaryimage\"},\"image\":{\"@id\":\"https:\/\/stourm.news\/?p=4172#primaryimage\"},\"thumbnailUrl\":\"https:\/\/stourm.news\/wp-content\/uploads\/2025\/05\/The-face-of-a-Celtic-king-4th-century-Brittany-landscape-in-the-background-poster-style.jpeg\",\"datePublished\":\"2025-05-30T11:47:37+00:00\",\"breadcrumb\":{\"@id\":\"https:\/\/stourm.news\/?p=4172#breadcrumb\"},\"inLanguage\":\"fr-FR\",\"potentialAction\":[{\"@type\":\"ReadAction\",\"target\":[\"https:\/\/stourm.news\/?p=4172\"]}]},{\"@type\":\"ImageObject\",\"inLanguage\":\"fr-FR\",\"@id\":\"https:\/\/stourm.news\/?p=4172#primaryimage\",\"url\":\"https:\/\/stourm.news\/wp-content\/uploads\/2025\/05\/The-face-of-a-Celtic-king-4th-century-Brittany-landscape-in-the-background-poster-style.jpeg\",\"contentUrl\":\"https:\/\/stourm.news\/wp-content\/uploads\/2025\/05\/The-face-of-a-Celtic-king-4th-century-Brittany-landscape-in-the-background-poster-style.jpeg\",\"width\":1792,\"height\":1024},{\"@type\":\"BreadcrumbList\",\"@id\":\"https:\/\/stourm.news\/?p=4172#breadcrumb\",\"itemListElement\":[{\"@type\":\"ListItem\",\"position\":1,\"name\":\"Accueil\",\"item\":\"https:\/\/stourm.news\/\"},{\"@type\":\"ListItem\",\"position\":2,\"name\":\"Chronique des monarques de Bretagne : Konan Meriadog (Chapitre premier)\"}]},{\"@type\":\"WebSite\",\"@id\":\"https:\/\/stourm.news\/#website\",\"url\":\"https:\/\/stourm.news\/\",\"name\":\"Stourm\",\"description\":\"Kazetenn Strollad Broadel Breizh\",\"publisher\":{\"@id\":\"https:\/\/stourm.news\/#organization\"},\"potentialAction\":[{\"@type\":\"SearchAction\",\"target\":{\"@type\":\"EntryPoint\",\"urlTemplate\":\"https:\/\/stourm.news\/?s={search_term_string}\"},\"query-input\":{\"@type\":\"PropertyValueSpecification\",\"valueRequired\":true,\"valueName\":\"search_term_string\"}}],\"inLanguage\":\"fr-FR\"},{\"@type\":\"Organization\",\"@id\":\"https:\/\/stourm.news\/#organization\",\"name\":\"Stourm\",\"url\":\"https:\/\/stourm.news\/\",\"logo\":{\"@type\":\"ImageObject\",\"inLanguage\":\"fr-FR\",\"@id\":\"https:\/\/stourm.news\/#\/schema\/logo\/image\/\",\"url\":\"https:\/\/stourm.news\/wp-content\/uploads\/2025\/11\/cropped-Capture-decran-2025-11-28-a-15.19.07.png\",\"contentUrl\":\"https:\/\/stourm.news\/wp-content\/uploads\/2025\/11\/cropped-Capture-decran-2025-11-28-a-15.19.07.png\",\"width\":1855,\"height\":383,\"caption\":\"Stourm\"},\"image\":{\"@id\":\"https:\/\/stourm.news\/#\/schema\/logo\/image\/\"},\"sameAs\":[\"https:\/\/www.facebook.com\/stourmnews\/\"]},{\"@type\":\"Person\",\"@id\":\"https:\/\/stourm.news\/#\/schema\/person\/c3e1dc65988632e190969234ef046cf9\",\"name\":\"La r\u00e9daction\",\"image\":{\"@type\":\"ImageObject\",\"inLanguage\":\"fr-FR\",\"@id\":\"https:\/\/stourm.news\/#\/schema\/person\/image\/\",\"url\":\"https:\/\/secure.gravatar.com\/avatar\/7463443f194b6b5fb706b074ca0ef59a0cfcfd720cb47764b0ec5a952ce422b3?s=96&d=mm&r=g\",\"contentUrl\":\"https:\/\/secure.gravatar.com\/avatar\/7463443f194b6b5fb706b074ca0ef59a0cfcfd720cb47764b0ec5a952ce422b3?s=96&d=mm&r=g\",\"caption\":\"La r\u00e9daction\"},\"sameAs\":[\"https:\/\/stourm.news\"],\"url\":\"https:\/\/stourm.news\/?author=1\"}]}<\/script>\n<!-- \/ Yoast SEO plugin. -->","yoast_head_json":{"title":"Chronique des monarques de Bretagne : Konan Meriadog (Chapitre premier) - STOURM","robots":{"index":"index","follow":"follow","max-snippet":"max-snippet:-1","max-image-preview":"max-image-preview:large","max-video-preview":"max-video-preview:-1"},"canonical":"https:\/\/stourm.news\/?p=4172","og_locale":"fr_FR","og_type":"article","og_title":"Chronique des monarques de Bretagne : Konan Meriadog (Chapitre premier) - STOURM","og_description":"Dans l\u2019imaginaire breton, Konan Meriadog (\u00ab\u00a0Conan M\u00e9riadec\u00a0\u00bb) est c\u00e9l\u00e9br\u00e9 comme le p\u00e8re fondateur de la nation bretonne, un h\u00e9ros qui conduisit les Bretons de Grande-Bretagne vers l\u2019Armorique pour y \u00e9tablir une Bretagne souveraine. La Bretagne romaine en crise Au IVe si\u00e8cle, l&rsquo;\u00eele de Bretagne (Britannia) est une province romaine int\u00e9gr\u00e9e depuis la conqu\u00eate de Claude [&hellip;]","og_url":"https:\/\/stourm.news\/?p=4172","og_site_name":"STOURM","article_publisher":"https:\/\/www.facebook.com\/stourmnews\/","article_published_time":"2025-05-30T11:47:37+00:00","og_image":[{"width":1792,"height":1024,"url":"https:\/\/stourm.news\/wp-content\/uploads\/2025\/05\/The-face-of-a-Celtic-king-4th-century-Brittany-landscape-in-the-background-poster-style.jpeg","type":"image\/jpeg"}],"author":"La r\u00e9daction","twitter_card":"summary_large_image","twitter_misc":{"\u00c9crit par":"La r\u00e9daction","Dur\u00e9e de lecture estim\u00e9e":"8 minutes"},"schema":{"@context":"https:\/\/schema.org","@graph":[{"@type":"Article","@id":"https:\/\/stourm.news\/?p=4172#article","isPartOf":{"@id":"https:\/\/stourm.news\/?p=4172"},"author":{"name":"La r\u00e9daction","@id":"https:\/\/stourm.news\/#\/schema\/person\/c3e1dc65988632e190969234ef046cf9"},"headline":"Chronique des monarques de Bretagne : Konan Meriadog (Chapitre premier)","datePublished":"2025-05-30T11:47:37+00:00","mainEntityOfPage":{"@id":"https:\/\/stourm.news\/?p=4172"},"wordCount":1562,"commentCount":0,"publisher":{"@id":"https:\/\/stourm.news\/#organization"},"image":{"@id":"https:\/\/stourm.news\/?p=4172#primaryimage"},"thumbnailUrl":"https:\/\/stourm.news\/wp-content\/uploads\/2025\/05\/The-face-of-a-Celtic-king-4th-century-Brittany-landscape-in-the-background-poster-style.jpeg","articleSection":["Histoire de Bretagne","Principale"],"inLanguage":"fr-FR","potentialAction":[{"@type":"CommentAction","name":"Comment","target":["https:\/\/stourm.news\/?p=4172#respond"]}]},{"@type":"WebPage","@id":"https:\/\/stourm.news\/?p=4172","url":"https:\/\/stourm.news\/?p=4172","name":"Chronique des monarques de Bretagne : Konan Meriadog (Chapitre premier) - STOURM","isPartOf":{"@id":"https:\/\/stourm.news\/#website"},"primaryImageOfPage":{"@id":"https:\/\/stourm.news\/?p=4172#primaryimage"},"image":{"@id":"https:\/\/stourm.news\/?p=4172#primaryimage"},"thumbnailUrl":"https:\/\/stourm.news\/wp-content\/uploads\/2025\/05\/The-face-of-a-Celtic-king-4th-century-Brittany-landscape-in-the-background-poster-style.jpeg","datePublished":"2025-05-30T11:47:37+00:00","breadcrumb":{"@id":"https:\/\/stourm.news\/?p=4172#breadcrumb"},"inLanguage":"fr-FR","potentialAction":[{"@type":"ReadAction","target":["https:\/\/stourm.news\/?p=4172"]}]},{"@type":"ImageObject","inLanguage":"fr-FR","@id":"https:\/\/stourm.news\/?p=4172#primaryimage","url":"https:\/\/stourm.news\/wp-content\/uploads\/2025\/05\/The-face-of-a-Celtic-king-4th-century-Brittany-landscape-in-the-background-poster-style.jpeg","contentUrl":"https:\/\/stourm.news\/wp-content\/uploads\/2025\/05\/The-face-of-a-Celtic-king-4th-century-Brittany-landscape-in-the-background-poster-style.jpeg","width":1792,"height":1024},{"@type":"BreadcrumbList","@id":"https:\/\/stourm.news\/?p=4172#breadcrumb","itemListElement":[{"@type":"ListItem","position":1,"name":"Accueil","item":"https:\/\/stourm.news\/"},{"@type":"ListItem","position":2,"name":"Chronique des monarques de Bretagne : Konan Meriadog (Chapitre premier)"}]},{"@type":"WebSite","@id":"https:\/\/stourm.news\/#website","url":"https:\/\/stourm.news\/","name":"Stourm","description":"Kazetenn Strollad Broadel Breizh","publisher":{"@id":"https:\/\/stourm.news\/#organization"},"potentialAction":[{"@type":"SearchAction","target":{"@type":"EntryPoint","urlTemplate":"https:\/\/stourm.news\/?s={search_term_string}"},"query-input":{"@type":"PropertyValueSpecification","valueRequired":true,"valueName":"search_term_string"}}],"inLanguage":"fr-FR"},{"@type":"Organization","@id":"https:\/\/stourm.news\/#organization","name":"Stourm","url":"https:\/\/stourm.news\/","logo":{"@type":"ImageObject","inLanguage":"fr-FR","@id":"https:\/\/stourm.news\/#\/schema\/logo\/image\/","url":"https:\/\/stourm.news\/wp-content\/uploads\/2025\/11\/cropped-Capture-decran-2025-11-28-a-15.19.07.png","contentUrl":"https:\/\/stourm.news\/wp-content\/uploads\/2025\/11\/cropped-Capture-decran-2025-11-28-a-15.19.07.png","width":1855,"height":383,"caption":"Stourm"},"image":{"@id":"https:\/\/stourm.news\/#\/schema\/logo\/image\/"},"sameAs":["https:\/\/www.facebook.com\/stourmnews\/"]},{"@type":"Person","@id":"https:\/\/stourm.news\/#\/schema\/person\/c3e1dc65988632e190969234ef046cf9","name":"La r\u00e9daction","image":{"@type":"ImageObject","inLanguage":"fr-FR","@id":"https:\/\/stourm.news\/#\/schema\/person\/image\/","url":"https:\/\/secure.gravatar.com\/avatar\/7463443f194b6b5fb706b074ca0ef59a0cfcfd720cb47764b0ec5a952ce422b3?s=96&d=mm&r=g","contentUrl":"https:\/\/secure.gravatar.com\/avatar\/7463443f194b6b5fb706b074ca0ef59a0cfcfd720cb47764b0ec5a952ce422b3?s=96&d=mm&r=g","caption":"La r\u00e9daction"},"sameAs":["https:\/\/stourm.news"],"url":"https:\/\/stourm.news\/?author=1"}]}},"_links":{"self":[{"href":"https:\/\/stourm.news\/index.php?rest_route=\/wp\/v2\/posts\/4172","targetHints":{"allow":["GET"]}}],"collection":[{"href":"https:\/\/stourm.news\/index.php?rest_route=\/wp\/v2\/posts"}],"about":[{"href":"https:\/\/stourm.news\/index.php?rest_route=\/wp\/v2\/types\/post"}],"author":[{"embeddable":true,"href":"https:\/\/stourm.news\/index.php?rest_route=\/wp\/v2\/users\/1"}],"replies":[{"embeddable":true,"href":"https:\/\/stourm.news\/index.php?rest_route=%2Fwp%2Fv2%2Fcomments&post=4172"}],"version-history":[{"count":1,"href":"https:\/\/stourm.news\/index.php?rest_route=\/wp\/v2\/posts\/4172\/revisions"}],"predecessor-version":[{"id":4175,"href":"https:\/\/stourm.news\/index.php?rest_route=\/wp\/v2\/posts\/4172\/revisions\/4175"}],"wp:featuredmedia":[{"embeddable":true,"href":"https:\/\/stourm.news\/index.php?rest_route=\/wp\/v2\/media\/4174"}],"wp:attachment":[{"href":"https:\/\/stourm.news\/index.php?rest_route=%2Fwp%2Fv2%2Fmedia&parent=4172"}],"wp:term":[{"taxonomy":"category","embeddable":true,"href":"https:\/\/stourm.news\/index.php?rest_route=%2Fwp%2Fv2%2Fcategories&post=4172"},{"taxonomy":"post_tag","embeddable":true,"href":"https:\/\/stourm.news\/index.php?rest_route=%2Fwp%2Fv2%2Ftags&post=4172"}],"curies":[{"name":"wp","href":"https:\/\/api.w.org\/{rel}","templated":true}]}}