{"id":4181,"date":"2025-05-30T13:36:02","date_gmt":"2025-05-30T13:36:02","guid":{"rendered":"https:\/\/stourm.news\/?p=4181"},"modified":"2025-05-30T13:36:02","modified_gmt":"2025-05-30T13:36:02","slug":"disparition-patricia-bridson-une-vie-pour-lile-de-man-et-la-solidarite-interceltique","status":"publish","type":"post","link":"https:\/\/stourm.news\/?p=4181","title":{"rendered":"Disparition : Patricia Bridson, une vie pour l\u2019\u00cele de Man et la solidarit\u00e9 interceltique"},"content":{"rendered":"<p style=\"text-align: justify;\">Le mouvement nationaliste breton et l\u2019ensemble des nations celtes pleurent une figure majeure de la lutte pour la pr\u00e9servation des identit\u00e9s celtiques : Patricia Bridson, connue \u00e9galement sous son nom mannois, Padraigin Mylevreeshey. Cette militante infatigable, r\u00e9cemment disparue, a consacr\u00e9 sa vie \u00e0 la d\u00e9fense de la culture, de la langue et de l\u2019autonomie de l\u2019\u00cele de Man, tout en tissant des liens ind\u00e9fectibles avec les autres nations celtes, notamment la Bretagne.<\/p>\n<p style=\"text-align: justify;\"><strong>Une vie ancr\u00e9e dans l\u2019identit\u00e9 mannoise<\/strong><\/p>\n<p style=\"text-align: justify;\">Patricia Bridson est n\u00e9e \u00e0 une \u00e9poque o\u00f9 l\u2019\u00cele de Man, bien que dot\u00e9e d\u2019une autonomie relative, restait sous l\u2019influence pesante de la Couronne britannique. \u00c9lev\u00e9e dans un environnement o\u00f9 la culture mannoise \u2013 langue, musique, folklore \u2013 \u00e9tait menac\u00e9e par l\u2019anglicisation, elle s\u2019est rapidement forg\u00e9e une conscience nationaliste. Influenc\u00e9e par des figures comme Mona Douglas, ic\u00f4ne de la renaissance culturelle mannoise, Patricia a grandi avec une passion pour l\u2019histoire et les traditions de son peuple. D\u00e8s son plus jeune \u00e2ge, elle s\u2019est impliqu\u00e9e dans les cercles culturels et nationalistes, participant \u00e0 des initiatives visant \u00e0 pr\u00e9server le manx, langue celtique en danger.<\/p>\n<p><img fetchpriority=\"high\" decoding=\"async\" class=\"aligncenter\" src=\"https:\/\/upload.wikimedia.org\/wikipedia\/commons\/thumb\/8\/8e\/Flag-map_of_Isle_of_Man.svg\/986px-Flag-map_of_Isle_of_Man.svg.png?20150120121813\" width=\"404\" height=\"492\" \/><\/p>\n<p style=\"text-align: justify;\">Son engagement militant a pris forme dans les ann\u00e9es 1970, une p\u00e9riode de bouillonnement pour le nationalisme mannois. Patricia s\u2019est investie dans Mec Vannin, le parti nationaliste de l\u2019\u00cele de Man, qui militait pour une autonomie accrue et la d\u00e9fense des int\u00e9r\u00eats du peuple manx face aux politiques impos\u00e9es par Westminster. Elle a \u00e9galement rejoint la Celtic League, une organisation inter-celtique fond\u00e9e pour promouvoir la solidarit\u00e9 entre les nations celtes \u2013 \u00c9cosse, Irlande, Pays de Galles, Cornouailles, \u00cele de Man et Bretagne. Rapidement, son d\u00e9vouement et sa rigueur l\u2019ont propuls\u00e9e \u00e0 des postes cl\u00e9s au sein de cette organisation, o\u00f9 elle a brillamment incarn\u00e9 l\u2019esprit de coop\u00e9ration celtique.<\/p>\n<p style=\"text-align: justify;\"><strong>Une militante au c\u0153ur de la Celtic League<\/strong><\/p>\n<p style=\"text-align: justify;\">Patricia Bridson a marqu\u00e9 l\u2019histoire de la Celtic League par son engagement exceptionnel. D\u00e8s les ann\u00e9es 1970, \u00e0 l&rsquo;appel du secr\u00e9taire g\u00e9n\u00e9ral de l&rsquo;organisation, le Breton Alan Heussaf, elle s\u2019est impliqu\u00e9e dans la branche mannoise, aux c\u00f4t\u00e9s de figures comme Bernard Moffatt, pr\u00e9sident \u00e0 vie de Mec Vannin et autre pilier du nationalisme manx. Elle a occup\u00e9 le poste de secr\u00e9taire de la branche mannoise, avant de devenir r\u00e9dactrice en chef de Carn, le journal officiel de la Celtic League, pendant 28 ans, de 1984 \u00e0 2012. Sous sa direction, Carn est devenu une tribune incontournable pour les luttes des nations celtes, offrant une plateforme aux voix marginalis\u00e9es par les \u00c9tats centralis\u00e9s comme la France et le Royaume-Uni.<\/p>\n<p><img decoding=\"async\" class=\"alignnone size-medium\" src=\"https:\/\/www.celticleague.net\/wp-content\/uploads\/CL-Flag-Flying-J-1024x737.jpg\" width=\"1024\" height=\"737\" \/><\/p>\n<p style=\"text-align: justify;\">En tant que r\u00e9dactrice, Patricia a veill\u00e9 \u00e0 ce que les combats bretons occupent une place centrale dans les pages de Carn. Elle d\u00e9non\u00e7ait avec force la r\u00e9pression exerc\u00e9e par l\u2019\u00c9tat fran\u00e7ais contre la langue et la culture bretonnes, notamment l\u2019interdiction des noms bretons pour les enfants jusqu\u2019en 1993 et l\u2019absence de reconnaissance officielle de la langue bretonne dans l\u2019\u00e9ducation. Ses \u00e9ditoriaux appelaient \u00e0 une solidarit\u00e9 active avec la Bretagne, soulignant que l\u2019oppression subie par les Bretons \u00e9tait un affront \u00e0 l\u2019ensemble des peuples celtiques. Elle a \u00e9galement soutenu des campagnes sp\u00e9cifiques, comme celle pour la r\u00e9unification de la Loire-Atlantique avec la Bretagne, d\u00e9non\u00e7ant le d\u00e9coupage administratif impos\u00e9 par Paris comme une tentative d\u2019effacer l\u2019identit\u00e9 bretonne.<\/p>\n<p><img decoding=\"async\" class=\"aligncenter\" src=\"https:\/\/www.siopaleabhar.com\/wp-content\/uploads\/2022\/11\/2211carn183.png\" width=\"404\" height=\"618\" \/><\/p>\n<p style=\"text-align: justify;\">Patricia a particip\u00e9 \u00e0 de nombreuses r\u00e9unions inter-celtiques, notamment les assembl\u00e9es g\u00e9n\u00e9rales annuelles de la Celtic League, o\u00f9 elle repr\u00e9sentait l\u2019\u00cele de Man avec une d\u00e9termination sans faille. Son r\u00f4le de tr\u00e9sori\u00e8re de l\u2019organisation, qu\u2019elle a occup\u00e9 jusqu\u2019\u00e0 r\u00e9cemment, t\u00e9moignait de sa capacit\u00e9 \u00e0 conjuguer engagement id\u00e9ologique et gestion rigoureuse.<\/p>\n<p style=\"text-align: justify;\"><strong>Un soutien ind\u00e9fectible \u00e0 la Bretagne<\/strong><\/p>\n<p style=\"text-align: justify;\">Le lien de Patricia Bridson avec la Bretagne \u00e9tait profond et sinc\u00e8re. Elle voyait dans la lutte bretonne un \u00e9cho des combats men\u00e9s sur l\u2019\u00cele de Man : la pr\u00e9servation d\u2019une langue celtique menac\u00e9e, la r\u00e9sistance \u00e0 un \u00c9tat centralisateur et la qu\u00eate d&rsquo;ind\u00e9pendance.<\/p>\n<p style=\"text-align: justify;\">Patricia a \u00e9galement d\u00e9nonc\u00e9 les injustices historiques subies par les nationalistes bretons, notamment apr\u00e8s la Seconde Guerre mondiale, lorsque de nombreux militants furent accus\u00e9s \u00e0 tort de collaboration et emprisonn\u00e9s. Elle s\u2019est inspir\u00e9e de l\u2019action des journalistes gallois qui, dans les ann\u00e9es d\u2019apr\u00e8s-guerre, ont contribu\u00e9 \u00e0 faire pression sur la France pour mettre fin \u00e0 ces proc\u00e8s iniques. Pour Patricia, la Bretagne incarnait la lutte d\u2019un peuple celtique contre l\u2019effacement de son identit\u00e9, et elle n\u2019a jamais cess\u00e9 d\u2019appeler \u00e0 une solidarit\u00e9 pan-celtique pour soutenir cette cause.<\/p>\n<p style=\"text-align: justify;\"><strong>Une figure du militantisme mannois<\/strong><\/p>\n<p style=\"text-align: justify;\">Sur l\u2019\u00cele de Man, Patricia Bridson \u00e9tait une figure respect\u00e9e du mouvement nationaliste. Elle a jou\u00e9 un r\u00f4le cl\u00e9 dans les campagnes de la Celtic League et de Mec Vannin, notamment contre la pr\u00e9sence militaire britannique sur l\u2019\u00eele. Dans les ann\u00e9es 1970, elle a particip\u00e9 \u00e0 l\u2019Anti-Militarist Alliance (AMA), qui d\u00e9non\u00e7ait les installations militaires et leur impact environnemental. Elle a \u00e9galement soutenu la campagne pour la restitution du Calf of Man, une petite \u00eele c\u00e9d\u00e9e au National Trust britannique, \u00e0 la nation mannoise, une victoire embl\u00e9matique pour les nationalistes.<\/p>\n<p><img loading=\"lazy\" decoding=\"async\" class=\"alignnone wp-image-4183 size-full\" src=\"https:\/\/stourm.news\/wp-content\/uploads\/2025\/05\/499870811_1135347911959943_5531713104988556149_n.jpg\" alt=\"\" width=\"976\" height=\"788\" srcset=\"https:\/\/stourm.news\/wp-content\/uploads\/2025\/05\/499870811_1135347911959943_5531713104988556149_n.jpg 976w, https:\/\/stourm.news\/wp-content\/uploads\/2025\/05\/499870811_1135347911959943_5531713104988556149_n-300x242.jpg 300w, https:\/\/stourm.news\/wp-content\/uploads\/2025\/05\/499870811_1135347911959943_5531713104988556149_n-768x620.jpg 768w\" sizes=\"(max-width: 976px) 100vw, 976px\" \/><\/p>\n<p style=\"text-align: justify;\">Patricia \u00e9tait \u00e9galement impliqu\u00e9e dans le mouvement Fo Halloo, un groupe nationaliste dissident des ann\u00e9es 1970 qui d\u00e9non\u00e7ait la sp\u00e9culation immobili\u00e8re et l\u2019influence croissante du secteur financier sur l\u2019\u00cele de Man. Elle a contribu\u00e9 \u00e0 la diffusion de leur journal clandestin, qui trouvait un \u00e9cho aupr\u00e8s de la population mannoise. Sa capacit\u00e9 \u00e0 mobiliser, \u00e0 organiser et \u00e0 communiquer a fait d\u2019elle une actrice incontournable des luttes mannoises pour l\u2019autonomie et la pr\u00e9servation de l\u2019identit\u00e9 culturelle.<\/p>\n<p style=\"text-align: justify;\"><strong>Un h\u00e9ritage pour les nations celtiques<\/strong><\/p>\n<p style=\"text-align: justify;\">L\u2019h\u00e9ritage de Patricia Bridson est consid\u00e9rable. \u00c0 travers son travail \u00e0 la Celtic League, elle a renforc\u00e9 les liens entre les nations celtiques, faisant de la solidarit\u00e9 inter-celtique une force vive. Son engagement pour la Bretagne, en particulier, a inspir\u00e9 des g\u00e9n\u00e9rations de militants bretons \u00e0 pers\u00e9v\u00e9rer dans leur combat pour la langue, la culture et l\u2019autonomie. En Bretagne, son nom restera associ\u00e9 \u00e0 la lutte pour une identit\u00e9 celtique fi\u00e8re et libre.<\/p>\n<p style=\"text-align: justify;\">Patricia nous laisse un message clair : la survie des nations celtiques d\u00e9pend de leur capacit\u00e9 \u00e0 s\u2019unir face aux d\u00e9fis communs. Son d\u00e9vouement \u00e0 la cause mannoise et son soutien \u00e0 la Bretagne nous rappellent que le nationalisme celtique n\u2019est pas seulement une lutte pour l\u2019ind\u00e9pendance, mais aussi une c\u00e9l\u00e9bration de nos langues, de nos cultures et de notre r\u00e9silience collective. \u00c0 l\u2019heure o\u00f9 la Bretagne continue de se battre pour sa langue et son identit\u00e9, l\u2019exemple de Patricia Bridson nous invite \u00e0 redoubler d\u2019efforts.<\/p>\n<p style=\"text-align: justify;\">En son hommage, le Parti National Breton s\u2019engage \u00e0 poursuivre le combat pour une Bretagne souveraine, en s\u2019inspirant de la vision et de la d\u00e9termination de cette grande militante mannoise. Que son h\u00e9ritage continue d\u2019\u00e9clairer notre chemin vers une Bretagne libre et un monde celtique uni.<\/p>\n<p style=\"text-align: right;\"><strong>Budig Gourmaelon<\/strong><\/p>\n","protected":false},"excerpt":{"rendered":"<p>Le mouvement nationaliste breton et l\u2019ensemble des nations celtes pleurent une figure majeure de la lutte pour la pr\u00e9servation des identit\u00e9s celtiques : Patricia Bridson, connue \u00e9galement sous son nom mannois, Padraigin Mylevreeshey. Cette militante infatigable, r\u00e9cemment disparue, a consacr\u00e9 sa vie \u00e0 la d\u00e9fense de la culture, de la langue et de l\u2019autonomie de [&hellip;]<\/p>\n","protected":false},"author":1,"featured_media":4182,"comment_status":"open","ping_status":"open","sticky":false,"template":"","format":"standard","meta":{"sb_editor_width":"","footnotes":""},"categories":[58,74,88,66,65],"tags":[],"class_list":["post-4181","post","type-post","status-publish","format-standard","has-post-thumbnail","hentry","category-breizh","category-emsav","category-interceltisme","category-international","category-principale"],"relative_dates":{"created":"11 mois ago","modified":"11 mois ago"},"yoast_head":"<!-- This site is optimized with the Yoast SEO plugin v26.3 - https:\/\/yoast.com\/wordpress\/plugins\/seo\/ -->\n<title>Disparition : Patricia Bridson, une vie pour l\u2019\u00cele de Man et la solidarit\u00e9 interceltique - STOURM<\/title>\n<meta name=\"robots\" content=\"index, follow, max-snippet:-1, max-image-preview:large, max-video-preview:-1\" \/>\n<link rel=\"canonical\" href=\"https:\/\/stourm.news\/?p=4181\" \/>\n<meta property=\"og:locale\" content=\"fr_FR\" \/>\n<meta property=\"og:type\" content=\"article\" \/>\n<meta property=\"og:title\" content=\"Disparition : Patricia Bridson, une vie pour l\u2019\u00cele de Man et la solidarit\u00e9 interceltique - STOURM\" \/>\n<meta property=\"og:description\" content=\"Le mouvement nationaliste breton et l\u2019ensemble des nations celtes pleurent une figure majeure de la lutte pour la pr\u00e9servation des identit\u00e9s celtiques : Patricia Bridson, connue \u00e9galement sous son nom mannois, Padraigin Mylevreeshey. Cette militante infatigable, r\u00e9cemment disparue, a consacr\u00e9 sa vie \u00e0 la d\u00e9fense de la culture, de la langue et de l\u2019autonomie de [&hellip;]\" \/>\n<meta property=\"og:url\" content=\"https:\/\/stourm.news\/?p=4181\" \/>\n<meta property=\"og:site_name\" content=\"STOURM\" \/>\n<meta property=\"article:publisher\" content=\"https:\/\/www.facebook.com\/stourmnews\/\" \/>\n<meta property=\"article:published_time\" content=\"2025-05-30T13:36:02+00:00\" \/>\n<meta property=\"og:image\" content=\"https:\/\/stourm.news\/wp-content\/uploads\/2025\/05\/Capture-decran-2025-05-30-a-22.00.24-1024x721.png\" \/>\n\t<meta property=\"og:image:width\" content=\"1024\" \/>\n\t<meta property=\"og:image:height\" content=\"721\" \/>\n\t<meta property=\"og:image:type\" content=\"image\/png\" \/>\n<meta name=\"author\" content=\"La r\u00e9daction\" \/>\n<meta name=\"twitter:card\" content=\"summary_large_image\" \/>\n<meta name=\"twitter:label1\" content=\"\u00c9crit par\" \/>\n\t<meta name=\"twitter:data1\" content=\"La r\u00e9daction\" \/>\n\t<meta name=\"twitter:label2\" content=\"Dur\u00e9e de lecture estim\u00e9e\" \/>\n\t<meta name=\"twitter:data2\" content=\"7 minutes\" \/>\n<script type=\"application\/ld+json\" class=\"yoast-schema-graph\">{\"@context\":\"https:\/\/schema.org\",\"@graph\":[{\"@type\":\"Article\",\"@id\":\"https:\/\/stourm.news\/?p=4181#article\",\"isPartOf\":{\"@id\":\"https:\/\/stourm.news\/?p=4181\"},\"author\":{\"name\":\"La r\u00e9daction\",\"@id\":\"https:\/\/stourm.news\/#\/schema\/person\/c3e1dc65988632e190969234ef046cf9\"},\"headline\":\"Disparition : Patricia Bridson, une vie pour l\u2019\u00cele de Man et la solidarit\u00e9 interceltique\",\"datePublished\":\"2025-05-30T13:36:02+00:00\",\"mainEntityOfPage\":{\"@id\":\"https:\/\/stourm.news\/?p=4181\"},\"wordCount\":1240,\"commentCount\":0,\"publisher\":{\"@id\":\"https:\/\/stourm.news\/#organization\"},\"image\":{\"@id\":\"https:\/\/stourm.news\/?p=4181#primaryimage\"},\"thumbnailUrl\":\"https:\/\/stourm.news\/wp-content\/uploads\/2025\/05\/Capture-decran-2025-05-30-a-22.00.24.png\",\"articleSection\":[\"Breizh\",\"Emsav\",\"Interceltisme\",\"International\",\"Principale\"],\"inLanguage\":\"fr-FR\",\"potentialAction\":[{\"@type\":\"CommentAction\",\"name\":\"Comment\",\"target\":[\"https:\/\/stourm.news\/?p=4181#respond\"]}]},{\"@type\":\"WebPage\",\"@id\":\"https:\/\/stourm.news\/?p=4181\",\"url\":\"https:\/\/stourm.news\/?p=4181\",\"name\":\"Disparition : Patricia Bridson, une vie pour l\u2019\u00cele de Man et la solidarit\u00e9 interceltique - STOURM\",\"isPartOf\":{\"@id\":\"https:\/\/stourm.news\/#website\"},\"primaryImageOfPage\":{\"@id\":\"https:\/\/stourm.news\/?p=4181#primaryimage\"},\"image\":{\"@id\":\"https:\/\/stourm.news\/?p=4181#primaryimage\"},\"thumbnailUrl\":\"https:\/\/stourm.news\/wp-content\/uploads\/2025\/05\/Capture-decran-2025-05-30-a-22.00.24.png\",\"datePublished\":\"2025-05-30T13:36:02+00:00\",\"breadcrumb\":{\"@id\":\"https:\/\/stourm.news\/?p=4181#breadcrumb\"},\"inLanguage\":\"fr-FR\",\"potentialAction\":[{\"@type\":\"ReadAction\",\"target\":[\"https:\/\/stourm.news\/?p=4181\"]}]},{\"@type\":\"ImageObject\",\"inLanguage\":\"fr-FR\",\"@id\":\"https:\/\/stourm.news\/?p=4181#primaryimage\",\"url\":\"https:\/\/stourm.news\/wp-content\/uploads\/2025\/05\/Capture-decran-2025-05-30-a-22.00.24.png\",\"contentUrl\":\"https:\/\/stourm.news\/wp-content\/uploads\/2025\/05\/Capture-decran-2025-05-30-a-22.00.24.png\",\"width\":1620,\"height\":1140},{\"@type\":\"BreadcrumbList\",\"@id\":\"https:\/\/stourm.news\/?p=4181#breadcrumb\",\"itemListElement\":[{\"@type\":\"ListItem\",\"position\":1,\"name\":\"Accueil\",\"item\":\"https:\/\/stourm.news\/\"},{\"@type\":\"ListItem\",\"position\":2,\"name\":\"Disparition : Patricia Bridson, une vie pour l\u2019\u00cele de Man et la solidarit\u00e9 interceltique\"}]},{\"@type\":\"WebSite\",\"@id\":\"https:\/\/stourm.news\/#website\",\"url\":\"https:\/\/stourm.news\/\",\"name\":\"Stourm\",\"description\":\"Kazetenn Strollad Broadel Breizh\",\"publisher\":{\"@id\":\"https:\/\/stourm.news\/#organization\"},\"potentialAction\":[{\"@type\":\"SearchAction\",\"target\":{\"@type\":\"EntryPoint\",\"urlTemplate\":\"https:\/\/stourm.news\/?s={search_term_string}\"},\"query-input\":{\"@type\":\"PropertyValueSpecification\",\"valueRequired\":true,\"valueName\":\"search_term_string\"}}],\"inLanguage\":\"fr-FR\"},{\"@type\":\"Organization\",\"@id\":\"https:\/\/stourm.news\/#organization\",\"name\":\"Stourm\",\"url\":\"https:\/\/stourm.news\/\",\"logo\":{\"@type\":\"ImageObject\",\"inLanguage\":\"fr-FR\",\"@id\":\"https:\/\/stourm.news\/#\/schema\/logo\/image\/\",\"url\":\"https:\/\/stourm.news\/wp-content\/uploads\/2025\/11\/cropped-Capture-decran-2025-11-28-a-15.19.07.png\",\"contentUrl\":\"https:\/\/stourm.news\/wp-content\/uploads\/2025\/11\/cropped-Capture-decran-2025-11-28-a-15.19.07.png\",\"width\":1855,\"height\":383,\"caption\":\"Stourm\"},\"image\":{\"@id\":\"https:\/\/stourm.news\/#\/schema\/logo\/image\/\"},\"sameAs\":[\"https:\/\/www.facebook.com\/stourmnews\/\"]},{\"@type\":\"Person\",\"@id\":\"https:\/\/stourm.news\/#\/schema\/person\/c3e1dc65988632e190969234ef046cf9\",\"name\":\"La r\u00e9daction\",\"image\":{\"@type\":\"ImageObject\",\"inLanguage\":\"fr-FR\",\"@id\":\"https:\/\/stourm.news\/#\/schema\/person\/image\/\",\"url\":\"https:\/\/secure.gravatar.com\/avatar\/7463443f194b6b5fb706b074ca0ef59a0cfcfd720cb47764b0ec5a952ce422b3?s=96&d=mm&r=g\",\"contentUrl\":\"https:\/\/secure.gravatar.com\/avatar\/7463443f194b6b5fb706b074ca0ef59a0cfcfd720cb47764b0ec5a952ce422b3?s=96&d=mm&r=g\",\"caption\":\"La r\u00e9daction\"},\"sameAs\":[\"https:\/\/stourm.news\"],\"url\":\"https:\/\/stourm.news\/?author=1\"}]}<\/script>\n<!-- \/ Yoast SEO plugin. -->","yoast_head_json":{"title":"Disparition : Patricia Bridson, une vie pour l\u2019\u00cele de Man et la solidarit\u00e9 interceltique - STOURM","robots":{"index":"index","follow":"follow","max-snippet":"max-snippet:-1","max-image-preview":"max-image-preview:large","max-video-preview":"max-video-preview:-1"},"canonical":"https:\/\/stourm.news\/?p=4181","og_locale":"fr_FR","og_type":"article","og_title":"Disparition : Patricia Bridson, une vie pour l\u2019\u00cele de Man et la solidarit\u00e9 interceltique - STOURM","og_description":"Le mouvement nationaliste breton et l\u2019ensemble des nations celtes pleurent une figure majeure de la lutte pour la pr\u00e9servation des identit\u00e9s celtiques : Patricia Bridson, connue \u00e9galement sous son nom mannois, Padraigin Mylevreeshey. Cette militante infatigable, r\u00e9cemment disparue, a consacr\u00e9 sa vie \u00e0 la d\u00e9fense de la culture, de la langue et de l\u2019autonomie de [&hellip;]","og_url":"https:\/\/stourm.news\/?p=4181","og_site_name":"STOURM","article_publisher":"https:\/\/www.facebook.com\/stourmnews\/","article_published_time":"2025-05-30T13:36:02+00:00","og_image":[{"width":1024,"height":721,"url":"https:\/\/stourm.news\/wp-content\/uploads\/2025\/05\/Capture-decran-2025-05-30-a-22.00.24-1024x721.png","type":"image\/png"}],"author":"La r\u00e9daction","twitter_card":"summary_large_image","twitter_misc":{"\u00c9crit par":"La r\u00e9daction","Dur\u00e9e de lecture estim\u00e9e":"7 minutes"},"schema":{"@context":"https:\/\/schema.org","@graph":[{"@type":"Article","@id":"https:\/\/stourm.news\/?p=4181#article","isPartOf":{"@id":"https:\/\/stourm.news\/?p=4181"},"author":{"name":"La r\u00e9daction","@id":"https:\/\/stourm.news\/#\/schema\/person\/c3e1dc65988632e190969234ef046cf9"},"headline":"Disparition : Patricia Bridson, une vie pour l\u2019\u00cele de Man et la solidarit\u00e9 interceltique","datePublished":"2025-05-30T13:36:02+00:00","mainEntityOfPage":{"@id":"https:\/\/stourm.news\/?p=4181"},"wordCount":1240,"commentCount":0,"publisher":{"@id":"https:\/\/stourm.news\/#organization"},"image":{"@id":"https:\/\/stourm.news\/?p=4181#primaryimage"},"thumbnailUrl":"https:\/\/stourm.news\/wp-content\/uploads\/2025\/05\/Capture-decran-2025-05-30-a-22.00.24.png","articleSection":["Breizh","Emsav","Interceltisme","International","Principale"],"inLanguage":"fr-FR","potentialAction":[{"@type":"CommentAction","name":"Comment","target":["https:\/\/stourm.news\/?p=4181#respond"]}]},{"@type":"WebPage","@id":"https:\/\/stourm.news\/?p=4181","url":"https:\/\/stourm.news\/?p=4181","name":"Disparition : Patricia Bridson, une vie pour l\u2019\u00cele de Man et la solidarit\u00e9 interceltique - STOURM","isPartOf":{"@id":"https:\/\/stourm.news\/#website"},"primaryImageOfPage":{"@id":"https:\/\/stourm.news\/?p=4181#primaryimage"},"image":{"@id":"https:\/\/stourm.news\/?p=4181#primaryimage"},"thumbnailUrl":"https:\/\/stourm.news\/wp-content\/uploads\/2025\/05\/Capture-decran-2025-05-30-a-22.00.24.png","datePublished":"2025-05-30T13:36:02+00:00","breadcrumb":{"@id":"https:\/\/stourm.news\/?p=4181#breadcrumb"},"inLanguage":"fr-FR","potentialAction":[{"@type":"ReadAction","target":["https:\/\/stourm.news\/?p=4181"]}]},{"@type":"ImageObject","inLanguage":"fr-FR","@id":"https:\/\/stourm.news\/?p=4181#primaryimage","url":"https:\/\/stourm.news\/wp-content\/uploads\/2025\/05\/Capture-decran-2025-05-30-a-22.00.24.png","contentUrl":"https:\/\/stourm.news\/wp-content\/uploads\/2025\/05\/Capture-decran-2025-05-30-a-22.00.24.png","width":1620,"height":1140},{"@type":"BreadcrumbList","@id":"https:\/\/stourm.news\/?p=4181#breadcrumb","itemListElement":[{"@type":"ListItem","position":1,"name":"Accueil","item":"https:\/\/stourm.news\/"},{"@type":"ListItem","position":2,"name":"Disparition : Patricia Bridson, une vie pour l\u2019\u00cele de Man et la solidarit\u00e9 interceltique"}]},{"@type":"WebSite","@id":"https:\/\/stourm.news\/#website","url":"https:\/\/stourm.news\/","name":"Stourm","description":"Kazetenn Strollad Broadel Breizh","publisher":{"@id":"https:\/\/stourm.news\/#organization"},"potentialAction":[{"@type":"SearchAction","target":{"@type":"EntryPoint","urlTemplate":"https:\/\/stourm.news\/?s={search_term_string}"},"query-input":{"@type":"PropertyValueSpecification","valueRequired":true,"valueName":"search_term_string"}}],"inLanguage":"fr-FR"},{"@type":"Organization","@id":"https:\/\/stourm.news\/#organization","name":"Stourm","url":"https:\/\/stourm.news\/","logo":{"@type":"ImageObject","inLanguage":"fr-FR","@id":"https:\/\/stourm.news\/#\/schema\/logo\/image\/","url":"https:\/\/stourm.news\/wp-content\/uploads\/2025\/11\/cropped-Capture-decran-2025-11-28-a-15.19.07.png","contentUrl":"https:\/\/stourm.news\/wp-content\/uploads\/2025\/11\/cropped-Capture-decran-2025-11-28-a-15.19.07.png","width":1855,"height":383,"caption":"Stourm"},"image":{"@id":"https:\/\/stourm.news\/#\/schema\/logo\/image\/"},"sameAs":["https:\/\/www.facebook.com\/stourmnews\/"]},{"@type":"Person","@id":"https:\/\/stourm.news\/#\/schema\/person\/c3e1dc65988632e190969234ef046cf9","name":"La r\u00e9daction","image":{"@type":"ImageObject","inLanguage":"fr-FR","@id":"https:\/\/stourm.news\/#\/schema\/person\/image\/","url":"https:\/\/secure.gravatar.com\/avatar\/7463443f194b6b5fb706b074ca0ef59a0cfcfd720cb47764b0ec5a952ce422b3?s=96&d=mm&r=g","contentUrl":"https:\/\/secure.gravatar.com\/avatar\/7463443f194b6b5fb706b074ca0ef59a0cfcfd720cb47764b0ec5a952ce422b3?s=96&d=mm&r=g","caption":"La r\u00e9daction"},"sameAs":["https:\/\/stourm.news"],"url":"https:\/\/stourm.news\/?author=1"}]}},"_links":{"self":[{"href":"https:\/\/stourm.news\/index.php?rest_route=\/wp\/v2\/posts\/4181","targetHints":{"allow":["GET"]}}],"collection":[{"href":"https:\/\/stourm.news\/index.php?rest_route=\/wp\/v2\/posts"}],"about":[{"href":"https:\/\/stourm.news\/index.php?rest_route=\/wp\/v2\/types\/post"}],"author":[{"embeddable":true,"href":"https:\/\/stourm.news\/index.php?rest_route=\/wp\/v2\/users\/1"}],"replies":[{"embeddable":true,"href":"https:\/\/stourm.news\/index.php?rest_route=%2Fwp%2Fv2%2Fcomments&post=4181"}],"version-history":[{"count":2,"href":"https:\/\/stourm.news\/index.php?rest_route=\/wp\/v2\/posts\/4181\/revisions"}],"predecessor-version":[{"id":4185,"href":"https:\/\/stourm.news\/index.php?rest_route=\/wp\/v2\/posts\/4181\/revisions\/4185"}],"wp:featuredmedia":[{"embeddable":true,"href":"https:\/\/stourm.news\/index.php?rest_route=\/wp\/v2\/media\/4182"}],"wp:attachment":[{"href":"https:\/\/stourm.news\/index.php?rest_route=%2Fwp%2Fv2%2Fmedia&parent=4181"}],"wp:term":[{"taxonomy":"category","embeddable":true,"href":"https:\/\/stourm.news\/index.php?rest_route=%2Fwp%2Fv2%2Fcategories&post=4181"},{"taxonomy":"post_tag","embeddable":true,"href":"https:\/\/stourm.news\/index.php?rest_route=%2Fwp%2Fv2%2Ftags&post=4181"}],"curies":[{"name":"wp","href":"https:\/\/api.w.org\/{rel}","templated":true}]}}