{"id":4189,"date":"2025-05-31T05:59:30","date_gmt":"2025-05-31T05:59:30","guid":{"rendered":"https:\/\/stourm.news\/?p=4189"},"modified":"2025-05-31T05:59:30","modified_gmt":"2025-05-31T05:59:30","slug":"ils-detroussaient-et-tabassaient-des-jeunes-a-la-sortie-des-cours-4-adolescents-arretes-pres-de-nantes","status":"publish","type":"post","link":"https:\/\/stourm.news\/?p=4189","title":{"rendered":"Ils d\u00e9troussaient et tabassaient des jeunes \u00e0 la sortie des cours : 4 \u00ab\u00a0adolescents\u00a0\u00bb arr\u00eat\u00e9s pr\u00e8s de Nantes"},"content":{"rendered":"<p style=\"text-align: justify;\">\u00c0 Orvez (Orvault), pr\u00e8s de Naoned (Nantes), quatre adolescents \u00e2g\u00e9s de 13 \u00e0 17 ans ont \u00e9t\u00e9 interpell\u00e9s par la police pour une s\u00e9rie de vols violents commis depuis avril 2025 indique <strong><a href=\"https:\/\/www.lefigaro.fr\/nantes\/ils-detroussaient-et-tabassaient-des-jeunes-a-la-sortie-des-cours-4-ados-arretes-pres-de-nantes-20250530\">Le Figaro<\/a><\/strong>. Ces mineurs, multir\u00e9cidivistes et d\u00e9j\u00e0 connus des services de police, ciblaient des coll\u00e9giens et lyc\u00e9ens isol\u00e9s \u00e0 la sortie des cours, principalement aux arr\u00eats de bus ou de tramway dans le secteur de La Morli\u00e8re.<\/p>\n<p style=\"text-align: justify;\">Leur mode op\u00e9ratoire consistait \u00e0 aborder leurs victimes sous pr\u00e9texte d\u2019emprunter un t\u00e9l\u00e9phone pour appeler un parent, avant de voler l\u2019appareil. En cas de refus, ils n\u2019h\u00e9sitaient pas \u00e0 rouer de coups les victimes, causant des blessures parfois graves. Au moins huit cas de vols avec violence ont \u00e9t\u00e9 recens\u00e9s. L\u2019enqu\u00eate, appuy\u00e9e par l\u2019analyse d\u2019images de vid\u00e9osurveillance et des perquisitions, a permis de retrouver un t\u00e9l\u00e9phone vol\u00e9 \u00e0 Chapel-Erzh (La Chapelle-sur-Erdre).<\/p>\n<p style=\"text-align: justify;\">Les deux principaux meneurs, \u00e2g\u00e9s de 13 et 15 ans, ont \u00e9t\u00e9 plac\u00e9s sous contr\u00f4le judiciaire et confi\u00e9s \u00e0 un centre \u00e9ducatif ferm\u00e9. Cette affaire met en lumi\u00e8re la probl\u00e9matique de la d\u00e9linquance juv\u00e9nile dans la m\u00e9tropole nantaise, o\u00f9 des agressions similaires ont \u00e9t\u00e9 signal\u00e9es dans d\u2019autres quartiers, suscitant l\u2019inqui\u00e9tude des familles et des autorit\u00e9s.<\/p>\n","protected":false},"excerpt":{"rendered":"<p>\u00c0 Orvez (Orvault), pr\u00e8s de Naoned (Nantes), quatre adolescents \u00e2g\u00e9s de 13 \u00e0 17 ans ont \u00e9t\u00e9 interpell\u00e9s par la police pour une s\u00e9rie de vols violents commis depuis avril 2025 indique Le Figaro. Ces mineurs, multir\u00e9cidivistes et d\u00e9j\u00e0 connus des services de police, ciblaient des coll\u00e9giens et lyc\u00e9ens isol\u00e9s \u00e0 la sortie des cours, [&hellip;]<\/p>\n","protected":false},"author":1,"featured_media":4190,"comment_status":"open","ping_status":"open","sticky":false,"template":"","format":"standard","meta":{"sb_editor_width":"","footnotes":""},"categories":[31,42,62],"tags":[],"class_list":["post-4189","post","type-post","status-publish","format-standard","has-post-thumbnail","hentry","category-agression","category-loire-atlantique","category-revue-de-presse"],"relative_dates":{"created":"11 mois ago","modified":"11 mois ago"},"yoast_head":"<!-- This site is optimized with the Yoast SEO plugin v26.3 - https:\/\/yoast.com\/wordpress\/plugins\/seo\/ -->\n<title>Ils d\u00e9troussaient et tabassaient des jeunes \u00e0 la sortie des cours : 4 &quot;adolescents&quot; arr\u00eat\u00e9s pr\u00e8s de Nantes - STOURM<\/title>\n<meta name=\"robots\" content=\"index, follow, max-snippet:-1, max-image-preview:large, max-video-preview:-1\" \/>\n<link rel=\"canonical\" href=\"https:\/\/stourm.news\/?p=4189\" \/>\n<meta property=\"og:locale\" content=\"fr_FR\" \/>\n<meta property=\"og:type\" content=\"article\" \/>\n<meta property=\"og:title\" content=\"Ils d\u00e9troussaient et tabassaient des jeunes \u00e0 la sortie des cours : 4 &quot;adolescents&quot; arr\u00eat\u00e9s pr\u00e8s de Nantes - STOURM\" \/>\n<meta property=\"og:description\" content=\"\u00c0 Orvez (Orvault), pr\u00e8s de Naoned (Nantes), quatre adolescents \u00e2g\u00e9s de 13 \u00e0 17 ans ont \u00e9t\u00e9 interpell\u00e9s par la police pour une s\u00e9rie de vols violents commis depuis avril 2025 indique Le Figaro. Ces mineurs, multir\u00e9cidivistes et d\u00e9j\u00e0 connus des services de police, ciblaient des coll\u00e9giens et lyc\u00e9ens isol\u00e9s \u00e0 la sortie des cours, [&hellip;]\" \/>\n<meta property=\"og:url\" content=\"https:\/\/stourm.news\/?p=4189\" \/>\n<meta property=\"og:site_name\" content=\"STOURM\" \/>\n<meta property=\"article:publisher\" content=\"https:\/\/www.facebook.com\/stourmnews\/\" \/>\n<meta property=\"article:published_time\" content=\"2025-05-31T05:59:30+00:00\" \/>\n<meta property=\"og:image\" content=\"https:\/\/stourm.news\/wp-content\/uploads\/2025\/05\/pourquoi-investir-chapelle-sur-erdre.jpg\" \/>\n\t<meta property=\"og:image:width\" content=\"1920\" \/>\n\t<meta property=\"og:image:height\" content=\"1285\" \/>\n\t<meta property=\"og:image:type\" content=\"image\/jpeg\" \/>\n<meta name=\"author\" content=\"La r\u00e9daction\" \/>\n<meta name=\"twitter:card\" content=\"summary_large_image\" \/>\n<meta name=\"twitter:label1\" content=\"\u00c9crit par\" \/>\n\t<meta name=\"twitter:data1\" content=\"La r\u00e9daction\" \/>\n\t<meta name=\"twitter:label2\" content=\"Dur\u00e9e de lecture estim\u00e9e\" \/>\n\t<meta name=\"twitter:data2\" content=\"1 minute\" \/>\n<script type=\"application\/ld+json\" class=\"yoast-schema-graph\">{\"@context\":\"https:\/\/schema.org\",\"@graph\":[{\"@type\":\"Article\",\"@id\":\"https:\/\/stourm.news\/?p=4189#article\",\"isPartOf\":{\"@id\":\"https:\/\/stourm.news\/?p=4189\"},\"author\":{\"name\":\"La r\u00e9daction\",\"@id\":\"https:\/\/stourm.news\/#\/schema\/person\/c3e1dc65988632e190969234ef046cf9\"},\"headline\":\"Ils d\u00e9troussaient et tabassaient des jeunes \u00e0 la sortie des cours : 4 \u00ab\u00a0adolescents\u00a0\u00bb arr\u00eat\u00e9s pr\u00e8s de Nantes\",\"datePublished\":\"2025-05-31T05:59:30+00:00\",\"mainEntityOfPage\":{\"@id\":\"https:\/\/stourm.news\/?p=4189\"},\"wordCount\":244,\"commentCount\":0,\"publisher\":{\"@id\":\"https:\/\/stourm.news\/#organization\"},\"image\":{\"@id\":\"https:\/\/stourm.news\/?p=4189#primaryimage\"},\"thumbnailUrl\":\"https:\/\/stourm.news\/wp-content\/uploads\/2025\/05\/pourquoi-investir-chapelle-sur-erdre.jpg\",\"articleSection\":[\"Agression\",\"Loire-Atlantique\",\"Revue de presse\"],\"inLanguage\":\"fr-FR\",\"potentialAction\":[{\"@type\":\"CommentAction\",\"name\":\"Comment\",\"target\":[\"https:\/\/stourm.news\/?p=4189#respond\"]}]},{\"@type\":\"WebPage\",\"@id\":\"https:\/\/stourm.news\/?p=4189\",\"url\":\"https:\/\/stourm.news\/?p=4189\",\"name\":\"Ils d\u00e9troussaient et tabassaient des jeunes \u00e0 la sortie des cours : 4 \\\"adolescents\\\" arr\u00eat\u00e9s pr\u00e8s de Nantes - STOURM\",\"isPartOf\":{\"@id\":\"https:\/\/stourm.news\/#website\"},\"primaryImageOfPage\":{\"@id\":\"https:\/\/stourm.news\/?p=4189#primaryimage\"},\"image\":{\"@id\":\"https:\/\/stourm.news\/?p=4189#primaryimage\"},\"thumbnailUrl\":\"https:\/\/stourm.news\/wp-content\/uploads\/2025\/05\/pourquoi-investir-chapelle-sur-erdre.jpg\",\"datePublished\":\"2025-05-31T05:59:30+00:00\",\"breadcrumb\":{\"@id\":\"https:\/\/stourm.news\/?p=4189#breadcrumb\"},\"inLanguage\":\"fr-FR\",\"potentialAction\":[{\"@type\":\"ReadAction\",\"target\":[\"https:\/\/stourm.news\/?p=4189\"]}]},{\"@type\":\"ImageObject\",\"inLanguage\":\"fr-FR\",\"@id\":\"https:\/\/stourm.news\/?p=4189#primaryimage\",\"url\":\"https:\/\/stourm.news\/wp-content\/uploads\/2025\/05\/pourquoi-investir-chapelle-sur-erdre.jpg\",\"contentUrl\":\"https:\/\/stourm.news\/wp-content\/uploads\/2025\/05\/pourquoi-investir-chapelle-sur-erdre.jpg\",\"width\":1920,\"height\":1285},{\"@type\":\"BreadcrumbList\",\"@id\":\"https:\/\/stourm.news\/?p=4189#breadcrumb\",\"itemListElement\":[{\"@type\":\"ListItem\",\"position\":1,\"name\":\"Accueil\",\"item\":\"https:\/\/stourm.news\/\"},{\"@type\":\"ListItem\",\"position\":2,\"name\":\"Ils d\u00e9troussaient et tabassaient des jeunes \u00e0 la sortie des cours : 4 \u00ab\u00a0adolescents\u00a0\u00bb arr\u00eat\u00e9s pr\u00e8s de Nantes\"}]},{\"@type\":\"WebSite\",\"@id\":\"https:\/\/stourm.news\/#website\",\"url\":\"https:\/\/stourm.news\/\",\"name\":\"Stourm\",\"description\":\"Kazetenn Strollad Broadel Breizh\",\"publisher\":{\"@id\":\"https:\/\/stourm.news\/#organization\"},\"potentialAction\":[{\"@type\":\"SearchAction\",\"target\":{\"@type\":\"EntryPoint\",\"urlTemplate\":\"https:\/\/stourm.news\/?s={search_term_string}\"},\"query-input\":{\"@type\":\"PropertyValueSpecification\",\"valueRequired\":true,\"valueName\":\"search_term_string\"}}],\"inLanguage\":\"fr-FR\"},{\"@type\":\"Organization\",\"@id\":\"https:\/\/stourm.news\/#organization\",\"name\":\"Stourm\",\"url\":\"https:\/\/stourm.news\/\",\"logo\":{\"@type\":\"ImageObject\",\"inLanguage\":\"fr-FR\",\"@id\":\"https:\/\/stourm.news\/#\/schema\/logo\/image\/\",\"url\":\"https:\/\/stourm.news\/wp-content\/uploads\/2025\/11\/cropped-Capture-decran-2025-11-28-a-15.19.07.png\",\"contentUrl\":\"https:\/\/stourm.news\/wp-content\/uploads\/2025\/11\/cropped-Capture-decran-2025-11-28-a-15.19.07.png\",\"width\":1855,\"height\":383,\"caption\":\"Stourm\"},\"image\":{\"@id\":\"https:\/\/stourm.news\/#\/schema\/logo\/image\/\"},\"sameAs\":[\"https:\/\/www.facebook.com\/stourmnews\/\"]},{\"@type\":\"Person\",\"@id\":\"https:\/\/stourm.news\/#\/schema\/person\/c3e1dc65988632e190969234ef046cf9\",\"name\":\"La r\u00e9daction\",\"image\":{\"@type\":\"ImageObject\",\"inLanguage\":\"fr-FR\",\"@id\":\"https:\/\/stourm.news\/#\/schema\/person\/image\/\",\"url\":\"https:\/\/secure.gravatar.com\/avatar\/7463443f194b6b5fb706b074ca0ef59a0cfcfd720cb47764b0ec5a952ce422b3?s=96&d=mm&r=g\",\"contentUrl\":\"https:\/\/secure.gravatar.com\/avatar\/7463443f194b6b5fb706b074ca0ef59a0cfcfd720cb47764b0ec5a952ce422b3?s=96&d=mm&r=g\",\"caption\":\"La r\u00e9daction\"},\"sameAs\":[\"https:\/\/stourm.news\"],\"url\":\"https:\/\/stourm.news\/?author=1\"}]}<\/script>\n<!-- \/ Yoast SEO plugin. -->","yoast_head_json":{"title":"Ils d\u00e9troussaient et tabassaient des jeunes \u00e0 la sortie des cours : 4 \"adolescents\" arr\u00eat\u00e9s pr\u00e8s de Nantes - STOURM","robots":{"index":"index","follow":"follow","max-snippet":"max-snippet:-1","max-image-preview":"max-image-preview:large","max-video-preview":"max-video-preview:-1"},"canonical":"https:\/\/stourm.news\/?p=4189","og_locale":"fr_FR","og_type":"article","og_title":"Ils d\u00e9troussaient et tabassaient des jeunes \u00e0 la sortie des cours : 4 \"adolescents\" arr\u00eat\u00e9s pr\u00e8s de Nantes - STOURM","og_description":"\u00c0 Orvez (Orvault), pr\u00e8s de Naoned (Nantes), quatre adolescents \u00e2g\u00e9s de 13 \u00e0 17 ans ont \u00e9t\u00e9 interpell\u00e9s par la police pour une s\u00e9rie de vols violents commis depuis avril 2025 indique Le Figaro. Ces mineurs, multir\u00e9cidivistes et d\u00e9j\u00e0 connus des services de police, ciblaient des coll\u00e9giens et lyc\u00e9ens isol\u00e9s \u00e0 la sortie des cours, [&hellip;]","og_url":"https:\/\/stourm.news\/?p=4189","og_site_name":"STOURM","article_publisher":"https:\/\/www.facebook.com\/stourmnews\/","article_published_time":"2025-05-31T05:59:30+00:00","og_image":[{"width":1920,"height":1285,"url":"https:\/\/stourm.news\/wp-content\/uploads\/2025\/05\/pourquoi-investir-chapelle-sur-erdre.jpg","type":"image\/jpeg"}],"author":"La r\u00e9daction","twitter_card":"summary_large_image","twitter_misc":{"\u00c9crit par":"La r\u00e9daction","Dur\u00e9e de lecture estim\u00e9e":"1 minute"},"schema":{"@context":"https:\/\/schema.org","@graph":[{"@type":"Article","@id":"https:\/\/stourm.news\/?p=4189#article","isPartOf":{"@id":"https:\/\/stourm.news\/?p=4189"},"author":{"name":"La r\u00e9daction","@id":"https:\/\/stourm.news\/#\/schema\/person\/c3e1dc65988632e190969234ef046cf9"},"headline":"Ils d\u00e9troussaient et tabassaient des jeunes \u00e0 la sortie des cours : 4 \u00ab\u00a0adolescents\u00a0\u00bb arr\u00eat\u00e9s pr\u00e8s de Nantes","datePublished":"2025-05-31T05:59:30+00:00","mainEntityOfPage":{"@id":"https:\/\/stourm.news\/?p=4189"},"wordCount":244,"commentCount":0,"publisher":{"@id":"https:\/\/stourm.news\/#organization"},"image":{"@id":"https:\/\/stourm.news\/?p=4189#primaryimage"},"thumbnailUrl":"https:\/\/stourm.news\/wp-content\/uploads\/2025\/05\/pourquoi-investir-chapelle-sur-erdre.jpg","articleSection":["Agression","Loire-Atlantique","Revue de presse"],"inLanguage":"fr-FR","potentialAction":[{"@type":"CommentAction","name":"Comment","target":["https:\/\/stourm.news\/?p=4189#respond"]}]},{"@type":"WebPage","@id":"https:\/\/stourm.news\/?p=4189","url":"https:\/\/stourm.news\/?p=4189","name":"Ils d\u00e9troussaient et tabassaient des jeunes \u00e0 la sortie des cours : 4 \"adolescents\" arr\u00eat\u00e9s pr\u00e8s de Nantes - STOURM","isPartOf":{"@id":"https:\/\/stourm.news\/#website"},"primaryImageOfPage":{"@id":"https:\/\/stourm.news\/?p=4189#primaryimage"},"image":{"@id":"https:\/\/stourm.news\/?p=4189#primaryimage"},"thumbnailUrl":"https:\/\/stourm.news\/wp-content\/uploads\/2025\/05\/pourquoi-investir-chapelle-sur-erdre.jpg","datePublished":"2025-05-31T05:59:30+00:00","breadcrumb":{"@id":"https:\/\/stourm.news\/?p=4189#breadcrumb"},"inLanguage":"fr-FR","potentialAction":[{"@type":"ReadAction","target":["https:\/\/stourm.news\/?p=4189"]}]},{"@type":"ImageObject","inLanguage":"fr-FR","@id":"https:\/\/stourm.news\/?p=4189#primaryimage","url":"https:\/\/stourm.news\/wp-content\/uploads\/2025\/05\/pourquoi-investir-chapelle-sur-erdre.jpg","contentUrl":"https:\/\/stourm.news\/wp-content\/uploads\/2025\/05\/pourquoi-investir-chapelle-sur-erdre.jpg","width":1920,"height":1285},{"@type":"BreadcrumbList","@id":"https:\/\/stourm.news\/?p=4189#breadcrumb","itemListElement":[{"@type":"ListItem","position":1,"name":"Accueil","item":"https:\/\/stourm.news\/"},{"@type":"ListItem","position":2,"name":"Ils d\u00e9troussaient et tabassaient des jeunes \u00e0 la sortie des cours : 4 \u00ab\u00a0adolescents\u00a0\u00bb arr\u00eat\u00e9s pr\u00e8s de Nantes"}]},{"@type":"WebSite","@id":"https:\/\/stourm.news\/#website","url":"https:\/\/stourm.news\/","name":"Stourm","description":"Kazetenn Strollad Broadel Breizh","publisher":{"@id":"https:\/\/stourm.news\/#organization"},"potentialAction":[{"@type":"SearchAction","target":{"@type":"EntryPoint","urlTemplate":"https:\/\/stourm.news\/?s={search_term_string}"},"query-input":{"@type":"PropertyValueSpecification","valueRequired":true,"valueName":"search_term_string"}}],"inLanguage":"fr-FR"},{"@type":"Organization","@id":"https:\/\/stourm.news\/#organization","name":"Stourm","url":"https:\/\/stourm.news\/","logo":{"@type":"ImageObject","inLanguage":"fr-FR","@id":"https:\/\/stourm.news\/#\/schema\/logo\/image\/","url":"https:\/\/stourm.news\/wp-content\/uploads\/2025\/11\/cropped-Capture-decran-2025-11-28-a-15.19.07.png","contentUrl":"https:\/\/stourm.news\/wp-content\/uploads\/2025\/11\/cropped-Capture-decran-2025-11-28-a-15.19.07.png","width":1855,"height":383,"caption":"Stourm"},"image":{"@id":"https:\/\/stourm.news\/#\/schema\/logo\/image\/"},"sameAs":["https:\/\/www.facebook.com\/stourmnews\/"]},{"@type":"Person","@id":"https:\/\/stourm.news\/#\/schema\/person\/c3e1dc65988632e190969234ef046cf9","name":"La r\u00e9daction","image":{"@type":"ImageObject","inLanguage":"fr-FR","@id":"https:\/\/stourm.news\/#\/schema\/person\/image\/","url":"https:\/\/secure.gravatar.com\/avatar\/7463443f194b6b5fb706b074ca0ef59a0cfcfd720cb47764b0ec5a952ce422b3?s=96&d=mm&r=g","contentUrl":"https:\/\/secure.gravatar.com\/avatar\/7463443f194b6b5fb706b074ca0ef59a0cfcfd720cb47764b0ec5a952ce422b3?s=96&d=mm&r=g","caption":"La r\u00e9daction"},"sameAs":["https:\/\/stourm.news"],"url":"https:\/\/stourm.news\/?author=1"}]}},"_links":{"self":[{"href":"https:\/\/stourm.news\/index.php?rest_route=\/wp\/v2\/posts\/4189","targetHints":{"allow":["GET"]}}],"collection":[{"href":"https:\/\/stourm.news\/index.php?rest_route=\/wp\/v2\/posts"}],"about":[{"href":"https:\/\/stourm.news\/index.php?rest_route=\/wp\/v2\/types\/post"}],"author":[{"embeddable":true,"href":"https:\/\/stourm.news\/index.php?rest_route=\/wp\/v2\/users\/1"}],"replies":[{"embeddable":true,"href":"https:\/\/stourm.news\/index.php?rest_route=%2Fwp%2Fv2%2Fcomments&post=4189"}],"version-history":[{"count":1,"href":"https:\/\/stourm.news\/index.php?rest_route=\/wp\/v2\/posts\/4189\/revisions"}],"predecessor-version":[{"id":4191,"href":"https:\/\/stourm.news\/index.php?rest_route=\/wp\/v2\/posts\/4189\/revisions\/4191"}],"wp:featuredmedia":[{"embeddable":true,"href":"https:\/\/stourm.news\/index.php?rest_route=\/wp\/v2\/media\/4190"}],"wp:attachment":[{"href":"https:\/\/stourm.news\/index.php?rest_route=%2Fwp%2Fv2%2Fmedia&parent=4189"}],"wp:term":[{"taxonomy":"category","embeddable":true,"href":"https:\/\/stourm.news\/index.php?rest_route=%2Fwp%2Fv2%2Fcategories&post=4189"},{"taxonomy":"post_tag","embeddable":true,"href":"https:\/\/stourm.news\/index.php?rest_route=%2Fwp%2Fv2%2Ftags&post=4189"}],"curies":[{"name":"wp","href":"https:\/\/api.w.org\/{rel}","templated":true}]}}