{"id":4192,"date":"2025-05-31T06:07:22","date_gmt":"2025-05-31T06:07:22","guid":{"rendered":"https:\/\/stourm.news\/?p=4192"},"modified":"2025-05-31T08:37:47","modified_gmt":"2025-05-31T08:37:47","slug":"saint-nazaire-loire-atlantique-un-algerien-recidiviste-sous-oqtf-vole-deux-personnes-agees-dont-un-homme-de-93-ans-dans-un-ehpad-reconnu-coupable-il-ressort-libre","status":"publish","type":"post","link":"https:\/\/stourm.news\/?p=4192","title":{"rendered":"Saint-Nazaire (Loire-Atlantique) : un Alg\u00e9rien r\u00e9cidiviste sous OQTF vole deux personnes \u00e2g\u00e9es, dont un homme de 93 ans dans un Ehpad\u2026 reconnu coupable, il ressort libre"},"content":{"rendered":"<p style=\"text-align: justify;\">\u00c0 Sant-Nazer (Saint-Nazaire), en Loire-Atlantique, un homme de 35 ans, de nationalit\u00e9 alg\u00e9rienne et sous obligation de quitter le territoire fran\u00e7ais (OQTF) depuis f\u00e9vrier 2021, a \u00e9t\u00e9 condamn\u00e9 le 20 mai 2025 par le tribunal correctionnel de Saint-Nazaire \u00e0 12 mois de prison, dont six mois ferme, pour des vols ciblant deux personnes \u00e2g\u00e9es.<\/p>\n<p style=\"text-align: justify;\">Le premier vol concerne le portefeuille d\u2019un homme de 93 ans, d\u00e9rob\u00e9 dans une chambre de l\u2019Ehpad du Port, o\u00f9 le pr\u00e9venu s\u2019\u00e9tait introduit en se faisant passer pour un visiteur. Le second incident s\u2019est produit dans l\u2019hypermarch\u00e9 Leclerc de l\u2019Immacul\u00e9e, o\u00f9 il a vol\u00e9 la sacoche d\u2019un homme de 88 ans en profitant d\u2019un moment d\u2019inattention. Il est \u00e9galement poursuivi pour une escroquerie \u00e0 la carte bancaire li\u00e9e \u00e0 ces vols.<\/p>\n<p style=\"text-align: justify;\">Malgr\u00e9 des preuves accablantes, notamment des images de vid\u00e9osurveillance et la r\u00e9cup\u00e9ration d\u2019un portefeuille \u00e0 son domicile, l\u2019individu a ni\u00e9 les faits lors de son audience, affirmant ne pas \u00eatre impliqu\u00e9. Avec six mentions \u00e0 son casier judiciaire, il a \u00e9t\u00e9 lib\u00e9r\u00e9 apr\u00e8s le verdict, suscitant des critiques sur les r\u00e9seaux sociaux quant \u00e0 l\u2019application de sa peine et de l\u2019OQTF. Cette affaire met en lumi\u00e8re la vuln\u00e9rabilit\u00e9 des personnes \u00e2g\u00e9es face aux vols opportunistes et les d\u00e9fis li\u00e9s \u00e0 l\u2019ex\u00e9cution des mesures d\u2019\u00e9loignement.<\/p>\n<p style=\"text-align: right;\"><strong>Ewen Broc\u00a0\u00bbhan<\/strong><\/p>\n","protected":false},"excerpt":{"rendered":"<p>\u00c0 Sant-Nazer (Saint-Nazaire), en Loire-Atlantique, un homme de 35 ans, de nationalit\u00e9 alg\u00e9rienne et sous obligation de quitter le territoire fran\u00e7ais (OQTF) depuis f\u00e9vrier 2021, a \u00e9t\u00e9 condamn\u00e9 le 20 mai 2025 par le tribunal correctionnel de Saint-Nazaire \u00e0 12 mois de prison, dont six mois ferme, pour des vols ciblant deux personnes \u00e2g\u00e9es. Le [&hellip;]<\/p>\n","protected":false},"author":1,"featured_media":4193,"comment_status":"open","ping_status":"open","sticky":false,"template":"","format":"standard","meta":{"sb_editor_width":"","footnotes":""},"categories":[31,33,42,62],"tags":[],"class_list":["post-4192","post","type-post","status-publish","format-standard","has-post-thumbnail","hentry","category-agression","category-immigration","category-loire-atlantique","category-revue-de-presse"],"relative_dates":{"created":"11 mois ago","modified":"11 mois ago"},"yoast_head":"<!-- This site is optimized with the Yoast SEO plugin v26.3 - https:\/\/yoast.com\/wordpress\/plugins\/seo\/ -->\n<title>Saint-Nazaire (Loire-Atlantique) : un Alg\u00e9rien r\u00e9cidiviste sous OQTF vole deux personnes \u00e2g\u00e9es, dont un homme de 93 ans dans un Ehpad\u2026 reconnu coupable, il ressort libre - STOURM<\/title>\n<meta name=\"robots\" content=\"index, follow, max-snippet:-1, max-image-preview:large, max-video-preview:-1\" \/>\n<link rel=\"canonical\" href=\"https:\/\/stourm.news\/?p=4192\" \/>\n<meta property=\"og:locale\" content=\"fr_FR\" \/>\n<meta property=\"og:type\" content=\"article\" \/>\n<meta property=\"og:title\" content=\"Saint-Nazaire (Loire-Atlantique) : un Alg\u00e9rien r\u00e9cidiviste sous OQTF vole deux personnes \u00e2g\u00e9es, dont un homme de 93 ans dans un Ehpad\u2026 reconnu coupable, il ressort libre - STOURM\" \/>\n<meta property=\"og:description\" content=\"\u00c0 Sant-Nazer (Saint-Nazaire), en Loire-Atlantique, un homme de 35 ans, de nationalit\u00e9 alg\u00e9rienne et sous obligation de quitter le territoire fran\u00e7ais (OQTF) depuis f\u00e9vrier 2021, a \u00e9t\u00e9 condamn\u00e9 le 20 mai 2025 par le tribunal correctionnel de Saint-Nazaire \u00e0 12 mois de prison, dont six mois ferme, pour des vols ciblant deux personnes \u00e2g\u00e9es. Le [&hellip;]\" \/>\n<meta property=\"og:url\" content=\"https:\/\/stourm.news\/?p=4192\" \/>\n<meta property=\"og:site_name\" content=\"STOURM\" \/>\n<meta property=\"article:publisher\" content=\"https:\/\/www.facebook.com\/stourmnews\/\" \/>\n<meta property=\"article:published_time\" content=\"2025-05-31T06:07:22+00:00\" \/>\n<meta property=\"article:modified_time\" content=\"2025-05-31T08:37:47+00:00\" \/>\n<meta name=\"author\" content=\"La r\u00e9daction\" \/>\n<meta name=\"twitter:card\" content=\"summary_large_image\" \/>\n<meta name=\"twitter:label1\" content=\"\u00c9crit par\" \/>\n\t<meta name=\"twitter:data1\" content=\"La r\u00e9daction\" \/>\n\t<meta name=\"twitter:label2\" content=\"Dur\u00e9e de lecture estim\u00e9e\" \/>\n\t<meta name=\"twitter:data2\" content=\"2 minutes\" \/>\n<script type=\"application\/ld+json\" class=\"yoast-schema-graph\">{\"@context\":\"https:\/\/schema.org\",\"@graph\":[{\"@type\":\"Article\",\"@id\":\"https:\/\/stourm.news\/?p=4192#article\",\"isPartOf\":{\"@id\":\"https:\/\/stourm.news\/?p=4192\"},\"author\":{\"name\":\"La r\u00e9daction\",\"@id\":\"https:\/\/stourm.news\/#\/schema\/person\/c3e1dc65988632e190969234ef046cf9\"},\"headline\":\"Saint-Nazaire (Loire-Atlantique) : un Alg\u00e9rien r\u00e9cidiviste sous OQTF vole deux personnes \u00e2g\u00e9es, dont un homme de 93 ans dans un Ehpad\u2026 reconnu coupable, il ressort libre\",\"datePublished\":\"2025-05-31T06:07:22+00:00\",\"dateModified\":\"2025-05-31T08:37:47+00:00\",\"mainEntityOfPage\":{\"@id\":\"https:\/\/stourm.news\/?p=4192\"},\"wordCount\":260,\"commentCount\":0,\"publisher\":{\"@id\":\"https:\/\/stourm.news\/#organization\"},\"image\":{\"@id\":\"https:\/\/stourm.news\/?p=4192#primaryimage\"},\"thumbnailUrl\":\"https:\/\/stourm.news\/wp-content\/uploads\/2025\/05\/MjAyMTA1ZjM4ZmQ1Y2RhMTY5MWI4YzI1NjZlOTJmNTFhMzdmZTI.avif\",\"articleSection\":[\"Agression\",\"Immigration\",\"Loire-Atlantique\",\"Revue de presse\"],\"inLanguage\":\"fr-FR\",\"potentialAction\":[{\"@type\":\"CommentAction\",\"name\":\"Comment\",\"target\":[\"https:\/\/stourm.news\/?p=4192#respond\"]}]},{\"@type\":\"WebPage\",\"@id\":\"https:\/\/stourm.news\/?p=4192\",\"url\":\"https:\/\/stourm.news\/?p=4192\",\"name\":\"Saint-Nazaire (Loire-Atlantique) : un Alg\u00e9rien r\u00e9cidiviste sous OQTF vole deux personnes \u00e2g\u00e9es, dont un homme de 93 ans dans un Ehpad\u2026 reconnu coupable, il ressort libre - STOURM\",\"isPartOf\":{\"@id\":\"https:\/\/stourm.news\/#website\"},\"primaryImageOfPage\":{\"@id\":\"https:\/\/stourm.news\/?p=4192#primaryimage\"},\"image\":{\"@id\":\"https:\/\/stourm.news\/?p=4192#primaryimage\"},\"thumbnailUrl\":\"https:\/\/stourm.news\/wp-content\/uploads\/2025\/05\/MjAyMTA1ZjM4ZmQ1Y2RhMTY5MWI4YzI1NjZlOTJmNTFhMzdmZTI.avif\",\"datePublished\":\"2025-05-31T06:07:22+00:00\",\"dateModified\":\"2025-05-31T08:37:47+00:00\",\"breadcrumb\":{\"@id\":\"https:\/\/stourm.news\/?p=4192#breadcrumb\"},\"inLanguage\":\"fr-FR\",\"potentialAction\":[{\"@type\":\"ReadAction\",\"target\":[\"https:\/\/stourm.news\/?p=4192\"]}]},{\"@type\":\"ImageObject\",\"inLanguage\":\"fr-FR\",\"@id\":\"https:\/\/stourm.news\/?p=4192#primaryimage\",\"url\":\"https:\/\/stourm.news\/wp-content\/uploads\/2025\/05\/MjAyMTA1ZjM4ZmQ1Y2RhMTY5MWI4YzI1NjZlOTJmNTFhMzdmZTI.avif\",\"contentUrl\":\"https:\/\/stourm.news\/wp-content\/uploads\/2025\/05\/MjAyMTA1ZjM4ZmQ1Y2RhMTY5MWI4YzI1NjZlOTJmNTFhMzdmZTI.avif\",\"width\":1260,\"height\":708},{\"@type\":\"BreadcrumbList\",\"@id\":\"https:\/\/stourm.news\/?p=4192#breadcrumb\",\"itemListElement\":[{\"@type\":\"ListItem\",\"position\":1,\"name\":\"Accueil\",\"item\":\"https:\/\/stourm.news\/\"},{\"@type\":\"ListItem\",\"position\":2,\"name\":\"Saint-Nazaire (Loire-Atlantique) : un Alg\u00e9rien r\u00e9cidiviste sous OQTF vole deux personnes \u00e2g\u00e9es, dont un homme de 93 ans dans un Ehpad\u2026 reconnu coupable, il ressort libre\"}]},{\"@type\":\"WebSite\",\"@id\":\"https:\/\/stourm.news\/#website\",\"url\":\"https:\/\/stourm.news\/\",\"name\":\"Stourm\",\"description\":\"Kazetenn Strollad Broadel Breizh\",\"publisher\":{\"@id\":\"https:\/\/stourm.news\/#organization\"},\"potentialAction\":[{\"@type\":\"SearchAction\",\"target\":{\"@type\":\"EntryPoint\",\"urlTemplate\":\"https:\/\/stourm.news\/?s={search_term_string}\"},\"query-input\":{\"@type\":\"PropertyValueSpecification\",\"valueRequired\":true,\"valueName\":\"search_term_string\"}}],\"inLanguage\":\"fr-FR\"},{\"@type\":\"Organization\",\"@id\":\"https:\/\/stourm.news\/#organization\",\"name\":\"Stourm\",\"url\":\"https:\/\/stourm.news\/\",\"logo\":{\"@type\":\"ImageObject\",\"inLanguage\":\"fr-FR\",\"@id\":\"https:\/\/stourm.news\/#\/schema\/logo\/image\/\",\"url\":\"https:\/\/stourm.news\/wp-content\/uploads\/2025\/11\/cropped-Capture-decran-2025-11-28-a-15.19.07.png\",\"contentUrl\":\"https:\/\/stourm.news\/wp-content\/uploads\/2025\/11\/cropped-Capture-decran-2025-11-28-a-15.19.07.png\",\"width\":1855,\"height\":383,\"caption\":\"Stourm\"},\"image\":{\"@id\":\"https:\/\/stourm.news\/#\/schema\/logo\/image\/\"},\"sameAs\":[\"https:\/\/www.facebook.com\/stourmnews\/\"]},{\"@type\":\"Person\",\"@id\":\"https:\/\/stourm.news\/#\/schema\/person\/c3e1dc65988632e190969234ef046cf9\",\"name\":\"La r\u00e9daction\",\"image\":{\"@type\":\"ImageObject\",\"inLanguage\":\"fr-FR\",\"@id\":\"https:\/\/stourm.news\/#\/schema\/person\/image\/\",\"url\":\"https:\/\/secure.gravatar.com\/avatar\/7463443f194b6b5fb706b074ca0ef59a0cfcfd720cb47764b0ec5a952ce422b3?s=96&d=mm&r=g\",\"contentUrl\":\"https:\/\/secure.gravatar.com\/avatar\/7463443f194b6b5fb706b074ca0ef59a0cfcfd720cb47764b0ec5a952ce422b3?s=96&d=mm&r=g\",\"caption\":\"La r\u00e9daction\"},\"sameAs\":[\"https:\/\/stourm.news\"],\"url\":\"https:\/\/stourm.news\/?author=1\"}]}<\/script>\n<!-- \/ Yoast SEO plugin. -->","yoast_head_json":{"title":"Saint-Nazaire (Loire-Atlantique) : un Alg\u00e9rien r\u00e9cidiviste sous OQTF vole deux personnes \u00e2g\u00e9es, dont un homme de 93 ans dans un Ehpad\u2026 reconnu coupable, il ressort libre - STOURM","robots":{"index":"index","follow":"follow","max-snippet":"max-snippet:-1","max-image-preview":"max-image-preview:large","max-video-preview":"max-video-preview:-1"},"canonical":"https:\/\/stourm.news\/?p=4192","og_locale":"fr_FR","og_type":"article","og_title":"Saint-Nazaire (Loire-Atlantique) : un Alg\u00e9rien r\u00e9cidiviste sous OQTF vole deux personnes \u00e2g\u00e9es, dont un homme de 93 ans dans un Ehpad\u2026 reconnu coupable, il ressort libre - STOURM","og_description":"\u00c0 Sant-Nazer (Saint-Nazaire), en Loire-Atlantique, un homme de 35 ans, de nationalit\u00e9 alg\u00e9rienne et sous obligation de quitter le territoire fran\u00e7ais (OQTF) depuis f\u00e9vrier 2021, a \u00e9t\u00e9 condamn\u00e9 le 20 mai 2025 par le tribunal correctionnel de Saint-Nazaire \u00e0 12 mois de prison, dont six mois ferme, pour des vols ciblant deux personnes \u00e2g\u00e9es. Le [&hellip;]","og_url":"https:\/\/stourm.news\/?p=4192","og_site_name":"STOURM","article_publisher":"https:\/\/www.facebook.com\/stourmnews\/","article_published_time":"2025-05-31T06:07:22+00:00","article_modified_time":"2025-05-31T08:37:47+00:00","author":"La r\u00e9daction","twitter_card":"summary_large_image","twitter_misc":{"\u00c9crit par":"La r\u00e9daction","Dur\u00e9e de lecture estim\u00e9e":"2 minutes"},"schema":{"@context":"https:\/\/schema.org","@graph":[{"@type":"Article","@id":"https:\/\/stourm.news\/?p=4192#article","isPartOf":{"@id":"https:\/\/stourm.news\/?p=4192"},"author":{"name":"La r\u00e9daction","@id":"https:\/\/stourm.news\/#\/schema\/person\/c3e1dc65988632e190969234ef046cf9"},"headline":"Saint-Nazaire (Loire-Atlantique) : un Alg\u00e9rien r\u00e9cidiviste sous OQTF vole deux personnes \u00e2g\u00e9es, dont un homme de 93 ans dans un Ehpad\u2026 reconnu coupable, il ressort libre","datePublished":"2025-05-31T06:07:22+00:00","dateModified":"2025-05-31T08:37:47+00:00","mainEntityOfPage":{"@id":"https:\/\/stourm.news\/?p=4192"},"wordCount":260,"commentCount":0,"publisher":{"@id":"https:\/\/stourm.news\/#organization"},"image":{"@id":"https:\/\/stourm.news\/?p=4192#primaryimage"},"thumbnailUrl":"https:\/\/stourm.news\/wp-content\/uploads\/2025\/05\/MjAyMTA1ZjM4ZmQ1Y2RhMTY5MWI4YzI1NjZlOTJmNTFhMzdmZTI.avif","articleSection":["Agression","Immigration","Loire-Atlantique","Revue de presse"],"inLanguage":"fr-FR","potentialAction":[{"@type":"CommentAction","name":"Comment","target":["https:\/\/stourm.news\/?p=4192#respond"]}]},{"@type":"WebPage","@id":"https:\/\/stourm.news\/?p=4192","url":"https:\/\/stourm.news\/?p=4192","name":"Saint-Nazaire (Loire-Atlantique) : un Alg\u00e9rien r\u00e9cidiviste sous OQTF vole deux personnes \u00e2g\u00e9es, dont un homme de 93 ans dans un Ehpad\u2026 reconnu coupable, il ressort libre - STOURM","isPartOf":{"@id":"https:\/\/stourm.news\/#website"},"primaryImageOfPage":{"@id":"https:\/\/stourm.news\/?p=4192#primaryimage"},"image":{"@id":"https:\/\/stourm.news\/?p=4192#primaryimage"},"thumbnailUrl":"https:\/\/stourm.news\/wp-content\/uploads\/2025\/05\/MjAyMTA1ZjM4ZmQ1Y2RhMTY5MWI4YzI1NjZlOTJmNTFhMzdmZTI.avif","datePublished":"2025-05-31T06:07:22+00:00","dateModified":"2025-05-31T08:37:47+00:00","breadcrumb":{"@id":"https:\/\/stourm.news\/?p=4192#breadcrumb"},"inLanguage":"fr-FR","potentialAction":[{"@type":"ReadAction","target":["https:\/\/stourm.news\/?p=4192"]}]},{"@type":"ImageObject","inLanguage":"fr-FR","@id":"https:\/\/stourm.news\/?p=4192#primaryimage","url":"https:\/\/stourm.news\/wp-content\/uploads\/2025\/05\/MjAyMTA1ZjM4ZmQ1Y2RhMTY5MWI4YzI1NjZlOTJmNTFhMzdmZTI.avif","contentUrl":"https:\/\/stourm.news\/wp-content\/uploads\/2025\/05\/MjAyMTA1ZjM4ZmQ1Y2RhMTY5MWI4YzI1NjZlOTJmNTFhMzdmZTI.avif","width":1260,"height":708},{"@type":"BreadcrumbList","@id":"https:\/\/stourm.news\/?p=4192#breadcrumb","itemListElement":[{"@type":"ListItem","position":1,"name":"Accueil","item":"https:\/\/stourm.news\/"},{"@type":"ListItem","position":2,"name":"Saint-Nazaire (Loire-Atlantique) : un Alg\u00e9rien r\u00e9cidiviste sous OQTF vole deux personnes \u00e2g\u00e9es, dont un homme de 93 ans dans un Ehpad\u2026 reconnu coupable, il ressort libre"}]},{"@type":"WebSite","@id":"https:\/\/stourm.news\/#website","url":"https:\/\/stourm.news\/","name":"Stourm","description":"Kazetenn Strollad Broadel Breizh","publisher":{"@id":"https:\/\/stourm.news\/#organization"},"potentialAction":[{"@type":"SearchAction","target":{"@type":"EntryPoint","urlTemplate":"https:\/\/stourm.news\/?s={search_term_string}"},"query-input":{"@type":"PropertyValueSpecification","valueRequired":true,"valueName":"search_term_string"}}],"inLanguage":"fr-FR"},{"@type":"Organization","@id":"https:\/\/stourm.news\/#organization","name":"Stourm","url":"https:\/\/stourm.news\/","logo":{"@type":"ImageObject","inLanguage":"fr-FR","@id":"https:\/\/stourm.news\/#\/schema\/logo\/image\/","url":"https:\/\/stourm.news\/wp-content\/uploads\/2025\/11\/cropped-Capture-decran-2025-11-28-a-15.19.07.png","contentUrl":"https:\/\/stourm.news\/wp-content\/uploads\/2025\/11\/cropped-Capture-decran-2025-11-28-a-15.19.07.png","width":1855,"height":383,"caption":"Stourm"},"image":{"@id":"https:\/\/stourm.news\/#\/schema\/logo\/image\/"},"sameAs":["https:\/\/www.facebook.com\/stourmnews\/"]},{"@type":"Person","@id":"https:\/\/stourm.news\/#\/schema\/person\/c3e1dc65988632e190969234ef046cf9","name":"La r\u00e9daction","image":{"@type":"ImageObject","inLanguage":"fr-FR","@id":"https:\/\/stourm.news\/#\/schema\/person\/image\/","url":"https:\/\/secure.gravatar.com\/avatar\/7463443f194b6b5fb706b074ca0ef59a0cfcfd720cb47764b0ec5a952ce422b3?s=96&d=mm&r=g","contentUrl":"https:\/\/secure.gravatar.com\/avatar\/7463443f194b6b5fb706b074ca0ef59a0cfcfd720cb47764b0ec5a952ce422b3?s=96&d=mm&r=g","caption":"La r\u00e9daction"},"sameAs":["https:\/\/stourm.news"],"url":"https:\/\/stourm.news\/?author=1"}]}},"_links":{"self":[{"href":"https:\/\/stourm.news\/index.php?rest_route=\/wp\/v2\/posts\/4192","targetHints":{"allow":["GET"]}}],"collection":[{"href":"https:\/\/stourm.news\/index.php?rest_route=\/wp\/v2\/posts"}],"about":[{"href":"https:\/\/stourm.news\/index.php?rest_route=\/wp\/v2\/types\/post"}],"author":[{"embeddable":true,"href":"https:\/\/stourm.news\/index.php?rest_route=\/wp\/v2\/users\/1"}],"replies":[{"embeddable":true,"href":"https:\/\/stourm.news\/index.php?rest_route=%2Fwp%2Fv2%2Fcomments&post=4192"}],"version-history":[{"count":1,"href":"https:\/\/stourm.news\/index.php?rest_route=\/wp\/v2\/posts\/4192\/revisions"}],"predecessor-version":[{"id":4194,"href":"https:\/\/stourm.news\/index.php?rest_route=\/wp\/v2\/posts\/4192\/revisions\/4194"}],"wp:featuredmedia":[{"embeddable":true,"href":"https:\/\/stourm.news\/index.php?rest_route=\/wp\/v2\/media\/4193"}],"wp:attachment":[{"href":"https:\/\/stourm.news\/index.php?rest_route=%2Fwp%2Fv2%2Fmedia&parent=4192"}],"wp:term":[{"taxonomy":"category","embeddable":true,"href":"https:\/\/stourm.news\/index.php?rest_route=%2Fwp%2Fv2%2Fcategories&post=4192"},{"taxonomy":"post_tag","embeddable":true,"href":"https:\/\/stourm.news\/index.php?rest_route=%2Fwp%2Fv2%2Ftags&post=4192"}],"curies":[{"name":"wp","href":"https:\/\/api.w.org\/{rel}","templated":true}]}}