{"id":4195,"date":"2025-05-31T06:55:23","date_gmt":"2025-05-31T06:55:23","guid":{"rendered":"https:\/\/stourm.news\/?p=4195"},"modified":"2025-05-31T06:55:47","modified_gmt":"2025-05-31T06:55:47","slug":"jean-jardin-le-gentilhomme-de-quimper-et-la-defense-heroique-de-nantes-1487","status":"publish","type":"post","link":"https:\/\/stourm.news\/?p=4195","title":{"rendered":"Jean Jardin : le gentilhomme de Quimper et la d\u00e9fense h\u00e9ro\u00efque de Nantes (1487)"},"content":{"rendered":"<p style=\"text-align: justify;\">Durant la guerre d\u2019ind\u00e9pendance bretonne (1487-1491), la Bretagne lutte pour pr\u00e9server son ind\u00e9pendance face \u00e0 l\u2019expansionnisme fran\u00e7ais. En 1487, Nantes, capitale, devient le th\u00e9\u00e2tre d\u2019un si\u00e8ge crucial contre l\u2019arm\u00e9e fran\u00e7aise. Parmi les figures de la r\u00e9sistance bretonne, Jean Jardin, un gentilhomme originaire de Quimper en Cornouaille, joue un r\u00f4le cl\u00e9 dans l\u2019organisation de la d\u00e9fense de la ville.<\/p>\n<p style=\"text-align: justify;\"><strong>La guerre d\u2019ind\u00e9pendance bretonne<\/strong><\/p>\n<p style=\"text-align: justify;\">En 1487, le duch\u00e9 de Bretagne, dirig\u00e9 par le duc Fran\u00e7ois II, est affaibli par des divisions internes et la pression croissante de la France, sous la r\u00e9gence d\u2019Anne de France pour le jeune roi Charles VIII. La guerre d\u2019ind\u00e9pendance bretonne, int\u00e9gr\u00e9e \u00e0 la guerre folle (1485-1488), oppose le duch\u00e9 \u00e0 la couronne fran\u00e7aise, qui cherche \u00e0 annexer la Bretagne pour consolider son pouvoir. Le trait\u00e9 de Gu\u00e9rande (1365) n\u2019a pas r\u00e9solu les rivalit\u00e9s successorales entre les Montfort et les Penthi\u00e8vre, et l\u2019absence d\u2019h\u00e9ritier m\u00e2le pour Fran\u00e7ois II place sa fille, Anne de Bretagne, au centre des enjeux dynastiques.<\/p>\n<p><img fetchpriority=\"high\" decoding=\"async\" class=\"alignnone size-medium\" src=\"https:\/\/image.over-blog.com\/Uk0DEefv_eGzCGa7vSgZG2jPR04=\/filters:no_upscale()\/image%2F0569187%2F20220809%2Fob_b04862_img-1156.JPG\" width=\"1600\" height=\"1200\" \/><\/p>\n<p style=\"text-align: justify;\">L\u2019ann\u00e9e 1487 marque un tournant. Les Fran\u00e7ais, avec une arm\u00e9e de 15 000 hommes, prennent plusieurs places fortes bretonnes : Ancenis, Ch\u00e2teaubriant, La Guerche, et Redon. Plo\u00ebrmel tombe le 1er juin apr\u00e8s un bombardement intense. Fran\u00e7ois II, contraint de fuir Vannes, se replie sur Nantes, o\u00f9 il organise la r\u00e9sistance. Les tensions internes, notamment entre le mar\u00e9chal Jean IV de Rieux (tuteur d\u2019Anne) et le vicomte Jean de Rohan, fragilisent les Bretons, mais des nobles locaux, comme Jean Jardin de Quimper, mobilisent leurs ressources pour d\u00e9fendre la capitale ducale.<\/p>\n<p style=\"text-align: justify;\"><strong>Nantes en 1487 : une forteresse capitale<\/strong><\/p>\n<p style=\"text-align: justify;\">Nantes (Naoned), situ\u00e9e sur la Loire, est la capitale politique et symbolique du duch\u00e9. Avec environ 15 000 habitants, elle est un centre administratif, commercial, militaire, et r\u00e9sidence du duc. Sa position strat\u00e9gique sur la Loire en fait une cible prioritaire pour les Fran\u00e7ais, mais aussi un bastion d\u00e9fensif gr\u00e2ce \u00e0 ses fortifications.<\/p>\n<p><img decoding=\"async\" class=\"alignnone size-medium\" src=\"https:\/\/patrimonia.nantes.fr\/media\/9bb262f8-debd-47e3-b6da-f65d926497a0\/picture:views\/5\/content\/grandFormat_Nantes-finXVe-2020-v1-PDF%20light.jpg\" width=\"1700\" height=\"1202\" \/><\/p>\n<p style=\"text-align: center;\"><em>Naoned au 15e si\u00e8cle<\/em><\/p>\n<p style=\"text-align: justify;\">Les murailles de Nantes, renforc\u00e9es au XVe si\u00e8cle, entourent la ville avec des portes fortifi\u00e9es, comme la porte Saint-Pierre et la porte Sauvetout. Le ch\u00e2teau ducal, situ\u00e9 au sud-est, est une forteresse imposante avec des tours (dont la tour de la Couronne d\u2019Or) \u00e9quip\u00e9es pour l\u2019artillerie. Les foss\u00e9s et la Loire offrent une barri\u00e8re naturelle au sud.<\/p>\n<p style=\"text-align: justify;\">La ville dispose de r\u00e9serves de vivres, d\u2019armes, et d\u2019une garnison compos\u00e9e de lances bretonnes, de milices paysannes, et de mercenaires anglais et allemands. Les habitants, fid\u00e8les au duch\u00e9, soutiennent la d\u00e9fense.<\/p>\n<p style=\"text-align: justify;\">Les routes au nord (Vannes, Rennes) et \u00e0 l\u2019est (Paris) sont des acc\u00e8s vuln\u00e9rables, n\u00e9cessitant une surveillance renforc\u00e9e.<\/p>\n<p style=\"text-align: justify;\"><strong>Jean Jardin : un gentilhomme de Kemper dans la r\u00e9sistance<\/strong><\/p>\n<p style=\"text-align: justify;\">Jean Jardin, originaire de Kemper, est un gentilhomme breton, probablement un chevalier ou \u00e9cuyer li\u00e9 \u00e0 une famille noble de Cornouaille. Les sources, telles que les archives de la Soci\u00e9t\u00e9 arch\u00e9ologique du Finist\u00e8re, ne d\u00e9taillent pas son ascendance exacte ni son titre pr\u00e9cis, mais son r\u00f4le dans la d\u00e9fense de Nantes est \u00e9voqu\u00e9 dans le contexte de la mobilisation des nobles cornouaillais. Kemper, capitale de la Cornouaille, est un centre strat\u00e9gique pour l\u2019acheminement de renforts et de provisions, et Jardin aurait \u00e9t\u00e9 un acteur cl\u00e9 dans ces efforts.<\/p>\n<p><img decoding=\"async\" class=\"alignnone size-medium\" src=\"https:\/\/rbkistorbzh.wordpress.com\/wp-content\/uploads\/2021\/05\/1.-section-boulevard-de-kerguelen-1.jpg?w=1154\" width=\"1154\" height=\"847\" \/><\/p>\n<p style=\"text-align: center;\"><em>Remparts m\u00e9di\u00e9vaux de Kemper<\/em><\/p>\n<p style=\"text-align: justify;\">Jardin aurait coordonn\u00e9 l\u2019envoi de renforts depuis la Cornouaille (milices, archers, vivres) via la rivi\u00e8re Odet et les ports de Konk Kerne (Concarneau) et Kemper (Quimper). Il aurait \u00e9galement particip\u00e9 \u00e0 la planification tactique, notamment pour prot\u00e9ger les acc\u00e8s nord de Naoned (Nantes).<\/p>\n<p style=\"text-align: justify;\"><strong>Organisation des d\u00e9fenses de Naoned (Nantes)<\/strong><\/p>\n<p style=\"text-align: justify;\">La d\u00e9fense de Naoned (Nantes) est orchestr\u00e9e par Fran\u00e7ois II et le mar\u00e9chal Jean IV de Rieux, mais des nobles locaux, comme Jean Jardin, jouent un r\u00f4le crucial dans la logistique et la mobilisation.<\/p>\n<p style=\"text-align: justify;\">Les murailles sont consolid\u00e9es avec des barricades et des postes d\u2019artillerie. Les portes Saint-Pierre et Sauvetout sont surveill\u00e9es par des archers et des milices.<\/p>\n<p><img loading=\"lazy\" decoding=\"async\" class=\"alignnone size-medium\" src=\"https:\/\/theatrum-belli.com\/wp-content\/uploads\/2019\/12\/Condottieres-au-14e-s..jpg\" width=\"1523\" height=\"1068\" \/><\/p>\n<p style=\"text-align: center;\"><em>Soldats, 15e si\u00e8cle<\/em><\/p>\n<p style=\"text-align: justify;\">Apr\u00e8s la chute de Plo\u00ebrmel, l\u2019arm\u00e9e bretonne est r\u00e9duite \u00e0 environ 4 000 hommes, incluant des lances nobles, des paysans arm\u00e9s, et des mercenaires. Jean Jardin aurait mobilis\u00e9 des milices cornouaillaises, estim\u00e9es \u00e0 plusieurs centaines d\u2019hommes, pour renforcer la garnison.<\/p>\n<p style=\"text-align: justify;\">Les ports de Cornouaille (Konk Kerne, Benoded) acheminent des vivres par la Loire, brisant partiellement le blocus fran\u00e7ais. Jardin, depuis Kemper, aurait supervis\u00e9 ces convois, essentiels pour \u00e9viter la famine.<\/p>\n<p style=\"text-align: justify;\">Le mar\u00e9chal de Rieux dirige les op\u00e9rations, mais des gentilshommes comme Jardin g\u00e8rent des secteurs sp\u00e9cifiques, comme les routes nord ou les positions sur la Loire.<\/p>\n<p style=\"text-align: justify;\"><strong>D\u00e9roulement du si\u00e8ge de Naoned (19 juin &#8211; 6 ao\u00fbt 1487)<\/strong><\/p>\n<p style=\"text-align: justify;\">Le si\u00e8ge de Naoned (Nantes) d\u00e9bute le 19 juin 1487, lorsque l\u2019arm\u00e9e fran\u00e7aise, command\u00e9e par Louis de La Tr\u00e9moille, encercle la ville avec 15 000 hommes. Voici le d\u00e9roulement d\u00e9taill\u00e9 :<\/p>\n<ul>\n<li style=\"text-align: justify;\">Phase initiale (19-30 juin) : Les Fran\u00e7ais installent des batteries d\u2019artillerie face aux murailles nord et est, bombardant les remparts. Les Bretons ripostent avec des canons depuis le ch\u00e2teau et les tours, tandis que les milices, soutenues par des nobles comme Jean Jardin, d\u00e9fendent les portes. Les habitants participent, renfor\u00e7ant l\u2019unit\u00e9 bretonne.<\/li>\n<li style=\"text-align: justify;\">Renforts cornouaillais (juillet) : Jean Jardin, depuis Kemper (Quimper), organise l\u2019envoi de vivres et de troupes via la Loire et les routes c\u00f4ti\u00e8res. Ces renforts, combin\u00e9s \u00e0 ceux du L\u00e9on, affaiblissent le blocus fran\u00e7ais, permettant \u00e0 Naoned (Nantes) de tenir. Les milices cornouaillaises, arm\u00e9es d\u2019arcs et de lances, renforcent les positions nord.<\/li>\n<li style=\"text-align: justify;\">R\u00e9sistance acharn\u00e9e : Les Bretons effectuent des sorties tactiques pour harceler les lignes fran\u00e7aises, tandis que l\u2019artillerie du ch\u00e2teau inflige des pertes. La fid\u00e9lit\u00e9 des Nantais et l\u2019arriv\u00e9e de mercenaires anglais galvanisent la d\u00e9fense.<\/li>\n<li style=\"text-align: justify;\">Lev\u00e9e du si\u00e8ge (6 ao\u00fbt) : \u00c9puis\u00e9s par les pertes, les difficult\u00e9s logistiques, et la r\u00e9sistance bretonne, les Fran\u00e7ais l\u00e8vent le si\u00e8ge le 6 ao\u00fbt 1487. La victoire bretonne, \u00e0 laquelle Jean Jardin contribue par ses efforts logistiques, retarde l\u2019annexion fran\u00e7aise.<\/li>\n<\/ul>\n<p style=\"text-align: justify;\"><strong>Cons\u00e9quences et h\u00e9ritage<\/strong><\/p>\n<p style=\"text-align: justify;\">La d\u00e9fense r\u00e9ussie de Nantes en 1487 est une victoire temporaire pour la Bretagne. La bataille de Saint-Aubin-du-Cormier (28 juillet 1488) marque une d\u00e9faite d\u00e9cisive, avec 5 000 \u00e0 6 000 Bretons tu\u00e9s contre 1 500 Fran\u00e7ais.<\/p>\n<p style=\"text-align: justify;\">Jean Jardin, en tant que gentilhomme de Quimper, symbolise l\u2019engagement des nobles cornouaillais dans la r\u00e9sistance bretonne. Bien que les sources ne d\u00e9taillent pas ses actions post-1487, son r\u00f4le dans la mobilisation des renforts et la coordination logistique depuis Kemper a contribu\u00e9 \u00e0 la survie de Naoned (Nantes) face au si\u00e8ge.<\/p>\n<p style=\"text-align: justify;\"><strong>Sources<\/strong><\/p>\n<ul>\n<li style=\"text-align: justify;\">Wikip\u00e9dia, Guerre de Bretagne et French\u2013Breton War (articles en fran\u00e7ais et anglais, consult\u00e9s pour le contexte g\u00e9n\u00e9ral).<\/li>\n<li style=\"text-align: justify;\">Soci\u00e9t\u00e9 arch\u00e9ologique du Finist\u00e8re, archives sur les seigneuries d\u2019Elliant et Quimper (mentions des familles nobles cornouaillaises).<\/li>\n<li style=\"text-align: justify;\">Dominique Le Page &amp; Michel Nassiet, L\u2019Union de la Bretagne \u00e0 la France, Skol Vreizh, 2003 (d\u00e9tails sur la guerre et les nobles bretons).<\/li>\n<li style=\"text-align: justify;\">Ren\u00e9 Cintr\u00e9, Les marches de Bretagne au Moyen \u00c2ge, 1992 (analyse des fortifications et des si\u00e8ges).<\/li>\n<li style=\"text-align: justify;\">Jean Kerherv\u00e9, L\u2019\u00c9tat breton aux 14e et 15e si\u00e8cles, 1987 (sur les structures f\u00e9odales et militaires).<\/li>\n<\/ul>\n","protected":false},"excerpt":{"rendered":"<p>Durant la guerre d\u2019ind\u00e9pendance bretonne (1487-1491), la Bretagne lutte pour pr\u00e9server son ind\u00e9pendance face \u00e0 l\u2019expansionnisme fran\u00e7ais. En 1487, Nantes, capitale, devient le th\u00e9\u00e2tre d\u2019un si\u00e8ge crucial contre l\u2019arm\u00e9e fran\u00e7aise. Parmi les figures de la r\u00e9sistance bretonne, Jean Jardin, un gentilhomme originaire de Quimper en Cornouaille, joue un r\u00f4le cl\u00e9 dans l\u2019organisation de la d\u00e9fense [&hellip;]<\/p>\n","protected":false},"author":1,"featured_media":4196,"comment_status":"open","ping_status":"open","sticky":false,"template":"","format":"standard","meta":{"sb_editor_width":"","footnotes":""},"categories":[50,65],"tags":[],"class_list":["post-4195","post","type-post","status-publish","format-standard","has-post-thumbnail","hentry","category-histoire-de-bretagne","category-principale"],"relative_dates":{"created":"11 mois ago","modified":"11 mois ago"},"yoast_head":"<!-- This site is optimized with the Yoast SEO plugin v26.3 - https:\/\/yoast.com\/wordpress\/plugins\/seo\/ -->\n<title>Jean Jardin : le gentilhomme de Quimper et la d\u00e9fense h\u00e9ro\u00efque de Nantes (1487) - STOURM<\/title>\n<meta name=\"robots\" content=\"index, follow, max-snippet:-1, max-image-preview:large, max-video-preview:-1\" \/>\n<link rel=\"canonical\" href=\"https:\/\/stourm.news\/?p=4195\" \/>\n<meta property=\"og:locale\" content=\"fr_FR\" \/>\n<meta property=\"og:type\" content=\"article\" \/>\n<meta property=\"og:title\" content=\"Jean Jardin : le gentilhomme de Quimper et la d\u00e9fense h\u00e9ro\u00efque de Nantes (1487) - STOURM\" \/>\n<meta property=\"og:description\" content=\"Durant la guerre d\u2019ind\u00e9pendance bretonne (1487-1491), la Bretagne lutte pour pr\u00e9server son ind\u00e9pendance face \u00e0 l\u2019expansionnisme fran\u00e7ais. En 1487, Nantes, capitale, devient le th\u00e9\u00e2tre d\u2019un si\u00e8ge crucial contre l\u2019arm\u00e9e fran\u00e7aise. Parmi les figures de la r\u00e9sistance bretonne, Jean Jardin, un gentilhomme originaire de Quimper en Cornouaille, joue un r\u00f4le cl\u00e9 dans l\u2019organisation de la d\u00e9fense [&hellip;]\" \/>\n<meta property=\"og:url\" content=\"https:\/\/stourm.news\/?p=4195\" \/>\n<meta property=\"og:site_name\" content=\"STOURM\" \/>\n<meta property=\"article:publisher\" content=\"https:\/\/www.facebook.com\/stourmnews\/\" \/>\n<meta property=\"article:published_time\" content=\"2025-05-31T06:55:23+00:00\" \/>\n<meta property=\"article:modified_time\" content=\"2025-05-31T06:55:47+00:00\" \/>\n<meta property=\"og:image\" content=\"https:\/\/stourm.news\/wp-content\/uploads\/2025\/05\/a_burning_castle.jpg\" \/>\n\t<meta property=\"og:image:width\" content=\"1920\" \/>\n\t<meta property=\"og:image:height\" content=\"1080\" \/>\n\t<meta property=\"og:image:type\" content=\"image\/jpeg\" \/>\n<meta name=\"author\" content=\"La r\u00e9daction\" \/>\n<meta name=\"twitter:card\" content=\"summary_large_image\" \/>\n<meta name=\"twitter:label1\" content=\"\u00c9crit par\" \/>\n\t<meta name=\"twitter:data1\" content=\"La r\u00e9daction\" \/>\n\t<meta name=\"twitter:label2\" content=\"Dur\u00e9e de lecture estim\u00e9e\" \/>\n\t<meta name=\"twitter:data2\" content=\"7 minutes\" \/>\n<script type=\"application\/ld+json\" class=\"yoast-schema-graph\">{\"@context\":\"https:\/\/schema.org\",\"@graph\":[{\"@type\":\"Article\",\"@id\":\"https:\/\/stourm.news\/?p=4195#article\",\"isPartOf\":{\"@id\":\"https:\/\/stourm.news\/?p=4195\"},\"author\":{\"name\":\"La r\u00e9daction\",\"@id\":\"https:\/\/stourm.news\/#\/schema\/person\/c3e1dc65988632e190969234ef046cf9\"},\"headline\":\"Jean Jardin : le gentilhomme de Quimper et la d\u00e9fense h\u00e9ro\u00efque de Nantes (1487)\",\"datePublished\":\"2025-05-31T06:55:23+00:00\",\"dateModified\":\"2025-05-31T06:55:47+00:00\",\"mainEntityOfPage\":{\"@id\":\"https:\/\/stourm.news\/?p=4195\"},\"wordCount\":1279,\"commentCount\":0,\"publisher\":{\"@id\":\"https:\/\/stourm.news\/#organization\"},\"image\":{\"@id\":\"https:\/\/stourm.news\/?p=4195#primaryimage\"},\"thumbnailUrl\":\"https:\/\/stourm.news\/wp-content\/uploads\/2025\/05\/a_burning_castle.jpg\",\"articleSection\":[\"Histoire de Bretagne\",\"Principale\"],\"inLanguage\":\"fr-FR\",\"potentialAction\":[{\"@type\":\"CommentAction\",\"name\":\"Comment\",\"target\":[\"https:\/\/stourm.news\/?p=4195#respond\"]}]},{\"@type\":\"WebPage\",\"@id\":\"https:\/\/stourm.news\/?p=4195\",\"url\":\"https:\/\/stourm.news\/?p=4195\",\"name\":\"Jean Jardin : le gentilhomme de Quimper et la d\u00e9fense h\u00e9ro\u00efque de Nantes (1487) - STOURM\",\"isPartOf\":{\"@id\":\"https:\/\/stourm.news\/#website\"},\"primaryImageOfPage\":{\"@id\":\"https:\/\/stourm.news\/?p=4195#primaryimage\"},\"image\":{\"@id\":\"https:\/\/stourm.news\/?p=4195#primaryimage\"},\"thumbnailUrl\":\"https:\/\/stourm.news\/wp-content\/uploads\/2025\/05\/a_burning_castle.jpg\",\"datePublished\":\"2025-05-31T06:55:23+00:00\",\"dateModified\":\"2025-05-31T06:55:47+00:00\",\"breadcrumb\":{\"@id\":\"https:\/\/stourm.news\/?p=4195#breadcrumb\"},\"inLanguage\":\"fr-FR\",\"potentialAction\":[{\"@type\":\"ReadAction\",\"target\":[\"https:\/\/stourm.news\/?p=4195\"]}]},{\"@type\":\"ImageObject\",\"inLanguage\":\"fr-FR\",\"@id\":\"https:\/\/stourm.news\/?p=4195#primaryimage\",\"url\":\"https:\/\/stourm.news\/wp-content\/uploads\/2025\/05\/a_burning_castle.jpg\",\"contentUrl\":\"https:\/\/stourm.news\/wp-content\/uploads\/2025\/05\/a_burning_castle.jpg\",\"width\":1920,\"height\":1080},{\"@type\":\"BreadcrumbList\",\"@id\":\"https:\/\/stourm.news\/?p=4195#breadcrumb\",\"itemListElement\":[{\"@type\":\"ListItem\",\"position\":1,\"name\":\"Accueil\",\"item\":\"https:\/\/stourm.news\/\"},{\"@type\":\"ListItem\",\"position\":2,\"name\":\"Jean Jardin : le gentilhomme de Quimper et la d\u00e9fense h\u00e9ro\u00efque de Nantes (1487)\"}]},{\"@type\":\"WebSite\",\"@id\":\"https:\/\/stourm.news\/#website\",\"url\":\"https:\/\/stourm.news\/\",\"name\":\"Stourm\",\"description\":\"Kazetenn Strollad Broadel Breizh\",\"publisher\":{\"@id\":\"https:\/\/stourm.news\/#organization\"},\"potentialAction\":[{\"@type\":\"SearchAction\",\"target\":{\"@type\":\"EntryPoint\",\"urlTemplate\":\"https:\/\/stourm.news\/?s={search_term_string}\"},\"query-input\":{\"@type\":\"PropertyValueSpecification\",\"valueRequired\":true,\"valueName\":\"search_term_string\"}}],\"inLanguage\":\"fr-FR\"},{\"@type\":\"Organization\",\"@id\":\"https:\/\/stourm.news\/#organization\",\"name\":\"Stourm\",\"url\":\"https:\/\/stourm.news\/\",\"logo\":{\"@type\":\"ImageObject\",\"inLanguage\":\"fr-FR\",\"@id\":\"https:\/\/stourm.news\/#\/schema\/logo\/image\/\",\"url\":\"https:\/\/stourm.news\/wp-content\/uploads\/2025\/11\/cropped-Capture-decran-2025-11-28-a-15.19.07.png\",\"contentUrl\":\"https:\/\/stourm.news\/wp-content\/uploads\/2025\/11\/cropped-Capture-decran-2025-11-28-a-15.19.07.png\",\"width\":1855,\"height\":383,\"caption\":\"Stourm\"},\"image\":{\"@id\":\"https:\/\/stourm.news\/#\/schema\/logo\/image\/\"},\"sameAs\":[\"https:\/\/www.facebook.com\/stourmnews\/\"]},{\"@type\":\"Person\",\"@id\":\"https:\/\/stourm.news\/#\/schema\/person\/c3e1dc65988632e190969234ef046cf9\",\"name\":\"La r\u00e9daction\",\"image\":{\"@type\":\"ImageObject\",\"inLanguage\":\"fr-FR\",\"@id\":\"https:\/\/stourm.news\/#\/schema\/person\/image\/\",\"url\":\"https:\/\/secure.gravatar.com\/avatar\/7463443f194b6b5fb706b074ca0ef59a0cfcfd720cb47764b0ec5a952ce422b3?s=96&d=mm&r=g\",\"contentUrl\":\"https:\/\/secure.gravatar.com\/avatar\/7463443f194b6b5fb706b074ca0ef59a0cfcfd720cb47764b0ec5a952ce422b3?s=96&d=mm&r=g\",\"caption\":\"La r\u00e9daction\"},\"sameAs\":[\"https:\/\/stourm.news\"],\"url\":\"https:\/\/stourm.news\/?author=1\"}]}<\/script>\n<!-- \/ Yoast SEO plugin. -->","yoast_head_json":{"title":"Jean Jardin : le gentilhomme de Quimper et la d\u00e9fense h\u00e9ro\u00efque de Nantes (1487) - STOURM","robots":{"index":"index","follow":"follow","max-snippet":"max-snippet:-1","max-image-preview":"max-image-preview:large","max-video-preview":"max-video-preview:-1"},"canonical":"https:\/\/stourm.news\/?p=4195","og_locale":"fr_FR","og_type":"article","og_title":"Jean Jardin : le gentilhomme de Quimper et la d\u00e9fense h\u00e9ro\u00efque de Nantes (1487) - STOURM","og_description":"Durant la guerre d\u2019ind\u00e9pendance bretonne (1487-1491), la Bretagne lutte pour pr\u00e9server son ind\u00e9pendance face \u00e0 l\u2019expansionnisme fran\u00e7ais. En 1487, Nantes, capitale, devient le th\u00e9\u00e2tre d\u2019un si\u00e8ge crucial contre l\u2019arm\u00e9e fran\u00e7aise. Parmi les figures de la r\u00e9sistance bretonne, Jean Jardin, un gentilhomme originaire de Quimper en Cornouaille, joue un r\u00f4le cl\u00e9 dans l\u2019organisation de la d\u00e9fense [&hellip;]","og_url":"https:\/\/stourm.news\/?p=4195","og_site_name":"STOURM","article_publisher":"https:\/\/www.facebook.com\/stourmnews\/","article_published_time":"2025-05-31T06:55:23+00:00","article_modified_time":"2025-05-31T06:55:47+00:00","og_image":[{"width":1920,"height":1080,"url":"https:\/\/stourm.news\/wp-content\/uploads\/2025\/05\/a_burning_castle.jpg","type":"image\/jpeg"}],"author":"La r\u00e9daction","twitter_card":"summary_large_image","twitter_misc":{"\u00c9crit par":"La r\u00e9daction","Dur\u00e9e de lecture estim\u00e9e":"7 minutes"},"schema":{"@context":"https:\/\/schema.org","@graph":[{"@type":"Article","@id":"https:\/\/stourm.news\/?p=4195#article","isPartOf":{"@id":"https:\/\/stourm.news\/?p=4195"},"author":{"name":"La r\u00e9daction","@id":"https:\/\/stourm.news\/#\/schema\/person\/c3e1dc65988632e190969234ef046cf9"},"headline":"Jean Jardin : le gentilhomme de Quimper et la d\u00e9fense h\u00e9ro\u00efque de Nantes (1487)","datePublished":"2025-05-31T06:55:23+00:00","dateModified":"2025-05-31T06:55:47+00:00","mainEntityOfPage":{"@id":"https:\/\/stourm.news\/?p=4195"},"wordCount":1279,"commentCount":0,"publisher":{"@id":"https:\/\/stourm.news\/#organization"},"image":{"@id":"https:\/\/stourm.news\/?p=4195#primaryimage"},"thumbnailUrl":"https:\/\/stourm.news\/wp-content\/uploads\/2025\/05\/a_burning_castle.jpg","articleSection":["Histoire de Bretagne","Principale"],"inLanguage":"fr-FR","potentialAction":[{"@type":"CommentAction","name":"Comment","target":["https:\/\/stourm.news\/?p=4195#respond"]}]},{"@type":"WebPage","@id":"https:\/\/stourm.news\/?p=4195","url":"https:\/\/stourm.news\/?p=4195","name":"Jean Jardin : le gentilhomme de Quimper et la d\u00e9fense h\u00e9ro\u00efque de Nantes (1487) - STOURM","isPartOf":{"@id":"https:\/\/stourm.news\/#website"},"primaryImageOfPage":{"@id":"https:\/\/stourm.news\/?p=4195#primaryimage"},"image":{"@id":"https:\/\/stourm.news\/?p=4195#primaryimage"},"thumbnailUrl":"https:\/\/stourm.news\/wp-content\/uploads\/2025\/05\/a_burning_castle.jpg","datePublished":"2025-05-31T06:55:23+00:00","dateModified":"2025-05-31T06:55:47+00:00","breadcrumb":{"@id":"https:\/\/stourm.news\/?p=4195#breadcrumb"},"inLanguage":"fr-FR","potentialAction":[{"@type":"ReadAction","target":["https:\/\/stourm.news\/?p=4195"]}]},{"@type":"ImageObject","inLanguage":"fr-FR","@id":"https:\/\/stourm.news\/?p=4195#primaryimage","url":"https:\/\/stourm.news\/wp-content\/uploads\/2025\/05\/a_burning_castle.jpg","contentUrl":"https:\/\/stourm.news\/wp-content\/uploads\/2025\/05\/a_burning_castle.jpg","width":1920,"height":1080},{"@type":"BreadcrumbList","@id":"https:\/\/stourm.news\/?p=4195#breadcrumb","itemListElement":[{"@type":"ListItem","position":1,"name":"Accueil","item":"https:\/\/stourm.news\/"},{"@type":"ListItem","position":2,"name":"Jean Jardin : le gentilhomme de Quimper et la d\u00e9fense h\u00e9ro\u00efque de Nantes (1487)"}]},{"@type":"WebSite","@id":"https:\/\/stourm.news\/#website","url":"https:\/\/stourm.news\/","name":"Stourm","description":"Kazetenn Strollad Broadel Breizh","publisher":{"@id":"https:\/\/stourm.news\/#organization"},"potentialAction":[{"@type":"SearchAction","target":{"@type":"EntryPoint","urlTemplate":"https:\/\/stourm.news\/?s={search_term_string}"},"query-input":{"@type":"PropertyValueSpecification","valueRequired":true,"valueName":"search_term_string"}}],"inLanguage":"fr-FR"},{"@type":"Organization","@id":"https:\/\/stourm.news\/#organization","name":"Stourm","url":"https:\/\/stourm.news\/","logo":{"@type":"ImageObject","inLanguage":"fr-FR","@id":"https:\/\/stourm.news\/#\/schema\/logo\/image\/","url":"https:\/\/stourm.news\/wp-content\/uploads\/2025\/11\/cropped-Capture-decran-2025-11-28-a-15.19.07.png","contentUrl":"https:\/\/stourm.news\/wp-content\/uploads\/2025\/11\/cropped-Capture-decran-2025-11-28-a-15.19.07.png","width":1855,"height":383,"caption":"Stourm"},"image":{"@id":"https:\/\/stourm.news\/#\/schema\/logo\/image\/"},"sameAs":["https:\/\/www.facebook.com\/stourmnews\/"]},{"@type":"Person","@id":"https:\/\/stourm.news\/#\/schema\/person\/c3e1dc65988632e190969234ef046cf9","name":"La r\u00e9daction","image":{"@type":"ImageObject","inLanguage":"fr-FR","@id":"https:\/\/stourm.news\/#\/schema\/person\/image\/","url":"https:\/\/secure.gravatar.com\/avatar\/7463443f194b6b5fb706b074ca0ef59a0cfcfd720cb47764b0ec5a952ce422b3?s=96&d=mm&r=g","contentUrl":"https:\/\/secure.gravatar.com\/avatar\/7463443f194b6b5fb706b074ca0ef59a0cfcfd720cb47764b0ec5a952ce422b3?s=96&d=mm&r=g","caption":"La r\u00e9daction"},"sameAs":["https:\/\/stourm.news"],"url":"https:\/\/stourm.news\/?author=1"}]}},"_links":{"self":[{"href":"https:\/\/stourm.news\/index.php?rest_route=\/wp\/v2\/posts\/4195","targetHints":{"allow":["GET"]}}],"collection":[{"href":"https:\/\/stourm.news\/index.php?rest_route=\/wp\/v2\/posts"}],"about":[{"href":"https:\/\/stourm.news\/index.php?rest_route=\/wp\/v2\/types\/post"}],"author":[{"embeddable":true,"href":"https:\/\/stourm.news\/index.php?rest_route=\/wp\/v2\/users\/1"}],"replies":[{"embeddable":true,"href":"https:\/\/stourm.news\/index.php?rest_route=%2Fwp%2Fv2%2Fcomments&post=4195"}],"version-history":[{"count":1,"href":"https:\/\/stourm.news\/index.php?rest_route=\/wp\/v2\/posts\/4195\/revisions"}],"predecessor-version":[{"id":4197,"href":"https:\/\/stourm.news\/index.php?rest_route=\/wp\/v2\/posts\/4195\/revisions\/4197"}],"wp:featuredmedia":[{"embeddable":true,"href":"https:\/\/stourm.news\/index.php?rest_route=\/wp\/v2\/media\/4196"}],"wp:attachment":[{"href":"https:\/\/stourm.news\/index.php?rest_route=%2Fwp%2Fv2%2Fmedia&parent=4195"}],"wp:term":[{"taxonomy":"category","embeddable":true,"href":"https:\/\/stourm.news\/index.php?rest_route=%2Fwp%2Fv2%2Fcategories&post=4195"},{"taxonomy":"post_tag","embeddable":true,"href":"https:\/\/stourm.news\/index.php?rest_route=%2Fwp%2Fv2%2Ftags&post=4195"}],"curies":[{"name":"wp","href":"https:\/\/api.w.org\/{rel}","templated":true}]}}